{"id":49101,"date":"2018-11-21T22:20:12","date_gmt":"2018-11-22T05:20:12","guid":{"rendered":"http:\/\/www.sonoraenequipo.com.mx\/?p=49101"},"modified":"2018-11-21T22:57:20","modified_gmt":"2018-11-22T05:57:20","slug":"se-instalan-comisiones-de-la-ninez-agua-y-genero","status":"publish","type":"post","link":"https:\/\/www.sonoraenequipo.com.mx\/se-instalan-comisiones-de-la-ninez-agua-y-genero\/","title":{"rendered":"Se instalan comisiones de la ni\u00f1ez, agua y g\u00e9nero"},"content":{"rendered":"<p>HERMOSILLO, SONORA. MX. \u2014 Este d\u00eda se instalaron las Comisiones de los Derechos de la Ni\u00f1ez, la Adolescencia y la Juventud; del Agua; y, para la Igualdad de G\u00e9nero, que son presididas Francisco Javier Duarte Flores, Miguel \u00c1ngel Chaira Ortiz y Mar\u00eda Alicia Gayt\u00e1n S\u00e1nchez, respectivamente. <\/p>\n<p>En las comisiones dictaminadoras se distribuyeron los asuntos turnados para su estudio y dictamen y cada uno de los presidentes invitaron a sus compa\u00f1eros a trabajar en equipo para la revisi\u00f3n y en su caso dictaminaci\u00f3n que corresponda.<\/p>\n<p>Al instalar los trabajos, el diputado Francisco Javier Duarte Flores, presidente de la Comisi\u00f3n de los Derechos de la Ni\u00f1ez, la Adolescencia y la Juventud, destac\u00f3 que se busca trabajar por mejorar las normas legales enfocadas en la cultura de la prevenci\u00f3n en favor de las nuevas generaciones.<\/p>\n<p><em>\u201cHizo un llamado para hacer conciencia de que la parte sustancial de toda sociedad en desarrollo es la educaci\u00f3n y el fortalecimiento de los valores familiares desde el hogar\u201d<\/em>, extern\u00f3.<\/p>\n<p>En la reuni\u00f3n, los diputados Miroslava Luj\u00e1n L\u00f3pez, Gricelda Lorena Soto Almada, Marcia Lorena Camarena Moncada y Rosa Mar\u00eda Mancha Ornelas, secretarios de la comisi\u00f3n, mostraron su inter\u00e9s por impulsar pol\u00edticas p\u00fablicas en materia de prevenci\u00f3n y acciones que apoyen el sano desarrollo de ni\u00f1as, ni\u00f1os, adolescentes y j\u00f3venes que representan el futuro del pa\u00eds.<\/p>\n<p>Enseguida el diputado Miguel \u00c1ngel Chaira Ortiz, presidente de la Comisi\u00f3n del Agua, anunci\u00f3 la realizaci\u00f3n de un foro de consulta el pr\u00f3ximo 23 del presente mes para analizar respecto al uso y distribuci\u00f3n del agua en la entidad.<\/p>\n<p>El diputado Chaira Ortiz expres\u00f3 que se tiene una responsabilidad para legislar respecto al cuidado del vital l\u00edquido desde que se origina, as\u00ed como su uso y su debido tratamiento en sus diversos usos.<\/p>\n<p><em>\u201cImpulsaremos la consulta como instrumento de medici\u00f3n respecto de las problem\u00e1ticas, demandas, necesidades a reformar o crear las leyes de Sonora, as\u00ed como lo relacionado a los recursos e infraestructura hidr\u00e1ulica, como elemento indispensable para el desarrollo integral y sustentable en la entidad\u201d<\/em>, manifest\u00f3.<\/p>\n<p>En la reuni\u00f3n, los diputados secretarios de la comisi\u00f3n, Norberto Ortega Torres, Marcia Lorena Camarena Moncada, Miroslava Luj\u00e1n L\u00f3pez, Luis Mario Rivera Aguilar, Ferm\u00edn Trujillo Fuentes, L\u00e1zaro Espinoza Mend\u00edvil y Rosa Mar\u00eda Mancha Ornelas manifestaron la importancia de modificar la legislaci\u00f3n para que la educaci\u00f3n, la equidad, las alternativas, la planeaci\u00f3n y el equilibrio, entre otras acciones se deber\u00e1n de fortalecer para el cuidado del vital l\u00edquido.<\/p>\n<p>A la reuni\u00f3n asistieron Isidro Amavizca, representante del Ejido Villa de Seris; Lucas Oroz, director t\u00e9cnico de la Comisi\u00f3n Nacional del Agua; Julio Araiza Castro, director de Recaudaci\u00f3n y Fiscalizaci\u00f3n de Cuenca Noroeste; Ren\u00e9 Noriega y Benjam\u00edn Soto Beltr\u00e1n, representantes de la Organizaci\u00f3n Fuerza 72, A. C.<\/p>\n<p>Tambi\u00e9n Antonio Vidales, representante de la Organizaci\u00f3n Protector Humanitaria de Infraestructura S.C; Sergio \u00c1vila Cece\u00f1a, vocal de la Conagua; Ignacio Peinado Luna, representante de la Uni\u00f3n de Usuarios en Hermosillo; Daniel Ibarra, delegado de Sagarpa; Carlos Tirado, representante de Agua de Hermosillo; alumnos y docentes de la Universidad de Sonora.<\/p>\n<p>Posteriormente, la diputada Mar\u00eda Alicia Gayt\u00e1n, presidenta de la Comisi\u00f3n para la Igualdad de G\u00e9nero, declar\u00f3 instalados los trabajos de la misma, y recibi\u00f3 una serie de propuestas por parte de organizaciones sociales de mujeres presentes para el impulso a la legislaci\u00f3n, presupuesto, pol\u00edticas p\u00fablicas, programas y mesas de trabajo, entre otras acciones a favor de la igualdad de g\u00e9nero en la entidad.<\/p>\n<p>Las diputadas y diputados secretarios de la comisi\u00f3n, Alejandra L\u00f3pez Noriega, Mar\u00eda Dolores Del R\u00edo S\u00e1nchez, Carlos Navarrete Aguirre, Mar\u00eda Magdalena Uribe Pe\u00f1a, Miroslava Luj\u00e1n L\u00f3pez y H\u00e9ctor Ra\u00fal Castelo Monta\u00f1o manifestaron su inter\u00e9s por trabajar unidos en una agenda que priorice las necesidades de la poblaci\u00f3n respecto a los derechos y necesidades de la poblaci\u00f3n para, de esa forma, lograr la igualdad de los ciudadanos en todos los aspectos de la vida.<\/p>\n<p>En la reuni\u00f3n estuvieron presentes Josefina Olivarr\u00eda y Mar\u00eda Elena Barreras, representantes de la Red Feminista Sonorense; Mar\u00eda In\u00e9s Arag\u00f3n, representante de la Red de Mujeres en Plural; Ismene Figueroa, representante de la Marcha de las Putas; Silvia N\u00fa\u00f1ez Esquer, representante del Observatorio Ciudadano Nacional del Feminicidio; Mireya Scarone Adarga y Margoth Loustaunau, representante de Libertas Mujeres por la Igualdad.<\/p>\n<p>Tambi\u00e9n Gabriela Ivette Herrera Valdez, representante de la Comisi\u00f3n Estudiantil de G\u00e9nero, Diversidad e Inclusi\u00f3n Social; Sheila Alcaraz Hern\u00e1ndez, representante del Consejo Ciudadano de Derechos Humanos; y Karem Valles Sampedro, directora de Atenci\u00f3n a la Mujer en esta capital.<\/p>\n<p>(FECHA DE PUBLICACI\u00d3N.21\/11\/2018 \/\/<\/p>\n","protected":false},"excerpt":{"rendered":"<p>HERMOSILLO, SONORA. MX. \u2014 Este d\u00eda se instalaron las Comisiones de los Derechos de la&#8230;<\/p>\n","protected":false},"author":1,"featured_media":49102,"comment_status":"open","ping_status":"open","sticky":false,"template":"","format":"standard","meta":{"_monsterinsights_skip_tracking":false,"_monsterinsights_sitenote_active":false,"_monsterinsights_sitenote_note":"","_monsterinsights_sitenote_category":0,"footnotes":""},"categories":[22],"tags":[],"class_list":["post"],"yoast_head":" \n<title>Sonora en Equipo. Se instalan comisiones de la ni\u00f1ez, agua y g\u00e9nero Sonora<\/title>\n<meta name=\"description\" content=\"HERMOSILLO, SONORA. MX. \u2014 Este d\u00eda se instalaron las Comisiones de los Derechos de la Ni\u00f1ez, la Adolescencia y la Juventud; del Agua; y, para la Igualdad En Sonora en Equipo publicamos toda la informaci\u00f3n de Sonora, M\u00e9xico y el Mundo de manera oportuna y busca que la libertad de expresi\u00f3n sea real. Visita nuestro medio informativo publicado desde Hermosillo, Sonora. %\" \/>\n<meta name=\"robots\" content=\"index, follow, max-snippet:-1, max-image-preview:large, max-video-preview:-1\" \/>\n<link rel=\"canonical\" href=\"https:\/\/www.sonoraenequipo.com.mx\/se-instalan-comisiones-de-la-ninez-agua-y-genero\/\" \/>\n<meta property=\"og:locale\" content=\"es_ES\" \/>\n<meta property=\"og:type\" content=\"article\" \/>\n<meta property=\"og:title\" content=\"Sonora en Equipo. Se instalan comisiones de la ni\u00f1ez, agua y g\u00e9nero Sonora\" \/>\n<meta property=\"og:description\" content=\"HERMOSILLO, SONORA. MX. \u2014 Este d\u00eda se instalaron las Comisiones de los Derechos de la Ni\u00f1ez, la Adolescencia y la Juventud; del Agua; y, para la Igualdad En Sonora en Equipo publicamos toda la informaci\u00f3n de Sonora, M\u00e9xico y el Mundo de manera oportuna y busca que la libertad de expresi\u00f3n sea real. Visita nuestro medio informativo publicado desde Hermosillo, Sonora. %\" \/>\n<meta property=\"og:url\" content=\"https:\/\/www.sonoraenequipo.com.mx\/se-instalan-comisiones-de-la-ninez-agua-y-genero\/\" \/>\n<meta property=\"og:site_name\" content=\"Sonora en Equipo.\" \/>\n<meta property=\"article:publisher\" content=\"https:\/\/www.facebook.com\/SonoraEE\/\" \/>\n<meta property=\"article:author\" content=\"https:\/\/www.facebook.com\/SonoraEE\" \/>\n<meta property=\"article:published_time\" content=\"2018-11-22T05:20:12+00:00\" \/>\n<meta property=\"article:modified_time\" content=\"2018-11-22T05:57:20+00:00\" \/>\n<meta property=\"og:image\" content=\"https:\/\/www.sonoraenequipo.com.mx\/storage\/2018\/11\/comisionni\u00f1ez_opt.jpg\" \/>\n\t<meta property=\"og:image:width\" content=\"525\" \/>\n\t<meta property=\"og:image:height\" content=\"350\" \/>\n\t<meta property=\"og:image:type\" content=\"image\/jpeg\" \/>\n<meta name=\"author\" content=\"enequipo\" \/>\n<meta name=\"twitter:card\" content=\"summary_large_image\" \/>\n<meta name=\"twitter:creator\" content=\"@sonoraenequipo\" \/>\n<meta name=\"twitter:site\" content=\"@sonoraenequipo\" \/>\n<meta name=\"twitter:label1\" content=\"Escrito por\" \/>\n\t<meta name=\"twitter:data1\" content=\"enequipo\" \/>\n\t<meta name=\"twitter:label2\" content=\"Tiempo de lectura\" \/>\n\t<meta name=\"twitter:data2\" content=\"4 minutos\" \/>\n<script type=\"application\/ld+json\" class=\"yoast-schema-graph\">{\"@context\":\"https:\/\/schema.org\",\"@graph\":[{\"@type\":\"Article\",\"@id\":\"https:\/\/www.sonoraenequipo.com.mx\/se-instalan-comisiones-de-la-ninez-agua-y-genero\/#article\",\"isPartOf\":{\"@id\":\"https:\/\/www.sonoraenequipo.com.mx\/se-instalan-comisiones-de-la-ninez-agua-y-genero\/\"},\"author\":{\"name\":\"enequipo\",\"@id\":\"https:\/\/www.sonoraenequipo.com.mx\/#\/schema\/person\/50102df0fb23a8fa9e8effad8fa81386\"},\"headline\":\"Se instalan comisiones de la ni\u00f1ez, agua y g\u00e9nero\",\"datePublished\":\"2018-11-22T05:20:12+00:00\",\"dateModified\":\"2018-11-22T05:57:20+00:00\",\"mainEntityOfPage\":{\"@id\":\"https:\/\/www.sonoraenequipo.com.mx\/se-instalan-comisiones-de-la-ninez-agua-y-genero\/\"},\"wordCount\":841,\"commentCount\":0,\"publisher\":{\"@id\":\"https:\/\/www.sonoraenequipo.com.mx\/#organization\"},\"image\":{\"@id\":\"https:\/\/www.sonoraenequipo.com.mx\/se-instalan-comisiones-de-la-ninez-agua-y-genero\/#primaryimage\"},\"thumbnailUrl\":\"https:\/\/www.sonoraenequipo.com.mx\/storage\/2018\/11\/comisionni\u00f1ez_opt.jpg\",\"articleSection\":[\"Sonora\"],\"inLanguage\":\"es\",\"potentialAction\":[{\"@type\":\"CommentAction\",\"name\":\"Comment\",\"target\":[\"https:\/\/www.sonoraenequipo.com.mx\/se-instalan-comisiones-de-la-ninez-agua-y-genero\/#respond\"]}]},{\"@type\":\"WebPage\",\"@id\":\"https:\/\/www.sonoraenequipo.com.mx\/se-instalan-comisiones-de-la-ninez-agua-y-genero\/\",\"url\":\"https:\/\/www.sonoraenequipo.com.mx\/se-instalan-comisiones-de-la-ninez-agua-y-genero\/\",\"name\":\"Sonora en Equipo. Se instalan comisiones de la ni\u00f1ez, agua y g\u00e9nero Sonora\",\"isPartOf\":{\"@id\":\"https:\/\/www.sonoraenequipo.com.mx\/#website\"},\"primaryImageOfPage\":{\"@id\":\"https:\/\/www.sonoraenequipo.com.mx\/se-instalan-comisiones-de-la-ninez-agua-y-genero\/#primaryimage\"},\"image\":{\"@id\":\"https:\/\/www.sonoraenequipo.com.mx\/se-instalan-comisiones-de-la-ninez-agua-y-genero\/#primaryimage\"},\"thumbnailUrl\":\"https:\/\/www.sonoraenequipo.com.mx\/storage\/2018\/11\/comisionni\u00f1ez_opt.jpg\",\"datePublished\":\"2018-11-22T05:20:12+00:00\",\"dateModified\":\"2018-11-22T05:57:20+00:00\",\"description\":\"HERMOSILLO, SONORA. MX. \u2014 Este d\u00eda se instalaron las Comisiones de los Derechos de la Ni\u00f1ez, la Adolescencia y la Juventud; del Agua; y, para la Igualdad En Sonora en Equipo publicamos toda la informaci\u00f3n de Sonora, M\u00e9xico y el Mundo de manera oportuna y busca que la libertad de expresi\u00f3n sea real. Visita nuestro medio informativo publicado desde Hermosillo, Sonora. %\",\"breadcrumb\":{\"@id\":\"https:\/\/www.sonoraenequipo.com.mx\/se-instalan-comisiones-de-la-ninez-agua-y-genero\/#breadcrumb\"},\"inLanguage\":\"es\",\"potentialAction\":[{\"@type\":\"ReadAction\",\"target\":[\"https:\/\/www.sonoraenequipo.com.mx\/se-instalan-comisiones-de-la-ninez-agua-y-genero\/\"]}]},{\"@type\":\"ImageObject\",\"inLanguage\":\"es\",\"@id\":\"https:\/\/www.sonoraenequipo.com.mx\/se-instalan-comisiones-de-la-ninez-agua-y-genero\/#primaryimage\",\"url\":\"https:\/\/www.sonoraenequipo.com.mx\/storage\/2018\/11\/comisionni\u00f1ez_opt.jpg\",\"contentUrl\":\"https:\/\/www.sonoraenequipo.com.mx\/storage\/2018\/11\/comisionni\u00f1ez_opt.jpg\",\"width\":525,\"height\":350},{\"@type\":\"BreadcrumbList\",\"@id\":\"https:\/\/www.sonoraenequipo.com.mx\/se-instalan-comisiones-de-la-ninez-agua-y-genero\/#breadcrumb\",\"itemListElement\":[{\"@type\":\"ListItem\",\"position\":1,\"name\":\"Portada\",\"item\":\"https:\/\/www.sonoraenequipo.com.mx\/\"},{\"@type\":\"ListItem\",\"position\":2,\"name\":\"Se instalan comisiones de la ni\u00f1ez, agua y g\u00e9nero\"}]},{\"@type\":\"WebSite\",\"@id\":\"https:\/\/www.sonoraenequipo.com.mx\/#website\",\"url\":\"https:\/\/www.sonoraenequipo.com.mx\/\",\"name\":\"Sonora en Equipo.\",\"description\":\"Diario en l\u00ednea con Noticias desde Hermosillo, Sonora\",\"publisher\":{\"@id\":\"https:\/\/www.sonoraenequipo.com.mx\/#organization\"},\"potentialAction\":[{\"@type\":\"SearchAction\",\"target\":{\"@type\":\"EntryPoint\",\"urlTemplate\":\"https:\/\/www.sonoraenequipo.com.mx\/?s={search_term_string}\"},\"query-input\":{\"@type\":\"PropertyValueSpecification\",\"valueRequired\":true,\"valueName\":\"search_term_string\"}}],\"inLanguage\":\"es\"},{\"@type\":\"Organization\",\"@id\":\"https:\/\/www.sonoraenequipo.com.mx\/#organization\",\"name\":\"Sonoraenequipo.com.mx\",\"url\":\"https:\/\/www.sonoraenequipo.com.mx\/\",\"logo\":{\"@type\":\"ImageObject\",\"inLanguage\":\"es\",\"@id\":\"https:\/\/www.sonoraenequipo.com.mx\/#\/schema\/logo\/image\/\",\"url\":\"https:\/\/www.sonoraenequipo.com.mx\/storage\/2019\/01\/sonoraenequipo_opt.png\",\"contentUrl\":\"https:\/\/www.sonoraenequipo.com.mx\/storage\/2019\/01\/sonoraenequipo_opt.png\",\"width\":375,\"height\":125,\"caption\":\"Sonoraenequipo.com.mx\"},\"image\":{\"@id\":\"https:\/\/www.sonoraenequipo.com.mx\/#\/schema\/logo\/image\/\"},\"sameAs\":[\"https:\/\/www.facebook.com\/SonoraEE\/\",\"https:\/\/x.com\/sonoraenequipo\",\"https:\/\/www.youtube.com\/channel\/UC338nW-lPEYmJQs4ZABQ1SQ\"]},{\"@type\":\"Person\",\"@id\":\"https:\/\/www.sonoraenequipo.com.mx\/#\/schema\/person\/50102df0fb23a8fa9e8effad8fa81386\",\"name\":\"enequipo\",\"image\":{\"@type\":\"ImageObject\",\"inLanguage\":\"es\",\"@id\":\"https:\/\/www.sonoraenequipo.com.mx\/#\/schema\/person\/image\/\",\"url\":\"https:\/\/secure.gravatar.com\/avatar\/049821681b589dabc0bc20695993ccebb09f5b5d4d790cd9251b97faac7c652b?s=96&d=blank&r=g\",\"contentUrl\":\"https:\/\/secure.gravatar.com\/avatar\/049821681b589dabc0bc20695993ccebb09f5b5d4d790cd9251b97faac7c652b?s=96&d=blank&r=g\",\"caption\":\"enequipo\"},\"sameAs\":[\"https:\/\/www.facebook.com\/SonoraEE\"]}]}<\/script>\n ","yoast_head_json":{"title":"Sonora en Equipo. Se instalan comisiones de la ni\u00f1ez, agua y g\u00e9nero Sonora","description":"HERMOSILLO, SONORA. MX. \u2014 Este d\u00eda se instalaron las Comisiones de los Derechos de la Ni\u00f1ez, la Adolescencia y la Juventud; del Agua; y, para la Igualdad En Sonora en Equipo publicamos toda la informaci\u00f3n de Sonora, M\u00e9xico y el Mundo de manera oportuna y busca que la libertad de expresi\u00f3n sea real. Visita nuestro medio informativo publicado desde Hermosillo, Sonora. %","robots":{"index":"index","follow":"follow","max-snippet":"max-snippet:-1","max-image-preview":"max-image-preview:large","max-video-preview":"max-video-preview:-1"},"canonical":"https:\/\/www.sonoraenequipo.com.mx\/se-instalan-comisiones-de-la-ninez-agua-y-genero\/","og_locale":"es_ES","og_type":"article","og_title":"Sonora en Equipo. Se instalan comisiones de la ni\u00f1ez, agua y g\u00e9nero Sonora","og_description":"HERMOSILLO, SONORA. MX. \u2014 Este d\u00eda se instalaron las Comisiones de los Derechos de la Ni\u00f1ez, la Adolescencia y la Juventud; del Agua; y, para la Igualdad En Sonora en Equipo publicamos toda la informaci\u00f3n de Sonora, M\u00e9xico y el Mundo de manera oportuna y busca que la libertad de expresi\u00f3n sea real. Visita nuestro medio informativo publicado desde Hermosillo, Sonora. %","og_url":"https:\/\/www.sonoraenequipo.com.mx\/se-instalan-comisiones-de-la-ninez-agua-y-genero\/","og_site_name":"Sonora en Equipo.","article_publisher":"https:\/\/www.facebook.com\/SonoraEE\/","article_author":"https:\/\/www.facebook.com\/SonoraEE","article_published_time":"2018-11-22T05:20:12+00:00","article_modified_time":"2018-11-22T05:57:20+00:00","og_image":[{"width":525,"height":350,"url":"https:\/\/www.sonoraenequipo.com.mx\/storage\/2018\/11\/comisionni\u00f1ez_opt.jpg","type":"image\/jpeg"}],"author":"enequipo","twitter_card":"summary_large_image","twitter_creator":"@sonoraenequipo","twitter_site":"@sonoraenequipo","twitter_misc":{"Escrito por":"enequipo","Tiempo de lectura":"4 minutos"},"schema":{"@context":"https:\/\/schema.org","@graph":[{"@type":"Article","@id":"https:\/\/www.sonoraenequipo.com.mx\/se-instalan-comisiones-de-la-ninez-agua-y-genero\/#article","isPartOf":{"@id":"https:\/\/www.sonoraenequipo.com.mx\/se-instalan-comisiones-de-la-ninez-agua-y-genero\/"},"author":{"name":"enequipo","@id":"https:\/\/www.sonoraenequipo.com.mx\/#\/schema\/person\/50102df0fb23a8fa9e8effad8fa81386"},"headline":"Se instalan comisiones de la ni\u00f1ez, agua y g\u00e9nero","datePublished":"2018-11-22T05:20:12+00:00","dateModified":"2018-11-22T05:57:20+00:00","mainEntityOfPage":{"@id":"https:\/\/www.sonoraenequipo.com.mx\/se-instalan-comisiones-de-la-ninez-agua-y-genero\/"},"wordCount":841,"commentCount":0,"publisher":{"@id":"https:\/\/www.sonoraenequipo.com.mx\/#organization"},"image":{"@id":"https:\/\/www.sonoraenequipo.com.mx\/se-instalan-comisiones-de-la-ninez-agua-y-genero\/#primaryimage"},"thumbnailUrl":"https:\/\/www.sonoraenequipo.com.mx\/storage\/2018\/11\/comisionni\u00f1ez_opt.jpg","articleSection":["Sonora"],"inLanguage":"es","potentialAction":[{"@type":"CommentAction","name":"Comment","target":["https:\/\/www.sonoraenequipo.com.mx\/se-instalan-comisiones-de-la-ninez-agua-y-genero\/#respond"]}]},{"@type":"WebPage","@id":"https:\/\/www.sonoraenequipo.com.mx\/se-instalan-comisiones-de-la-ninez-agua-y-genero\/","url":"https:\/\/www.sonoraenequipo.com.mx\/se-instalan-comisiones-de-la-ninez-agua-y-genero\/","name":"Sonora en Equipo. Se instalan comisiones de la ni\u00f1ez, agua y g\u00e9nero Sonora","isPartOf":{"@id":"https:\/\/www.sonoraenequipo.com.mx\/#website"},"primaryImageOfPage":{"@id":"https:\/\/www.sonoraenequipo.com.mx\/se-instalan-comisiones-de-la-ninez-agua-y-genero\/#primaryimage"},"image":{"@id":"https:\/\/www.sonoraenequipo.com.mx\/se-instalan-comisiones-de-la-ninez-agua-y-genero\/#primaryimage"},"thumbnailUrl":"https:\/\/www.sonoraenequipo.com.mx\/storage\/2018\/11\/comisionni\u00f1ez_opt.jpg","datePublished":"2018-11-22T05:20:12+00:00","dateModified":"2018-11-22T05:57:20+00:00","description":"HERMOSILLO, SONORA. MX. \u2014 Este d\u00eda se instalaron las Comisiones de los Derechos de la Ni\u00f1ez, la Adolescencia y la Juventud; del Agua; y, para la Igualdad En Sonora en Equipo publicamos toda la informaci\u00f3n de Sonora, M\u00e9xico y el Mundo de manera oportuna y busca que la libertad de expresi\u00f3n sea real. Visita nuestro medio informativo publicado desde Hermosillo, Sonora. %","breadcrumb":{"@id":"https:\/\/www.sonoraenequipo.com.mx\/se-instalan-comisiones-de-la-ninez-agua-y-genero\/#breadcrumb"},"inLanguage":"es","potentialAction":[{"@type":"ReadAction","target":["https:\/\/www.sonoraenequipo.com.mx\/se-instalan-comisiones-de-la-ninez-agua-y-genero\/"]}]},{"@type":"ImageObject","inLanguage":"es","@id":"https:\/\/www.sonoraenequipo.com.mx\/se-instalan-comisiones-de-la-ninez-agua-y-genero\/#primaryimage","url":"https:\/\/www.sonoraenequipo.com.mx\/storage\/2018\/11\/comisionni\u00f1ez_opt.jpg","contentUrl":"https:\/\/www.sonoraenequipo.com.mx\/storage\/2018\/11\/comisionni\u00f1ez_opt.jpg","width":525,"height":350},{"@type":"BreadcrumbList","@id":"https:\/\/www.sonoraenequipo.com.mx\/se-instalan-comisiones-de-la-ninez-agua-y-genero\/#breadcrumb","itemListElement":[{"@type":"ListItem","position":1,"name":"Portada","item":"https:\/\/www.sonoraenequipo.com.mx\/"},{"@type":"ListItem","position":2,"name":"Se instalan comisiones de la ni\u00f1ez, agua y g\u00e9nero"}]},{"@type":"WebSite","@id":"https:\/\/www.sonoraenequipo.com.mx\/#website","url":"https:\/\/www.sonoraenequipo.com.mx\/","name":"Sonora en Equipo.","description":"Diario en l\u00ednea con Noticias desde Hermosillo, Sonora","publisher":{"@id":"https:\/\/www.sonoraenequipo.com.mx\/#organization"},"potentialAction":[{"@type":"SearchAction","target":{"@type":"EntryPoint","urlTemplate":"https:\/\/www.sonoraenequipo.com.mx\/?s={search_term_string}"},"query-input":{"@type":"PropertyValueSpecification","valueRequired":true,"valueName":"search_term_string"}}],"inLanguage":"es"},{"@type":"Organization","@id":"https:\/\/www.sonoraenequipo.com.mx\/#organization","name":"Sonoraenequipo.com.mx","url":"https:\/\/www.sonoraenequipo.com.mx\/","logo":{"@type":"ImageObject","inLanguage":"es","@id":"https:\/\/www.sonoraenequipo.com.mx\/#\/schema\/logo\/image\/","url":"https:\/\/www.sonoraenequipo.com.mx\/storage\/2019\/01\/sonoraenequipo_opt.png","contentUrl":"https:\/\/www.sonoraenequipo.com.mx\/storage\/2019\/01\/sonoraenequipo_opt.png","width":375,"height":125,"caption":"Sonoraenequipo.com.mx"},"image":{"@id":"https:\/\/www.sonoraenequipo.com.mx\/#\/schema\/logo\/image\/"},"sameAs":["https:\/\/www.facebook.com\/SonoraEE\/","https:\/\/x.com\/sonoraenequipo","https:\/\/www.youtube.com\/channel\/UC338nW-lPEYmJQs4ZABQ1SQ"]},{"@type":"Person","@id":"https:\/\/www.sonoraenequipo.com.mx\/#\/schema\/person\/50102df0fb23a8fa9e8effad8fa81386","name":"enequipo","image":{"@type":"ImageObject","inLanguage":"es","@id":"https:\/\/www.sonoraenequipo.com.mx\/#\/schema\/person\/image\/","url":"https:\/\/secure.gravatar.com\/avatar\/049821681b589dabc0bc20695993ccebb09f5b5d4d790cd9251b97faac7c652b?s=96&d=blank&r=g","contentUrl":"https:\/\/secure.gravatar.com\/avatar\/049821681b589dabc0bc20695993ccebb09f5b5d4d790cd9251b97faac7c652b?s=96&d=blank&r=g","caption":"enequipo"},"sameAs":["https:\/\/www.facebook.com\/SonoraEE"]}]}},"jetpack_featured_media_url":"https:\/\/www.sonoraenequipo.com.mx\/storage\/2018\/11\/comisionni\u00f1ez_opt.jpg","_links":{"self":[{"href":"https:\/\/www.sonoraenequipo.com.mx\/api\/wp\/v2\/posts\/49101","targetHints":{"allow":["GET"]}}],"collection":[{"href":"https:\/\/www.sonoraenequipo.com.mx\/api\/wp\/v2\/posts"}],"about":[{"href":"https:\/\/www.sonoraenequipo.com.mx\/api\/wp\/v2\/types\/post"}],"author":[{"embeddable":true,"href":"https:\/\/www.sonoraenequipo.com.mx\/api\/wp\/v2\/users\/1"}],"replies":[{"embeddable":true,"href":"https:\/\/www.sonoraenequipo.com.mx\/api\/wp\/v2\/comments?post=49101"}],"version-history":[{"count":0,"href":"https:\/\/www.sonoraenequipo.com.mx\/api\/wp\/v2\/posts\/49101\/revisions"}],"wp:featuredmedia":[{"embeddable":true,"href":"https:\/\/www.sonoraenequipo.com.mx\/api\/wp\/v2\/media\/49102"}],"wp:attachment":[{"href":"https:\/\/www.sonoraenequipo.com.mx\/api\/wp\/v2\/media?parent=49101"}],"wp:term":[{"taxonomy":"category","embeddable":true,"href":"https:\/\/www.sonoraenequipo.com.mx\/api\/wp\/v2\/categories?post=49101"},{"taxonomy":"post_tag","embeddable":true,"href":"https:\/\/www.sonoraenequipo.com.mx\/api\/wp\/v2\/tags?post=49101"}],"curies":[{"name":"wp","href":"https:\/\/api.w.org\/{rel}","templated":true}]}}