{"id":49104,"date":"2018-11-21T21:49:46","date_gmt":"2018-11-22T04:49:46","guid":{"rendered":"http:\/\/www.sonoraenequipo.com.mx\/?p=49104"},"modified":"2018-11-21T23:00:14","modified_gmt":"2018-11-22T06:00:14","slug":"realiza-ism-encuentro-de-enlaces-de-igualdad-de-genero","status":"publish","type":"post","link":"https:\/\/www.sonoraenequipo.com.mx\/realiza-ism-encuentro-de-enlaces-de-igualdad-de-genero\/","title":{"rendered":"Realiza ISM encuentro de enlaces de igualdad de g\u00e9nero"},"content":{"rendered":"<p>HERMOSILLO, SONORA. MX. \u2014 Para informar sobre los avances que hay en Sonora en materia a la erradicaci\u00f3n de la violencia hacia las mujeres, el Instituto Sonorense de las Mujeres (ISM) inici\u00f3 un ciclo de actividades, que continuar\u00e1n durante el resto de la semana, inform\u00f3 Blanca Luz Salda\u00f1a L\u00f3pez, Coordinadora General del ISM. <\/p>\n<p>Ello, dijo, en el marco del D\u00eda Internacional de la No Violencia Hacia las Mujeres que se conmemora el pr\u00f3ximo domingo 25 de noviembre.<\/p>\n<p>Como parte de este ciclo de actividades se realiz\u00f3 el Encuentro de Enlaces de Igualdad de G\u00e9nero de las distintas dependencias estatales, donde se imparti\u00f3 un foro sobre el Feminicidio en Sonora, por Claudia Indira Contreras, Fiscal General de Justicia del Estado de Sonora y Vilma Mondrag\u00f3n Garc\u00eda, Directora de Prevenci\u00f3n y Promoci\u00f3n en la Direcci\u00f3n General de Salud Mental y Adicciones de los Servicios de Salud de Sonora.<\/p>\n<p><em>\u201cSon enlaces de las unidades de g\u00e9nero que representan a cada una de las dependencias que tenemos que trabajar en una transversalidad para la prevenci\u00f3n, atenci\u00f3n, sanci\u00f3n y erradicaci\u00f3n de la violencia hacia las mujeres\u201d<\/em>, expres\u00f3.<\/p>\n<p>A nombre del Secretario de Gobierno, Miguel Ernesto Pompa Corella, la Coordinadora Ejecutiva del ISM, agradeci\u00f3 a cada una de los enlaces de la unidad de g\u00e9nero, quienes gracias a ellas se pueden aplicar pol\u00edticas p\u00fablicas con perspectiva de g\u00e9nero en cada una de las dependencias estatales.<\/p>\n<p>En el evento, Claudia Indira Contreras, inform\u00f3 que, en Sonora, los resultados obtenidos en la Fiscal\u00eda General de Justicia, dentro del periodo del 1 de octubre del 2015 al 30 de septiembre del 2018, se registraron 84 delitos por feminicidio, de los cuales se han obtenido 55 sentencias condenatorias, ninguna sentencia absolutoria y 18 personas m\u00e1s se encuentran actualmente en prisi\u00f3n preventiva vinculadas a proceso.<\/p>\n<p>(FECHA DE PUBLICACI\u00d3N.21\/11\/2018 \/\/<\/p>\n","protected":false},"excerpt":{"rendered":"<p>HERMOSILLO, SONORA. MX. \u2014 Para informar sobre los avances que hay en Sonora en materia&#8230;<\/p>\n","protected":false},"author":1,"featured_media":49106,"comment_status":"open","ping_status":"open","sticky":false,"template":"","format":"standard","meta":{"_monsterinsights_skip_tracking":false,"_monsterinsights_sitenote_active":false,"_monsterinsights_sitenote_note":"","_monsterinsights_sitenote_category":0,"footnotes":""},"categories":[22],"tags":[],"class_list":["post"],"yoast_head":" \n<title>Sonora en Equipo. Realiza ISM encuentro de enlaces de igualdad de g\u00e9nero Sonora<\/title>\n<meta name=\"description\" content=\"HERMOSILLO, SONORA. MX. \u2014 Para informar sobre los avances que hay en Sonora en materia a la erradicaci\u00f3n de la violencia hacia las mujeres, el Instituto En Sonora en Equipo publicamos toda la informaci\u00f3n de Sonora, M\u00e9xico y el Mundo de manera oportuna y busca que la libertad de expresi\u00f3n sea real. Visita nuestro medio informativo publicado desde Hermosillo, Sonora. %\" \/>\n<meta name=\"robots\" content=\"index, follow, max-snippet:-1, max-image-preview:large, max-video-preview:-1\" \/>\n<link rel=\"canonical\" href=\"https:\/\/www.sonoraenequipo.com.mx\/realiza-ism-encuentro-de-enlaces-de-igualdad-de-genero\/\" \/>\n<meta property=\"og:locale\" content=\"es_ES\" \/>\n<meta property=\"og:type\" content=\"article\" \/>\n<meta property=\"og:title\" content=\"Sonora en Equipo. Realiza ISM encuentro de enlaces de igualdad de g\u00e9nero Sonora\" \/>\n<meta property=\"og:description\" content=\"HERMOSILLO, SONORA. MX. \u2014 Para informar sobre los avances que hay en Sonora en materia a la erradicaci\u00f3n de la violencia hacia las mujeres, el Instituto En Sonora en Equipo publicamos toda la informaci\u00f3n de Sonora, M\u00e9xico y el Mundo de manera oportuna y busca que la libertad de expresi\u00f3n sea real. Visita nuestro medio informativo publicado desde Hermosillo, Sonora. %\" \/>\n<meta property=\"og:url\" content=\"https:\/\/www.sonoraenequipo.com.mx\/realiza-ism-encuentro-de-enlaces-de-igualdad-de-genero\/\" \/>\n<meta property=\"og:site_name\" content=\"Sonora en Equipo.\" \/>\n<meta property=\"article:publisher\" content=\"https:\/\/www.facebook.com\/SonoraEE\/\" \/>\n<meta property=\"article:author\" content=\"https:\/\/www.facebook.com\/SonoraEE\" \/>\n<meta property=\"article:published_time\" content=\"2018-11-22T04:49:46+00:00\" \/>\n<meta property=\"article:modified_time\" content=\"2018-11-22T06:00:14+00:00\" \/>\n<meta property=\"og:image\" content=\"https:\/\/www.sonoraenequipo.com.mx\/storage\/2018\/11\/igualdaddegenero_opt1.jpg\" \/>\n\t<meta property=\"og:image:width\" content=\"525\" \/>\n\t<meta property=\"og:image:height\" content=\"350\" \/>\n\t<meta property=\"og:image:type\" content=\"image\/jpeg\" \/>\n<meta name=\"author\" content=\"enequipo\" \/>\n<meta name=\"twitter:card\" content=\"summary_large_image\" \/>\n<meta name=\"twitter:creator\" content=\"@sonoraenequipo\" \/>\n<meta name=\"twitter:site\" content=\"@sonoraenequipo\" \/>\n<meta name=\"twitter:label1\" content=\"Escrito por\" \/>\n\t<meta name=\"twitter:data1\" content=\"enequipo\" \/>\n\t<meta name=\"twitter:label2\" content=\"Tiempo de lectura\" \/>\n\t<meta name=\"twitter:data2\" content=\"2 minutos\" \/>\n<script type=\"application\/ld+json\" class=\"yoast-schema-graph\">{\"@context\":\"https:\/\/schema.org\",\"@graph\":[{\"@type\":\"Article\",\"@id\":\"https:\/\/www.sonoraenequipo.com.mx\/realiza-ism-encuentro-de-enlaces-de-igualdad-de-genero\/#article\",\"isPartOf\":{\"@id\":\"https:\/\/www.sonoraenequipo.com.mx\/realiza-ism-encuentro-de-enlaces-de-igualdad-de-genero\/\"},\"author\":{\"name\":\"enequipo\",\"@id\":\"https:\/\/www.sonoraenequipo.com.mx\/#\/schema\/person\/50102df0fb23a8fa9e8effad8fa81386\"},\"headline\":\"Realiza ISM encuentro de enlaces de igualdad de g\u00e9nero\",\"datePublished\":\"2018-11-22T04:49:46+00:00\",\"dateModified\":\"2018-11-22T06:00:14+00:00\",\"mainEntityOfPage\":{\"@id\":\"https:\/\/www.sonoraenequipo.com.mx\/realiza-ism-encuentro-de-enlaces-de-igualdad-de-genero\/\"},\"wordCount\":323,\"commentCount\":0,\"publisher\":{\"@id\":\"https:\/\/www.sonoraenequipo.com.mx\/#organization\"},\"image\":{\"@id\":\"https:\/\/www.sonoraenequipo.com.mx\/realiza-ism-encuentro-de-enlaces-de-igualdad-de-genero\/#primaryimage\"},\"thumbnailUrl\":\"https:\/\/www.sonoraenequipo.com.mx\/storage\/2018\/11\/igualdaddegenero_opt1.jpg\",\"articleSection\":[\"Sonora\"],\"inLanguage\":\"es\",\"potentialAction\":[{\"@type\":\"CommentAction\",\"name\":\"Comment\",\"target\":[\"https:\/\/www.sonoraenequipo.com.mx\/realiza-ism-encuentro-de-enlaces-de-igualdad-de-genero\/#respond\"]}]},{\"@type\":\"WebPage\",\"@id\":\"https:\/\/www.sonoraenequipo.com.mx\/realiza-ism-encuentro-de-enlaces-de-igualdad-de-genero\/\",\"url\":\"https:\/\/www.sonoraenequipo.com.mx\/realiza-ism-encuentro-de-enlaces-de-igualdad-de-genero\/\",\"name\":\"Sonora en Equipo. Realiza ISM encuentro de enlaces de igualdad de g\u00e9nero Sonora\",\"isPartOf\":{\"@id\":\"https:\/\/www.sonoraenequipo.com.mx\/#website\"},\"primaryImageOfPage\":{\"@id\":\"https:\/\/www.sonoraenequipo.com.mx\/realiza-ism-encuentro-de-enlaces-de-igualdad-de-genero\/#primaryimage\"},\"image\":{\"@id\":\"https:\/\/www.sonoraenequipo.com.mx\/realiza-ism-encuentro-de-enlaces-de-igualdad-de-genero\/#primaryimage\"},\"thumbnailUrl\":\"https:\/\/www.sonoraenequipo.com.mx\/storage\/2018\/11\/igualdaddegenero_opt1.jpg\",\"datePublished\":\"2018-11-22T04:49:46+00:00\",\"dateModified\":\"2018-11-22T06:00:14+00:00\",\"description\":\"HERMOSILLO, SONORA. MX. \u2014 Para informar sobre los avances que hay en Sonora en materia a la erradicaci\u00f3n de la violencia hacia las mujeres, el Instituto En Sonora en Equipo publicamos toda la informaci\u00f3n de Sonora, M\u00e9xico y el Mundo de manera oportuna y busca que la libertad de expresi\u00f3n sea real. Visita nuestro medio informativo publicado desde Hermosillo, Sonora. %\",\"breadcrumb\":{\"@id\":\"https:\/\/www.sonoraenequipo.com.mx\/realiza-ism-encuentro-de-enlaces-de-igualdad-de-genero\/#breadcrumb\"},\"inLanguage\":\"es\",\"potentialAction\":[{\"@type\":\"ReadAction\",\"target\":[\"https:\/\/www.sonoraenequipo.com.mx\/realiza-ism-encuentro-de-enlaces-de-igualdad-de-genero\/\"]}]},{\"@type\":\"ImageObject\",\"inLanguage\":\"es\",\"@id\":\"https:\/\/www.sonoraenequipo.com.mx\/realiza-ism-encuentro-de-enlaces-de-igualdad-de-genero\/#primaryimage\",\"url\":\"https:\/\/www.sonoraenequipo.com.mx\/storage\/2018\/11\/igualdaddegenero_opt1.jpg\",\"contentUrl\":\"https:\/\/www.sonoraenequipo.com.mx\/storage\/2018\/11\/igualdaddegenero_opt1.jpg\",\"width\":525,\"height\":350},{\"@type\":\"BreadcrumbList\",\"@id\":\"https:\/\/www.sonoraenequipo.com.mx\/realiza-ism-encuentro-de-enlaces-de-igualdad-de-genero\/#breadcrumb\",\"itemListElement\":[{\"@type\":\"ListItem\",\"position\":1,\"name\":\"Portada\",\"item\":\"https:\/\/www.sonoraenequipo.com.mx\/\"},{\"@type\":\"ListItem\",\"position\":2,\"name\":\"Realiza ISM encuentro de enlaces de igualdad de g\u00e9nero\"}]},{\"@type\":\"WebSite\",\"@id\":\"https:\/\/www.sonoraenequipo.com.mx\/#website\",\"url\":\"https:\/\/www.sonoraenequipo.com.mx\/\",\"name\":\"Sonora en Equipo.\",\"description\":\"Diario en l\u00ednea con Noticias desde Hermosillo, Sonora\",\"publisher\":{\"@id\":\"https:\/\/www.sonoraenequipo.com.mx\/#organization\"},\"potentialAction\":[{\"@type\":\"SearchAction\",\"target\":{\"@type\":\"EntryPoint\",\"urlTemplate\":\"https:\/\/www.sonoraenequipo.com.mx\/?s={search_term_string}\"},\"query-input\":{\"@type\":\"PropertyValueSpecification\",\"valueRequired\":true,\"valueName\":\"search_term_string\"}}],\"inLanguage\":\"es\"},{\"@type\":\"Organization\",\"@id\":\"https:\/\/www.sonoraenequipo.com.mx\/#organization\",\"name\":\"Sonoraenequipo.com.mx\",\"url\":\"https:\/\/www.sonoraenequipo.com.mx\/\",\"logo\":{\"@type\":\"ImageObject\",\"inLanguage\":\"es\",\"@id\":\"https:\/\/www.sonoraenequipo.com.mx\/#\/schema\/logo\/image\/\",\"url\":\"https:\/\/www.sonoraenequipo.com.mx\/storage\/2019\/01\/sonoraenequipo_opt.png\",\"contentUrl\":\"https:\/\/www.sonoraenequipo.com.mx\/storage\/2019\/01\/sonoraenequipo_opt.png\",\"width\":375,\"height\":125,\"caption\":\"Sonoraenequipo.com.mx\"},\"image\":{\"@id\":\"https:\/\/www.sonoraenequipo.com.mx\/#\/schema\/logo\/image\/\"},\"sameAs\":[\"https:\/\/www.facebook.com\/SonoraEE\/\",\"https:\/\/x.com\/sonoraenequipo\",\"https:\/\/www.youtube.com\/channel\/UC338nW-lPEYmJQs4ZABQ1SQ\"]},{\"@type\":\"Person\",\"@id\":\"https:\/\/www.sonoraenequipo.com.mx\/#\/schema\/person\/50102df0fb23a8fa9e8effad8fa81386\",\"name\":\"enequipo\",\"image\":{\"@type\":\"ImageObject\",\"inLanguage\":\"es\",\"@id\":\"https:\/\/www.sonoraenequipo.com.mx\/#\/schema\/person\/image\/\",\"url\":\"https:\/\/secure.gravatar.com\/avatar\/049821681b589dabc0bc20695993ccebb09f5b5d4d790cd9251b97faac7c652b?s=96&d=blank&r=g\",\"contentUrl\":\"https:\/\/secure.gravatar.com\/avatar\/049821681b589dabc0bc20695993ccebb09f5b5d4d790cd9251b97faac7c652b?s=96&d=blank&r=g\",\"caption\":\"enequipo\"},\"sameAs\":[\"https:\/\/www.facebook.com\/SonoraEE\"]}]}<\/script>\n ","yoast_head_json":{"title":"Sonora en Equipo. Realiza ISM encuentro de enlaces de igualdad de g\u00e9nero Sonora","description":"HERMOSILLO, SONORA. MX. \u2014 Para informar sobre los avances que hay en Sonora en materia a la erradicaci\u00f3n de la violencia hacia las mujeres, el Instituto En Sonora en Equipo publicamos toda la informaci\u00f3n de Sonora, M\u00e9xico y el Mundo de manera oportuna y busca que la libertad de expresi\u00f3n sea real. Visita nuestro medio informativo publicado desde Hermosillo, Sonora. %","robots":{"index":"index","follow":"follow","max-snippet":"max-snippet:-1","max-image-preview":"max-image-preview:large","max-video-preview":"max-video-preview:-1"},"canonical":"https:\/\/www.sonoraenequipo.com.mx\/realiza-ism-encuentro-de-enlaces-de-igualdad-de-genero\/","og_locale":"es_ES","og_type":"article","og_title":"Sonora en Equipo. Realiza ISM encuentro de enlaces de igualdad de g\u00e9nero Sonora","og_description":"HERMOSILLO, SONORA. MX. \u2014 Para informar sobre los avances que hay en Sonora en materia a la erradicaci\u00f3n de la violencia hacia las mujeres, el Instituto En Sonora en Equipo publicamos toda la informaci\u00f3n de Sonora, M\u00e9xico y el Mundo de manera oportuna y busca que la libertad de expresi\u00f3n sea real. Visita nuestro medio informativo publicado desde Hermosillo, Sonora. %","og_url":"https:\/\/www.sonoraenequipo.com.mx\/realiza-ism-encuentro-de-enlaces-de-igualdad-de-genero\/","og_site_name":"Sonora en Equipo.","article_publisher":"https:\/\/www.facebook.com\/SonoraEE\/","article_author":"https:\/\/www.facebook.com\/SonoraEE","article_published_time":"2018-11-22T04:49:46+00:00","article_modified_time":"2018-11-22T06:00:14+00:00","og_image":[{"width":525,"height":350,"url":"https:\/\/www.sonoraenequipo.com.mx\/storage\/2018\/11\/igualdaddegenero_opt1.jpg","type":"image\/jpeg"}],"author":"enequipo","twitter_card":"summary_large_image","twitter_creator":"@sonoraenequipo","twitter_site":"@sonoraenequipo","twitter_misc":{"Escrito por":"enequipo","Tiempo de lectura":"2 minutos"},"schema":{"@context":"https:\/\/schema.org","@graph":[{"@type":"Article","@id":"https:\/\/www.sonoraenequipo.com.mx\/realiza-ism-encuentro-de-enlaces-de-igualdad-de-genero\/#article","isPartOf":{"@id":"https:\/\/www.sonoraenequipo.com.mx\/realiza-ism-encuentro-de-enlaces-de-igualdad-de-genero\/"},"author":{"name":"enequipo","@id":"https:\/\/www.sonoraenequipo.com.mx\/#\/schema\/person\/50102df0fb23a8fa9e8effad8fa81386"},"headline":"Realiza ISM encuentro de enlaces de igualdad de g\u00e9nero","datePublished":"2018-11-22T04:49:46+00:00","dateModified":"2018-11-22T06:00:14+00:00","mainEntityOfPage":{"@id":"https:\/\/www.sonoraenequipo.com.mx\/realiza-ism-encuentro-de-enlaces-de-igualdad-de-genero\/"},"wordCount":323,"commentCount":0,"publisher":{"@id":"https:\/\/www.sonoraenequipo.com.mx\/#organization"},"image":{"@id":"https:\/\/www.sonoraenequipo.com.mx\/realiza-ism-encuentro-de-enlaces-de-igualdad-de-genero\/#primaryimage"},"thumbnailUrl":"https:\/\/www.sonoraenequipo.com.mx\/storage\/2018\/11\/igualdaddegenero_opt1.jpg","articleSection":["Sonora"],"inLanguage":"es","potentialAction":[{"@type":"CommentAction","name":"Comment","target":["https:\/\/www.sonoraenequipo.com.mx\/realiza-ism-encuentro-de-enlaces-de-igualdad-de-genero\/#respond"]}]},{"@type":"WebPage","@id":"https:\/\/www.sonoraenequipo.com.mx\/realiza-ism-encuentro-de-enlaces-de-igualdad-de-genero\/","url":"https:\/\/www.sonoraenequipo.com.mx\/realiza-ism-encuentro-de-enlaces-de-igualdad-de-genero\/","name":"Sonora en Equipo. Realiza ISM encuentro de enlaces de igualdad de g\u00e9nero Sonora","isPartOf":{"@id":"https:\/\/www.sonoraenequipo.com.mx\/#website"},"primaryImageOfPage":{"@id":"https:\/\/www.sonoraenequipo.com.mx\/realiza-ism-encuentro-de-enlaces-de-igualdad-de-genero\/#primaryimage"},"image":{"@id":"https:\/\/www.sonoraenequipo.com.mx\/realiza-ism-encuentro-de-enlaces-de-igualdad-de-genero\/#primaryimage"},"thumbnailUrl":"https:\/\/www.sonoraenequipo.com.mx\/storage\/2018\/11\/igualdaddegenero_opt1.jpg","datePublished":"2018-11-22T04:49:46+00:00","dateModified":"2018-11-22T06:00:14+00:00","description":"HERMOSILLO, SONORA. MX. \u2014 Para informar sobre los avances que hay en Sonora en materia a la erradicaci\u00f3n de la violencia hacia las mujeres, el Instituto En Sonora en Equipo publicamos toda la informaci\u00f3n de Sonora, M\u00e9xico y el Mundo de manera oportuna y busca que la libertad de expresi\u00f3n sea real. Visita nuestro medio informativo publicado desde Hermosillo, Sonora. %","breadcrumb":{"@id":"https:\/\/www.sonoraenequipo.com.mx\/realiza-ism-encuentro-de-enlaces-de-igualdad-de-genero\/#breadcrumb"},"inLanguage":"es","potentialAction":[{"@type":"ReadAction","target":["https:\/\/www.sonoraenequipo.com.mx\/realiza-ism-encuentro-de-enlaces-de-igualdad-de-genero\/"]}]},{"@type":"ImageObject","inLanguage":"es","@id":"https:\/\/www.sonoraenequipo.com.mx\/realiza-ism-encuentro-de-enlaces-de-igualdad-de-genero\/#primaryimage","url":"https:\/\/www.sonoraenequipo.com.mx\/storage\/2018\/11\/igualdaddegenero_opt1.jpg","contentUrl":"https:\/\/www.sonoraenequipo.com.mx\/storage\/2018\/11\/igualdaddegenero_opt1.jpg","width":525,"height":350},{"@type":"BreadcrumbList","@id":"https:\/\/www.sonoraenequipo.com.mx\/realiza-ism-encuentro-de-enlaces-de-igualdad-de-genero\/#breadcrumb","itemListElement":[{"@type":"ListItem","position":1,"name":"Portada","item":"https:\/\/www.sonoraenequipo.com.mx\/"},{"@type":"ListItem","position":2,"name":"Realiza ISM encuentro de enlaces de igualdad de g\u00e9nero"}]},{"@type":"WebSite","@id":"https:\/\/www.sonoraenequipo.com.mx\/#website","url":"https:\/\/www.sonoraenequipo.com.mx\/","name":"Sonora en Equipo.","description":"Diario en l\u00ednea con Noticias desde Hermosillo, Sonora","publisher":{"@id":"https:\/\/www.sonoraenequipo.com.mx\/#organization"},"potentialAction":[{"@type":"SearchAction","target":{"@type":"EntryPoint","urlTemplate":"https:\/\/www.sonoraenequipo.com.mx\/?s={search_term_string}"},"query-input":{"@type":"PropertyValueSpecification","valueRequired":true,"valueName":"search_term_string"}}],"inLanguage":"es"},{"@type":"Organization","@id":"https:\/\/www.sonoraenequipo.com.mx\/#organization","name":"Sonoraenequipo.com.mx","url":"https:\/\/www.sonoraenequipo.com.mx\/","logo":{"@type":"ImageObject","inLanguage":"es","@id":"https:\/\/www.sonoraenequipo.com.mx\/#\/schema\/logo\/image\/","url":"https:\/\/www.sonoraenequipo.com.mx\/storage\/2019\/01\/sonoraenequipo_opt.png","contentUrl":"https:\/\/www.sonoraenequipo.com.mx\/storage\/2019\/01\/sonoraenequipo_opt.png","width":375,"height":125,"caption":"Sonoraenequipo.com.mx"},"image":{"@id":"https:\/\/www.sonoraenequipo.com.mx\/#\/schema\/logo\/image\/"},"sameAs":["https:\/\/www.facebook.com\/SonoraEE\/","https:\/\/x.com\/sonoraenequipo","https:\/\/www.youtube.com\/channel\/UC338nW-lPEYmJQs4ZABQ1SQ"]},{"@type":"Person","@id":"https:\/\/www.sonoraenequipo.com.mx\/#\/schema\/person\/50102df0fb23a8fa9e8effad8fa81386","name":"enequipo","image":{"@type":"ImageObject","inLanguage":"es","@id":"https:\/\/www.sonoraenequipo.com.mx\/#\/schema\/person\/image\/","url":"https:\/\/secure.gravatar.com\/avatar\/049821681b589dabc0bc20695993ccebb09f5b5d4d790cd9251b97faac7c652b?s=96&d=blank&r=g","contentUrl":"https:\/\/secure.gravatar.com\/avatar\/049821681b589dabc0bc20695993ccebb09f5b5d4d790cd9251b97faac7c652b?s=96&d=blank&r=g","caption":"enequipo"},"sameAs":["https:\/\/www.facebook.com\/SonoraEE"]}]}},"jetpack_featured_media_url":"https:\/\/www.sonoraenequipo.com.mx\/storage\/2018\/11\/igualdaddegenero_opt1.jpg","_links":{"self":[{"href":"https:\/\/www.sonoraenequipo.com.mx\/api\/wp\/v2\/posts\/49104","targetHints":{"allow":["GET"]}}],"collection":[{"href":"https:\/\/www.sonoraenequipo.com.mx\/api\/wp\/v2\/posts"}],"about":[{"href":"https:\/\/www.sonoraenequipo.com.mx\/api\/wp\/v2\/types\/post"}],"author":[{"embeddable":true,"href":"https:\/\/www.sonoraenequipo.com.mx\/api\/wp\/v2\/users\/1"}],"replies":[{"embeddable":true,"href":"https:\/\/www.sonoraenequipo.com.mx\/api\/wp\/v2\/comments?post=49104"}],"version-history":[{"count":0,"href":"https:\/\/www.sonoraenequipo.com.mx\/api\/wp\/v2\/posts\/49104\/revisions"}],"wp:featuredmedia":[{"embeddable":true,"href":"https:\/\/www.sonoraenequipo.com.mx\/api\/wp\/v2\/media\/49106"}],"wp:attachment":[{"href":"https:\/\/www.sonoraenequipo.com.mx\/api\/wp\/v2\/media?parent=49104"}],"wp:term":[{"taxonomy":"category","embeddable":true,"href":"https:\/\/www.sonoraenequipo.com.mx\/api\/wp\/v2\/categories?post=49104"},{"taxonomy":"post_tag","embeddable":true,"href":"https:\/\/www.sonoraenequipo.com.mx\/api\/wp\/v2\/tags?post=49104"}],"curies":[{"name":"wp","href":"https:\/\/api.w.org\/{rel}","templated":true}]}}