{"id":49112,"date":"2018-11-22T06:05:52","date_gmt":"2018-11-22T13:05:52","guid":{"rendered":"http:\/\/www.sonoraenequipo.com.mx\/?p=49112"},"modified":"2018-11-22T06:05:52","modified_gmt":"2018-11-22T13:05:52","slug":"inician-trabajos-para-el-analisis-del-paquete-economico-2019","status":"publish","type":"post","link":"https:\/\/www.sonoraenequipo.com.mx\/inician-trabajos-para-el-analisis-del-paquete-economico-2019\/","title":{"rendered":"Inician trabajos para el an\u00e1lisis del paquete econ\u00f3mico 2019"},"content":{"rendered":"<p>HERMOSILLO, SONORA. MX. \u2014 Los integrantes de las comisiones Primera y Segunda de Hacienda iniciaron este tarde los trabajos relativos al an\u00e1lisis del paquete econ\u00f3mico del Estado para el ejercicio 2019, con una reuni\u00f3n en la que los presidentes de ambas dictaminadoras hicieron entrega de un CD que contiene la propuesta presupuestal y sus anexos. <\/p>\n<p>La diputada Diana Platt Salazar, presidenta de la Primera Comisi\u00f3n de Hacienda, explic\u00f3 que la informaci\u00f3n que se les entreg\u00f3 consiste en la iniciativa de ley de ingresos y presupuesto de ingresos, el proyecto de presupuesto de egresos y una iniciativa que modifica diversas disposiciones fiscales.<\/p>\n<p>Por la Segunda Comisi\u00f3n de Hacienda, el diputado Rogelio D\u00edaz Brown Ramsburgh, inform\u00f3 que la idea es elaborar un esquema de agenda preparatoria para la reuni\u00f3n que sostendr\u00e1n con el Secretario de Hacienda estatal el 5 de diciembre, en la cual se presentar\u00e1n los planteamientos y posturas de los legisladores.<\/p>\n<p>La diputada Mar\u00eda Dolores Del R\u00edo S\u00e1nchez pregunt\u00f3 si existe la posibilidad de que la iniciativa de ley de ahorro y austeridad que present\u00f3 el mes pasado sea analizada antes del ejercicio de discusi\u00f3n del paquete econ\u00f3mico, ya que si no es as\u00ed, el presupuesto para el ejercicio 2019 ir\u00eda sin pol\u00edticas de austeridad fuertes para el Estado y los municipios.<\/p>\n<p>Para que esta iniciativa se analice s\u00f3lo se requiere voluntad pol\u00edtica, consider\u00f3 el diputado Mart\u00edn Matrecitos Flores, en lo que coincidi\u00f3 el diputado Luis Armando Alcal\u00e1 Alcaraz, quien adem\u00e1s propuso revisar los criterios de austeridad que plantea la iniciativa referida y tratar de adaptar lo que proceda en la propuesta presupuestal del pr\u00f3ximo a\u00f1o.<\/p>\n<p>La diputada Platt Salazar invit\u00f3 a los integrantes de las dos comisiones a analizar la informaci\u00f3n contenida en el CD sobre la propuesta presupuestal del Estado, la cual esperan que no incluya m\u00e1s impuestos, que ordene el gasto p\u00fablico atendiendo a la realidad social, que elimine gastos superfluos y que existan reasignaciones para el gasto social, educativo y de seguridad.<\/p>\n<p>Por aprovechar la voluntad del Secretario de Hacienda, de venir al Congreso a explicar a detalle la iniciativa de ley de ingresos y el decreto de egresos, se pronunci\u00f3 el diputado Ferm\u00edn Trujillo Fuentes, ya que eso ayudar\u00e1 a las comisiones a tener un espacio de acercamiento y de definiciones antes de que la propuesta llegue al Pleno.<\/p>\n<p>El diputado D\u00edaz Brown Ramsburgh expuso que, en caso de que el paquete econ\u00f3mico del Estado se apruebe antes del federal, proceder\u00eda establecer en un art\u00edculo transitorio dicha salvedad para lo que proceda.<\/p>\n<p>En la reuni\u00f3n participaron, por la Primera Comisi\u00f3n de Hacienda, los diputados Diana Platt Salazar, Luis Armando Colosio Mu\u00f1oz, Yumiko Palomares Herrera, Rodolfo Liz\u00e1rraga Arellano, Ferm\u00edn Trujillo Fuentes, Alejandra L\u00f3pez Noriega y Luis Armando Alcal\u00e1 Alcaraz.<\/p>\n<p>Por la Segunda Comisi\u00f3n de Hacienda, los diputados Rogelio D\u00edaz Brown Ramsburgh, L\u00e1zaro Espinoza Mend\u00edvil, Mart\u00edn Matrecitos Flores, H\u00e9ctor Ra\u00fal Castelo Monta\u00f1o, Orlando Salido Rivera, Luis Mario Rivera Aguilar y Mar\u00eda Dolores Del R\u00edo S\u00e1nchez. Tambi\u00e9n asistieron las diputadas Rosa Icela Mart\u00ednez Espinoza y Nitzia Corina Grad\u00edas Ahumada.<\/p>\n<p>(FECHA DE PUBLICACI\u00d3N.22\/11\/2018 \/\/<\/p>\n","protected":false},"excerpt":{"rendered":"<p>HERMOSILLO, SONORA. MX. \u2014 Los integrantes de las comisiones Primera y Segunda de Hacienda iniciaron&#8230;<\/p>\n","protected":false},"author":1,"featured_media":49113,"comment_status":"open","ping_status":"open","sticky":false,"template":"","format":"standard","meta":{"_monsterinsights_skip_tracking":false,"_monsterinsights_sitenote_active":false,"_monsterinsights_sitenote_note":"","_monsterinsights_sitenote_category":0,"footnotes":""},"categories":[22],"tags":[],"class_list":["post"],"yoast_head":" \n<title>Sonora en Equipo. Inician trabajos para el an\u00e1lisis del paquete econ\u00f3mico 2019 Sonora<\/title>\n<meta name=\"description\" content=\"HERMOSILLO, SONORA. MX. \u2014 Los integrantes de las comisiones Primera y Segunda de Hacienda iniciaron este tarde los trabajos relativos al an\u00e1lisis del En Sonora en Equipo publicamos toda la informaci\u00f3n de Sonora, M\u00e9xico y el Mundo de manera oportuna y busca que la libertad de expresi\u00f3n sea real. Visita nuestro medio informativo publicado desde Hermosillo, Sonora. %\" \/>\n<meta name=\"robots\" content=\"index, follow, max-snippet:-1, max-image-preview:large, max-video-preview:-1\" \/>\n<link rel=\"canonical\" href=\"https:\/\/www.sonoraenequipo.com.mx\/inician-trabajos-para-el-analisis-del-paquete-economico-2019\/\" \/>\n<meta property=\"og:locale\" content=\"es_ES\" \/>\n<meta property=\"og:type\" content=\"article\" \/>\n<meta property=\"og:title\" content=\"Sonora en Equipo. Inician trabajos para el an\u00e1lisis del paquete econ\u00f3mico 2019 Sonora\" \/>\n<meta property=\"og:description\" content=\"HERMOSILLO, SONORA. MX. \u2014 Los integrantes de las comisiones Primera y Segunda de Hacienda iniciaron este tarde los trabajos relativos al an\u00e1lisis del En Sonora en Equipo publicamos toda la informaci\u00f3n de Sonora, M\u00e9xico y el Mundo de manera oportuna y busca que la libertad de expresi\u00f3n sea real. Visita nuestro medio informativo publicado desde Hermosillo, Sonora. %\" \/>\n<meta property=\"og:url\" content=\"https:\/\/www.sonoraenequipo.com.mx\/inician-trabajos-para-el-analisis-del-paquete-economico-2019\/\" \/>\n<meta property=\"og:site_name\" content=\"Sonora en Equipo.\" \/>\n<meta property=\"article:publisher\" content=\"https:\/\/www.facebook.com\/SonoraEE\/\" \/>\n<meta property=\"article:author\" content=\"https:\/\/www.facebook.com\/SonoraEE\" \/>\n<meta property=\"article:published_time\" content=\"2018-11-22T13:05:52+00:00\" \/>\n<meta property=\"og:image\" content=\"https:\/\/www.sonoraenequipo.com.mx\/storage\/2018\/11\/comhacienda_opt.jpg\" \/>\n\t<meta property=\"og:image:width\" content=\"600\" \/>\n\t<meta property=\"og:image:height\" content=\"400\" \/>\n\t<meta property=\"og:image:type\" content=\"image\/jpeg\" \/>\n<meta name=\"author\" content=\"enequipo\" \/>\n<meta name=\"twitter:card\" content=\"summary_large_image\" \/>\n<meta name=\"twitter:creator\" content=\"@sonoraenequipo\" \/>\n<meta name=\"twitter:site\" content=\"@sonoraenequipo\" \/>\n<meta name=\"twitter:label1\" content=\"Escrito por\" \/>\n\t<meta name=\"twitter:data1\" content=\"enequipo\" \/>\n\t<meta name=\"twitter:label2\" content=\"Tiempo de lectura\" \/>\n\t<meta name=\"twitter:data2\" content=\"3 minutos\" \/>\n<script type=\"application\/ld+json\" class=\"yoast-schema-graph\">{\"@context\":\"https:\/\/schema.org\",\"@graph\":[{\"@type\":\"Article\",\"@id\":\"https:\/\/www.sonoraenequipo.com.mx\/inician-trabajos-para-el-analisis-del-paquete-economico-2019\/#article\",\"isPartOf\":{\"@id\":\"https:\/\/www.sonoraenequipo.com.mx\/inician-trabajos-para-el-analisis-del-paquete-economico-2019\/\"},\"author\":{\"name\":\"enequipo\",\"@id\":\"https:\/\/www.sonoraenequipo.com.mx\/#\/schema\/person\/50102df0fb23a8fa9e8effad8fa81386\"},\"headline\":\"Inician trabajos para el an\u00e1lisis del paquete econ\u00f3mico 2019\",\"datePublished\":\"2018-11-22T13:05:52+00:00\",\"mainEntityOfPage\":{\"@id\":\"https:\/\/www.sonoraenequipo.com.mx\/inician-trabajos-para-el-analisis-del-paquete-economico-2019\/\"},\"wordCount\":562,\"commentCount\":0,\"publisher\":{\"@id\":\"https:\/\/www.sonoraenequipo.com.mx\/#organization\"},\"image\":{\"@id\":\"https:\/\/www.sonoraenequipo.com.mx\/inician-trabajos-para-el-analisis-del-paquete-economico-2019\/#primaryimage\"},\"thumbnailUrl\":\"https:\/\/www.sonoraenequipo.com.mx\/storage\/2018\/11\/comhacienda_opt.jpg\",\"articleSection\":[\"Sonora\"],\"inLanguage\":\"es\",\"potentialAction\":[{\"@type\":\"CommentAction\",\"name\":\"Comment\",\"target\":[\"https:\/\/www.sonoraenequipo.com.mx\/inician-trabajos-para-el-analisis-del-paquete-economico-2019\/#respond\"]}]},{\"@type\":\"WebPage\",\"@id\":\"https:\/\/www.sonoraenequipo.com.mx\/inician-trabajos-para-el-analisis-del-paquete-economico-2019\/\",\"url\":\"https:\/\/www.sonoraenequipo.com.mx\/inician-trabajos-para-el-analisis-del-paquete-economico-2019\/\",\"name\":\"Sonora en Equipo. Inician trabajos para el an\u00e1lisis del paquete econ\u00f3mico 2019 Sonora\",\"isPartOf\":{\"@id\":\"https:\/\/www.sonoraenequipo.com.mx\/#website\"},\"primaryImageOfPage\":{\"@id\":\"https:\/\/www.sonoraenequipo.com.mx\/inician-trabajos-para-el-analisis-del-paquete-economico-2019\/#primaryimage\"},\"image\":{\"@id\":\"https:\/\/www.sonoraenequipo.com.mx\/inician-trabajos-para-el-analisis-del-paquete-economico-2019\/#primaryimage\"},\"thumbnailUrl\":\"https:\/\/www.sonoraenequipo.com.mx\/storage\/2018\/11\/comhacienda_opt.jpg\",\"datePublished\":\"2018-11-22T13:05:52+00:00\",\"description\":\"HERMOSILLO, SONORA. MX. \u2014 Los integrantes de las comisiones Primera y Segunda de Hacienda iniciaron este tarde los trabajos relativos al an\u00e1lisis del En Sonora en Equipo publicamos toda la informaci\u00f3n de Sonora, M\u00e9xico y el Mundo de manera oportuna y busca que la libertad de expresi\u00f3n sea real. Visita nuestro medio informativo publicado desde Hermosillo, Sonora. %\",\"breadcrumb\":{\"@id\":\"https:\/\/www.sonoraenequipo.com.mx\/inician-trabajos-para-el-analisis-del-paquete-economico-2019\/#breadcrumb\"},\"inLanguage\":\"es\",\"potentialAction\":[{\"@type\":\"ReadAction\",\"target\":[\"https:\/\/www.sonoraenequipo.com.mx\/inician-trabajos-para-el-analisis-del-paquete-economico-2019\/\"]}]},{\"@type\":\"ImageObject\",\"inLanguage\":\"es\",\"@id\":\"https:\/\/www.sonoraenequipo.com.mx\/inician-trabajos-para-el-analisis-del-paquete-economico-2019\/#primaryimage\",\"url\":\"https:\/\/www.sonoraenequipo.com.mx\/storage\/2018\/11\/comhacienda_opt.jpg\",\"contentUrl\":\"https:\/\/www.sonoraenequipo.com.mx\/storage\/2018\/11\/comhacienda_opt.jpg\",\"width\":600,\"height\":400},{\"@type\":\"BreadcrumbList\",\"@id\":\"https:\/\/www.sonoraenequipo.com.mx\/inician-trabajos-para-el-analisis-del-paquete-economico-2019\/#breadcrumb\",\"itemListElement\":[{\"@type\":\"ListItem\",\"position\":1,\"name\":\"Portada\",\"item\":\"https:\/\/www.sonoraenequipo.com.mx\/\"},{\"@type\":\"ListItem\",\"position\":2,\"name\":\"Inician trabajos para el an\u00e1lisis del paquete econ\u00f3mico 2019\"}]},{\"@type\":\"WebSite\",\"@id\":\"https:\/\/www.sonoraenequipo.com.mx\/#website\",\"url\":\"https:\/\/www.sonoraenequipo.com.mx\/\",\"name\":\"Sonora en Equipo.\",\"description\":\"Diario en l\u00ednea con Noticias desde Hermosillo, Sonora\",\"publisher\":{\"@id\":\"https:\/\/www.sonoraenequipo.com.mx\/#organization\"},\"potentialAction\":[{\"@type\":\"SearchAction\",\"target\":{\"@type\":\"EntryPoint\",\"urlTemplate\":\"https:\/\/www.sonoraenequipo.com.mx\/?s={search_term_string}\"},\"query-input\":{\"@type\":\"PropertyValueSpecification\",\"valueRequired\":true,\"valueName\":\"search_term_string\"}}],\"inLanguage\":\"es\"},{\"@type\":\"Organization\",\"@id\":\"https:\/\/www.sonoraenequipo.com.mx\/#organization\",\"name\":\"Sonoraenequipo.com.mx\",\"url\":\"https:\/\/www.sonoraenequipo.com.mx\/\",\"logo\":{\"@type\":\"ImageObject\",\"inLanguage\":\"es\",\"@id\":\"https:\/\/www.sonoraenequipo.com.mx\/#\/schema\/logo\/image\/\",\"url\":\"https:\/\/www.sonoraenequipo.com.mx\/storage\/2019\/01\/sonoraenequipo_opt.png\",\"contentUrl\":\"https:\/\/www.sonoraenequipo.com.mx\/storage\/2019\/01\/sonoraenequipo_opt.png\",\"width\":375,\"height\":125,\"caption\":\"Sonoraenequipo.com.mx\"},\"image\":{\"@id\":\"https:\/\/www.sonoraenequipo.com.mx\/#\/schema\/logo\/image\/\"},\"sameAs\":[\"https:\/\/www.facebook.com\/SonoraEE\/\",\"https:\/\/x.com\/sonoraenequipo\",\"https:\/\/www.youtube.com\/channel\/UC338nW-lPEYmJQs4ZABQ1SQ\"]},{\"@type\":\"Person\",\"@id\":\"https:\/\/www.sonoraenequipo.com.mx\/#\/schema\/person\/50102df0fb23a8fa9e8effad8fa81386\",\"name\":\"enequipo\",\"image\":{\"@type\":\"ImageObject\",\"inLanguage\":\"es\",\"@id\":\"https:\/\/www.sonoraenequipo.com.mx\/#\/schema\/person\/image\/\",\"url\":\"https:\/\/secure.gravatar.com\/avatar\/049821681b589dabc0bc20695993ccebb09f5b5d4d790cd9251b97faac7c652b?s=96&d=blank&r=g\",\"contentUrl\":\"https:\/\/secure.gravatar.com\/avatar\/049821681b589dabc0bc20695993ccebb09f5b5d4d790cd9251b97faac7c652b?s=96&d=blank&r=g\",\"caption\":\"enequipo\"},\"sameAs\":[\"https:\/\/www.facebook.com\/SonoraEE\"]}]}<\/script>\n ","yoast_head_json":{"title":"Sonora en Equipo. Inician trabajos para el an\u00e1lisis del paquete econ\u00f3mico 2019 Sonora","description":"HERMOSILLO, SONORA. MX. \u2014 Los integrantes de las comisiones Primera y Segunda de Hacienda iniciaron este tarde los trabajos relativos al an\u00e1lisis del En Sonora en Equipo publicamos toda la informaci\u00f3n de Sonora, M\u00e9xico y el Mundo de manera oportuna y busca que la libertad de expresi\u00f3n sea real. Visita nuestro medio informativo publicado desde Hermosillo, Sonora. %","robots":{"index":"index","follow":"follow","max-snippet":"max-snippet:-1","max-image-preview":"max-image-preview:large","max-video-preview":"max-video-preview:-1"},"canonical":"https:\/\/www.sonoraenequipo.com.mx\/inician-trabajos-para-el-analisis-del-paquete-economico-2019\/","og_locale":"es_ES","og_type":"article","og_title":"Sonora en Equipo. Inician trabajos para el an\u00e1lisis del paquete econ\u00f3mico 2019 Sonora","og_description":"HERMOSILLO, SONORA. MX. \u2014 Los integrantes de las comisiones Primera y Segunda de Hacienda iniciaron este tarde los trabajos relativos al an\u00e1lisis del En Sonora en Equipo publicamos toda la informaci\u00f3n de Sonora, M\u00e9xico y el Mundo de manera oportuna y busca que la libertad de expresi\u00f3n sea real. Visita nuestro medio informativo publicado desde Hermosillo, Sonora. %","og_url":"https:\/\/www.sonoraenequipo.com.mx\/inician-trabajos-para-el-analisis-del-paquete-economico-2019\/","og_site_name":"Sonora en Equipo.","article_publisher":"https:\/\/www.facebook.com\/SonoraEE\/","article_author":"https:\/\/www.facebook.com\/SonoraEE","article_published_time":"2018-11-22T13:05:52+00:00","og_image":[{"width":600,"height":400,"url":"https:\/\/www.sonoraenequipo.com.mx\/storage\/2018\/11\/comhacienda_opt.jpg","type":"image\/jpeg"}],"author":"enequipo","twitter_card":"summary_large_image","twitter_creator":"@sonoraenequipo","twitter_site":"@sonoraenequipo","twitter_misc":{"Escrito por":"enequipo","Tiempo de lectura":"3 minutos"},"schema":{"@context":"https:\/\/schema.org","@graph":[{"@type":"Article","@id":"https:\/\/www.sonoraenequipo.com.mx\/inician-trabajos-para-el-analisis-del-paquete-economico-2019\/#article","isPartOf":{"@id":"https:\/\/www.sonoraenequipo.com.mx\/inician-trabajos-para-el-analisis-del-paquete-economico-2019\/"},"author":{"name":"enequipo","@id":"https:\/\/www.sonoraenequipo.com.mx\/#\/schema\/person\/50102df0fb23a8fa9e8effad8fa81386"},"headline":"Inician trabajos para el an\u00e1lisis del paquete econ\u00f3mico 2019","datePublished":"2018-11-22T13:05:52+00:00","mainEntityOfPage":{"@id":"https:\/\/www.sonoraenequipo.com.mx\/inician-trabajos-para-el-analisis-del-paquete-economico-2019\/"},"wordCount":562,"commentCount":0,"publisher":{"@id":"https:\/\/www.sonoraenequipo.com.mx\/#organization"},"image":{"@id":"https:\/\/www.sonoraenequipo.com.mx\/inician-trabajos-para-el-analisis-del-paquete-economico-2019\/#primaryimage"},"thumbnailUrl":"https:\/\/www.sonoraenequipo.com.mx\/storage\/2018\/11\/comhacienda_opt.jpg","articleSection":["Sonora"],"inLanguage":"es","potentialAction":[{"@type":"CommentAction","name":"Comment","target":["https:\/\/www.sonoraenequipo.com.mx\/inician-trabajos-para-el-analisis-del-paquete-economico-2019\/#respond"]}]},{"@type":"WebPage","@id":"https:\/\/www.sonoraenequipo.com.mx\/inician-trabajos-para-el-analisis-del-paquete-economico-2019\/","url":"https:\/\/www.sonoraenequipo.com.mx\/inician-trabajos-para-el-analisis-del-paquete-economico-2019\/","name":"Sonora en Equipo. Inician trabajos para el an\u00e1lisis del paquete econ\u00f3mico 2019 Sonora","isPartOf":{"@id":"https:\/\/www.sonoraenequipo.com.mx\/#website"},"primaryImageOfPage":{"@id":"https:\/\/www.sonoraenequipo.com.mx\/inician-trabajos-para-el-analisis-del-paquete-economico-2019\/#primaryimage"},"image":{"@id":"https:\/\/www.sonoraenequipo.com.mx\/inician-trabajos-para-el-analisis-del-paquete-economico-2019\/#primaryimage"},"thumbnailUrl":"https:\/\/www.sonoraenequipo.com.mx\/storage\/2018\/11\/comhacienda_opt.jpg","datePublished":"2018-11-22T13:05:52+00:00","description":"HERMOSILLO, SONORA. MX. \u2014 Los integrantes de las comisiones Primera y Segunda de Hacienda iniciaron este tarde los trabajos relativos al an\u00e1lisis del En Sonora en Equipo publicamos toda la informaci\u00f3n de Sonora, M\u00e9xico y el Mundo de manera oportuna y busca que la libertad de expresi\u00f3n sea real. Visita nuestro medio informativo publicado desde Hermosillo, Sonora. %","breadcrumb":{"@id":"https:\/\/www.sonoraenequipo.com.mx\/inician-trabajos-para-el-analisis-del-paquete-economico-2019\/#breadcrumb"},"inLanguage":"es","potentialAction":[{"@type":"ReadAction","target":["https:\/\/www.sonoraenequipo.com.mx\/inician-trabajos-para-el-analisis-del-paquete-economico-2019\/"]}]},{"@type":"ImageObject","inLanguage":"es","@id":"https:\/\/www.sonoraenequipo.com.mx\/inician-trabajos-para-el-analisis-del-paquete-economico-2019\/#primaryimage","url":"https:\/\/www.sonoraenequipo.com.mx\/storage\/2018\/11\/comhacienda_opt.jpg","contentUrl":"https:\/\/www.sonoraenequipo.com.mx\/storage\/2018\/11\/comhacienda_opt.jpg","width":600,"height":400},{"@type":"BreadcrumbList","@id":"https:\/\/www.sonoraenequipo.com.mx\/inician-trabajos-para-el-analisis-del-paquete-economico-2019\/#breadcrumb","itemListElement":[{"@type":"ListItem","position":1,"name":"Portada","item":"https:\/\/www.sonoraenequipo.com.mx\/"},{"@type":"ListItem","position":2,"name":"Inician trabajos para el an\u00e1lisis del paquete econ\u00f3mico 2019"}]},{"@type":"WebSite","@id":"https:\/\/www.sonoraenequipo.com.mx\/#website","url":"https:\/\/www.sonoraenequipo.com.mx\/","name":"Sonora en Equipo.","description":"Diario en l\u00ednea con Noticias desde Hermosillo, Sonora","publisher":{"@id":"https:\/\/www.sonoraenequipo.com.mx\/#organization"},"potentialAction":[{"@type":"SearchAction","target":{"@type":"EntryPoint","urlTemplate":"https:\/\/www.sonoraenequipo.com.mx\/?s={search_term_string}"},"query-input":{"@type":"PropertyValueSpecification","valueRequired":true,"valueName":"search_term_string"}}],"inLanguage":"es"},{"@type":"Organization","@id":"https:\/\/www.sonoraenequipo.com.mx\/#organization","name":"Sonoraenequipo.com.mx","url":"https:\/\/www.sonoraenequipo.com.mx\/","logo":{"@type":"ImageObject","inLanguage":"es","@id":"https:\/\/www.sonoraenequipo.com.mx\/#\/schema\/logo\/image\/","url":"https:\/\/www.sonoraenequipo.com.mx\/storage\/2019\/01\/sonoraenequipo_opt.png","contentUrl":"https:\/\/www.sonoraenequipo.com.mx\/storage\/2019\/01\/sonoraenequipo_opt.png","width":375,"height":125,"caption":"Sonoraenequipo.com.mx"},"image":{"@id":"https:\/\/www.sonoraenequipo.com.mx\/#\/schema\/logo\/image\/"},"sameAs":["https:\/\/www.facebook.com\/SonoraEE\/","https:\/\/x.com\/sonoraenequipo","https:\/\/www.youtube.com\/channel\/UC338nW-lPEYmJQs4ZABQ1SQ"]},{"@type":"Person","@id":"https:\/\/www.sonoraenequipo.com.mx\/#\/schema\/person\/50102df0fb23a8fa9e8effad8fa81386","name":"enequipo","image":{"@type":"ImageObject","inLanguage":"es","@id":"https:\/\/www.sonoraenequipo.com.mx\/#\/schema\/person\/image\/","url":"https:\/\/secure.gravatar.com\/avatar\/049821681b589dabc0bc20695993ccebb09f5b5d4d790cd9251b97faac7c652b?s=96&d=blank&r=g","contentUrl":"https:\/\/secure.gravatar.com\/avatar\/049821681b589dabc0bc20695993ccebb09f5b5d4d790cd9251b97faac7c652b?s=96&d=blank&r=g","caption":"enequipo"},"sameAs":["https:\/\/www.facebook.com\/SonoraEE"]}]}},"jetpack_featured_media_url":"https:\/\/www.sonoraenequipo.com.mx\/storage\/2018\/11\/comhacienda_opt.jpg","_links":{"self":[{"href":"https:\/\/www.sonoraenequipo.com.mx\/api\/wp\/v2\/posts\/49112","targetHints":{"allow":["GET"]}}],"collection":[{"href":"https:\/\/www.sonoraenequipo.com.mx\/api\/wp\/v2\/posts"}],"about":[{"href":"https:\/\/www.sonoraenequipo.com.mx\/api\/wp\/v2\/types\/post"}],"author":[{"embeddable":true,"href":"https:\/\/www.sonoraenequipo.com.mx\/api\/wp\/v2\/users\/1"}],"replies":[{"embeddable":true,"href":"https:\/\/www.sonoraenequipo.com.mx\/api\/wp\/v2\/comments?post=49112"}],"version-history":[{"count":0,"href":"https:\/\/www.sonoraenequipo.com.mx\/api\/wp\/v2\/posts\/49112\/revisions"}],"wp:featuredmedia":[{"embeddable":true,"href":"https:\/\/www.sonoraenequipo.com.mx\/api\/wp\/v2\/media\/49113"}],"wp:attachment":[{"href":"https:\/\/www.sonoraenequipo.com.mx\/api\/wp\/v2\/media?parent=49112"}],"wp:term":[{"taxonomy":"category","embeddable":true,"href":"https:\/\/www.sonoraenequipo.com.mx\/api\/wp\/v2\/categories?post=49112"},{"taxonomy":"post_tag","embeddable":true,"href":"https:\/\/www.sonoraenequipo.com.mx\/api\/wp\/v2\/tags?post=49112"}],"curies":[{"name":"wp","href":"https:\/\/api.w.org\/{rel}","templated":true}]}}