{"id":49115,"date":"2018-11-22T06:00:16","date_gmt":"2018-11-22T13:00:16","guid":{"rendered":"http:\/\/www.sonoraenequipo.com.mx\/?p=49115"},"modified":"2018-11-22T06:32:24","modified_gmt":"2018-11-22T13:32:24","slug":"fortalece-secretaria-de-economia-apoderamiento-de-la-mujer-en-sonora","status":"publish","type":"post","link":"https:\/\/www.sonoraenequipo.com.mx\/fortalece-secretaria-de-economia-apoderamiento-de-la-mujer-en-sonora\/","title":{"rendered":"Fortalece Secretar\u00eda de Econom\u00eda apoderamiento de la mujer en Sonora"},"content":{"rendered":"<p>HERMOSILLO, SONORA.MX. \u2014 Para fortalecer el empoderamiento de la mujer e incursionarlas al sector productivo en Sonora, se realiz\u00f3 el cierre del programa \u201cInnovando y Caminando\u201d, por parte de la Secretar\u00eda de Econom\u00eda, a trav\u00e9s de su Unidad de G\u00e9nero. <\/p>\n<p>Jorge Vidal Ahumada, secretario de Econom\u00eda, indic\u00f3 que este programa va encaminado a la directriz de la gobernadora Claudia Pavlovich Arellano, de empoderar a la mujer sonorense al brindarles capacitaciones y oportunidades de emprendimiento.<\/p>\n<p>\u201cLa Secretar\u00eda de Econom\u00eda contin\u00faa apoyando a la mujer porque es muy importante su incorporaci\u00f3n en el sector productivo, en el 2018 se dieron 60 cr\u00e9ditos a trav\u00e9s de Fideson y se capacitaron a 250 mujeres con temas administrativos, tecnol\u00f3gicos y financieros\u201d, afirm\u00f3.<\/p>\n<p>Las 250 mujeres que llevaron el programa \u201cInnovando y Caminando\u201d, detall\u00f3 el funcionario estatal, recibieron capacitaci\u00f3n en temas como: \u201cAtreve a innovar\u201d, \u201cPropiedad intelectual\u201d y \u201cTus ventas a trav\u00e9s de las redes sociales\u201d.<\/p>\n<p>Vidal Ahumada se\u00f1al\u00f3 que con esta acci\u00f3n se crea una comunidad para utilizar la herramienta \u201cworkspace\u201d, a fin de dar continuidad a los programas de la Secretar\u00eda de Econom\u00eda y del Consejo Estatal de Ciencia y Tecnolog\u00eda (Coecyt).<\/p>\n<p>Destac\u00f3 que desde el inicio de la administraci\u00f3n de la gobernadora Pavlovich, se ha incrementado la participaci\u00f3n de la mujer en los distintos sectores productivos de Sonora, tales como el econ\u00f3mico, aeroespacial, minero, de la construcci\u00f3n, entre otros; de ah\u00ed la importancia de este tipo de acciones encaminadas al empoderamiento femenino en la entidad.<\/p>\n<p>Como parte del programa se imparti\u00f3 la conferencia \u201cLa imagen de la mujer\u201d, por parte de Helga Kuster, consultora en imagen internacional por la Asociaci\u00f3n Internacional de Consultores de Imagen.<\/p>\n<p>Presentes: Blanca Luz Salda\u00f1a L\u00f3pez, coordinadora ejecutiva del Instituto Sonorense de las Mujeres; Blanca Camacho Sosa, secretaria ejecutiva del Sistema Estatal de Protecci\u00f3n Integral de Ni\u00f1as, Ni\u00f1os y Adolescentes de Sonora; y Mar\u00eda Guadalupe Gaona, titular de la Unidad de G\u00e9nero de la Secretar\u00eda de Econom\u00eda.<\/p>\n<p>Adem\u00e1s, Ana Karina Maldonado, presidenta de CMIC Sonora; Mirta Alvarado, presidenta de Canaco Servitur; as\u00ed como las diputadas Mar\u00eda Magdalena Pe\u00f1a y Mar\u00eda Alicia Gayt\u00e1n S\u00e1nchez.<\/p>\n<p>(FECHA DE PUBLICACI\u00d3N.21\/11\/2018 \/\/<\/p>\n","protected":false},"excerpt":{"rendered":"<p>HERMOSILLO, SONORA.MX. \u2014 Para fortalecer el empoderamiento de la mujer e incursionarlas al sector productivo&#8230;<\/p>\n","protected":false},"author":1,"featured_media":49116,"comment_status":"open","ping_status":"open","sticky":false,"template":"","format":"standard","meta":{"_monsterinsights_skip_tracking":false,"_monsterinsights_sitenote_active":false,"_monsterinsights_sitenote_note":"","_monsterinsights_sitenote_category":0,"footnotes":""},"categories":[22],"tags":[],"class_list":["post"],"yoast_head":" \n<title>Sonora en Equipo. Fortalece Secretar\u00eda de Econom\u00eda apoderamiento de la mujer en Sonora Sonora<\/title>\n<meta name=\"description\" content=\"HERMOSILLO, SONORA.MX. \u2014 Para fortalecer el empoderamiento de la mujer e incursionarlas al sector productivo en Sonora, se realiz\u00f3 el cierre del programa En Sonora en Equipo publicamos toda la informaci\u00f3n de Sonora, M\u00e9xico y el Mundo de manera oportuna y busca que la libertad de expresi\u00f3n sea real. Visita nuestro medio informativo publicado desde Hermosillo, Sonora. %\" \/>\n<meta name=\"robots\" content=\"index, follow, max-snippet:-1, max-image-preview:large, max-video-preview:-1\" \/>\n<link rel=\"canonical\" href=\"https:\/\/www.sonoraenequipo.com.mx\/fortalece-secretaria-de-economia-apoderamiento-de-la-mujer-en-sonora\/\" \/>\n<meta property=\"og:locale\" content=\"es_ES\" \/>\n<meta property=\"og:type\" content=\"article\" \/>\n<meta property=\"og:title\" content=\"Sonora en Equipo. Fortalece Secretar\u00eda de Econom\u00eda apoderamiento de la mujer en Sonora Sonora\" \/>\n<meta property=\"og:description\" content=\"HERMOSILLO, SONORA.MX. \u2014 Para fortalecer el empoderamiento de la mujer e incursionarlas al sector productivo en Sonora, se realiz\u00f3 el cierre del programa En Sonora en Equipo publicamos toda la informaci\u00f3n de Sonora, M\u00e9xico y el Mundo de manera oportuna y busca que la libertad de expresi\u00f3n sea real. Visita nuestro medio informativo publicado desde Hermosillo, Sonora. %\" \/>\n<meta property=\"og:url\" content=\"https:\/\/www.sonoraenequipo.com.mx\/fortalece-secretaria-de-economia-apoderamiento-de-la-mujer-en-sonora\/\" \/>\n<meta property=\"og:site_name\" content=\"Sonora en Equipo.\" \/>\n<meta property=\"article:publisher\" content=\"https:\/\/www.facebook.com\/SonoraEE\/\" \/>\n<meta property=\"article:author\" content=\"https:\/\/www.facebook.com\/SonoraEE\" \/>\n<meta property=\"article:published_time\" content=\"2018-11-22T13:00:16+00:00\" \/>\n<meta property=\"article:modified_time\" content=\"2018-11-22T13:32:24+00:00\" \/>\n<meta property=\"og:image\" content=\"https:\/\/www.sonoraenequipo.com.mx\/storage\/2018\/11\/vidala_opt.jpg\" \/>\n\t<meta property=\"og:image:width\" content=\"539\" \/>\n\t<meta property=\"og:image:height\" content=\"400\" \/>\n\t<meta property=\"og:image:type\" content=\"image\/jpeg\" \/>\n<meta name=\"author\" content=\"enequipo\" \/>\n<meta name=\"twitter:card\" content=\"summary_large_image\" \/>\n<meta name=\"twitter:creator\" content=\"@sonoraenequipo\" \/>\n<meta name=\"twitter:site\" content=\"@sonoraenequipo\" \/>\n<meta name=\"twitter:label1\" content=\"Escrito por\" \/>\n\t<meta name=\"twitter:data1\" content=\"enequipo\" \/>\n\t<meta name=\"twitter:label2\" content=\"Tiempo de lectura\" \/>\n\t<meta name=\"twitter:data2\" content=\"2 minutos\" \/>\n<script type=\"application\/ld+json\" class=\"yoast-schema-graph\">{\"@context\":\"https:\/\/schema.org\",\"@graph\":[{\"@type\":\"Article\",\"@id\":\"https:\/\/www.sonoraenequipo.com.mx\/fortalece-secretaria-de-economia-apoderamiento-de-la-mujer-en-sonora\/#article\",\"isPartOf\":{\"@id\":\"https:\/\/www.sonoraenequipo.com.mx\/fortalece-secretaria-de-economia-apoderamiento-de-la-mujer-en-sonora\/\"},\"author\":{\"name\":\"enequipo\",\"@id\":\"https:\/\/www.sonoraenequipo.com.mx\/#\/schema\/person\/50102df0fb23a8fa9e8effad8fa81386\"},\"headline\":\"Fortalece Secretar\u00eda de Econom\u00eda apoderamiento de la mujer en Sonora\",\"datePublished\":\"2018-11-22T13:00:16+00:00\",\"dateModified\":\"2018-11-22T13:32:24+00:00\",\"mainEntityOfPage\":{\"@id\":\"https:\/\/www.sonoraenequipo.com.mx\/fortalece-secretaria-de-economia-apoderamiento-de-la-mujer-en-sonora\/\"},\"wordCount\":395,\"commentCount\":0,\"publisher\":{\"@id\":\"https:\/\/www.sonoraenequipo.com.mx\/#organization\"},\"image\":{\"@id\":\"https:\/\/www.sonoraenequipo.com.mx\/fortalece-secretaria-de-economia-apoderamiento-de-la-mujer-en-sonora\/#primaryimage\"},\"thumbnailUrl\":\"https:\/\/www.sonoraenequipo.com.mx\/storage\/2018\/11\/vidala_opt.jpg\",\"articleSection\":[\"Sonora\"],\"inLanguage\":\"es\",\"potentialAction\":[{\"@type\":\"CommentAction\",\"name\":\"Comment\",\"target\":[\"https:\/\/www.sonoraenequipo.com.mx\/fortalece-secretaria-de-economia-apoderamiento-de-la-mujer-en-sonora\/#respond\"]}]},{\"@type\":\"WebPage\",\"@id\":\"https:\/\/www.sonoraenequipo.com.mx\/fortalece-secretaria-de-economia-apoderamiento-de-la-mujer-en-sonora\/\",\"url\":\"https:\/\/www.sonoraenequipo.com.mx\/fortalece-secretaria-de-economia-apoderamiento-de-la-mujer-en-sonora\/\",\"name\":\"Sonora en Equipo. Fortalece Secretar\u00eda de Econom\u00eda apoderamiento de la mujer en Sonora Sonora\",\"isPartOf\":{\"@id\":\"https:\/\/www.sonoraenequipo.com.mx\/#website\"},\"primaryImageOfPage\":{\"@id\":\"https:\/\/www.sonoraenequipo.com.mx\/fortalece-secretaria-de-economia-apoderamiento-de-la-mujer-en-sonora\/#primaryimage\"},\"image\":{\"@id\":\"https:\/\/www.sonoraenequipo.com.mx\/fortalece-secretaria-de-economia-apoderamiento-de-la-mujer-en-sonora\/#primaryimage\"},\"thumbnailUrl\":\"https:\/\/www.sonoraenequipo.com.mx\/storage\/2018\/11\/vidala_opt.jpg\",\"datePublished\":\"2018-11-22T13:00:16+00:00\",\"dateModified\":\"2018-11-22T13:32:24+00:00\",\"description\":\"HERMOSILLO, SONORA.MX. \u2014 Para fortalecer el empoderamiento de la mujer e incursionarlas al sector productivo en Sonora, se realiz\u00f3 el cierre del programa En Sonora en Equipo publicamos toda la informaci\u00f3n de Sonora, M\u00e9xico y el Mundo de manera oportuna y busca que la libertad de expresi\u00f3n sea real. Visita nuestro medio informativo publicado desde Hermosillo, Sonora. %\",\"breadcrumb\":{\"@id\":\"https:\/\/www.sonoraenequipo.com.mx\/fortalece-secretaria-de-economia-apoderamiento-de-la-mujer-en-sonora\/#breadcrumb\"},\"inLanguage\":\"es\",\"potentialAction\":[{\"@type\":\"ReadAction\",\"target\":[\"https:\/\/www.sonoraenequipo.com.mx\/fortalece-secretaria-de-economia-apoderamiento-de-la-mujer-en-sonora\/\"]}]},{\"@type\":\"ImageObject\",\"inLanguage\":\"es\",\"@id\":\"https:\/\/www.sonoraenequipo.com.mx\/fortalece-secretaria-de-economia-apoderamiento-de-la-mujer-en-sonora\/#primaryimage\",\"url\":\"https:\/\/www.sonoraenequipo.com.mx\/storage\/2018\/11\/vidala_opt.jpg\",\"contentUrl\":\"https:\/\/www.sonoraenequipo.com.mx\/storage\/2018\/11\/vidala_opt.jpg\",\"width\":539,\"height\":400},{\"@type\":\"BreadcrumbList\",\"@id\":\"https:\/\/www.sonoraenequipo.com.mx\/fortalece-secretaria-de-economia-apoderamiento-de-la-mujer-en-sonora\/#breadcrumb\",\"itemListElement\":[{\"@type\":\"ListItem\",\"position\":1,\"name\":\"Portada\",\"item\":\"https:\/\/www.sonoraenequipo.com.mx\/\"},{\"@type\":\"ListItem\",\"position\":2,\"name\":\"Fortalece Secretar\u00eda de Econom\u00eda apoderamiento de la mujer en Sonora\"}]},{\"@type\":\"WebSite\",\"@id\":\"https:\/\/www.sonoraenequipo.com.mx\/#website\",\"url\":\"https:\/\/www.sonoraenequipo.com.mx\/\",\"name\":\"Sonora en Equipo.\",\"description\":\"Diario en l\u00ednea con Noticias desde Hermosillo, Sonora\",\"publisher\":{\"@id\":\"https:\/\/www.sonoraenequipo.com.mx\/#organization\"},\"potentialAction\":[{\"@type\":\"SearchAction\",\"target\":{\"@type\":\"EntryPoint\",\"urlTemplate\":\"https:\/\/www.sonoraenequipo.com.mx\/?s={search_term_string}\"},\"query-input\":{\"@type\":\"PropertyValueSpecification\",\"valueRequired\":true,\"valueName\":\"search_term_string\"}}],\"inLanguage\":\"es\"},{\"@type\":\"Organization\",\"@id\":\"https:\/\/www.sonoraenequipo.com.mx\/#organization\",\"name\":\"Sonoraenequipo.com.mx\",\"url\":\"https:\/\/www.sonoraenequipo.com.mx\/\",\"logo\":{\"@type\":\"ImageObject\",\"inLanguage\":\"es\",\"@id\":\"https:\/\/www.sonoraenequipo.com.mx\/#\/schema\/logo\/image\/\",\"url\":\"https:\/\/www.sonoraenequipo.com.mx\/storage\/2019\/01\/sonoraenequipo_opt.png\",\"contentUrl\":\"https:\/\/www.sonoraenequipo.com.mx\/storage\/2019\/01\/sonoraenequipo_opt.png\",\"width\":375,\"height\":125,\"caption\":\"Sonoraenequipo.com.mx\"},\"image\":{\"@id\":\"https:\/\/www.sonoraenequipo.com.mx\/#\/schema\/logo\/image\/\"},\"sameAs\":[\"https:\/\/www.facebook.com\/SonoraEE\/\",\"https:\/\/x.com\/sonoraenequipo\",\"https:\/\/www.youtube.com\/channel\/UC338nW-lPEYmJQs4ZABQ1SQ\"]},{\"@type\":\"Person\",\"@id\":\"https:\/\/www.sonoraenequipo.com.mx\/#\/schema\/person\/50102df0fb23a8fa9e8effad8fa81386\",\"name\":\"enequipo\",\"image\":{\"@type\":\"ImageObject\",\"inLanguage\":\"es\",\"@id\":\"https:\/\/www.sonoraenequipo.com.mx\/#\/schema\/person\/image\/\",\"url\":\"https:\/\/secure.gravatar.com\/avatar\/049821681b589dabc0bc20695993ccebb09f5b5d4d790cd9251b97faac7c652b?s=96&d=blank&r=g\",\"contentUrl\":\"https:\/\/secure.gravatar.com\/avatar\/049821681b589dabc0bc20695993ccebb09f5b5d4d790cd9251b97faac7c652b?s=96&d=blank&r=g\",\"caption\":\"enequipo\"},\"sameAs\":[\"https:\/\/www.facebook.com\/SonoraEE\"]}]}<\/script>\n ","yoast_head_json":{"title":"Sonora en Equipo. Fortalece Secretar\u00eda de Econom\u00eda apoderamiento de la mujer en Sonora Sonora","description":"HERMOSILLO, SONORA.MX. \u2014 Para fortalecer el empoderamiento de la mujer e incursionarlas al sector productivo en Sonora, se realiz\u00f3 el cierre del programa En Sonora en Equipo publicamos toda la informaci\u00f3n de Sonora, M\u00e9xico y el Mundo de manera oportuna y busca que la libertad de expresi\u00f3n sea real. Visita nuestro medio informativo publicado desde Hermosillo, Sonora. %","robots":{"index":"index","follow":"follow","max-snippet":"max-snippet:-1","max-image-preview":"max-image-preview:large","max-video-preview":"max-video-preview:-1"},"canonical":"https:\/\/www.sonoraenequipo.com.mx\/fortalece-secretaria-de-economia-apoderamiento-de-la-mujer-en-sonora\/","og_locale":"es_ES","og_type":"article","og_title":"Sonora en Equipo. Fortalece Secretar\u00eda de Econom\u00eda apoderamiento de la mujer en Sonora Sonora","og_description":"HERMOSILLO, SONORA.MX. \u2014 Para fortalecer el empoderamiento de la mujer e incursionarlas al sector productivo en Sonora, se realiz\u00f3 el cierre del programa En Sonora en Equipo publicamos toda la informaci\u00f3n de Sonora, M\u00e9xico y el Mundo de manera oportuna y busca que la libertad de expresi\u00f3n sea real. Visita nuestro medio informativo publicado desde Hermosillo, Sonora. %","og_url":"https:\/\/www.sonoraenequipo.com.mx\/fortalece-secretaria-de-economia-apoderamiento-de-la-mujer-en-sonora\/","og_site_name":"Sonora en Equipo.","article_publisher":"https:\/\/www.facebook.com\/SonoraEE\/","article_author":"https:\/\/www.facebook.com\/SonoraEE","article_published_time":"2018-11-22T13:00:16+00:00","article_modified_time":"2018-11-22T13:32:24+00:00","og_image":[{"width":539,"height":400,"url":"https:\/\/www.sonoraenequipo.com.mx\/storage\/2018\/11\/vidala_opt.jpg","type":"image\/jpeg"}],"author":"enequipo","twitter_card":"summary_large_image","twitter_creator":"@sonoraenequipo","twitter_site":"@sonoraenequipo","twitter_misc":{"Escrito por":"enequipo","Tiempo de lectura":"2 minutos"},"schema":{"@context":"https:\/\/schema.org","@graph":[{"@type":"Article","@id":"https:\/\/www.sonoraenequipo.com.mx\/fortalece-secretaria-de-economia-apoderamiento-de-la-mujer-en-sonora\/#article","isPartOf":{"@id":"https:\/\/www.sonoraenequipo.com.mx\/fortalece-secretaria-de-economia-apoderamiento-de-la-mujer-en-sonora\/"},"author":{"name":"enequipo","@id":"https:\/\/www.sonoraenequipo.com.mx\/#\/schema\/person\/50102df0fb23a8fa9e8effad8fa81386"},"headline":"Fortalece Secretar\u00eda de Econom\u00eda apoderamiento de la mujer en Sonora","datePublished":"2018-11-22T13:00:16+00:00","dateModified":"2018-11-22T13:32:24+00:00","mainEntityOfPage":{"@id":"https:\/\/www.sonoraenequipo.com.mx\/fortalece-secretaria-de-economia-apoderamiento-de-la-mujer-en-sonora\/"},"wordCount":395,"commentCount":0,"publisher":{"@id":"https:\/\/www.sonoraenequipo.com.mx\/#organization"},"image":{"@id":"https:\/\/www.sonoraenequipo.com.mx\/fortalece-secretaria-de-economia-apoderamiento-de-la-mujer-en-sonora\/#primaryimage"},"thumbnailUrl":"https:\/\/www.sonoraenequipo.com.mx\/storage\/2018\/11\/vidala_opt.jpg","articleSection":["Sonora"],"inLanguage":"es","potentialAction":[{"@type":"CommentAction","name":"Comment","target":["https:\/\/www.sonoraenequipo.com.mx\/fortalece-secretaria-de-economia-apoderamiento-de-la-mujer-en-sonora\/#respond"]}]},{"@type":"WebPage","@id":"https:\/\/www.sonoraenequipo.com.mx\/fortalece-secretaria-de-economia-apoderamiento-de-la-mujer-en-sonora\/","url":"https:\/\/www.sonoraenequipo.com.mx\/fortalece-secretaria-de-economia-apoderamiento-de-la-mujer-en-sonora\/","name":"Sonora en Equipo. Fortalece Secretar\u00eda de Econom\u00eda apoderamiento de la mujer en Sonora Sonora","isPartOf":{"@id":"https:\/\/www.sonoraenequipo.com.mx\/#website"},"primaryImageOfPage":{"@id":"https:\/\/www.sonoraenequipo.com.mx\/fortalece-secretaria-de-economia-apoderamiento-de-la-mujer-en-sonora\/#primaryimage"},"image":{"@id":"https:\/\/www.sonoraenequipo.com.mx\/fortalece-secretaria-de-economia-apoderamiento-de-la-mujer-en-sonora\/#primaryimage"},"thumbnailUrl":"https:\/\/www.sonoraenequipo.com.mx\/storage\/2018\/11\/vidala_opt.jpg","datePublished":"2018-11-22T13:00:16+00:00","dateModified":"2018-11-22T13:32:24+00:00","description":"HERMOSILLO, SONORA.MX. \u2014 Para fortalecer el empoderamiento de la mujer e incursionarlas al sector productivo en Sonora, se realiz\u00f3 el cierre del programa En Sonora en Equipo publicamos toda la informaci\u00f3n de Sonora, M\u00e9xico y el Mundo de manera oportuna y busca que la libertad de expresi\u00f3n sea real. Visita nuestro medio informativo publicado desde Hermosillo, Sonora. %","breadcrumb":{"@id":"https:\/\/www.sonoraenequipo.com.mx\/fortalece-secretaria-de-economia-apoderamiento-de-la-mujer-en-sonora\/#breadcrumb"},"inLanguage":"es","potentialAction":[{"@type":"ReadAction","target":["https:\/\/www.sonoraenequipo.com.mx\/fortalece-secretaria-de-economia-apoderamiento-de-la-mujer-en-sonora\/"]}]},{"@type":"ImageObject","inLanguage":"es","@id":"https:\/\/www.sonoraenequipo.com.mx\/fortalece-secretaria-de-economia-apoderamiento-de-la-mujer-en-sonora\/#primaryimage","url":"https:\/\/www.sonoraenequipo.com.mx\/storage\/2018\/11\/vidala_opt.jpg","contentUrl":"https:\/\/www.sonoraenequipo.com.mx\/storage\/2018\/11\/vidala_opt.jpg","width":539,"height":400},{"@type":"BreadcrumbList","@id":"https:\/\/www.sonoraenequipo.com.mx\/fortalece-secretaria-de-economia-apoderamiento-de-la-mujer-en-sonora\/#breadcrumb","itemListElement":[{"@type":"ListItem","position":1,"name":"Portada","item":"https:\/\/www.sonoraenequipo.com.mx\/"},{"@type":"ListItem","position":2,"name":"Fortalece Secretar\u00eda de Econom\u00eda apoderamiento de la mujer en Sonora"}]},{"@type":"WebSite","@id":"https:\/\/www.sonoraenequipo.com.mx\/#website","url":"https:\/\/www.sonoraenequipo.com.mx\/","name":"Sonora en Equipo.","description":"Diario en l\u00ednea con Noticias desde Hermosillo, Sonora","publisher":{"@id":"https:\/\/www.sonoraenequipo.com.mx\/#organization"},"potentialAction":[{"@type":"SearchAction","target":{"@type":"EntryPoint","urlTemplate":"https:\/\/www.sonoraenequipo.com.mx\/?s={search_term_string}"},"query-input":{"@type":"PropertyValueSpecification","valueRequired":true,"valueName":"search_term_string"}}],"inLanguage":"es"},{"@type":"Organization","@id":"https:\/\/www.sonoraenequipo.com.mx\/#organization","name":"Sonoraenequipo.com.mx","url":"https:\/\/www.sonoraenequipo.com.mx\/","logo":{"@type":"ImageObject","inLanguage":"es","@id":"https:\/\/www.sonoraenequipo.com.mx\/#\/schema\/logo\/image\/","url":"https:\/\/www.sonoraenequipo.com.mx\/storage\/2019\/01\/sonoraenequipo_opt.png","contentUrl":"https:\/\/www.sonoraenequipo.com.mx\/storage\/2019\/01\/sonoraenequipo_opt.png","width":375,"height":125,"caption":"Sonoraenequipo.com.mx"},"image":{"@id":"https:\/\/www.sonoraenequipo.com.mx\/#\/schema\/logo\/image\/"},"sameAs":["https:\/\/www.facebook.com\/SonoraEE\/","https:\/\/x.com\/sonoraenequipo","https:\/\/www.youtube.com\/channel\/UC338nW-lPEYmJQs4ZABQ1SQ"]},{"@type":"Person","@id":"https:\/\/www.sonoraenequipo.com.mx\/#\/schema\/person\/50102df0fb23a8fa9e8effad8fa81386","name":"enequipo","image":{"@type":"ImageObject","inLanguage":"es","@id":"https:\/\/www.sonoraenequipo.com.mx\/#\/schema\/person\/image\/","url":"https:\/\/secure.gravatar.com\/avatar\/049821681b589dabc0bc20695993ccebb09f5b5d4d790cd9251b97faac7c652b?s=96&d=blank&r=g","contentUrl":"https:\/\/secure.gravatar.com\/avatar\/049821681b589dabc0bc20695993ccebb09f5b5d4d790cd9251b97faac7c652b?s=96&d=blank&r=g","caption":"enequipo"},"sameAs":["https:\/\/www.facebook.com\/SonoraEE"]}]}},"jetpack_featured_media_url":"https:\/\/www.sonoraenequipo.com.mx\/storage\/2018\/11\/vidala_opt.jpg","_links":{"self":[{"href":"https:\/\/www.sonoraenequipo.com.mx\/api\/wp\/v2\/posts\/49115","targetHints":{"allow":["GET"]}}],"collection":[{"href":"https:\/\/www.sonoraenequipo.com.mx\/api\/wp\/v2\/posts"}],"about":[{"href":"https:\/\/www.sonoraenequipo.com.mx\/api\/wp\/v2\/types\/post"}],"author":[{"embeddable":true,"href":"https:\/\/www.sonoraenequipo.com.mx\/api\/wp\/v2\/users\/1"}],"replies":[{"embeddable":true,"href":"https:\/\/www.sonoraenequipo.com.mx\/api\/wp\/v2\/comments?post=49115"}],"version-history":[{"count":0,"href":"https:\/\/www.sonoraenequipo.com.mx\/api\/wp\/v2\/posts\/49115\/revisions"}],"wp:featuredmedia":[{"embeddable":true,"href":"https:\/\/www.sonoraenequipo.com.mx\/api\/wp\/v2\/media\/49116"}],"wp:attachment":[{"href":"https:\/\/www.sonoraenequipo.com.mx\/api\/wp\/v2\/media?parent=49115"}],"wp:term":[{"taxonomy":"category","embeddable":true,"href":"https:\/\/www.sonoraenequipo.com.mx\/api\/wp\/v2\/categories?post=49115"},{"taxonomy":"post_tag","embeddable":true,"href":"https:\/\/www.sonoraenequipo.com.mx\/api\/wp\/v2\/tags?post=49115"}],"curies":[{"name":"wp","href":"https:\/\/api.w.org\/{rel}","templated":true}]}}