{"id":49121,"date":"2018-11-21T18:14:48","date_gmt":"2018-11-22T01:14:48","guid":{"rendered":"http:\/\/www.sonoraenequipo.com.mx\/?p=49121"},"modified":"2018-11-22T06:41:32","modified_gmt":"2018-11-22T13:41:32","slug":"celebra-ues-segunda-expo-feria-turismo-transformacion-digital","status":"publish","type":"post","link":"https:\/\/www.sonoraenequipo.com.mx\/celebra-ues-segunda-expo-feria-turismo-transformacion-digital\/","title":{"rendered":"Celebra UES segunda Expo-Feria Turismo: Transformaci\u00f3n Digital"},"content":{"rendered":"<p>HERMOSILLO, SONORA. MX. \u2014 Para vincular los conocimientos adquiridos en las aulas con el mercado laboral, estudiantes del s\u00e9ptimo semestre de la Licenciatura en Turismo de la Universidad Estatal de Sonora (UES) celebraron la segunda Expo-Feria Turismo: Transformaci\u00f3n Digital. <\/p>\n<p>Inici\u00f3 este mi\u00e9rcoles con conferencias magistrales en el Auditorio C\u00edvico del Estado, y continuar\u00e1 el 22 de noviembre con 12 talleres en el campus Hermosillo de la UES, inform\u00f3 Jos\u00e9 Alonso Acosta Contreras.<\/p>\n<p>El responsable de la Divisi\u00f3n Econ\u00f3mico Administrativa de la UES destac\u00f3 que la asistencia de 400 estudiantes a este evento reforzar\u00e1 las asignaturas cursadas a lo largo de su carrera y les permitir\u00e1 conocer sobre la industria del turismo.<\/p>\n<p><em>\u201cCreo que van a llevarse muy buena experiencia porque est\u00e1n en este momento aplicando todos los conocimientos adquiridos no s\u00f3lo en las materias que est\u00e1n cursando actualmente, sino las asignaturas que llevaron durante su carrera\u201d<\/em>, se\u00f1al\u00f3.<\/p>\n<p>En esta ocasi\u00f3n particip\u00f3 el motivador Alan Cadena, fundador de Wealth Potentials- entrenamientos de Desarrollo Personal; Alejandro Corrales, de la Asociaci\u00f3n J\u00f3venes Agentes de Cambio, con la conferencia \u201cCrear una identidad para generar tendencia\u201d; y el experto en emprendimiento Manuel Molina, fundador de Ciudades Unidas y Sonora Lab., con la charla \u201cTecnolog\u00edas con el potencial de cambiar la industria del turismo en Sonora\u201d.<\/p>\n<p>Francisco Garc\u00eda Karam, director de la Oficina de Convenciones y Visitantes de Hermosillo, felicit\u00f3 a los estudiantes por la organizaci\u00f3n del evento, lo cual los impulsa a abrir puertas en el mercado laboral al culminar sus estudios.<\/p>\n<p><em>\u201cA lo mejor lo que empez\u00f3 siendo un trabajo de escuela termina siendo lo que te abre la puerta para el trabajo que est\u00e1s esperando despu\u00e9s de que acabes la carrera\u201d<\/em>, les expres\u00f3.<\/p>\n<p>Presentes: Alberto Hern\u00e1ndez Taddei, coordinador de la Comisi\u00f3n de Fomento Econ\u00f3mico y Turismo Municipal; Olga Garc\u00eda Vallejo, secretaria acad\u00e9mica de la Unidad Acad\u00e9mica Hermosillo; y Blanca Reyna Olgu\u00edn Negrete, comisionada a las jefaturas de carrera de Licenciado en Administraci\u00f3n de Empresas Tur\u00edsticas y Licenciado en Gesti\u00f3n y Desarrollo de Negocios<\/p>\n<p>(FECHA DE PUBLICACI\u00d3N.21\/11\/2018 \/\/<\/p>\n","protected":false},"excerpt":{"rendered":"<p>HERMOSILLO, SONORA. MX. \u2014 Para vincular los conocimientos adquiridos en las aulas con el mercado&#8230;<\/p>\n","protected":false},"author":1,"featured_media":49123,"comment_status":"open","ping_status":"open","sticky":false,"template":"","format":"standard","meta":{"_monsterinsights_skip_tracking":false,"_monsterinsights_sitenote_active":false,"_monsterinsights_sitenote_note":"","_monsterinsights_sitenote_category":0,"footnotes":""},"categories":[22],"tags":[],"class_list":["post"],"yoast_head":" \n<title>Sonora en Equipo. Celebra UES segunda Expo-Feria Turismo: Transformaci\u00f3n Digital Sonora<\/title>\n<meta name=\"description\" content=\"HERMOSILLO, SONORA. MX. \u2014 Para vincular los conocimientos adquiridos en las aulas con el mercado laboral, estudiantes del s\u00e9ptimo semestre de la En Sonora en Equipo publicamos toda la informaci\u00f3n de Sonora, M\u00e9xico y el Mundo de manera oportuna y busca que la libertad de expresi\u00f3n sea real. Visita nuestro medio informativo publicado desde Hermosillo, Sonora. %\" \/>\n<meta name=\"robots\" content=\"index, follow, max-snippet:-1, max-image-preview:large, max-video-preview:-1\" \/>\n<link rel=\"canonical\" href=\"https:\/\/www.sonoraenequipo.com.mx\/celebra-ues-segunda-expo-feria-turismo-transformacion-digital\/\" \/>\n<meta property=\"og:locale\" content=\"es_ES\" \/>\n<meta property=\"og:type\" content=\"article\" \/>\n<meta property=\"og:title\" content=\"Sonora en Equipo. Celebra UES segunda Expo-Feria Turismo: Transformaci\u00f3n Digital Sonora\" \/>\n<meta property=\"og:description\" content=\"HERMOSILLO, SONORA. MX. \u2014 Para vincular los conocimientos adquiridos en las aulas con el mercado laboral, estudiantes del s\u00e9ptimo semestre de la En Sonora en Equipo publicamos toda la informaci\u00f3n de Sonora, M\u00e9xico y el Mundo de manera oportuna y busca que la libertad de expresi\u00f3n sea real. Visita nuestro medio informativo publicado desde Hermosillo, Sonora. %\" \/>\n<meta property=\"og:url\" content=\"https:\/\/www.sonoraenequipo.com.mx\/celebra-ues-segunda-expo-feria-turismo-transformacion-digital\/\" \/>\n<meta property=\"og:site_name\" content=\"Sonora en Equipo.\" \/>\n<meta property=\"article:publisher\" content=\"https:\/\/www.facebook.com\/SonoraEE\/\" \/>\n<meta property=\"article:author\" content=\"https:\/\/www.facebook.com\/SonoraEE\" \/>\n<meta property=\"article:published_time\" content=\"2018-11-22T01:14:48+00:00\" \/>\n<meta property=\"article:modified_time\" content=\"2018-11-22T13:41:32+00:00\" \/>\n<meta property=\"og:image\" content=\"https:\/\/www.sonoraenequipo.com.mx\/storage\/2018\/11\/expoferia2018-ues_opt.jpg\" \/>\n\t<meta property=\"og:image:width\" content=\"500\" \/>\n\t<meta property=\"og:image:height\" content=\"400\" \/>\n\t<meta property=\"og:image:type\" content=\"image\/jpeg\" \/>\n<meta name=\"author\" content=\"enequipo\" \/>\n<meta name=\"twitter:card\" content=\"summary_large_image\" \/>\n<meta name=\"twitter:creator\" content=\"@sonoraenequipo\" \/>\n<meta name=\"twitter:site\" content=\"@sonoraenequipo\" \/>\n<meta name=\"twitter:label1\" content=\"Escrito por\" \/>\n\t<meta name=\"twitter:data1\" content=\"enequipo\" \/>\n\t<meta name=\"twitter:label2\" content=\"Tiempo de lectura\" \/>\n\t<meta name=\"twitter:data2\" content=\"2 minutos\" \/>\n<script type=\"application\/ld+json\" class=\"yoast-schema-graph\">{\"@context\":\"https:\/\/schema.org\",\"@graph\":[{\"@type\":\"Article\",\"@id\":\"https:\/\/www.sonoraenequipo.com.mx\/celebra-ues-segunda-expo-feria-turismo-transformacion-digital\/#article\",\"isPartOf\":{\"@id\":\"https:\/\/www.sonoraenequipo.com.mx\/celebra-ues-segunda-expo-feria-turismo-transformacion-digital\/\"},\"author\":{\"name\":\"enequipo\",\"@id\":\"https:\/\/www.sonoraenequipo.com.mx\/#\/schema\/person\/50102df0fb23a8fa9e8effad8fa81386\"},\"headline\":\"Celebra UES segunda Expo-Feria Turismo: Transformaci\u00f3n Digital\",\"datePublished\":\"2018-11-22T01:14:48+00:00\",\"dateModified\":\"2018-11-22T13:41:32+00:00\",\"mainEntityOfPage\":{\"@id\":\"https:\/\/www.sonoraenequipo.com.mx\/celebra-ues-segunda-expo-feria-turismo-transformacion-digital\/\"},\"wordCount\":366,\"commentCount\":0,\"publisher\":{\"@id\":\"https:\/\/www.sonoraenequipo.com.mx\/#organization\"},\"image\":{\"@id\":\"https:\/\/www.sonoraenequipo.com.mx\/celebra-ues-segunda-expo-feria-turismo-transformacion-digital\/#primaryimage\"},\"thumbnailUrl\":\"https:\/\/www.sonoraenequipo.com.mx\/storage\/2018\/11\/expoferia2018-ues_opt.jpg\",\"articleSection\":[\"Sonora\"],\"inLanguage\":\"es\",\"potentialAction\":[{\"@type\":\"CommentAction\",\"name\":\"Comment\",\"target\":[\"https:\/\/www.sonoraenequipo.com.mx\/celebra-ues-segunda-expo-feria-turismo-transformacion-digital\/#respond\"]}]},{\"@type\":\"WebPage\",\"@id\":\"https:\/\/www.sonoraenequipo.com.mx\/celebra-ues-segunda-expo-feria-turismo-transformacion-digital\/\",\"url\":\"https:\/\/www.sonoraenequipo.com.mx\/celebra-ues-segunda-expo-feria-turismo-transformacion-digital\/\",\"name\":\"Sonora en Equipo. Celebra UES segunda Expo-Feria Turismo: Transformaci\u00f3n Digital Sonora\",\"isPartOf\":{\"@id\":\"https:\/\/www.sonoraenequipo.com.mx\/#website\"},\"primaryImageOfPage\":{\"@id\":\"https:\/\/www.sonoraenequipo.com.mx\/celebra-ues-segunda-expo-feria-turismo-transformacion-digital\/#primaryimage\"},\"image\":{\"@id\":\"https:\/\/www.sonoraenequipo.com.mx\/celebra-ues-segunda-expo-feria-turismo-transformacion-digital\/#primaryimage\"},\"thumbnailUrl\":\"https:\/\/www.sonoraenequipo.com.mx\/storage\/2018\/11\/expoferia2018-ues_opt.jpg\",\"datePublished\":\"2018-11-22T01:14:48+00:00\",\"dateModified\":\"2018-11-22T13:41:32+00:00\",\"description\":\"HERMOSILLO, SONORA. MX. \u2014 Para vincular los conocimientos adquiridos en las aulas con el mercado laboral, estudiantes del s\u00e9ptimo semestre de la En Sonora en Equipo publicamos toda la informaci\u00f3n de Sonora, M\u00e9xico y el Mundo de manera oportuna y busca que la libertad de expresi\u00f3n sea real. Visita nuestro medio informativo publicado desde Hermosillo, Sonora. %\",\"breadcrumb\":{\"@id\":\"https:\/\/www.sonoraenequipo.com.mx\/celebra-ues-segunda-expo-feria-turismo-transformacion-digital\/#breadcrumb\"},\"inLanguage\":\"es\",\"potentialAction\":[{\"@type\":\"ReadAction\",\"target\":[\"https:\/\/www.sonoraenequipo.com.mx\/celebra-ues-segunda-expo-feria-turismo-transformacion-digital\/\"]}]},{\"@type\":\"ImageObject\",\"inLanguage\":\"es\",\"@id\":\"https:\/\/www.sonoraenequipo.com.mx\/celebra-ues-segunda-expo-feria-turismo-transformacion-digital\/#primaryimage\",\"url\":\"https:\/\/www.sonoraenequipo.com.mx\/storage\/2018\/11\/expoferia2018-ues_opt.jpg\",\"contentUrl\":\"https:\/\/www.sonoraenequipo.com.mx\/storage\/2018\/11\/expoferia2018-ues_opt.jpg\",\"width\":500,\"height\":400},{\"@type\":\"BreadcrumbList\",\"@id\":\"https:\/\/www.sonoraenequipo.com.mx\/celebra-ues-segunda-expo-feria-turismo-transformacion-digital\/#breadcrumb\",\"itemListElement\":[{\"@type\":\"ListItem\",\"position\":1,\"name\":\"Portada\",\"item\":\"https:\/\/www.sonoraenequipo.com.mx\/\"},{\"@type\":\"ListItem\",\"position\":2,\"name\":\"Celebra UES segunda Expo-Feria Turismo: Transformaci\u00f3n Digital\"}]},{\"@type\":\"WebSite\",\"@id\":\"https:\/\/www.sonoraenequipo.com.mx\/#website\",\"url\":\"https:\/\/www.sonoraenequipo.com.mx\/\",\"name\":\"Sonora en Equipo.\",\"description\":\"Diario en l\u00ednea con Noticias desde Hermosillo, Sonora\",\"publisher\":{\"@id\":\"https:\/\/www.sonoraenequipo.com.mx\/#organization\"},\"potentialAction\":[{\"@type\":\"SearchAction\",\"target\":{\"@type\":\"EntryPoint\",\"urlTemplate\":\"https:\/\/www.sonoraenequipo.com.mx\/?s={search_term_string}\"},\"query-input\":{\"@type\":\"PropertyValueSpecification\",\"valueRequired\":true,\"valueName\":\"search_term_string\"}}],\"inLanguage\":\"es\"},{\"@type\":\"Organization\",\"@id\":\"https:\/\/www.sonoraenequipo.com.mx\/#organization\",\"name\":\"Sonoraenequipo.com.mx\",\"url\":\"https:\/\/www.sonoraenequipo.com.mx\/\",\"logo\":{\"@type\":\"ImageObject\",\"inLanguage\":\"es\",\"@id\":\"https:\/\/www.sonoraenequipo.com.mx\/#\/schema\/logo\/image\/\",\"url\":\"https:\/\/www.sonoraenequipo.com.mx\/storage\/2019\/01\/sonoraenequipo_opt.png\",\"contentUrl\":\"https:\/\/www.sonoraenequipo.com.mx\/storage\/2019\/01\/sonoraenequipo_opt.png\",\"width\":375,\"height\":125,\"caption\":\"Sonoraenequipo.com.mx\"},\"image\":{\"@id\":\"https:\/\/www.sonoraenequipo.com.mx\/#\/schema\/logo\/image\/\"},\"sameAs\":[\"https:\/\/www.facebook.com\/SonoraEE\/\",\"https:\/\/x.com\/sonoraenequipo\",\"https:\/\/www.youtube.com\/channel\/UC338nW-lPEYmJQs4ZABQ1SQ\"]},{\"@type\":\"Person\",\"@id\":\"https:\/\/www.sonoraenequipo.com.mx\/#\/schema\/person\/50102df0fb23a8fa9e8effad8fa81386\",\"name\":\"enequipo\",\"image\":{\"@type\":\"ImageObject\",\"inLanguage\":\"es\",\"@id\":\"https:\/\/www.sonoraenequipo.com.mx\/#\/schema\/person\/image\/\",\"url\":\"https:\/\/secure.gravatar.com\/avatar\/049821681b589dabc0bc20695993ccebb09f5b5d4d790cd9251b97faac7c652b?s=96&d=blank&r=g\",\"contentUrl\":\"https:\/\/secure.gravatar.com\/avatar\/049821681b589dabc0bc20695993ccebb09f5b5d4d790cd9251b97faac7c652b?s=96&d=blank&r=g\",\"caption\":\"enequipo\"},\"sameAs\":[\"https:\/\/www.facebook.com\/SonoraEE\"]}]}<\/script>\n ","yoast_head_json":{"title":"Sonora en Equipo. Celebra UES segunda Expo-Feria Turismo: Transformaci\u00f3n Digital Sonora","description":"HERMOSILLO, SONORA. MX. \u2014 Para vincular los conocimientos adquiridos en las aulas con el mercado laboral, estudiantes del s\u00e9ptimo semestre de la En Sonora en Equipo publicamos toda la informaci\u00f3n de Sonora, M\u00e9xico y el Mundo de manera oportuna y busca que la libertad de expresi\u00f3n sea real. Visita nuestro medio informativo publicado desde Hermosillo, Sonora. %","robots":{"index":"index","follow":"follow","max-snippet":"max-snippet:-1","max-image-preview":"max-image-preview:large","max-video-preview":"max-video-preview:-1"},"canonical":"https:\/\/www.sonoraenequipo.com.mx\/celebra-ues-segunda-expo-feria-turismo-transformacion-digital\/","og_locale":"es_ES","og_type":"article","og_title":"Sonora en Equipo. Celebra UES segunda Expo-Feria Turismo: Transformaci\u00f3n Digital Sonora","og_description":"HERMOSILLO, SONORA. MX. \u2014 Para vincular los conocimientos adquiridos en las aulas con el mercado laboral, estudiantes del s\u00e9ptimo semestre de la En Sonora en Equipo publicamos toda la informaci\u00f3n de Sonora, M\u00e9xico y el Mundo de manera oportuna y busca que la libertad de expresi\u00f3n sea real. Visita nuestro medio informativo publicado desde Hermosillo, Sonora. %","og_url":"https:\/\/www.sonoraenequipo.com.mx\/celebra-ues-segunda-expo-feria-turismo-transformacion-digital\/","og_site_name":"Sonora en Equipo.","article_publisher":"https:\/\/www.facebook.com\/SonoraEE\/","article_author":"https:\/\/www.facebook.com\/SonoraEE","article_published_time":"2018-11-22T01:14:48+00:00","article_modified_time":"2018-11-22T13:41:32+00:00","og_image":[{"width":500,"height":400,"url":"https:\/\/www.sonoraenequipo.com.mx\/storage\/2018\/11\/expoferia2018-ues_opt.jpg","type":"image\/jpeg"}],"author":"enequipo","twitter_card":"summary_large_image","twitter_creator":"@sonoraenequipo","twitter_site":"@sonoraenequipo","twitter_misc":{"Escrito por":"enequipo","Tiempo de lectura":"2 minutos"},"schema":{"@context":"https:\/\/schema.org","@graph":[{"@type":"Article","@id":"https:\/\/www.sonoraenequipo.com.mx\/celebra-ues-segunda-expo-feria-turismo-transformacion-digital\/#article","isPartOf":{"@id":"https:\/\/www.sonoraenequipo.com.mx\/celebra-ues-segunda-expo-feria-turismo-transformacion-digital\/"},"author":{"name":"enequipo","@id":"https:\/\/www.sonoraenequipo.com.mx\/#\/schema\/person\/50102df0fb23a8fa9e8effad8fa81386"},"headline":"Celebra UES segunda Expo-Feria Turismo: Transformaci\u00f3n Digital","datePublished":"2018-11-22T01:14:48+00:00","dateModified":"2018-11-22T13:41:32+00:00","mainEntityOfPage":{"@id":"https:\/\/www.sonoraenequipo.com.mx\/celebra-ues-segunda-expo-feria-turismo-transformacion-digital\/"},"wordCount":366,"commentCount":0,"publisher":{"@id":"https:\/\/www.sonoraenequipo.com.mx\/#organization"},"image":{"@id":"https:\/\/www.sonoraenequipo.com.mx\/celebra-ues-segunda-expo-feria-turismo-transformacion-digital\/#primaryimage"},"thumbnailUrl":"https:\/\/www.sonoraenequipo.com.mx\/storage\/2018\/11\/expoferia2018-ues_opt.jpg","articleSection":["Sonora"],"inLanguage":"es","potentialAction":[{"@type":"CommentAction","name":"Comment","target":["https:\/\/www.sonoraenequipo.com.mx\/celebra-ues-segunda-expo-feria-turismo-transformacion-digital\/#respond"]}]},{"@type":"WebPage","@id":"https:\/\/www.sonoraenequipo.com.mx\/celebra-ues-segunda-expo-feria-turismo-transformacion-digital\/","url":"https:\/\/www.sonoraenequipo.com.mx\/celebra-ues-segunda-expo-feria-turismo-transformacion-digital\/","name":"Sonora en Equipo. Celebra UES segunda Expo-Feria Turismo: Transformaci\u00f3n Digital Sonora","isPartOf":{"@id":"https:\/\/www.sonoraenequipo.com.mx\/#website"},"primaryImageOfPage":{"@id":"https:\/\/www.sonoraenequipo.com.mx\/celebra-ues-segunda-expo-feria-turismo-transformacion-digital\/#primaryimage"},"image":{"@id":"https:\/\/www.sonoraenequipo.com.mx\/celebra-ues-segunda-expo-feria-turismo-transformacion-digital\/#primaryimage"},"thumbnailUrl":"https:\/\/www.sonoraenequipo.com.mx\/storage\/2018\/11\/expoferia2018-ues_opt.jpg","datePublished":"2018-11-22T01:14:48+00:00","dateModified":"2018-11-22T13:41:32+00:00","description":"HERMOSILLO, SONORA. MX. \u2014 Para vincular los conocimientos adquiridos en las aulas con el mercado laboral, estudiantes del s\u00e9ptimo semestre de la En Sonora en Equipo publicamos toda la informaci\u00f3n de Sonora, M\u00e9xico y el Mundo de manera oportuna y busca que la libertad de expresi\u00f3n sea real. Visita nuestro medio informativo publicado desde Hermosillo, Sonora. %","breadcrumb":{"@id":"https:\/\/www.sonoraenequipo.com.mx\/celebra-ues-segunda-expo-feria-turismo-transformacion-digital\/#breadcrumb"},"inLanguage":"es","potentialAction":[{"@type":"ReadAction","target":["https:\/\/www.sonoraenequipo.com.mx\/celebra-ues-segunda-expo-feria-turismo-transformacion-digital\/"]}]},{"@type":"ImageObject","inLanguage":"es","@id":"https:\/\/www.sonoraenequipo.com.mx\/celebra-ues-segunda-expo-feria-turismo-transformacion-digital\/#primaryimage","url":"https:\/\/www.sonoraenequipo.com.mx\/storage\/2018\/11\/expoferia2018-ues_opt.jpg","contentUrl":"https:\/\/www.sonoraenequipo.com.mx\/storage\/2018\/11\/expoferia2018-ues_opt.jpg","width":500,"height":400},{"@type":"BreadcrumbList","@id":"https:\/\/www.sonoraenequipo.com.mx\/celebra-ues-segunda-expo-feria-turismo-transformacion-digital\/#breadcrumb","itemListElement":[{"@type":"ListItem","position":1,"name":"Portada","item":"https:\/\/www.sonoraenequipo.com.mx\/"},{"@type":"ListItem","position":2,"name":"Celebra UES segunda Expo-Feria Turismo: Transformaci\u00f3n Digital"}]},{"@type":"WebSite","@id":"https:\/\/www.sonoraenequipo.com.mx\/#website","url":"https:\/\/www.sonoraenequipo.com.mx\/","name":"Sonora en Equipo.","description":"Diario en l\u00ednea con Noticias desde Hermosillo, Sonora","publisher":{"@id":"https:\/\/www.sonoraenequipo.com.mx\/#organization"},"potentialAction":[{"@type":"SearchAction","target":{"@type":"EntryPoint","urlTemplate":"https:\/\/www.sonoraenequipo.com.mx\/?s={search_term_string}"},"query-input":{"@type":"PropertyValueSpecification","valueRequired":true,"valueName":"search_term_string"}}],"inLanguage":"es"},{"@type":"Organization","@id":"https:\/\/www.sonoraenequipo.com.mx\/#organization","name":"Sonoraenequipo.com.mx","url":"https:\/\/www.sonoraenequipo.com.mx\/","logo":{"@type":"ImageObject","inLanguage":"es","@id":"https:\/\/www.sonoraenequipo.com.mx\/#\/schema\/logo\/image\/","url":"https:\/\/www.sonoraenequipo.com.mx\/storage\/2019\/01\/sonoraenequipo_opt.png","contentUrl":"https:\/\/www.sonoraenequipo.com.mx\/storage\/2019\/01\/sonoraenequipo_opt.png","width":375,"height":125,"caption":"Sonoraenequipo.com.mx"},"image":{"@id":"https:\/\/www.sonoraenequipo.com.mx\/#\/schema\/logo\/image\/"},"sameAs":["https:\/\/www.facebook.com\/SonoraEE\/","https:\/\/x.com\/sonoraenequipo","https:\/\/www.youtube.com\/channel\/UC338nW-lPEYmJQs4ZABQ1SQ"]},{"@type":"Person","@id":"https:\/\/www.sonoraenequipo.com.mx\/#\/schema\/person\/50102df0fb23a8fa9e8effad8fa81386","name":"enequipo","image":{"@type":"ImageObject","inLanguage":"es","@id":"https:\/\/www.sonoraenequipo.com.mx\/#\/schema\/person\/image\/","url":"https:\/\/secure.gravatar.com\/avatar\/049821681b589dabc0bc20695993ccebb09f5b5d4d790cd9251b97faac7c652b?s=96&d=blank&r=g","contentUrl":"https:\/\/secure.gravatar.com\/avatar\/049821681b589dabc0bc20695993ccebb09f5b5d4d790cd9251b97faac7c652b?s=96&d=blank&r=g","caption":"enequipo"},"sameAs":["https:\/\/www.facebook.com\/SonoraEE"]}]}},"jetpack_featured_media_url":"https:\/\/www.sonoraenequipo.com.mx\/storage\/2018\/11\/expoferia2018-ues_opt.jpg","_links":{"self":[{"href":"https:\/\/www.sonoraenequipo.com.mx\/api\/wp\/v2\/posts\/49121","targetHints":{"allow":["GET"]}}],"collection":[{"href":"https:\/\/www.sonoraenequipo.com.mx\/api\/wp\/v2\/posts"}],"about":[{"href":"https:\/\/www.sonoraenequipo.com.mx\/api\/wp\/v2\/types\/post"}],"author":[{"embeddable":true,"href":"https:\/\/www.sonoraenequipo.com.mx\/api\/wp\/v2\/users\/1"}],"replies":[{"embeddable":true,"href":"https:\/\/www.sonoraenequipo.com.mx\/api\/wp\/v2\/comments?post=49121"}],"version-history":[{"count":0,"href":"https:\/\/www.sonoraenequipo.com.mx\/api\/wp\/v2\/posts\/49121\/revisions"}],"wp:featuredmedia":[{"embeddable":true,"href":"https:\/\/www.sonoraenequipo.com.mx\/api\/wp\/v2\/media\/49123"}],"wp:attachment":[{"href":"https:\/\/www.sonoraenequipo.com.mx\/api\/wp\/v2\/media?parent=49121"}],"wp:term":[{"taxonomy":"category","embeddable":true,"href":"https:\/\/www.sonoraenequipo.com.mx\/api\/wp\/v2\/categories?post=49121"},{"taxonomy":"post_tag","embeddable":true,"href":"https:\/\/www.sonoraenequipo.com.mx\/api\/wp\/v2\/tags?post=49121"}],"curies":[{"name":"wp","href":"https:\/\/api.w.org\/{rel}","templated":true}]}}