{"id":49132,"date":"2018-11-21T19:28:09","date_gmt":"2018-11-22T02:28:09","guid":{"rendered":"http:\/\/www.sonoraenequipo.com.mx\/?p=49132"},"modified":"2018-11-22T07:07:48","modified_gmt":"2018-11-22T14:07:48","slug":"involucra-mexicanos-contra-la-corrupcion-a-sonora-en-presunto-desvio-de-recursos-para-campanas-del-pri","status":"publish","type":"post","link":"https:\/\/www.sonoraenequipo.com.mx\/involucra-mexicanos-contra-la-corrupcion-a-sonora-en-presunto-desvio-de-recursos-para-campanas-del-pri\/","title":{"rendered":"Involucra Mexicanos contra la Corrupci\u00f3n  a Sonora en presunto desv\u00edo de recursos para campa\u00f1as del PRI"},"content":{"rendered":"<p>CIUDAD DE M\u00c9XICO. MX. \u2014 Una investigaci\u00f3n dada a conocer hoy por la organizaci\u00f3n Mexicanos Contra la Corrupci\u00f3n y la Impunidad( MCCI) documenta que en la llamada <em>\u2018Operaci\u00f3n Safiro\u2019<\/em> (as\u00ed, con \u2018S\u2019, como es su nombre oficial) se desviaron fondos p\u00fablicos de algunos estados como Chihuahua con 246 millones, Sonora, con 140 millones 591 mil pesos, Colima 15 millones 142 mil pesos, Durango, 230 millones 400 mil pesos Estado de M\u00e9xico 488 mil pesos, Congreso de Morelos 16 millones 404 mil pesos y de la Delegaci\u00f3n Milpa Alta de la Ciudad de M\u00e9xico con 300 mil pesos, para presunto financiamiento de campa\u00f1as electorales pri\u00edstas. <\/p>\n<p>En la trama se utilizaron 12 empresas fantasma que \u2014 seg\u00fan testigos\u2014 estaban <em>\u201cblindadas\u201d<\/em> por el Servicio de Administraci\u00f3n Tributaria (SAT). En el documental se aprecian que los domicilios son algunos domicilios humilkdes. El total desviado de 649 millones 327 mil 685 pesos.<\/p>\n<p><iframe loading=\"lazy\" title=\"Operaci\u00f3n Safiro\" width=\"640\" height=\"360\" src=\"https:\/\/www.youtube.com\/embed\/yefAmshhw8k?start=212&#038;feature=oembed\" frameborder=\"0\" allow=\"accelerometer; autoplay; clipboard-write; encrypted-media; gyroscope; picture-in-picture; web-share\" referrerpolicy=\"strict-origin-when-cross-origin\" allowfullscreen><\/iframe><\/p>\n<p>(FECHA DE PUBLICACI\u00d3N.21\/11\/2018 \/\/<\/p>\n","protected":false},"excerpt":{"rendered":"<p>CIUDAD DE M\u00c9XICO. MX. \u2014 Una investigaci\u00f3n dada a conocer hoy por la organizaci\u00f3n Mexicanos&#8230;<\/p>\n","protected":false},"author":1,"featured_media":49133,"comment_status":"open","ping_status":"open","sticky":false,"template":"","format":"standard","meta":{"_monsterinsights_skip_tracking":false,"_monsterinsights_sitenote_active":false,"_monsterinsights_sitenote_note":"","_monsterinsights_sitenote_category":0,"footnotes":""},"categories":[22],"tags":[],"class_list":["post"],"yoast_head":" \n<title>Sonora en Equipo. Involucra Mexicanos contra la Corrupci\u00f3n a Sonora en presunto desv\u00edo de recursos para campa\u00f1as del PRI Sonora<\/title>\n<meta name=\"description\" content=\"CIUDAD DE M\u00c9XICO. MX. \u2014 Una investigaci\u00f3n dada a conocer hoy por la organizaci\u00f3n Mexicanos Contra la Corrupci\u00f3n y la Impunidad( MCCI) documenta que en la En Sonora en Equipo publicamos toda la informaci\u00f3n de Sonora, M\u00e9xico y el Mundo de manera oportuna y busca que la libertad de expresi\u00f3n sea real. Visita nuestro medio informativo publicado desde Hermosillo, Sonora. %\" \/>\n<meta name=\"robots\" content=\"index, follow, max-snippet:-1, max-image-preview:large, max-video-preview:-1\" \/>\n<link rel=\"canonical\" href=\"https:\/\/www.sonoraenequipo.com.mx\/involucra-mexicanos-contra-la-corrupcion-a-sonora-en-presunto-desvio-de-recursos-para-campanas-del-pri\/\" \/>\n<meta property=\"og:locale\" content=\"es_ES\" \/>\n<meta property=\"og:type\" content=\"article\" \/>\n<meta property=\"og:title\" content=\"Sonora en Equipo. Involucra Mexicanos contra la Corrupci\u00f3n a Sonora en presunto desv\u00edo de recursos para campa\u00f1as del PRI Sonora\" \/>\n<meta property=\"og:description\" content=\"CIUDAD DE M\u00c9XICO. MX. \u2014 Una investigaci\u00f3n dada a conocer hoy por la organizaci\u00f3n Mexicanos Contra la Corrupci\u00f3n y la Impunidad( MCCI) documenta que en la En Sonora en Equipo publicamos toda la informaci\u00f3n de Sonora, M\u00e9xico y el Mundo de manera oportuna y busca que la libertad de expresi\u00f3n sea real. Visita nuestro medio informativo publicado desde Hermosillo, Sonora. %\" \/>\n<meta property=\"og:url\" content=\"https:\/\/www.sonoraenequipo.com.mx\/involucra-mexicanos-contra-la-corrupcion-a-sonora-en-presunto-desvio-de-recursos-para-campanas-del-pri\/\" \/>\n<meta property=\"og:site_name\" content=\"Sonora en Equipo.\" \/>\n<meta property=\"article:publisher\" content=\"https:\/\/www.facebook.com\/SonoraEE\/\" \/>\n<meta property=\"article:author\" content=\"https:\/\/www.facebook.com\/SonoraEE\" \/>\n<meta property=\"article:published_time\" content=\"2018-11-22T02:28:09+00:00\" \/>\n<meta property=\"article:modified_time\" content=\"2018-11-22T14:07:48+00:00\" \/>\n<meta property=\"og:image\" content=\"https:\/\/www.sonoraenequipo.com.mx\/storage\/2018\/11\/06_empresa_opt.jpg\" \/>\n\t<meta property=\"og:image:width\" content=\"600\" \/>\n\t<meta property=\"og:image:height\" content=\"460\" \/>\n\t<meta property=\"og:image:type\" content=\"image\/jpeg\" \/>\n<meta name=\"author\" content=\"enequipo\" \/>\n<meta name=\"twitter:card\" content=\"summary_large_image\" \/>\n<meta name=\"twitter:creator\" content=\"@sonoraenequipo\" \/>\n<meta name=\"twitter:site\" content=\"@sonoraenequipo\" \/>\n<meta name=\"twitter:label1\" content=\"Escrito por\" \/>\n\t<meta name=\"twitter:data1\" content=\"enequipo\" \/>\n\t<meta name=\"twitter:label2\" content=\"Tiempo de lectura\" \/>\n\t<meta name=\"twitter:data2\" content=\"1 minuto\" \/>\n<script type=\"application\/ld+json\" class=\"yoast-schema-graph\">{\"@context\":\"https:\/\/schema.org\",\"@graph\":[{\"@type\":\"Article\",\"@id\":\"https:\/\/www.sonoraenequipo.com.mx\/involucra-mexicanos-contra-la-corrupcion-a-sonora-en-presunto-desvio-de-recursos-para-campanas-del-pri\/#article\",\"isPartOf\":{\"@id\":\"https:\/\/www.sonoraenequipo.com.mx\/involucra-mexicanos-contra-la-corrupcion-a-sonora-en-presunto-desvio-de-recursos-para-campanas-del-pri\/\"},\"author\":{\"name\":\"enequipo\",\"@id\":\"https:\/\/www.sonoraenequipo.com.mx\/#\/schema\/person\/50102df0fb23a8fa9e8effad8fa81386\"},\"headline\":\"Involucra Mexicanos contra la Corrupci\u00f3n a Sonora en presunto desv\u00edo de recursos para campa\u00f1as del PRI\",\"datePublished\":\"2018-11-22T02:28:09+00:00\",\"dateModified\":\"2018-11-22T14:07:48+00:00\",\"mainEntityOfPage\":{\"@id\":\"https:\/\/www.sonoraenequipo.com.mx\/involucra-mexicanos-contra-la-corrupcion-a-sonora-en-presunto-desvio-de-recursos-para-campanas-del-pri\/\"},\"wordCount\":177,\"commentCount\":0,\"publisher\":{\"@id\":\"https:\/\/www.sonoraenequipo.com.mx\/#organization\"},\"image\":{\"@id\":\"https:\/\/www.sonoraenequipo.com.mx\/involucra-mexicanos-contra-la-corrupcion-a-sonora-en-presunto-desvio-de-recursos-para-campanas-del-pri\/#primaryimage\"},\"thumbnailUrl\":\"https:\/\/www.sonoraenequipo.com.mx\/storage\/2018\/11\/06_empresa_opt.jpg\",\"articleSection\":[\"Sonora\"],\"inLanguage\":\"es\",\"potentialAction\":[{\"@type\":\"CommentAction\",\"name\":\"Comment\",\"target\":[\"https:\/\/www.sonoraenequipo.com.mx\/involucra-mexicanos-contra-la-corrupcion-a-sonora-en-presunto-desvio-de-recursos-para-campanas-del-pri\/#respond\"]}]},{\"@type\":\"WebPage\",\"@id\":\"https:\/\/www.sonoraenequipo.com.mx\/involucra-mexicanos-contra-la-corrupcion-a-sonora-en-presunto-desvio-de-recursos-para-campanas-del-pri\/\",\"url\":\"https:\/\/www.sonoraenequipo.com.mx\/involucra-mexicanos-contra-la-corrupcion-a-sonora-en-presunto-desvio-de-recursos-para-campanas-del-pri\/\",\"name\":\"Sonora en Equipo. Involucra Mexicanos contra la Corrupci\u00f3n a Sonora en presunto desv\u00edo de recursos para campa\u00f1as del PRI Sonora\",\"isPartOf\":{\"@id\":\"https:\/\/www.sonoraenequipo.com.mx\/#website\"},\"primaryImageOfPage\":{\"@id\":\"https:\/\/www.sonoraenequipo.com.mx\/involucra-mexicanos-contra-la-corrupcion-a-sonora-en-presunto-desvio-de-recursos-para-campanas-del-pri\/#primaryimage\"},\"image\":{\"@id\":\"https:\/\/www.sonoraenequipo.com.mx\/involucra-mexicanos-contra-la-corrupcion-a-sonora-en-presunto-desvio-de-recursos-para-campanas-del-pri\/#primaryimage\"},\"thumbnailUrl\":\"https:\/\/www.sonoraenequipo.com.mx\/storage\/2018\/11\/06_empresa_opt.jpg\",\"datePublished\":\"2018-11-22T02:28:09+00:00\",\"dateModified\":\"2018-11-22T14:07:48+00:00\",\"description\":\"CIUDAD DE M\u00c9XICO. MX. \u2014 Una investigaci\u00f3n dada a conocer hoy por la organizaci\u00f3n Mexicanos Contra la Corrupci\u00f3n y la Impunidad( MCCI) documenta que en la En Sonora en Equipo publicamos toda la informaci\u00f3n de Sonora, M\u00e9xico y el Mundo de manera oportuna y busca que la libertad de expresi\u00f3n sea real. Visita nuestro medio informativo publicado desde Hermosillo, Sonora. %\",\"breadcrumb\":{\"@id\":\"https:\/\/www.sonoraenequipo.com.mx\/involucra-mexicanos-contra-la-corrupcion-a-sonora-en-presunto-desvio-de-recursos-para-campanas-del-pri\/#breadcrumb\"},\"inLanguage\":\"es\",\"potentialAction\":[{\"@type\":\"ReadAction\",\"target\":[\"https:\/\/www.sonoraenequipo.com.mx\/involucra-mexicanos-contra-la-corrupcion-a-sonora-en-presunto-desvio-de-recursos-para-campanas-del-pri\/\"]}]},{\"@type\":\"ImageObject\",\"inLanguage\":\"es\",\"@id\":\"https:\/\/www.sonoraenequipo.com.mx\/involucra-mexicanos-contra-la-corrupcion-a-sonora-en-presunto-desvio-de-recursos-para-campanas-del-pri\/#primaryimage\",\"url\":\"https:\/\/www.sonoraenequipo.com.mx\/storage\/2018\/11\/06_empresa_opt.jpg\",\"contentUrl\":\"https:\/\/www.sonoraenequipo.com.mx\/storage\/2018\/11\/06_empresa_opt.jpg\",\"width\":600,\"height\":460},{\"@type\":\"BreadcrumbList\",\"@id\":\"https:\/\/www.sonoraenequipo.com.mx\/involucra-mexicanos-contra-la-corrupcion-a-sonora-en-presunto-desvio-de-recursos-para-campanas-del-pri\/#breadcrumb\",\"itemListElement\":[{\"@type\":\"ListItem\",\"position\":1,\"name\":\"Portada\",\"item\":\"https:\/\/www.sonoraenequipo.com.mx\/\"},{\"@type\":\"ListItem\",\"position\":2,\"name\":\"Involucra Mexicanos contra la Corrupci\u00f3n a Sonora en presunto desv\u00edo de recursos para campa\u00f1as del PRI\"}]},{\"@type\":\"WebSite\",\"@id\":\"https:\/\/www.sonoraenequipo.com.mx\/#website\",\"url\":\"https:\/\/www.sonoraenequipo.com.mx\/\",\"name\":\"Sonora en Equipo.\",\"description\":\"Diario en l\u00ednea con Noticias desde Hermosillo, Sonora\",\"publisher\":{\"@id\":\"https:\/\/www.sonoraenequipo.com.mx\/#organization\"},\"potentialAction\":[{\"@type\":\"SearchAction\",\"target\":{\"@type\":\"EntryPoint\",\"urlTemplate\":\"https:\/\/www.sonoraenequipo.com.mx\/?s={search_term_string}\"},\"query-input\":{\"@type\":\"PropertyValueSpecification\",\"valueRequired\":true,\"valueName\":\"search_term_string\"}}],\"inLanguage\":\"es\"},{\"@type\":\"Organization\",\"@id\":\"https:\/\/www.sonoraenequipo.com.mx\/#organization\",\"name\":\"Sonoraenequipo.com.mx\",\"url\":\"https:\/\/www.sonoraenequipo.com.mx\/\",\"logo\":{\"@type\":\"ImageObject\",\"inLanguage\":\"es\",\"@id\":\"https:\/\/www.sonoraenequipo.com.mx\/#\/schema\/logo\/image\/\",\"url\":\"https:\/\/www.sonoraenequipo.com.mx\/storage\/2019\/01\/sonoraenequipo_opt.png\",\"contentUrl\":\"https:\/\/www.sonoraenequipo.com.mx\/storage\/2019\/01\/sonoraenequipo_opt.png\",\"width\":375,\"height\":125,\"caption\":\"Sonoraenequipo.com.mx\"},\"image\":{\"@id\":\"https:\/\/www.sonoraenequipo.com.mx\/#\/schema\/logo\/image\/\"},\"sameAs\":[\"https:\/\/www.facebook.com\/SonoraEE\/\",\"https:\/\/x.com\/sonoraenequipo\",\"https:\/\/www.youtube.com\/channel\/UC338nW-lPEYmJQs4ZABQ1SQ\"]},{\"@type\":\"Person\",\"@id\":\"https:\/\/www.sonoraenequipo.com.mx\/#\/schema\/person\/50102df0fb23a8fa9e8effad8fa81386\",\"name\":\"enequipo\",\"image\":{\"@type\":\"ImageObject\",\"inLanguage\":\"es\",\"@id\":\"https:\/\/www.sonoraenequipo.com.mx\/#\/schema\/person\/image\/\",\"url\":\"https:\/\/secure.gravatar.com\/avatar\/049821681b589dabc0bc20695993ccebb09f5b5d4d790cd9251b97faac7c652b?s=96&d=blank&r=g\",\"contentUrl\":\"https:\/\/secure.gravatar.com\/avatar\/049821681b589dabc0bc20695993ccebb09f5b5d4d790cd9251b97faac7c652b?s=96&d=blank&r=g\",\"caption\":\"enequipo\"},\"sameAs\":[\"https:\/\/www.facebook.com\/SonoraEE\"]}]}<\/script>\n ","yoast_head_json":{"title":"Sonora en Equipo. Involucra Mexicanos contra la Corrupci\u00f3n a Sonora en presunto desv\u00edo de recursos para campa\u00f1as del PRI Sonora","description":"CIUDAD DE M\u00c9XICO. MX. \u2014 Una investigaci\u00f3n dada a conocer hoy por la organizaci\u00f3n Mexicanos Contra la Corrupci\u00f3n y la Impunidad( MCCI) documenta que en la En Sonora en Equipo publicamos toda la informaci\u00f3n de Sonora, M\u00e9xico y el Mundo de manera oportuna y busca que la libertad de expresi\u00f3n sea real. Visita nuestro medio informativo publicado desde Hermosillo, Sonora. %","robots":{"index":"index","follow":"follow","max-snippet":"max-snippet:-1","max-image-preview":"max-image-preview:large","max-video-preview":"max-video-preview:-1"},"canonical":"https:\/\/www.sonoraenequipo.com.mx\/involucra-mexicanos-contra-la-corrupcion-a-sonora-en-presunto-desvio-de-recursos-para-campanas-del-pri\/","og_locale":"es_ES","og_type":"article","og_title":"Sonora en Equipo. Involucra Mexicanos contra la Corrupci\u00f3n a Sonora en presunto desv\u00edo de recursos para campa\u00f1as del PRI Sonora","og_description":"CIUDAD DE M\u00c9XICO. MX. \u2014 Una investigaci\u00f3n dada a conocer hoy por la organizaci\u00f3n Mexicanos Contra la Corrupci\u00f3n y la Impunidad( MCCI) documenta que en la En Sonora en Equipo publicamos toda la informaci\u00f3n de Sonora, M\u00e9xico y el Mundo de manera oportuna y busca que la libertad de expresi\u00f3n sea real. Visita nuestro medio informativo publicado desde Hermosillo, Sonora. %","og_url":"https:\/\/www.sonoraenequipo.com.mx\/involucra-mexicanos-contra-la-corrupcion-a-sonora-en-presunto-desvio-de-recursos-para-campanas-del-pri\/","og_site_name":"Sonora en Equipo.","article_publisher":"https:\/\/www.facebook.com\/SonoraEE\/","article_author":"https:\/\/www.facebook.com\/SonoraEE","article_published_time":"2018-11-22T02:28:09+00:00","article_modified_time":"2018-11-22T14:07:48+00:00","og_image":[{"width":600,"height":460,"url":"https:\/\/www.sonoraenequipo.com.mx\/storage\/2018\/11\/06_empresa_opt.jpg","type":"image\/jpeg"}],"author":"enequipo","twitter_card":"summary_large_image","twitter_creator":"@sonoraenequipo","twitter_site":"@sonoraenequipo","twitter_misc":{"Escrito por":"enequipo","Tiempo de lectura":"1 minuto"},"schema":{"@context":"https:\/\/schema.org","@graph":[{"@type":"Article","@id":"https:\/\/www.sonoraenequipo.com.mx\/involucra-mexicanos-contra-la-corrupcion-a-sonora-en-presunto-desvio-de-recursos-para-campanas-del-pri\/#article","isPartOf":{"@id":"https:\/\/www.sonoraenequipo.com.mx\/involucra-mexicanos-contra-la-corrupcion-a-sonora-en-presunto-desvio-de-recursos-para-campanas-del-pri\/"},"author":{"name":"enequipo","@id":"https:\/\/www.sonoraenequipo.com.mx\/#\/schema\/person\/50102df0fb23a8fa9e8effad8fa81386"},"headline":"Involucra Mexicanos contra la Corrupci\u00f3n a Sonora en presunto desv\u00edo de recursos para campa\u00f1as del PRI","datePublished":"2018-11-22T02:28:09+00:00","dateModified":"2018-11-22T14:07:48+00:00","mainEntityOfPage":{"@id":"https:\/\/www.sonoraenequipo.com.mx\/involucra-mexicanos-contra-la-corrupcion-a-sonora-en-presunto-desvio-de-recursos-para-campanas-del-pri\/"},"wordCount":177,"commentCount":0,"publisher":{"@id":"https:\/\/www.sonoraenequipo.com.mx\/#organization"},"image":{"@id":"https:\/\/www.sonoraenequipo.com.mx\/involucra-mexicanos-contra-la-corrupcion-a-sonora-en-presunto-desvio-de-recursos-para-campanas-del-pri\/#primaryimage"},"thumbnailUrl":"https:\/\/www.sonoraenequipo.com.mx\/storage\/2018\/11\/06_empresa_opt.jpg","articleSection":["Sonora"],"inLanguage":"es","potentialAction":[{"@type":"CommentAction","name":"Comment","target":["https:\/\/www.sonoraenequipo.com.mx\/involucra-mexicanos-contra-la-corrupcion-a-sonora-en-presunto-desvio-de-recursos-para-campanas-del-pri\/#respond"]}]},{"@type":"WebPage","@id":"https:\/\/www.sonoraenequipo.com.mx\/involucra-mexicanos-contra-la-corrupcion-a-sonora-en-presunto-desvio-de-recursos-para-campanas-del-pri\/","url":"https:\/\/www.sonoraenequipo.com.mx\/involucra-mexicanos-contra-la-corrupcion-a-sonora-en-presunto-desvio-de-recursos-para-campanas-del-pri\/","name":"Sonora en Equipo. Involucra Mexicanos contra la Corrupci\u00f3n a Sonora en presunto desv\u00edo de recursos para campa\u00f1as del PRI Sonora","isPartOf":{"@id":"https:\/\/www.sonoraenequipo.com.mx\/#website"},"primaryImageOfPage":{"@id":"https:\/\/www.sonoraenequipo.com.mx\/involucra-mexicanos-contra-la-corrupcion-a-sonora-en-presunto-desvio-de-recursos-para-campanas-del-pri\/#primaryimage"},"image":{"@id":"https:\/\/www.sonoraenequipo.com.mx\/involucra-mexicanos-contra-la-corrupcion-a-sonora-en-presunto-desvio-de-recursos-para-campanas-del-pri\/#primaryimage"},"thumbnailUrl":"https:\/\/www.sonoraenequipo.com.mx\/storage\/2018\/11\/06_empresa_opt.jpg","datePublished":"2018-11-22T02:28:09+00:00","dateModified":"2018-11-22T14:07:48+00:00","description":"CIUDAD DE M\u00c9XICO. MX. \u2014 Una investigaci\u00f3n dada a conocer hoy por la organizaci\u00f3n Mexicanos Contra la Corrupci\u00f3n y la Impunidad( MCCI) documenta que en la En Sonora en Equipo publicamos toda la informaci\u00f3n de Sonora, M\u00e9xico y el Mundo de manera oportuna y busca que la libertad de expresi\u00f3n sea real. Visita nuestro medio informativo publicado desde Hermosillo, Sonora. %","breadcrumb":{"@id":"https:\/\/www.sonoraenequipo.com.mx\/involucra-mexicanos-contra-la-corrupcion-a-sonora-en-presunto-desvio-de-recursos-para-campanas-del-pri\/#breadcrumb"},"inLanguage":"es","potentialAction":[{"@type":"ReadAction","target":["https:\/\/www.sonoraenequipo.com.mx\/involucra-mexicanos-contra-la-corrupcion-a-sonora-en-presunto-desvio-de-recursos-para-campanas-del-pri\/"]}]},{"@type":"ImageObject","inLanguage":"es","@id":"https:\/\/www.sonoraenequipo.com.mx\/involucra-mexicanos-contra-la-corrupcion-a-sonora-en-presunto-desvio-de-recursos-para-campanas-del-pri\/#primaryimage","url":"https:\/\/www.sonoraenequipo.com.mx\/storage\/2018\/11\/06_empresa_opt.jpg","contentUrl":"https:\/\/www.sonoraenequipo.com.mx\/storage\/2018\/11\/06_empresa_opt.jpg","width":600,"height":460},{"@type":"BreadcrumbList","@id":"https:\/\/www.sonoraenequipo.com.mx\/involucra-mexicanos-contra-la-corrupcion-a-sonora-en-presunto-desvio-de-recursos-para-campanas-del-pri\/#breadcrumb","itemListElement":[{"@type":"ListItem","position":1,"name":"Portada","item":"https:\/\/www.sonoraenequipo.com.mx\/"},{"@type":"ListItem","position":2,"name":"Involucra Mexicanos contra la Corrupci\u00f3n a Sonora en presunto desv\u00edo de recursos para campa\u00f1as del PRI"}]},{"@type":"WebSite","@id":"https:\/\/www.sonoraenequipo.com.mx\/#website","url":"https:\/\/www.sonoraenequipo.com.mx\/","name":"Sonora en Equipo.","description":"Diario en l\u00ednea con Noticias desde Hermosillo, Sonora","publisher":{"@id":"https:\/\/www.sonoraenequipo.com.mx\/#organization"},"potentialAction":[{"@type":"SearchAction","target":{"@type":"EntryPoint","urlTemplate":"https:\/\/www.sonoraenequipo.com.mx\/?s={search_term_string}"},"query-input":{"@type":"PropertyValueSpecification","valueRequired":true,"valueName":"search_term_string"}}],"inLanguage":"es"},{"@type":"Organization","@id":"https:\/\/www.sonoraenequipo.com.mx\/#organization","name":"Sonoraenequipo.com.mx","url":"https:\/\/www.sonoraenequipo.com.mx\/","logo":{"@type":"ImageObject","inLanguage":"es","@id":"https:\/\/www.sonoraenequipo.com.mx\/#\/schema\/logo\/image\/","url":"https:\/\/www.sonoraenequipo.com.mx\/storage\/2019\/01\/sonoraenequipo_opt.png","contentUrl":"https:\/\/www.sonoraenequipo.com.mx\/storage\/2019\/01\/sonoraenequipo_opt.png","width":375,"height":125,"caption":"Sonoraenequipo.com.mx"},"image":{"@id":"https:\/\/www.sonoraenequipo.com.mx\/#\/schema\/logo\/image\/"},"sameAs":["https:\/\/www.facebook.com\/SonoraEE\/","https:\/\/x.com\/sonoraenequipo","https:\/\/www.youtube.com\/channel\/UC338nW-lPEYmJQs4ZABQ1SQ"]},{"@type":"Person","@id":"https:\/\/www.sonoraenequipo.com.mx\/#\/schema\/person\/50102df0fb23a8fa9e8effad8fa81386","name":"enequipo","image":{"@type":"ImageObject","inLanguage":"es","@id":"https:\/\/www.sonoraenequipo.com.mx\/#\/schema\/person\/image\/","url":"https:\/\/secure.gravatar.com\/avatar\/049821681b589dabc0bc20695993ccebb09f5b5d4d790cd9251b97faac7c652b?s=96&d=blank&r=g","contentUrl":"https:\/\/secure.gravatar.com\/avatar\/049821681b589dabc0bc20695993ccebb09f5b5d4d790cd9251b97faac7c652b?s=96&d=blank&r=g","caption":"enequipo"},"sameAs":["https:\/\/www.facebook.com\/SonoraEE"]}]}},"jetpack_featured_media_url":"https:\/\/www.sonoraenequipo.com.mx\/storage\/2018\/11\/06_empresa_opt.jpg","_links":{"self":[{"href":"https:\/\/www.sonoraenequipo.com.mx\/api\/wp\/v2\/posts\/49132","targetHints":{"allow":["GET"]}}],"collection":[{"href":"https:\/\/www.sonoraenequipo.com.mx\/api\/wp\/v2\/posts"}],"about":[{"href":"https:\/\/www.sonoraenequipo.com.mx\/api\/wp\/v2\/types\/post"}],"author":[{"embeddable":true,"href":"https:\/\/www.sonoraenequipo.com.mx\/api\/wp\/v2\/users\/1"}],"replies":[{"embeddable":true,"href":"https:\/\/www.sonoraenequipo.com.mx\/api\/wp\/v2\/comments?post=49132"}],"version-history":[{"count":0,"href":"https:\/\/www.sonoraenequipo.com.mx\/api\/wp\/v2\/posts\/49132\/revisions"}],"wp:featuredmedia":[{"embeddable":true,"href":"https:\/\/www.sonoraenequipo.com.mx\/api\/wp\/v2\/media\/49133"}],"wp:attachment":[{"href":"https:\/\/www.sonoraenequipo.com.mx\/api\/wp\/v2\/media?parent=49132"}],"wp:term":[{"taxonomy":"category","embeddable":true,"href":"https:\/\/www.sonoraenequipo.com.mx\/api\/wp\/v2\/categories?post=49132"},{"taxonomy":"post_tag","embeddable":true,"href":"https:\/\/www.sonoraenequipo.com.mx\/api\/wp\/v2\/tags?post=49132"}],"curies":[{"name":"wp","href":"https:\/\/api.w.org\/{rel}","templated":true}]}}