{"id":49174,"date":"2018-11-22T19:15:14","date_gmt":"2018-11-23T02:15:14","guid":{"rendered":"http:\/\/www.sonoraenequipo.com.mx\/?p=49174"},"modified":"2018-11-22T19:15:14","modified_gmt":"2018-11-23T02:15:14","slug":"asi-fue-el-tradicional-desfile-de-accion-de-gracias-en-ny","status":"publish","type":"post","link":"https:\/\/www.sonoraenequipo.com.mx\/asi-fue-el-tradicional-desfile-de-accion-de-gracias-en-ny\/","title":{"rendered":"As\u00ed fue el tradicional desfile de \u2018Acci\u00f3n de Gracias\u2019 en NY"},"content":{"rendered":"<p>NUEVA YORK. ESTADOS UNIDOS. \u2014 Poco m\u00e1s de 3.5 millones de neoyorquinos y turistas desafiaron este jueves el fr\u00edo extremo que se vive en Manhattan para poder seguir, sobre todo los peque\u00f1os, el tradicional desfile de globos gigantes con motivo del d\u00eda de Acci\u00f3n de Gracias.<\/p>\n<p> <\/p>\n<p>A primera hora de esta ma\u00f1ana, con una temperatura de siete grados bajo cero, se dudaba incluso sobre la viabilidad del evento, que desde hace 92 organiza la cadena de grandes almacenes Macys, debido al viento, lo que pod\u00eda imposibilitar alzar los globos gigantes y que acrecentaban la sensaci\u00f3n de fr\u00edo.<\/p>\n<p>Pero el comisionado neoyorquino de la polic\u00eda, James O\u2019Neil, dio su visto bueno a trav\u00e9s de las redes al asegurar que \u201cel desfile es una oportunidad, los vientos est\u00e1n cooperando, por lo que todos los globos estar\u00e1n en sus alturas regulares. Ser\u00e1 un gran d\u00eda para todos\u201d.<\/p>\n<p>Y lo fue. Globos gigantes representando a personajes del mundo del c\u00f3mic, de las pel\u00edculas y los videojuegos flotaron por las calles de Manhattan despu\u00e9s de que fueran autorizados para volar y millones de personas se alinearon en las calles para poder ver estos globos gigantes, las carrozas, las bandas de m\u00fasica de todo el pa\u00eds, grupos de animadores e incluso un Pap\u00e1 Noel que anuncia ya la cercan\u00eda de la Navidad.<\/p>\n<p>Desde noviembre de 1924, el desfile de Macy se ha convertido en sin\u00f3nimo del inicio de las vacaciones de Navidad.<\/p>\n<p>Para esta edici\u00f3n, el desfile cont\u00f3 con 16 globos de personajes gigantes; 43 globos m\u00e1s peque\u00f1os con motivos infantiles diversos, mil 200 animadoras y bailarinas, m\u00e1s de mil payasos y hasta 12 bandas de m\u00fasica.<\/p>\n<p>La baja temperatura en este desfile de Acci\u00f3n de Gracias fue de siete grados bajo cero en Central Park, en lo que es la segunda r\u00faa m\u00e1s fr\u00eda desde que se celebra.<\/p>\n<p>En esta edici\u00f3n debutaron cuatro nuevas carrozas, como la Fantasy Chocolate de la factor\u00eda Kinder o la de las Tortugas Ninja. Los m\u00e1s peque\u00f1os disfrutaban con los globos gigantes que caracterizaban a personajes como Charlie Brown, Dragon Ball, Pikachu o Ronald McDonald.<\/p>\n<p><iframe loading=\"lazy\" title=\"Macy&#039;s Thanksgiving Parade in NYC 2018\" width=\"640\" height=\"360\" src=\"https:\/\/www.youtube.com\/embed\/7q1CHtlZ1pc?feature=oembed\" frameborder=\"0\" allow=\"accelerometer; autoplay; clipboard-write; encrypted-media; gyroscope; picture-in-picture; web-share\" referrerpolicy=\"strict-origin-when-cross-origin\" allowfullscreen><\/iframe><\/p>\n<p>(FECHA DE PUBLICACI\u00d3N.22\/11\/2018 \/\/<\/p>\n","protected":false},"excerpt":{"rendered":"<p>NUEVA YORK. ESTADOS UNIDOS. \u2014 Poco m\u00e1s de 3.5 millones de neoyorquinos y turistas desafiaron&#8230;<\/p>\n","protected":false},"author":1,"featured_media":49175,"comment_status":"open","ping_status":"open","sticky":false,"template":"","format":"standard","meta":{"_monsterinsights_skip_tracking":false,"_monsterinsights_sitenote_active":false,"_monsterinsights_sitenote_note":"","_monsterinsights_sitenote_category":0,"footnotes":""},"categories":[3],"tags":[],"class_list":["post"],"yoast_head":" \n<title>Sonora en Equipo. As\u00ed fue el tradicional desfile de \u2018Acci\u00f3n de Gracias\u2019 en NY MUNDO<\/title>\n<meta name=\"description\" content=\"NUEVA YORK. ESTADOS UNIDOS. \u2014 Poco m\u00e1s de 3.5 millones de neoyorquinos y turistas desafiaron este jueves el fr\u00edo extremo que se vive en Manhattan para En Sonora en Equipo publicamos toda la informaci\u00f3n de Sonora, M\u00e9xico y el Mundo de manera oportuna y busca que la libertad de expresi\u00f3n sea real. Visita nuestro medio informativo publicado desde Hermosillo, Sonora. %\" \/>\n<meta name=\"robots\" content=\"index, follow, max-snippet:-1, max-image-preview:large, max-video-preview:-1\" \/>\n<link rel=\"canonical\" href=\"https:\/\/www.sonoraenequipo.com.mx\/asi-fue-el-tradicional-desfile-de-accion-de-gracias-en-ny\/\" \/>\n<meta property=\"og:locale\" content=\"es_ES\" \/>\n<meta property=\"og:type\" content=\"article\" \/>\n<meta property=\"og:title\" content=\"Sonora en Equipo. As\u00ed fue el tradicional desfile de \u2018Acci\u00f3n de Gracias\u2019 en NY MUNDO\" \/>\n<meta property=\"og:description\" content=\"NUEVA YORK. ESTADOS UNIDOS. \u2014 Poco m\u00e1s de 3.5 millones de neoyorquinos y turistas desafiaron este jueves el fr\u00edo extremo que se vive en Manhattan para En Sonora en Equipo publicamos toda la informaci\u00f3n de Sonora, M\u00e9xico y el Mundo de manera oportuna y busca que la libertad de expresi\u00f3n sea real. Visita nuestro medio informativo publicado desde Hermosillo, Sonora. %\" \/>\n<meta property=\"og:url\" content=\"https:\/\/www.sonoraenequipo.com.mx\/asi-fue-el-tradicional-desfile-de-accion-de-gracias-en-ny\/\" \/>\n<meta property=\"og:site_name\" content=\"Sonora en Equipo.\" \/>\n<meta property=\"article:publisher\" content=\"https:\/\/www.facebook.com\/SonoraEE\/\" \/>\n<meta property=\"article:author\" content=\"https:\/\/www.facebook.com\/SonoraEE\" \/>\n<meta property=\"article:published_time\" content=\"2018-11-23T02:15:14+00:00\" \/>\n<meta property=\"og:image\" content=\"https:\/\/www.sonoraenequipo.com.mx\/storage\/2018\/11\/acciondegracias_opt.jpg\" \/>\n\t<meta property=\"og:image:width\" content=\"670\" \/>\n\t<meta property=\"og:image:height\" content=\"400\" \/>\n\t<meta property=\"og:image:type\" content=\"image\/jpeg\" \/>\n<meta name=\"author\" content=\"enequipo\" \/>\n<meta name=\"twitter:card\" content=\"summary_large_image\" \/>\n<meta name=\"twitter:creator\" content=\"@sonoraenequipo\" \/>\n<meta name=\"twitter:site\" content=\"@sonoraenequipo\" \/>\n<meta name=\"twitter:label1\" content=\"Escrito por\" \/>\n\t<meta name=\"twitter:data1\" content=\"enequipo\" \/>\n\t<meta name=\"twitter:label2\" content=\"Tiempo de lectura\" \/>\n\t<meta name=\"twitter:data2\" content=\"2 minutos\" \/>\n<script type=\"application\/ld+json\" class=\"yoast-schema-graph\">{\"@context\":\"https:\/\/schema.org\",\"@graph\":[{\"@type\":\"Article\",\"@id\":\"https:\/\/www.sonoraenequipo.com.mx\/asi-fue-el-tradicional-desfile-de-accion-de-gracias-en-ny\/#article\",\"isPartOf\":{\"@id\":\"https:\/\/www.sonoraenequipo.com.mx\/asi-fue-el-tradicional-desfile-de-accion-de-gracias-en-ny\/\"},\"author\":{\"name\":\"enequipo\",\"@id\":\"https:\/\/www.sonoraenequipo.com.mx\/#\/schema\/person\/50102df0fb23a8fa9e8effad8fa81386\"},\"headline\":\"As\u00ed fue el tradicional desfile de \u2018Acci\u00f3n de Gracias\u2019 en NY\",\"datePublished\":\"2018-11-23T02:15:14+00:00\",\"mainEntityOfPage\":{\"@id\":\"https:\/\/www.sonoraenequipo.com.mx\/asi-fue-el-tradicional-desfile-de-accion-de-gracias-en-ny\/\"},\"wordCount\":394,\"commentCount\":0,\"publisher\":{\"@id\":\"https:\/\/www.sonoraenequipo.com.mx\/#organization\"},\"image\":{\"@id\":\"https:\/\/www.sonoraenequipo.com.mx\/asi-fue-el-tradicional-desfile-de-accion-de-gracias-en-ny\/#primaryimage\"},\"thumbnailUrl\":\"https:\/\/www.sonoraenequipo.com.mx\/storage\/2018\/11\/acciondegracias_opt.jpg\",\"articleSection\":[\"MUNDO\"],\"inLanguage\":\"es\",\"potentialAction\":[{\"@type\":\"CommentAction\",\"name\":\"Comment\",\"target\":[\"https:\/\/www.sonoraenequipo.com.mx\/asi-fue-el-tradicional-desfile-de-accion-de-gracias-en-ny\/#respond\"]}]},{\"@type\":\"WebPage\",\"@id\":\"https:\/\/www.sonoraenequipo.com.mx\/asi-fue-el-tradicional-desfile-de-accion-de-gracias-en-ny\/\",\"url\":\"https:\/\/www.sonoraenequipo.com.mx\/asi-fue-el-tradicional-desfile-de-accion-de-gracias-en-ny\/\",\"name\":\"Sonora en Equipo. As\u00ed fue el tradicional desfile de \u2018Acci\u00f3n de Gracias\u2019 en NY MUNDO\",\"isPartOf\":{\"@id\":\"https:\/\/www.sonoraenequipo.com.mx\/#website\"},\"primaryImageOfPage\":{\"@id\":\"https:\/\/www.sonoraenequipo.com.mx\/asi-fue-el-tradicional-desfile-de-accion-de-gracias-en-ny\/#primaryimage\"},\"image\":{\"@id\":\"https:\/\/www.sonoraenequipo.com.mx\/asi-fue-el-tradicional-desfile-de-accion-de-gracias-en-ny\/#primaryimage\"},\"thumbnailUrl\":\"https:\/\/www.sonoraenequipo.com.mx\/storage\/2018\/11\/acciondegracias_opt.jpg\",\"datePublished\":\"2018-11-23T02:15:14+00:00\",\"description\":\"NUEVA YORK. ESTADOS UNIDOS. \u2014 Poco m\u00e1s de 3.5 millones de neoyorquinos y turistas desafiaron este jueves el fr\u00edo extremo que se vive en Manhattan para En Sonora en Equipo publicamos toda la informaci\u00f3n de Sonora, M\u00e9xico y el Mundo de manera oportuna y busca que la libertad de expresi\u00f3n sea real. Visita nuestro medio informativo publicado desde Hermosillo, Sonora. %\",\"breadcrumb\":{\"@id\":\"https:\/\/www.sonoraenequipo.com.mx\/asi-fue-el-tradicional-desfile-de-accion-de-gracias-en-ny\/#breadcrumb\"},\"inLanguage\":\"es\",\"potentialAction\":[{\"@type\":\"ReadAction\",\"target\":[\"https:\/\/www.sonoraenequipo.com.mx\/asi-fue-el-tradicional-desfile-de-accion-de-gracias-en-ny\/\"]}]},{\"@type\":\"ImageObject\",\"inLanguage\":\"es\",\"@id\":\"https:\/\/www.sonoraenequipo.com.mx\/asi-fue-el-tradicional-desfile-de-accion-de-gracias-en-ny\/#primaryimage\",\"url\":\"https:\/\/www.sonoraenequipo.com.mx\/storage\/2018\/11\/acciondegracias_opt.jpg\",\"contentUrl\":\"https:\/\/www.sonoraenequipo.com.mx\/storage\/2018\/11\/acciondegracias_opt.jpg\",\"width\":670,\"height\":400},{\"@type\":\"BreadcrumbList\",\"@id\":\"https:\/\/www.sonoraenequipo.com.mx\/asi-fue-el-tradicional-desfile-de-accion-de-gracias-en-ny\/#breadcrumb\",\"itemListElement\":[{\"@type\":\"ListItem\",\"position\":1,\"name\":\"Portada\",\"item\":\"https:\/\/www.sonoraenequipo.com.mx\/\"},{\"@type\":\"ListItem\",\"position\":2,\"name\":\"As\u00ed fue el tradicional desfile de \u2018Acci\u00f3n de Gracias\u2019 en NY\"}]},{\"@type\":\"WebSite\",\"@id\":\"https:\/\/www.sonoraenequipo.com.mx\/#website\",\"url\":\"https:\/\/www.sonoraenequipo.com.mx\/\",\"name\":\"Sonora en Equipo.\",\"description\":\"Diario en l\u00ednea con Noticias desde Hermosillo, Sonora\",\"publisher\":{\"@id\":\"https:\/\/www.sonoraenequipo.com.mx\/#organization\"},\"potentialAction\":[{\"@type\":\"SearchAction\",\"target\":{\"@type\":\"EntryPoint\",\"urlTemplate\":\"https:\/\/www.sonoraenequipo.com.mx\/?s={search_term_string}\"},\"query-input\":{\"@type\":\"PropertyValueSpecification\",\"valueRequired\":true,\"valueName\":\"search_term_string\"}}],\"inLanguage\":\"es\"},{\"@type\":\"Organization\",\"@id\":\"https:\/\/www.sonoraenequipo.com.mx\/#organization\",\"name\":\"Sonoraenequipo.com.mx\",\"url\":\"https:\/\/www.sonoraenequipo.com.mx\/\",\"logo\":{\"@type\":\"ImageObject\",\"inLanguage\":\"es\",\"@id\":\"https:\/\/www.sonoraenequipo.com.mx\/#\/schema\/logo\/image\/\",\"url\":\"https:\/\/www.sonoraenequipo.com.mx\/storage\/2019\/01\/sonoraenequipo_opt.png\",\"contentUrl\":\"https:\/\/www.sonoraenequipo.com.mx\/storage\/2019\/01\/sonoraenequipo_opt.png\",\"width\":375,\"height\":125,\"caption\":\"Sonoraenequipo.com.mx\"},\"image\":{\"@id\":\"https:\/\/www.sonoraenequipo.com.mx\/#\/schema\/logo\/image\/\"},\"sameAs\":[\"https:\/\/www.facebook.com\/SonoraEE\/\",\"https:\/\/x.com\/sonoraenequipo\",\"https:\/\/www.youtube.com\/channel\/UC338nW-lPEYmJQs4ZABQ1SQ\"]},{\"@type\":\"Person\",\"@id\":\"https:\/\/www.sonoraenequipo.com.mx\/#\/schema\/person\/50102df0fb23a8fa9e8effad8fa81386\",\"name\":\"enequipo\",\"image\":{\"@type\":\"ImageObject\",\"inLanguage\":\"es\",\"@id\":\"https:\/\/www.sonoraenequipo.com.mx\/#\/schema\/person\/image\/\",\"url\":\"https:\/\/secure.gravatar.com\/avatar\/049821681b589dabc0bc20695993ccebb09f5b5d4d790cd9251b97faac7c652b?s=96&d=blank&r=g\",\"contentUrl\":\"https:\/\/secure.gravatar.com\/avatar\/049821681b589dabc0bc20695993ccebb09f5b5d4d790cd9251b97faac7c652b?s=96&d=blank&r=g\",\"caption\":\"enequipo\"},\"sameAs\":[\"https:\/\/www.facebook.com\/SonoraEE\"]}]}<\/script>\n ","yoast_head_json":{"title":"Sonora en Equipo. As\u00ed fue el tradicional desfile de \u2018Acci\u00f3n de Gracias\u2019 en NY MUNDO","description":"NUEVA YORK. ESTADOS UNIDOS. \u2014 Poco m\u00e1s de 3.5 millones de neoyorquinos y turistas desafiaron este jueves el fr\u00edo extremo que se vive en Manhattan para En Sonora en Equipo publicamos toda la informaci\u00f3n de Sonora, M\u00e9xico y el Mundo de manera oportuna y busca que la libertad de expresi\u00f3n sea real. Visita nuestro medio informativo publicado desde Hermosillo, Sonora. %","robots":{"index":"index","follow":"follow","max-snippet":"max-snippet:-1","max-image-preview":"max-image-preview:large","max-video-preview":"max-video-preview:-1"},"canonical":"https:\/\/www.sonoraenequipo.com.mx\/asi-fue-el-tradicional-desfile-de-accion-de-gracias-en-ny\/","og_locale":"es_ES","og_type":"article","og_title":"Sonora en Equipo. As\u00ed fue el tradicional desfile de \u2018Acci\u00f3n de Gracias\u2019 en NY MUNDO","og_description":"NUEVA YORK. ESTADOS UNIDOS. \u2014 Poco m\u00e1s de 3.5 millones de neoyorquinos y turistas desafiaron este jueves el fr\u00edo extremo que se vive en Manhattan para En Sonora en Equipo publicamos toda la informaci\u00f3n de Sonora, M\u00e9xico y el Mundo de manera oportuna y busca que la libertad de expresi\u00f3n sea real. Visita nuestro medio informativo publicado desde Hermosillo, Sonora. %","og_url":"https:\/\/www.sonoraenequipo.com.mx\/asi-fue-el-tradicional-desfile-de-accion-de-gracias-en-ny\/","og_site_name":"Sonora en Equipo.","article_publisher":"https:\/\/www.facebook.com\/SonoraEE\/","article_author":"https:\/\/www.facebook.com\/SonoraEE","article_published_time":"2018-11-23T02:15:14+00:00","og_image":[{"width":670,"height":400,"url":"https:\/\/www.sonoraenequipo.com.mx\/storage\/2018\/11\/acciondegracias_opt.jpg","type":"image\/jpeg"}],"author":"enequipo","twitter_card":"summary_large_image","twitter_creator":"@sonoraenequipo","twitter_site":"@sonoraenequipo","twitter_misc":{"Escrito por":"enequipo","Tiempo de lectura":"2 minutos"},"schema":{"@context":"https:\/\/schema.org","@graph":[{"@type":"Article","@id":"https:\/\/www.sonoraenequipo.com.mx\/asi-fue-el-tradicional-desfile-de-accion-de-gracias-en-ny\/#article","isPartOf":{"@id":"https:\/\/www.sonoraenequipo.com.mx\/asi-fue-el-tradicional-desfile-de-accion-de-gracias-en-ny\/"},"author":{"name":"enequipo","@id":"https:\/\/www.sonoraenequipo.com.mx\/#\/schema\/person\/50102df0fb23a8fa9e8effad8fa81386"},"headline":"As\u00ed fue el tradicional desfile de \u2018Acci\u00f3n de Gracias\u2019 en NY","datePublished":"2018-11-23T02:15:14+00:00","mainEntityOfPage":{"@id":"https:\/\/www.sonoraenequipo.com.mx\/asi-fue-el-tradicional-desfile-de-accion-de-gracias-en-ny\/"},"wordCount":394,"commentCount":0,"publisher":{"@id":"https:\/\/www.sonoraenequipo.com.mx\/#organization"},"image":{"@id":"https:\/\/www.sonoraenequipo.com.mx\/asi-fue-el-tradicional-desfile-de-accion-de-gracias-en-ny\/#primaryimage"},"thumbnailUrl":"https:\/\/www.sonoraenequipo.com.mx\/storage\/2018\/11\/acciondegracias_opt.jpg","articleSection":["MUNDO"],"inLanguage":"es","potentialAction":[{"@type":"CommentAction","name":"Comment","target":["https:\/\/www.sonoraenequipo.com.mx\/asi-fue-el-tradicional-desfile-de-accion-de-gracias-en-ny\/#respond"]}]},{"@type":"WebPage","@id":"https:\/\/www.sonoraenequipo.com.mx\/asi-fue-el-tradicional-desfile-de-accion-de-gracias-en-ny\/","url":"https:\/\/www.sonoraenequipo.com.mx\/asi-fue-el-tradicional-desfile-de-accion-de-gracias-en-ny\/","name":"Sonora en Equipo. As\u00ed fue el tradicional desfile de \u2018Acci\u00f3n de Gracias\u2019 en NY MUNDO","isPartOf":{"@id":"https:\/\/www.sonoraenequipo.com.mx\/#website"},"primaryImageOfPage":{"@id":"https:\/\/www.sonoraenequipo.com.mx\/asi-fue-el-tradicional-desfile-de-accion-de-gracias-en-ny\/#primaryimage"},"image":{"@id":"https:\/\/www.sonoraenequipo.com.mx\/asi-fue-el-tradicional-desfile-de-accion-de-gracias-en-ny\/#primaryimage"},"thumbnailUrl":"https:\/\/www.sonoraenequipo.com.mx\/storage\/2018\/11\/acciondegracias_opt.jpg","datePublished":"2018-11-23T02:15:14+00:00","description":"NUEVA YORK. ESTADOS UNIDOS. \u2014 Poco m\u00e1s de 3.5 millones de neoyorquinos y turistas desafiaron este jueves el fr\u00edo extremo que se vive en Manhattan para En Sonora en Equipo publicamos toda la informaci\u00f3n de Sonora, M\u00e9xico y el Mundo de manera oportuna y busca que la libertad de expresi\u00f3n sea real. Visita nuestro medio informativo publicado desde Hermosillo, Sonora. %","breadcrumb":{"@id":"https:\/\/www.sonoraenequipo.com.mx\/asi-fue-el-tradicional-desfile-de-accion-de-gracias-en-ny\/#breadcrumb"},"inLanguage":"es","potentialAction":[{"@type":"ReadAction","target":["https:\/\/www.sonoraenequipo.com.mx\/asi-fue-el-tradicional-desfile-de-accion-de-gracias-en-ny\/"]}]},{"@type":"ImageObject","inLanguage":"es","@id":"https:\/\/www.sonoraenequipo.com.mx\/asi-fue-el-tradicional-desfile-de-accion-de-gracias-en-ny\/#primaryimage","url":"https:\/\/www.sonoraenequipo.com.mx\/storage\/2018\/11\/acciondegracias_opt.jpg","contentUrl":"https:\/\/www.sonoraenequipo.com.mx\/storage\/2018\/11\/acciondegracias_opt.jpg","width":670,"height":400},{"@type":"BreadcrumbList","@id":"https:\/\/www.sonoraenequipo.com.mx\/asi-fue-el-tradicional-desfile-de-accion-de-gracias-en-ny\/#breadcrumb","itemListElement":[{"@type":"ListItem","position":1,"name":"Portada","item":"https:\/\/www.sonoraenequipo.com.mx\/"},{"@type":"ListItem","position":2,"name":"As\u00ed fue el tradicional desfile de \u2018Acci\u00f3n de Gracias\u2019 en NY"}]},{"@type":"WebSite","@id":"https:\/\/www.sonoraenequipo.com.mx\/#website","url":"https:\/\/www.sonoraenequipo.com.mx\/","name":"Sonora en Equipo.","description":"Diario en l\u00ednea con Noticias desde Hermosillo, Sonora","publisher":{"@id":"https:\/\/www.sonoraenequipo.com.mx\/#organization"},"potentialAction":[{"@type":"SearchAction","target":{"@type":"EntryPoint","urlTemplate":"https:\/\/www.sonoraenequipo.com.mx\/?s={search_term_string}"},"query-input":{"@type":"PropertyValueSpecification","valueRequired":true,"valueName":"search_term_string"}}],"inLanguage":"es"},{"@type":"Organization","@id":"https:\/\/www.sonoraenequipo.com.mx\/#organization","name":"Sonoraenequipo.com.mx","url":"https:\/\/www.sonoraenequipo.com.mx\/","logo":{"@type":"ImageObject","inLanguage":"es","@id":"https:\/\/www.sonoraenequipo.com.mx\/#\/schema\/logo\/image\/","url":"https:\/\/www.sonoraenequipo.com.mx\/storage\/2019\/01\/sonoraenequipo_opt.png","contentUrl":"https:\/\/www.sonoraenequipo.com.mx\/storage\/2019\/01\/sonoraenequipo_opt.png","width":375,"height":125,"caption":"Sonoraenequipo.com.mx"},"image":{"@id":"https:\/\/www.sonoraenequipo.com.mx\/#\/schema\/logo\/image\/"},"sameAs":["https:\/\/www.facebook.com\/SonoraEE\/","https:\/\/x.com\/sonoraenequipo","https:\/\/www.youtube.com\/channel\/UC338nW-lPEYmJQs4ZABQ1SQ"]},{"@type":"Person","@id":"https:\/\/www.sonoraenequipo.com.mx\/#\/schema\/person\/50102df0fb23a8fa9e8effad8fa81386","name":"enequipo","image":{"@type":"ImageObject","inLanguage":"es","@id":"https:\/\/www.sonoraenequipo.com.mx\/#\/schema\/person\/image\/","url":"https:\/\/secure.gravatar.com\/avatar\/049821681b589dabc0bc20695993ccebb09f5b5d4d790cd9251b97faac7c652b?s=96&d=blank&r=g","contentUrl":"https:\/\/secure.gravatar.com\/avatar\/049821681b589dabc0bc20695993ccebb09f5b5d4d790cd9251b97faac7c652b?s=96&d=blank&r=g","caption":"enequipo"},"sameAs":["https:\/\/www.facebook.com\/SonoraEE"]}]}},"jetpack_featured_media_url":"https:\/\/www.sonoraenequipo.com.mx\/storage\/2018\/11\/acciondegracias_opt.jpg","_links":{"self":[{"href":"https:\/\/www.sonoraenequipo.com.mx\/api\/wp\/v2\/posts\/49174","targetHints":{"allow":["GET"]}}],"collection":[{"href":"https:\/\/www.sonoraenequipo.com.mx\/api\/wp\/v2\/posts"}],"about":[{"href":"https:\/\/www.sonoraenequipo.com.mx\/api\/wp\/v2\/types\/post"}],"author":[{"embeddable":true,"href":"https:\/\/www.sonoraenequipo.com.mx\/api\/wp\/v2\/users\/1"}],"replies":[{"embeddable":true,"href":"https:\/\/www.sonoraenequipo.com.mx\/api\/wp\/v2\/comments?post=49174"}],"version-history":[{"count":0,"href":"https:\/\/www.sonoraenequipo.com.mx\/api\/wp\/v2\/posts\/49174\/revisions"}],"wp:featuredmedia":[{"embeddable":true,"href":"https:\/\/www.sonoraenequipo.com.mx\/api\/wp\/v2\/media\/49175"}],"wp:attachment":[{"href":"https:\/\/www.sonoraenequipo.com.mx\/api\/wp\/v2\/media?parent=49174"}],"wp:term":[{"taxonomy":"category","embeddable":true,"href":"https:\/\/www.sonoraenequipo.com.mx\/api\/wp\/v2\/categories?post=49174"},{"taxonomy":"post_tag","embeddable":true,"href":"https:\/\/www.sonoraenequipo.com.mx\/api\/wp\/v2\/tags?post=49174"}],"curies":[{"name":"wp","href":"https:\/\/api.w.org\/{rel}","templated":true}]}}