{"id":52000,"date":"2019-01-08T16:15:01","date_gmt":"2019-01-08T23:15:01","guid":{"rendered":"http:\/\/www.sonoraenequipo.com.mx\/?p=52000"},"modified":"2019-01-08T20:26:35","modified_gmt":"2019-01-09T03:26:35","slug":"celebra-secretaria-de-salud-a-las-enfermeras-y-enfermeros","status":"publish","type":"post","link":"https:\/\/www.sonoraenequipo.com.mx\/celebra-secretaria-de-salud-a-las-enfermeras-y-enfermeros\/","title":{"rendered":"Celebra Secretar\u00eda de Salud a las enfermeras y enfermeros"},"content":{"rendered":"<p>HERMOSILLO, SONORA. MX. \u2014 Un reconocimiento a enfermeros y enfermeras por la gran labor, dedicaci\u00f3n, desempe\u00f1o y entrega a favor de la salud de los sonorenses, realiz\u00f3 Enrique Clausen Iberri. <\/p>\n<p>Como parte de las actividades para conmemorar el D\u00eda de las Enfermeras y Enfermeros, en un evento en el Hospital General del Estado (HGE), el secretario de Salud, resalt\u00f3 el trabajo que efect\u00faa el personal de Enfermer\u00eda.<\/p>\n<p>El funcionario estatal destac\u00f3 la importancia de estos profesionales, al ser su labor la cara de la Instituci\u00f3n ante los pacientes que acuden a resguardar su salud en hospitales de Sonora.<\/p>\n<p><em>\u201cLa gobernadora Claudia Pavlovich reconoce la gran labor que realizan las \u2018divinas batas blancas\u2019 en el D\u00eda de la Enfermera y el Enfermero; gracias por su trabajo, dedicaci\u00f3n y esfuerzo en la atenci\u00f3n de los paciente d\u00eda a d\u00eda\u201d<\/em>, extern\u00f3.<\/p>\n<p>El titular de la dependencia estatal reiter\u00f3 la felicitaci\u00f3n al personal de Enfermer\u00eda del Hospital General del Estado, Hospital Infantil e Integral de la Mujer (Hies-Himes) y el Hospital Psiqui\u00e1trico \u201cCruz del Norte\u201d, por la labor que diariamente efect\u00faan y el gran empe\u00f1o que muestran con su trabajo y trato con los pacientes.<\/p>\n<p>Adem\u00e1s, como parte de los festejos se realiz\u00f3 la celebraci\u00f3n de la Santa Misa, ya una tradici\u00f3n para el Hies-Himes y el Hospital General del Estado.<\/p>\n<p>Por su parte, el enfermero Rene\u00e9 Mart\u00ednez, quien hace m\u00e1s de seis a\u00f1os labora en el Hospital Infantil del Estado de Sonora, en el \u00e1rea de Ginecobstetricia, dijo que expresar amor a trav\u00e9s del cuidado que se le brinda a cada paciente es lo que m\u00e1s le gusta de su profesi\u00f3n.<\/p>\n<p><em>\u201cHacemos una labor muy noble, pocas personas son quienes tienen ese contacto con un paciente y decirles que todo va a estar bien, tocar su mano antes de entrar al quir\u00f3fano, cargarlos por primera vez, es una experiencia de la cual deber\u00edan sentirse muy honrados\u201d,<\/em> enfatiz\u00f3.<\/p>\n<p>(FECHA DE PUBLICACI\u00d3N.08\/01\/2019 \/\/<\/p>\n","protected":false},"excerpt":{"rendered":"<p>HERMOSILLO, SONORA. MX. \u2014 Un reconocimiento a enfermeros y enfermeras por la gran labor, dedicaci\u00f3n,&#8230;<\/p>\n","protected":false},"author":1,"featured_media":52001,"comment_status":"open","ping_status":"open","sticky":false,"template":"","format":"standard","meta":{"_monsterinsights_skip_tracking":false,"_monsterinsights_sitenote_active":false,"_monsterinsights_sitenote_note":"","_monsterinsights_sitenote_category":0,"footnotes":""},"categories":[22],"tags":[],"class_list":["post"],"yoast_head":" \n<title>Sonora en Equipo. Celebra Secretar\u00eda de Salud a las enfermeras y enfermeros Sonora<\/title>\n<meta name=\"description\" content=\"HERMOSILLO, SONORA. MX. \u2014 Un reconocimiento a enfermeros y enfermeras por la gran labor, dedicaci\u00f3n, desempe\u00f1o y entrega a favor de la salud de los En Sonora en Equipo publicamos toda la informaci\u00f3n de Sonora, M\u00e9xico y el Mundo de manera oportuna y busca que la libertad de expresi\u00f3n sea real. Visita nuestro medio informativo publicado desde Hermosillo, Sonora. %\" \/>\n<meta name=\"robots\" content=\"index, follow, max-snippet:-1, max-image-preview:large, max-video-preview:-1\" \/>\n<link rel=\"canonical\" href=\"https:\/\/www.sonoraenequipo.com.mx\/celebra-secretaria-de-salud-a-las-enfermeras-y-enfermeros\/\" \/>\n<meta property=\"og:locale\" content=\"es_ES\" \/>\n<meta property=\"og:type\" content=\"article\" \/>\n<meta property=\"og:title\" content=\"Sonora en Equipo. Celebra Secretar\u00eda de Salud a las enfermeras y enfermeros Sonora\" \/>\n<meta property=\"og:description\" content=\"HERMOSILLO, SONORA. MX. \u2014 Un reconocimiento a enfermeros y enfermeras por la gran labor, dedicaci\u00f3n, desempe\u00f1o y entrega a favor de la salud de los En Sonora en Equipo publicamos toda la informaci\u00f3n de Sonora, M\u00e9xico y el Mundo de manera oportuna y busca que la libertad de expresi\u00f3n sea real. Visita nuestro medio informativo publicado desde Hermosillo, Sonora. %\" \/>\n<meta property=\"og:url\" content=\"https:\/\/www.sonoraenequipo.com.mx\/celebra-secretaria-de-salud-a-las-enfermeras-y-enfermeros\/\" \/>\n<meta property=\"og:site_name\" content=\"Sonora en Equipo.\" \/>\n<meta property=\"article:publisher\" content=\"https:\/\/www.facebook.com\/SonoraEE\/\" \/>\n<meta property=\"article:author\" content=\"https:\/\/www.facebook.com\/SonoraEE\" \/>\n<meta property=\"article:published_time\" content=\"2019-01-08T23:15:01+00:00\" \/>\n<meta property=\"article:modified_time\" content=\"2019-01-09T03:26:35+00:00\" \/>\n<meta property=\"og:image\" content=\"https:\/\/www.sonoraenequipo.com.mx\/storage\/2019\/01\/diadelasenfermeras_opt.jpg\" \/>\n\t<meta property=\"og:image:width\" content=\"854\" \/>\n\t<meta property=\"og:image:height\" content=\"500\" \/>\n\t<meta property=\"og:image:type\" content=\"image\/jpeg\" \/>\n<meta name=\"author\" content=\"enequipo\" \/>\n<meta name=\"twitter:card\" content=\"summary_large_image\" \/>\n<meta name=\"twitter:creator\" content=\"@sonoraenequipo\" \/>\n<meta name=\"twitter:site\" content=\"@sonoraenequipo\" \/>\n<meta name=\"twitter:label1\" content=\"Escrito por\" \/>\n\t<meta name=\"twitter:data1\" content=\"enequipo\" \/>\n\t<meta name=\"twitter:label2\" content=\"Tiempo de lectura\" \/>\n\t<meta name=\"twitter:data2\" content=\"2 minutos\" \/>\n<script type=\"application\/ld+json\" class=\"yoast-schema-graph\">{\"@context\":\"https:\/\/schema.org\",\"@graph\":[{\"@type\":\"Article\",\"@id\":\"https:\/\/www.sonoraenequipo.com.mx\/celebra-secretaria-de-salud-a-las-enfermeras-y-enfermeros\/#article\",\"isPartOf\":{\"@id\":\"https:\/\/www.sonoraenequipo.com.mx\/celebra-secretaria-de-salud-a-las-enfermeras-y-enfermeros\/\"},\"author\":{\"name\":\"enequipo\",\"@id\":\"https:\/\/www.sonoraenequipo.com.mx\/#\/schema\/person\/50102df0fb23a8fa9e8effad8fa81386\"},\"headline\":\"Celebra Secretar\u00eda de Salud a las enfermeras y enfermeros\",\"datePublished\":\"2019-01-08T23:15:01+00:00\",\"dateModified\":\"2019-01-09T03:26:35+00:00\",\"mainEntityOfPage\":{\"@id\":\"https:\/\/www.sonoraenequipo.com.mx\/celebra-secretaria-de-salud-a-las-enfermeras-y-enfermeros\/\"},\"wordCount\":354,\"commentCount\":0,\"publisher\":{\"@id\":\"https:\/\/www.sonoraenequipo.com.mx\/#organization\"},\"image\":{\"@id\":\"https:\/\/www.sonoraenequipo.com.mx\/celebra-secretaria-de-salud-a-las-enfermeras-y-enfermeros\/#primaryimage\"},\"thumbnailUrl\":\"https:\/\/www.sonoraenequipo.com.mx\/storage\/2019\/01\/diadelasenfermeras_opt.jpg\",\"articleSection\":[\"Sonora\"],\"inLanguage\":\"es\",\"potentialAction\":[{\"@type\":\"CommentAction\",\"name\":\"Comment\",\"target\":[\"https:\/\/www.sonoraenequipo.com.mx\/celebra-secretaria-de-salud-a-las-enfermeras-y-enfermeros\/#respond\"]}]},{\"@type\":\"WebPage\",\"@id\":\"https:\/\/www.sonoraenequipo.com.mx\/celebra-secretaria-de-salud-a-las-enfermeras-y-enfermeros\/\",\"url\":\"https:\/\/www.sonoraenequipo.com.mx\/celebra-secretaria-de-salud-a-las-enfermeras-y-enfermeros\/\",\"name\":\"Sonora en Equipo. Celebra Secretar\u00eda de Salud a las enfermeras y enfermeros Sonora\",\"isPartOf\":{\"@id\":\"https:\/\/www.sonoraenequipo.com.mx\/#website\"},\"primaryImageOfPage\":{\"@id\":\"https:\/\/www.sonoraenequipo.com.mx\/celebra-secretaria-de-salud-a-las-enfermeras-y-enfermeros\/#primaryimage\"},\"image\":{\"@id\":\"https:\/\/www.sonoraenequipo.com.mx\/celebra-secretaria-de-salud-a-las-enfermeras-y-enfermeros\/#primaryimage\"},\"thumbnailUrl\":\"https:\/\/www.sonoraenequipo.com.mx\/storage\/2019\/01\/diadelasenfermeras_opt.jpg\",\"datePublished\":\"2019-01-08T23:15:01+00:00\",\"dateModified\":\"2019-01-09T03:26:35+00:00\",\"description\":\"HERMOSILLO, SONORA. MX. \u2014 Un reconocimiento a enfermeros y enfermeras por la gran labor, dedicaci\u00f3n, desempe\u00f1o y entrega a favor de la salud de los En Sonora en Equipo publicamos toda la informaci\u00f3n de Sonora, M\u00e9xico y el Mundo de manera oportuna y busca que la libertad de expresi\u00f3n sea real. Visita nuestro medio informativo publicado desde Hermosillo, Sonora. %\",\"breadcrumb\":{\"@id\":\"https:\/\/www.sonoraenequipo.com.mx\/celebra-secretaria-de-salud-a-las-enfermeras-y-enfermeros\/#breadcrumb\"},\"inLanguage\":\"es\",\"potentialAction\":[{\"@type\":\"ReadAction\",\"target\":[\"https:\/\/www.sonoraenequipo.com.mx\/celebra-secretaria-de-salud-a-las-enfermeras-y-enfermeros\/\"]}]},{\"@type\":\"ImageObject\",\"inLanguage\":\"es\",\"@id\":\"https:\/\/www.sonoraenequipo.com.mx\/celebra-secretaria-de-salud-a-las-enfermeras-y-enfermeros\/#primaryimage\",\"url\":\"https:\/\/www.sonoraenequipo.com.mx\/storage\/2019\/01\/diadelasenfermeras_opt.jpg\",\"contentUrl\":\"https:\/\/www.sonoraenequipo.com.mx\/storage\/2019\/01\/diadelasenfermeras_opt.jpg\",\"width\":854,\"height\":500},{\"@type\":\"BreadcrumbList\",\"@id\":\"https:\/\/www.sonoraenequipo.com.mx\/celebra-secretaria-de-salud-a-las-enfermeras-y-enfermeros\/#breadcrumb\",\"itemListElement\":[{\"@type\":\"ListItem\",\"position\":1,\"name\":\"Portada\",\"item\":\"https:\/\/www.sonoraenequipo.com.mx\/\"},{\"@type\":\"ListItem\",\"position\":2,\"name\":\"Celebra Secretar\u00eda de Salud a las enfermeras y enfermeros\"}]},{\"@type\":\"WebSite\",\"@id\":\"https:\/\/www.sonoraenequipo.com.mx\/#website\",\"url\":\"https:\/\/www.sonoraenequipo.com.mx\/\",\"name\":\"Sonora en Equipo.\",\"description\":\"Diario en l\u00ednea con Noticias desde Hermosillo, Sonora\",\"publisher\":{\"@id\":\"https:\/\/www.sonoraenequipo.com.mx\/#organization\"},\"potentialAction\":[{\"@type\":\"SearchAction\",\"target\":{\"@type\":\"EntryPoint\",\"urlTemplate\":\"https:\/\/www.sonoraenequipo.com.mx\/?s={search_term_string}\"},\"query-input\":{\"@type\":\"PropertyValueSpecification\",\"valueRequired\":true,\"valueName\":\"search_term_string\"}}],\"inLanguage\":\"es\"},{\"@type\":\"Organization\",\"@id\":\"https:\/\/www.sonoraenequipo.com.mx\/#organization\",\"name\":\"Sonoraenequipo.com.mx\",\"url\":\"https:\/\/www.sonoraenequipo.com.mx\/\",\"logo\":{\"@type\":\"ImageObject\",\"inLanguage\":\"es\",\"@id\":\"https:\/\/www.sonoraenequipo.com.mx\/#\/schema\/logo\/image\/\",\"url\":\"https:\/\/www.sonoraenequipo.com.mx\/storage\/2019\/01\/sonoraenequipo_opt.png\",\"contentUrl\":\"https:\/\/www.sonoraenequipo.com.mx\/storage\/2019\/01\/sonoraenequipo_opt.png\",\"width\":375,\"height\":125,\"caption\":\"Sonoraenequipo.com.mx\"},\"image\":{\"@id\":\"https:\/\/www.sonoraenequipo.com.mx\/#\/schema\/logo\/image\/\"},\"sameAs\":[\"https:\/\/www.facebook.com\/SonoraEE\/\",\"https:\/\/x.com\/sonoraenequipo\",\"https:\/\/www.youtube.com\/channel\/UC338nW-lPEYmJQs4ZABQ1SQ\"]},{\"@type\":\"Person\",\"@id\":\"https:\/\/www.sonoraenequipo.com.mx\/#\/schema\/person\/50102df0fb23a8fa9e8effad8fa81386\",\"name\":\"enequipo\",\"image\":{\"@type\":\"ImageObject\",\"inLanguage\":\"es\",\"@id\":\"https:\/\/www.sonoraenequipo.com.mx\/#\/schema\/person\/image\/\",\"url\":\"https:\/\/secure.gravatar.com\/avatar\/049821681b589dabc0bc20695993ccebb09f5b5d4d790cd9251b97faac7c652b?s=96&d=blank&r=g\",\"contentUrl\":\"https:\/\/secure.gravatar.com\/avatar\/049821681b589dabc0bc20695993ccebb09f5b5d4d790cd9251b97faac7c652b?s=96&d=blank&r=g\",\"caption\":\"enequipo\"},\"sameAs\":[\"https:\/\/www.facebook.com\/SonoraEE\"]}]}<\/script>\n ","yoast_head_json":{"title":"Sonora en Equipo. Celebra Secretar\u00eda de Salud a las enfermeras y enfermeros Sonora","description":"HERMOSILLO, SONORA. MX. \u2014 Un reconocimiento a enfermeros y enfermeras por la gran labor, dedicaci\u00f3n, desempe\u00f1o y entrega a favor de la salud de los En Sonora en Equipo publicamos toda la informaci\u00f3n de Sonora, M\u00e9xico y el Mundo de manera oportuna y busca que la libertad de expresi\u00f3n sea real. Visita nuestro medio informativo publicado desde Hermosillo, Sonora. %","robots":{"index":"index","follow":"follow","max-snippet":"max-snippet:-1","max-image-preview":"max-image-preview:large","max-video-preview":"max-video-preview:-1"},"canonical":"https:\/\/www.sonoraenequipo.com.mx\/celebra-secretaria-de-salud-a-las-enfermeras-y-enfermeros\/","og_locale":"es_ES","og_type":"article","og_title":"Sonora en Equipo. Celebra Secretar\u00eda de Salud a las enfermeras y enfermeros Sonora","og_description":"HERMOSILLO, SONORA. MX. \u2014 Un reconocimiento a enfermeros y enfermeras por la gran labor, dedicaci\u00f3n, desempe\u00f1o y entrega a favor de la salud de los En Sonora en Equipo publicamos toda la informaci\u00f3n de Sonora, M\u00e9xico y el Mundo de manera oportuna y busca que la libertad de expresi\u00f3n sea real. Visita nuestro medio informativo publicado desde Hermosillo, Sonora. %","og_url":"https:\/\/www.sonoraenequipo.com.mx\/celebra-secretaria-de-salud-a-las-enfermeras-y-enfermeros\/","og_site_name":"Sonora en Equipo.","article_publisher":"https:\/\/www.facebook.com\/SonoraEE\/","article_author":"https:\/\/www.facebook.com\/SonoraEE","article_published_time":"2019-01-08T23:15:01+00:00","article_modified_time":"2019-01-09T03:26:35+00:00","og_image":[{"width":854,"height":500,"url":"https:\/\/www.sonoraenequipo.com.mx\/storage\/2019\/01\/diadelasenfermeras_opt.jpg","type":"image\/jpeg"}],"author":"enequipo","twitter_card":"summary_large_image","twitter_creator":"@sonoraenequipo","twitter_site":"@sonoraenequipo","twitter_misc":{"Escrito por":"enequipo","Tiempo de lectura":"2 minutos"},"schema":{"@context":"https:\/\/schema.org","@graph":[{"@type":"Article","@id":"https:\/\/www.sonoraenequipo.com.mx\/celebra-secretaria-de-salud-a-las-enfermeras-y-enfermeros\/#article","isPartOf":{"@id":"https:\/\/www.sonoraenequipo.com.mx\/celebra-secretaria-de-salud-a-las-enfermeras-y-enfermeros\/"},"author":{"name":"enequipo","@id":"https:\/\/www.sonoraenequipo.com.mx\/#\/schema\/person\/50102df0fb23a8fa9e8effad8fa81386"},"headline":"Celebra Secretar\u00eda de Salud a las enfermeras y enfermeros","datePublished":"2019-01-08T23:15:01+00:00","dateModified":"2019-01-09T03:26:35+00:00","mainEntityOfPage":{"@id":"https:\/\/www.sonoraenequipo.com.mx\/celebra-secretaria-de-salud-a-las-enfermeras-y-enfermeros\/"},"wordCount":354,"commentCount":0,"publisher":{"@id":"https:\/\/www.sonoraenequipo.com.mx\/#organization"},"image":{"@id":"https:\/\/www.sonoraenequipo.com.mx\/celebra-secretaria-de-salud-a-las-enfermeras-y-enfermeros\/#primaryimage"},"thumbnailUrl":"https:\/\/www.sonoraenequipo.com.mx\/storage\/2019\/01\/diadelasenfermeras_opt.jpg","articleSection":["Sonora"],"inLanguage":"es","potentialAction":[{"@type":"CommentAction","name":"Comment","target":["https:\/\/www.sonoraenequipo.com.mx\/celebra-secretaria-de-salud-a-las-enfermeras-y-enfermeros\/#respond"]}]},{"@type":"WebPage","@id":"https:\/\/www.sonoraenequipo.com.mx\/celebra-secretaria-de-salud-a-las-enfermeras-y-enfermeros\/","url":"https:\/\/www.sonoraenequipo.com.mx\/celebra-secretaria-de-salud-a-las-enfermeras-y-enfermeros\/","name":"Sonora en Equipo. Celebra Secretar\u00eda de Salud a las enfermeras y enfermeros Sonora","isPartOf":{"@id":"https:\/\/www.sonoraenequipo.com.mx\/#website"},"primaryImageOfPage":{"@id":"https:\/\/www.sonoraenequipo.com.mx\/celebra-secretaria-de-salud-a-las-enfermeras-y-enfermeros\/#primaryimage"},"image":{"@id":"https:\/\/www.sonoraenequipo.com.mx\/celebra-secretaria-de-salud-a-las-enfermeras-y-enfermeros\/#primaryimage"},"thumbnailUrl":"https:\/\/www.sonoraenequipo.com.mx\/storage\/2019\/01\/diadelasenfermeras_opt.jpg","datePublished":"2019-01-08T23:15:01+00:00","dateModified":"2019-01-09T03:26:35+00:00","description":"HERMOSILLO, SONORA. MX. \u2014 Un reconocimiento a enfermeros y enfermeras por la gran labor, dedicaci\u00f3n, desempe\u00f1o y entrega a favor de la salud de los En Sonora en Equipo publicamos toda la informaci\u00f3n de Sonora, M\u00e9xico y el Mundo de manera oportuna y busca que la libertad de expresi\u00f3n sea real. Visita nuestro medio informativo publicado desde Hermosillo, Sonora. %","breadcrumb":{"@id":"https:\/\/www.sonoraenequipo.com.mx\/celebra-secretaria-de-salud-a-las-enfermeras-y-enfermeros\/#breadcrumb"},"inLanguage":"es","potentialAction":[{"@type":"ReadAction","target":["https:\/\/www.sonoraenequipo.com.mx\/celebra-secretaria-de-salud-a-las-enfermeras-y-enfermeros\/"]}]},{"@type":"ImageObject","inLanguage":"es","@id":"https:\/\/www.sonoraenequipo.com.mx\/celebra-secretaria-de-salud-a-las-enfermeras-y-enfermeros\/#primaryimage","url":"https:\/\/www.sonoraenequipo.com.mx\/storage\/2019\/01\/diadelasenfermeras_opt.jpg","contentUrl":"https:\/\/www.sonoraenequipo.com.mx\/storage\/2019\/01\/diadelasenfermeras_opt.jpg","width":854,"height":500},{"@type":"BreadcrumbList","@id":"https:\/\/www.sonoraenequipo.com.mx\/celebra-secretaria-de-salud-a-las-enfermeras-y-enfermeros\/#breadcrumb","itemListElement":[{"@type":"ListItem","position":1,"name":"Portada","item":"https:\/\/www.sonoraenequipo.com.mx\/"},{"@type":"ListItem","position":2,"name":"Celebra Secretar\u00eda de Salud a las enfermeras y enfermeros"}]},{"@type":"WebSite","@id":"https:\/\/www.sonoraenequipo.com.mx\/#website","url":"https:\/\/www.sonoraenequipo.com.mx\/","name":"Sonora en Equipo.","description":"Diario en l\u00ednea con Noticias desde Hermosillo, Sonora","publisher":{"@id":"https:\/\/www.sonoraenequipo.com.mx\/#organization"},"potentialAction":[{"@type":"SearchAction","target":{"@type":"EntryPoint","urlTemplate":"https:\/\/www.sonoraenequipo.com.mx\/?s={search_term_string}"},"query-input":{"@type":"PropertyValueSpecification","valueRequired":true,"valueName":"search_term_string"}}],"inLanguage":"es"},{"@type":"Organization","@id":"https:\/\/www.sonoraenequipo.com.mx\/#organization","name":"Sonoraenequipo.com.mx","url":"https:\/\/www.sonoraenequipo.com.mx\/","logo":{"@type":"ImageObject","inLanguage":"es","@id":"https:\/\/www.sonoraenequipo.com.mx\/#\/schema\/logo\/image\/","url":"https:\/\/www.sonoraenequipo.com.mx\/storage\/2019\/01\/sonoraenequipo_opt.png","contentUrl":"https:\/\/www.sonoraenequipo.com.mx\/storage\/2019\/01\/sonoraenequipo_opt.png","width":375,"height":125,"caption":"Sonoraenequipo.com.mx"},"image":{"@id":"https:\/\/www.sonoraenequipo.com.mx\/#\/schema\/logo\/image\/"},"sameAs":["https:\/\/www.facebook.com\/SonoraEE\/","https:\/\/x.com\/sonoraenequipo","https:\/\/www.youtube.com\/channel\/UC338nW-lPEYmJQs4ZABQ1SQ"]},{"@type":"Person","@id":"https:\/\/www.sonoraenequipo.com.mx\/#\/schema\/person\/50102df0fb23a8fa9e8effad8fa81386","name":"enequipo","image":{"@type":"ImageObject","inLanguage":"es","@id":"https:\/\/www.sonoraenequipo.com.mx\/#\/schema\/person\/image\/","url":"https:\/\/secure.gravatar.com\/avatar\/049821681b589dabc0bc20695993ccebb09f5b5d4d790cd9251b97faac7c652b?s=96&d=blank&r=g","contentUrl":"https:\/\/secure.gravatar.com\/avatar\/049821681b589dabc0bc20695993ccebb09f5b5d4d790cd9251b97faac7c652b?s=96&d=blank&r=g","caption":"enequipo"},"sameAs":["https:\/\/www.facebook.com\/SonoraEE"]}]}},"jetpack_featured_media_url":"https:\/\/www.sonoraenequipo.com.mx\/storage\/2019\/01\/diadelasenfermeras_opt.jpg","_links":{"self":[{"href":"https:\/\/www.sonoraenequipo.com.mx\/api\/wp\/v2\/posts\/52000","targetHints":{"allow":["GET"]}}],"collection":[{"href":"https:\/\/www.sonoraenequipo.com.mx\/api\/wp\/v2\/posts"}],"about":[{"href":"https:\/\/www.sonoraenequipo.com.mx\/api\/wp\/v2\/types\/post"}],"author":[{"embeddable":true,"href":"https:\/\/www.sonoraenequipo.com.mx\/api\/wp\/v2\/users\/1"}],"replies":[{"embeddable":true,"href":"https:\/\/www.sonoraenequipo.com.mx\/api\/wp\/v2\/comments?post=52000"}],"version-history":[{"count":0,"href":"https:\/\/www.sonoraenequipo.com.mx\/api\/wp\/v2\/posts\/52000\/revisions"}],"wp:featuredmedia":[{"embeddable":true,"href":"https:\/\/www.sonoraenequipo.com.mx\/api\/wp\/v2\/media\/52001"}],"wp:attachment":[{"href":"https:\/\/www.sonoraenequipo.com.mx\/api\/wp\/v2\/media?parent=52000"}],"wp:term":[{"taxonomy":"category","embeddable":true,"href":"https:\/\/www.sonoraenequipo.com.mx\/api\/wp\/v2\/categories?post=52000"},{"taxonomy":"post_tag","embeddable":true,"href":"https:\/\/www.sonoraenequipo.com.mx\/api\/wp\/v2\/tags?post=52000"}],"curies":[{"name":"wp","href":"https:\/\/api.w.org\/{rel}","templated":true}]}}