{"id":52004,"date":"2019-01-08T17:26:56","date_gmt":"2019-01-09T00:26:56","guid":{"rendered":"http:\/\/www.sonoraenequipo.com.mx\/?p=52004"},"modified":"2019-01-08T20:31:28","modified_gmt":"2019-01-09T03:31:28","slug":"cumple-gobernadora-con-la-primera-universidad-virtual-en-sonora","status":"publish","type":"post","link":"https:\/\/www.sonoraenequipo.com.mx\/cumple-gobernadora-con-la-primera-universidad-virtual-en-sonora\/","title":{"rendered":"Cumple Gobernadora con la primera Universidad Virtual en Sonora"},"content":{"rendered":"<p>HERMOSILLO, SONORA. MX.\u2014 A partir del 11 de enero entrar\u00e1 en funcionamiento la plataforma digital Universidad Sonora 3.0, que permitir\u00e1 a estudiantes sonorenses acceder a educaci\u00f3n superior en l\u00ednea en la Universidad Estatal de Sonora y con lo cual se da cumplimiento al compromiso n\u00famero 77, de los 100 que asumi\u00f3 la gobernadora Claudia Pavlovich Arellano en su campa\u00f1a. <\/p>\n<p>En reuni\u00f3n con Michael Crow, presidente de la Universidad Estatal de Arizona, y rectores de las universidades con presencia en el estado, la gobernadora Pavlovich inform\u00f3 que esta plataforma empezar\u00e1 con la Universidad Estatal de Sonora (UES).<br \/>\nIndic\u00f3 que en Sonora todos tienen la oportunidad de acceder a una educaci\u00f3n universitaria, a\u00fan si no pueden trasladarse a otra ciudad, se podr\u00e1n revalidar estudios y podr\u00e1n hacerlo en l\u00ednea.<\/p>\n<p>Destac\u00f3 que la Megarregi\u00f3n que se ha construido con Arizona permite cumplir con el compromiso de dar a los sonorenses una Universidad Virtual, y gracias a los acuerdos alcanzados con la Universidad Estatal de Arizona habr\u00e1 m\u00e1s oportunidades para j\u00f3venes y adultos que quieran estudiar una carrera.<\/p>\n<p><em>\u201cCada vez la tecnolog\u00eda nos est\u00e1 llevando a otro nivel, y eso es lo que tenemos que aprovechar, pero aprovechar gente como el presidente de la Universidad de Arizona, agradezco much\u00edsimo su apoyo, quiero agradecerle por lo que est\u00e1 haciendo por Sonora, le tomar\u00e9 la palabra, esto es lo que haremos, estamos listos para hacerlo\u201d,<\/em> indic\u00f3.<\/p>\n<p>La gobernadora Pavlovich a\u00f1adi\u00f3 que los j\u00f3venes ya no tendr\u00e1n que salir de sus ciudades de origen para estudiar una carrera universitaria, y quienes trabajan y no finalizaron su profesionalizaci\u00f3n, a trav\u00e9s de Universidad Sonora 3.0 podr\u00e1n revalidar sus estudios para concluir con esta etapa formativa.<\/p>\n<p>Michael Crow, presidente de la Universidad Estatal de Arizona, manifest\u00f3 su inter\u00e9s por participar en este proyecto y poner a disposici\u00f3n de los sonorenses los programas de su Instituci\u00f3n, al ser Sonora un importante socio al otro lado de la frontera.<\/p>\n<p><em>\u201cSeremos su socios, trabajaremos con todos sus socios acad\u00e9micos, y tendremos metas para la preparaci\u00f3n universitaria, para matem\u00e1ticas, ciencias, preparaci\u00f3n para Rob\u00f3tica, Mecatr\u00f3nica, la nueva Universidad Virtual de Sonora tiene un prop\u00f3sito social, su proyecto, ustedes pusieron el proyecto en la mesa, s\u00f3lo ponemos el nombre a la idea, tenemos la habilidad, las herramientas las tenemos, somos un \u00fatil socio para ustedes, podr\u00e1 operar en<\/em> espa\u00f1ol, en ingl\u00e9s, en cualquier lengua, cultura, materia o actividad\u201d, destac\u00f3.<\/p>\n<p>Por su parte el rector de la UES, Horacio Huerta Cevallos, indic\u00f3 que este nuevo sistema estatal de universidades en l\u00ednea inicia con la UES, la cual tiene hasta el momento 400 alumnos inscritos en las carreras de Administraci\u00f3n, Administraci\u00f3n de Empresas Tur\u00edsticas, Contabilidad, y Nutrici\u00f3n; en grupos de San Luis R\u00edo Colorado, Hermosillo y Navojoa.<\/p>\n<p>La plataforma Universidad Sonora 3.0 incluir\u00e1 tambi\u00e9n al resto de las universidades en la entidad, adem\u00e1s de que podr\u00e1n participar instituciones de Estados Unidos.<\/p>\n<p>Presentes: Natalia Rivera Grijalva, jefa de la oficina del Ejecutivo Estatal; V\u00edctor Guerrero Gonz\u00e1lez, encargado de despacho de la Secretar\u00eda de Educaci\u00f3n y Cultura; On\u00e9simo Mariscales Delgadillo, subsecretario de Educaci\u00f3n Media Superior y Superior; Horacio Huerta Cevallos, rector de la Universidad Estatal de Sonora (UES); Enrique Vel\u00e1zquez Contreras, rector de la Universidad de Sonora; Javier Vales Garc\u00eda, rector del Instituto Tecnol\u00f3gico de Sonora; y Yamilett Mart\u00ednez Brise\u00f1o, directora general de la Oficina de Enlace y Cooperaci\u00f3n Internacional del Gobierno del Estado de Sonora.<\/p>\n<p>Tambi\u00e9n: James O\u2019Brien, vicepresidente y jefe de oficina de la Universidad Estatal de Arizona; Rafael Rangel-Sostmann, profesor de pr\u00e1ctica para la Innovaci\u00f3n Educativa y la Educaci\u00f3n; Leah Lommel, vicepresidenta y oficial ejecutiva de operaciones del Departamento EdPlus Educaci\u00f3n en L\u00ednea; Dale Johnson, gerente de los programas adaptativos del Departamento EdPlus Educaci\u00f3n en L\u00ednea; Paola Garc\u00eda, directora de la Oficina de Asuntos Internacionales e Iniciativas para M\u00e9xico y Latinoam\u00e9rica; y Sergio Mart\u00ednez Flores, presidente y director de BUnited.<\/p>\n<p>(FECHA DE PUBLICACI\u00d3N.08\/01\/2019 \/\/<\/p>\n","protected":false},"excerpt":{"rendered":"<p>HERMOSILLO, SONORA. MX.\u2014 A partir del 11 de enero entrar\u00e1 en funcionamiento la plataforma digital&#8230;<\/p>\n","protected":false},"author":1,"featured_media":52005,"comment_status":"open","ping_status":"open","sticky":false,"template":"","format":"standard","meta":{"_monsterinsights_skip_tracking":false,"_monsterinsights_sitenote_active":false,"_monsterinsights_sitenote_note":"","_monsterinsights_sitenote_category":0,"footnotes":""},"categories":[5],"tags":[],"class_list":["post"],"yoast_head":" \n<title>Sonora en Equipo. Cumple Gobernadora con la primera Universidad Virtual en Sonora Rep\u00fablica<\/title>\n<meta name=\"description\" content=\"HERMOSILLO, SONORA. MX.\u2014 A partir del 11 de enero entrar\u00e1 en funcionamiento la plataforma digital Universidad Sonora 3.0, que permitir\u00e1 a estudiantes En Sonora en Equipo publicamos toda la informaci\u00f3n de Sonora, M\u00e9xico y el Mundo de manera oportuna y busca que la libertad de expresi\u00f3n sea real. Visita nuestro medio informativo publicado desde Hermosillo, Sonora. %\" \/>\n<meta name=\"robots\" content=\"index, follow, max-snippet:-1, max-image-preview:large, max-video-preview:-1\" \/>\n<link rel=\"canonical\" href=\"https:\/\/www.sonoraenequipo.com.mx\/cumple-gobernadora-con-la-primera-universidad-virtual-en-sonora\/\" \/>\n<meta property=\"og:locale\" content=\"es_ES\" \/>\n<meta property=\"og:type\" content=\"article\" \/>\n<meta property=\"og:title\" content=\"Sonora en Equipo. Cumple Gobernadora con la primera Universidad Virtual en Sonora Rep\u00fablica\" \/>\n<meta property=\"og:description\" content=\"HERMOSILLO, SONORA. MX.\u2014 A partir del 11 de enero entrar\u00e1 en funcionamiento la plataforma digital Universidad Sonora 3.0, que permitir\u00e1 a estudiantes En Sonora en Equipo publicamos toda la informaci\u00f3n de Sonora, M\u00e9xico y el Mundo de manera oportuna y busca que la libertad de expresi\u00f3n sea real. Visita nuestro medio informativo publicado desde Hermosillo, Sonora. %\" \/>\n<meta property=\"og:url\" content=\"https:\/\/www.sonoraenequipo.com.mx\/cumple-gobernadora-con-la-primera-universidad-virtual-en-sonora\/\" \/>\n<meta property=\"og:site_name\" content=\"Sonora en Equipo.\" \/>\n<meta property=\"article:publisher\" content=\"https:\/\/www.facebook.com\/SonoraEE\/\" \/>\n<meta property=\"article:author\" content=\"https:\/\/www.facebook.com\/SonoraEE\" \/>\n<meta property=\"article:published_time\" content=\"2019-01-09T00:26:56+00:00\" \/>\n<meta property=\"article:modified_time\" content=\"2019-01-09T03:31:28+00:00\" \/>\n<meta property=\"og:image\" content=\"https:\/\/www.sonoraenequipo.com.mx\/storage\/2019\/01\/gobernadora_opt8.jpg\" \/>\n\t<meta property=\"og:image:width\" content=\"688\" \/>\n\t<meta property=\"og:image:height\" content=\"500\" \/>\n\t<meta property=\"og:image:type\" content=\"image\/jpeg\" \/>\n<meta name=\"author\" content=\"enequipo\" \/>\n<meta name=\"twitter:card\" content=\"summary_large_image\" \/>\n<meta name=\"twitter:creator\" content=\"@sonoraenequipo\" \/>\n<meta name=\"twitter:site\" content=\"@sonoraenequipo\" \/>\n<meta name=\"twitter:label1\" content=\"Escrito por\" \/>\n\t<meta name=\"twitter:data1\" content=\"enequipo\" \/>\n\t<meta name=\"twitter:label2\" content=\"Tiempo de lectura\" \/>\n\t<meta name=\"twitter:data2\" content=\"3 minutos\" \/>\n<script type=\"application\/ld+json\" class=\"yoast-schema-graph\">{\"@context\":\"https:\/\/schema.org\",\"@graph\":[{\"@type\":\"Article\",\"@id\":\"https:\/\/www.sonoraenequipo.com.mx\/cumple-gobernadora-con-la-primera-universidad-virtual-en-sonora\/#article\",\"isPartOf\":{\"@id\":\"https:\/\/www.sonoraenequipo.com.mx\/cumple-gobernadora-con-la-primera-universidad-virtual-en-sonora\/\"},\"author\":{\"name\":\"enequipo\",\"@id\":\"https:\/\/www.sonoraenequipo.com.mx\/#\/schema\/person\/50102df0fb23a8fa9e8effad8fa81386\"},\"headline\":\"Cumple Gobernadora con la primera Universidad Virtual en Sonora\",\"datePublished\":\"2019-01-09T00:26:56+00:00\",\"dateModified\":\"2019-01-09T03:31:28+00:00\",\"mainEntityOfPage\":{\"@id\":\"https:\/\/www.sonoraenequipo.com.mx\/cumple-gobernadora-con-la-primera-universidad-virtual-en-sonora\/\"},\"wordCount\":707,\"commentCount\":0,\"publisher\":{\"@id\":\"https:\/\/www.sonoraenequipo.com.mx\/#organization\"},\"image\":{\"@id\":\"https:\/\/www.sonoraenequipo.com.mx\/cumple-gobernadora-con-la-primera-universidad-virtual-en-sonora\/#primaryimage\"},\"thumbnailUrl\":\"https:\/\/www.sonoraenequipo.com.mx\/storage\/2019\/01\/gobernadora_opt8.jpg\",\"articleSection\":[\"Rep\u00fablica\"],\"inLanguage\":\"es\",\"potentialAction\":[{\"@type\":\"CommentAction\",\"name\":\"Comment\",\"target\":[\"https:\/\/www.sonoraenequipo.com.mx\/cumple-gobernadora-con-la-primera-universidad-virtual-en-sonora\/#respond\"]}]},{\"@type\":\"WebPage\",\"@id\":\"https:\/\/www.sonoraenequipo.com.mx\/cumple-gobernadora-con-la-primera-universidad-virtual-en-sonora\/\",\"url\":\"https:\/\/www.sonoraenequipo.com.mx\/cumple-gobernadora-con-la-primera-universidad-virtual-en-sonora\/\",\"name\":\"Sonora en Equipo. Cumple Gobernadora con la primera Universidad Virtual en Sonora Rep\u00fablica\",\"isPartOf\":{\"@id\":\"https:\/\/www.sonoraenequipo.com.mx\/#website\"},\"primaryImageOfPage\":{\"@id\":\"https:\/\/www.sonoraenequipo.com.mx\/cumple-gobernadora-con-la-primera-universidad-virtual-en-sonora\/#primaryimage\"},\"image\":{\"@id\":\"https:\/\/www.sonoraenequipo.com.mx\/cumple-gobernadora-con-la-primera-universidad-virtual-en-sonora\/#primaryimage\"},\"thumbnailUrl\":\"https:\/\/www.sonoraenequipo.com.mx\/storage\/2019\/01\/gobernadora_opt8.jpg\",\"datePublished\":\"2019-01-09T00:26:56+00:00\",\"dateModified\":\"2019-01-09T03:31:28+00:00\",\"description\":\"HERMOSILLO, SONORA. MX.\u2014 A partir del 11 de enero entrar\u00e1 en funcionamiento la plataforma digital Universidad Sonora 3.0, que permitir\u00e1 a estudiantes En Sonora en Equipo publicamos toda la informaci\u00f3n de Sonora, M\u00e9xico y el Mundo de manera oportuna y busca que la libertad de expresi\u00f3n sea real. Visita nuestro medio informativo publicado desde Hermosillo, Sonora. %\",\"breadcrumb\":{\"@id\":\"https:\/\/www.sonoraenequipo.com.mx\/cumple-gobernadora-con-la-primera-universidad-virtual-en-sonora\/#breadcrumb\"},\"inLanguage\":\"es\",\"potentialAction\":[{\"@type\":\"ReadAction\",\"target\":[\"https:\/\/www.sonoraenequipo.com.mx\/cumple-gobernadora-con-la-primera-universidad-virtual-en-sonora\/\"]}]},{\"@type\":\"ImageObject\",\"inLanguage\":\"es\",\"@id\":\"https:\/\/www.sonoraenequipo.com.mx\/cumple-gobernadora-con-la-primera-universidad-virtual-en-sonora\/#primaryimage\",\"url\":\"https:\/\/www.sonoraenequipo.com.mx\/storage\/2019\/01\/gobernadora_opt8.jpg\",\"contentUrl\":\"https:\/\/www.sonoraenequipo.com.mx\/storage\/2019\/01\/gobernadora_opt8.jpg\",\"width\":688,\"height\":500},{\"@type\":\"BreadcrumbList\",\"@id\":\"https:\/\/www.sonoraenequipo.com.mx\/cumple-gobernadora-con-la-primera-universidad-virtual-en-sonora\/#breadcrumb\",\"itemListElement\":[{\"@type\":\"ListItem\",\"position\":1,\"name\":\"Portada\",\"item\":\"https:\/\/www.sonoraenequipo.com.mx\/\"},{\"@type\":\"ListItem\",\"position\":2,\"name\":\"Cumple Gobernadora con la primera Universidad Virtual en Sonora\"}]},{\"@type\":\"WebSite\",\"@id\":\"https:\/\/www.sonoraenequipo.com.mx\/#website\",\"url\":\"https:\/\/www.sonoraenequipo.com.mx\/\",\"name\":\"Sonora en Equipo.\",\"description\":\"Diario en l\u00ednea con Noticias desde Hermosillo, Sonora\",\"publisher\":{\"@id\":\"https:\/\/www.sonoraenequipo.com.mx\/#organization\"},\"potentialAction\":[{\"@type\":\"SearchAction\",\"target\":{\"@type\":\"EntryPoint\",\"urlTemplate\":\"https:\/\/www.sonoraenequipo.com.mx\/?s={search_term_string}\"},\"query-input\":{\"@type\":\"PropertyValueSpecification\",\"valueRequired\":true,\"valueName\":\"search_term_string\"}}],\"inLanguage\":\"es\"},{\"@type\":\"Organization\",\"@id\":\"https:\/\/www.sonoraenequipo.com.mx\/#organization\",\"name\":\"Sonoraenequipo.com.mx\",\"url\":\"https:\/\/www.sonoraenequipo.com.mx\/\",\"logo\":{\"@type\":\"ImageObject\",\"inLanguage\":\"es\",\"@id\":\"https:\/\/www.sonoraenequipo.com.mx\/#\/schema\/logo\/image\/\",\"url\":\"https:\/\/www.sonoraenequipo.com.mx\/storage\/2019\/01\/sonoraenequipo_opt.png\",\"contentUrl\":\"https:\/\/www.sonoraenequipo.com.mx\/storage\/2019\/01\/sonoraenequipo_opt.png\",\"width\":375,\"height\":125,\"caption\":\"Sonoraenequipo.com.mx\"},\"image\":{\"@id\":\"https:\/\/www.sonoraenequipo.com.mx\/#\/schema\/logo\/image\/\"},\"sameAs\":[\"https:\/\/www.facebook.com\/SonoraEE\/\",\"https:\/\/x.com\/sonoraenequipo\",\"https:\/\/www.youtube.com\/channel\/UC338nW-lPEYmJQs4ZABQ1SQ\"]},{\"@type\":\"Person\",\"@id\":\"https:\/\/www.sonoraenequipo.com.mx\/#\/schema\/person\/50102df0fb23a8fa9e8effad8fa81386\",\"name\":\"enequipo\",\"image\":{\"@type\":\"ImageObject\",\"inLanguage\":\"es\",\"@id\":\"https:\/\/www.sonoraenequipo.com.mx\/#\/schema\/person\/image\/\",\"url\":\"https:\/\/secure.gravatar.com\/avatar\/049821681b589dabc0bc20695993ccebb09f5b5d4d790cd9251b97faac7c652b?s=96&d=blank&r=g\",\"contentUrl\":\"https:\/\/secure.gravatar.com\/avatar\/049821681b589dabc0bc20695993ccebb09f5b5d4d790cd9251b97faac7c652b?s=96&d=blank&r=g\",\"caption\":\"enequipo\"},\"sameAs\":[\"https:\/\/www.facebook.com\/SonoraEE\"]}]}<\/script>\n ","yoast_head_json":{"title":"Sonora en Equipo. Cumple Gobernadora con la primera Universidad Virtual en Sonora Rep\u00fablica","description":"HERMOSILLO, SONORA. MX.\u2014 A partir del 11 de enero entrar\u00e1 en funcionamiento la plataforma digital Universidad Sonora 3.0, que permitir\u00e1 a estudiantes En Sonora en Equipo publicamos toda la informaci\u00f3n de Sonora, M\u00e9xico y el Mundo de manera oportuna y busca que la libertad de expresi\u00f3n sea real. Visita nuestro medio informativo publicado desde Hermosillo, Sonora. %","robots":{"index":"index","follow":"follow","max-snippet":"max-snippet:-1","max-image-preview":"max-image-preview:large","max-video-preview":"max-video-preview:-1"},"canonical":"https:\/\/www.sonoraenequipo.com.mx\/cumple-gobernadora-con-la-primera-universidad-virtual-en-sonora\/","og_locale":"es_ES","og_type":"article","og_title":"Sonora en Equipo. Cumple Gobernadora con la primera Universidad Virtual en Sonora Rep\u00fablica","og_description":"HERMOSILLO, SONORA. MX.\u2014 A partir del 11 de enero entrar\u00e1 en funcionamiento la plataforma digital Universidad Sonora 3.0, que permitir\u00e1 a estudiantes En Sonora en Equipo publicamos toda la informaci\u00f3n de Sonora, M\u00e9xico y el Mundo de manera oportuna y busca que la libertad de expresi\u00f3n sea real. Visita nuestro medio informativo publicado desde Hermosillo, Sonora. %","og_url":"https:\/\/www.sonoraenequipo.com.mx\/cumple-gobernadora-con-la-primera-universidad-virtual-en-sonora\/","og_site_name":"Sonora en Equipo.","article_publisher":"https:\/\/www.facebook.com\/SonoraEE\/","article_author":"https:\/\/www.facebook.com\/SonoraEE","article_published_time":"2019-01-09T00:26:56+00:00","article_modified_time":"2019-01-09T03:31:28+00:00","og_image":[{"width":688,"height":500,"url":"https:\/\/www.sonoraenequipo.com.mx\/storage\/2019\/01\/gobernadora_opt8.jpg","type":"image\/jpeg"}],"author":"enequipo","twitter_card":"summary_large_image","twitter_creator":"@sonoraenequipo","twitter_site":"@sonoraenequipo","twitter_misc":{"Escrito por":"enequipo","Tiempo de lectura":"3 minutos"},"schema":{"@context":"https:\/\/schema.org","@graph":[{"@type":"Article","@id":"https:\/\/www.sonoraenequipo.com.mx\/cumple-gobernadora-con-la-primera-universidad-virtual-en-sonora\/#article","isPartOf":{"@id":"https:\/\/www.sonoraenequipo.com.mx\/cumple-gobernadora-con-la-primera-universidad-virtual-en-sonora\/"},"author":{"name":"enequipo","@id":"https:\/\/www.sonoraenequipo.com.mx\/#\/schema\/person\/50102df0fb23a8fa9e8effad8fa81386"},"headline":"Cumple Gobernadora con la primera Universidad Virtual en Sonora","datePublished":"2019-01-09T00:26:56+00:00","dateModified":"2019-01-09T03:31:28+00:00","mainEntityOfPage":{"@id":"https:\/\/www.sonoraenequipo.com.mx\/cumple-gobernadora-con-la-primera-universidad-virtual-en-sonora\/"},"wordCount":707,"commentCount":0,"publisher":{"@id":"https:\/\/www.sonoraenequipo.com.mx\/#organization"},"image":{"@id":"https:\/\/www.sonoraenequipo.com.mx\/cumple-gobernadora-con-la-primera-universidad-virtual-en-sonora\/#primaryimage"},"thumbnailUrl":"https:\/\/www.sonoraenequipo.com.mx\/storage\/2019\/01\/gobernadora_opt8.jpg","articleSection":["Rep\u00fablica"],"inLanguage":"es","potentialAction":[{"@type":"CommentAction","name":"Comment","target":["https:\/\/www.sonoraenequipo.com.mx\/cumple-gobernadora-con-la-primera-universidad-virtual-en-sonora\/#respond"]}]},{"@type":"WebPage","@id":"https:\/\/www.sonoraenequipo.com.mx\/cumple-gobernadora-con-la-primera-universidad-virtual-en-sonora\/","url":"https:\/\/www.sonoraenequipo.com.mx\/cumple-gobernadora-con-la-primera-universidad-virtual-en-sonora\/","name":"Sonora en Equipo. Cumple Gobernadora con la primera Universidad Virtual en Sonora Rep\u00fablica","isPartOf":{"@id":"https:\/\/www.sonoraenequipo.com.mx\/#website"},"primaryImageOfPage":{"@id":"https:\/\/www.sonoraenequipo.com.mx\/cumple-gobernadora-con-la-primera-universidad-virtual-en-sonora\/#primaryimage"},"image":{"@id":"https:\/\/www.sonoraenequipo.com.mx\/cumple-gobernadora-con-la-primera-universidad-virtual-en-sonora\/#primaryimage"},"thumbnailUrl":"https:\/\/www.sonoraenequipo.com.mx\/storage\/2019\/01\/gobernadora_opt8.jpg","datePublished":"2019-01-09T00:26:56+00:00","dateModified":"2019-01-09T03:31:28+00:00","description":"HERMOSILLO, SONORA. MX.\u2014 A partir del 11 de enero entrar\u00e1 en funcionamiento la plataforma digital Universidad Sonora 3.0, que permitir\u00e1 a estudiantes En Sonora en Equipo publicamos toda la informaci\u00f3n de Sonora, M\u00e9xico y el Mundo de manera oportuna y busca que la libertad de expresi\u00f3n sea real. Visita nuestro medio informativo publicado desde Hermosillo, Sonora. %","breadcrumb":{"@id":"https:\/\/www.sonoraenequipo.com.mx\/cumple-gobernadora-con-la-primera-universidad-virtual-en-sonora\/#breadcrumb"},"inLanguage":"es","potentialAction":[{"@type":"ReadAction","target":["https:\/\/www.sonoraenequipo.com.mx\/cumple-gobernadora-con-la-primera-universidad-virtual-en-sonora\/"]}]},{"@type":"ImageObject","inLanguage":"es","@id":"https:\/\/www.sonoraenequipo.com.mx\/cumple-gobernadora-con-la-primera-universidad-virtual-en-sonora\/#primaryimage","url":"https:\/\/www.sonoraenequipo.com.mx\/storage\/2019\/01\/gobernadora_opt8.jpg","contentUrl":"https:\/\/www.sonoraenequipo.com.mx\/storage\/2019\/01\/gobernadora_opt8.jpg","width":688,"height":500},{"@type":"BreadcrumbList","@id":"https:\/\/www.sonoraenequipo.com.mx\/cumple-gobernadora-con-la-primera-universidad-virtual-en-sonora\/#breadcrumb","itemListElement":[{"@type":"ListItem","position":1,"name":"Portada","item":"https:\/\/www.sonoraenequipo.com.mx\/"},{"@type":"ListItem","position":2,"name":"Cumple Gobernadora con la primera Universidad Virtual en Sonora"}]},{"@type":"WebSite","@id":"https:\/\/www.sonoraenequipo.com.mx\/#website","url":"https:\/\/www.sonoraenequipo.com.mx\/","name":"Sonora en Equipo.","description":"Diario en l\u00ednea con Noticias desde Hermosillo, Sonora","publisher":{"@id":"https:\/\/www.sonoraenequipo.com.mx\/#organization"},"potentialAction":[{"@type":"SearchAction","target":{"@type":"EntryPoint","urlTemplate":"https:\/\/www.sonoraenequipo.com.mx\/?s={search_term_string}"},"query-input":{"@type":"PropertyValueSpecification","valueRequired":true,"valueName":"search_term_string"}}],"inLanguage":"es"},{"@type":"Organization","@id":"https:\/\/www.sonoraenequipo.com.mx\/#organization","name":"Sonoraenequipo.com.mx","url":"https:\/\/www.sonoraenequipo.com.mx\/","logo":{"@type":"ImageObject","inLanguage":"es","@id":"https:\/\/www.sonoraenequipo.com.mx\/#\/schema\/logo\/image\/","url":"https:\/\/www.sonoraenequipo.com.mx\/storage\/2019\/01\/sonoraenequipo_opt.png","contentUrl":"https:\/\/www.sonoraenequipo.com.mx\/storage\/2019\/01\/sonoraenequipo_opt.png","width":375,"height":125,"caption":"Sonoraenequipo.com.mx"},"image":{"@id":"https:\/\/www.sonoraenequipo.com.mx\/#\/schema\/logo\/image\/"},"sameAs":["https:\/\/www.facebook.com\/SonoraEE\/","https:\/\/x.com\/sonoraenequipo","https:\/\/www.youtube.com\/channel\/UC338nW-lPEYmJQs4ZABQ1SQ"]},{"@type":"Person","@id":"https:\/\/www.sonoraenequipo.com.mx\/#\/schema\/person\/50102df0fb23a8fa9e8effad8fa81386","name":"enequipo","image":{"@type":"ImageObject","inLanguage":"es","@id":"https:\/\/www.sonoraenequipo.com.mx\/#\/schema\/person\/image\/","url":"https:\/\/secure.gravatar.com\/avatar\/049821681b589dabc0bc20695993ccebb09f5b5d4d790cd9251b97faac7c652b?s=96&d=blank&r=g","contentUrl":"https:\/\/secure.gravatar.com\/avatar\/049821681b589dabc0bc20695993ccebb09f5b5d4d790cd9251b97faac7c652b?s=96&d=blank&r=g","caption":"enequipo"},"sameAs":["https:\/\/www.facebook.com\/SonoraEE"]}]}},"jetpack_featured_media_url":"https:\/\/www.sonoraenequipo.com.mx\/storage\/2019\/01\/gobernadora_opt8.jpg","_links":{"self":[{"href":"https:\/\/www.sonoraenequipo.com.mx\/api\/wp\/v2\/posts\/52004","targetHints":{"allow":["GET"]}}],"collection":[{"href":"https:\/\/www.sonoraenequipo.com.mx\/api\/wp\/v2\/posts"}],"about":[{"href":"https:\/\/www.sonoraenequipo.com.mx\/api\/wp\/v2\/types\/post"}],"author":[{"embeddable":true,"href":"https:\/\/www.sonoraenequipo.com.mx\/api\/wp\/v2\/users\/1"}],"replies":[{"embeddable":true,"href":"https:\/\/www.sonoraenequipo.com.mx\/api\/wp\/v2\/comments?post=52004"}],"version-history":[{"count":0,"href":"https:\/\/www.sonoraenequipo.com.mx\/api\/wp\/v2\/posts\/52004\/revisions"}],"wp:featuredmedia":[{"embeddable":true,"href":"https:\/\/www.sonoraenequipo.com.mx\/api\/wp\/v2\/media\/52005"}],"wp:attachment":[{"href":"https:\/\/www.sonoraenequipo.com.mx\/api\/wp\/v2\/media?parent=52004"}],"wp:term":[{"taxonomy":"category","embeddable":true,"href":"https:\/\/www.sonoraenequipo.com.mx\/api\/wp\/v2\/categories?post=52004"},{"taxonomy":"post_tag","embeddable":true,"href":"https:\/\/www.sonoraenequipo.com.mx\/api\/wp\/v2\/tags?post=52004"}],"curies":[{"name":"wp","href":"https:\/\/api.w.org\/{rel}","templated":true}]}}