{"id":52007,"date":"2019-01-08T18:16:18","date_gmt":"2019-01-09T01:16:18","guid":{"rendered":"http:\/\/www.sonoraenequipo.com.mx\/?p=52007"},"modified":"2019-01-08T20:34:24","modified_gmt":"2019-01-09T03:34:24","slug":"necesarios-apoyos-a-campos-agricolas-gobernadora-pavlovich","status":"publish","type":"post","link":"https:\/\/www.sonoraenequipo.com.mx\/necesarios-apoyos-a-campos-agricolas-gobernadora-pavlovich\/","title":{"rendered":"Necesarios apoyos a campos agr\u00edcolas: Gobernadora Pavlovich"},"content":{"rendered":"<p>HERMOSILLO, SONORA. MX. \u2014 Para efectuar estrategias en apoyo a agricultores del Valle del Yaqui y Mayo, quienes sufrieron p\u00e9rdidas en sus cultivos por las bajas temperaturas que se registraron a finales de diciembre de 2018 y principios de este a\u00f1o, la gobernadora Claudia Pavlovich Arellano evalu\u00f3 las afectaciones en el sur de la entidad. <\/p>\n<p>Destac\u00f3 que a la brevedad posible enviar\u00e1 una solicitud de Declaratoria de Zona de Desastre ante la Secretar\u00eda de Agricultura y Desarrollo Rural (Sader), para los Municipios que constituyen el Valle del Yaqui y el Mayo, por la p\u00e9rdida total de cultivo de 11 mil hect\u00e1reas; y con da\u00f1os econ\u00f3micos por las p\u00e9rdidas de cultivo como ma\u00edz, papa, frijol, calabaza y tomatillo, de alrededor de 984 millones de pesos.<\/p>\n<p>Lo anterior en reuni\u00f3n con los secretarios de Gobierno, Miguel Ernesto Pompa Corella; de Agricultura, Ganader\u00eda, Recursos Hidr\u00e1ulicos, Pesca y Acuacultura (Sagarhpa), Jorge Guzm\u00e1n Nieves; el vocal ejecutivo de la Comisi\u00f3n Estatal del Agua (CEA), Sergio \u00c1vila Cece\u00f1a; y el coordinador Estatal de Protecci\u00f3n Civil (CEPC), Alberto Flores Chong.<\/p>\n<p>As\u00ed como el subsecretario de Planeaci\u00f3n y Administraci\u00f3n de la Secretar\u00eda de Educaci\u00f3n y Cultura, Francisco Alberto Curiel Montiel, en representaci\u00f3n del encargado de despacho de la SEC, V\u00edctor Guerrero Gonz\u00e1lez; se dio un informe detallado de las afectaciones en los 38 Municipios declarados en emergencia y del sur de la entidad.<\/p>\n<p>Guzm\u00e1n Nieves inform\u00f3 a la gobernadora Pavlovich las acciones que ya se acordaron con los productores del Valle del Yaqui y Mayo, como para quienes tienen una p\u00e9rdida total, para ellos buscan que el seguro tenga una indemnizaci\u00f3n inmediata, a fin de que el agricultor pueda restablecer un nuevo cultivo, y de aprobarse la Declaratoria de Zona de Desastre, podr\u00e1n acceder a programas en apoyos a los productores.<\/p>\n<p><em>\u201cCon ello nosotros podemos lograr activar algunos programas como el del Empleo Temporal, y tambi\u00e9n otros programas que puedan ayudar a los productores a mitigar el impacto econ\u00f3mico por estos da\u00f1os que se est\u00e1n presentando\u201d<\/em>, expres\u00f3 el titular de Sagarhpa.<\/p>\n<p>En el Valle del Mayo, dijo, junto con la Comisi\u00f3n Nacional del Agua (Conagua), se realiza un an\u00e1lisis del inventario de agua disponible para los productores que tendr\u00e1n que eliminar un cultivo y sembrar posiblemente c\u00e1rtamo, cultivo que requiere de un programa de est\u00edmulo para que esa siembra le d\u00e9 al productor una rentabilidad econ\u00f3mica.<\/p>\n<p>Guzm\u00e1n Nieves anunci\u00f3 que este viernes visitar\u00e1 Sonora, el titular de Sader, V\u00edctor Villalobos Ar\u00e1mbula, a quien dar\u00e1n datos precisos del impacto que en la entidad se tuvo en materia de agricultura por las bajas temperaturas.<\/p>\n<p>As\u00ed mismo, a\u00f1adi\u00f3, se le presentar\u00e1 d\u00f3nde se deben enfocar las inversiones estrat\u00e9gicas en los diferentes sectores y regiones de la entidad, de acuerdo a la disponibilidad presupuestal que se tiene de los recursos federales y estatales.<\/p>\n<p>(FECHA DE PUBLICACI\u00d3N.08\/01\/2019 \/\/<\/p>\n","protected":false},"excerpt":{"rendered":"<p>HERMOSILLO, SONORA. MX. \u2014 Para efectuar estrategias en apoyo a agricultores del Valle del Yaqui&#8230;<\/p>\n","protected":false},"author":1,"featured_media":52008,"comment_status":"open","ping_status":"open","sticky":false,"template":"","format":"standard","meta":{"_monsterinsights_skip_tracking":false,"_monsterinsights_sitenote_active":false,"_monsterinsights_sitenote_note":"","_monsterinsights_sitenote_category":0,"footnotes":""},"categories":[22],"tags":[],"class_list":["post"],"yoast_head":" \n<title>Sonora en Equipo. Necesarios apoyos a campos agr\u00edcolas: Gobernadora Pavlovich Sonora<\/title>\n<meta name=\"description\" content=\"HERMOSILLO, SONORA. MX. \u2014 Para efectuar estrategias en apoyo a agricultores del Valle del Yaqui y Mayo, quienes sufrieron p\u00e9rdidas en sus cultivos por las En Sonora en Equipo publicamos toda la informaci\u00f3n de Sonora, M\u00e9xico y el Mundo de manera oportuna y busca que la libertad de expresi\u00f3n sea real. Visita nuestro medio informativo publicado desde Hermosillo, Sonora. %\" \/>\n<meta name=\"robots\" content=\"index, follow, max-snippet:-1, max-image-preview:large, max-video-preview:-1\" \/>\n<link rel=\"canonical\" href=\"https:\/\/www.sonoraenequipo.com.mx\/necesarios-apoyos-a-campos-agricolas-gobernadora-pavlovich\/\" \/>\n<meta property=\"og:locale\" content=\"es_ES\" \/>\n<meta property=\"og:type\" content=\"article\" \/>\n<meta property=\"og:title\" content=\"Sonora en Equipo. Necesarios apoyos a campos agr\u00edcolas: Gobernadora Pavlovich Sonora\" \/>\n<meta property=\"og:description\" content=\"HERMOSILLO, SONORA. MX. \u2014 Para efectuar estrategias en apoyo a agricultores del Valle del Yaqui y Mayo, quienes sufrieron p\u00e9rdidas en sus cultivos por las En Sonora en Equipo publicamos toda la informaci\u00f3n de Sonora, M\u00e9xico y el Mundo de manera oportuna y busca que la libertad de expresi\u00f3n sea real. Visita nuestro medio informativo publicado desde Hermosillo, Sonora. %\" \/>\n<meta property=\"og:url\" content=\"https:\/\/www.sonoraenequipo.com.mx\/necesarios-apoyos-a-campos-agricolas-gobernadora-pavlovich\/\" \/>\n<meta property=\"og:site_name\" content=\"Sonora en Equipo.\" \/>\n<meta property=\"article:publisher\" content=\"https:\/\/www.facebook.com\/SonoraEE\/\" \/>\n<meta property=\"article:author\" content=\"https:\/\/www.facebook.com\/SonoraEE\" \/>\n<meta property=\"article:published_time\" content=\"2019-01-09T01:16:18+00:00\" \/>\n<meta property=\"article:modified_time\" content=\"2019-01-09T03:34:24+00:00\" \/>\n<meta property=\"og:image\" content=\"https:\/\/www.sonoraenequipo.com.mx\/storage\/2019\/01\/necesarioapoyosagricolas_opt.jpg\" \/>\n\t<meta property=\"og:image:width\" content=\"614\" \/>\n\t<meta property=\"og:image:height\" content=\"400\" \/>\n\t<meta property=\"og:image:type\" content=\"image\/jpeg\" \/>\n<meta name=\"author\" content=\"enequipo\" \/>\n<meta name=\"twitter:card\" content=\"summary_large_image\" \/>\n<meta name=\"twitter:creator\" content=\"@sonoraenequipo\" \/>\n<meta name=\"twitter:site\" content=\"@sonoraenequipo\" \/>\n<meta name=\"twitter:label1\" content=\"Escrito por\" \/>\n\t<meta name=\"twitter:data1\" content=\"enequipo\" \/>\n\t<meta name=\"twitter:label2\" content=\"Tiempo de lectura\" \/>\n\t<meta name=\"twitter:data2\" content=\"3 minutos\" \/>\n<script type=\"application\/ld+json\" class=\"yoast-schema-graph\">{\"@context\":\"https:\/\/schema.org\",\"@graph\":[{\"@type\":\"Article\",\"@id\":\"https:\/\/www.sonoraenequipo.com.mx\/necesarios-apoyos-a-campos-agricolas-gobernadora-pavlovich\/#article\",\"isPartOf\":{\"@id\":\"https:\/\/www.sonoraenequipo.com.mx\/necesarios-apoyos-a-campos-agricolas-gobernadora-pavlovich\/\"},\"author\":{\"name\":\"enequipo\",\"@id\":\"https:\/\/www.sonoraenequipo.com.mx\/#\/schema\/person\/50102df0fb23a8fa9e8effad8fa81386\"},\"headline\":\"Necesarios apoyos a campos agr\u00edcolas: Gobernadora Pavlovich\",\"datePublished\":\"2019-01-09T01:16:18+00:00\",\"dateModified\":\"2019-01-09T03:34:24+00:00\",\"mainEntityOfPage\":{\"@id\":\"https:\/\/www.sonoraenequipo.com.mx\/necesarios-apoyos-a-campos-agricolas-gobernadora-pavlovich\/\"},\"wordCount\":512,\"commentCount\":0,\"publisher\":{\"@id\":\"https:\/\/www.sonoraenequipo.com.mx\/#organization\"},\"image\":{\"@id\":\"https:\/\/www.sonoraenequipo.com.mx\/necesarios-apoyos-a-campos-agricolas-gobernadora-pavlovich\/#primaryimage\"},\"thumbnailUrl\":\"https:\/\/www.sonoraenequipo.com.mx\/storage\/2019\/01\/necesarioapoyosagricolas_opt.jpg\",\"articleSection\":[\"Sonora\"],\"inLanguage\":\"es\",\"potentialAction\":[{\"@type\":\"CommentAction\",\"name\":\"Comment\",\"target\":[\"https:\/\/www.sonoraenequipo.com.mx\/necesarios-apoyos-a-campos-agricolas-gobernadora-pavlovich\/#respond\"]}]},{\"@type\":\"WebPage\",\"@id\":\"https:\/\/www.sonoraenequipo.com.mx\/necesarios-apoyos-a-campos-agricolas-gobernadora-pavlovich\/\",\"url\":\"https:\/\/www.sonoraenequipo.com.mx\/necesarios-apoyos-a-campos-agricolas-gobernadora-pavlovich\/\",\"name\":\"Sonora en Equipo. Necesarios apoyos a campos agr\u00edcolas: Gobernadora Pavlovich Sonora\",\"isPartOf\":{\"@id\":\"https:\/\/www.sonoraenequipo.com.mx\/#website\"},\"primaryImageOfPage\":{\"@id\":\"https:\/\/www.sonoraenequipo.com.mx\/necesarios-apoyos-a-campos-agricolas-gobernadora-pavlovich\/#primaryimage\"},\"image\":{\"@id\":\"https:\/\/www.sonoraenequipo.com.mx\/necesarios-apoyos-a-campos-agricolas-gobernadora-pavlovich\/#primaryimage\"},\"thumbnailUrl\":\"https:\/\/www.sonoraenequipo.com.mx\/storage\/2019\/01\/necesarioapoyosagricolas_opt.jpg\",\"datePublished\":\"2019-01-09T01:16:18+00:00\",\"dateModified\":\"2019-01-09T03:34:24+00:00\",\"description\":\"HERMOSILLO, SONORA. MX. \u2014 Para efectuar estrategias en apoyo a agricultores del Valle del Yaqui y Mayo, quienes sufrieron p\u00e9rdidas en sus cultivos por las En Sonora en Equipo publicamos toda la informaci\u00f3n de Sonora, M\u00e9xico y el Mundo de manera oportuna y busca que la libertad de expresi\u00f3n sea real. Visita nuestro medio informativo publicado desde Hermosillo, Sonora. %\",\"breadcrumb\":{\"@id\":\"https:\/\/www.sonoraenequipo.com.mx\/necesarios-apoyos-a-campos-agricolas-gobernadora-pavlovich\/#breadcrumb\"},\"inLanguage\":\"es\",\"potentialAction\":[{\"@type\":\"ReadAction\",\"target\":[\"https:\/\/www.sonoraenequipo.com.mx\/necesarios-apoyos-a-campos-agricolas-gobernadora-pavlovich\/\"]}]},{\"@type\":\"ImageObject\",\"inLanguage\":\"es\",\"@id\":\"https:\/\/www.sonoraenequipo.com.mx\/necesarios-apoyos-a-campos-agricolas-gobernadora-pavlovich\/#primaryimage\",\"url\":\"https:\/\/www.sonoraenequipo.com.mx\/storage\/2019\/01\/necesarioapoyosagricolas_opt.jpg\",\"contentUrl\":\"https:\/\/www.sonoraenequipo.com.mx\/storage\/2019\/01\/necesarioapoyosagricolas_opt.jpg\",\"width\":614,\"height\":400},{\"@type\":\"BreadcrumbList\",\"@id\":\"https:\/\/www.sonoraenequipo.com.mx\/necesarios-apoyos-a-campos-agricolas-gobernadora-pavlovich\/#breadcrumb\",\"itemListElement\":[{\"@type\":\"ListItem\",\"position\":1,\"name\":\"Portada\",\"item\":\"https:\/\/www.sonoraenequipo.com.mx\/\"},{\"@type\":\"ListItem\",\"position\":2,\"name\":\"Necesarios apoyos a campos agr\u00edcolas: Gobernadora Pavlovich\"}]},{\"@type\":\"WebSite\",\"@id\":\"https:\/\/www.sonoraenequipo.com.mx\/#website\",\"url\":\"https:\/\/www.sonoraenequipo.com.mx\/\",\"name\":\"Sonora en Equipo.\",\"description\":\"Diario en l\u00ednea con Noticias desde Hermosillo, Sonora\",\"publisher\":{\"@id\":\"https:\/\/www.sonoraenequipo.com.mx\/#organization\"},\"potentialAction\":[{\"@type\":\"SearchAction\",\"target\":{\"@type\":\"EntryPoint\",\"urlTemplate\":\"https:\/\/www.sonoraenequipo.com.mx\/?s={search_term_string}\"},\"query-input\":{\"@type\":\"PropertyValueSpecification\",\"valueRequired\":true,\"valueName\":\"search_term_string\"}}],\"inLanguage\":\"es\"},{\"@type\":\"Organization\",\"@id\":\"https:\/\/www.sonoraenequipo.com.mx\/#organization\",\"name\":\"Sonoraenequipo.com.mx\",\"url\":\"https:\/\/www.sonoraenequipo.com.mx\/\",\"logo\":{\"@type\":\"ImageObject\",\"inLanguage\":\"es\",\"@id\":\"https:\/\/www.sonoraenequipo.com.mx\/#\/schema\/logo\/image\/\",\"url\":\"https:\/\/www.sonoraenequipo.com.mx\/storage\/2019\/01\/sonoraenequipo_opt.png\",\"contentUrl\":\"https:\/\/www.sonoraenequipo.com.mx\/storage\/2019\/01\/sonoraenequipo_opt.png\",\"width\":375,\"height\":125,\"caption\":\"Sonoraenequipo.com.mx\"},\"image\":{\"@id\":\"https:\/\/www.sonoraenequipo.com.mx\/#\/schema\/logo\/image\/\"},\"sameAs\":[\"https:\/\/www.facebook.com\/SonoraEE\/\",\"https:\/\/x.com\/sonoraenequipo\",\"https:\/\/www.youtube.com\/channel\/UC338nW-lPEYmJQs4ZABQ1SQ\"]},{\"@type\":\"Person\",\"@id\":\"https:\/\/www.sonoraenequipo.com.mx\/#\/schema\/person\/50102df0fb23a8fa9e8effad8fa81386\",\"name\":\"enequipo\",\"image\":{\"@type\":\"ImageObject\",\"inLanguage\":\"es\",\"@id\":\"https:\/\/www.sonoraenequipo.com.mx\/#\/schema\/person\/image\/\",\"url\":\"https:\/\/secure.gravatar.com\/avatar\/049821681b589dabc0bc20695993ccebb09f5b5d4d790cd9251b97faac7c652b?s=96&d=blank&r=g\",\"contentUrl\":\"https:\/\/secure.gravatar.com\/avatar\/049821681b589dabc0bc20695993ccebb09f5b5d4d790cd9251b97faac7c652b?s=96&d=blank&r=g\",\"caption\":\"enequipo\"},\"sameAs\":[\"https:\/\/www.facebook.com\/SonoraEE\"]}]}<\/script>\n ","yoast_head_json":{"title":"Sonora en Equipo. Necesarios apoyos a campos agr\u00edcolas: Gobernadora Pavlovich Sonora","description":"HERMOSILLO, SONORA. MX. \u2014 Para efectuar estrategias en apoyo a agricultores del Valle del Yaqui y Mayo, quienes sufrieron p\u00e9rdidas en sus cultivos por las En Sonora en Equipo publicamos toda la informaci\u00f3n de Sonora, M\u00e9xico y el Mundo de manera oportuna y busca que la libertad de expresi\u00f3n sea real. Visita nuestro medio informativo publicado desde Hermosillo, Sonora. %","robots":{"index":"index","follow":"follow","max-snippet":"max-snippet:-1","max-image-preview":"max-image-preview:large","max-video-preview":"max-video-preview:-1"},"canonical":"https:\/\/www.sonoraenequipo.com.mx\/necesarios-apoyos-a-campos-agricolas-gobernadora-pavlovich\/","og_locale":"es_ES","og_type":"article","og_title":"Sonora en Equipo. Necesarios apoyos a campos agr\u00edcolas: Gobernadora Pavlovich Sonora","og_description":"HERMOSILLO, SONORA. MX. \u2014 Para efectuar estrategias en apoyo a agricultores del Valle del Yaqui y Mayo, quienes sufrieron p\u00e9rdidas en sus cultivos por las En Sonora en Equipo publicamos toda la informaci\u00f3n de Sonora, M\u00e9xico y el Mundo de manera oportuna y busca que la libertad de expresi\u00f3n sea real. Visita nuestro medio informativo publicado desde Hermosillo, Sonora. %","og_url":"https:\/\/www.sonoraenequipo.com.mx\/necesarios-apoyos-a-campos-agricolas-gobernadora-pavlovich\/","og_site_name":"Sonora en Equipo.","article_publisher":"https:\/\/www.facebook.com\/SonoraEE\/","article_author":"https:\/\/www.facebook.com\/SonoraEE","article_published_time":"2019-01-09T01:16:18+00:00","article_modified_time":"2019-01-09T03:34:24+00:00","og_image":[{"width":614,"height":400,"url":"https:\/\/www.sonoraenequipo.com.mx\/storage\/2019\/01\/necesarioapoyosagricolas_opt.jpg","type":"image\/jpeg"}],"author":"enequipo","twitter_card":"summary_large_image","twitter_creator":"@sonoraenequipo","twitter_site":"@sonoraenequipo","twitter_misc":{"Escrito por":"enequipo","Tiempo de lectura":"3 minutos"},"schema":{"@context":"https:\/\/schema.org","@graph":[{"@type":"Article","@id":"https:\/\/www.sonoraenequipo.com.mx\/necesarios-apoyos-a-campos-agricolas-gobernadora-pavlovich\/#article","isPartOf":{"@id":"https:\/\/www.sonoraenequipo.com.mx\/necesarios-apoyos-a-campos-agricolas-gobernadora-pavlovich\/"},"author":{"name":"enequipo","@id":"https:\/\/www.sonoraenequipo.com.mx\/#\/schema\/person\/50102df0fb23a8fa9e8effad8fa81386"},"headline":"Necesarios apoyos a campos agr\u00edcolas: Gobernadora Pavlovich","datePublished":"2019-01-09T01:16:18+00:00","dateModified":"2019-01-09T03:34:24+00:00","mainEntityOfPage":{"@id":"https:\/\/www.sonoraenequipo.com.mx\/necesarios-apoyos-a-campos-agricolas-gobernadora-pavlovich\/"},"wordCount":512,"commentCount":0,"publisher":{"@id":"https:\/\/www.sonoraenequipo.com.mx\/#organization"},"image":{"@id":"https:\/\/www.sonoraenequipo.com.mx\/necesarios-apoyos-a-campos-agricolas-gobernadora-pavlovich\/#primaryimage"},"thumbnailUrl":"https:\/\/www.sonoraenequipo.com.mx\/storage\/2019\/01\/necesarioapoyosagricolas_opt.jpg","articleSection":["Sonora"],"inLanguage":"es","potentialAction":[{"@type":"CommentAction","name":"Comment","target":["https:\/\/www.sonoraenequipo.com.mx\/necesarios-apoyos-a-campos-agricolas-gobernadora-pavlovich\/#respond"]}]},{"@type":"WebPage","@id":"https:\/\/www.sonoraenequipo.com.mx\/necesarios-apoyos-a-campos-agricolas-gobernadora-pavlovich\/","url":"https:\/\/www.sonoraenequipo.com.mx\/necesarios-apoyos-a-campos-agricolas-gobernadora-pavlovich\/","name":"Sonora en Equipo. Necesarios apoyos a campos agr\u00edcolas: Gobernadora Pavlovich Sonora","isPartOf":{"@id":"https:\/\/www.sonoraenequipo.com.mx\/#website"},"primaryImageOfPage":{"@id":"https:\/\/www.sonoraenequipo.com.mx\/necesarios-apoyos-a-campos-agricolas-gobernadora-pavlovich\/#primaryimage"},"image":{"@id":"https:\/\/www.sonoraenequipo.com.mx\/necesarios-apoyos-a-campos-agricolas-gobernadora-pavlovich\/#primaryimage"},"thumbnailUrl":"https:\/\/www.sonoraenequipo.com.mx\/storage\/2019\/01\/necesarioapoyosagricolas_opt.jpg","datePublished":"2019-01-09T01:16:18+00:00","dateModified":"2019-01-09T03:34:24+00:00","description":"HERMOSILLO, SONORA. MX. \u2014 Para efectuar estrategias en apoyo a agricultores del Valle del Yaqui y Mayo, quienes sufrieron p\u00e9rdidas en sus cultivos por las En Sonora en Equipo publicamos toda la informaci\u00f3n de Sonora, M\u00e9xico y el Mundo de manera oportuna y busca que la libertad de expresi\u00f3n sea real. Visita nuestro medio informativo publicado desde Hermosillo, Sonora. %","breadcrumb":{"@id":"https:\/\/www.sonoraenequipo.com.mx\/necesarios-apoyos-a-campos-agricolas-gobernadora-pavlovich\/#breadcrumb"},"inLanguage":"es","potentialAction":[{"@type":"ReadAction","target":["https:\/\/www.sonoraenequipo.com.mx\/necesarios-apoyos-a-campos-agricolas-gobernadora-pavlovich\/"]}]},{"@type":"ImageObject","inLanguage":"es","@id":"https:\/\/www.sonoraenequipo.com.mx\/necesarios-apoyos-a-campos-agricolas-gobernadora-pavlovich\/#primaryimage","url":"https:\/\/www.sonoraenequipo.com.mx\/storage\/2019\/01\/necesarioapoyosagricolas_opt.jpg","contentUrl":"https:\/\/www.sonoraenequipo.com.mx\/storage\/2019\/01\/necesarioapoyosagricolas_opt.jpg","width":614,"height":400},{"@type":"BreadcrumbList","@id":"https:\/\/www.sonoraenequipo.com.mx\/necesarios-apoyos-a-campos-agricolas-gobernadora-pavlovich\/#breadcrumb","itemListElement":[{"@type":"ListItem","position":1,"name":"Portada","item":"https:\/\/www.sonoraenequipo.com.mx\/"},{"@type":"ListItem","position":2,"name":"Necesarios apoyos a campos agr\u00edcolas: Gobernadora Pavlovich"}]},{"@type":"WebSite","@id":"https:\/\/www.sonoraenequipo.com.mx\/#website","url":"https:\/\/www.sonoraenequipo.com.mx\/","name":"Sonora en Equipo.","description":"Diario en l\u00ednea con Noticias desde Hermosillo, Sonora","publisher":{"@id":"https:\/\/www.sonoraenequipo.com.mx\/#organization"},"potentialAction":[{"@type":"SearchAction","target":{"@type":"EntryPoint","urlTemplate":"https:\/\/www.sonoraenequipo.com.mx\/?s={search_term_string}"},"query-input":{"@type":"PropertyValueSpecification","valueRequired":true,"valueName":"search_term_string"}}],"inLanguage":"es"},{"@type":"Organization","@id":"https:\/\/www.sonoraenequipo.com.mx\/#organization","name":"Sonoraenequipo.com.mx","url":"https:\/\/www.sonoraenequipo.com.mx\/","logo":{"@type":"ImageObject","inLanguage":"es","@id":"https:\/\/www.sonoraenequipo.com.mx\/#\/schema\/logo\/image\/","url":"https:\/\/www.sonoraenequipo.com.mx\/storage\/2019\/01\/sonoraenequipo_opt.png","contentUrl":"https:\/\/www.sonoraenequipo.com.mx\/storage\/2019\/01\/sonoraenequipo_opt.png","width":375,"height":125,"caption":"Sonoraenequipo.com.mx"},"image":{"@id":"https:\/\/www.sonoraenequipo.com.mx\/#\/schema\/logo\/image\/"},"sameAs":["https:\/\/www.facebook.com\/SonoraEE\/","https:\/\/x.com\/sonoraenequipo","https:\/\/www.youtube.com\/channel\/UC338nW-lPEYmJQs4ZABQ1SQ"]},{"@type":"Person","@id":"https:\/\/www.sonoraenequipo.com.mx\/#\/schema\/person\/50102df0fb23a8fa9e8effad8fa81386","name":"enequipo","image":{"@type":"ImageObject","inLanguage":"es","@id":"https:\/\/www.sonoraenequipo.com.mx\/#\/schema\/person\/image\/","url":"https:\/\/secure.gravatar.com\/avatar\/049821681b589dabc0bc20695993ccebb09f5b5d4d790cd9251b97faac7c652b?s=96&d=blank&r=g","contentUrl":"https:\/\/secure.gravatar.com\/avatar\/049821681b589dabc0bc20695993ccebb09f5b5d4d790cd9251b97faac7c652b?s=96&d=blank&r=g","caption":"enequipo"},"sameAs":["https:\/\/www.facebook.com\/SonoraEE"]}]}},"jetpack_featured_media_url":"https:\/\/www.sonoraenequipo.com.mx\/storage\/2019\/01\/necesarioapoyosagricolas_opt.jpg","_links":{"self":[{"href":"https:\/\/www.sonoraenequipo.com.mx\/api\/wp\/v2\/posts\/52007","targetHints":{"allow":["GET"]}}],"collection":[{"href":"https:\/\/www.sonoraenequipo.com.mx\/api\/wp\/v2\/posts"}],"about":[{"href":"https:\/\/www.sonoraenequipo.com.mx\/api\/wp\/v2\/types\/post"}],"author":[{"embeddable":true,"href":"https:\/\/www.sonoraenequipo.com.mx\/api\/wp\/v2\/users\/1"}],"replies":[{"embeddable":true,"href":"https:\/\/www.sonoraenequipo.com.mx\/api\/wp\/v2\/comments?post=52007"}],"version-history":[{"count":0,"href":"https:\/\/www.sonoraenequipo.com.mx\/api\/wp\/v2\/posts\/52007\/revisions"}],"wp:featuredmedia":[{"embeddable":true,"href":"https:\/\/www.sonoraenequipo.com.mx\/api\/wp\/v2\/media\/52008"}],"wp:attachment":[{"href":"https:\/\/www.sonoraenequipo.com.mx\/api\/wp\/v2\/media?parent=52007"}],"wp:term":[{"taxonomy":"category","embeddable":true,"href":"https:\/\/www.sonoraenequipo.com.mx\/api\/wp\/v2\/categories?post=52007"},{"taxonomy":"post_tag","embeddable":true,"href":"https:\/\/www.sonoraenequipo.com.mx\/api\/wp\/v2\/tags?post=52007"}],"curies":[{"name":"wp","href":"https:\/\/api.w.org\/{rel}","templated":true}]}}