{"id":52010,"date":"2019-01-08T22:50:22","date_gmt":"2019-01-09T05:50:22","guid":{"rendered":"http:\/\/www.sonoraenequipo.com.mx\/?p=52010"},"modified":"2019-01-08T23:08:47","modified_gmt":"2019-01-09T06:08:47","slug":"distribucion-de-combustible-se-normalizara-el-fin-de-semana-jesus-ramirez","status":"publish","type":"post","link":"https:\/\/www.sonoraenequipo.com.mx\/distribucion-de-combustible-se-normalizara-el-fin-de-semana-jesus-ramirez\/","title":{"rendered":"Distribuci\u00f3n de combustible se normalizar\u00e1 el fin de semana: Jes\u00fas Ram\u00edrez"},"content":{"rendered":"<p>CIUDAD DE M\u00c9XICO. MX. \u2014 El vocero del Gobierno Federal, Jes\u00fas Ram\u00edrez Cuevas, resalt\u00f3 que el abasto de combustible est\u00e1 garantizado en el Valle de M\u00e9xico y destac\u00f3 que la distribuci\u00f3n de combustible se normalizar\u00e1 hac\u00eda el fin de semana. <\/p>\n<p>En entrevista con Ciro G\u00f3mez Leyva, en Imagen Noticias, detall\u00f3 que el cierre de unas 25 gasolineras en la capital del pa\u00eds se debi\u00f3 a la psicosis que se produjo en redes sociales <em>\u201cpor la idea de que hay escasez o desabasto\u201d.<\/em><\/p>\n<p><em>En la mayor\u00eda de los expendios, que son m\u00e1s de 400, est\u00e1 garantizado, en el Valle de M\u00e9xico, en la Ciudad de M\u00e9xico, el abasto de gasolina\u201d,<\/em> coment\u00f3.<\/p>\n<p><em>Esperamos que hac\u00eda el fin de semana ya est\u00e9 restablecida completamente y normalizada la distribuci\u00f3n de combustible\u201d<\/em>, agreg\u00f3.<\/p>\n<p>(FECHA DE PUBLICACI\u00d3N.08\/01\/2019 \/\/<\/p>\n","protected":false},"excerpt":{"rendered":"<p>CIUDAD DE M\u00c9XICO. MX. \u2014 El vocero del Gobierno Federal, Jes\u00fas Ram\u00edrez Cuevas, resalt\u00f3 que&#8230;<\/p>\n","protected":false},"author":1,"featured_media":52011,"comment_status":"open","ping_status":"open","sticky":false,"template":"","format":"standard","meta":{"_monsterinsights_skip_tracking":false,"_monsterinsights_sitenote_active":false,"_monsterinsights_sitenote_note":"","_monsterinsights_sitenote_category":0,"footnotes":""},"categories":[5],"tags":[],"class_list":["post"],"yoast_head":" \n<title>Sonora en Equipo. Distribuci\u00f3n de combustible se normalizar\u00e1 el fin de semana: Jes\u00fas Ram\u00edrez Rep\u00fablica<\/title>\n<meta name=\"description\" content=\"CIUDAD DE M\u00c9XICO. MX. \u2014 El vocero del Gobierno Federal, Jes\u00fas Ram\u00edrez Cuevas, resalt\u00f3 que el abasto de combustible est\u00e1 garantizado en el Valle de M\u00e9xico En Sonora en Equipo publicamos toda la informaci\u00f3n de Sonora, M\u00e9xico y el Mundo de manera oportuna y busca que la libertad de expresi\u00f3n sea real. Visita nuestro medio informativo publicado desde Hermosillo, Sonora. %\" \/>\n<meta name=\"robots\" content=\"index, follow, max-snippet:-1, max-image-preview:large, max-video-preview:-1\" \/>\n<link rel=\"canonical\" href=\"https:\/\/www.sonoraenequipo.com.mx\/distribucion-de-combustible-se-normalizara-el-fin-de-semana-jesus-ramirez\/\" \/>\n<meta property=\"og:locale\" content=\"es_ES\" \/>\n<meta property=\"og:type\" content=\"article\" \/>\n<meta property=\"og:title\" content=\"Sonora en Equipo. Distribuci\u00f3n de combustible se normalizar\u00e1 el fin de semana: Jes\u00fas Ram\u00edrez Rep\u00fablica\" \/>\n<meta property=\"og:description\" content=\"CIUDAD DE M\u00c9XICO. MX. \u2014 El vocero del Gobierno Federal, Jes\u00fas Ram\u00edrez Cuevas, resalt\u00f3 que el abasto de combustible est\u00e1 garantizado en el Valle de M\u00e9xico En Sonora en Equipo publicamos toda la informaci\u00f3n de Sonora, M\u00e9xico y el Mundo de manera oportuna y busca que la libertad de expresi\u00f3n sea real. Visita nuestro medio informativo publicado desde Hermosillo, Sonora. %\" \/>\n<meta property=\"og:url\" content=\"https:\/\/www.sonoraenequipo.com.mx\/distribucion-de-combustible-se-normalizara-el-fin-de-semana-jesus-ramirez\/\" \/>\n<meta property=\"og:site_name\" content=\"Sonora en Equipo.\" \/>\n<meta property=\"article:publisher\" content=\"https:\/\/www.facebook.com\/SonoraEE\/\" \/>\n<meta property=\"article:author\" content=\"https:\/\/www.facebook.com\/SonoraEE\" \/>\n<meta property=\"article:published_time\" content=\"2019-01-09T05:50:22+00:00\" \/>\n<meta property=\"article:modified_time\" content=\"2019-01-09T06:08:47+00:00\" \/>\n<meta property=\"og:image\" content=\"https:\/\/www.sonoraenequipo.com.mx\/storage\/2019\/01\/expendios_opt.jpg\" \/>\n\t<meta property=\"og:image:width\" content=\"533\" \/>\n\t<meta property=\"og:image:height\" content=\"400\" \/>\n\t<meta property=\"og:image:type\" content=\"image\/jpeg\" \/>\n<meta name=\"author\" content=\"enequipo\" \/>\n<meta name=\"twitter:card\" content=\"summary_large_image\" \/>\n<meta name=\"twitter:creator\" content=\"@sonoraenequipo\" \/>\n<meta name=\"twitter:site\" content=\"@sonoraenequipo\" \/>\n<meta name=\"twitter:label1\" content=\"Escrito por\" \/>\n\t<meta name=\"twitter:data1\" content=\"enequipo\" \/>\n\t<meta name=\"twitter:label2\" content=\"Tiempo de lectura\" \/>\n\t<meta name=\"twitter:data2\" content=\"1 minuto\" \/>\n<script type=\"application\/ld+json\" class=\"yoast-schema-graph\">{\"@context\":\"https:\/\/schema.org\",\"@graph\":[{\"@type\":\"Article\",\"@id\":\"https:\/\/www.sonoraenequipo.com.mx\/distribucion-de-combustible-se-normalizara-el-fin-de-semana-jesus-ramirez\/#article\",\"isPartOf\":{\"@id\":\"https:\/\/www.sonoraenequipo.com.mx\/distribucion-de-combustible-se-normalizara-el-fin-de-semana-jesus-ramirez\/\"},\"author\":{\"name\":\"enequipo\",\"@id\":\"https:\/\/www.sonoraenequipo.com.mx\/#\/schema\/person\/50102df0fb23a8fa9e8effad8fa81386\"},\"headline\":\"Distribuci\u00f3n de combustible se normalizar\u00e1 el fin de semana: Jes\u00fas Ram\u00edrez\",\"datePublished\":\"2019-01-09T05:50:22+00:00\",\"dateModified\":\"2019-01-09T06:08:47+00:00\",\"mainEntityOfPage\":{\"@id\":\"https:\/\/www.sonoraenequipo.com.mx\/distribucion-de-combustible-se-normalizara-el-fin-de-semana-jesus-ramirez\/\"},\"wordCount\":157,\"commentCount\":0,\"publisher\":{\"@id\":\"https:\/\/www.sonoraenequipo.com.mx\/#organization\"},\"image\":{\"@id\":\"https:\/\/www.sonoraenequipo.com.mx\/distribucion-de-combustible-se-normalizara-el-fin-de-semana-jesus-ramirez\/#primaryimage\"},\"thumbnailUrl\":\"https:\/\/www.sonoraenequipo.com.mx\/storage\/2019\/01\/expendios_opt.jpg\",\"articleSection\":[\"Rep\u00fablica\"],\"inLanguage\":\"es\",\"potentialAction\":[{\"@type\":\"CommentAction\",\"name\":\"Comment\",\"target\":[\"https:\/\/www.sonoraenequipo.com.mx\/distribucion-de-combustible-se-normalizara-el-fin-de-semana-jesus-ramirez\/#respond\"]}]},{\"@type\":\"WebPage\",\"@id\":\"https:\/\/www.sonoraenequipo.com.mx\/distribucion-de-combustible-se-normalizara-el-fin-de-semana-jesus-ramirez\/\",\"url\":\"https:\/\/www.sonoraenequipo.com.mx\/distribucion-de-combustible-se-normalizara-el-fin-de-semana-jesus-ramirez\/\",\"name\":\"Sonora en Equipo. Distribuci\u00f3n de combustible se normalizar\u00e1 el fin de semana: Jes\u00fas Ram\u00edrez Rep\u00fablica\",\"isPartOf\":{\"@id\":\"https:\/\/www.sonoraenequipo.com.mx\/#website\"},\"primaryImageOfPage\":{\"@id\":\"https:\/\/www.sonoraenequipo.com.mx\/distribucion-de-combustible-se-normalizara-el-fin-de-semana-jesus-ramirez\/#primaryimage\"},\"image\":{\"@id\":\"https:\/\/www.sonoraenequipo.com.mx\/distribucion-de-combustible-se-normalizara-el-fin-de-semana-jesus-ramirez\/#primaryimage\"},\"thumbnailUrl\":\"https:\/\/www.sonoraenequipo.com.mx\/storage\/2019\/01\/expendios_opt.jpg\",\"datePublished\":\"2019-01-09T05:50:22+00:00\",\"dateModified\":\"2019-01-09T06:08:47+00:00\",\"description\":\"CIUDAD DE M\u00c9XICO. MX. \u2014 El vocero del Gobierno Federal, Jes\u00fas Ram\u00edrez Cuevas, resalt\u00f3 que el abasto de combustible est\u00e1 garantizado en el Valle de M\u00e9xico En Sonora en Equipo publicamos toda la informaci\u00f3n de Sonora, M\u00e9xico y el Mundo de manera oportuna y busca que la libertad de expresi\u00f3n sea real. Visita nuestro medio informativo publicado desde Hermosillo, Sonora. %\",\"breadcrumb\":{\"@id\":\"https:\/\/www.sonoraenequipo.com.mx\/distribucion-de-combustible-se-normalizara-el-fin-de-semana-jesus-ramirez\/#breadcrumb\"},\"inLanguage\":\"es\",\"potentialAction\":[{\"@type\":\"ReadAction\",\"target\":[\"https:\/\/www.sonoraenequipo.com.mx\/distribucion-de-combustible-se-normalizara-el-fin-de-semana-jesus-ramirez\/\"]}]},{\"@type\":\"ImageObject\",\"inLanguage\":\"es\",\"@id\":\"https:\/\/www.sonoraenequipo.com.mx\/distribucion-de-combustible-se-normalizara-el-fin-de-semana-jesus-ramirez\/#primaryimage\",\"url\":\"https:\/\/www.sonoraenequipo.com.mx\/storage\/2019\/01\/expendios_opt.jpg\",\"contentUrl\":\"https:\/\/www.sonoraenequipo.com.mx\/storage\/2019\/01\/expendios_opt.jpg\",\"width\":533,\"height\":400},{\"@type\":\"BreadcrumbList\",\"@id\":\"https:\/\/www.sonoraenequipo.com.mx\/distribucion-de-combustible-se-normalizara-el-fin-de-semana-jesus-ramirez\/#breadcrumb\",\"itemListElement\":[{\"@type\":\"ListItem\",\"position\":1,\"name\":\"Portada\",\"item\":\"https:\/\/www.sonoraenequipo.com.mx\/\"},{\"@type\":\"ListItem\",\"position\":2,\"name\":\"Distribuci\u00f3n de combustible se normalizar\u00e1 el fin de semana: Jes\u00fas Ram\u00edrez\"}]},{\"@type\":\"WebSite\",\"@id\":\"https:\/\/www.sonoraenequipo.com.mx\/#website\",\"url\":\"https:\/\/www.sonoraenequipo.com.mx\/\",\"name\":\"Sonora en Equipo.\",\"description\":\"Diario en l\u00ednea con Noticias desde Hermosillo, Sonora\",\"publisher\":{\"@id\":\"https:\/\/www.sonoraenequipo.com.mx\/#organization\"},\"potentialAction\":[{\"@type\":\"SearchAction\",\"target\":{\"@type\":\"EntryPoint\",\"urlTemplate\":\"https:\/\/www.sonoraenequipo.com.mx\/?s={search_term_string}\"},\"query-input\":{\"@type\":\"PropertyValueSpecification\",\"valueRequired\":true,\"valueName\":\"search_term_string\"}}],\"inLanguage\":\"es\"},{\"@type\":\"Organization\",\"@id\":\"https:\/\/www.sonoraenequipo.com.mx\/#organization\",\"name\":\"Sonoraenequipo.com.mx\",\"url\":\"https:\/\/www.sonoraenequipo.com.mx\/\",\"logo\":{\"@type\":\"ImageObject\",\"inLanguage\":\"es\",\"@id\":\"https:\/\/www.sonoraenequipo.com.mx\/#\/schema\/logo\/image\/\",\"url\":\"https:\/\/www.sonoraenequipo.com.mx\/storage\/2019\/01\/sonoraenequipo_opt.png\",\"contentUrl\":\"https:\/\/www.sonoraenequipo.com.mx\/storage\/2019\/01\/sonoraenequipo_opt.png\",\"width\":375,\"height\":125,\"caption\":\"Sonoraenequipo.com.mx\"},\"image\":{\"@id\":\"https:\/\/www.sonoraenequipo.com.mx\/#\/schema\/logo\/image\/\"},\"sameAs\":[\"https:\/\/www.facebook.com\/SonoraEE\/\",\"https:\/\/x.com\/sonoraenequipo\",\"https:\/\/www.youtube.com\/channel\/UC338nW-lPEYmJQs4ZABQ1SQ\"]},{\"@type\":\"Person\",\"@id\":\"https:\/\/www.sonoraenequipo.com.mx\/#\/schema\/person\/50102df0fb23a8fa9e8effad8fa81386\",\"name\":\"enequipo\",\"image\":{\"@type\":\"ImageObject\",\"inLanguage\":\"es\",\"@id\":\"https:\/\/www.sonoraenequipo.com.mx\/#\/schema\/person\/image\/\",\"url\":\"https:\/\/secure.gravatar.com\/avatar\/049821681b589dabc0bc20695993ccebb09f5b5d4d790cd9251b97faac7c652b?s=96&d=blank&r=g\",\"contentUrl\":\"https:\/\/secure.gravatar.com\/avatar\/049821681b589dabc0bc20695993ccebb09f5b5d4d790cd9251b97faac7c652b?s=96&d=blank&r=g\",\"caption\":\"enequipo\"},\"sameAs\":[\"https:\/\/www.facebook.com\/SonoraEE\"]}]}<\/script>\n ","yoast_head_json":{"title":"Sonora en Equipo. Distribuci\u00f3n de combustible se normalizar\u00e1 el fin de semana: Jes\u00fas Ram\u00edrez Rep\u00fablica","description":"CIUDAD DE M\u00c9XICO. MX. \u2014 El vocero del Gobierno Federal, Jes\u00fas Ram\u00edrez Cuevas, resalt\u00f3 que el abasto de combustible est\u00e1 garantizado en el Valle de M\u00e9xico En Sonora en Equipo publicamos toda la informaci\u00f3n de Sonora, M\u00e9xico y el Mundo de manera oportuna y busca que la libertad de expresi\u00f3n sea real. Visita nuestro medio informativo publicado desde Hermosillo, Sonora. %","robots":{"index":"index","follow":"follow","max-snippet":"max-snippet:-1","max-image-preview":"max-image-preview:large","max-video-preview":"max-video-preview:-1"},"canonical":"https:\/\/www.sonoraenequipo.com.mx\/distribucion-de-combustible-se-normalizara-el-fin-de-semana-jesus-ramirez\/","og_locale":"es_ES","og_type":"article","og_title":"Sonora en Equipo. Distribuci\u00f3n de combustible se normalizar\u00e1 el fin de semana: Jes\u00fas Ram\u00edrez Rep\u00fablica","og_description":"CIUDAD DE M\u00c9XICO. MX. \u2014 El vocero del Gobierno Federal, Jes\u00fas Ram\u00edrez Cuevas, resalt\u00f3 que el abasto de combustible est\u00e1 garantizado en el Valle de M\u00e9xico En Sonora en Equipo publicamos toda la informaci\u00f3n de Sonora, M\u00e9xico y el Mundo de manera oportuna y busca que la libertad de expresi\u00f3n sea real. Visita nuestro medio informativo publicado desde Hermosillo, Sonora. %","og_url":"https:\/\/www.sonoraenequipo.com.mx\/distribucion-de-combustible-se-normalizara-el-fin-de-semana-jesus-ramirez\/","og_site_name":"Sonora en Equipo.","article_publisher":"https:\/\/www.facebook.com\/SonoraEE\/","article_author":"https:\/\/www.facebook.com\/SonoraEE","article_published_time":"2019-01-09T05:50:22+00:00","article_modified_time":"2019-01-09T06:08:47+00:00","og_image":[{"width":533,"height":400,"url":"https:\/\/www.sonoraenequipo.com.mx\/storage\/2019\/01\/expendios_opt.jpg","type":"image\/jpeg"}],"author":"enequipo","twitter_card":"summary_large_image","twitter_creator":"@sonoraenequipo","twitter_site":"@sonoraenequipo","twitter_misc":{"Escrito por":"enequipo","Tiempo de lectura":"1 minuto"},"schema":{"@context":"https:\/\/schema.org","@graph":[{"@type":"Article","@id":"https:\/\/www.sonoraenequipo.com.mx\/distribucion-de-combustible-se-normalizara-el-fin-de-semana-jesus-ramirez\/#article","isPartOf":{"@id":"https:\/\/www.sonoraenequipo.com.mx\/distribucion-de-combustible-se-normalizara-el-fin-de-semana-jesus-ramirez\/"},"author":{"name":"enequipo","@id":"https:\/\/www.sonoraenequipo.com.mx\/#\/schema\/person\/50102df0fb23a8fa9e8effad8fa81386"},"headline":"Distribuci\u00f3n de combustible se normalizar\u00e1 el fin de semana: Jes\u00fas Ram\u00edrez","datePublished":"2019-01-09T05:50:22+00:00","dateModified":"2019-01-09T06:08:47+00:00","mainEntityOfPage":{"@id":"https:\/\/www.sonoraenequipo.com.mx\/distribucion-de-combustible-se-normalizara-el-fin-de-semana-jesus-ramirez\/"},"wordCount":157,"commentCount":0,"publisher":{"@id":"https:\/\/www.sonoraenequipo.com.mx\/#organization"},"image":{"@id":"https:\/\/www.sonoraenequipo.com.mx\/distribucion-de-combustible-se-normalizara-el-fin-de-semana-jesus-ramirez\/#primaryimage"},"thumbnailUrl":"https:\/\/www.sonoraenequipo.com.mx\/storage\/2019\/01\/expendios_opt.jpg","articleSection":["Rep\u00fablica"],"inLanguage":"es","potentialAction":[{"@type":"CommentAction","name":"Comment","target":["https:\/\/www.sonoraenequipo.com.mx\/distribucion-de-combustible-se-normalizara-el-fin-de-semana-jesus-ramirez\/#respond"]}]},{"@type":"WebPage","@id":"https:\/\/www.sonoraenequipo.com.mx\/distribucion-de-combustible-se-normalizara-el-fin-de-semana-jesus-ramirez\/","url":"https:\/\/www.sonoraenequipo.com.mx\/distribucion-de-combustible-se-normalizara-el-fin-de-semana-jesus-ramirez\/","name":"Sonora en Equipo. Distribuci\u00f3n de combustible se normalizar\u00e1 el fin de semana: Jes\u00fas Ram\u00edrez Rep\u00fablica","isPartOf":{"@id":"https:\/\/www.sonoraenequipo.com.mx\/#website"},"primaryImageOfPage":{"@id":"https:\/\/www.sonoraenequipo.com.mx\/distribucion-de-combustible-se-normalizara-el-fin-de-semana-jesus-ramirez\/#primaryimage"},"image":{"@id":"https:\/\/www.sonoraenequipo.com.mx\/distribucion-de-combustible-se-normalizara-el-fin-de-semana-jesus-ramirez\/#primaryimage"},"thumbnailUrl":"https:\/\/www.sonoraenequipo.com.mx\/storage\/2019\/01\/expendios_opt.jpg","datePublished":"2019-01-09T05:50:22+00:00","dateModified":"2019-01-09T06:08:47+00:00","description":"CIUDAD DE M\u00c9XICO. MX. \u2014 El vocero del Gobierno Federal, Jes\u00fas Ram\u00edrez Cuevas, resalt\u00f3 que el abasto de combustible est\u00e1 garantizado en el Valle de M\u00e9xico En Sonora en Equipo publicamos toda la informaci\u00f3n de Sonora, M\u00e9xico y el Mundo de manera oportuna y busca que la libertad de expresi\u00f3n sea real. Visita nuestro medio informativo publicado desde Hermosillo, Sonora. %","breadcrumb":{"@id":"https:\/\/www.sonoraenequipo.com.mx\/distribucion-de-combustible-se-normalizara-el-fin-de-semana-jesus-ramirez\/#breadcrumb"},"inLanguage":"es","potentialAction":[{"@type":"ReadAction","target":["https:\/\/www.sonoraenequipo.com.mx\/distribucion-de-combustible-se-normalizara-el-fin-de-semana-jesus-ramirez\/"]}]},{"@type":"ImageObject","inLanguage":"es","@id":"https:\/\/www.sonoraenequipo.com.mx\/distribucion-de-combustible-se-normalizara-el-fin-de-semana-jesus-ramirez\/#primaryimage","url":"https:\/\/www.sonoraenequipo.com.mx\/storage\/2019\/01\/expendios_opt.jpg","contentUrl":"https:\/\/www.sonoraenequipo.com.mx\/storage\/2019\/01\/expendios_opt.jpg","width":533,"height":400},{"@type":"BreadcrumbList","@id":"https:\/\/www.sonoraenequipo.com.mx\/distribucion-de-combustible-se-normalizara-el-fin-de-semana-jesus-ramirez\/#breadcrumb","itemListElement":[{"@type":"ListItem","position":1,"name":"Portada","item":"https:\/\/www.sonoraenequipo.com.mx\/"},{"@type":"ListItem","position":2,"name":"Distribuci\u00f3n de combustible se normalizar\u00e1 el fin de semana: Jes\u00fas Ram\u00edrez"}]},{"@type":"WebSite","@id":"https:\/\/www.sonoraenequipo.com.mx\/#website","url":"https:\/\/www.sonoraenequipo.com.mx\/","name":"Sonora en Equipo.","description":"Diario en l\u00ednea con Noticias desde Hermosillo, Sonora","publisher":{"@id":"https:\/\/www.sonoraenequipo.com.mx\/#organization"},"potentialAction":[{"@type":"SearchAction","target":{"@type":"EntryPoint","urlTemplate":"https:\/\/www.sonoraenequipo.com.mx\/?s={search_term_string}"},"query-input":{"@type":"PropertyValueSpecification","valueRequired":true,"valueName":"search_term_string"}}],"inLanguage":"es"},{"@type":"Organization","@id":"https:\/\/www.sonoraenequipo.com.mx\/#organization","name":"Sonoraenequipo.com.mx","url":"https:\/\/www.sonoraenequipo.com.mx\/","logo":{"@type":"ImageObject","inLanguage":"es","@id":"https:\/\/www.sonoraenequipo.com.mx\/#\/schema\/logo\/image\/","url":"https:\/\/www.sonoraenequipo.com.mx\/storage\/2019\/01\/sonoraenequipo_opt.png","contentUrl":"https:\/\/www.sonoraenequipo.com.mx\/storage\/2019\/01\/sonoraenequipo_opt.png","width":375,"height":125,"caption":"Sonoraenequipo.com.mx"},"image":{"@id":"https:\/\/www.sonoraenequipo.com.mx\/#\/schema\/logo\/image\/"},"sameAs":["https:\/\/www.facebook.com\/SonoraEE\/","https:\/\/x.com\/sonoraenequipo","https:\/\/www.youtube.com\/channel\/UC338nW-lPEYmJQs4ZABQ1SQ"]},{"@type":"Person","@id":"https:\/\/www.sonoraenequipo.com.mx\/#\/schema\/person\/50102df0fb23a8fa9e8effad8fa81386","name":"enequipo","image":{"@type":"ImageObject","inLanguage":"es","@id":"https:\/\/www.sonoraenequipo.com.mx\/#\/schema\/person\/image\/","url":"https:\/\/secure.gravatar.com\/avatar\/049821681b589dabc0bc20695993ccebb09f5b5d4d790cd9251b97faac7c652b?s=96&d=blank&r=g","contentUrl":"https:\/\/secure.gravatar.com\/avatar\/049821681b589dabc0bc20695993ccebb09f5b5d4d790cd9251b97faac7c652b?s=96&d=blank&r=g","caption":"enequipo"},"sameAs":["https:\/\/www.facebook.com\/SonoraEE"]}]}},"jetpack_featured_media_url":"https:\/\/www.sonoraenequipo.com.mx\/storage\/2019\/01\/expendios_opt.jpg","_links":{"self":[{"href":"https:\/\/www.sonoraenequipo.com.mx\/api\/wp\/v2\/posts\/52010","targetHints":{"allow":["GET"]}}],"collection":[{"href":"https:\/\/www.sonoraenequipo.com.mx\/api\/wp\/v2\/posts"}],"about":[{"href":"https:\/\/www.sonoraenequipo.com.mx\/api\/wp\/v2\/types\/post"}],"author":[{"embeddable":true,"href":"https:\/\/www.sonoraenequipo.com.mx\/api\/wp\/v2\/users\/1"}],"replies":[{"embeddable":true,"href":"https:\/\/www.sonoraenequipo.com.mx\/api\/wp\/v2\/comments?post=52010"}],"version-history":[{"count":0,"href":"https:\/\/www.sonoraenequipo.com.mx\/api\/wp\/v2\/posts\/52010\/revisions"}],"wp:featuredmedia":[{"embeddable":true,"href":"https:\/\/www.sonoraenequipo.com.mx\/api\/wp\/v2\/media\/52011"}],"wp:attachment":[{"href":"https:\/\/www.sonoraenequipo.com.mx\/api\/wp\/v2\/media?parent=52010"}],"wp:term":[{"taxonomy":"category","embeddable":true,"href":"https:\/\/www.sonoraenequipo.com.mx\/api\/wp\/v2\/categories?post=52010"},{"taxonomy":"post_tag","embeddable":true,"href":"https:\/\/www.sonoraenequipo.com.mx\/api\/wp\/v2\/tags?post=52010"}],"curies":[{"name":"wp","href":"https:\/\/api.w.org\/{rel}","templated":true}]}}