{"id":52014,"date":"2019-01-08T20:20:48","date_gmt":"2019-01-09T03:20:48","guid":{"rendered":"http:\/\/www.sonoraenequipo.com.mx\/?p=52014"},"modified":"2019-01-08T23:06:44","modified_gmt":"2019-01-09T06:06:44","slug":"scjn-reduce-25-por-ciento-el-salario-de-ministros","status":"publish","type":"post","link":"https:\/\/www.sonoraenequipo.com.mx\/scjn-reduce-25-por-ciento-el-salario-de-ministros\/","title":{"rendered":"SCJN reduce 25 por ciento el salario de ministros"},"content":{"rendered":"<p>CIUDAD DE M\u00c9XICO. MX. \u2014 Como medida de racionalidad del gasto p\u00fablico, el pleno de la Suprema Corte de Justicia de la Naci\u00f3n (SCJN) acord\u00f3 que las remuneraciones de los 11 ministros ser\u00e1n disminuidas en un 25 por ciento respecto de las percibidas en el ejercicio fiscal 2018. <\/p>\n<p>Adem\u00e1s, las presidencias de la Corte y del Consejo de la Judicatura Federal revisar\u00e1n y, en su caso, publicar\u00e1n los montos de las remuneraciones de magistrados y jueces del Poder Judicial de la Federaci\u00f3n, conforme a lo aprobado en el Presupuesto de Egresos federal 2019.<\/p>\n<p>Ello, a efecto de asegurar, como establece el art\u00edculo 94 de la Constituci\u00f3n Pol\u00edtica Mexicana, que sus remuneraciones no sean disminuidas durante su encargo, indic\u00f3 la Suprema Corte de Justicia de la Naci\u00f3n a trav\u00e9s de un comunicado.<\/p>\n<p>Refiri\u00f3 que estas determinaciones obedecen a la pol\u00edtica de austeridad impulsada por la presidencia del \u00f3rgano judicial y ser\u00e1n complementadas con otras medidas que ser\u00e1n oportunamente comunicadas a la opini\u00f3n p\u00fablica.<\/p>\n<p>Adem\u00e1s, con base en el acuerdo de los ministros, se tomar\u00e1n medidas para asegurar la independencia de magistrados, jueces y de todos los servidores p\u00fablicos del Poder Judicial de la Federaci\u00f3n frente a otros Poderes.<\/p>\n<p>La Suprema Corte record\u00f3 que de acuerdo con la Constituci\u00f3n, las percepciones que reciben los ministros de la Suprema Corte de Justicia de la Naci\u00f3n no pueden ser diferenciadas ni pueden ser disminuidas por actos provenientes de los otros Poderes.<\/p>\n<p>Sin embargo, agreg\u00f3, ello no impide que en ejercicio de su independencia y autonom\u00eda de gesti\u00f3n presupuestal, la Corte ejerza una autorregulaci\u00f3n de las remuneraciones de sus integrantes bajo los principios de eficiencia, eficacia, econom\u00eda, transparencia y honradez que establece la Carta Magna.<\/p>\n<p>(FECHA DE PUBLICACI\u00d3N.08\/01\/2019 \/\/<\/p>\n","protected":false},"excerpt":{"rendered":"<p>CIUDAD DE M\u00c9XICO. MX. \u2014 Como medida de racionalidad del gasto p\u00fablico, el pleno de&#8230;<\/p>\n","protected":false},"author":1,"featured_media":52015,"comment_status":"open","ping_status":"open","sticky":false,"template":"","format":"standard","meta":{"_monsterinsights_skip_tracking":false,"_monsterinsights_sitenote_active":false,"_monsterinsights_sitenote_note":"","_monsterinsights_sitenote_category":0,"footnotes":""},"categories":[5],"tags":[],"class_list":["post"],"yoast_head":" \n<title>Sonora en Equipo. SCJN reduce 25 por ciento el salario de ministros Rep\u00fablica<\/title>\n<meta name=\"description\" content=\"CIUDAD DE M\u00c9XICO. MX. \u2014 Como medida de racionalidad del gasto p\u00fablico, el pleno de la Suprema Corte de Justicia de la Naci\u00f3n (SCJN) acord\u00f3 que las En Sonora en Equipo publicamos toda la informaci\u00f3n de Sonora, M\u00e9xico y el Mundo de manera oportuna y busca que la libertad de expresi\u00f3n sea real. Visita nuestro medio informativo publicado desde Hermosillo, Sonora. %\" \/>\n<meta name=\"robots\" content=\"index, follow, max-snippet:-1, max-image-preview:large, max-video-preview:-1\" \/>\n<link rel=\"canonical\" href=\"https:\/\/www.sonoraenequipo.com.mx\/scjn-reduce-25-por-ciento-el-salario-de-ministros\/\" \/>\n<meta property=\"og:locale\" content=\"es_ES\" \/>\n<meta property=\"og:type\" content=\"article\" \/>\n<meta property=\"og:title\" content=\"Sonora en Equipo. SCJN reduce 25 por ciento el salario de ministros Rep\u00fablica\" \/>\n<meta property=\"og:description\" content=\"CIUDAD DE M\u00c9XICO. MX. \u2014 Como medida de racionalidad del gasto p\u00fablico, el pleno de la Suprema Corte de Justicia de la Naci\u00f3n (SCJN) acord\u00f3 que las En Sonora en Equipo publicamos toda la informaci\u00f3n de Sonora, M\u00e9xico y el Mundo de manera oportuna y busca que la libertad de expresi\u00f3n sea real. Visita nuestro medio informativo publicado desde Hermosillo, Sonora. %\" \/>\n<meta property=\"og:url\" content=\"https:\/\/www.sonoraenequipo.com.mx\/scjn-reduce-25-por-ciento-el-salario-de-ministros\/\" \/>\n<meta property=\"og:site_name\" content=\"Sonora en Equipo.\" \/>\n<meta property=\"article:publisher\" content=\"https:\/\/www.facebook.com\/SonoraEE\/\" \/>\n<meta property=\"article:author\" content=\"https:\/\/www.facebook.com\/SonoraEE\" \/>\n<meta property=\"article:published_time\" content=\"2019-01-09T03:20:48+00:00\" \/>\n<meta property=\"article:modified_time\" content=\"2019-01-09T06:06:44+00:00\" \/>\n<meta property=\"og:image\" content=\"https:\/\/www.sonoraenequipo.com.mx\/storage\/2019\/01\/scjn_opt2.jpg\" \/>\n\t<meta property=\"og:image:width\" content=\"600\" \/>\n\t<meta property=\"og:image:height\" content=\"400\" \/>\n\t<meta property=\"og:image:type\" content=\"image\/jpeg\" \/>\n<meta name=\"author\" content=\"enequipo\" \/>\n<meta name=\"twitter:card\" content=\"summary_large_image\" \/>\n<meta name=\"twitter:creator\" content=\"@sonoraenequipo\" \/>\n<meta name=\"twitter:site\" content=\"@sonoraenequipo\" \/>\n<meta name=\"twitter:label1\" content=\"Escrito por\" \/>\n\t<meta name=\"twitter:data1\" content=\"enequipo\" \/>\n\t<meta name=\"twitter:label2\" content=\"Tiempo de lectura\" \/>\n\t<meta name=\"twitter:data2\" content=\"2 minutos\" \/>\n<script type=\"application\/ld+json\" class=\"yoast-schema-graph\">{\"@context\":\"https:\/\/schema.org\",\"@graph\":[{\"@type\":\"Article\",\"@id\":\"https:\/\/www.sonoraenequipo.com.mx\/scjn-reduce-25-por-ciento-el-salario-de-ministros\/#article\",\"isPartOf\":{\"@id\":\"https:\/\/www.sonoraenequipo.com.mx\/scjn-reduce-25-por-ciento-el-salario-de-ministros\/\"},\"author\":{\"name\":\"enequipo\",\"@id\":\"https:\/\/www.sonoraenequipo.com.mx\/#\/schema\/person\/50102df0fb23a8fa9e8effad8fa81386\"},\"headline\":\"SCJN reduce 25 por ciento el salario de ministros\",\"datePublished\":\"2019-01-09T03:20:48+00:00\",\"dateModified\":\"2019-01-09T06:06:44+00:00\",\"mainEntityOfPage\":{\"@id\":\"https:\/\/www.sonoraenequipo.com.mx\/scjn-reduce-25-por-ciento-el-salario-de-ministros\/\"},\"wordCount\":314,\"commentCount\":0,\"publisher\":{\"@id\":\"https:\/\/www.sonoraenequipo.com.mx\/#organization\"},\"image\":{\"@id\":\"https:\/\/www.sonoraenequipo.com.mx\/scjn-reduce-25-por-ciento-el-salario-de-ministros\/#primaryimage\"},\"thumbnailUrl\":\"https:\/\/www.sonoraenequipo.com.mx\/storage\/2019\/01\/scjn_opt2.jpg\",\"articleSection\":[\"Rep\u00fablica\"],\"inLanguage\":\"es\",\"potentialAction\":[{\"@type\":\"CommentAction\",\"name\":\"Comment\",\"target\":[\"https:\/\/www.sonoraenequipo.com.mx\/scjn-reduce-25-por-ciento-el-salario-de-ministros\/#respond\"]}]},{\"@type\":\"WebPage\",\"@id\":\"https:\/\/www.sonoraenequipo.com.mx\/scjn-reduce-25-por-ciento-el-salario-de-ministros\/\",\"url\":\"https:\/\/www.sonoraenequipo.com.mx\/scjn-reduce-25-por-ciento-el-salario-de-ministros\/\",\"name\":\"Sonora en Equipo. SCJN reduce 25 por ciento el salario de ministros Rep\u00fablica\",\"isPartOf\":{\"@id\":\"https:\/\/www.sonoraenequipo.com.mx\/#website\"},\"primaryImageOfPage\":{\"@id\":\"https:\/\/www.sonoraenequipo.com.mx\/scjn-reduce-25-por-ciento-el-salario-de-ministros\/#primaryimage\"},\"image\":{\"@id\":\"https:\/\/www.sonoraenequipo.com.mx\/scjn-reduce-25-por-ciento-el-salario-de-ministros\/#primaryimage\"},\"thumbnailUrl\":\"https:\/\/www.sonoraenequipo.com.mx\/storage\/2019\/01\/scjn_opt2.jpg\",\"datePublished\":\"2019-01-09T03:20:48+00:00\",\"dateModified\":\"2019-01-09T06:06:44+00:00\",\"description\":\"CIUDAD DE M\u00c9XICO. MX. \u2014 Como medida de racionalidad del gasto p\u00fablico, el pleno de la Suprema Corte de Justicia de la Naci\u00f3n (SCJN) acord\u00f3 que las En Sonora en Equipo publicamos toda la informaci\u00f3n de Sonora, M\u00e9xico y el Mundo de manera oportuna y busca que la libertad de expresi\u00f3n sea real. Visita nuestro medio informativo publicado desde Hermosillo, Sonora. %\",\"breadcrumb\":{\"@id\":\"https:\/\/www.sonoraenequipo.com.mx\/scjn-reduce-25-por-ciento-el-salario-de-ministros\/#breadcrumb\"},\"inLanguage\":\"es\",\"potentialAction\":[{\"@type\":\"ReadAction\",\"target\":[\"https:\/\/www.sonoraenequipo.com.mx\/scjn-reduce-25-por-ciento-el-salario-de-ministros\/\"]}]},{\"@type\":\"ImageObject\",\"inLanguage\":\"es\",\"@id\":\"https:\/\/www.sonoraenequipo.com.mx\/scjn-reduce-25-por-ciento-el-salario-de-ministros\/#primaryimage\",\"url\":\"https:\/\/www.sonoraenequipo.com.mx\/storage\/2019\/01\/scjn_opt2.jpg\",\"contentUrl\":\"https:\/\/www.sonoraenequipo.com.mx\/storage\/2019\/01\/scjn_opt2.jpg\",\"width\":600,\"height\":400},{\"@type\":\"BreadcrumbList\",\"@id\":\"https:\/\/www.sonoraenequipo.com.mx\/scjn-reduce-25-por-ciento-el-salario-de-ministros\/#breadcrumb\",\"itemListElement\":[{\"@type\":\"ListItem\",\"position\":1,\"name\":\"Portada\",\"item\":\"https:\/\/www.sonoraenequipo.com.mx\/\"},{\"@type\":\"ListItem\",\"position\":2,\"name\":\"SCJN reduce 25 por ciento el salario de ministros\"}]},{\"@type\":\"WebSite\",\"@id\":\"https:\/\/www.sonoraenequipo.com.mx\/#website\",\"url\":\"https:\/\/www.sonoraenequipo.com.mx\/\",\"name\":\"Sonora en Equipo.\",\"description\":\"Diario en l\u00ednea con Noticias desde Hermosillo, Sonora\",\"publisher\":{\"@id\":\"https:\/\/www.sonoraenequipo.com.mx\/#organization\"},\"potentialAction\":[{\"@type\":\"SearchAction\",\"target\":{\"@type\":\"EntryPoint\",\"urlTemplate\":\"https:\/\/www.sonoraenequipo.com.mx\/?s={search_term_string}\"},\"query-input\":{\"@type\":\"PropertyValueSpecification\",\"valueRequired\":true,\"valueName\":\"search_term_string\"}}],\"inLanguage\":\"es\"},{\"@type\":\"Organization\",\"@id\":\"https:\/\/www.sonoraenequipo.com.mx\/#organization\",\"name\":\"Sonoraenequipo.com.mx\",\"url\":\"https:\/\/www.sonoraenequipo.com.mx\/\",\"logo\":{\"@type\":\"ImageObject\",\"inLanguage\":\"es\",\"@id\":\"https:\/\/www.sonoraenequipo.com.mx\/#\/schema\/logo\/image\/\",\"url\":\"https:\/\/www.sonoraenequipo.com.mx\/storage\/2019\/01\/sonoraenequipo_opt.png\",\"contentUrl\":\"https:\/\/www.sonoraenequipo.com.mx\/storage\/2019\/01\/sonoraenequipo_opt.png\",\"width\":375,\"height\":125,\"caption\":\"Sonoraenequipo.com.mx\"},\"image\":{\"@id\":\"https:\/\/www.sonoraenequipo.com.mx\/#\/schema\/logo\/image\/\"},\"sameAs\":[\"https:\/\/www.facebook.com\/SonoraEE\/\",\"https:\/\/x.com\/sonoraenequipo\",\"https:\/\/www.youtube.com\/channel\/UC338nW-lPEYmJQs4ZABQ1SQ\"]},{\"@type\":\"Person\",\"@id\":\"https:\/\/www.sonoraenequipo.com.mx\/#\/schema\/person\/50102df0fb23a8fa9e8effad8fa81386\",\"name\":\"enequipo\",\"image\":{\"@type\":\"ImageObject\",\"inLanguage\":\"es\",\"@id\":\"https:\/\/www.sonoraenequipo.com.mx\/#\/schema\/person\/image\/\",\"url\":\"https:\/\/secure.gravatar.com\/avatar\/049821681b589dabc0bc20695993ccebb09f5b5d4d790cd9251b97faac7c652b?s=96&d=blank&r=g\",\"contentUrl\":\"https:\/\/secure.gravatar.com\/avatar\/049821681b589dabc0bc20695993ccebb09f5b5d4d790cd9251b97faac7c652b?s=96&d=blank&r=g\",\"caption\":\"enequipo\"},\"sameAs\":[\"https:\/\/www.facebook.com\/SonoraEE\"]}]}<\/script>\n ","yoast_head_json":{"title":"Sonora en Equipo. SCJN reduce 25 por ciento el salario de ministros Rep\u00fablica","description":"CIUDAD DE M\u00c9XICO. MX. \u2014 Como medida de racionalidad del gasto p\u00fablico, el pleno de la Suprema Corte de Justicia de la Naci\u00f3n (SCJN) acord\u00f3 que las En Sonora en Equipo publicamos toda la informaci\u00f3n de Sonora, M\u00e9xico y el Mundo de manera oportuna y busca que la libertad de expresi\u00f3n sea real. Visita nuestro medio informativo publicado desde Hermosillo, Sonora. %","robots":{"index":"index","follow":"follow","max-snippet":"max-snippet:-1","max-image-preview":"max-image-preview:large","max-video-preview":"max-video-preview:-1"},"canonical":"https:\/\/www.sonoraenequipo.com.mx\/scjn-reduce-25-por-ciento-el-salario-de-ministros\/","og_locale":"es_ES","og_type":"article","og_title":"Sonora en Equipo. SCJN reduce 25 por ciento el salario de ministros Rep\u00fablica","og_description":"CIUDAD DE M\u00c9XICO. MX. \u2014 Como medida de racionalidad del gasto p\u00fablico, el pleno de la Suprema Corte de Justicia de la Naci\u00f3n (SCJN) acord\u00f3 que las En Sonora en Equipo publicamos toda la informaci\u00f3n de Sonora, M\u00e9xico y el Mundo de manera oportuna y busca que la libertad de expresi\u00f3n sea real. Visita nuestro medio informativo publicado desde Hermosillo, Sonora. %","og_url":"https:\/\/www.sonoraenequipo.com.mx\/scjn-reduce-25-por-ciento-el-salario-de-ministros\/","og_site_name":"Sonora en Equipo.","article_publisher":"https:\/\/www.facebook.com\/SonoraEE\/","article_author":"https:\/\/www.facebook.com\/SonoraEE","article_published_time":"2019-01-09T03:20:48+00:00","article_modified_time":"2019-01-09T06:06:44+00:00","og_image":[{"width":600,"height":400,"url":"https:\/\/www.sonoraenequipo.com.mx\/storage\/2019\/01\/scjn_opt2.jpg","type":"image\/jpeg"}],"author":"enequipo","twitter_card":"summary_large_image","twitter_creator":"@sonoraenequipo","twitter_site":"@sonoraenequipo","twitter_misc":{"Escrito por":"enequipo","Tiempo de lectura":"2 minutos"},"schema":{"@context":"https:\/\/schema.org","@graph":[{"@type":"Article","@id":"https:\/\/www.sonoraenequipo.com.mx\/scjn-reduce-25-por-ciento-el-salario-de-ministros\/#article","isPartOf":{"@id":"https:\/\/www.sonoraenequipo.com.mx\/scjn-reduce-25-por-ciento-el-salario-de-ministros\/"},"author":{"name":"enequipo","@id":"https:\/\/www.sonoraenequipo.com.mx\/#\/schema\/person\/50102df0fb23a8fa9e8effad8fa81386"},"headline":"SCJN reduce 25 por ciento el salario de ministros","datePublished":"2019-01-09T03:20:48+00:00","dateModified":"2019-01-09T06:06:44+00:00","mainEntityOfPage":{"@id":"https:\/\/www.sonoraenequipo.com.mx\/scjn-reduce-25-por-ciento-el-salario-de-ministros\/"},"wordCount":314,"commentCount":0,"publisher":{"@id":"https:\/\/www.sonoraenequipo.com.mx\/#organization"},"image":{"@id":"https:\/\/www.sonoraenequipo.com.mx\/scjn-reduce-25-por-ciento-el-salario-de-ministros\/#primaryimage"},"thumbnailUrl":"https:\/\/www.sonoraenequipo.com.mx\/storage\/2019\/01\/scjn_opt2.jpg","articleSection":["Rep\u00fablica"],"inLanguage":"es","potentialAction":[{"@type":"CommentAction","name":"Comment","target":["https:\/\/www.sonoraenequipo.com.mx\/scjn-reduce-25-por-ciento-el-salario-de-ministros\/#respond"]}]},{"@type":"WebPage","@id":"https:\/\/www.sonoraenequipo.com.mx\/scjn-reduce-25-por-ciento-el-salario-de-ministros\/","url":"https:\/\/www.sonoraenequipo.com.mx\/scjn-reduce-25-por-ciento-el-salario-de-ministros\/","name":"Sonora en Equipo. SCJN reduce 25 por ciento el salario de ministros Rep\u00fablica","isPartOf":{"@id":"https:\/\/www.sonoraenequipo.com.mx\/#website"},"primaryImageOfPage":{"@id":"https:\/\/www.sonoraenequipo.com.mx\/scjn-reduce-25-por-ciento-el-salario-de-ministros\/#primaryimage"},"image":{"@id":"https:\/\/www.sonoraenequipo.com.mx\/scjn-reduce-25-por-ciento-el-salario-de-ministros\/#primaryimage"},"thumbnailUrl":"https:\/\/www.sonoraenequipo.com.mx\/storage\/2019\/01\/scjn_opt2.jpg","datePublished":"2019-01-09T03:20:48+00:00","dateModified":"2019-01-09T06:06:44+00:00","description":"CIUDAD DE M\u00c9XICO. MX. \u2014 Como medida de racionalidad del gasto p\u00fablico, el pleno de la Suprema Corte de Justicia de la Naci\u00f3n (SCJN) acord\u00f3 que las En Sonora en Equipo publicamos toda la informaci\u00f3n de Sonora, M\u00e9xico y el Mundo de manera oportuna y busca que la libertad de expresi\u00f3n sea real. Visita nuestro medio informativo publicado desde Hermosillo, Sonora. %","breadcrumb":{"@id":"https:\/\/www.sonoraenequipo.com.mx\/scjn-reduce-25-por-ciento-el-salario-de-ministros\/#breadcrumb"},"inLanguage":"es","potentialAction":[{"@type":"ReadAction","target":["https:\/\/www.sonoraenequipo.com.mx\/scjn-reduce-25-por-ciento-el-salario-de-ministros\/"]}]},{"@type":"ImageObject","inLanguage":"es","@id":"https:\/\/www.sonoraenequipo.com.mx\/scjn-reduce-25-por-ciento-el-salario-de-ministros\/#primaryimage","url":"https:\/\/www.sonoraenequipo.com.mx\/storage\/2019\/01\/scjn_opt2.jpg","contentUrl":"https:\/\/www.sonoraenequipo.com.mx\/storage\/2019\/01\/scjn_opt2.jpg","width":600,"height":400},{"@type":"BreadcrumbList","@id":"https:\/\/www.sonoraenequipo.com.mx\/scjn-reduce-25-por-ciento-el-salario-de-ministros\/#breadcrumb","itemListElement":[{"@type":"ListItem","position":1,"name":"Portada","item":"https:\/\/www.sonoraenequipo.com.mx\/"},{"@type":"ListItem","position":2,"name":"SCJN reduce 25 por ciento el salario de ministros"}]},{"@type":"WebSite","@id":"https:\/\/www.sonoraenequipo.com.mx\/#website","url":"https:\/\/www.sonoraenequipo.com.mx\/","name":"Sonora en Equipo.","description":"Diario en l\u00ednea con Noticias desde Hermosillo, Sonora","publisher":{"@id":"https:\/\/www.sonoraenequipo.com.mx\/#organization"},"potentialAction":[{"@type":"SearchAction","target":{"@type":"EntryPoint","urlTemplate":"https:\/\/www.sonoraenequipo.com.mx\/?s={search_term_string}"},"query-input":{"@type":"PropertyValueSpecification","valueRequired":true,"valueName":"search_term_string"}}],"inLanguage":"es"},{"@type":"Organization","@id":"https:\/\/www.sonoraenequipo.com.mx\/#organization","name":"Sonoraenequipo.com.mx","url":"https:\/\/www.sonoraenequipo.com.mx\/","logo":{"@type":"ImageObject","inLanguage":"es","@id":"https:\/\/www.sonoraenequipo.com.mx\/#\/schema\/logo\/image\/","url":"https:\/\/www.sonoraenequipo.com.mx\/storage\/2019\/01\/sonoraenequipo_opt.png","contentUrl":"https:\/\/www.sonoraenequipo.com.mx\/storage\/2019\/01\/sonoraenequipo_opt.png","width":375,"height":125,"caption":"Sonoraenequipo.com.mx"},"image":{"@id":"https:\/\/www.sonoraenequipo.com.mx\/#\/schema\/logo\/image\/"},"sameAs":["https:\/\/www.facebook.com\/SonoraEE\/","https:\/\/x.com\/sonoraenequipo","https:\/\/www.youtube.com\/channel\/UC338nW-lPEYmJQs4ZABQ1SQ"]},{"@type":"Person","@id":"https:\/\/www.sonoraenequipo.com.mx\/#\/schema\/person\/50102df0fb23a8fa9e8effad8fa81386","name":"enequipo","image":{"@type":"ImageObject","inLanguage":"es","@id":"https:\/\/www.sonoraenequipo.com.mx\/#\/schema\/person\/image\/","url":"https:\/\/secure.gravatar.com\/avatar\/049821681b589dabc0bc20695993ccebb09f5b5d4d790cd9251b97faac7c652b?s=96&d=blank&r=g","contentUrl":"https:\/\/secure.gravatar.com\/avatar\/049821681b589dabc0bc20695993ccebb09f5b5d4d790cd9251b97faac7c652b?s=96&d=blank&r=g","caption":"enequipo"},"sameAs":["https:\/\/www.facebook.com\/SonoraEE"]}]}},"jetpack_featured_media_url":"https:\/\/www.sonoraenequipo.com.mx\/storage\/2019\/01\/scjn_opt2.jpg","_links":{"self":[{"href":"https:\/\/www.sonoraenequipo.com.mx\/api\/wp\/v2\/posts\/52014","targetHints":{"allow":["GET"]}}],"collection":[{"href":"https:\/\/www.sonoraenequipo.com.mx\/api\/wp\/v2\/posts"}],"about":[{"href":"https:\/\/www.sonoraenequipo.com.mx\/api\/wp\/v2\/types\/post"}],"author":[{"embeddable":true,"href":"https:\/\/www.sonoraenequipo.com.mx\/api\/wp\/v2\/users\/1"}],"replies":[{"embeddable":true,"href":"https:\/\/www.sonoraenequipo.com.mx\/api\/wp\/v2\/comments?post=52014"}],"version-history":[{"count":0,"href":"https:\/\/www.sonoraenequipo.com.mx\/api\/wp\/v2\/posts\/52014\/revisions"}],"wp:featuredmedia":[{"embeddable":true,"href":"https:\/\/www.sonoraenequipo.com.mx\/api\/wp\/v2\/media\/52015"}],"wp:attachment":[{"href":"https:\/\/www.sonoraenequipo.com.mx\/api\/wp\/v2\/media?parent=52014"}],"wp:term":[{"taxonomy":"category","embeddable":true,"href":"https:\/\/www.sonoraenequipo.com.mx\/api\/wp\/v2\/categories?post=52014"},{"taxonomy":"post_tag","embeddable":true,"href":"https:\/\/www.sonoraenequipo.com.mx\/api\/wp\/v2\/tags?post=52014"}],"curies":[{"name":"wp","href":"https:\/\/api.w.org\/{rel}","templated":true}]}}