{"id":52022,"date":"2019-01-08T10:12:06","date_gmt":"2019-01-08T17:12:06","guid":{"rendered":"http:\/\/www.sonoraenequipo.com.mx\/?p=52022"},"modified":"2019-01-08T23:14:11","modified_gmt":"2019-01-09T06:14:11","slug":"insiste-trump-en-muro-fronterizo-por-seguridad-nacional-de-eu","status":"publish","type":"post","link":"https:\/\/www.sonoraenequipo.com.mx\/insiste-trump-en-muro-fronterizo-por-seguridad-nacional-de-eu\/","title":{"rendered":"Insiste Trump en muro fronterizo por \u201cseguridad nacional\u201d de EU"},"content":{"rendered":"<p>WASHINGTON, ESTADOS UNIDOS. \u2014 Con una narrativa amarillista, el presidente de Estados Unidos, Donald Trump, culp\u00f3 directamente a los dem\u00f3cratas de la C\u00e1mara de Representantes por el cierre parcial del gobierno federal, porque le niegan los fondos para proteger las fronteras del pa\u00eds, y llam\u00f3 a la poblaci\u00f3n a presionarlos para aprobar los recursos necesarios. <\/p>\n<p>Hay una sola raz\u00f3n para que esto siga ocurriendo, apunt\u00f3 Trump en su primer mensaje televisado a la naci\u00f3n. Denunci\u00f3 que \u201clos dem\u00f3cratas no apoyan la financiaci\u00f3n de la seguridad fronteriza\u201d, que incluye la construcci\u00f3n de un muro en la frontera con M\u00e9xico.<\/p>\n<p>En un viraje a su posici\u00f3n inicial de que el pa\u00eds vecino pagar\u00eda la construcci\u00f3n de la barrerra, el mandatario puntualiz\u00f3 durante su mensaje desde la Oficina Oval de la Casa Blanca que el muro ser\u00eda pagado \u201cpor el gran acuerdo comercial que tenemos con M\u00e9xico\u201d.<\/p>\n<p>Sostuvo que los dem\u00f3cratas <em>\u201cno reconocen la crisis\u201d<\/em> y se niegan a que los agentes fronterizos cumplan con su labor de defender el pa\u00eds.<\/p>\n<p>Trump llam\u00f3 al liderazgo dem\u00f3crata a una reuni\u00f3n para este mi\u00e9rcoles a fin de solucionar de una vez por todas la par\u00e1lisis parcial gubernamental.<\/p>\n<p>El cierre parcial del gobierno federal afecta a por lo menos 800 mil bur\u00f3cratas y diversos servicios que van desde la conservaci\u00f3n de parques y jardines, la apertura y funcionamiento de los museos o la recolecci\u00f3n de basura, entre otros.<\/p>\n<p>Dijo Trump que es inmoral que <em>\u201clos pol\u00edticos ricos\u201d<\/em> construyan barreras f\u00edsicas afuera de sus mansiones y se nieguen a proteger de la misma manera el pa\u00eds. No se trata de proteger a los de afuera, sino de hacerlo con los de adentro, manifest\u00f3.<\/p>\n<p>(FECHA DE PUBLICACI\u00d3N.08\/01\/2019 \/\/<\/p>\n","protected":false},"excerpt":{"rendered":"<p>WASHINGTON, ESTADOS UNIDOS. \u2014 Con una narrativa amarillista, el presidente de Estados Unidos, Donald Trump,&#8230;<\/p>\n","protected":false},"author":1,"featured_media":52023,"comment_status":"open","ping_status":"open","sticky":false,"template":"","format":"standard","meta":{"_monsterinsights_skip_tracking":false,"_monsterinsights_sitenote_active":false,"_monsterinsights_sitenote_note":"","_monsterinsights_sitenote_category":0,"footnotes":""},"categories":[3],"tags":[],"class_list":["post"],"yoast_head":" \n<title>Sonora en Equipo. Insiste Trump en muro fronterizo por \u201cseguridad nacional\u201d de EU MUNDO<\/title>\n<meta name=\"description\" content=\"WASHINGTON, ESTADOS UNIDOS. \u2014 Con una narrativa amarillista, el presidente de Estados Unidos, Donald Trump, culp\u00f3 directamente a los dem\u00f3cratas de la En Sonora en Equipo publicamos toda la informaci\u00f3n de Sonora, M\u00e9xico y el Mundo de manera oportuna y busca que la libertad de expresi\u00f3n sea real. Visita nuestro medio informativo publicado desde Hermosillo, Sonora. %\" \/>\n<meta name=\"robots\" content=\"index, follow, max-snippet:-1, max-image-preview:large, max-video-preview:-1\" \/>\n<link rel=\"canonical\" href=\"https:\/\/www.sonoraenequipo.com.mx\/insiste-trump-en-muro-fronterizo-por-seguridad-nacional-de-eu\/\" \/>\n<meta property=\"og:locale\" content=\"es_ES\" \/>\n<meta property=\"og:type\" content=\"article\" \/>\n<meta property=\"og:title\" content=\"Sonora en Equipo. Insiste Trump en muro fronterizo por \u201cseguridad nacional\u201d de EU MUNDO\" \/>\n<meta property=\"og:description\" content=\"WASHINGTON, ESTADOS UNIDOS. \u2014 Con una narrativa amarillista, el presidente de Estados Unidos, Donald Trump, culp\u00f3 directamente a los dem\u00f3cratas de la En Sonora en Equipo publicamos toda la informaci\u00f3n de Sonora, M\u00e9xico y el Mundo de manera oportuna y busca que la libertad de expresi\u00f3n sea real. Visita nuestro medio informativo publicado desde Hermosillo, Sonora. %\" \/>\n<meta property=\"og:url\" content=\"https:\/\/www.sonoraenequipo.com.mx\/insiste-trump-en-muro-fronterizo-por-seguridad-nacional-de-eu\/\" \/>\n<meta property=\"og:site_name\" content=\"Sonora en Equipo.\" \/>\n<meta property=\"article:publisher\" content=\"https:\/\/www.facebook.com\/SonoraEE\/\" \/>\n<meta property=\"article:author\" content=\"https:\/\/www.facebook.com\/SonoraEE\" \/>\n<meta property=\"article:published_time\" content=\"2019-01-08T17:12:06+00:00\" \/>\n<meta property=\"article:modified_time\" content=\"2019-01-09T06:14:11+00:00\" \/>\n<meta property=\"og:image\" content=\"https:\/\/www.sonoraenequipo.com.mx\/storage\/2019\/01\/trump_opt7.jpg\" \/>\n\t<meta property=\"og:image:width\" content=\"712\" \/>\n\t<meta property=\"og:image:height\" content=\"400\" \/>\n\t<meta property=\"og:image:type\" content=\"image\/jpeg\" \/>\n<meta name=\"author\" content=\"enequipo\" \/>\n<meta name=\"twitter:card\" content=\"summary_large_image\" \/>\n<meta name=\"twitter:creator\" content=\"@sonoraenequipo\" \/>\n<meta name=\"twitter:site\" content=\"@sonoraenequipo\" \/>\n<meta name=\"twitter:label1\" content=\"Escrito por\" \/>\n\t<meta name=\"twitter:data1\" content=\"enequipo\" \/>\n\t<meta name=\"twitter:label2\" content=\"Tiempo de lectura\" \/>\n\t<meta name=\"twitter:data2\" content=\"2 minutos\" \/>\n<script type=\"application\/ld+json\" class=\"yoast-schema-graph\">{\"@context\":\"https:\/\/schema.org\",\"@graph\":[{\"@type\":\"Article\",\"@id\":\"https:\/\/www.sonoraenequipo.com.mx\/insiste-trump-en-muro-fronterizo-por-seguridad-nacional-de-eu\/#article\",\"isPartOf\":{\"@id\":\"https:\/\/www.sonoraenequipo.com.mx\/insiste-trump-en-muro-fronterizo-por-seguridad-nacional-de-eu\/\"},\"author\":{\"name\":\"enequipo\",\"@id\":\"https:\/\/www.sonoraenequipo.com.mx\/#\/schema\/person\/50102df0fb23a8fa9e8effad8fa81386\"},\"headline\":\"Insiste Trump en muro fronterizo por \u201cseguridad nacional\u201d de EU\",\"datePublished\":\"2019-01-08T17:12:06+00:00\",\"dateModified\":\"2019-01-09T06:14:11+00:00\",\"mainEntityOfPage\":{\"@id\":\"https:\/\/www.sonoraenequipo.com.mx\/insiste-trump-en-muro-fronterizo-por-seguridad-nacional-de-eu\/\"},\"wordCount\":316,\"commentCount\":0,\"publisher\":{\"@id\":\"https:\/\/www.sonoraenequipo.com.mx\/#organization\"},\"image\":{\"@id\":\"https:\/\/www.sonoraenequipo.com.mx\/insiste-trump-en-muro-fronterizo-por-seguridad-nacional-de-eu\/#primaryimage\"},\"thumbnailUrl\":\"https:\/\/www.sonoraenequipo.com.mx\/storage\/2019\/01\/trump_opt7.jpg\",\"articleSection\":[\"MUNDO\"],\"inLanguage\":\"es\",\"potentialAction\":[{\"@type\":\"CommentAction\",\"name\":\"Comment\",\"target\":[\"https:\/\/www.sonoraenequipo.com.mx\/insiste-trump-en-muro-fronterizo-por-seguridad-nacional-de-eu\/#respond\"]}]},{\"@type\":\"WebPage\",\"@id\":\"https:\/\/www.sonoraenequipo.com.mx\/insiste-trump-en-muro-fronterizo-por-seguridad-nacional-de-eu\/\",\"url\":\"https:\/\/www.sonoraenequipo.com.mx\/insiste-trump-en-muro-fronterizo-por-seguridad-nacional-de-eu\/\",\"name\":\"Sonora en Equipo. Insiste Trump en muro fronterizo por \u201cseguridad nacional\u201d de EU MUNDO\",\"isPartOf\":{\"@id\":\"https:\/\/www.sonoraenequipo.com.mx\/#website\"},\"primaryImageOfPage\":{\"@id\":\"https:\/\/www.sonoraenequipo.com.mx\/insiste-trump-en-muro-fronterizo-por-seguridad-nacional-de-eu\/#primaryimage\"},\"image\":{\"@id\":\"https:\/\/www.sonoraenequipo.com.mx\/insiste-trump-en-muro-fronterizo-por-seguridad-nacional-de-eu\/#primaryimage\"},\"thumbnailUrl\":\"https:\/\/www.sonoraenequipo.com.mx\/storage\/2019\/01\/trump_opt7.jpg\",\"datePublished\":\"2019-01-08T17:12:06+00:00\",\"dateModified\":\"2019-01-09T06:14:11+00:00\",\"description\":\"WASHINGTON, ESTADOS UNIDOS. \u2014 Con una narrativa amarillista, el presidente de Estados Unidos, Donald Trump, culp\u00f3 directamente a los dem\u00f3cratas de la En Sonora en Equipo publicamos toda la informaci\u00f3n de Sonora, M\u00e9xico y el Mundo de manera oportuna y busca que la libertad de expresi\u00f3n sea real. Visita nuestro medio informativo publicado desde Hermosillo, Sonora. %\",\"breadcrumb\":{\"@id\":\"https:\/\/www.sonoraenequipo.com.mx\/insiste-trump-en-muro-fronterizo-por-seguridad-nacional-de-eu\/#breadcrumb\"},\"inLanguage\":\"es\",\"potentialAction\":[{\"@type\":\"ReadAction\",\"target\":[\"https:\/\/www.sonoraenequipo.com.mx\/insiste-trump-en-muro-fronterizo-por-seguridad-nacional-de-eu\/\"]}]},{\"@type\":\"ImageObject\",\"inLanguage\":\"es\",\"@id\":\"https:\/\/www.sonoraenequipo.com.mx\/insiste-trump-en-muro-fronterizo-por-seguridad-nacional-de-eu\/#primaryimage\",\"url\":\"https:\/\/www.sonoraenequipo.com.mx\/storage\/2019\/01\/trump_opt7.jpg\",\"contentUrl\":\"https:\/\/www.sonoraenequipo.com.mx\/storage\/2019\/01\/trump_opt7.jpg\",\"width\":712,\"height\":400},{\"@type\":\"BreadcrumbList\",\"@id\":\"https:\/\/www.sonoraenequipo.com.mx\/insiste-trump-en-muro-fronterizo-por-seguridad-nacional-de-eu\/#breadcrumb\",\"itemListElement\":[{\"@type\":\"ListItem\",\"position\":1,\"name\":\"Portada\",\"item\":\"https:\/\/www.sonoraenequipo.com.mx\/\"},{\"@type\":\"ListItem\",\"position\":2,\"name\":\"Insiste Trump en muro fronterizo por \u201cseguridad nacional\u201d de EU\"}]},{\"@type\":\"WebSite\",\"@id\":\"https:\/\/www.sonoraenequipo.com.mx\/#website\",\"url\":\"https:\/\/www.sonoraenequipo.com.mx\/\",\"name\":\"Sonora en Equipo.\",\"description\":\"Diario en l\u00ednea con Noticias desde Hermosillo, Sonora\",\"publisher\":{\"@id\":\"https:\/\/www.sonoraenequipo.com.mx\/#organization\"},\"potentialAction\":[{\"@type\":\"SearchAction\",\"target\":{\"@type\":\"EntryPoint\",\"urlTemplate\":\"https:\/\/www.sonoraenequipo.com.mx\/?s={search_term_string}\"},\"query-input\":{\"@type\":\"PropertyValueSpecification\",\"valueRequired\":true,\"valueName\":\"search_term_string\"}}],\"inLanguage\":\"es\"},{\"@type\":\"Organization\",\"@id\":\"https:\/\/www.sonoraenequipo.com.mx\/#organization\",\"name\":\"Sonoraenequipo.com.mx\",\"url\":\"https:\/\/www.sonoraenequipo.com.mx\/\",\"logo\":{\"@type\":\"ImageObject\",\"inLanguage\":\"es\",\"@id\":\"https:\/\/www.sonoraenequipo.com.mx\/#\/schema\/logo\/image\/\",\"url\":\"https:\/\/www.sonoraenequipo.com.mx\/storage\/2019\/01\/sonoraenequipo_opt.png\",\"contentUrl\":\"https:\/\/www.sonoraenequipo.com.mx\/storage\/2019\/01\/sonoraenequipo_opt.png\",\"width\":375,\"height\":125,\"caption\":\"Sonoraenequipo.com.mx\"},\"image\":{\"@id\":\"https:\/\/www.sonoraenequipo.com.mx\/#\/schema\/logo\/image\/\"},\"sameAs\":[\"https:\/\/www.facebook.com\/SonoraEE\/\",\"https:\/\/x.com\/sonoraenequipo\",\"https:\/\/www.youtube.com\/channel\/UC338nW-lPEYmJQs4ZABQ1SQ\"]},{\"@type\":\"Person\",\"@id\":\"https:\/\/www.sonoraenequipo.com.mx\/#\/schema\/person\/50102df0fb23a8fa9e8effad8fa81386\",\"name\":\"enequipo\",\"image\":{\"@type\":\"ImageObject\",\"inLanguage\":\"es\",\"@id\":\"https:\/\/www.sonoraenequipo.com.mx\/#\/schema\/person\/image\/\",\"url\":\"https:\/\/secure.gravatar.com\/avatar\/049821681b589dabc0bc20695993ccebb09f5b5d4d790cd9251b97faac7c652b?s=96&d=blank&r=g\",\"contentUrl\":\"https:\/\/secure.gravatar.com\/avatar\/049821681b589dabc0bc20695993ccebb09f5b5d4d790cd9251b97faac7c652b?s=96&d=blank&r=g\",\"caption\":\"enequipo\"},\"sameAs\":[\"https:\/\/www.facebook.com\/SonoraEE\"]}]}<\/script>\n ","yoast_head_json":{"title":"Sonora en Equipo. Insiste Trump en muro fronterizo por \u201cseguridad nacional\u201d de EU MUNDO","description":"WASHINGTON, ESTADOS UNIDOS. \u2014 Con una narrativa amarillista, el presidente de Estados Unidos, Donald Trump, culp\u00f3 directamente a los dem\u00f3cratas de la En Sonora en Equipo publicamos toda la informaci\u00f3n de Sonora, M\u00e9xico y el Mundo de manera oportuna y busca que la libertad de expresi\u00f3n sea real. Visita nuestro medio informativo publicado desde Hermosillo, Sonora. %","robots":{"index":"index","follow":"follow","max-snippet":"max-snippet:-1","max-image-preview":"max-image-preview:large","max-video-preview":"max-video-preview:-1"},"canonical":"https:\/\/www.sonoraenequipo.com.mx\/insiste-trump-en-muro-fronterizo-por-seguridad-nacional-de-eu\/","og_locale":"es_ES","og_type":"article","og_title":"Sonora en Equipo. Insiste Trump en muro fronterizo por \u201cseguridad nacional\u201d de EU MUNDO","og_description":"WASHINGTON, ESTADOS UNIDOS. \u2014 Con una narrativa amarillista, el presidente de Estados Unidos, Donald Trump, culp\u00f3 directamente a los dem\u00f3cratas de la En Sonora en Equipo publicamos toda la informaci\u00f3n de Sonora, M\u00e9xico y el Mundo de manera oportuna y busca que la libertad de expresi\u00f3n sea real. Visita nuestro medio informativo publicado desde Hermosillo, Sonora. %","og_url":"https:\/\/www.sonoraenequipo.com.mx\/insiste-trump-en-muro-fronterizo-por-seguridad-nacional-de-eu\/","og_site_name":"Sonora en Equipo.","article_publisher":"https:\/\/www.facebook.com\/SonoraEE\/","article_author":"https:\/\/www.facebook.com\/SonoraEE","article_published_time":"2019-01-08T17:12:06+00:00","article_modified_time":"2019-01-09T06:14:11+00:00","og_image":[{"width":712,"height":400,"url":"https:\/\/www.sonoraenequipo.com.mx\/storage\/2019\/01\/trump_opt7.jpg","type":"image\/jpeg"}],"author":"enequipo","twitter_card":"summary_large_image","twitter_creator":"@sonoraenequipo","twitter_site":"@sonoraenequipo","twitter_misc":{"Escrito por":"enequipo","Tiempo de lectura":"2 minutos"},"schema":{"@context":"https:\/\/schema.org","@graph":[{"@type":"Article","@id":"https:\/\/www.sonoraenequipo.com.mx\/insiste-trump-en-muro-fronterizo-por-seguridad-nacional-de-eu\/#article","isPartOf":{"@id":"https:\/\/www.sonoraenequipo.com.mx\/insiste-trump-en-muro-fronterizo-por-seguridad-nacional-de-eu\/"},"author":{"name":"enequipo","@id":"https:\/\/www.sonoraenequipo.com.mx\/#\/schema\/person\/50102df0fb23a8fa9e8effad8fa81386"},"headline":"Insiste Trump en muro fronterizo por \u201cseguridad nacional\u201d de EU","datePublished":"2019-01-08T17:12:06+00:00","dateModified":"2019-01-09T06:14:11+00:00","mainEntityOfPage":{"@id":"https:\/\/www.sonoraenequipo.com.mx\/insiste-trump-en-muro-fronterizo-por-seguridad-nacional-de-eu\/"},"wordCount":316,"commentCount":0,"publisher":{"@id":"https:\/\/www.sonoraenequipo.com.mx\/#organization"},"image":{"@id":"https:\/\/www.sonoraenequipo.com.mx\/insiste-trump-en-muro-fronterizo-por-seguridad-nacional-de-eu\/#primaryimage"},"thumbnailUrl":"https:\/\/www.sonoraenequipo.com.mx\/storage\/2019\/01\/trump_opt7.jpg","articleSection":["MUNDO"],"inLanguage":"es","potentialAction":[{"@type":"CommentAction","name":"Comment","target":["https:\/\/www.sonoraenequipo.com.mx\/insiste-trump-en-muro-fronterizo-por-seguridad-nacional-de-eu\/#respond"]}]},{"@type":"WebPage","@id":"https:\/\/www.sonoraenequipo.com.mx\/insiste-trump-en-muro-fronterizo-por-seguridad-nacional-de-eu\/","url":"https:\/\/www.sonoraenequipo.com.mx\/insiste-trump-en-muro-fronterizo-por-seguridad-nacional-de-eu\/","name":"Sonora en Equipo. Insiste Trump en muro fronterizo por \u201cseguridad nacional\u201d de EU MUNDO","isPartOf":{"@id":"https:\/\/www.sonoraenequipo.com.mx\/#website"},"primaryImageOfPage":{"@id":"https:\/\/www.sonoraenequipo.com.mx\/insiste-trump-en-muro-fronterizo-por-seguridad-nacional-de-eu\/#primaryimage"},"image":{"@id":"https:\/\/www.sonoraenequipo.com.mx\/insiste-trump-en-muro-fronterizo-por-seguridad-nacional-de-eu\/#primaryimage"},"thumbnailUrl":"https:\/\/www.sonoraenequipo.com.mx\/storage\/2019\/01\/trump_opt7.jpg","datePublished":"2019-01-08T17:12:06+00:00","dateModified":"2019-01-09T06:14:11+00:00","description":"WASHINGTON, ESTADOS UNIDOS. \u2014 Con una narrativa amarillista, el presidente de Estados Unidos, Donald Trump, culp\u00f3 directamente a los dem\u00f3cratas de la En Sonora en Equipo publicamos toda la informaci\u00f3n de Sonora, M\u00e9xico y el Mundo de manera oportuna y busca que la libertad de expresi\u00f3n sea real. Visita nuestro medio informativo publicado desde Hermosillo, Sonora. %","breadcrumb":{"@id":"https:\/\/www.sonoraenequipo.com.mx\/insiste-trump-en-muro-fronterizo-por-seguridad-nacional-de-eu\/#breadcrumb"},"inLanguage":"es","potentialAction":[{"@type":"ReadAction","target":["https:\/\/www.sonoraenequipo.com.mx\/insiste-trump-en-muro-fronterizo-por-seguridad-nacional-de-eu\/"]}]},{"@type":"ImageObject","inLanguage":"es","@id":"https:\/\/www.sonoraenequipo.com.mx\/insiste-trump-en-muro-fronterizo-por-seguridad-nacional-de-eu\/#primaryimage","url":"https:\/\/www.sonoraenequipo.com.mx\/storage\/2019\/01\/trump_opt7.jpg","contentUrl":"https:\/\/www.sonoraenequipo.com.mx\/storage\/2019\/01\/trump_opt7.jpg","width":712,"height":400},{"@type":"BreadcrumbList","@id":"https:\/\/www.sonoraenequipo.com.mx\/insiste-trump-en-muro-fronterizo-por-seguridad-nacional-de-eu\/#breadcrumb","itemListElement":[{"@type":"ListItem","position":1,"name":"Portada","item":"https:\/\/www.sonoraenequipo.com.mx\/"},{"@type":"ListItem","position":2,"name":"Insiste Trump en muro fronterizo por \u201cseguridad nacional\u201d de EU"}]},{"@type":"WebSite","@id":"https:\/\/www.sonoraenequipo.com.mx\/#website","url":"https:\/\/www.sonoraenequipo.com.mx\/","name":"Sonora en Equipo.","description":"Diario en l\u00ednea con Noticias desde Hermosillo, Sonora","publisher":{"@id":"https:\/\/www.sonoraenequipo.com.mx\/#organization"},"potentialAction":[{"@type":"SearchAction","target":{"@type":"EntryPoint","urlTemplate":"https:\/\/www.sonoraenequipo.com.mx\/?s={search_term_string}"},"query-input":{"@type":"PropertyValueSpecification","valueRequired":true,"valueName":"search_term_string"}}],"inLanguage":"es"},{"@type":"Organization","@id":"https:\/\/www.sonoraenequipo.com.mx\/#organization","name":"Sonoraenequipo.com.mx","url":"https:\/\/www.sonoraenequipo.com.mx\/","logo":{"@type":"ImageObject","inLanguage":"es","@id":"https:\/\/www.sonoraenequipo.com.mx\/#\/schema\/logo\/image\/","url":"https:\/\/www.sonoraenequipo.com.mx\/storage\/2019\/01\/sonoraenequipo_opt.png","contentUrl":"https:\/\/www.sonoraenequipo.com.mx\/storage\/2019\/01\/sonoraenequipo_opt.png","width":375,"height":125,"caption":"Sonoraenequipo.com.mx"},"image":{"@id":"https:\/\/www.sonoraenequipo.com.mx\/#\/schema\/logo\/image\/"},"sameAs":["https:\/\/www.facebook.com\/SonoraEE\/","https:\/\/x.com\/sonoraenequipo","https:\/\/www.youtube.com\/channel\/UC338nW-lPEYmJQs4ZABQ1SQ"]},{"@type":"Person","@id":"https:\/\/www.sonoraenequipo.com.mx\/#\/schema\/person\/50102df0fb23a8fa9e8effad8fa81386","name":"enequipo","image":{"@type":"ImageObject","inLanguage":"es","@id":"https:\/\/www.sonoraenequipo.com.mx\/#\/schema\/person\/image\/","url":"https:\/\/secure.gravatar.com\/avatar\/049821681b589dabc0bc20695993ccebb09f5b5d4d790cd9251b97faac7c652b?s=96&d=blank&r=g","contentUrl":"https:\/\/secure.gravatar.com\/avatar\/049821681b589dabc0bc20695993ccebb09f5b5d4d790cd9251b97faac7c652b?s=96&d=blank&r=g","caption":"enequipo"},"sameAs":["https:\/\/www.facebook.com\/SonoraEE"]}]}},"jetpack_featured_media_url":"https:\/\/www.sonoraenequipo.com.mx\/storage\/2019\/01\/trump_opt7.jpg","_links":{"self":[{"href":"https:\/\/www.sonoraenequipo.com.mx\/api\/wp\/v2\/posts\/52022","targetHints":{"allow":["GET"]}}],"collection":[{"href":"https:\/\/www.sonoraenequipo.com.mx\/api\/wp\/v2\/posts"}],"about":[{"href":"https:\/\/www.sonoraenequipo.com.mx\/api\/wp\/v2\/types\/post"}],"author":[{"embeddable":true,"href":"https:\/\/www.sonoraenequipo.com.mx\/api\/wp\/v2\/users\/1"}],"replies":[{"embeddable":true,"href":"https:\/\/www.sonoraenequipo.com.mx\/api\/wp\/v2\/comments?post=52022"}],"version-history":[{"count":0,"href":"https:\/\/www.sonoraenequipo.com.mx\/api\/wp\/v2\/posts\/52022\/revisions"}],"wp:featuredmedia":[{"embeddable":true,"href":"https:\/\/www.sonoraenequipo.com.mx\/api\/wp\/v2\/media\/52023"}],"wp:attachment":[{"href":"https:\/\/www.sonoraenequipo.com.mx\/api\/wp\/v2\/media?parent=52022"}],"wp:term":[{"taxonomy":"category","embeddable":true,"href":"https:\/\/www.sonoraenequipo.com.mx\/api\/wp\/v2\/categories?post=52022"},{"taxonomy":"post_tag","embeddable":true,"href":"https:\/\/www.sonoraenequipo.com.mx\/api\/wp\/v2\/tags?post=52022"}],"curies":[{"name":"wp","href":"https:\/\/api.w.org\/{rel}","templated":true}]}}