{"id":52033,"date":"2019-01-09T18:36:43","date_gmt":"2019-01-10T01:36:43","guid":{"rendered":"http:\/\/www.sonoraenequipo.com.mx\/?p=52033"},"modified":"2019-01-09T18:36:43","modified_gmt":"2019-01-10T01:36:43","slug":"confia-gobernadora-que-en-sonora-no-haya-falta-de-suministro-de-gasolina","status":"publish","type":"post","link":"https:\/\/www.sonoraenequipo.com.mx\/confia-gobernadora-que-en-sonora-no-haya-falta-de-suministro-de-gasolina\/","title":{"rendered":"Conf\u00eda Gobernadora que en Sonora no haya falta de suministro de gasolina"},"content":{"rendered":"<p>HERMOSILLO, SONORA. MX. \u2014 La gobernadora del estado, Claudia Pavlovich Arellano, confi\u00f3 en que en Sonora no haya falta de suministro de gasolina. <\/p>\n<p>Explic\u00f3 que la ma\u00f1ana de este mi\u00e9rcoles tuvo conocimiento de dos estaciones que presentaron retraso en el suministro de combustible, pero fue una situaci\u00f3n que se solucion\u00f3 r\u00e1pidamente, con lo que se descarta, hasta el momento, haya una situaci\u00f3n de desabasto.<\/p>\n<p><em>\u201cTengo informaci\u00f3n encontrada, pero ahorita en este momento, en \u00e9ste, porque hace rato era otro, no hay desabasto, hace unas horas hab\u00eda en dos, ahorita ya no, era una cuesti\u00f3n de que no hab\u00eda llegado el combustible, pero ya est\u00e1, esperamos que en Sonora no suceda\u201d,<\/em> asever\u00f3.<\/p>\n<p>La gobernadora Pavlovich agreg\u00f3 que ha estado al tanto de la situaci\u00f3n que se ha presentado en otros estados, y por supuesto que preocupa y obliga a estar atentos, sin embargo, confi\u00f3 en que esta situaci\u00f3n de falta de combustible, no llegue a Sonora.<\/p>\n<p><em>\u201cLo que necesitamos es que nos apoyen y que obviamente no llegue a Sonora la escasez de gasolina\u201d<\/em>, puntualiz\u00f3 la gobernadora, al reiterar su compromiso de mantener informados a los sonorenses de cualquier situaci\u00f3n o informaci\u00f3n que vaya teniendo sobre este tema.<\/p>\n<p>(FECHA DE PUBLICACI\u00d3N.09\/01\/2019 \/\/<\/p>\n","protected":false},"excerpt":{"rendered":"<p>HERMOSILLO, SONORA. MX. \u2014 La gobernadora del estado, Claudia Pavlovich Arellano, confi\u00f3 en que en&#8230;<\/p>\n","protected":false},"author":1,"featured_media":52034,"comment_status":"open","ping_status":"open","sticky":false,"template":"","format":"standard","meta":{"_monsterinsights_skip_tracking":false,"_monsterinsights_sitenote_active":false,"_monsterinsights_sitenote_note":"","_monsterinsights_sitenote_category":0,"footnotes":""},"categories":[22],"tags":[],"class_list":["post"],"yoast_head":" \n<title>Sonora en Equipo. Conf\u00eda Gobernadora que en Sonora no haya falta de suministro de gasolina Sonora<\/title>\n<meta name=\"description\" content=\"HERMOSILLO, SONORA. MX. \u2014 La gobernadora del estado, Claudia Pavlovich Arellano, confi\u00f3 en que en Sonora no haya falta de suministro de gasolina. Explic\u00f3 En Sonora en Equipo publicamos toda la informaci\u00f3n de Sonora, M\u00e9xico y el Mundo de manera oportuna y busca que la libertad de expresi\u00f3n sea real. Visita nuestro medio informativo publicado desde Hermosillo, Sonora. %\" \/>\n<meta name=\"robots\" content=\"index, follow, max-snippet:-1, max-image-preview:large, max-video-preview:-1\" \/>\n<link rel=\"canonical\" href=\"https:\/\/www.sonoraenequipo.com.mx\/confia-gobernadora-que-en-sonora-no-haya-falta-de-suministro-de-gasolina\/\" \/>\n<meta property=\"og:locale\" content=\"es_ES\" \/>\n<meta property=\"og:type\" content=\"article\" \/>\n<meta property=\"og:title\" content=\"Sonora en Equipo. Conf\u00eda Gobernadora que en Sonora no haya falta de suministro de gasolina Sonora\" \/>\n<meta property=\"og:description\" content=\"HERMOSILLO, SONORA. MX. \u2014 La gobernadora del estado, Claudia Pavlovich Arellano, confi\u00f3 en que en Sonora no haya falta de suministro de gasolina. Explic\u00f3 En Sonora en Equipo publicamos toda la informaci\u00f3n de Sonora, M\u00e9xico y el Mundo de manera oportuna y busca que la libertad de expresi\u00f3n sea real. Visita nuestro medio informativo publicado desde Hermosillo, Sonora. %\" \/>\n<meta property=\"og:url\" content=\"https:\/\/www.sonoraenequipo.com.mx\/confia-gobernadora-que-en-sonora-no-haya-falta-de-suministro-de-gasolina\/\" \/>\n<meta property=\"og:site_name\" content=\"Sonora en Equipo.\" \/>\n<meta property=\"article:publisher\" content=\"https:\/\/www.facebook.com\/SonoraEE\/\" \/>\n<meta property=\"article:author\" content=\"https:\/\/www.facebook.com\/SonoraEE\" \/>\n<meta property=\"article:published_time\" content=\"2019-01-10T01:36:43+00:00\" \/>\n<meta property=\"og:image\" content=\"https:\/\/www.sonoraenequipo.com.mx\/storage\/2019\/01\/claudiapavlovich-sono_opt.jpg\" \/>\n\t<meta property=\"og:image:width\" content=\"639\" \/>\n\t<meta property=\"og:image:height\" content=\"323\" \/>\n\t<meta property=\"og:image:type\" content=\"image\/jpeg\" \/>\n<meta name=\"author\" content=\"enequipo\" \/>\n<meta name=\"twitter:card\" content=\"summary_large_image\" \/>\n<meta name=\"twitter:creator\" content=\"@sonoraenequipo\" \/>\n<meta name=\"twitter:site\" content=\"@sonoraenequipo\" \/>\n<meta name=\"twitter:label1\" content=\"Escrito por\" \/>\n\t<meta name=\"twitter:data1\" content=\"enequipo\" \/>\n\t<meta name=\"twitter:label2\" content=\"Tiempo de lectura\" \/>\n\t<meta name=\"twitter:data2\" content=\"1 minuto\" \/>\n<script type=\"application\/ld+json\" class=\"yoast-schema-graph\">{\"@context\":\"https:\/\/schema.org\",\"@graph\":[{\"@type\":\"Article\",\"@id\":\"https:\/\/www.sonoraenequipo.com.mx\/confia-gobernadora-que-en-sonora-no-haya-falta-de-suministro-de-gasolina\/#article\",\"isPartOf\":{\"@id\":\"https:\/\/www.sonoraenequipo.com.mx\/confia-gobernadora-que-en-sonora-no-haya-falta-de-suministro-de-gasolina\/\"},\"author\":{\"name\":\"enequipo\",\"@id\":\"https:\/\/www.sonoraenequipo.com.mx\/#\/schema\/person\/50102df0fb23a8fa9e8effad8fa81386\"},\"headline\":\"Conf\u00eda Gobernadora que en Sonora no haya falta de suministro de gasolina\",\"datePublished\":\"2019-01-10T01:36:43+00:00\",\"mainEntityOfPage\":{\"@id\":\"https:\/\/www.sonoraenequipo.com.mx\/confia-gobernadora-que-en-sonora-no-haya-falta-de-suministro-de-gasolina\/\"},\"wordCount\":226,\"commentCount\":0,\"publisher\":{\"@id\":\"https:\/\/www.sonoraenequipo.com.mx\/#organization\"},\"image\":{\"@id\":\"https:\/\/www.sonoraenequipo.com.mx\/confia-gobernadora-que-en-sonora-no-haya-falta-de-suministro-de-gasolina\/#primaryimage\"},\"thumbnailUrl\":\"https:\/\/www.sonoraenequipo.com.mx\/storage\/2019\/01\/claudiapavlovich-sono_opt.jpg\",\"articleSection\":[\"Sonora\"],\"inLanguage\":\"es\",\"potentialAction\":[{\"@type\":\"CommentAction\",\"name\":\"Comment\",\"target\":[\"https:\/\/www.sonoraenequipo.com.mx\/confia-gobernadora-que-en-sonora-no-haya-falta-de-suministro-de-gasolina\/#respond\"]}]},{\"@type\":\"WebPage\",\"@id\":\"https:\/\/www.sonoraenequipo.com.mx\/confia-gobernadora-que-en-sonora-no-haya-falta-de-suministro-de-gasolina\/\",\"url\":\"https:\/\/www.sonoraenequipo.com.mx\/confia-gobernadora-que-en-sonora-no-haya-falta-de-suministro-de-gasolina\/\",\"name\":\"Sonora en Equipo. Conf\u00eda Gobernadora que en Sonora no haya falta de suministro de gasolina Sonora\",\"isPartOf\":{\"@id\":\"https:\/\/www.sonoraenequipo.com.mx\/#website\"},\"primaryImageOfPage\":{\"@id\":\"https:\/\/www.sonoraenequipo.com.mx\/confia-gobernadora-que-en-sonora-no-haya-falta-de-suministro-de-gasolina\/#primaryimage\"},\"image\":{\"@id\":\"https:\/\/www.sonoraenequipo.com.mx\/confia-gobernadora-que-en-sonora-no-haya-falta-de-suministro-de-gasolina\/#primaryimage\"},\"thumbnailUrl\":\"https:\/\/www.sonoraenequipo.com.mx\/storage\/2019\/01\/claudiapavlovich-sono_opt.jpg\",\"datePublished\":\"2019-01-10T01:36:43+00:00\",\"description\":\"HERMOSILLO, SONORA. MX. \u2014 La gobernadora del estado, Claudia Pavlovich Arellano, confi\u00f3 en que en Sonora no haya falta de suministro de gasolina. Explic\u00f3 En Sonora en Equipo publicamos toda la informaci\u00f3n de Sonora, M\u00e9xico y el Mundo de manera oportuna y busca que la libertad de expresi\u00f3n sea real. Visita nuestro medio informativo publicado desde Hermosillo, Sonora. %\",\"breadcrumb\":{\"@id\":\"https:\/\/www.sonoraenequipo.com.mx\/confia-gobernadora-que-en-sonora-no-haya-falta-de-suministro-de-gasolina\/#breadcrumb\"},\"inLanguage\":\"es\",\"potentialAction\":[{\"@type\":\"ReadAction\",\"target\":[\"https:\/\/www.sonoraenequipo.com.mx\/confia-gobernadora-que-en-sonora-no-haya-falta-de-suministro-de-gasolina\/\"]}]},{\"@type\":\"ImageObject\",\"inLanguage\":\"es\",\"@id\":\"https:\/\/www.sonoraenequipo.com.mx\/confia-gobernadora-que-en-sonora-no-haya-falta-de-suministro-de-gasolina\/#primaryimage\",\"url\":\"https:\/\/www.sonoraenequipo.com.mx\/storage\/2019\/01\/claudiapavlovich-sono_opt.jpg\",\"contentUrl\":\"https:\/\/www.sonoraenequipo.com.mx\/storage\/2019\/01\/claudiapavlovich-sono_opt.jpg\",\"width\":639,\"height\":323},{\"@type\":\"BreadcrumbList\",\"@id\":\"https:\/\/www.sonoraenequipo.com.mx\/confia-gobernadora-que-en-sonora-no-haya-falta-de-suministro-de-gasolina\/#breadcrumb\",\"itemListElement\":[{\"@type\":\"ListItem\",\"position\":1,\"name\":\"Portada\",\"item\":\"https:\/\/www.sonoraenequipo.com.mx\/\"},{\"@type\":\"ListItem\",\"position\":2,\"name\":\"Conf\u00eda Gobernadora que en Sonora no haya falta de suministro de gasolina\"}]},{\"@type\":\"WebSite\",\"@id\":\"https:\/\/www.sonoraenequipo.com.mx\/#website\",\"url\":\"https:\/\/www.sonoraenequipo.com.mx\/\",\"name\":\"Sonora en Equipo.\",\"description\":\"Diario en l\u00ednea con Noticias desde Hermosillo, Sonora\",\"publisher\":{\"@id\":\"https:\/\/www.sonoraenequipo.com.mx\/#organization\"},\"potentialAction\":[{\"@type\":\"SearchAction\",\"target\":{\"@type\":\"EntryPoint\",\"urlTemplate\":\"https:\/\/www.sonoraenequipo.com.mx\/?s={search_term_string}\"},\"query-input\":{\"@type\":\"PropertyValueSpecification\",\"valueRequired\":true,\"valueName\":\"search_term_string\"}}],\"inLanguage\":\"es\"},{\"@type\":\"Organization\",\"@id\":\"https:\/\/www.sonoraenequipo.com.mx\/#organization\",\"name\":\"Sonoraenequipo.com.mx\",\"url\":\"https:\/\/www.sonoraenequipo.com.mx\/\",\"logo\":{\"@type\":\"ImageObject\",\"inLanguage\":\"es\",\"@id\":\"https:\/\/www.sonoraenequipo.com.mx\/#\/schema\/logo\/image\/\",\"url\":\"https:\/\/www.sonoraenequipo.com.mx\/storage\/2019\/01\/sonoraenequipo_opt.png\",\"contentUrl\":\"https:\/\/www.sonoraenequipo.com.mx\/storage\/2019\/01\/sonoraenequipo_opt.png\",\"width\":375,\"height\":125,\"caption\":\"Sonoraenequipo.com.mx\"},\"image\":{\"@id\":\"https:\/\/www.sonoraenequipo.com.mx\/#\/schema\/logo\/image\/\"},\"sameAs\":[\"https:\/\/www.facebook.com\/SonoraEE\/\",\"https:\/\/x.com\/sonoraenequipo\",\"https:\/\/www.youtube.com\/channel\/UC338nW-lPEYmJQs4ZABQ1SQ\"]},{\"@type\":\"Person\",\"@id\":\"https:\/\/www.sonoraenequipo.com.mx\/#\/schema\/person\/50102df0fb23a8fa9e8effad8fa81386\",\"name\":\"enequipo\",\"image\":{\"@type\":\"ImageObject\",\"inLanguage\":\"es\",\"@id\":\"https:\/\/www.sonoraenequipo.com.mx\/#\/schema\/person\/image\/\",\"url\":\"https:\/\/secure.gravatar.com\/avatar\/049821681b589dabc0bc20695993ccebb09f5b5d4d790cd9251b97faac7c652b?s=96&d=blank&r=g\",\"contentUrl\":\"https:\/\/secure.gravatar.com\/avatar\/049821681b589dabc0bc20695993ccebb09f5b5d4d790cd9251b97faac7c652b?s=96&d=blank&r=g\",\"caption\":\"enequipo\"},\"sameAs\":[\"https:\/\/www.facebook.com\/SonoraEE\"]}]}<\/script>\n ","yoast_head_json":{"title":"Sonora en Equipo. Conf\u00eda Gobernadora que en Sonora no haya falta de suministro de gasolina Sonora","description":"HERMOSILLO, SONORA. MX. \u2014 La gobernadora del estado, Claudia Pavlovich Arellano, confi\u00f3 en que en Sonora no haya falta de suministro de gasolina. Explic\u00f3 En Sonora en Equipo publicamos toda la informaci\u00f3n de Sonora, M\u00e9xico y el Mundo de manera oportuna y busca que la libertad de expresi\u00f3n sea real. Visita nuestro medio informativo publicado desde Hermosillo, Sonora. %","robots":{"index":"index","follow":"follow","max-snippet":"max-snippet:-1","max-image-preview":"max-image-preview:large","max-video-preview":"max-video-preview:-1"},"canonical":"https:\/\/www.sonoraenequipo.com.mx\/confia-gobernadora-que-en-sonora-no-haya-falta-de-suministro-de-gasolina\/","og_locale":"es_ES","og_type":"article","og_title":"Sonora en Equipo. Conf\u00eda Gobernadora que en Sonora no haya falta de suministro de gasolina Sonora","og_description":"HERMOSILLO, SONORA. MX. \u2014 La gobernadora del estado, Claudia Pavlovich Arellano, confi\u00f3 en que en Sonora no haya falta de suministro de gasolina. Explic\u00f3 En Sonora en Equipo publicamos toda la informaci\u00f3n de Sonora, M\u00e9xico y el Mundo de manera oportuna y busca que la libertad de expresi\u00f3n sea real. Visita nuestro medio informativo publicado desde Hermosillo, Sonora. %","og_url":"https:\/\/www.sonoraenequipo.com.mx\/confia-gobernadora-que-en-sonora-no-haya-falta-de-suministro-de-gasolina\/","og_site_name":"Sonora en Equipo.","article_publisher":"https:\/\/www.facebook.com\/SonoraEE\/","article_author":"https:\/\/www.facebook.com\/SonoraEE","article_published_time":"2019-01-10T01:36:43+00:00","og_image":[{"width":639,"height":323,"url":"https:\/\/www.sonoraenequipo.com.mx\/storage\/2019\/01\/claudiapavlovich-sono_opt.jpg","type":"image\/jpeg"}],"author":"enequipo","twitter_card":"summary_large_image","twitter_creator":"@sonoraenequipo","twitter_site":"@sonoraenequipo","twitter_misc":{"Escrito por":"enequipo","Tiempo de lectura":"1 minuto"},"schema":{"@context":"https:\/\/schema.org","@graph":[{"@type":"Article","@id":"https:\/\/www.sonoraenequipo.com.mx\/confia-gobernadora-que-en-sonora-no-haya-falta-de-suministro-de-gasolina\/#article","isPartOf":{"@id":"https:\/\/www.sonoraenequipo.com.mx\/confia-gobernadora-que-en-sonora-no-haya-falta-de-suministro-de-gasolina\/"},"author":{"name":"enequipo","@id":"https:\/\/www.sonoraenequipo.com.mx\/#\/schema\/person\/50102df0fb23a8fa9e8effad8fa81386"},"headline":"Conf\u00eda Gobernadora que en Sonora no haya falta de suministro de gasolina","datePublished":"2019-01-10T01:36:43+00:00","mainEntityOfPage":{"@id":"https:\/\/www.sonoraenequipo.com.mx\/confia-gobernadora-que-en-sonora-no-haya-falta-de-suministro-de-gasolina\/"},"wordCount":226,"commentCount":0,"publisher":{"@id":"https:\/\/www.sonoraenequipo.com.mx\/#organization"},"image":{"@id":"https:\/\/www.sonoraenequipo.com.mx\/confia-gobernadora-que-en-sonora-no-haya-falta-de-suministro-de-gasolina\/#primaryimage"},"thumbnailUrl":"https:\/\/www.sonoraenequipo.com.mx\/storage\/2019\/01\/claudiapavlovich-sono_opt.jpg","articleSection":["Sonora"],"inLanguage":"es","potentialAction":[{"@type":"CommentAction","name":"Comment","target":["https:\/\/www.sonoraenequipo.com.mx\/confia-gobernadora-que-en-sonora-no-haya-falta-de-suministro-de-gasolina\/#respond"]}]},{"@type":"WebPage","@id":"https:\/\/www.sonoraenequipo.com.mx\/confia-gobernadora-que-en-sonora-no-haya-falta-de-suministro-de-gasolina\/","url":"https:\/\/www.sonoraenequipo.com.mx\/confia-gobernadora-que-en-sonora-no-haya-falta-de-suministro-de-gasolina\/","name":"Sonora en Equipo. Conf\u00eda Gobernadora que en Sonora no haya falta de suministro de gasolina Sonora","isPartOf":{"@id":"https:\/\/www.sonoraenequipo.com.mx\/#website"},"primaryImageOfPage":{"@id":"https:\/\/www.sonoraenequipo.com.mx\/confia-gobernadora-que-en-sonora-no-haya-falta-de-suministro-de-gasolina\/#primaryimage"},"image":{"@id":"https:\/\/www.sonoraenequipo.com.mx\/confia-gobernadora-que-en-sonora-no-haya-falta-de-suministro-de-gasolina\/#primaryimage"},"thumbnailUrl":"https:\/\/www.sonoraenequipo.com.mx\/storage\/2019\/01\/claudiapavlovich-sono_opt.jpg","datePublished":"2019-01-10T01:36:43+00:00","description":"HERMOSILLO, SONORA. MX. \u2014 La gobernadora del estado, Claudia Pavlovich Arellano, confi\u00f3 en que en Sonora no haya falta de suministro de gasolina. Explic\u00f3 En Sonora en Equipo publicamos toda la informaci\u00f3n de Sonora, M\u00e9xico y el Mundo de manera oportuna y busca que la libertad de expresi\u00f3n sea real. Visita nuestro medio informativo publicado desde Hermosillo, Sonora. %","breadcrumb":{"@id":"https:\/\/www.sonoraenequipo.com.mx\/confia-gobernadora-que-en-sonora-no-haya-falta-de-suministro-de-gasolina\/#breadcrumb"},"inLanguage":"es","potentialAction":[{"@type":"ReadAction","target":["https:\/\/www.sonoraenequipo.com.mx\/confia-gobernadora-que-en-sonora-no-haya-falta-de-suministro-de-gasolina\/"]}]},{"@type":"ImageObject","inLanguage":"es","@id":"https:\/\/www.sonoraenequipo.com.mx\/confia-gobernadora-que-en-sonora-no-haya-falta-de-suministro-de-gasolina\/#primaryimage","url":"https:\/\/www.sonoraenequipo.com.mx\/storage\/2019\/01\/claudiapavlovich-sono_opt.jpg","contentUrl":"https:\/\/www.sonoraenequipo.com.mx\/storage\/2019\/01\/claudiapavlovich-sono_opt.jpg","width":639,"height":323},{"@type":"BreadcrumbList","@id":"https:\/\/www.sonoraenequipo.com.mx\/confia-gobernadora-que-en-sonora-no-haya-falta-de-suministro-de-gasolina\/#breadcrumb","itemListElement":[{"@type":"ListItem","position":1,"name":"Portada","item":"https:\/\/www.sonoraenequipo.com.mx\/"},{"@type":"ListItem","position":2,"name":"Conf\u00eda Gobernadora que en Sonora no haya falta de suministro de gasolina"}]},{"@type":"WebSite","@id":"https:\/\/www.sonoraenequipo.com.mx\/#website","url":"https:\/\/www.sonoraenequipo.com.mx\/","name":"Sonora en Equipo.","description":"Diario en l\u00ednea con Noticias desde Hermosillo, Sonora","publisher":{"@id":"https:\/\/www.sonoraenequipo.com.mx\/#organization"},"potentialAction":[{"@type":"SearchAction","target":{"@type":"EntryPoint","urlTemplate":"https:\/\/www.sonoraenequipo.com.mx\/?s={search_term_string}"},"query-input":{"@type":"PropertyValueSpecification","valueRequired":true,"valueName":"search_term_string"}}],"inLanguage":"es"},{"@type":"Organization","@id":"https:\/\/www.sonoraenequipo.com.mx\/#organization","name":"Sonoraenequipo.com.mx","url":"https:\/\/www.sonoraenequipo.com.mx\/","logo":{"@type":"ImageObject","inLanguage":"es","@id":"https:\/\/www.sonoraenequipo.com.mx\/#\/schema\/logo\/image\/","url":"https:\/\/www.sonoraenequipo.com.mx\/storage\/2019\/01\/sonoraenequipo_opt.png","contentUrl":"https:\/\/www.sonoraenequipo.com.mx\/storage\/2019\/01\/sonoraenequipo_opt.png","width":375,"height":125,"caption":"Sonoraenequipo.com.mx"},"image":{"@id":"https:\/\/www.sonoraenequipo.com.mx\/#\/schema\/logo\/image\/"},"sameAs":["https:\/\/www.facebook.com\/SonoraEE\/","https:\/\/x.com\/sonoraenequipo","https:\/\/www.youtube.com\/channel\/UC338nW-lPEYmJQs4ZABQ1SQ"]},{"@type":"Person","@id":"https:\/\/www.sonoraenequipo.com.mx\/#\/schema\/person\/50102df0fb23a8fa9e8effad8fa81386","name":"enequipo","image":{"@type":"ImageObject","inLanguage":"es","@id":"https:\/\/www.sonoraenequipo.com.mx\/#\/schema\/person\/image\/","url":"https:\/\/secure.gravatar.com\/avatar\/049821681b589dabc0bc20695993ccebb09f5b5d4d790cd9251b97faac7c652b?s=96&d=blank&r=g","contentUrl":"https:\/\/secure.gravatar.com\/avatar\/049821681b589dabc0bc20695993ccebb09f5b5d4d790cd9251b97faac7c652b?s=96&d=blank&r=g","caption":"enequipo"},"sameAs":["https:\/\/www.facebook.com\/SonoraEE"]}]}},"jetpack_featured_media_url":"https:\/\/www.sonoraenequipo.com.mx\/storage\/2019\/01\/claudiapavlovich-sono_opt.jpg","_links":{"self":[{"href":"https:\/\/www.sonoraenequipo.com.mx\/api\/wp\/v2\/posts\/52033","targetHints":{"allow":["GET"]}}],"collection":[{"href":"https:\/\/www.sonoraenequipo.com.mx\/api\/wp\/v2\/posts"}],"about":[{"href":"https:\/\/www.sonoraenequipo.com.mx\/api\/wp\/v2\/types\/post"}],"author":[{"embeddable":true,"href":"https:\/\/www.sonoraenequipo.com.mx\/api\/wp\/v2\/users\/1"}],"replies":[{"embeddable":true,"href":"https:\/\/www.sonoraenequipo.com.mx\/api\/wp\/v2\/comments?post=52033"}],"version-history":[{"count":0,"href":"https:\/\/www.sonoraenequipo.com.mx\/api\/wp\/v2\/posts\/52033\/revisions"}],"wp:featuredmedia":[{"embeddable":true,"href":"https:\/\/www.sonoraenequipo.com.mx\/api\/wp\/v2\/media\/52034"}],"wp:attachment":[{"href":"https:\/\/www.sonoraenequipo.com.mx\/api\/wp\/v2\/media?parent=52033"}],"wp:term":[{"taxonomy":"category","embeddable":true,"href":"https:\/\/www.sonoraenequipo.com.mx\/api\/wp\/v2\/categories?post=52033"},{"taxonomy":"post_tag","embeddable":true,"href":"https:\/\/www.sonoraenequipo.com.mx\/api\/wp\/v2\/tags?post=52033"}],"curies":[{"name":"wp","href":"https:\/\/api.w.org\/{rel}","templated":true}]}}