{"id":52043,"date":"2019-01-09T16:30:07","date_gmt":"2019-01-09T23:30:07","guid":{"rendered":"http:\/\/www.sonoraenequipo.com.mx\/?p=52043"},"modified":"2019-01-09T18:44:19","modified_gmt":"2019-01-10T01:44:19","slug":"impulsan-trabajadores-de-sonora-la-grandeza-del-estado","status":"publish","type":"post","link":"https:\/\/www.sonoraenequipo.com.mx\/impulsan-trabajadores-de-sonora-la-grandeza-del-estado\/","title":{"rendered":"Impulsan trabajadores de Sonora la grandeza del estado"},"content":{"rendered":"<p>HERMOSILLO, SONORA. MX. \u2014 En tres a\u00f1os en Sonora se han creado m\u00e1s y mejores nuevos empleos, gracias a la mano de obra calificada de los trabajadores, y a la confianza que ha generado el estado para los inversionistas, destac\u00f3 la gobernadora Claudia Pavlovich Arellano en la Reuni\u00f3n Estatal de Comisiones Revisoras de Contratos Colectivos de Trabajo 2019 impulsado por la CTM en Sonora. <\/p>\n<p>Ante representantes sindicales y de c\u00e1maras empresariales la gobernadora Pavlovich se\u00f1al\u00f3 que capacitar a las y los trabajadores es la mejor manera de afrontar los problemas, ya que se generan mejores condiciones para ellos y para el crecimiento de la entidad.<\/p>\n<p><em>\u201cEs as\u00ed, con capacitaci\u00f3n, es as\u00ed, con esfuerzo, con herramientas que les demos a nuestros trabajadores, para que realmente nosotros podamos ser competitivos, en Sonora hemos luchado mucho por crear fuentes de empleo, porque es la \u00fanica manera realmente de erradicar la pobreza, crear una fuente de empleo bien remunerada, con prestaciones, pero tambi\u00e9n tenemos que apoyar al sector privado\u201d<\/em>, indic\u00f3.<\/p>\n<p>La gobernadora Pavlovich llam\u00f3 a representantes de los trabajadores y al sector empresarial a continuar trabajando conjuntamente para impulsar la grandeza de Sonora, y que m\u00e1s empresas se establezcan en la entidad.<\/p>\n<p>Javier Villarreal G\u00e1mez, secretario general de la CTM en Sonora, reconoci\u00f3 que el trabajo de la gobernadora Pavlovich, ha generado un clima de di\u00e1logo, estabilidad y entendimiento entre los trabajadores y el sector productivo.<\/p>\n<p><em>\u201cQuiero reconocer ampliamente el esfuerzo que la gobernadora Claudia Pavlovich hace todos los d\u00edas, mantener un estado de Sonora en condiciones de di\u00e1logo, de equilibrio, no es algo f\u00e1cil, no es algo sencillo, implica mucho di\u00e1logo y mucho esfuerzo, en todos estos nuevos retos que requieren nuevas estrategias, quiero decirles a nombre de todos los cetemistas de Sonora a nuestra gobernadora, que cuenta con los cetemistas y estamos muy orgullosos que est\u00e9 usted en su casa\u201d<\/em>, se\u00f1al\u00f3.<\/p>\n<p>Gabriel Zepeda V\u00e1zquez, presidente de Canacintra Hermosillo, dijo que con este tipo de foros buscan la participaci\u00f3n de todos los sectores productivos para aportar al crecimiento y competitividad de Sonora.<\/p>\n<p><em>\u201cNosotros buscamos impulsar, promover, y vincular a todos los sectores productivos y de servicios, estos foros nos permiten que las voces se escuchen, y que todas las instituciones entendamos cu\u00e1l es nuestra labor para buscar ser competitivos todos los d\u00edas\u201d,<\/em> coment\u00f3.<\/p>\n<p>La gobernadora Pavlovich realiz\u00f3 un recorrido por las instalaciones de la CTM, donde se imparte la Licenciatura en Gesti\u00f3n Social del Trabajo y actualmente se capacita a 35 l\u00edderes sindicales de toda la entidad en materia laboral.<\/p>\n<p>Presentes: Jorge Vidal Ahumada, secretario de Econom\u00eda; Horacio Valenzuela Ibarra, secretario del Trabajo; Francisco Boj\u00f3rquez Mungaray, l\u00edder moral de la CTM en Sonora; Rosa Icela Mart\u00ednez Espinoza; presidenta de la mesa directiva en el Congreso del Estado; Jos\u00e9 Aurelio Flores Garc\u00eda, secretario general de la CTM en Hermosillo; y Oscar Ort\u00edz Arvayo, secretario de Organizaci\u00f3n y Estad\u00edstica de CTM en Sonora.<\/p>\n<p>(FECHA DE PUBLICACI\u00d3N.09\/01\/2019 \/\/<\/p>\n","protected":false},"excerpt":{"rendered":"<p>HERMOSILLO, SONORA. MX. \u2014 En tres a\u00f1os en Sonora se han creado m\u00e1s y mejores&#8230;<\/p>\n","protected":false},"author":1,"featured_media":52035,"comment_status":"open","ping_status":"open","sticky":false,"template":"","format":"standard","meta":{"_monsterinsights_skip_tracking":false,"_monsterinsights_sitenote_active":false,"_monsterinsights_sitenote_note":"","_monsterinsights_sitenote_category":0,"footnotes":""},"categories":[5],"tags":[],"class_list":["post"],"yoast_head":" \n<title>Sonora en Equipo. Impulsan trabajadores de Sonora la grandeza del estado Rep\u00fablica<\/title>\n<meta name=\"description\" content=\"HERMOSILLO, SONORA. MX. \u2014 En tres a\u00f1os en Sonora se han creado m\u00e1s y mejores nuevos empleos, gracias a la mano de obra calificada de los trabajadores, y a En Sonora en Equipo publicamos toda la informaci\u00f3n de Sonora, M\u00e9xico y el Mundo de manera oportuna y busca que la libertad de expresi\u00f3n sea real. Visita nuestro medio informativo publicado desde Hermosillo, Sonora. %\" \/>\n<meta name=\"robots\" content=\"index, follow, max-snippet:-1, max-image-preview:large, max-video-preview:-1\" \/>\n<link rel=\"canonical\" href=\"https:\/\/www.sonoraenequipo.com.mx\/impulsan-trabajadores-de-sonora-la-grandeza-del-estado\/\" \/>\n<meta property=\"og:locale\" content=\"es_ES\" \/>\n<meta property=\"og:type\" content=\"article\" \/>\n<meta property=\"og:title\" content=\"Sonora en Equipo. Impulsan trabajadores de Sonora la grandeza del estado Rep\u00fablica\" \/>\n<meta property=\"og:description\" content=\"HERMOSILLO, SONORA. MX. \u2014 En tres a\u00f1os en Sonora se han creado m\u00e1s y mejores nuevos empleos, gracias a la mano de obra calificada de los trabajadores, y a En Sonora en Equipo publicamos toda la informaci\u00f3n de Sonora, M\u00e9xico y el Mundo de manera oportuna y busca que la libertad de expresi\u00f3n sea real. Visita nuestro medio informativo publicado desde Hermosillo, Sonora. %\" \/>\n<meta property=\"og:url\" content=\"https:\/\/www.sonoraenequipo.com.mx\/impulsan-trabajadores-de-sonora-la-grandeza-del-estado\/\" \/>\n<meta property=\"og:site_name\" content=\"Sonora en Equipo.\" \/>\n<meta property=\"article:publisher\" content=\"https:\/\/www.facebook.com\/SonoraEE\/\" \/>\n<meta property=\"article:author\" content=\"https:\/\/www.facebook.com\/SonoraEE\" \/>\n<meta property=\"article:published_time\" content=\"2019-01-09T23:30:07+00:00\" \/>\n<meta property=\"article:modified_time\" content=\"2019-01-10T01:44:19+00:00\" \/>\n<meta property=\"og:image\" content=\"https:\/\/www.sonoraenequipo.com.mx\/storage\/2019\/01\/trabajadoresdesonora_opt.jpg\" \/>\n\t<meta property=\"og:image:width\" content=\"600\" \/>\n\t<meta property=\"og:image:height\" content=\"400\" \/>\n\t<meta property=\"og:image:type\" content=\"image\/jpeg\" \/>\n<meta name=\"author\" content=\"enequipo\" \/>\n<meta name=\"twitter:card\" content=\"summary_large_image\" \/>\n<meta name=\"twitter:creator\" content=\"@sonoraenequipo\" \/>\n<meta name=\"twitter:site\" content=\"@sonoraenequipo\" \/>\n<meta name=\"twitter:label1\" content=\"Escrito por\" \/>\n\t<meta name=\"twitter:data1\" content=\"enequipo\" \/>\n\t<meta name=\"twitter:label2\" content=\"Tiempo de lectura\" \/>\n\t<meta name=\"twitter:data2\" content=\"3 minutos\" \/>\n<script type=\"application\/ld+json\" class=\"yoast-schema-graph\">{\"@context\":\"https:\/\/schema.org\",\"@graph\":[{\"@type\":\"Article\",\"@id\":\"https:\/\/www.sonoraenequipo.com.mx\/impulsan-trabajadores-de-sonora-la-grandeza-del-estado\/#article\",\"isPartOf\":{\"@id\":\"https:\/\/www.sonoraenequipo.com.mx\/impulsan-trabajadores-de-sonora-la-grandeza-del-estado\/\"},\"author\":{\"name\":\"enequipo\",\"@id\":\"https:\/\/www.sonoraenequipo.com.mx\/#\/schema\/person\/50102df0fb23a8fa9e8effad8fa81386\"},\"headline\":\"Impulsan trabajadores de Sonora la grandeza del estado\",\"datePublished\":\"2019-01-09T23:30:07+00:00\",\"dateModified\":\"2019-01-10T01:44:19+00:00\",\"mainEntityOfPage\":{\"@id\":\"https:\/\/www.sonoraenequipo.com.mx\/impulsan-trabajadores-de-sonora-la-grandeza-del-estado\/\"},\"wordCount\":516,\"commentCount\":0,\"publisher\":{\"@id\":\"https:\/\/www.sonoraenequipo.com.mx\/#organization\"},\"image\":{\"@id\":\"https:\/\/www.sonoraenequipo.com.mx\/impulsan-trabajadores-de-sonora-la-grandeza-del-estado\/#primaryimage\"},\"thumbnailUrl\":\"https:\/\/www.sonoraenequipo.com.mx\/storage\/2019\/01\/trabajadoresdesonora_opt.jpg\",\"articleSection\":[\"Rep\u00fablica\"],\"inLanguage\":\"es\",\"potentialAction\":[{\"@type\":\"CommentAction\",\"name\":\"Comment\",\"target\":[\"https:\/\/www.sonoraenequipo.com.mx\/impulsan-trabajadores-de-sonora-la-grandeza-del-estado\/#respond\"]}]},{\"@type\":\"WebPage\",\"@id\":\"https:\/\/www.sonoraenequipo.com.mx\/impulsan-trabajadores-de-sonora-la-grandeza-del-estado\/\",\"url\":\"https:\/\/www.sonoraenequipo.com.mx\/impulsan-trabajadores-de-sonora-la-grandeza-del-estado\/\",\"name\":\"Sonora en Equipo. Impulsan trabajadores de Sonora la grandeza del estado Rep\u00fablica\",\"isPartOf\":{\"@id\":\"https:\/\/www.sonoraenequipo.com.mx\/#website\"},\"primaryImageOfPage\":{\"@id\":\"https:\/\/www.sonoraenequipo.com.mx\/impulsan-trabajadores-de-sonora-la-grandeza-del-estado\/#primaryimage\"},\"image\":{\"@id\":\"https:\/\/www.sonoraenequipo.com.mx\/impulsan-trabajadores-de-sonora-la-grandeza-del-estado\/#primaryimage\"},\"thumbnailUrl\":\"https:\/\/www.sonoraenequipo.com.mx\/storage\/2019\/01\/trabajadoresdesonora_opt.jpg\",\"datePublished\":\"2019-01-09T23:30:07+00:00\",\"dateModified\":\"2019-01-10T01:44:19+00:00\",\"description\":\"HERMOSILLO, SONORA. MX. \u2014 En tres a\u00f1os en Sonora se han creado m\u00e1s y mejores nuevos empleos, gracias a la mano de obra calificada de los trabajadores, y a En Sonora en Equipo publicamos toda la informaci\u00f3n de Sonora, M\u00e9xico y el Mundo de manera oportuna y busca que la libertad de expresi\u00f3n sea real. Visita nuestro medio informativo publicado desde Hermosillo, Sonora. %\",\"breadcrumb\":{\"@id\":\"https:\/\/www.sonoraenequipo.com.mx\/impulsan-trabajadores-de-sonora-la-grandeza-del-estado\/#breadcrumb\"},\"inLanguage\":\"es\",\"potentialAction\":[{\"@type\":\"ReadAction\",\"target\":[\"https:\/\/www.sonoraenequipo.com.mx\/impulsan-trabajadores-de-sonora-la-grandeza-del-estado\/\"]}]},{\"@type\":\"ImageObject\",\"inLanguage\":\"es\",\"@id\":\"https:\/\/www.sonoraenequipo.com.mx\/impulsan-trabajadores-de-sonora-la-grandeza-del-estado\/#primaryimage\",\"url\":\"https:\/\/www.sonoraenequipo.com.mx\/storage\/2019\/01\/trabajadoresdesonora_opt.jpg\",\"contentUrl\":\"https:\/\/www.sonoraenequipo.com.mx\/storage\/2019\/01\/trabajadoresdesonora_opt.jpg\",\"width\":600,\"height\":400},{\"@type\":\"BreadcrumbList\",\"@id\":\"https:\/\/www.sonoraenequipo.com.mx\/impulsan-trabajadores-de-sonora-la-grandeza-del-estado\/#breadcrumb\",\"itemListElement\":[{\"@type\":\"ListItem\",\"position\":1,\"name\":\"Portada\",\"item\":\"https:\/\/www.sonoraenequipo.com.mx\/\"},{\"@type\":\"ListItem\",\"position\":2,\"name\":\"Impulsan trabajadores de Sonora la grandeza del estado\"}]},{\"@type\":\"WebSite\",\"@id\":\"https:\/\/www.sonoraenequipo.com.mx\/#website\",\"url\":\"https:\/\/www.sonoraenequipo.com.mx\/\",\"name\":\"Sonora en Equipo.\",\"description\":\"Diario en l\u00ednea con Noticias desde Hermosillo, Sonora\",\"publisher\":{\"@id\":\"https:\/\/www.sonoraenequipo.com.mx\/#organization\"},\"potentialAction\":[{\"@type\":\"SearchAction\",\"target\":{\"@type\":\"EntryPoint\",\"urlTemplate\":\"https:\/\/www.sonoraenequipo.com.mx\/?s={search_term_string}\"},\"query-input\":{\"@type\":\"PropertyValueSpecification\",\"valueRequired\":true,\"valueName\":\"search_term_string\"}}],\"inLanguage\":\"es\"},{\"@type\":\"Organization\",\"@id\":\"https:\/\/www.sonoraenequipo.com.mx\/#organization\",\"name\":\"Sonoraenequipo.com.mx\",\"url\":\"https:\/\/www.sonoraenequipo.com.mx\/\",\"logo\":{\"@type\":\"ImageObject\",\"inLanguage\":\"es\",\"@id\":\"https:\/\/www.sonoraenequipo.com.mx\/#\/schema\/logo\/image\/\",\"url\":\"https:\/\/www.sonoraenequipo.com.mx\/storage\/2019\/01\/sonoraenequipo_opt.png\",\"contentUrl\":\"https:\/\/www.sonoraenequipo.com.mx\/storage\/2019\/01\/sonoraenequipo_opt.png\",\"width\":375,\"height\":125,\"caption\":\"Sonoraenequipo.com.mx\"},\"image\":{\"@id\":\"https:\/\/www.sonoraenequipo.com.mx\/#\/schema\/logo\/image\/\"},\"sameAs\":[\"https:\/\/www.facebook.com\/SonoraEE\/\",\"https:\/\/x.com\/sonoraenequipo\",\"https:\/\/www.youtube.com\/channel\/UC338nW-lPEYmJQs4ZABQ1SQ\"]},{\"@type\":\"Person\",\"@id\":\"https:\/\/www.sonoraenequipo.com.mx\/#\/schema\/person\/50102df0fb23a8fa9e8effad8fa81386\",\"name\":\"enequipo\",\"image\":{\"@type\":\"ImageObject\",\"inLanguage\":\"es\",\"@id\":\"https:\/\/www.sonoraenequipo.com.mx\/#\/schema\/person\/image\/\",\"url\":\"https:\/\/secure.gravatar.com\/avatar\/049821681b589dabc0bc20695993ccebb09f5b5d4d790cd9251b97faac7c652b?s=96&d=blank&r=g\",\"contentUrl\":\"https:\/\/secure.gravatar.com\/avatar\/049821681b589dabc0bc20695993ccebb09f5b5d4d790cd9251b97faac7c652b?s=96&d=blank&r=g\",\"caption\":\"enequipo\"},\"sameAs\":[\"https:\/\/www.facebook.com\/SonoraEE\"]}]}<\/script>\n ","yoast_head_json":{"title":"Sonora en Equipo. Impulsan trabajadores de Sonora la grandeza del estado Rep\u00fablica","description":"HERMOSILLO, SONORA. MX. \u2014 En tres a\u00f1os en Sonora se han creado m\u00e1s y mejores nuevos empleos, gracias a la mano de obra calificada de los trabajadores, y a En Sonora en Equipo publicamos toda la informaci\u00f3n de Sonora, M\u00e9xico y el Mundo de manera oportuna y busca que la libertad de expresi\u00f3n sea real. Visita nuestro medio informativo publicado desde Hermosillo, Sonora. %","robots":{"index":"index","follow":"follow","max-snippet":"max-snippet:-1","max-image-preview":"max-image-preview:large","max-video-preview":"max-video-preview:-1"},"canonical":"https:\/\/www.sonoraenequipo.com.mx\/impulsan-trabajadores-de-sonora-la-grandeza-del-estado\/","og_locale":"es_ES","og_type":"article","og_title":"Sonora en Equipo. Impulsan trabajadores de Sonora la grandeza del estado Rep\u00fablica","og_description":"HERMOSILLO, SONORA. MX. \u2014 En tres a\u00f1os en Sonora se han creado m\u00e1s y mejores nuevos empleos, gracias a la mano de obra calificada de los trabajadores, y a En Sonora en Equipo publicamos toda la informaci\u00f3n de Sonora, M\u00e9xico y el Mundo de manera oportuna y busca que la libertad de expresi\u00f3n sea real. Visita nuestro medio informativo publicado desde Hermosillo, Sonora. %","og_url":"https:\/\/www.sonoraenequipo.com.mx\/impulsan-trabajadores-de-sonora-la-grandeza-del-estado\/","og_site_name":"Sonora en Equipo.","article_publisher":"https:\/\/www.facebook.com\/SonoraEE\/","article_author":"https:\/\/www.facebook.com\/SonoraEE","article_published_time":"2019-01-09T23:30:07+00:00","article_modified_time":"2019-01-10T01:44:19+00:00","og_image":[{"width":600,"height":400,"url":"https:\/\/www.sonoraenequipo.com.mx\/storage\/2019\/01\/trabajadoresdesonora_opt.jpg","type":"image\/jpeg"}],"author":"enequipo","twitter_card":"summary_large_image","twitter_creator":"@sonoraenequipo","twitter_site":"@sonoraenequipo","twitter_misc":{"Escrito por":"enequipo","Tiempo de lectura":"3 minutos"},"schema":{"@context":"https:\/\/schema.org","@graph":[{"@type":"Article","@id":"https:\/\/www.sonoraenequipo.com.mx\/impulsan-trabajadores-de-sonora-la-grandeza-del-estado\/#article","isPartOf":{"@id":"https:\/\/www.sonoraenequipo.com.mx\/impulsan-trabajadores-de-sonora-la-grandeza-del-estado\/"},"author":{"name":"enequipo","@id":"https:\/\/www.sonoraenequipo.com.mx\/#\/schema\/person\/50102df0fb23a8fa9e8effad8fa81386"},"headline":"Impulsan trabajadores de Sonora la grandeza del estado","datePublished":"2019-01-09T23:30:07+00:00","dateModified":"2019-01-10T01:44:19+00:00","mainEntityOfPage":{"@id":"https:\/\/www.sonoraenequipo.com.mx\/impulsan-trabajadores-de-sonora-la-grandeza-del-estado\/"},"wordCount":516,"commentCount":0,"publisher":{"@id":"https:\/\/www.sonoraenequipo.com.mx\/#organization"},"image":{"@id":"https:\/\/www.sonoraenequipo.com.mx\/impulsan-trabajadores-de-sonora-la-grandeza-del-estado\/#primaryimage"},"thumbnailUrl":"https:\/\/www.sonoraenequipo.com.mx\/storage\/2019\/01\/trabajadoresdesonora_opt.jpg","articleSection":["Rep\u00fablica"],"inLanguage":"es","potentialAction":[{"@type":"CommentAction","name":"Comment","target":["https:\/\/www.sonoraenequipo.com.mx\/impulsan-trabajadores-de-sonora-la-grandeza-del-estado\/#respond"]}]},{"@type":"WebPage","@id":"https:\/\/www.sonoraenequipo.com.mx\/impulsan-trabajadores-de-sonora-la-grandeza-del-estado\/","url":"https:\/\/www.sonoraenequipo.com.mx\/impulsan-trabajadores-de-sonora-la-grandeza-del-estado\/","name":"Sonora en Equipo. Impulsan trabajadores de Sonora la grandeza del estado Rep\u00fablica","isPartOf":{"@id":"https:\/\/www.sonoraenequipo.com.mx\/#website"},"primaryImageOfPage":{"@id":"https:\/\/www.sonoraenequipo.com.mx\/impulsan-trabajadores-de-sonora-la-grandeza-del-estado\/#primaryimage"},"image":{"@id":"https:\/\/www.sonoraenequipo.com.mx\/impulsan-trabajadores-de-sonora-la-grandeza-del-estado\/#primaryimage"},"thumbnailUrl":"https:\/\/www.sonoraenequipo.com.mx\/storage\/2019\/01\/trabajadoresdesonora_opt.jpg","datePublished":"2019-01-09T23:30:07+00:00","dateModified":"2019-01-10T01:44:19+00:00","description":"HERMOSILLO, SONORA. MX. \u2014 En tres a\u00f1os en Sonora se han creado m\u00e1s y mejores nuevos empleos, gracias a la mano de obra calificada de los trabajadores, y a En Sonora en Equipo publicamos toda la informaci\u00f3n de Sonora, M\u00e9xico y el Mundo de manera oportuna y busca que la libertad de expresi\u00f3n sea real. Visita nuestro medio informativo publicado desde Hermosillo, Sonora. %","breadcrumb":{"@id":"https:\/\/www.sonoraenequipo.com.mx\/impulsan-trabajadores-de-sonora-la-grandeza-del-estado\/#breadcrumb"},"inLanguage":"es","potentialAction":[{"@type":"ReadAction","target":["https:\/\/www.sonoraenequipo.com.mx\/impulsan-trabajadores-de-sonora-la-grandeza-del-estado\/"]}]},{"@type":"ImageObject","inLanguage":"es","@id":"https:\/\/www.sonoraenequipo.com.mx\/impulsan-trabajadores-de-sonora-la-grandeza-del-estado\/#primaryimage","url":"https:\/\/www.sonoraenequipo.com.mx\/storage\/2019\/01\/trabajadoresdesonora_opt.jpg","contentUrl":"https:\/\/www.sonoraenequipo.com.mx\/storage\/2019\/01\/trabajadoresdesonora_opt.jpg","width":600,"height":400},{"@type":"BreadcrumbList","@id":"https:\/\/www.sonoraenequipo.com.mx\/impulsan-trabajadores-de-sonora-la-grandeza-del-estado\/#breadcrumb","itemListElement":[{"@type":"ListItem","position":1,"name":"Portada","item":"https:\/\/www.sonoraenequipo.com.mx\/"},{"@type":"ListItem","position":2,"name":"Impulsan trabajadores de Sonora la grandeza del estado"}]},{"@type":"WebSite","@id":"https:\/\/www.sonoraenequipo.com.mx\/#website","url":"https:\/\/www.sonoraenequipo.com.mx\/","name":"Sonora en Equipo.","description":"Diario en l\u00ednea con Noticias desde Hermosillo, Sonora","publisher":{"@id":"https:\/\/www.sonoraenequipo.com.mx\/#organization"},"potentialAction":[{"@type":"SearchAction","target":{"@type":"EntryPoint","urlTemplate":"https:\/\/www.sonoraenequipo.com.mx\/?s={search_term_string}"},"query-input":{"@type":"PropertyValueSpecification","valueRequired":true,"valueName":"search_term_string"}}],"inLanguage":"es"},{"@type":"Organization","@id":"https:\/\/www.sonoraenequipo.com.mx\/#organization","name":"Sonoraenequipo.com.mx","url":"https:\/\/www.sonoraenequipo.com.mx\/","logo":{"@type":"ImageObject","inLanguage":"es","@id":"https:\/\/www.sonoraenequipo.com.mx\/#\/schema\/logo\/image\/","url":"https:\/\/www.sonoraenequipo.com.mx\/storage\/2019\/01\/sonoraenequipo_opt.png","contentUrl":"https:\/\/www.sonoraenequipo.com.mx\/storage\/2019\/01\/sonoraenequipo_opt.png","width":375,"height":125,"caption":"Sonoraenequipo.com.mx"},"image":{"@id":"https:\/\/www.sonoraenequipo.com.mx\/#\/schema\/logo\/image\/"},"sameAs":["https:\/\/www.facebook.com\/SonoraEE\/","https:\/\/x.com\/sonoraenequipo","https:\/\/www.youtube.com\/channel\/UC338nW-lPEYmJQs4ZABQ1SQ"]},{"@type":"Person","@id":"https:\/\/www.sonoraenequipo.com.mx\/#\/schema\/person\/50102df0fb23a8fa9e8effad8fa81386","name":"enequipo","image":{"@type":"ImageObject","inLanguage":"es","@id":"https:\/\/www.sonoraenequipo.com.mx\/#\/schema\/person\/image\/","url":"https:\/\/secure.gravatar.com\/avatar\/049821681b589dabc0bc20695993ccebb09f5b5d4d790cd9251b97faac7c652b?s=96&d=blank&r=g","contentUrl":"https:\/\/secure.gravatar.com\/avatar\/049821681b589dabc0bc20695993ccebb09f5b5d4d790cd9251b97faac7c652b?s=96&d=blank&r=g","caption":"enequipo"},"sameAs":["https:\/\/www.facebook.com\/SonoraEE"]}]}},"jetpack_featured_media_url":"https:\/\/www.sonoraenequipo.com.mx\/storage\/2019\/01\/trabajadoresdesonora_opt.jpg","_links":{"self":[{"href":"https:\/\/www.sonoraenequipo.com.mx\/api\/wp\/v2\/posts\/52043","targetHints":{"allow":["GET"]}}],"collection":[{"href":"https:\/\/www.sonoraenequipo.com.mx\/api\/wp\/v2\/posts"}],"about":[{"href":"https:\/\/www.sonoraenequipo.com.mx\/api\/wp\/v2\/types\/post"}],"author":[{"embeddable":true,"href":"https:\/\/www.sonoraenequipo.com.mx\/api\/wp\/v2\/users\/1"}],"replies":[{"embeddable":true,"href":"https:\/\/www.sonoraenequipo.com.mx\/api\/wp\/v2\/comments?post=52043"}],"version-history":[{"count":0,"href":"https:\/\/www.sonoraenequipo.com.mx\/api\/wp\/v2\/posts\/52043\/revisions"}],"wp:featuredmedia":[{"embeddable":true,"href":"https:\/\/www.sonoraenequipo.com.mx\/api\/wp\/v2\/media\/52035"}],"wp:attachment":[{"href":"https:\/\/www.sonoraenequipo.com.mx\/api\/wp\/v2\/media?parent=52043"}],"wp:term":[{"taxonomy":"category","embeddable":true,"href":"https:\/\/www.sonoraenequipo.com.mx\/api\/wp\/v2\/categories?post=52043"},{"taxonomy":"post_tag","embeddable":true,"href":"https:\/\/www.sonoraenequipo.com.mx\/api\/wp\/v2\/tags?post=52043"}],"curies":[{"name":"wp","href":"https:\/\/api.w.org\/{rel}","templated":true}]}}