{"id":52045,"date":"2019-01-09T17:25:55","date_gmt":"2019-01-10T00:25:55","guid":{"rendered":"http:\/\/www.sonoraenequipo.com.mx\/?p=52045"},"modified":"2019-01-09T18:49:13","modified_gmt":"2019-01-10T01:49:13","slug":"que-el-decreto-de-estimulos-fiscales-contemple-a-todos-los-municipios-de-las-entidades-fronterizas-sylvana-beltrones","status":"publish","type":"post","link":"https:\/\/www.sonoraenequipo.com.mx\/que-el-decreto-de-estimulos-fiscales-contemple-a-todos-los-municipios-de-las-entidades-fronterizas-sylvana-beltrones\/","title":{"rendered":"Que el decreto de est\u00edmulos fiscales contemple a todos los municipios de las entidades fronterizas: Sylvana Beltrones"},"content":{"rendered":"<p>CIUDAD DE M\u00c9XICO. MX. \u2014 La senadora Sylvana Beltrones S\u00e1nchez present\u00f3 punto de acuerdo en representaci\u00f3n del Grupo Parlamentario del PRI, en el que se solicita que el decreto de est\u00edmulos fiscales para la regi\u00f3n fronteriza no solo beneficie a los municipios de la franja, sino que considere a los estados fronterizos en su totalidad, agregando que es necesario que la SHCP explique los alcances y efectos de los beneficios fiscales. <\/p>\n<p>La senadora Beltrones detall\u00f3 en su exposici\u00f3n que el decreto contiene medidas que son discriminatorias al no tomar en consideraci\u00f3n un criterio justo y dejando fuera a otros municipios de la frontera que debieran de incluirse y adem\u00e1s no contempla con los beneficios estipulados en el decreto a municipios de la regi\u00f3n fronteriza del sur.<\/p>\n<p>Otra de las observaciones que formul\u00f3 la legisladora al presentar el punto de acuerdo fue en el sentido de que las medidas de establecer est\u00edmulos fiscales en el cobro de IVA e ISR, elimina de los beneficios a sectores importantes de la econom\u00eda, como es el sector primario de ganader\u00eda y pesca, as\u00ed como a las maquiladoras, las sociedades cooperativas de producci\u00f3n y la prestaci\u00f3n de servicios profesionales entre otros.<\/p>\n<p>Beltrones S\u00e1nchez explic\u00f3 que resulta importante puntualizar que el cr\u00e9dito fiscal que menciona el decreto no es una reducci\u00f3n al impuesto, por lo que favorecer\u00e1 a intermediarios, pero no al consumidor final, puntualizando que fue precisamente ese hecho lo que deton\u00f3 la re-homologaci\u00f3n del IVA en la administraci\u00f3n pasada, ya que no habr\u00e1 una reducci\u00f3n en los precios y s\u00f3lo incrementa el margen de las empresas.<\/p>\n<p>En nombre de los senadores del PRI argument\u00f3 que aun cuando se dice que el est\u00edmulo es para incentivar la inversi\u00f3n, generar empleos y traer nuevas empresas, se condiciona el otorgamiento solo a las empresas con una antig\u00fcedad m\u00ednima de 18 meses para ingresar al padr\u00f3n y que la inscripci\u00f3n al mismo ser\u00e1 en marzo de cada a\u00f1o, por lo que se elimina la posibilidad de que nuevas empresas se beneficien del est\u00edmulo<\/p>\n<p>El decreto tambi\u00e9n discrimina a empresas por buenas pr\u00e1cticas o por su contribuci\u00f3n al desarrollo econ\u00f3mico, ya que en el art\u00edculo tercero dice que se dar\u00e1 el est\u00edmulo de ISR a empresas siempre y cuando no gocen de otro est\u00edmulo fiscal, por ejemplo, los que da el SAT por contratar personas con discapacidad o adultos mayores; o los que se dan a empresas que realizan investigaci\u00f3n y desarrollo.<\/p>\n<p>Con el objeto de determinar efectivamente el contenido del decreto, solicit\u00f3 que el secretario de Hacienda y Cr\u00e9dito P\u00fablico, Carlos Urz\u00faa Mac\u00edas, explique los alcances del decreto, as\u00ed como la merma que esto pudiera causar en los ingresos de la federaci\u00f3n y sus efectos en el corto y mediano plazo.<\/p>\n<p>Para finalizar Sylvana Beltrones expres\u00f3 que el Grupo Parlamentario del PRI manifiesta su preocupaci\u00f3n en que las medidas tomadas se hicieron mediante un decreto emitido de manera unilateral y no mediante una decisi\u00f3n parlamentaria y democr\u00e1tica.<\/p>\n<p>(FECHA DE PUBLICACI\u00d3N.09\/01\/2019 \/\/<\/p>\n","protected":false},"excerpt":{"rendered":"<p>CIUDAD DE M\u00c9XICO. MX. \u2014 La senadora Sylvana Beltrones S\u00e1nchez present\u00f3 punto de acuerdo en&#8230;<\/p>\n","protected":false},"author":1,"featured_media":52037,"comment_status":"open","ping_status":"open","sticky":false,"template":"","format":"standard","meta":{"_monsterinsights_skip_tracking":false,"_monsterinsights_sitenote_active":false,"_monsterinsights_sitenote_note":"","_monsterinsights_sitenote_category":0,"footnotes":""},"categories":[5],"tags":[],"class_list":["post"],"yoast_head":" \n<title>Sonora en Equipo. Que el decreto de est\u00edmulos fiscales contemple a todos los municipios de las entidades fronterizas: Sylvana Beltrones Rep\u00fablica<\/title>\n<meta name=\"description\" content=\"CIUDAD DE M\u00c9XICO. MX. \u2014 La senadora Sylvana Beltrones S\u00e1nchez present\u00f3 punto de acuerdo en representaci\u00f3n del Grupo Parlamentario del PRI, en el que se En Sonora en Equipo publicamos toda la informaci\u00f3n de Sonora, M\u00e9xico y el Mundo de manera oportuna y busca que la libertad de expresi\u00f3n sea real. Visita nuestro medio informativo publicado desde Hermosillo, Sonora. %\" \/>\n<meta name=\"robots\" content=\"index, follow, max-snippet:-1, max-image-preview:large, max-video-preview:-1\" \/>\n<link rel=\"canonical\" href=\"https:\/\/www.sonoraenequipo.com.mx\/que-el-decreto-de-estimulos-fiscales-contemple-a-todos-los-municipios-de-las-entidades-fronterizas-sylvana-beltrones\/\" \/>\n<meta property=\"og:locale\" content=\"es_ES\" \/>\n<meta property=\"og:type\" content=\"article\" \/>\n<meta property=\"og:title\" content=\"Sonora en Equipo. Que el decreto de est\u00edmulos fiscales contemple a todos los municipios de las entidades fronterizas: Sylvana Beltrones Rep\u00fablica\" \/>\n<meta property=\"og:description\" content=\"CIUDAD DE M\u00c9XICO. MX. \u2014 La senadora Sylvana Beltrones S\u00e1nchez present\u00f3 punto de acuerdo en representaci\u00f3n del Grupo Parlamentario del PRI, en el que se En Sonora en Equipo publicamos toda la informaci\u00f3n de Sonora, M\u00e9xico y el Mundo de manera oportuna y busca que la libertad de expresi\u00f3n sea real. Visita nuestro medio informativo publicado desde Hermosillo, Sonora. %\" \/>\n<meta property=\"og:url\" content=\"https:\/\/www.sonoraenequipo.com.mx\/que-el-decreto-de-estimulos-fiscales-contemple-a-todos-los-municipios-de-las-entidades-fronterizas-sylvana-beltrones\/\" \/>\n<meta property=\"og:site_name\" content=\"Sonora en Equipo.\" \/>\n<meta property=\"article:publisher\" content=\"https:\/\/www.facebook.com\/SonoraEE\/\" \/>\n<meta property=\"article:author\" content=\"https:\/\/www.facebook.com\/SonoraEE\" \/>\n<meta property=\"article:published_time\" content=\"2019-01-10T00:25:55+00:00\" \/>\n<meta property=\"article:modified_time\" content=\"2019-01-10T01:49:13+00:00\" \/>\n<meta property=\"og:image\" content=\"https:\/\/www.sonoraenequipo.com.mx\/storage\/2019\/01\/sylvanabeltrones_opt6.jpg\" \/>\n\t<meta property=\"og:image:width\" content=\"500\" \/>\n\t<meta property=\"og:image:height\" content=\"310\" \/>\n\t<meta property=\"og:image:type\" content=\"image\/jpeg\" \/>\n<meta name=\"author\" content=\"enequipo\" \/>\n<meta name=\"twitter:card\" content=\"summary_large_image\" \/>\n<meta name=\"twitter:creator\" content=\"@sonoraenequipo\" \/>\n<meta name=\"twitter:site\" content=\"@sonoraenequipo\" \/>\n<meta name=\"twitter:label1\" content=\"Escrito por\" \/>\n\t<meta name=\"twitter:data1\" content=\"enequipo\" \/>\n\t<meta name=\"twitter:label2\" content=\"Tiempo de lectura\" \/>\n\t<meta name=\"twitter:data2\" content=\"3 minutos\" \/>\n<script type=\"application\/ld+json\" class=\"yoast-schema-graph\">{\"@context\":\"https:\/\/schema.org\",\"@graph\":[{\"@type\":\"Article\",\"@id\":\"https:\/\/www.sonoraenequipo.com.mx\/que-el-decreto-de-estimulos-fiscales-contemple-a-todos-los-municipios-de-las-entidades-fronterizas-sylvana-beltrones\/#article\",\"isPartOf\":{\"@id\":\"https:\/\/www.sonoraenequipo.com.mx\/que-el-decreto-de-estimulos-fiscales-contemple-a-todos-los-municipios-de-las-entidades-fronterizas-sylvana-beltrones\/\"},\"author\":{\"name\":\"enequipo\",\"@id\":\"https:\/\/www.sonoraenequipo.com.mx\/#\/schema\/person\/50102df0fb23a8fa9e8effad8fa81386\"},\"headline\":\"Que el decreto de est\u00edmulos fiscales contemple a todos los municipios de las entidades fronterizas: Sylvana Beltrones\",\"datePublished\":\"2019-01-10T00:25:55+00:00\",\"dateModified\":\"2019-01-10T01:49:13+00:00\",\"mainEntityOfPage\":{\"@id\":\"https:\/\/www.sonoraenequipo.com.mx\/que-el-decreto-de-estimulos-fiscales-contemple-a-todos-los-municipios-de-las-entidades-fronterizas-sylvana-beltrones\/\"},\"wordCount\":554,\"commentCount\":0,\"publisher\":{\"@id\":\"https:\/\/www.sonoraenequipo.com.mx\/#organization\"},\"image\":{\"@id\":\"https:\/\/www.sonoraenequipo.com.mx\/que-el-decreto-de-estimulos-fiscales-contemple-a-todos-los-municipios-de-las-entidades-fronterizas-sylvana-beltrones\/#primaryimage\"},\"thumbnailUrl\":\"https:\/\/www.sonoraenequipo.com.mx\/storage\/2019\/01\/sylvanabeltrones_opt6.jpg\",\"articleSection\":[\"Rep\u00fablica\"],\"inLanguage\":\"es\",\"potentialAction\":[{\"@type\":\"CommentAction\",\"name\":\"Comment\",\"target\":[\"https:\/\/www.sonoraenequipo.com.mx\/que-el-decreto-de-estimulos-fiscales-contemple-a-todos-los-municipios-de-las-entidades-fronterizas-sylvana-beltrones\/#respond\"]}]},{\"@type\":\"WebPage\",\"@id\":\"https:\/\/www.sonoraenequipo.com.mx\/que-el-decreto-de-estimulos-fiscales-contemple-a-todos-los-municipios-de-las-entidades-fronterizas-sylvana-beltrones\/\",\"url\":\"https:\/\/www.sonoraenequipo.com.mx\/que-el-decreto-de-estimulos-fiscales-contemple-a-todos-los-municipios-de-las-entidades-fronterizas-sylvana-beltrones\/\",\"name\":\"Sonora en Equipo. Que el decreto de est\u00edmulos fiscales contemple a todos los municipios de las entidades fronterizas: Sylvana Beltrones Rep\u00fablica\",\"isPartOf\":{\"@id\":\"https:\/\/www.sonoraenequipo.com.mx\/#website\"},\"primaryImageOfPage\":{\"@id\":\"https:\/\/www.sonoraenequipo.com.mx\/que-el-decreto-de-estimulos-fiscales-contemple-a-todos-los-municipios-de-las-entidades-fronterizas-sylvana-beltrones\/#primaryimage\"},\"image\":{\"@id\":\"https:\/\/www.sonoraenequipo.com.mx\/que-el-decreto-de-estimulos-fiscales-contemple-a-todos-los-municipios-de-las-entidades-fronterizas-sylvana-beltrones\/#primaryimage\"},\"thumbnailUrl\":\"https:\/\/www.sonoraenequipo.com.mx\/storage\/2019\/01\/sylvanabeltrones_opt6.jpg\",\"datePublished\":\"2019-01-10T00:25:55+00:00\",\"dateModified\":\"2019-01-10T01:49:13+00:00\",\"description\":\"CIUDAD DE M\u00c9XICO. MX. \u2014 La senadora Sylvana Beltrones S\u00e1nchez present\u00f3 punto de acuerdo en representaci\u00f3n del Grupo Parlamentario del PRI, en el que se En Sonora en Equipo publicamos toda la informaci\u00f3n de Sonora, M\u00e9xico y el Mundo de manera oportuna y busca que la libertad de expresi\u00f3n sea real. Visita nuestro medio informativo publicado desde Hermosillo, Sonora. %\",\"breadcrumb\":{\"@id\":\"https:\/\/www.sonoraenequipo.com.mx\/que-el-decreto-de-estimulos-fiscales-contemple-a-todos-los-municipios-de-las-entidades-fronterizas-sylvana-beltrones\/#breadcrumb\"},\"inLanguage\":\"es\",\"potentialAction\":[{\"@type\":\"ReadAction\",\"target\":[\"https:\/\/www.sonoraenequipo.com.mx\/que-el-decreto-de-estimulos-fiscales-contemple-a-todos-los-municipios-de-las-entidades-fronterizas-sylvana-beltrones\/\"]}]},{\"@type\":\"ImageObject\",\"inLanguage\":\"es\",\"@id\":\"https:\/\/www.sonoraenequipo.com.mx\/que-el-decreto-de-estimulos-fiscales-contemple-a-todos-los-municipios-de-las-entidades-fronterizas-sylvana-beltrones\/#primaryimage\",\"url\":\"https:\/\/www.sonoraenequipo.com.mx\/storage\/2019\/01\/sylvanabeltrones_opt6.jpg\",\"contentUrl\":\"https:\/\/www.sonoraenequipo.com.mx\/storage\/2019\/01\/sylvanabeltrones_opt6.jpg\",\"width\":500,\"height\":310},{\"@type\":\"BreadcrumbList\",\"@id\":\"https:\/\/www.sonoraenequipo.com.mx\/que-el-decreto-de-estimulos-fiscales-contemple-a-todos-los-municipios-de-las-entidades-fronterizas-sylvana-beltrones\/#breadcrumb\",\"itemListElement\":[{\"@type\":\"ListItem\",\"position\":1,\"name\":\"Portada\",\"item\":\"https:\/\/www.sonoraenequipo.com.mx\/\"},{\"@type\":\"ListItem\",\"position\":2,\"name\":\"Que el decreto de est\u00edmulos fiscales contemple a todos los municipios de las entidades fronterizas: Sylvana Beltrones\"}]},{\"@type\":\"WebSite\",\"@id\":\"https:\/\/www.sonoraenequipo.com.mx\/#website\",\"url\":\"https:\/\/www.sonoraenequipo.com.mx\/\",\"name\":\"Sonora en Equipo.\",\"description\":\"Diario en l\u00ednea con Noticias desde Hermosillo, Sonora\",\"publisher\":{\"@id\":\"https:\/\/www.sonoraenequipo.com.mx\/#organization\"},\"potentialAction\":[{\"@type\":\"SearchAction\",\"target\":{\"@type\":\"EntryPoint\",\"urlTemplate\":\"https:\/\/www.sonoraenequipo.com.mx\/?s={search_term_string}\"},\"query-input\":{\"@type\":\"PropertyValueSpecification\",\"valueRequired\":true,\"valueName\":\"search_term_string\"}}],\"inLanguage\":\"es\"},{\"@type\":\"Organization\",\"@id\":\"https:\/\/www.sonoraenequipo.com.mx\/#organization\",\"name\":\"Sonoraenequipo.com.mx\",\"url\":\"https:\/\/www.sonoraenequipo.com.mx\/\",\"logo\":{\"@type\":\"ImageObject\",\"inLanguage\":\"es\",\"@id\":\"https:\/\/www.sonoraenequipo.com.mx\/#\/schema\/logo\/image\/\",\"url\":\"https:\/\/www.sonoraenequipo.com.mx\/storage\/2019\/01\/sonoraenequipo_opt.png\",\"contentUrl\":\"https:\/\/www.sonoraenequipo.com.mx\/storage\/2019\/01\/sonoraenequipo_opt.png\",\"width\":375,\"height\":125,\"caption\":\"Sonoraenequipo.com.mx\"},\"image\":{\"@id\":\"https:\/\/www.sonoraenequipo.com.mx\/#\/schema\/logo\/image\/\"},\"sameAs\":[\"https:\/\/www.facebook.com\/SonoraEE\/\",\"https:\/\/x.com\/sonoraenequipo\",\"https:\/\/www.youtube.com\/channel\/UC338nW-lPEYmJQs4ZABQ1SQ\"]},{\"@type\":\"Person\",\"@id\":\"https:\/\/www.sonoraenequipo.com.mx\/#\/schema\/person\/50102df0fb23a8fa9e8effad8fa81386\",\"name\":\"enequipo\",\"image\":{\"@type\":\"ImageObject\",\"inLanguage\":\"es\",\"@id\":\"https:\/\/www.sonoraenequipo.com.mx\/#\/schema\/person\/image\/\",\"url\":\"https:\/\/secure.gravatar.com\/avatar\/049821681b589dabc0bc20695993ccebb09f5b5d4d790cd9251b97faac7c652b?s=96&d=blank&r=g\",\"contentUrl\":\"https:\/\/secure.gravatar.com\/avatar\/049821681b589dabc0bc20695993ccebb09f5b5d4d790cd9251b97faac7c652b?s=96&d=blank&r=g\",\"caption\":\"enequipo\"},\"sameAs\":[\"https:\/\/www.facebook.com\/SonoraEE\"]}]}<\/script>\n ","yoast_head_json":{"title":"Sonora en Equipo. Que el decreto de est\u00edmulos fiscales contemple a todos los municipios de las entidades fronterizas: Sylvana Beltrones Rep\u00fablica","description":"CIUDAD DE M\u00c9XICO. MX. \u2014 La senadora Sylvana Beltrones S\u00e1nchez present\u00f3 punto de acuerdo en representaci\u00f3n del Grupo Parlamentario del PRI, en el que se En Sonora en Equipo publicamos toda la informaci\u00f3n de Sonora, M\u00e9xico y el Mundo de manera oportuna y busca que la libertad de expresi\u00f3n sea real. Visita nuestro medio informativo publicado desde Hermosillo, Sonora. %","robots":{"index":"index","follow":"follow","max-snippet":"max-snippet:-1","max-image-preview":"max-image-preview:large","max-video-preview":"max-video-preview:-1"},"canonical":"https:\/\/www.sonoraenequipo.com.mx\/que-el-decreto-de-estimulos-fiscales-contemple-a-todos-los-municipios-de-las-entidades-fronterizas-sylvana-beltrones\/","og_locale":"es_ES","og_type":"article","og_title":"Sonora en Equipo. Que el decreto de est\u00edmulos fiscales contemple a todos los municipios de las entidades fronterizas: Sylvana Beltrones Rep\u00fablica","og_description":"CIUDAD DE M\u00c9XICO. MX. \u2014 La senadora Sylvana Beltrones S\u00e1nchez present\u00f3 punto de acuerdo en representaci\u00f3n del Grupo Parlamentario del PRI, en el que se En Sonora en Equipo publicamos toda la informaci\u00f3n de Sonora, M\u00e9xico y el Mundo de manera oportuna y busca que la libertad de expresi\u00f3n sea real. Visita nuestro medio informativo publicado desde Hermosillo, Sonora. %","og_url":"https:\/\/www.sonoraenequipo.com.mx\/que-el-decreto-de-estimulos-fiscales-contemple-a-todos-los-municipios-de-las-entidades-fronterizas-sylvana-beltrones\/","og_site_name":"Sonora en Equipo.","article_publisher":"https:\/\/www.facebook.com\/SonoraEE\/","article_author":"https:\/\/www.facebook.com\/SonoraEE","article_published_time":"2019-01-10T00:25:55+00:00","article_modified_time":"2019-01-10T01:49:13+00:00","og_image":[{"width":500,"height":310,"url":"https:\/\/www.sonoraenequipo.com.mx\/storage\/2019\/01\/sylvanabeltrones_opt6.jpg","type":"image\/jpeg"}],"author":"enequipo","twitter_card":"summary_large_image","twitter_creator":"@sonoraenequipo","twitter_site":"@sonoraenequipo","twitter_misc":{"Escrito por":"enequipo","Tiempo de lectura":"3 minutos"},"schema":{"@context":"https:\/\/schema.org","@graph":[{"@type":"Article","@id":"https:\/\/www.sonoraenequipo.com.mx\/que-el-decreto-de-estimulos-fiscales-contemple-a-todos-los-municipios-de-las-entidades-fronterizas-sylvana-beltrones\/#article","isPartOf":{"@id":"https:\/\/www.sonoraenequipo.com.mx\/que-el-decreto-de-estimulos-fiscales-contemple-a-todos-los-municipios-de-las-entidades-fronterizas-sylvana-beltrones\/"},"author":{"name":"enequipo","@id":"https:\/\/www.sonoraenequipo.com.mx\/#\/schema\/person\/50102df0fb23a8fa9e8effad8fa81386"},"headline":"Que el decreto de est\u00edmulos fiscales contemple a todos los municipios de las entidades fronterizas: Sylvana Beltrones","datePublished":"2019-01-10T00:25:55+00:00","dateModified":"2019-01-10T01:49:13+00:00","mainEntityOfPage":{"@id":"https:\/\/www.sonoraenequipo.com.mx\/que-el-decreto-de-estimulos-fiscales-contemple-a-todos-los-municipios-de-las-entidades-fronterizas-sylvana-beltrones\/"},"wordCount":554,"commentCount":0,"publisher":{"@id":"https:\/\/www.sonoraenequipo.com.mx\/#organization"},"image":{"@id":"https:\/\/www.sonoraenequipo.com.mx\/que-el-decreto-de-estimulos-fiscales-contemple-a-todos-los-municipios-de-las-entidades-fronterizas-sylvana-beltrones\/#primaryimage"},"thumbnailUrl":"https:\/\/www.sonoraenequipo.com.mx\/storage\/2019\/01\/sylvanabeltrones_opt6.jpg","articleSection":["Rep\u00fablica"],"inLanguage":"es","potentialAction":[{"@type":"CommentAction","name":"Comment","target":["https:\/\/www.sonoraenequipo.com.mx\/que-el-decreto-de-estimulos-fiscales-contemple-a-todos-los-municipios-de-las-entidades-fronterizas-sylvana-beltrones\/#respond"]}]},{"@type":"WebPage","@id":"https:\/\/www.sonoraenequipo.com.mx\/que-el-decreto-de-estimulos-fiscales-contemple-a-todos-los-municipios-de-las-entidades-fronterizas-sylvana-beltrones\/","url":"https:\/\/www.sonoraenequipo.com.mx\/que-el-decreto-de-estimulos-fiscales-contemple-a-todos-los-municipios-de-las-entidades-fronterizas-sylvana-beltrones\/","name":"Sonora en Equipo. Que el decreto de est\u00edmulos fiscales contemple a todos los municipios de las entidades fronterizas: Sylvana Beltrones Rep\u00fablica","isPartOf":{"@id":"https:\/\/www.sonoraenequipo.com.mx\/#website"},"primaryImageOfPage":{"@id":"https:\/\/www.sonoraenequipo.com.mx\/que-el-decreto-de-estimulos-fiscales-contemple-a-todos-los-municipios-de-las-entidades-fronterizas-sylvana-beltrones\/#primaryimage"},"image":{"@id":"https:\/\/www.sonoraenequipo.com.mx\/que-el-decreto-de-estimulos-fiscales-contemple-a-todos-los-municipios-de-las-entidades-fronterizas-sylvana-beltrones\/#primaryimage"},"thumbnailUrl":"https:\/\/www.sonoraenequipo.com.mx\/storage\/2019\/01\/sylvanabeltrones_opt6.jpg","datePublished":"2019-01-10T00:25:55+00:00","dateModified":"2019-01-10T01:49:13+00:00","description":"CIUDAD DE M\u00c9XICO. MX. \u2014 La senadora Sylvana Beltrones S\u00e1nchez present\u00f3 punto de acuerdo en representaci\u00f3n del Grupo Parlamentario del PRI, en el que se En Sonora en Equipo publicamos toda la informaci\u00f3n de Sonora, M\u00e9xico y el Mundo de manera oportuna y busca que la libertad de expresi\u00f3n sea real. Visita nuestro medio informativo publicado desde Hermosillo, Sonora. %","breadcrumb":{"@id":"https:\/\/www.sonoraenequipo.com.mx\/que-el-decreto-de-estimulos-fiscales-contemple-a-todos-los-municipios-de-las-entidades-fronterizas-sylvana-beltrones\/#breadcrumb"},"inLanguage":"es","potentialAction":[{"@type":"ReadAction","target":["https:\/\/www.sonoraenequipo.com.mx\/que-el-decreto-de-estimulos-fiscales-contemple-a-todos-los-municipios-de-las-entidades-fronterizas-sylvana-beltrones\/"]}]},{"@type":"ImageObject","inLanguage":"es","@id":"https:\/\/www.sonoraenequipo.com.mx\/que-el-decreto-de-estimulos-fiscales-contemple-a-todos-los-municipios-de-las-entidades-fronterizas-sylvana-beltrones\/#primaryimage","url":"https:\/\/www.sonoraenequipo.com.mx\/storage\/2019\/01\/sylvanabeltrones_opt6.jpg","contentUrl":"https:\/\/www.sonoraenequipo.com.mx\/storage\/2019\/01\/sylvanabeltrones_opt6.jpg","width":500,"height":310},{"@type":"BreadcrumbList","@id":"https:\/\/www.sonoraenequipo.com.mx\/que-el-decreto-de-estimulos-fiscales-contemple-a-todos-los-municipios-de-las-entidades-fronterizas-sylvana-beltrones\/#breadcrumb","itemListElement":[{"@type":"ListItem","position":1,"name":"Portada","item":"https:\/\/www.sonoraenequipo.com.mx\/"},{"@type":"ListItem","position":2,"name":"Que el decreto de est\u00edmulos fiscales contemple a todos los municipios de las entidades fronterizas: Sylvana Beltrones"}]},{"@type":"WebSite","@id":"https:\/\/www.sonoraenequipo.com.mx\/#website","url":"https:\/\/www.sonoraenequipo.com.mx\/","name":"Sonora en Equipo.","description":"Diario en l\u00ednea con Noticias desde Hermosillo, Sonora","publisher":{"@id":"https:\/\/www.sonoraenequipo.com.mx\/#organization"},"potentialAction":[{"@type":"SearchAction","target":{"@type":"EntryPoint","urlTemplate":"https:\/\/www.sonoraenequipo.com.mx\/?s={search_term_string}"},"query-input":{"@type":"PropertyValueSpecification","valueRequired":true,"valueName":"search_term_string"}}],"inLanguage":"es"},{"@type":"Organization","@id":"https:\/\/www.sonoraenequipo.com.mx\/#organization","name":"Sonoraenequipo.com.mx","url":"https:\/\/www.sonoraenequipo.com.mx\/","logo":{"@type":"ImageObject","inLanguage":"es","@id":"https:\/\/www.sonoraenequipo.com.mx\/#\/schema\/logo\/image\/","url":"https:\/\/www.sonoraenequipo.com.mx\/storage\/2019\/01\/sonoraenequipo_opt.png","contentUrl":"https:\/\/www.sonoraenequipo.com.mx\/storage\/2019\/01\/sonoraenequipo_opt.png","width":375,"height":125,"caption":"Sonoraenequipo.com.mx"},"image":{"@id":"https:\/\/www.sonoraenequipo.com.mx\/#\/schema\/logo\/image\/"},"sameAs":["https:\/\/www.facebook.com\/SonoraEE\/","https:\/\/x.com\/sonoraenequipo","https:\/\/www.youtube.com\/channel\/UC338nW-lPEYmJQs4ZABQ1SQ"]},{"@type":"Person","@id":"https:\/\/www.sonoraenequipo.com.mx\/#\/schema\/person\/50102df0fb23a8fa9e8effad8fa81386","name":"enequipo","image":{"@type":"ImageObject","inLanguage":"es","@id":"https:\/\/www.sonoraenequipo.com.mx\/#\/schema\/person\/image\/","url":"https:\/\/secure.gravatar.com\/avatar\/049821681b589dabc0bc20695993ccebb09f5b5d4d790cd9251b97faac7c652b?s=96&d=blank&r=g","contentUrl":"https:\/\/secure.gravatar.com\/avatar\/049821681b589dabc0bc20695993ccebb09f5b5d4d790cd9251b97faac7c652b?s=96&d=blank&r=g","caption":"enequipo"},"sameAs":["https:\/\/www.facebook.com\/SonoraEE"]}]}},"jetpack_featured_media_url":"https:\/\/www.sonoraenequipo.com.mx\/storage\/2019\/01\/sylvanabeltrones_opt6.jpg","_links":{"self":[{"href":"https:\/\/www.sonoraenequipo.com.mx\/api\/wp\/v2\/posts\/52045","targetHints":{"allow":["GET"]}}],"collection":[{"href":"https:\/\/www.sonoraenequipo.com.mx\/api\/wp\/v2\/posts"}],"about":[{"href":"https:\/\/www.sonoraenequipo.com.mx\/api\/wp\/v2\/types\/post"}],"author":[{"embeddable":true,"href":"https:\/\/www.sonoraenequipo.com.mx\/api\/wp\/v2\/users\/1"}],"replies":[{"embeddable":true,"href":"https:\/\/www.sonoraenequipo.com.mx\/api\/wp\/v2\/comments?post=52045"}],"version-history":[{"count":0,"href":"https:\/\/www.sonoraenequipo.com.mx\/api\/wp\/v2\/posts\/52045\/revisions"}],"wp:featuredmedia":[{"embeddable":true,"href":"https:\/\/www.sonoraenequipo.com.mx\/api\/wp\/v2\/media\/52037"}],"wp:attachment":[{"href":"https:\/\/www.sonoraenequipo.com.mx\/api\/wp\/v2\/media?parent=52045"}],"wp:term":[{"taxonomy":"category","embeddable":true,"href":"https:\/\/www.sonoraenequipo.com.mx\/api\/wp\/v2\/categories?post=52045"},{"taxonomy":"post_tag","embeddable":true,"href":"https:\/\/www.sonoraenequipo.com.mx\/api\/wp\/v2\/tags?post=52045"}],"curies":[{"name":"wp","href":"https:\/\/api.w.org\/{rel}","templated":true}]}}