{"id":52053,"date":"2019-01-09T20:00:17","date_gmt":"2019-01-10T03:00:17","guid":{"rendered":"http:\/\/www.sonoraenequipo.com.mx\/?p=52053"},"modified":"2019-01-09T20:53:16","modified_gmt":"2019-01-10T03:53:16","slug":"combati-robo-de-gasolinas-sin-afectar-a-consumidores-calderon-a-amlo","status":"publish","type":"post","link":"https:\/\/www.sonoraenequipo.com.mx\/combati-robo-de-gasolinas-sin-afectar-a-consumidores-calderon-a-amlo\/","title":{"rendered":"Combat\u00ed robo de gasolinas sin afectar a consumidores: Calder\u00f3n a AMLO"},"content":{"rendered":"<p>CIUDAD DE M\u00c9XICO. MX. \u2014 El expresidente panista respondi\u00f3 en Twitter a L\u00f3pez Obrador, quien afirma que \u00e9l sab\u00eda de las orde\u00f1as a Pemex y nunca actu\u00f3; de acuerdo con el Presidente, Vicente Fox y Enrique Pe\u00f1a tambi\u00e9n sab\u00edan del robo de combustibles, pero fueron omisos. <\/p>\n<p>El expresidente Felipe Calder\u00f3n respondi\u00f3 en Twitter a las declaraciones del presidente Andr\u00e9s Manuel L\u00f3pez Obrador, quien esta ma\u00f1ana afirm\u00f3 que el robo de combustibles era conocido y tolerado por \u00e9l y los expresidentes Vicente Fox y Enrique Pe\u00f1a.<\/p>\n<p>Luego de las declaraciones de L\u00f3pez Obrador, Calder\u00f3n escribi\u00f3 que durante su sexenio combati\u00f3 <em>\u201ccon firmeza\u201d<\/em> todas las formas de crimen, incluido el <em>\u2018huachicoleo\u2019<\/em> son afectar a los consumidores.<\/p>\n<p>Adem\u00e1s, escribi\u00f3 que las p\u00e9rdidas y las fugas detectadas por el robo de gasolinas eran m\u00e1s de diez veces menores de lo que es hoy.<\/p>\n<p>En su conferencia diaria, el Presidente reiter\u00f3 hoy lo que antes ya hab\u00eda dicho:<em> \u201c\u00bfy c\u00f3mo que no se ve que se est\u00e1n robando mil pipas diarias? Era una especie de tolerancia, algo pactado porque se daba por hecho, pero de tiempo atr\u00e1s, estamos hablando de tres sexenios\u201d.<\/em><\/p>\n<p>En ese sentido, asegur\u00f3 que Fox, Calder\u00f3n y Pe\u00f1a Nieto estaban enterados de las orde\u00f1as a Pemex, ya que contaban con un reporte diario de los hurtos, adem\u00e1s critic\u00f3 que en lugar de un sistema de conteo de homicidios y delitos se tuviera uno detallado del <em>\u2018huachicoleo\u2018<\/em> sin que se actuara para combatirlo.<\/p>\n<p>(FECHA DE PUBLICACI\u00d3N.09\/01\/2019 \/\/<\/p>\n","protected":false},"excerpt":{"rendered":"<p>CIUDAD DE M\u00c9XICO. MX. \u2014 El expresidente panista respondi\u00f3 en Twitter a L\u00f3pez Obrador, quien&#8230;<\/p>\n","protected":false},"author":1,"featured_media":52054,"comment_status":"open","ping_status":"open","sticky":false,"template":"","format":"standard","meta":{"_monsterinsights_skip_tracking":false,"_monsterinsights_sitenote_active":false,"_monsterinsights_sitenote_note":"","_monsterinsights_sitenote_category":0,"footnotes":""},"categories":[5],"tags":[],"class_list":["post"],"yoast_head":" \n<title>Sonora en Equipo. Combat\u00ed robo de gasolinas sin afectar a consumidores: Calder\u00f3n a AMLO Rep\u00fablica<\/title>\n<meta name=\"description\" content=\"CIUDAD DE M\u00c9XICO. MX. \u2014 El expresidente panista respondi\u00f3 en Twitter a L\u00f3pez Obrador, quien afirma que \u00e9l sab\u00eda de las orde\u00f1as a Pemex y nunca actu\u00f3; de En Sonora en Equipo publicamos toda la informaci\u00f3n de Sonora, M\u00e9xico y el Mundo de manera oportuna y busca que la libertad de expresi\u00f3n sea real. Visita nuestro medio informativo publicado desde Hermosillo, Sonora. %\" \/>\n<meta name=\"robots\" content=\"index, follow, max-snippet:-1, max-image-preview:large, max-video-preview:-1\" \/>\n<link rel=\"canonical\" href=\"https:\/\/www.sonoraenequipo.com.mx\/combati-robo-de-gasolinas-sin-afectar-a-consumidores-calderon-a-amlo\/\" \/>\n<meta property=\"og:locale\" content=\"es_ES\" \/>\n<meta property=\"og:type\" content=\"article\" \/>\n<meta property=\"og:title\" content=\"Sonora en Equipo. Combat\u00ed robo de gasolinas sin afectar a consumidores: Calder\u00f3n a AMLO Rep\u00fablica\" \/>\n<meta property=\"og:description\" content=\"CIUDAD DE M\u00c9XICO. MX. \u2014 El expresidente panista respondi\u00f3 en Twitter a L\u00f3pez Obrador, quien afirma que \u00e9l sab\u00eda de las orde\u00f1as a Pemex y nunca actu\u00f3; de En Sonora en Equipo publicamos toda la informaci\u00f3n de Sonora, M\u00e9xico y el Mundo de manera oportuna y busca que la libertad de expresi\u00f3n sea real. Visita nuestro medio informativo publicado desde Hermosillo, Sonora. %\" \/>\n<meta property=\"og:url\" content=\"https:\/\/www.sonoraenequipo.com.mx\/combati-robo-de-gasolinas-sin-afectar-a-consumidores-calderon-a-amlo\/\" \/>\n<meta property=\"og:site_name\" content=\"Sonora en Equipo.\" \/>\n<meta property=\"article:publisher\" content=\"https:\/\/www.facebook.com\/SonoraEE\/\" \/>\n<meta property=\"article:author\" content=\"https:\/\/www.facebook.com\/SonoraEE\" \/>\n<meta property=\"article:published_time\" content=\"2019-01-10T03:00:17+00:00\" \/>\n<meta property=\"article:modified_time\" content=\"2019-01-10T03:53:16+00:00\" \/>\n<meta property=\"og:image\" content=\"https:\/\/www.sonoraenequipo.com.mx\/storage\/2019\/01\/Felipe_Calderon_opt.jpg\" \/>\n\t<meta property=\"og:image:width\" content=\"745\" \/>\n\t<meta property=\"og:image:height\" content=\"400\" \/>\n\t<meta property=\"og:image:type\" content=\"image\/jpeg\" \/>\n<meta name=\"author\" content=\"enequipo\" \/>\n<meta name=\"twitter:card\" content=\"summary_large_image\" \/>\n<meta name=\"twitter:creator\" content=\"@sonoraenequipo\" \/>\n<meta name=\"twitter:site\" content=\"@sonoraenequipo\" \/>\n<meta name=\"twitter:label1\" content=\"Escrito por\" \/>\n\t<meta name=\"twitter:data1\" content=\"enequipo\" \/>\n\t<meta name=\"twitter:label2\" content=\"Tiempo de lectura\" \/>\n\t<meta name=\"twitter:data2\" content=\"1 minuto\" \/>\n<script type=\"application\/ld+json\" class=\"yoast-schema-graph\">{\"@context\":\"https:\/\/schema.org\",\"@graph\":[{\"@type\":\"Article\",\"@id\":\"https:\/\/www.sonoraenequipo.com.mx\/combati-robo-de-gasolinas-sin-afectar-a-consumidores-calderon-a-amlo\/#article\",\"isPartOf\":{\"@id\":\"https:\/\/www.sonoraenequipo.com.mx\/combati-robo-de-gasolinas-sin-afectar-a-consumidores-calderon-a-amlo\/\"},\"author\":{\"name\":\"enequipo\",\"@id\":\"https:\/\/www.sonoraenequipo.com.mx\/#\/schema\/person\/50102df0fb23a8fa9e8effad8fa81386\"},\"headline\":\"Combat\u00ed robo de gasolinas sin afectar a consumidores: Calder\u00f3n a AMLO\",\"datePublished\":\"2019-01-10T03:00:17+00:00\",\"dateModified\":\"2019-01-10T03:53:16+00:00\",\"mainEntityOfPage\":{\"@id\":\"https:\/\/www.sonoraenequipo.com.mx\/combati-robo-de-gasolinas-sin-afectar-a-consumidores-calderon-a-amlo\/\"},\"wordCount\":280,\"commentCount\":0,\"publisher\":{\"@id\":\"https:\/\/www.sonoraenequipo.com.mx\/#organization\"},\"image\":{\"@id\":\"https:\/\/www.sonoraenequipo.com.mx\/combati-robo-de-gasolinas-sin-afectar-a-consumidores-calderon-a-amlo\/#primaryimage\"},\"thumbnailUrl\":\"https:\/\/www.sonoraenequipo.com.mx\/storage\/2019\/01\/Felipe_Calderon_opt.jpg\",\"articleSection\":[\"Rep\u00fablica\"],\"inLanguage\":\"es\",\"potentialAction\":[{\"@type\":\"CommentAction\",\"name\":\"Comment\",\"target\":[\"https:\/\/www.sonoraenequipo.com.mx\/combati-robo-de-gasolinas-sin-afectar-a-consumidores-calderon-a-amlo\/#respond\"]}]},{\"@type\":\"WebPage\",\"@id\":\"https:\/\/www.sonoraenequipo.com.mx\/combati-robo-de-gasolinas-sin-afectar-a-consumidores-calderon-a-amlo\/\",\"url\":\"https:\/\/www.sonoraenequipo.com.mx\/combati-robo-de-gasolinas-sin-afectar-a-consumidores-calderon-a-amlo\/\",\"name\":\"Sonora en Equipo. Combat\u00ed robo de gasolinas sin afectar a consumidores: Calder\u00f3n a AMLO Rep\u00fablica\",\"isPartOf\":{\"@id\":\"https:\/\/www.sonoraenequipo.com.mx\/#website\"},\"primaryImageOfPage\":{\"@id\":\"https:\/\/www.sonoraenequipo.com.mx\/combati-robo-de-gasolinas-sin-afectar-a-consumidores-calderon-a-amlo\/#primaryimage\"},\"image\":{\"@id\":\"https:\/\/www.sonoraenequipo.com.mx\/combati-robo-de-gasolinas-sin-afectar-a-consumidores-calderon-a-amlo\/#primaryimage\"},\"thumbnailUrl\":\"https:\/\/www.sonoraenequipo.com.mx\/storage\/2019\/01\/Felipe_Calderon_opt.jpg\",\"datePublished\":\"2019-01-10T03:00:17+00:00\",\"dateModified\":\"2019-01-10T03:53:16+00:00\",\"description\":\"CIUDAD DE M\u00c9XICO. MX. \u2014 El expresidente panista respondi\u00f3 en Twitter a L\u00f3pez Obrador, quien afirma que \u00e9l sab\u00eda de las orde\u00f1as a Pemex y nunca actu\u00f3; de En Sonora en Equipo publicamos toda la informaci\u00f3n de Sonora, M\u00e9xico y el Mundo de manera oportuna y busca que la libertad de expresi\u00f3n sea real. Visita nuestro medio informativo publicado desde Hermosillo, Sonora. %\",\"breadcrumb\":{\"@id\":\"https:\/\/www.sonoraenequipo.com.mx\/combati-robo-de-gasolinas-sin-afectar-a-consumidores-calderon-a-amlo\/#breadcrumb\"},\"inLanguage\":\"es\",\"potentialAction\":[{\"@type\":\"ReadAction\",\"target\":[\"https:\/\/www.sonoraenequipo.com.mx\/combati-robo-de-gasolinas-sin-afectar-a-consumidores-calderon-a-amlo\/\"]}]},{\"@type\":\"ImageObject\",\"inLanguage\":\"es\",\"@id\":\"https:\/\/www.sonoraenequipo.com.mx\/combati-robo-de-gasolinas-sin-afectar-a-consumidores-calderon-a-amlo\/#primaryimage\",\"url\":\"https:\/\/www.sonoraenequipo.com.mx\/storage\/2019\/01\/Felipe_Calderon_opt.jpg\",\"contentUrl\":\"https:\/\/www.sonoraenequipo.com.mx\/storage\/2019\/01\/Felipe_Calderon_opt.jpg\",\"width\":745,\"height\":400},{\"@type\":\"BreadcrumbList\",\"@id\":\"https:\/\/www.sonoraenequipo.com.mx\/combati-robo-de-gasolinas-sin-afectar-a-consumidores-calderon-a-amlo\/#breadcrumb\",\"itemListElement\":[{\"@type\":\"ListItem\",\"position\":1,\"name\":\"Portada\",\"item\":\"https:\/\/www.sonoraenequipo.com.mx\/\"},{\"@type\":\"ListItem\",\"position\":2,\"name\":\"Combat\u00ed robo de gasolinas sin afectar a consumidores: Calder\u00f3n a AMLO\"}]},{\"@type\":\"WebSite\",\"@id\":\"https:\/\/www.sonoraenequipo.com.mx\/#website\",\"url\":\"https:\/\/www.sonoraenequipo.com.mx\/\",\"name\":\"Sonora en Equipo.\",\"description\":\"Diario en l\u00ednea con Noticias desde Hermosillo, Sonora\",\"publisher\":{\"@id\":\"https:\/\/www.sonoraenequipo.com.mx\/#organization\"},\"potentialAction\":[{\"@type\":\"SearchAction\",\"target\":{\"@type\":\"EntryPoint\",\"urlTemplate\":\"https:\/\/www.sonoraenequipo.com.mx\/?s={search_term_string}\"},\"query-input\":{\"@type\":\"PropertyValueSpecification\",\"valueRequired\":true,\"valueName\":\"search_term_string\"}}],\"inLanguage\":\"es\"},{\"@type\":\"Organization\",\"@id\":\"https:\/\/www.sonoraenequipo.com.mx\/#organization\",\"name\":\"Sonoraenequipo.com.mx\",\"url\":\"https:\/\/www.sonoraenequipo.com.mx\/\",\"logo\":{\"@type\":\"ImageObject\",\"inLanguage\":\"es\",\"@id\":\"https:\/\/www.sonoraenequipo.com.mx\/#\/schema\/logo\/image\/\",\"url\":\"https:\/\/www.sonoraenequipo.com.mx\/storage\/2019\/01\/sonoraenequipo_opt.png\",\"contentUrl\":\"https:\/\/www.sonoraenequipo.com.mx\/storage\/2019\/01\/sonoraenequipo_opt.png\",\"width\":375,\"height\":125,\"caption\":\"Sonoraenequipo.com.mx\"},\"image\":{\"@id\":\"https:\/\/www.sonoraenequipo.com.mx\/#\/schema\/logo\/image\/\"},\"sameAs\":[\"https:\/\/www.facebook.com\/SonoraEE\/\",\"https:\/\/x.com\/sonoraenequipo\",\"https:\/\/www.youtube.com\/channel\/UC338nW-lPEYmJQs4ZABQ1SQ\"]},{\"@type\":\"Person\",\"@id\":\"https:\/\/www.sonoraenequipo.com.mx\/#\/schema\/person\/50102df0fb23a8fa9e8effad8fa81386\",\"name\":\"enequipo\",\"image\":{\"@type\":\"ImageObject\",\"inLanguage\":\"es\",\"@id\":\"https:\/\/www.sonoraenequipo.com.mx\/#\/schema\/person\/image\/\",\"url\":\"https:\/\/secure.gravatar.com\/avatar\/049821681b589dabc0bc20695993ccebb09f5b5d4d790cd9251b97faac7c652b?s=96&d=blank&r=g\",\"contentUrl\":\"https:\/\/secure.gravatar.com\/avatar\/049821681b589dabc0bc20695993ccebb09f5b5d4d790cd9251b97faac7c652b?s=96&d=blank&r=g\",\"caption\":\"enequipo\"},\"sameAs\":[\"https:\/\/www.facebook.com\/SonoraEE\"]}]}<\/script>\n ","yoast_head_json":{"title":"Sonora en Equipo. Combat\u00ed robo de gasolinas sin afectar a consumidores: Calder\u00f3n a AMLO Rep\u00fablica","description":"CIUDAD DE M\u00c9XICO. MX. \u2014 El expresidente panista respondi\u00f3 en Twitter a L\u00f3pez Obrador, quien afirma que \u00e9l sab\u00eda de las orde\u00f1as a Pemex y nunca actu\u00f3; de En Sonora en Equipo publicamos toda la informaci\u00f3n de Sonora, M\u00e9xico y el Mundo de manera oportuna y busca que la libertad de expresi\u00f3n sea real. Visita nuestro medio informativo publicado desde Hermosillo, Sonora. %","robots":{"index":"index","follow":"follow","max-snippet":"max-snippet:-1","max-image-preview":"max-image-preview:large","max-video-preview":"max-video-preview:-1"},"canonical":"https:\/\/www.sonoraenequipo.com.mx\/combati-robo-de-gasolinas-sin-afectar-a-consumidores-calderon-a-amlo\/","og_locale":"es_ES","og_type":"article","og_title":"Sonora en Equipo. Combat\u00ed robo de gasolinas sin afectar a consumidores: Calder\u00f3n a AMLO Rep\u00fablica","og_description":"CIUDAD DE M\u00c9XICO. MX. \u2014 El expresidente panista respondi\u00f3 en Twitter a L\u00f3pez Obrador, quien afirma que \u00e9l sab\u00eda de las orde\u00f1as a Pemex y nunca actu\u00f3; de En Sonora en Equipo publicamos toda la informaci\u00f3n de Sonora, M\u00e9xico y el Mundo de manera oportuna y busca que la libertad de expresi\u00f3n sea real. Visita nuestro medio informativo publicado desde Hermosillo, Sonora. %","og_url":"https:\/\/www.sonoraenequipo.com.mx\/combati-robo-de-gasolinas-sin-afectar-a-consumidores-calderon-a-amlo\/","og_site_name":"Sonora en Equipo.","article_publisher":"https:\/\/www.facebook.com\/SonoraEE\/","article_author":"https:\/\/www.facebook.com\/SonoraEE","article_published_time":"2019-01-10T03:00:17+00:00","article_modified_time":"2019-01-10T03:53:16+00:00","og_image":[{"width":745,"height":400,"url":"https:\/\/www.sonoraenequipo.com.mx\/storage\/2019\/01\/Felipe_Calderon_opt.jpg","type":"image\/jpeg"}],"author":"enequipo","twitter_card":"summary_large_image","twitter_creator":"@sonoraenequipo","twitter_site":"@sonoraenequipo","twitter_misc":{"Escrito por":"enequipo","Tiempo de lectura":"1 minuto"},"schema":{"@context":"https:\/\/schema.org","@graph":[{"@type":"Article","@id":"https:\/\/www.sonoraenequipo.com.mx\/combati-robo-de-gasolinas-sin-afectar-a-consumidores-calderon-a-amlo\/#article","isPartOf":{"@id":"https:\/\/www.sonoraenequipo.com.mx\/combati-robo-de-gasolinas-sin-afectar-a-consumidores-calderon-a-amlo\/"},"author":{"name":"enequipo","@id":"https:\/\/www.sonoraenequipo.com.mx\/#\/schema\/person\/50102df0fb23a8fa9e8effad8fa81386"},"headline":"Combat\u00ed robo de gasolinas sin afectar a consumidores: Calder\u00f3n a AMLO","datePublished":"2019-01-10T03:00:17+00:00","dateModified":"2019-01-10T03:53:16+00:00","mainEntityOfPage":{"@id":"https:\/\/www.sonoraenequipo.com.mx\/combati-robo-de-gasolinas-sin-afectar-a-consumidores-calderon-a-amlo\/"},"wordCount":280,"commentCount":0,"publisher":{"@id":"https:\/\/www.sonoraenequipo.com.mx\/#organization"},"image":{"@id":"https:\/\/www.sonoraenequipo.com.mx\/combati-robo-de-gasolinas-sin-afectar-a-consumidores-calderon-a-amlo\/#primaryimage"},"thumbnailUrl":"https:\/\/www.sonoraenequipo.com.mx\/storage\/2019\/01\/Felipe_Calderon_opt.jpg","articleSection":["Rep\u00fablica"],"inLanguage":"es","potentialAction":[{"@type":"CommentAction","name":"Comment","target":["https:\/\/www.sonoraenequipo.com.mx\/combati-robo-de-gasolinas-sin-afectar-a-consumidores-calderon-a-amlo\/#respond"]}]},{"@type":"WebPage","@id":"https:\/\/www.sonoraenequipo.com.mx\/combati-robo-de-gasolinas-sin-afectar-a-consumidores-calderon-a-amlo\/","url":"https:\/\/www.sonoraenequipo.com.mx\/combati-robo-de-gasolinas-sin-afectar-a-consumidores-calderon-a-amlo\/","name":"Sonora en Equipo. Combat\u00ed robo de gasolinas sin afectar a consumidores: Calder\u00f3n a AMLO Rep\u00fablica","isPartOf":{"@id":"https:\/\/www.sonoraenequipo.com.mx\/#website"},"primaryImageOfPage":{"@id":"https:\/\/www.sonoraenequipo.com.mx\/combati-robo-de-gasolinas-sin-afectar-a-consumidores-calderon-a-amlo\/#primaryimage"},"image":{"@id":"https:\/\/www.sonoraenequipo.com.mx\/combati-robo-de-gasolinas-sin-afectar-a-consumidores-calderon-a-amlo\/#primaryimage"},"thumbnailUrl":"https:\/\/www.sonoraenequipo.com.mx\/storage\/2019\/01\/Felipe_Calderon_opt.jpg","datePublished":"2019-01-10T03:00:17+00:00","dateModified":"2019-01-10T03:53:16+00:00","description":"CIUDAD DE M\u00c9XICO. MX. \u2014 El expresidente panista respondi\u00f3 en Twitter a L\u00f3pez Obrador, quien afirma que \u00e9l sab\u00eda de las orde\u00f1as a Pemex y nunca actu\u00f3; de En Sonora en Equipo publicamos toda la informaci\u00f3n de Sonora, M\u00e9xico y el Mundo de manera oportuna y busca que la libertad de expresi\u00f3n sea real. Visita nuestro medio informativo publicado desde Hermosillo, Sonora. %","breadcrumb":{"@id":"https:\/\/www.sonoraenequipo.com.mx\/combati-robo-de-gasolinas-sin-afectar-a-consumidores-calderon-a-amlo\/#breadcrumb"},"inLanguage":"es","potentialAction":[{"@type":"ReadAction","target":["https:\/\/www.sonoraenequipo.com.mx\/combati-robo-de-gasolinas-sin-afectar-a-consumidores-calderon-a-amlo\/"]}]},{"@type":"ImageObject","inLanguage":"es","@id":"https:\/\/www.sonoraenequipo.com.mx\/combati-robo-de-gasolinas-sin-afectar-a-consumidores-calderon-a-amlo\/#primaryimage","url":"https:\/\/www.sonoraenequipo.com.mx\/storage\/2019\/01\/Felipe_Calderon_opt.jpg","contentUrl":"https:\/\/www.sonoraenequipo.com.mx\/storage\/2019\/01\/Felipe_Calderon_opt.jpg","width":745,"height":400},{"@type":"BreadcrumbList","@id":"https:\/\/www.sonoraenequipo.com.mx\/combati-robo-de-gasolinas-sin-afectar-a-consumidores-calderon-a-amlo\/#breadcrumb","itemListElement":[{"@type":"ListItem","position":1,"name":"Portada","item":"https:\/\/www.sonoraenequipo.com.mx\/"},{"@type":"ListItem","position":2,"name":"Combat\u00ed robo de gasolinas sin afectar a consumidores: Calder\u00f3n a AMLO"}]},{"@type":"WebSite","@id":"https:\/\/www.sonoraenequipo.com.mx\/#website","url":"https:\/\/www.sonoraenequipo.com.mx\/","name":"Sonora en Equipo.","description":"Diario en l\u00ednea con Noticias desde Hermosillo, Sonora","publisher":{"@id":"https:\/\/www.sonoraenequipo.com.mx\/#organization"},"potentialAction":[{"@type":"SearchAction","target":{"@type":"EntryPoint","urlTemplate":"https:\/\/www.sonoraenequipo.com.mx\/?s={search_term_string}"},"query-input":{"@type":"PropertyValueSpecification","valueRequired":true,"valueName":"search_term_string"}}],"inLanguage":"es"},{"@type":"Organization","@id":"https:\/\/www.sonoraenequipo.com.mx\/#organization","name":"Sonoraenequipo.com.mx","url":"https:\/\/www.sonoraenequipo.com.mx\/","logo":{"@type":"ImageObject","inLanguage":"es","@id":"https:\/\/www.sonoraenequipo.com.mx\/#\/schema\/logo\/image\/","url":"https:\/\/www.sonoraenequipo.com.mx\/storage\/2019\/01\/sonoraenequipo_opt.png","contentUrl":"https:\/\/www.sonoraenequipo.com.mx\/storage\/2019\/01\/sonoraenequipo_opt.png","width":375,"height":125,"caption":"Sonoraenequipo.com.mx"},"image":{"@id":"https:\/\/www.sonoraenequipo.com.mx\/#\/schema\/logo\/image\/"},"sameAs":["https:\/\/www.facebook.com\/SonoraEE\/","https:\/\/x.com\/sonoraenequipo","https:\/\/www.youtube.com\/channel\/UC338nW-lPEYmJQs4ZABQ1SQ"]},{"@type":"Person","@id":"https:\/\/www.sonoraenequipo.com.mx\/#\/schema\/person\/50102df0fb23a8fa9e8effad8fa81386","name":"enequipo","image":{"@type":"ImageObject","inLanguage":"es","@id":"https:\/\/www.sonoraenequipo.com.mx\/#\/schema\/person\/image\/","url":"https:\/\/secure.gravatar.com\/avatar\/049821681b589dabc0bc20695993ccebb09f5b5d4d790cd9251b97faac7c652b?s=96&d=blank&r=g","contentUrl":"https:\/\/secure.gravatar.com\/avatar\/049821681b589dabc0bc20695993ccebb09f5b5d4d790cd9251b97faac7c652b?s=96&d=blank&r=g","caption":"enequipo"},"sameAs":["https:\/\/www.facebook.com\/SonoraEE"]}]}},"jetpack_featured_media_url":"https:\/\/www.sonoraenequipo.com.mx\/storage\/2019\/01\/Felipe_Calderon_opt.jpg","_links":{"self":[{"href":"https:\/\/www.sonoraenequipo.com.mx\/api\/wp\/v2\/posts\/52053","targetHints":{"allow":["GET"]}}],"collection":[{"href":"https:\/\/www.sonoraenequipo.com.mx\/api\/wp\/v2\/posts"}],"about":[{"href":"https:\/\/www.sonoraenequipo.com.mx\/api\/wp\/v2\/types\/post"}],"author":[{"embeddable":true,"href":"https:\/\/www.sonoraenequipo.com.mx\/api\/wp\/v2\/users\/1"}],"replies":[{"embeddable":true,"href":"https:\/\/www.sonoraenequipo.com.mx\/api\/wp\/v2\/comments?post=52053"}],"version-history":[{"count":0,"href":"https:\/\/www.sonoraenequipo.com.mx\/api\/wp\/v2\/posts\/52053\/revisions"}],"wp:featuredmedia":[{"embeddable":true,"href":"https:\/\/www.sonoraenequipo.com.mx\/api\/wp\/v2\/media\/52054"}],"wp:attachment":[{"href":"https:\/\/www.sonoraenequipo.com.mx\/api\/wp\/v2\/media?parent=52053"}],"wp:term":[{"taxonomy":"category","embeddable":true,"href":"https:\/\/www.sonoraenequipo.com.mx\/api\/wp\/v2\/categories?post=52053"},{"taxonomy":"post_tag","embeddable":true,"href":"https:\/\/www.sonoraenequipo.com.mx\/api\/wp\/v2\/tags?post=52053"}],"curies":[{"name":"wp","href":"https:\/\/api.w.org\/{rel}","templated":true}]}}