{"id":53109,"date":"2019-01-24T10:19:06","date_gmt":"2019-01-24T17:19:06","guid":{"rendered":"http:\/\/www.sonoraenequipo.com.mx\/?p=53109"},"modified":"2019-01-24T10:21:10","modified_gmt":"2019-01-24T17:21:10","slug":"fuerzas-armadas-de-venezuela-rechazan-injerencia-internacional","status":"publish","type":"post","link":"https:\/\/www.sonoraenequipo.com.mx\/fuerzas-armadas-de-venezuela-rechazan-injerencia-internacional\/","title":{"rendered":"Fuerzas Armadas de Venezuela rechazan injerencia internacional"},"content":{"rendered":"<p>CARACAS, VENEZUELA.\u2014 Las Fuerzas Armadas de Venezuela reafirmaron su lealtad al presidente Nicol\u00e1s Maduro, adem\u00e1s rechazaron la injerencia de la comunidad internacional a lo que llamaron un intento de golpe de estado. <\/p>\n<p>El ministro de defensa, Vladimir Padrino, dijo que organismos internacionales, junto con Estados Unidos y gobiernos de la regi\u00f3n quieren derrocar al gobierno, utilizando estrategias como bloqueos econ\u00f3micos y desinformaci\u00f3n para generar ingobernabilidad.<\/p>\n<p><em>\u201cSe est\u00e1 llevando un golpe de estado contra nuestra constitucionalidad, nuestra democracia, contra el presidente Nicol\u00e1s Maduro, presidente leg\u00edtimo de la Rep\u00fablica Boliviarana.\u201d<\/em><\/p>\n<p>Asimismo dijo que los actos de injerencia de gobiernos extranjeros son considerados como violatorios al derecho internacional, as\u00ed como a la autodeterminaci\u00f3n de los pueblos.<\/p>\n<p>El representante de las Fuerzas Armadas llam\u00f3 al di\u00e1logo y dijo que la guerra no es una opci\u00f3n. Adem\u00e1s asegur\u00f3 que quieren evitar enfrentamientos entre venezolanos y buscan la paz, <em>\u201cuna guerra civil no va a resolver los problemas de Venezuela\u201d,<\/em> asegur\u00f3.<\/p>\n<p>Agradeci\u00f3 a los pa\u00edses que propician un di\u00e1logo y una salida constitucional que busca racionalidad.<\/p>\n<p>(FECHA DE PUBLICACI\u00d3N.24\/01\/2019\/\/<\/p>\n","protected":false},"excerpt":{"rendered":"<p>CARACAS, VENEZUELA.\u2014 Las Fuerzas Armadas de Venezuela reafirmaron su lealtad al presidente Nicol\u00e1s Maduro, adem\u00e1s&#8230;<\/p>\n","protected":false},"author":1,"featured_media":53110,"comment_status":"open","ping_status":"open","sticky":false,"template":"","format":"standard","meta":{"_monsterinsights_skip_tracking":false,"_monsterinsights_sitenote_active":false,"_monsterinsights_sitenote_note":"","_monsterinsights_sitenote_category":0,"footnotes":""},"categories":[3],"tags":[],"class_list":["post"],"yoast_head":" \n<title>Sonora en Equipo. Fuerzas Armadas de Venezuela rechazan injerencia internacional MUNDO<\/title>\n<meta name=\"description\" content=\"CARACAS, VENEZUELA.\u2014 Las Fuerzas Armadas de Venezuela reafirmaron su lealtad al presidente Nicol\u00e1s Maduro, adem\u00e1s rechazaron la injerencia de la comunidad En Sonora en Equipo publicamos toda la informaci\u00f3n de Sonora, M\u00e9xico y el Mundo de manera oportuna y busca que la libertad de expresi\u00f3n sea real. Visita nuestro medio informativo publicado desde Hermosillo, Sonora. %\" \/>\n<meta name=\"robots\" content=\"index, follow, max-snippet:-1, max-image-preview:large, max-video-preview:-1\" \/>\n<link rel=\"canonical\" href=\"https:\/\/www.sonoraenequipo.com.mx\/fuerzas-armadas-de-venezuela-rechazan-injerencia-internacional\/\" \/>\n<meta property=\"og:locale\" content=\"es_ES\" \/>\n<meta property=\"og:type\" content=\"article\" \/>\n<meta property=\"og:title\" content=\"Sonora en Equipo. Fuerzas Armadas de Venezuela rechazan injerencia internacional MUNDO\" \/>\n<meta property=\"og:description\" content=\"CARACAS, VENEZUELA.\u2014 Las Fuerzas Armadas de Venezuela reafirmaron su lealtad al presidente Nicol\u00e1s Maduro, adem\u00e1s rechazaron la injerencia de la comunidad En Sonora en Equipo publicamos toda la informaci\u00f3n de Sonora, M\u00e9xico y el Mundo de manera oportuna y busca que la libertad de expresi\u00f3n sea real. Visita nuestro medio informativo publicado desde Hermosillo, Sonora. %\" \/>\n<meta property=\"og:url\" content=\"https:\/\/www.sonoraenequipo.com.mx\/fuerzas-armadas-de-venezuela-rechazan-injerencia-internacional\/\" \/>\n<meta property=\"og:site_name\" content=\"Sonora en Equipo.\" \/>\n<meta property=\"article:publisher\" content=\"https:\/\/www.facebook.com\/SonoraEE\/\" \/>\n<meta property=\"article:author\" content=\"https:\/\/www.facebook.com\/SonoraEE\" \/>\n<meta property=\"article:published_time\" content=\"2019-01-24T17:19:06+00:00\" \/>\n<meta property=\"article:modified_time\" content=\"2019-01-24T17:21:10+00:00\" \/>\n<meta property=\"og:image\" content=\"https:\/\/www.sonoraenequipo.com.mx\/storage\/2019\/01\/elitemilitar_opt.jpg\" \/>\n\t<meta property=\"og:image:width\" content=\"711\" \/>\n\t<meta property=\"og:image:height\" content=\"400\" \/>\n\t<meta property=\"og:image:type\" content=\"image\/jpeg\" \/>\n<meta name=\"author\" content=\"enequipo\" \/>\n<meta name=\"twitter:card\" content=\"summary_large_image\" \/>\n<meta name=\"twitter:creator\" content=\"@sonoraenequipo\" \/>\n<meta name=\"twitter:site\" content=\"@sonoraenequipo\" \/>\n<meta name=\"twitter:label1\" content=\"Escrito por\" \/>\n\t<meta name=\"twitter:data1\" content=\"enequipo\" \/>\n\t<meta name=\"twitter:label2\" content=\"Tiempo de lectura\" \/>\n\t<meta name=\"twitter:data2\" content=\"1 minuto\" \/>\n<script type=\"application\/ld+json\" class=\"yoast-schema-graph\">{\"@context\":\"https:\/\/schema.org\",\"@graph\":[{\"@type\":\"Article\",\"@id\":\"https:\/\/www.sonoraenequipo.com.mx\/fuerzas-armadas-de-venezuela-rechazan-injerencia-internacional\/#article\",\"isPartOf\":{\"@id\":\"https:\/\/www.sonoraenequipo.com.mx\/fuerzas-armadas-de-venezuela-rechazan-injerencia-internacional\/\"},\"author\":{\"name\":\"enequipo\",\"@id\":\"https:\/\/www.sonoraenequipo.com.mx\/#\/schema\/person\/50102df0fb23a8fa9e8effad8fa81386\"},\"headline\":\"Fuerzas Armadas de Venezuela rechazan injerencia internacional\",\"datePublished\":\"2019-01-24T17:19:06+00:00\",\"dateModified\":\"2019-01-24T17:21:10+00:00\",\"mainEntityOfPage\":{\"@id\":\"https:\/\/www.sonoraenequipo.com.mx\/fuerzas-armadas-de-venezuela-rechazan-injerencia-internacional\/\"},\"wordCount\":195,\"commentCount\":0,\"publisher\":{\"@id\":\"https:\/\/www.sonoraenequipo.com.mx\/#organization\"},\"image\":{\"@id\":\"https:\/\/www.sonoraenequipo.com.mx\/fuerzas-armadas-de-venezuela-rechazan-injerencia-internacional\/#primaryimage\"},\"thumbnailUrl\":\"https:\/\/www.sonoraenequipo.com.mx\/storage\/2019\/01\/elitemilitar_opt.jpg\",\"articleSection\":[\"MUNDO\"],\"inLanguage\":\"es\",\"potentialAction\":[{\"@type\":\"CommentAction\",\"name\":\"Comment\",\"target\":[\"https:\/\/www.sonoraenequipo.com.mx\/fuerzas-armadas-de-venezuela-rechazan-injerencia-internacional\/#respond\"]}]},{\"@type\":\"WebPage\",\"@id\":\"https:\/\/www.sonoraenequipo.com.mx\/fuerzas-armadas-de-venezuela-rechazan-injerencia-internacional\/\",\"url\":\"https:\/\/www.sonoraenequipo.com.mx\/fuerzas-armadas-de-venezuela-rechazan-injerencia-internacional\/\",\"name\":\"Sonora en Equipo. Fuerzas Armadas de Venezuela rechazan injerencia internacional MUNDO\",\"isPartOf\":{\"@id\":\"https:\/\/www.sonoraenequipo.com.mx\/#website\"},\"primaryImageOfPage\":{\"@id\":\"https:\/\/www.sonoraenequipo.com.mx\/fuerzas-armadas-de-venezuela-rechazan-injerencia-internacional\/#primaryimage\"},\"image\":{\"@id\":\"https:\/\/www.sonoraenequipo.com.mx\/fuerzas-armadas-de-venezuela-rechazan-injerencia-internacional\/#primaryimage\"},\"thumbnailUrl\":\"https:\/\/www.sonoraenequipo.com.mx\/storage\/2019\/01\/elitemilitar_opt.jpg\",\"datePublished\":\"2019-01-24T17:19:06+00:00\",\"dateModified\":\"2019-01-24T17:21:10+00:00\",\"description\":\"CARACAS, VENEZUELA.\u2014 Las Fuerzas Armadas de Venezuela reafirmaron su lealtad al presidente Nicol\u00e1s Maduro, adem\u00e1s rechazaron la injerencia de la comunidad En Sonora en Equipo publicamos toda la informaci\u00f3n de Sonora, M\u00e9xico y el Mundo de manera oportuna y busca que la libertad de expresi\u00f3n sea real. Visita nuestro medio informativo publicado desde Hermosillo, Sonora. %\",\"breadcrumb\":{\"@id\":\"https:\/\/www.sonoraenequipo.com.mx\/fuerzas-armadas-de-venezuela-rechazan-injerencia-internacional\/#breadcrumb\"},\"inLanguage\":\"es\",\"potentialAction\":[{\"@type\":\"ReadAction\",\"target\":[\"https:\/\/www.sonoraenequipo.com.mx\/fuerzas-armadas-de-venezuela-rechazan-injerencia-internacional\/\"]}]},{\"@type\":\"ImageObject\",\"inLanguage\":\"es\",\"@id\":\"https:\/\/www.sonoraenequipo.com.mx\/fuerzas-armadas-de-venezuela-rechazan-injerencia-internacional\/#primaryimage\",\"url\":\"https:\/\/www.sonoraenequipo.com.mx\/storage\/2019\/01\/elitemilitar_opt.jpg\",\"contentUrl\":\"https:\/\/www.sonoraenequipo.com.mx\/storage\/2019\/01\/elitemilitar_opt.jpg\",\"width\":711,\"height\":400},{\"@type\":\"BreadcrumbList\",\"@id\":\"https:\/\/www.sonoraenequipo.com.mx\/fuerzas-armadas-de-venezuela-rechazan-injerencia-internacional\/#breadcrumb\",\"itemListElement\":[{\"@type\":\"ListItem\",\"position\":1,\"name\":\"Portada\",\"item\":\"https:\/\/www.sonoraenequipo.com.mx\/\"},{\"@type\":\"ListItem\",\"position\":2,\"name\":\"Fuerzas Armadas de Venezuela rechazan injerencia internacional\"}]},{\"@type\":\"WebSite\",\"@id\":\"https:\/\/www.sonoraenequipo.com.mx\/#website\",\"url\":\"https:\/\/www.sonoraenequipo.com.mx\/\",\"name\":\"Sonora en Equipo.\",\"description\":\"Diario en l\u00ednea con Noticias desde Hermosillo, Sonora\",\"publisher\":{\"@id\":\"https:\/\/www.sonoraenequipo.com.mx\/#organization\"},\"potentialAction\":[{\"@type\":\"SearchAction\",\"target\":{\"@type\":\"EntryPoint\",\"urlTemplate\":\"https:\/\/www.sonoraenequipo.com.mx\/?s={search_term_string}\"},\"query-input\":{\"@type\":\"PropertyValueSpecification\",\"valueRequired\":true,\"valueName\":\"search_term_string\"}}],\"inLanguage\":\"es\"},{\"@type\":\"Organization\",\"@id\":\"https:\/\/www.sonoraenequipo.com.mx\/#organization\",\"name\":\"Sonoraenequipo.com.mx\",\"url\":\"https:\/\/www.sonoraenequipo.com.mx\/\",\"logo\":{\"@type\":\"ImageObject\",\"inLanguage\":\"es\",\"@id\":\"https:\/\/www.sonoraenequipo.com.mx\/#\/schema\/logo\/image\/\",\"url\":\"https:\/\/www.sonoraenequipo.com.mx\/storage\/2019\/01\/sonoraenequipo_opt.png\",\"contentUrl\":\"https:\/\/www.sonoraenequipo.com.mx\/storage\/2019\/01\/sonoraenequipo_opt.png\",\"width\":375,\"height\":125,\"caption\":\"Sonoraenequipo.com.mx\"},\"image\":{\"@id\":\"https:\/\/www.sonoraenequipo.com.mx\/#\/schema\/logo\/image\/\"},\"sameAs\":[\"https:\/\/www.facebook.com\/SonoraEE\/\",\"https:\/\/x.com\/sonoraenequipo\",\"https:\/\/www.youtube.com\/channel\/UC338nW-lPEYmJQs4ZABQ1SQ\"]},{\"@type\":\"Person\",\"@id\":\"https:\/\/www.sonoraenequipo.com.mx\/#\/schema\/person\/50102df0fb23a8fa9e8effad8fa81386\",\"name\":\"enequipo\",\"image\":{\"@type\":\"ImageObject\",\"inLanguage\":\"es\",\"@id\":\"https:\/\/www.sonoraenequipo.com.mx\/#\/schema\/person\/image\/\",\"url\":\"https:\/\/secure.gravatar.com\/avatar\/049821681b589dabc0bc20695993ccebb09f5b5d4d790cd9251b97faac7c652b?s=96&d=blank&r=g\",\"contentUrl\":\"https:\/\/secure.gravatar.com\/avatar\/049821681b589dabc0bc20695993ccebb09f5b5d4d790cd9251b97faac7c652b?s=96&d=blank&r=g\",\"caption\":\"enequipo\"},\"sameAs\":[\"https:\/\/www.facebook.com\/SonoraEE\"]}]}<\/script>\n ","yoast_head_json":{"title":"Sonora en Equipo. Fuerzas Armadas de Venezuela rechazan injerencia internacional MUNDO","description":"CARACAS, VENEZUELA.\u2014 Las Fuerzas Armadas de Venezuela reafirmaron su lealtad al presidente Nicol\u00e1s Maduro, adem\u00e1s rechazaron la injerencia de la comunidad En Sonora en Equipo publicamos toda la informaci\u00f3n de Sonora, M\u00e9xico y el Mundo de manera oportuna y busca que la libertad de expresi\u00f3n sea real. Visita nuestro medio informativo publicado desde Hermosillo, Sonora. %","robots":{"index":"index","follow":"follow","max-snippet":"max-snippet:-1","max-image-preview":"max-image-preview:large","max-video-preview":"max-video-preview:-1"},"canonical":"https:\/\/www.sonoraenequipo.com.mx\/fuerzas-armadas-de-venezuela-rechazan-injerencia-internacional\/","og_locale":"es_ES","og_type":"article","og_title":"Sonora en Equipo. Fuerzas Armadas de Venezuela rechazan injerencia internacional MUNDO","og_description":"CARACAS, VENEZUELA.\u2014 Las Fuerzas Armadas de Venezuela reafirmaron su lealtad al presidente Nicol\u00e1s Maduro, adem\u00e1s rechazaron la injerencia de la comunidad En Sonora en Equipo publicamos toda la informaci\u00f3n de Sonora, M\u00e9xico y el Mundo de manera oportuna y busca que la libertad de expresi\u00f3n sea real. Visita nuestro medio informativo publicado desde Hermosillo, Sonora. %","og_url":"https:\/\/www.sonoraenequipo.com.mx\/fuerzas-armadas-de-venezuela-rechazan-injerencia-internacional\/","og_site_name":"Sonora en Equipo.","article_publisher":"https:\/\/www.facebook.com\/SonoraEE\/","article_author":"https:\/\/www.facebook.com\/SonoraEE","article_published_time":"2019-01-24T17:19:06+00:00","article_modified_time":"2019-01-24T17:21:10+00:00","og_image":[{"width":711,"height":400,"url":"https:\/\/www.sonoraenequipo.com.mx\/storage\/2019\/01\/elitemilitar_opt.jpg","type":"image\/jpeg"}],"author":"enequipo","twitter_card":"summary_large_image","twitter_creator":"@sonoraenequipo","twitter_site":"@sonoraenequipo","twitter_misc":{"Escrito por":"enequipo","Tiempo de lectura":"1 minuto"},"schema":{"@context":"https:\/\/schema.org","@graph":[{"@type":"Article","@id":"https:\/\/www.sonoraenequipo.com.mx\/fuerzas-armadas-de-venezuela-rechazan-injerencia-internacional\/#article","isPartOf":{"@id":"https:\/\/www.sonoraenequipo.com.mx\/fuerzas-armadas-de-venezuela-rechazan-injerencia-internacional\/"},"author":{"name":"enequipo","@id":"https:\/\/www.sonoraenequipo.com.mx\/#\/schema\/person\/50102df0fb23a8fa9e8effad8fa81386"},"headline":"Fuerzas Armadas de Venezuela rechazan injerencia internacional","datePublished":"2019-01-24T17:19:06+00:00","dateModified":"2019-01-24T17:21:10+00:00","mainEntityOfPage":{"@id":"https:\/\/www.sonoraenequipo.com.mx\/fuerzas-armadas-de-venezuela-rechazan-injerencia-internacional\/"},"wordCount":195,"commentCount":0,"publisher":{"@id":"https:\/\/www.sonoraenequipo.com.mx\/#organization"},"image":{"@id":"https:\/\/www.sonoraenequipo.com.mx\/fuerzas-armadas-de-venezuela-rechazan-injerencia-internacional\/#primaryimage"},"thumbnailUrl":"https:\/\/www.sonoraenequipo.com.mx\/storage\/2019\/01\/elitemilitar_opt.jpg","articleSection":["MUNDO"],"inLanguage":"es","potentialAction":[{"@type":"CommentAction","name":"Comment","target":["https:\/\/www.sonoraenequipo.com.mx\/fuerzas-armadas-de-venezuela-rechazan-injerencia-internacional\/#respond"]}]},{"@type":"WebPage","@id":"https:\/\/www.sonoraenequipo.com.mx\/fuerzas-armadas-de-venezuela-rechazan-injerencia-internacional\/","url":"https:\/\/www.sonoraenequipo.com.mx\/fuerzas-armadas-de-venezuela-rechazan-injerencia-internacional\/","name":"Sonora en Equipo. Fuerzas Armadas de Venezuela rechazan injerencia internacional MUNDO","isPartOf":{"@id":"https:\/\/www.sonoraenequipo.com.mx\/#website"},"primaryImageOfPage":{"@id":"https:\/\/www.sonoraenequipo.com.mx\/fuerzas-armadas-de-venezuela-rechazan-injerencia-internacional\/#primaryimage"},"image":{"@id":"https:\/\/www.sonoraenequipo.com.mx\/fuerzas-armadas-de-venezuela-rechazan-injerencia-internacional\/#primaryimage"},"thumbnailUrl":"https:\/\/www.sonoraenequipo.com.mx\/storage\/2019\/01\/elitemilitar_opt.jpg","datePublished":"2019-01-24T17:19:06+00:00","dateModified":"2019-01-24T17:21:10+00:00","description":"CARACAS, VENEZUELA.\u2014 Las Fuerzas Armadas de Venezuela reafirmaron su lealtad al presidente Nicol\u00e1s Maduro, adem\u00e1s rechazaron la injerencia de la comunidad En Sonora en Equipo publicamos toda la informaci\u00f3n de Sonora, M\u00e9xico y el Mundo de manera oportuna y busca que la libertad de expresi\u00f3n sea real. Visita nuestro medio informativo publicado desde Hermosillo, Sonora. %","breadcrumb":{"@id":"https:\/\/www.sonoraenequipo.com.mx\/fuerzas-armadas-de-venezuela-rechazan-injerencia-internacional\/#breadcrumb"},"inLanguage":"es","potentialAction":[{"@type":"ReadAction","target":["https:\/\/www.sonoraenequipo.com.mx\/fuerzas-armadas-de-venezuela-rechazan-injerencia-internacional\/"]}]},{"@type":"ImageObject","inLanguage":"es","@id":"https:\/\/www.sonoraenequipo.com.mx\/fuerzas-armadas-de-venezuela-rechazan-injerencia-internacional\/#primaryimage","url":"https:\/\/www.sonoraenequipo.com.mx\/storage\/2019\/01\/elitemilitar_opt.jpg","contentUrl":"https:\/\/www.sonoraenequipo.com.mx\/storage\/2019\/01\/elitemilitar_opt.jpg","width":711,"height":400},{"@type":"BreadcrumbList","@id":"https:\/\/www.sonoraenequipo.com.mx\/fuerzas-armadas-de-venezuela-rechazan-injerencia-internacional\/#breadcrumb","itemListElement":[{"@type":"ListItem","position":1,"name":"Portada","item":"https:\/\/www.sonoraenequipo.com.mx\/"},{"@type":"ListItem","position":2,"name":"Fuerzas Armadas de Venezuela rechazan injerencia internacional"}]},{"@type":"WebSite","@id":"https:\/\/www.sonoraenequipo.com.mx\/#website","url":"https:\/\/www.sonoraenequipo.com.mx\/","name":"Sonora en Equipo.","description":"Diario en l\u00ednea con Noticias desde Hermosillo, Sonora","publisher":{"@id":"https:\/\/www.sonoraenequipo.com.mx\/#organization"},"potentialAction":[{"@type":"SearchAction","target":{"@type":"EntryPoint","urlTemplate":"https:\/\/www.sonoraenequipo.com.mx\/?s={search_term_string}"},"query-input":{"@type":"PropertyValueSpecification","valueRequired":true,"valueName":"search_term_string"}}],"inLanguage":"es"},{"@type":"Organization","@id":"https:\/\/www.sonoraenequipo.com.mx\/#organization","name":"Sonoraenequipo.com.mx","url":"https:\/\/www.sonoraenequipo.com.mx\/","logo":{"@type":"ImageObject","inLanguage":"es","@id":"https:\/\/www.sonoraenequipo.com.mx\/#\/schema\/logo\/image\/","url":"https:\/\/www.sonoraenequipo.com.mx\/storage\/2019\/01\/sonoraenequipo_opt.png","contentUrl":"https:\/\/www.sonoraenequipo.com.mx\/storage\/2019\/01\/sonoraenequipo_opt.png","width":375,"height":125,"caption":"Sonoraenequipo.com.mx"},"image":{"@id":"https:\/\/www.sonoraenequipo.com.mx\/#\/schema\/logo\/image\/"},"sameAs":["https:\/\/www.facebook.com\/SonoraEE\/","https:\/\/x.com\/sonoraenequipo","https:\/\/www.youtube.com\/channel\/UC338nW-lPEYmJQs4ZABQ1SQ"]},{"@type":"Person","@id":"https:\/\/www.sonoraenequipo.com.mx\/#\/schema\/person\/50102df0fb23a8fa9e8effad8fa81386","name":"enequipo","image":{"@type":"ImageObject","inLanguage":"es","@id":"https:\/\/www.sonoraenequipo.com.mx\/#\/schema\/person\/image\/","url":"https:\/\/secure.gravatar.com\/avatar\/049821681b589dabc0bc20695993ccebb09f5b5d4d790cd9251b97faac7c652b?s=96&d=blank&r=g","contentUrl":"https:\/\/secure.gravatar.com\/avatar\/049821681b589dabc0bc20695993ccebb09f5b5d4d790cd9251b97faac7c652b?s=96&d=blank&r=g","caption":"enequipo"},"sameAs":["https:\/\/www.facebook.com\/SonoraEE"]}]}},"jetpack_featured_media_url":"https:\/\/www.sonoraenequipo.com.mx\/storage\/2019\/01\/elitemilitar_opt.jpg","_links":{"self":[{"href":"https:\/\/www.sonoraenequipo.com.mx\/api\/wp\/v2\/posts\/53109","targetHints":{"allow":["GET"]}}],"collection":[{"href":"https:\/\/www.sonoraenequipo.com.mx\/api\/wp\/v2\/posts"}],"about":[{"href":"https:\/\/www.sonoraenequipo.com.mx\/api\/wp\/v2\/types\/post"}],"author":[{"embeddable":true,"href":"https:\/\/www.sonoraenequipo.com.mx\/api\/wp\/v2\/users\/1"}],"replies":[{"embeddable":true,"href":"https:\/\/www.sonoraenequipo.com.mx\/api\/wp\/v2\/comments?post=53109"}],"version-history":[{"count":0,"href":"https:\/\/www.sonoraenequipo.com.mx\/api\/wp\/v2\/posts\/53109\/revisions"}],"wp:featuredmedia":[{"embeddable":true,"href":"https:\/\/www.sonoraenequipo.com.mx\/api\/wp\/v2\/media\/53110"}],"wp:attachment":[{"href":"https:\/\/www.sonoraenequipo.com.mx\/api\/wp\/v2\/media?parent=53109"}],"wp:term":[{"taxonomy":"category","embeddable":true,"href":"https:\/\/www.sonoraenequipo.com.mx\/api\/wp\/v2\/categories?post=53109"},{"taxonomy":"post_tag","embeddable":true,"href":"https:\/\/www.sonoraenequipo.com.mx\/api\/wp\/v2\/tags?post=53109"}],"curies":[{"name":"wp","href":"https:\/\/api.w.org\/{rel}","templated":true}]}}