{"id":53115,"date":"2019-01-24T11:01:52","date_gmt":"2019-01-24T18:01:52","guid":{"rendered":"http:\/\/www.sonoraenequipo.com.mx\/?p=53115"},"modified":"2019-01-24T11:01:52","modified_gmt":"2019-01-24T18:01:52","slug":"el-48-del-gasto-total-en-salud-en-el-pais-corresponde-a-gasto-privado","status":"publish","type":"post","link":"https:\/\/www.sonoraenequipo.com.mx\/el-48-del-gasto-total-en-salud-en-el-pais-corresponde-a-gasto-privado\/","title":{"rendered":"El 48% del gasto total en salud en el pa\u00eds corresponde a gasto privado"},"content":{"rendered":"<p>CIUDAD DE M\u00c9XICO. MX. \u2014 De acuerdo con la Asociaci\u00f3n Mexicana de Instituciones de Seguros (AMIS), el gasto en salud en M\u00e9xico se divide en gasto p\u00fablico, el cual es cubierto por instancias gubernamentales y representa 52% del gasto total; y el gasto privado que representa 48% del total.  <br \/>\nAdem\u00e1s, respecto a los pa\u00edses miembros de la OCDE, M\u00e9xico destaca por la elevada proporci\u00f3n del gasto de bolsillo dentro del gasto destinado a salud, que es de 41.4%, mientras que el promedio de los pa\u00edses miembros de este organismo internacional es de 20.3%.<\/p>\n<p>Cifras del Instituto Nacional de Estad\u00edstica y Geograf\u00eda (INEGI) precisan que el mayor gasto que se hace en salud es en los rubros de servicios hospitalarios, servicios m\u00e9dicos de atenci\u00f3n ambulatoria y el comercio de bienes relacionados con la salud, estos tres aspectos en conjunto suman 52% del total del gasto que los mexicanos realizan en los servicios del sector salud.<\/p>\n<p>Por otro lado, la AMIS menciona que actualmente solo 7% de la poblaci\u00f3n cuenta con un Seguro de Gastos M\u00e9dicos Mayores y que el crecimiento promedio en n\u00famero de asegurados ha sido de 4% anual en los \u00faltimos 10 a\u00f1os, lo que hace evidente la importancia de fortalecer una cultura del seguro que permita a las familias contar con un respaldo financiero ante una eventualidad no s\u00f3lo en su patrimonio, tambi\u00e9n en su salud.<\/p>\n<p>En M\u00e9xico las enfermedades cr\u00f3nico-degenerativas, como c\u00e1ncer, enfermedades cardiovasculares y diabetes, representan las principales causas de muerte, as\u00ed mismo sus alto costo de atenci\u00f3n las colocan como \u00abenfermedades catastr\u00f3ficas\u00bb ya que de no contar con un respaldo financiero para su atenci\u00f3n como lo es el Seguro de Gastos M\u00e9dicos Mayores, puede representar la p\u00e9rdida de estabilidad financiera de las familias.<\/p>\n<p>Al cierre de 2018, GNP atendi\u00f3 181 mil 609 reportes del Seguro de Gastos M\u00e9dicos Mayores, pagando cerca de 13 mil millones de pesos; adem\u00e1s, GNP revel\u00f3 que 10% de los reportes recibidos en su ramo de Gastos M\u00e9dicos Mayores en 2018 correspondieron a accidentes, mientras que 90% restante fue por enfermedades, en cuanto a monto pagado, 5% corresponde a accidentes y 95% a enfermedades, entre las m\u00e1s frecuentes fueron parto, trastorno de rodilla, hipertensi\u00f3n, diabetes y trastorno del disco cervical. Mientras que entre las que generaron un mayot costo se encuentran: neoplasias, trastorno de disco cervical. Trastrono de rodilla. C\u00e1ncer de mama, partos y coletitiasis.<\/p>\n<p><em>\u00abGNP Seguros es un referente en el ramo de Gastos M\u00e9dicos Mayores, estamos orgullosos de apoyar a las familias mexicanas con una herramienta que les permita reducir el riesgo de que una afectaci\u00f3n de salud tenga tambi\u00e9n consecuencias en su estabilidad financiera\u00bb,<\/em> mencion\u00f3 Diego Hern\u00e1ndez, Director de Gastos M\u00e9dicos Mayores y Vida de GNP Seguros.<\/p>\n<p>Para GNP, el crecimiento en la penetraci\u00f3n del seguro de Gastos M\u00e9dicos es un pilar fundamental para lograr la estabilidad y solidez del sistema de salud en M\u00e9xico.<\/p>\n<p>Acerca de GNP: GNP Seguros es la empresa aseguradora multirramo con 116 a\u00f1os de experiencia que la respaldan, adem\u00e1s forma parte de uno de los conglomerados empresariales m\u00e1s importantes de M\u00e9xico GRUPO BAL, el cual est\u00e1 constituido por instituciones de gran prestigio y destacadas en cada uno de sus sectores: seguros, pensiones, financiero, comercial, industrial y educativo.<\/p>\n<p>(FECHA DE PUBLICACI\u00d3N.24\/01\/2019\/\/<\/p>\n","protected":false},"excerpt":{"rendered":"<p>CIUDAD DE M\u00c9XICO. MX. \u2014 De acuerdo con la Asociaci\u00f3n Mexicana de Instituciones de Seguros&#8230;<\/p>\n","protected":false},"author":1,"featured_media":53117,"comment_status":"open","ping_status":"open","sticky":false,"template":"","format":"standard","meta":{"_monsterinsights_skip_tracking":false,"_monsterinsights_sitenote_active":false,"_monsterinsights_sitenote_note":"","_monsterinsights_sitenote_category":0,"footnotes":""},"categories":[5],"tags":[],"class_list":["post"],"yoast_head":" \n<title>Sonora en Equipo. El 48% del gasto total en salud en el pa\u00eds corresponde a gasto privado Rep\u00fablica<\/title>\n<meta name=\"description\" content=\"CIUDAD DE M\u00c9XICO. MX. \u2014 De acuerdo con la Asociaci\u00f3n Mexicana de Instituciones de Seguros (AMIS), el gasto en salud en M\u00e9xico se divide en gasto p\u00fablico, En Sonora en Equipo publicamos toda la informaci\u00f3n de Sonora, M\u00e9xico y el Mundo de manera oportuna y busca que la libertad de expresi\u00f3n sea real. Visita nuestro medio informativo publicado desde Hermosillo, Sonora. %\" \/>\n<meta name=\"robots\" content=\"index, follow, max-snippet:-1, max-image-preview:large, max-video-preview:-1\" \/>\n<link rel=\"canonical\" href=\"https:\/\/www.sonoraenequipo.com.mx\/el-48-del-gasto-total-en-salud-en-el-pais-corresponde-a-gasto-privado\/\" \/>\n<meta property=\"og:locale\" content=\"es_ES\" \/>\n<meta property=\"og:type\" content=\"article\" \/>\n<meta property=\"og:title\" content=\"Sonora en Equipo. El 48% del gasto total en salud en el pa\u00eds corresponde a gasto privado Rep\u00fablica\" \/>\n<meta property=\"og:description\" content=\"CIUDAD DE M\u00c9XICO. MX. \u2014 De acuerdo con la Asociaci\u00f3n Mexicana de Instituciones de Seguros (AMIS), el gasto en salud en M\u00e9xico se divide en gasto p\u00fablico, En Sonora en Equipo publicamos toda la informaci\u00f3n de Sonora, M\u00e9xico y el Mundo de manera oportuna y busca que la libertad de expresi\u00f3n sea real. Visita nuestro medio informativo publicado desde Hermosillo, Sonora. %\" \/>\n<meta property=\"og:url\" content=\"https:\/\/www.sonoraenequipo.com.mx\/el-48-del-gasto-total-en-salud-en-el-pais-corresponde-a-gasto-privado\/\" \/>\n<meta property=\"og:site_name\" content=\"Sonora en Equipo.\" \/>\n<meta property=\"article:publisher\" content=\"https:\/\/www.facebook.com\/SonoraEE\/\" \/>\n<meta property=\"article:author\" content=\"https:\/\/www.facebook.com\/SonoraEE\" \/>\n<meta property=\"article:published_time\" content=\"2019-01-24T18:01:52+00:00\" \/>\n<meta property=\"og:image\" content=\"https:\/\/www.sonoraenequipo.com.mx\/storage\/2019\/01\/gastoensalud_opt.jpg\" \/>\n\t<meta property=\"og:image:width\" content=\"604\" \/>\n\t<meta property=\"og:image:height\" content=\"400\" \/>\n\t<meta property=\"og:image:type\" content=\"image\/jpeg\" \/>\n<meta name=\"author\" content=\"enequipo\" \/>\n<meta name=\"twitter:card\" content=\"summary_large_image\" \/>\n<meta name=\"twitter:creator\" content=\"@sonoraenequipo\" \/>\n<meta name=\"twitter:site\" content=\"@sonoraenequipo\" \/>\n<meta name=\"twitter:label1\" content=\"Escrito por\" \/>\n\t<meta name=\"twitter:data1\" content=\"enequipo\" \/>\n\t<meta name=\"twitter:label2\" content=\"Tiempo de lectura\" \/>\n\t<meta name=\"twitter:data2\" content=\"3 minutos\" \/>\n<script type=\"application\/ld+json\" class=\"yoast-schema-graph\">{\"@context\":\"https:\/\/schema.org\",\"@graph\":[{\"@type\":\"Article\",\"@id\":\"https:\/\/www.sonoraenequipo.com.mx\/el-48-del-gasto-total-en-salud-en-el-pais-corresponde-a-gasto-privado\/#article\",\"isPartOf\":{\"@id\":\"https:\/\/www.sonoraenequipo.com.mx\/el-48-del-gasto-total-en-salud-en-el-pais-corresponde-a-gasto-privado\/\"},\"author\":{\"name\":\"enequipo\",\"@id\":\"https:\/\/www.sonoraenequipo.com.mx\/#\/schema\/person\/50102df0fb23a8fa9e8effad8fa81386\"},\"headline\":\"El 48% del gasto total en salud en el pa\u00eds corresponde a gasto privado\",\"datePublished\":\"2019-01-24T18:01:52+00:00\",\"mainEntityOfPage\":{\"@id\":\"https:\/\/www.sonoraenequipo.com.mx\/el-48-del-gasto-total-en-salud-en-el-pais-corresponde-a-gasto-privado\/\"},\"wordCount\":578,\"commentCount\":0,\"publisher\":{\"@id\":\"https:\/\/www.sonoraenequipo.com.mx\/#organization\"},\"image\":{\"@id\":\"https:\/\/www.sonoraenequipo.com.mx\/el-48-del-gasto-total-en-salud-en-el-pais-corresponde-a-gasto-privado\/#primaryimage\"},\"thumbnailUrl\":\"https:\/\/www.sonoraenequipo.com.mx\/storage\/2019\/01\/gastoensalud_opt.jpg\",\"articleSection\":[\"Rep\u00fablica\"],\"inLanguage\":\"es\",\"potentialAction\":[{\"@type\":\"CommentAction\",\"name\":\"Comment\",\"target\":[\"https:\/\/www.sonoraenequipo.com.mx\/el-48-del-gasto-total-en-salud-en-el-pais-corresponde-a-gasto-privado\/#respond\"]}]},{\"@type\":\"WebPage\",\"@id\":\"https:\/\/www.sonoraenequipo.com.mx\/el-48-del-gasto-total-en-salud-en-el-pais-corresponde-a-gasto-privado\/\",\"url\":\"https:\/\/www.sonoraenequipo.com.mx\/el-48-del-gasto-total-en-salud-en-el-pais-corresponde-a-gasto-privado\/\",\"name\":\"Sonora en Equipo. El 48% del gasto total en salud en el pa\u00eds corresponde a gasto privado Rep\u00fablica\",\"isPartOf\":{\"@id\":\"https:\/\/www.sonoraenequipo.com.mx\/#website\"},\"primaryImageOfPage\":{\"@id\":\"https:\/\/www.sonoraenequipo.com.mx\/el-48-del-gasto-total-en-salud-en-el-pais-corresponde-a-gasto-privado\/#primaryimage\"},\"image\":{\"@id\":\"https:\/\/www.sonoraenequipo.com.mx\/el-48-del-gasto-total-en-salud-en-el-pais-corresponde-a-gasto-privado\/#primaryimage\"},\"thumbnailUrl\":\"https:\/\/www.sonoraenequipo.com.mx\/storage\/2019\/01\/gastoensalud_opt.jpg\",\"datePublished\":\"2019-01-24T18:01:52+00:00\",\"description\":\"CIUDAD DE M\u00c9XICO. MX. \u2014 De acuerdo con la Asociaci\u00f3n Mexicana de Instituciones de Seguros (AMIS), el gasto en salud en M\u00e9xico se divide en gasto p\u00fablico, En Sonora en Equipo publicamos toda la informaci\u00f3n de Sonora, M\u00e9xico y el Mundo de manera oportuna y busca que la libertad de expresi\u00f3n sea real. Visita nuestro medio informativo publicado desde Hermosillo, Sonora. %\",\"breadcrumb\":{\"@id\":\"https:\/\/www.sonoraenequipo.com.mx\/el-48-del-gasto-total-en-salud-en-el-pais-corresponde-a-gasto-privado\/#breadcrumb\"},\"inLanguage\":\"es\",\"potentialAction\":[{\"@type\":\"ReadAction\",\"target\":[\"https:\/\/www.sonoraenequipo.com.mx\/el-48-del-gasto-total-en-salud-en-el-pais-corresponde-a-gasto-privado\/\"]}]},{\"@type\":\"ImageObject\",\"inLanguage\":\"es\",\"@id\":\"https:\/\/www.sonoraenequipo.com.mx\/el-48-del-gasto-total-en-salud-en-el-pais-corresponde-a-gasto-privado\/#primaryimage\",\"url\":\"https:\/\/www.sonoraenequipo.com.mx\/storage\/2019\/01\/gastoensalud_opt.jpg\",\"contentUrl\":\"https:\/\/www.sonoraenequipo.com.mx\/storage\/2019\/01\/gastoensalud_opt.jpg\",\"width\":604,\"height\":400},{\"@type\":\"BreadcrumbList\",\"@id\":\"https:\/\/www.sonoraenequipo.com.mx\/el-48-del-gasto-total-en-salud-en-el-pais-corresponde-a-gasto-privado\/#breadcrumb\",\"itemListElement\":[{\"@type\":\"ListItem\",\"position\":1,\"name\":\"Portada\",\"item\":\"https:\/\/www.sonoraenequipo.com.mx\/\"},{\"@type\":\"ListItem\",\"position\":2,\"name\":\"El 48% del gasto total en salud en el pa\u00eds corresponde a gasto privado\"}]},{\"@type\":\"WebSite\",\"@id\":\"https:\/\/www.sonoraenequipo.com.mx\/#website\",\"url\":\"https:\/\/www.sonoraenequipo.com.mx\/\",\"name\":\"Sonora en Equipo.\",\"description\":\"Diario en l\u00ednea con Noticias desde Hermosillo, Sonora\",\"publisher\":{\"@id\":\"https:\/\/www.sonoraenequipo.com.mx\/#organization\"},\"potentialAction\":[{\"@type\":\"SearchAction\",\"target\":{\"@type\":\"EntryPoint\",\"urlTemplate\":\"https:\/\/www.sonoraenequipo.com.mx\/?s={search_term_string}\"},\"query-input\":{\"@type\":\"PropertyValueSpecification\",\"valueRequired\":true,\"valueName\":\"search_term_string\"}}],\"inLanguage\":\"es\"},{\"@type\":\"Organization\",\"@id\":\"https:\/\/www.sonoraenequipo.com.mx\/#organization\",\"name\":\"Sonoraenequipo.com.mx\",\"url\":\"https:\/\/www.sonoraenequipo.com.mx\/\",\"logo\":{\"@type\":\"ImageObject\",\"inLanguage\":\"es\",\"@id\":\"https:\/\/www.sonoraenequipo.com.mx\/#\/schema\/logo\/image\/\",\"url\":\"https:\/\/www.sonoraenequipo.com.mx\/storage\/2019\/01\/sonoraenequipo_opt.png\",\"contentUrl\":\"https:\/\/www.sonoraenequipo.com.mx\/storage\/2019\/01\/sonoraenequipo_opt.png\",\"width\":375,\"height\":125,\"caption\":\"Sonoraenequipo.com.mx\"},\"image\":{\"@id\":\"https:\/\/www.sonoraenequipo.com.mx\/#\/schema\/logo\/image\/\"},\"sameAs\":[\"https:\/\/www.facebook.com\/SonoraEE\/\",\"https:\/\/x.com\/sonoraenequipo\",\"https:\/\/www.youtube.com\/channel\/UC338nW-lPEYmJQs4ZABQ1SQ\"]},{\"@type\":\"Person\",\"@id\":\"https:\/\/www.sonoraenequipo.com.mx\/#\/schema\/person\/50102df0fb23a8fa9e8effad8fa81386\",\"name\":\"enequipo\",\"image\":{\"@type\":\"ImageObject\",\"inLanguage\":\"es\",\"@id\":\"https:\/\/www.sonoraenequipo.com.mx\/#\/schema\/person\/image\/\",\"url\":\"https:\/\/secure.gravatar.com\/avatar\/049821681b589dabc0bc20695993ccebb09f5b5d4d790cd9251b97faac7c652b?s=96&d=blank&r=g\",\"contentUrl\":\"https:\/\/secure.gravatar.com\/avatar\/049821681b589dabc0bc20695993ccebb09f5b5d4d790cd9251b97faac7c652b?s=96&d=blank&r=g\",\"caption\":\"enequipo\"},\"sameAs\":[\"https:\/\/www.facebook.com\/SonoraEE\"]}]}<\/script>\n ","yoast_head_json":{"title":"Sonora en Equipo. El 48% del gasto total en salud en el pa\u00eds corresponde a gasto privado Rep\u00fablica","description":"CIUDAD DE M\u00c9XICO. MX. \u2014 De acuerdo con la Asociaci\u00f3n Mexicana de Instituciones de Seguros (AMIS), el gasto en salud en M\u00e9xico se divide en gasto p\u00fablico, En Sonora en Equipo publicamos toda la informaci\u00f3n de Sonora, M\u00e9xico y el Mundo de manera oportuna y busca que la libertad de expresi\u00f3n sea real. Visita nuestro medio informativo publicado desde Hermosillo, Sonora. %","robots":{"index":"index","follow":"follow","max-snippet":"max-snippet:-1","max-image-preview":"max-image-preview:large","max-video-preview":"max-video-preview:-1"},"canonical":"https:\/\/www.sonoraenequipo.com.mx\/el-48-del-gasto-total-en-salud-en-el-pais-corresponde-a-gasto-privado\/","og_locale":"es_ES","og_type":"article","og_title":"Sonora en Equipo. El 48% del gasto total en salud en el pa\u00eds corresponde a gasto privado Rep\u00fablica","og_description":"CIUDAD DE M\u00c9XICO. MX. \u2014 De acuerdo con la Asociaci\u00f3n Mexicana de Instituciones de Seguros (AMIS), el gasto en salud en M\u00e9xico se divide en gasto p\u00fablico, En Sonora en Equipo publicamos toda la informaci\u00f3n de Sonora, M\u00e9xico y el Mundo de manera oportuna y busca que la libertad de expresi\u00f3n sea real. Visita nuestro medio informativo publicado desde Hermosillo, Sonora. %","og_url":"https:\/\/www.sonoraenequipo.com.mx\/el-48-del-gasto-total-en-salud-en-el-pais-corresponde-a-gasto-privado\/","og_site_name":"Sonora en Equipo.","article_publisher":"https:\/\/www.facebook.com\/SonoraEE\/","article_author":"https:\/\/www.facebook.com\/SonoraEE","article_published_time":"2019-01-24T18:01:52+00:00","og_image":[{"width":604,"height":400,"url":"https:\/\/www.sonoraenequipo.com.mx\/storage\/2019\/01\/gastoensalud_opt.jpg","type":"image\/jpeg"}],"author":"enequipo","twitter_card":"summary_large_image","twitter_creator":"@sonoraenequipo","twitter_site":"@sonoraenequipo","twitter_misc":{"Escrito por":"enequipo","Tiempo de lectura":"3 minutos"},"schema":{"@context":"https:\/\/schema.org","@graph":[{"@type":"Article","@id":"https:\/\/www.sonoraenequipo.com.mx\/el-48-del-gasto-total-en-salud-en-el-pais-corresponde-a-gasto-privado\/#article","isPartOf":{"@id":"https:\/\/www.sonoraenequipo.com.mx\/el-48-del-gasto-total-en-salud-en-el-pais-corresponde-a-gasto-privado\/"},"author":{"name":"enequipo","@id":"https:\/\/www.sonoraenequipo.com.mx\/#\/schema\/person\/50102df0fb23a8fa9e8effad8fa81386"},"headline":"El 48% del gasto total en salud en el pa\u00eds corresponde a gasto privado","datePublished":"2019-01-24T18:01:52+00:00","mainEntityOfPage":{"@id":"https:\/\/www.sonoraenequipo.com.mx\/el-48-del-gasto-total-en-salud-en-el-pais-corresponde-a-gasto-privado\/"},"wordCount":578,"commentCount":0,"publisher":{"@id":"https:\/\/www.sonoraenequipo.com.mx\/#organization"},"image":{"@id":"https:\/\/www.sonoraenequipo.com.mx\/el-48-del-gasto-total-en-salud-en-el-pais-corresponde-a-gasto-privado\/#primaryimage"},"thumbnailUrl":"https:\/\/www.sonoraenequipo.com.mx\/storage\/2019\/01\/gastoensalud_opt.jpg","articleSection":["Rep\u00fablica"],"inLanguage":"es","potentialAction":[{"@type":"CommentAction","name":"Comment","target":["https:\/\/www.sonoraenequipo.com.mx\/el-48-del-gasto-total-en-salud-en-el-pais-corresponde-a-gasto-privado\/#respond"]}]},{"@type":"WebPage","@id":"https:\/\/www.sonoraenequipo.com.mx\/el-48-del-gasto-total-en-salud-en-el-pais-corresponde-a-gasto-privado\/","url":"https:\/\/www.sonoraenequipo.com.mx\/el-48-del-gasto-total-en-salud-en-el-pais-corresponde-a-gasto-privado\/","name":"Sonora en Equipo. El 48% del gasto total en salud en el pa\u00eds corresponde a gasto privado Rep\u00fablica","isPartOf":{"@id":"https:\/\/www.sonoraenequipo.com.mx\/#website"},"primaryImageOfPage":{"@id":"https:\/\/www.sonoraenequipo.com.mx\/el-48-del-gasto-total-en-salud-en-el-pais-corresponde-a-gasto-privado\/#primaryimage"},"image":{"@id":"https:\/\/www.sonoraenequipo.com.mx\/el-48-del-gasto-total-en-salud-en-el-pais-corresponde-a-gasto-privado\/#primaryimage"},"thumbnailUrl":"https:\/\/www.sonoraenequipo.com.mx\/storage\/2019\/01\/gastoensalud_opt.jpg","datePublished":"2019-01-24T18:01:52+00:00","description":"CIUDAD DE M\u00c9XICO. MX. \u2014 De acuerdo con la Asociaci\u00f3n Mexicana de Instituciones de Seguros (AMIS), el gasto en salud en M\u00e9xico se divide en gasto p\u00fablico, En Sonora en Equipo publicamos toda la informaci\u00f3n de Sonora, M\u00e9xico y el Mundo de manera oportuna y busca que la libertad de expresi\u00f3n sea real. Visita nuestro medio informativo publicado desde Hermosillo, Sonora. %","breadcrumb":{"@id":"https:\/\/www.sonoraenequipo.com.mx\/el-48-del-gasto-total-en-salud-en-el-pais-corresponde-a-gasto-privado\/#breadcrumb"},"inLanguage":"es","potentialAction":[{"@type":"ReadAction","target":["https:\/\/www.sonoraenequipo.com.mx\/el-48-del-gasto-total-en-salud-en-el-pais-corresponde-a-gasto-privado\/"]}]},{"@type":"ImageObject","inLanguage":"es","@id":"https:\/\/www.sonoraenequipo.com.mx\/el-48-del-gasto-total-en-salud-en-el-pais-corresponde-a-gasto-privado\/#primaryimage","url":"https:\/\/www.sonoraenequipo.com.mx\/storage\/2019\/01\/gastoensalud_opt.jpg","contentUrl":"https:\/\/www.sonoraenequipo.com.mx\/storage\/2019\/01\/gastoensalud_opt.jpg","width":604,"height":400},{"@type":"BreadcrumbList","@id":"https:\/\/www.sonoraenequipo.com.mx\/el-48-del-gasto-total-en-salud-en-el-pais-corresponde-a-gasto-privado\/#breadcrumb","itemListElement":[{"@type":"ListItem","position":1,"name":"Portada","item":"https:\/\/www.sonoraenequipo.com.mx\/"},{"@type":"ListItem","position":2,"name":"El 48% del gasto total en salud en el pa\u00eds corresponde a gasto privado"}]},{"@type":"WebSite","@id":"https:\/\/www.sonoraenequipo.com.mx\/#website","url":"https:\/\/www.sonoraenequipo.com.mx\/","name":"Sonora en Equipo.","description":"Diario en l\u00ednea con Noticias desde Hermosillo, Sonora","publisher":{"@id":"https:\/\/www.sonoraenequipo.com.mx\/#organization"},"potentialAction":[{"@type":"SearchAction","target":{"@type":"EntryPoint","urlTemplate":"https:\/\/www.sonoraenequipo.com.mx\/?s={search_term_string}"},"query-input":{"@type":"PropertyValueSpecification","valueRequired":true,"valueName":"search_term_string"}}],"inLanguage":"es"},{"@type":"Organization","@id":"https:\/\/www.sonoraenequipo.com.mx\/#organization","name":"Sonoraenequipo.com.mx","url":"https:\/\/www.sonoraenequipo.com.mx\/","logo":{"@type":"ImageObject","inLanguage":"es","@id":"https:\/\/www.sonoraenequipo.com.mx\/#\/schema\/logo\/image\/","url":"https:\/\/www.sonoraenequipo.com.mx\/storage\/2019\/01\/sonoraenequipo_opt.png","contentUrl":"https:\/\/www.sonoraenequipo.com.mx\/storage\/2019\/01\/sonoraenequipo_opt.png","width":375,"height":125,"caption":"Sonoraenequipo.com.mx"},"image":{"@id":"https:\/\/www.sonoraenequipo.com.mx\/#\/schema\/logo\/image\/"},"sameAs":["https:\/\/www.facebook.com\/SonoraEE\/","https:\/\/x.com\/sonoraenequipo","https:\/\/www.youtube.com\/channel\/UC338nW-lPEYmJQs4ZABQ1SQ"]},{"@type":"Person","@id":"https:\/\/www.sonoraenequipo.com.mx\/#\/schema\/person\/50102df0fb23a8fa9e8effad8fa81386","name":"enequipo","image":{"@type":"ImageObject","inLanguage":"es","@id":"https:\/\/www.sonoraenequipo.com.mx\/#\/schema\/person\/image\/","url":"https:\/\/secure.gravatar.com\/avatar\/049821681b589dabc0bc20695993ccebb09f5b5d4d790cd9251b97faac7c652b?s=96&d=blank&r=g","contentUrl":"https:\/\/secure.gravatar.com\/avatar\/049821681b589dabc0bc20695993ccebb09f5b5d4d790cd9251b97faac7c652b?s=96&d=blank&r=g","caption":"enequipo"},"sameAs":["https:\/\/www.facebook.com\/SonoraEE"]}]}},"jetpack_featured_media_url":"https:\/\/www.sonoraenequipo.com.mx\/storage\/2019\/01\/gastoensalud_opt.jpg","_links":{"self":[{"href":"https:\/\/www.sonoraenequipo.com.mx\/api\/wp\/v2\/posts\/53115","targetHints":{"allow":["GET"]}}],"collection":[{"href":"https:\/\/www.sonoraenequipo.com.mx\/api\/wp\/v2\/posts"}],"about":[{"href":"https:\/\/www.sonoraenequipo.com.mx\/api\/wp\/v2\/types\/post"}],"author":[{"embeddable":true,"href":"https:\/\/www.sonoraenequipo.com.mx\/api\/wp\/v2\/users\/1"}],"replies":[{"embeddable":true,"href":"https:\/\/www.sonoraenequipo.com.mx\/api\/wp\/v2\/comments?post=53115"}],"version-history":[{"count":0,"href":"https:\/\/www.sonoraenequipo.com.mx\/api\/wp\/v2\/posts\/53115\/revisions"}],"wp:featuredmedia":[{"embeddable":true,"href":"https:\/\/www.sonoraenequipo.com.mx\/api\/wp\/v2\/media\/53117"}],"wp:attachment":[{"href":"https:\/\/www.sonoraenequipo.com.mx\/api\/wp\/v2\/media?parent=53115"}],"wp:term":[{"taxonomy":"category","embeddable":true,"href":"https:\/\/www.sonoraenequipo.com.mx\/api\/wp\/v2\/categories?post=53115"},{"taxonomy":"post_tag","embeddable":true,"href":"https:\/\/www.sonoraenequipo.com.mx\/api\/wp\/v2\/tags?post=53115"}],"curies":[{"name":"wp","href":"https:\/\/api.w.org\/{rel}","templated":true}]}}