{"id":53143,"date":"2019-01-24T16:50:29","date_gmt":"2019-01-24T23:50:29","guid":{"rendered":"http:\/\/www.sonoraenequipo.com.mx\/?p=53143"},"modified":"2019-12-17T08:42:54","modified_gmt":"2019-12-17T15:42:54","slug":"partido-laborista-convoco-votacion-para-segundo-referendo-del-brexit","status":"publish","type":"post","link":"https:\/\/www.sonoraenequipo.com.mx\/partido-laborista-convoco-votacion-para-segundo-referendo-del-brexit\/","title":{"rendered":"Partido Laborista convoc\u00f3 votaci\u00f3n para segundo referendo del brexit"},"content":{"rendered":"<p>REINO UNIDO. \u2014El Partido Laborista, de la oposici\u00f3n brit\u00e1nica, pidi\u00f3 al Parlamento, el lunes por la noche, que realice una votaci\u00f3n sobre si se deber\u00eda celebrar o no un segundo referendo del brexit. <\/p>\n<p>La enmienda representa un cambio significativo en la pol\u00edtica del partido con respecto a un segundo referendo y tambi\u00e9n tiene como objetivo descartar un brexit sin acuerdo y otorgar al Parlamento el poder de considerar planes alternativos propuestos por los parlamentarios sobre el acuerdo de retirada de la primera ministra de Reino Unido, Theresa May.<\/p>\n<p>La propuesta incluye <em>\u201cun acuerdo de brexit alternativo que proteja los empleos, los niveles de vida y los derechos de los trabajadores y est\u00e1ndares medioambientales a trav\u00e9s de una uni\u00f3n aduanera integral con un contrato del Reino Unido y un acuerdo s\u00f3lido en el mercado \u00fanico\u201d.<\/em><\/p>\n<p>Adem\u00e1s, <em>\u201cla opci\u00f3n de una votaci\u00f3n p\u00fablica sobre un acuerdo o propuesta sobre la futura relaci\u00f3n del Reino Unido con la Uni\u00f3n Europea\u201d<\/em> deber\u00eda ser considerada por el Parlamento para romper el impase del brexit, agreg\u00f3 el partido.<\/p>\n<p>La enmienda destac\u00f3 la pol\u00edtica de los laboristas de un <em>\u201cbrexit de Trabajos Primero\u201d,<\/em> que prioriza los derechos de los trabajadores, las normas comerciales y las protecciones ambientales que est\u00e1n en l\u00ednea con la UE. Tambi\u00e9n respalda la pol\u00edtica de conferencia laborista de <em>\u201cmantener todas las opciones sobre la mesa\u201d,<\/em> incluida una votaci\u00f3n p\u00fablica.<\/p>\n<p>Jeremy Corbyn, l\u00edder del Partido Laborista, declar\u00f3:<em> \u201cTheresa May ha demostrado hoy que no tiene un Plan B despu\u00e9s del rechazo completo de su acuerdo del brexit mal hecho ante los parlamentarios la semana pasada. La primera ministra se reh\u00fasa a cambiar sus l\u00edneas rojas o a poner en la mesa la amenaza de una salida sin acuerdo. Los diputados deben actuar para romper el estancamiento\u201d.<\/em><\/p>\n<p><em>\u201cNuestra enmienda les permitir\u00e1 a los parlamentarios votar sobre las opciones para poner fin al estancamiento del brexit y prevenir el caos de un no acuerdo. Es tiempo para que el plan alternativo de los laboristas adquiera protagonismo y al tiempo mantener todas las opciones sobre la mesa, incluyendo la opci\u00f3n de una votaci\u00f3n p\u00fablica\u201d<\/em>, agreg\u00f3 Corbyn.<\/p>\n<p>La enmienda propuesta destaca el intento de los l\u00edderes de cerrar las divisiones entre altos funcionarios que se encuentran en desacuerdo como Corbyn, quien se muestra esc\u00e9ptico sobre un segundo referendo y el secretario del brexit, Keir Starmer, quien est\u00e1 abierto a la idea del voto popular.<\/p>\n<p>La semana pasada, 71 parlamentarios laboristas y 13 diputados del Parlamento Europeo declararon su apoyo a un segundo referendo ejerciendo presi\u00f3n sobre Corbyn y los l\u00edderes para apoyar esta iniciativa. Corbyn, sin embargo, ha dejado claro que la celebraci\u00f3n de una elecci\u00f3n general es su m\u00e1xima prioridad.<\/p>\n<p>El Partido Laborista ahora est\u00e1 trabajando en un acuerdo alternativo del brexit que contar\u00eda con el apoyo de todos los partidos en el Parlamento, despu\u00e9s de perder el voto de no confianza en su intento por destituir a May el mi\u00e9rcoles de la semana pasada.<\/p>\n<p>Despu\u00e9s de sufrir una derrota hist\u00f3rica en el Parlamento la semana pasada, luego de que los parlamentarios votaron con una abrumadora mayor\u00eda de 432-202 en contra de su acuerdo del brexit, May someter\u00e1 a voto su \u201cPlan B\u201d ante la C\u00e1mara de los Comunes el 29 de enero.<\/p>\n<p>Reino Unido espera abandonar la Uni\u00f3n Europea a finales de marzo de 2019.<\/p>\n<p>*Daniela Mendoza contribuy\u00f3 con la redacci\u00f3n de esta nota.<br \/>\nEl sitio web de la Agencia Anadolu contiene s\u00f3lo una parte de las historias de noticias ofrecidas a los suscriptores en el Sistema de Difusi\u00f3n de AA News (HAS), y en forma resumida. P\u00f3ngase en contacto con nosotros para obtener las opciones de suscripci\u00f3n.<\/p>\n<p>(FECHA DE PUBLICACI\u00d3N.24\/01\/2019\/\/<\/p>\n","protected":false},"excerpt":{"rendered":"<p>REINO UNIDO. \u2014El Partido Laborista, de la oposici\u00f3n brit\u00e1nica, pidi\u00f3 al Parlamento, el lunes por&#8230;<\/p>\n","protected":false},"author":1,"featured_media":53145,"comment_status":"open","ping_status":"open","sticky":false,"template":"","format":"standard","meta":{"_monsterinsights_skip_tracking":false,"_monsterinsights_sitenote_active":false,"_monsterinsights_sitenote_note":"","_monsterinsights_sitenote_category":0,"footnotes":""},"categories":[3],"tags":[],"class_list":["post"],"yoast_head":" \n<title>Sonora en Equipo. Partido Laborista convoc\u00f3 votaci\u00f3n para segundo referendo del brexit MUNDO<\/title>\n<meta name=\"description\" content=\"REINO UNIDO. \u2014El Partido Laborista, de la oposici\u00f3n brit\u00e1nica, pidi\u00f3 al Parlamento, el lunes por la noche, que realice una votaci\u00f3n sobre si se deber\u00eda En Sonora en Equipo publicamos toda la informaci\u00f3n de Sonora, M\u00e9xico y el Mundo de manera oportuna y busca que la libertad de expresi\u00f3n sea real. Visita nuestro medio informativo publicado desde Hermosillo, Sonora. %\" \/>\n<meta name=\"robots\" content=\"index, follow, max-snippet:-1, max-image-preview:large, max-video-preview:-1\" \/>\n<link rel=\"canonical\" href=\"https:\/\/www.sonoraenequipo.com.mx\/partido-laborista-convoco-votacion-para-segundo-referendo-del-brexit\/\" \/>\n<meta property=\"og:locale\" content=\"es_ES\" \/>\n<meta property=\"og:type\" content=\"article\" \/>\n<meta property=\"og:title\" content=\"Sonora en Equipo. Partido Laborista convoc\u00f3 votaci\u00f3n para segundo referendo del brexit MUNDO\" \/>\n<meta property=\"og:description\" content=\"REINO UNIDO. \u2014El Partido Laborista, de la oposici\u00f3n brit\u00e1nica, pidi\u00f3 al Parlamento, el lunes por la noche, que realice una votaci\u00f3n sobre si se deber\u00eda En Sonora en Equipo publicamos toda la informaci\u00f3n de Sonora, M\u00e9xico y el Mundo de manera oportuna y busca que la libertad de expresi\u00f3n sea real. Visita nuestro medio informativo publicado desde Hermosillo, Sonora. %\" \/>\n<meta property=\"og:url\" content=\"https:\/\/www.sonoraenequipo.com.mx\/partido-laborista-convoco-votacion-para-segundo-referendo-del-brexit\/\" \/>\n<meta property=\"og:site_name\" content=\"Sonora en Equipo.\" \/>\n<meta property=\"article:publisher\" content=\"https:\/\/www.facebook.com\/SonoraEE\/\" \/>\n<meta property=\"article:author\" content=\"https:\/\/www.facebook.com\/SonoraEE\" \/>\n<meta property=\"article:published_time\" content=\"2019-01-24T23:50:29+00:00\" \/>\n<meta property=\"article:modified_time\" content=\"2019-12-17T15:42:54+00:00\" \/>\n<meta property=\"og:image\" content=\"https:\/\/www.sonoraenequipo.com.mx\/storage\/2019\/01\/BREXT_opt.jpg\" \/>\n\t<meta property=\"og:image:width\" content=\"706\" \/>\n\t<meta property=\"og:image:height\" content=\"397\" \/>\n\t<meta property=\"og:image:type\" content=\"image\/jpeg\" \/>\n<meta name=\"author\" content=\"enequipo\" \/>\n<meta name=\"twitter:card\" content=\"summary_large_image\" \/>\n<meta name=\"twitter:creator\" content=\"@sonoraenequipo\" \/>\n<meta name=\"twitter:site\" content=\"@sonoraenequipo\" \/>\n<meta name=\"twitter:label1\" content=\"Escrito por\" \/>\n\t<meta name=\"twitter:data1\" content=\"enequipo\" \/>\n\t<meta name=\"twitter:label2\" content=\"Tiempo de lectura\" \/>\n\t<meta name=\"twitter:data2\" content=\"3 minutos\" \/>\n<script type=\"application\/ld+json\" class=\"yoast-schema-graph\">{\"@context\":\"https:\/\/schema.org\",\"@graph\":[{\"@type\":\"Article\",\"@id\":\"https:\/\/www.sonoraenequipo.com.mx\/partido-laborista-convoco-votacion-para-segundo-referendo-del-brexit\/#article\",\"isPartOf\":{\"@id\":\"https:\/\/www.sonoraenequipo.com.mx\/partido-laborista-convoco-votacion-para-segundo-referendo-del-brexit\/\"},\"author\":{\"name\":\"enequipo\",\"@id\":\"https:\/\/www.sonoraenequipo.com.mx\/#\/schema\/person\/50102df0fb23a8fa9e8effad8fa81386\"},\"headline\":\"Partido Laborista convoc\u00f3 votaci\u00f3n para segundo referendo del brexit\",\"datePublished\":\"2019-01-24T23:50:29+00:00\",\"dateModified\":\"2019-12-17T15:42:54+00:00\",\"mainEntityOfPage\":{\"@id\":\"https:\/\/www.sonoraenequipo.com.mx\/partido-laborista-convoco-votacion-para-segundo-referendo-del-brexit\/\"},\"wordCount\":663,\"commentCount\":0,\"publisher\":{\"@id\":\"https:\/\/www.sonoraenequipo.com.mx\/#organization\"},\"image\":{\"@id\":\"https:\/\/www.sonoraenequipo.com.mx\/partido-laborista-convoco-votacion-para-segundo-referendo-del-brexit\/#primaryimage\"},\"thumbnailUrl\":\"https:\/\/www.sonoraenequipo.com.mx\/storage\/2019\/01\/BREXT_opt.jpg\",\"articleSection\":[\"MUNDO\"],\"inLanguage\":\"es\",\"potentialAction\":[{\"@type\":\"CommentAction\",\"name\":\"Comment\",\"target\":[\"https:\/\/www.sonoraenequipo.com.mx\/partido-laborista-convoco-votacion-para-segundo-referendo-del-brexit\/#respond\"]}]},{\"@type\":\"WebPage\",\"@id\":\"https:\/\/www.sonoraenequipo.com.mx\/partido-laborista-convoco-votacion-para-segundo-referendo-del-brexit\/\",\"url\":\"https:\/\/www.sonoraenequipo.com.mx\/partido-laborista-convoco-votacion-para-segundo-referendo-del-brexit\/\",\"name\":\"Sonora en Equipo. Partido Laborista convoc\u00f3 votaci\u00f3n para segundo referendo del brexit MUNDO\",\"isPartOf\":{\"@id\":\"https:\/\/www.sonoraenequipo.com.mx\/#website\"},\"primaryImageOfPage\":{\"@id\":\"https:\/\/www.sonoraenequipo.com.mx\/partido-laborista-convoco-votacion-para-segundo-referendo-del-brexit\/#primaryimage\"},\"image\":{\"@id\":\"https:\/\/www.sonoraenequipo.com.mx\/partido-laborista-convoco-votacion-para-segundo-referendo-del-brexit\/#primaryimage\"},\"thumbnailUrl\":\"https:\/\/www.sonoraenequipo.com.mx\/storage\/2019\/01\/BREXT_opt.jpg\",\"datePublished\":\"2019-01-24T23:50:29+00:00\",\"dateModified\":\"2019-12-17T15:42:54+00:00\",\"description\":\"REINO UNIDO. \u2014El Partido Laborista, de la oposici\u00f3n brit\u00e1nica, pidi\u00f3 al Parlamento, el lunes por la noche, que realice una votaci\u00f3n sobre si se deber\u00eda En Sonora en Equipo publicamos toda la informaci\u00f3n de Sonora, M\u00e9xico y el Mundo de manera oportuna y busca que la libertad de expresi\u00f3n sea real. Visita nuestro medio informativo publicado desde Hermosillo, Sonora. %\",\"breadcrumb\":{\"@id\":\"https:\/\/www.sonoraenequipo.com.mx\/partido-laborista-convoco-votacion-para-segundo-referendo-del-brexit\/#breadcrumb\"},\"inLanguage\":\"es\",\"potentialAction\":[{\"@type\":\"ReadAction\",\"target\":[\"https:\/\/www.sonoraenequipo.com.mx\/partido-laborista-convoco-votacion-para-segundo-referendo-del-brexit\/\"]}]},{\"@type\":\"ImageObject\",\"inLanguage\":\"es\",\"@id\":\"https:\/\/www.sonoraenequipo.com.mx\/partido-laborista-convoco-votacion-para-segundo-referendo-del-brexit\/#primaryimage\",\"url\":\"https:\/\/www.sonoraenequipo.com.mx\/storage\/2019\/01\/BREXT_opt.jpg\",\"contentUrl\":\"https:\/\/www.sonoraenequipo.com.mx\/storage\/2019\/01\/BREXT_opt.jpg\",\"width\":706,\"height\":397},{\"@type\":\"BreadcrumbList\",\"@id\":\"https:\/\/www.sonoraenequipo.com.mx\/partido-laborista-convoco-votacion-para-segundo-referendo-del-brexit\/#breadcrumb\",\"itemListElement\":[{\"@type\":\"ListItem\",\"position\":1,\"name\":\"Portada\",\"item\":\"https:\/\/www.sonoraenequipo.com.mx\/\"},{\"@type\":\"ListItem\",\"position\":2,\"name\":\"Partido Laborista convoc\u00f3 votaci\u00f3n para segundo referendo del brexit\"}]},{\"@type\":\"WebSite\",\"@id\":\"https:\/\/www.sonoraenequipo.com.mx\/#website\",\"url\":\"https:\/\/www.sonoraenequipo.com.mx\/\",\"name\":\"Sonora en Equipo.\",\"description\":\"Diario en l\u00ednea con Noticias desde Hermosillo, Sonora\",\"publisher\":{\"@id\":\"https:\/\/www.sonoraenequipo.com.mx\/#organization\"},\"potentialAction\":[{\"@type\":\"SearchAction\",\"target\":{\"@type\":\"EntryPoint\",\"urlTemplate\":\"https:\/\/www.sonoraenequipo.com.mx\/?s={search_term_string}\"},\"query-input\":{\"@type\":\"PropertyValueSpecification\",\"valueRequired\":true,\"valueName\":\"search_term_string\"}}],\"inLanguage\":\"es\"},{\"@type\":\"Organization\",\"@id\":\"https:\/\/www.sonoraenequipo.com.mx\/#organization\",\"name\":\"Sonoraenequipo.com.mx\",\"url\":\"https:\/\/www.sonoraenequipo.com.mx\/\",\"logo\":{\"@type\":\"ImageObject\",\"inLanguage\":\"es\",\"@id\":\"https:\/\/www.sonoraenequipo.com.mx\/#\/schema\/logo\/image\/\",\"url\":\"https:\/\/www.sonoraenequipo.com.mx\/storage\/2019\/01\/sonoraenequipo_opt.png\",\"contentUrl\":\"https:\/\/www.sonoraenequipo.com.mx\/storage\/2019\/01\/sonoraenequipo_opt.png\",\"width\":375,\"height\":125,\"caption\":\"Sonoraenequipo.com.mx\"},\"image\":{\"@id\":\"https:\/\/www.sonoraenequipo.com.mx\/#\/schema\/logo\/image\/\"},\"sameAs\":[\"https:\/\/www.facebook.com\/SonoraEE\/\",\"https:\/\/x.com\/sonoraenequipo\",\"https:\/\/www.youtube.com\/channel\/UC338nW-lPEYmJQs4ZABQ1SQ\"]},{\"@type\":\"Person\",\"@id\":\"https:\/\/www.sonoraenequipo.com.mx\/#\/schema\/person\/50102df0fb23a8fa9e8effad8fa81386\",\"name\":\"enequipo\",\"image\":{\"@type\":\"ImageObject\",\"inLanguage\":\"es\",\"@id\":\"https:\/\/www.sonoraenequipo.com.mx\/#\/schema\/person\/image\/\",\"url\":\"https:\/\/secure.gravatar.com\/avatar\/049821681b589dabc0bc20695993ccebb09f5b5d4d790cd9251b97faac7c652b?s=96&d=blank&r=g\",\"contentUrl\":\"https:\/\/secure.gravatar.com\/avatar\/049821681b589dabc0bc20695993ccebb09f5b5d4d790cd9251b97faac7c652b?s=96&d=blank&r=g\",\"caption\":\"enequipo\"},\"sameAs\":[\"https:\/\/www.facebook.com\/SonoraEE\"]}]}<\/script>\n ","yoast_head_json":{"title":"Sonora en Equipo. Partido Laborista convoc\u00f3 votaci\u00f3n para segundo referendo del brexit MUNDO","description":"REINO UNIDO. \u2014El Partido Laborista, de la oposici\u00f3n brit\u00e1nica, pidi\u00f3 al Parlamento, el lunes por la noche, que realice una votaci\u00f3n sobre si se deber\u00eda En Sonora en Equipo publicamos toda la informaci\u00f3n de Sonora, M\u00e9xico y el Mundo de manera oportuna y busca que la libertad de expresi\u00f3n sea real. Visita nuestro medio informativo publicado desde Hermosillo, Sonora. %","robots":{"index":"index","follow":"follow","max-snippet":"max-snippet:-1","max-image-preview":"max-image-preview:large","max-video-preview":"max-video-preview:-1"},"canonical":"https:\/\/www.sonoraenequipo.com.mx\/partido-laborista-convoco-votacion-para-segundo-referendo-del-brexit\/","og_locale":"es_ES","og_type":"article","og_title":"Sonora en Equipo. Partido Laborista convoc\u00f3 votaci\u00f3n para segundo referendo del brexit MUNDO","og_description":"REINO UNIDO. \u2014El Partido Laborista, de la oposici\u00f3n brit\u00e1nica, pidi\u00f3 al Parlamento, el lunes por la noche, que realice una votaci\u00f3n sobre si se deber\u00eda En Sonora en Equipo publicamos toda la informaci\u00f3n de Sonora, M\u00e9xico y el Mundo de manera oportuna y busca que la libertad de expresi\u00f3n sea real. Visita nuestro medio informativo publicado desde Hermosillo, Sonora. %","og_url":"https:\/\/www.sonoraenequipo.com.mx\/partido-laborista-convoco-votacion-para-segundo-referendo-del-brexit\/","og_site_name":"Sonora en Equipo.","article_publisher":"https:\/\/www.facebook.com\/SonoraEE\/","article_author":"https:\/\/www.facebook.com\/SonoraEE","article_published_time":"2019-01-24T23:50:29+00:00","article_modified_time":"2019-12-17T15:42:54+00:00","og_image":[{"width":706,"height":397,"url":"https:\/\/www.sonoraenequipo.com.mx\/storage\/2019\/01\/BREXT_opt.jpg","type":"image\/jpeg"}],"author":"enequipo","twitter_card":"summary_large_image","twitter_creator":"@sonoraenequipo","twitter_site":"@sonoraenequipo","twitter_misc":{"Escrito por":"enequipo","Tiempo de lectura":"3 minutos"},"schema":{"@context":"https:\/\/schema.org","@graph":[{"@type":"Article","@id":"https:\/\/www.sonoraenequipo.com.mx\/partido-laborista-convoco-votacion-para-segundo-referendo-del-brexit\/#article","isPartOf":{"@id":"https:\/\/www.sonoraenequipo.com.mx\/partido-laborista-convoco-votacion-para-segundo-referendo-del-brexit\/"},"author":{"name":"enequipo","@id":"https:\/\/www.sonoraenequipo.com.mx\/#\/schema\/person\/50102df0fb23a8fa9e8effad8fa81386"},"headline":"Partido Laborista convoc\u00f3 votaci\u00f3n para segundo referendo del brexit","datePublished":"2019-01-24T23:50:29+00:00","dateModified":"2019-12-17T15:42:54+00:00","mainEntityOfPage":{"@id":"https:\/\/www.sonoraenequipo.com.mx\/partido-laborista-convoco-votacion-para-segundo-referendo-del-brexit\/"},"wordCount":663,"commentCount":0,"publisher":{"@id":"https:\/\/www.sonoraenequipo.com.mx\/#organization"},"image":{"@id":"https:\/\/www.sonoraenequipo.com.mx\/partido-laborista-convoco-votacion-para-segundo-referendo-del-brexit\/#primaryimage"},"thumbnailUrl":"https:\/\/www.sonoraenequipo.com.mx\/storage\/2019\/01\/BREXT_opt.jpg","articleSection":["MUNDO"],"inLanguage":"es","potentialAction":[{"@type":"CommentAction","name":"Comment","target":["https:\/\/www.sonoraenequipo.com.mx\/partido-laborista-convoco-votacion-para-segundo-referendo-del-brexit\/#respond"]}]},{"@type":"WebPage","@id":"https:\/\/www.sonoraenequipo.com.mx\/partido-laborista-convoco-votacion-para-segundo-referendo-del-brexit\/","url":"https:\/\/www.sonoraenequipo.com.mx\/partido-laborista-convoco-votacion-para-segundo-referendo-del-brexit\/","name":"Sonora en Equipo. Partido Laborista convoc\u00f3 votaci\u00f3n para segundo referendo del brexit MUNDO","isPartOf":{"@id":"https:\/\/www.sonoraenequipo.com.mx\/#website"},"primaryImageOfPage":{"@id":"https:\/\/www.sonoraenequipo.com.mx\/partido-laborista-convoco-votacion-para-segundo-referendo-del-brexit\/#primaryimage"},"image":{"@id":"https:\/\/www.sonoraenequipo.com.mx\/partido-laborista-convoco-votacion-para-segundo-referendo-del-brexit\/#primaryimage"},"thumbnailUrl":"https:\/\/www.sonoraenequipo.com.mx\/storage\/2019\/01\/BREXT_opt.jpg","datePublished":"2019-01-24T23:50:29+00:00","dateModified":"2019-12-17T15:42:54+00:00","description":"REINO UNIDO. \u2014El Partido Laborista, de la oposici\u00f3n brit\u00e1nica, pidi\u00f3 al Parlamento, el lunes por la noche, que realice una votaci\u00f3n sobre si se deber\u00eda En Sonora en Equipo publicamos toda la informaci\u00f3n de Sonora, M\u00e9xico y el Mundo de manera oportuna y busca que la libertad de expresi\u00f3n sea real. Visita nuestro medio informativo publicado desde Hermosillo, Sonora. %","breadcrumb":{"@id":"https:\/\/www.sonoraenequipo.com.mx\/partido-laborista-convoco-votacion-para-segundo-referendo-del-brexit\/#breadcrumb"},"inLanguage":"es","potentialAction":[{"@type":"ReadAction","target":["https:\/\/www.sonoraenequipo.com.mx\/partido-laborista-convoco-votacion-para-segundo-referendo-del-brexit\/"]}]},{"@type":"ImageObject","inLanguage":"es","@id":"https:\/\/www.sonoraenequipo.com.mx\/partido-laborista-convoco-votacion-para-segundo-referendo-del-brexit\/#primaryimage","url":"https:\/\/www.sonoraenequipo.com.mx\/storage\/2019\/01\/BREXT_opt.jpg","contentUrl":"https:\/\/www.sonoraenequipo.com.mx\/storage\/2019\/01\/BREXT_opt.jpg","width":706,"height":397},{"@type":"BreadcrumbList","@id":"https:\/\/www.sonoraenequipo.com.mx\/partido-laborista-convoco-votacion-para-segundo-referendo-del-brexit\/#breadcrumb","itemListElement":[{"@type":"ListItem","position":1,"name":"Portada","item":"https:\/\/www.sonoraenequipo.com.mx\/"},{"@type":"ListItem","position":2,"name":"Partido Laborista convoc\u00f3 votaci\u00f3n para segundo referendo del brexit"}]},{"@type":"WebSite","@id":"https:\/\/www.sonoraenequipo.com.mx\/#website","url":"https:\/\/www.sonoraenequipo.com.mx\/","name":"Sonora en Equipo.","description":"Diario en l\u00ednea con Noticias desde Hermosillo, Sonora","publisher":{"@id":"https:\/\/www.sonoraenequipo.com.mx\/#organization"},"potentialAction":[{"@type":"SearchAction","target":{"@type":"EntryPoint","urlTemplate":"https:\/\/www.sonoraenequipo.com.mx\/?s={search_term_string}"},"query-input":{"@type":"PropertyValueSpecification","valueRequired":true,"valueName":"search_term_string"}}],"inLanguage":"es"},{"@type":"Organization","@id":"https:\/\/www.sonoraenequipo.com.mx\/#organization","name":"Sonoraenequipo.com.mx","url":"https:\/\/www.sonoraenequipo.com.mx\/","logo":{"@type":"ImageObject","inLanguage":"es","@id":"https:\/\/www.sonoraenequipo.com.mx\/#\/schema\/logo\/image\/","url":"https:\/\/www.sonoraenequipo.com.mx\/storage\/2019\/01\/sonoraenequipo_opt.png","contentUrl":"https:\/\/www.sonoraenequipo.com.mx\/storage\/2019\/01\/sonoraenequipo_opt.png","width":375,"height":125,"caption":"Sonoraenequipo.com.mx"},"image":{"@id":"https:\/\/www.sonoraenequipo.com.mx\/#\/schema\/logo\/image\/"},"sameAs":["https:\/\/www.facebook.com\/SonoraEE\/","https:\/\/x.com\/sonoraenequipo","https:\/\/www.youtube.com\/channel\/UC338nW-lPEYmJQs4ZABQ1SQ"]},{"@type":"Person","@id":"https:\/\/www.sonoraenequipo.com.mx\/#\/schema\/person\/50102df0fb23a8fa9e8effad8fa81386","name":"enequipo","image":{"@type":"ImageObject","inLanguage":"es","@id":"https:\/\/www.sonoraenequipo.com.mx\/#\/schema\/person\/image\/","url":"https:\/\/secure.gravatar.com\/avatar\/049821681b589dabc0bc20695993ccebb09f5b5d4d790cd9251b97faac7c652b?s=96&d=blank&r=g","contentUrl":"https:\/\/secure.gravatar.com\/avatar\/049821681b589dabc0bc20695993ccebb09f5b5d4d790cd9251b97faac7c652b?s=96&d=blank&r=g","caption":"enequipo"},"sameAs":["https:\/\/www.facebook.com\/SonoraEE"]}]}},"jetpack_featured_media_url":"https:\/\/www.sonoraenequipo.com.mx\/storage\/2019\/01\/BREXT_opt.jpg","_links":{"self":[{"href":"https:\/\/www.sonoraenequipo.com.mx\/api\/wp\/v2\/posts\/53143","targetHints":{"allow":["GET"]}}],"collection":[{"href":"https:\/\/www.sonoraenequipo.com.mx\/api\/wp\/v2\/posts"}],"about":[{"href":"https:\/\/www.sonoraenequipo.com.mx\/api\/wp\/v2\/types\/post"}],"author":[{"embeddable":true,"href":"https:\/\/www.sonoraenequipo.com.mx\/api\/wp\/v2\/users\/1"}],"replies":[{"embeddable":true,"href":"https:\/\/www.sonoraenequipo.com.mx\/api\/wp\/v2\/comments?post=53143"}],"version-history":[{"count":0,"href":"https:\/\/www.sonoraenequipo.com.mx\/api\/wp\/v2\/posts\/53143\/revisions"}],"wp:featuredmedia":[{"embeddable":true,"href":"https:\/\/www.sonoraenequipo.com.mx\/api\/wp\/v2\/media\/53145"}],"wp:attachment":[{"href":"https:\/\/www.sonoraenequipo.com.mx\/api\/wp\/v2\/media?parent=53143"}],"wp:term":[{"taxonomy":"category","embeddable":true,"href":"https:\/\/www.sonoraenequipo.com.mx\/api\/wp\/v2\/categories?post=53143"},{"taxonomy":"post_tag","embeddable":true,"href":"https:\/\/www.sonoraenequipo.com.mx\/api\/wp\/v2\/tags?post=53143"}],"curies":[{"name":"wp","href":"https:\/\/api.w.org\/{rel}","templated":true}]}}