{"id":53615,"date":"2019-02-06T21:27:50","date_gmt":"2019-02-07T04:27:50","guid":{"rendered":"http:\/\/www.sonoraenequipo.com.mx\/?p=53615"},"modified":"2019-02-06T21:27:50","modified_gmt":"2019-02-07T04:27:50","slug":"llega-sonora-al-80-de-cobertura-en-ambulancias-claudia-pavlovich","status":"publish","type":"post","link":"https:\/\/www.sonoraenequipo.com.mx\/llega-sonora-al-80-de-cobertura-en-ambulancias-claudia-pavlovich\/","title":{"rendered":"Llega Sonora al 80% de cobertura en ambulancias: Claudia Pavlovich"},"content":{"rendered":"<p>HERMOSILLO, SONORA. MX. \u2014 Con la entrega de 20 ambulancias y 8 veh\u00edculos para la promoci\u00f3n y prevenci\u00f3n de enfermedades, Sonora pas\u00f3 de tener un 32% de cobertura de ambulancias en el 2015, a alcanzar actualmente el 80% de los Municipios que cuentan con unidad para atender traslados y emergencias m\u00e9dicas, con la meta de llegar al 100% de todo el territorio estatal en unos meses. <\/p>\n<p>La gobernadora del Estado, Claudia Pavlovich Arellano, acompa\u00f1ada del secretario de Salud, Enrique Clausen Iberri, presidi\u00f3 la salida de las unidades a los Municipios, en un evento donde adem\u00e1s entreg\u00f3 siete carros rojos con instrumental m\u00e9dico para atenci\u00f3n de emergencias, y 21 electrocardi\u00f3grafos con las herramientas y los medicamentos necesarios para tratar a una persona con o a punto de sufrir un paro card\u00edaco, equipado cada uno con desfibrilador port\u00e1til.<\/p>\n<p><em>\u201cEste compromiso para que ya el 80% de mis Municipios tenga una ambulancia no saben lo que significa para m\u00ed, cada lugar que llego, cada lugar que voy alejado siempre me dicen: gobernadora necesitamos una ambulancia, por fin ya estamos llegando al 80 por ciento de los Municipios cubiertos y es promesa del secretario de Salud y en tres meses el 100% lo vamos a tener\u201d,<\/em> subray\u00f3.<\/p>\n<p>Pavlovich Arellano resalt\u00f3 que con ello se fortalece la atenci\u00f3n m\u00e9dica que se brinda en las localidades m\u00e1s alejadas, que realiza diariamente el personal de salud, como m\u00e9dicos, enfermeras, promotores y brigadistas, quienes recorren grandes distancias por el estado, el segundo m\u00e1s grande del pa\u00eds.<\/p>\n<p>Se invirtieron 50 millones de pesos en este equipamiento, para dar respuesta a la petici\u00f3n de los ciudadanos en cada Municipio de contar con una ambulancia para su comunidad, ya que permite hacer traslados de forma r\u00e1pida y segura.<\/p>\n<p>La gobernadora dio el banderazo de salida del cami\u00f3n del Programa \u201cVale la Pena Esperar\u201d, con el cual se llegar\u00e1 a m\u00e1s escuelas para que los j\u00f3venes conozcan la importancia de la prevenci\u00f3n y contar con un proyecto de vida a fin de evitar embarazos en la adolescencia.<\/p>\n<p>Jazm\u00edn Villa Ruiz, alumna de tercer a\u00f1o de la secundaria federal n\u00famero 2 Cajeme, agradeci\u00f3 a la gobernadora Pavlovich la entrega de estos equipos y ambulancias, ya que son una muestra de los resultados positivos que se obtienen al trabajar en equipo.<\/p>\n<p><em>\u201cGracias gobernadora, porque aunque no s\u00e9 mucho de pol\u00edtica me doy cuenta que como mi mam\u00e1 o mis t\u00edas, usted es una mujer que trabaja por lo que es importante para nuestras familias, en la escuela nos han ense\u00f1ado que si trabajamos en equipo nuestros trabajos salen m\u00e1s bonitos y tenemos mejores calificaciones; y yo hoy veo que los adultos tambi\u00e9n aprendieron bien y saben hacer eso, trabajar en equipo para que las cosas salgan mejor\u201d<\/em>, coment\u00f3.<\/p>\n<p>Los Municipios beneficiados con ambulancias son: Arivechi, Arizpe, Huatabampo (Bajo R\u00edo Mayo), Cucurpe, Fronteras, La Colorada, Nogales, Cajeme, \u00d3navas, Ray\u00f3n, San Ignacio R\u00edo Muerto, San Luis R\u00edo Colorado, Soyopa, Suaqui Grande y Trincheras.<\/p>\n<p>Adem\u00e1s, dos ambulancias para el Hospital Infantil del Estado de Sonora, tres para el Centro Regulador de Urgencias M\u00e9dicas, \u00e9stas \u00faltimas son donaci\u00f3n del Patronato de Beneficencia P\u00fablica.<\/p>\n<p>Tambi\u00e9n otorg\u00f3 21 electrocardi\u00f3grafos (tres para cada hospital) y siete carros rojos con instrumental m\u00e9dico, este equipo es para los Hospitales Generales de Ciudad Obreg\u00f3n, Guaymas, Nogales, San Luis R\u00edo Colorado, del Bajo R\u00edo Mayo (Huatabampo), Hospital Comunitario de Cananea y Hospital General del Estado ubicado en Hermosillo.<\/p>\n<p>As\u00ed como 8 veh\u00edculos para promoci\u00f3n y prevenci\u00f3n de enfermedades y cami\u00f3n de pasajeros recibido en donaci\u00f3n para el programa \u201cVale la Pena Esperar\u201d.<\/p>\n<p>Publicada 06\/02\/2019<\/p>\n","protected":false},"excerpt":{"rendered":"<p>HERMOSILLO, SONORA. MX. \u2014 Con la entrega de 20 ambulancias y 8 veh\u00edculos para la&#8230;<\/p>\n","protected":false},"author":1,"featured_media":53616,"comment_status":"open","ping_status":"open","sticky":false,"template":"","format":"standard","meta":{"_monsterinsights_skip_tracking":false,"_monsterinsights_sitenote_active":false,"_monsterinsights_sitenote_note":"","_monsterinsights_sitenote_category":0,"footnotes":""},"categories":[22],"tags":[],"class_list":["post"],"yoast_head":" \n<title>Sonora en Equipo. Llega Sonora al 80% de cobertura en ambulancias: Claudia Pavlovich Sonora<\/title>\n<meta name=\"description\" content=\"HERMOSILLO, SONORA. MX. \u2014 Con la entrega de 20 ambulancias y 8 veh\u00edculos para la promoci\u00f3n y prevenci\u00f3n de enfermedades, Sonora pas\u00f3 de tener un 32% de En Sonora en Equipo publicamos toda la informaci\u00f3n de Sonora, M\u00e9xico y el Mundo de manera oportuna y busca que la libertad de expresi\u00f3n sea real. Visita nuestro medio informativo publicado desde Hermosillo, Sonora. %\" \/>\n<meta name=\"robots\" content=\"index, follow, max-snippet:-1, max-image-preview:large, max-video-preview:-1\" \/>\n<link rel=\"canonical\" href=\"https:\/\/www.sonoraenequipo.com.mx\/llega-sonora-al-80-de-cobertura-en-ambulancias-claudia-pavlovich\/\" \/>\n<meta property=\"og:locale\" content=\"es_ES\" \/>\n<meta property=\"og:type\" content=\"article\" \/>\n<meta property=\"og:title\" content=\"Sonora en Equipo. Llega Sonora al 80% de cobertura en ambulancias: Claudia Pavlovich Sonora\" \/>\n<meta property=\"og:description\" content=\"HERMOSILLO, SONORA. MX. \u2014 Con la entrega de 20 ambulancias y 8 veh\u00edculos para la promoci\u00f3n y prevenci\u00f3n de enfermedades, Sonora pas\u00f3 de tener un 32% de En Sonora en Equipo publicamos toda la informaci\u00f3n de Sonora, M\u00e9xico y el Mundo de manera oportuna y busca que la libertad de expresi\u00f3n sea real. Visita nuestro medio informativo publicado desde Hermosillo, Sonora. %\" \/>\n<meta property=\"og:url\" content=\"https:\/\/www.sonoraenequipo.com.mx\/llega-sonora-al-80-de-cobertura-en-ambulancias-claudia-pavlovich\/\" \/>\n<meta property=\"og:site_name\" content=\"Sonora en Equipo.\" \/>\n<meta property=\"article:publisher\" content=\"https:\/\/www.facebook.com\/SonoraEE\/\" \/>\n<meta property=\"article:author\" content=\"https:\/\/www.facebook.com\/SonoraEE\" \/>\n<meta property=\"article:published_time\" content=\"2019-02-07T04:27:50+00:00\" \/>\n<meta property=\"og:image\" content=\"https:\/\/www.sonoraenequipo.com.mx\/storage\/2019\/02\/entregandoamblancias_opt.jpg\" \/>\n\t<meta property=\"og:image:width\" content=\"665\" \/>\n\t<meta property=\"og:image:height\" content=\"400\" \/>\n\t<meta property=\"og:image:type\" content=\"image\/jpeg\" \/>\n<meta name=\"author\" content=\"enequipo\" \/>\n<meta name=\"twitter:card\" content=\"summary_large_image\" \/>\n<meta name=\"twitter:creator\" content=\"@sonoraenequipo\" \/>\n<meta name=\"twitter:site\" content=\"@sonoraenequipo\" \/>\n<meta name=\"twitter:label1\" content=\"Escrito por\" \/>\n\t<meta name=\"twitter:data1\" content=\"enequipo\" \/>\n\t<meta name=\"twitter:label2\" content=\"Tiempo de lectura\" \/>\n\t<meta name=\"twitter:data2\" content=\"3 minutos\" \/>\n<script type=\"application\/ld+json\" class=\"yoast-schema-graph\">{\"@context\":\"https:\/\/schema.org\",\"@graph\":[{\"@type\":\"Article\",\"@id\":\"https:\/\/www.sonoraenequipo.com.mx\/llega-sonora-al-80-de-cobertura-en-ambulancias-claudia-pavlovich\/#article\",\"isPartOf\":{\"@id\":\"https:\/\/www.sonoraenequipo.com.mx\/llega-sonora-al-80-de-cobertura-en-ambulancias-claudia-pavlovich\/\"},\"author\":{\"name\":\"enequipo\",\"@id\":\"https:\/\/www.sonoraenequipo.com.mx\/#\/schema\/person\/50102df0fb23a8fa9e8effad8fa81386\"},\"headline\":\"Llega Sonora al 80% de cobertura en ambulancias: Claudia Pavlovich\",\"datePublished\":\"2019-02-07T04:27:50+00:00\",\"mainEntityOfPage\":{\"@id\":\"https:\/\/www.sonoraenequipo.com.mx\/llega-sonora-al-80-de-cobertura-en-ambulancias-claudia-pavlovich\/\"},\"wordCount\":632,\"commentCount\":0,\"publisher\":{\"@id\":\"https:\/\/www.sonoraenequipo.com.mx\/#organization\"},\"image\":{\"@id\":\"https:\/\/www.sonoraenequipo.com.mx\/llega-sonora-al-80-de-cobertura-en-ambulancias-claudia-pavlovich\/#primaryimage\"},\"thumbnailUrl\":\"https:\/\/www.sonoraenequipo.com.mx\/storage\/2019\/02\/entregandoamblancias_opt.jpg\",\"articleSection\":[\"Sonora\"],\"inLanguage\":\"es\",\"potentialAction\":[{\"@type\":\"CommentAction\",\"name\":\"Comment\",\"target\":[\"https:\/\/www.sonoraenequipo.com.mx\/llega-sonora-al-80-de-cobertura-en-ambulancias-claudia-pavlovich\/#respond\"]}]},{\"@type\":\"WebPage\",\"@id\":\"https:\/\/www.sonoraenequipo.com.mx\/llega-sonora-al-80-de-cobertura-en-ambulancias-claudia-pavlovich\/\",\"url\":\"https:\/\/www.sonoraenequipo.com.mx\/llega-sonora-al-80-de-cobertura-en-ambulancias-claudia-pavlovich\/\",\"name\":\"Sonora en Equipo. Llega Sonora al 80% de cobertura en ambulancias: Claudia Pavlovich Sonora\",\"isPartOf\":{\"@id\":\"https:\/\/www.sonoraenequipo.com.mx\/#website\"},\"primaryImageOfPage\":{\"@id\":\"https:\/\/www.sonoraenequipo.com.mx\/llega-sonora-al-80-de-cobertura-en-ambulancias-claudia-pavlovich\/#primaryimage\"},\"image\":{\"@id\":\"https:\/\/www.sonoraenequipo.com.mx\/llega-sonora-al-80-de-cobertura-en-ambulancias-claudia-pavlovich\/#primaryimage\"},\"thumbnailUrl\":\"https:\/\/www.sonoraenequipo.com.mx\/storage\/2019\/02\/entregandoamblancias_opt.jpg\",\"datePublished\":\"2019-02-07T04:27:50+00:00\",\"description\":\"HERMOSILLO, SONORA. MX. \u2014 Con la entrega de 20 ambulancias y 8 veh\u00edculos para la promoci\u00f3n y prevenci\u00f3n de enfermedades, Sonora pas\u00f3 de tener un 32% de En Sonora en Equipo publicamos toda la informaci\u00f3n de Sonora, M\u00e9xico y el Mundo de manera oportuna y busca que la libertad de expresi\u00f3n sea real. Visita nuestro medio informativo publicado desde Hermosillo, Sonora. %\",\"breadcrumb\":{\"@id\":\"https:\/\/www.sonoraenequipo.com.mx\/llega-sonora-al-80-de-cobertura-en-ambulancias-claudia-pavlovich\/#breadcrumb\"},\"inLanguage\":\"es\",\"potentialAction\":[{\"@type\":\"ReadAction\",\"target\":[\"https:\/\/www.sonoraenequipo.com.mx\/llega-sonora-al-80-de-cobertura-en-ambulancias-claudia-pavlovich\/\"]}]},{\"@type\":\"ImageObject\",\"inLanguage\":\"es\",\"@id\":\"https:\/\/www.sonoraenequipo.com.mx\/llega-sonora-al-80-de-cobertura-en-ambulancias-claudia-pavlovich\/#primaryimage\",\"url\":\"https:\/\/www.sonoraenequipo.com.mx\/storage\/2019\/02\/entregandoamblancias_opt.jpg\",\"contentUrl\":\"https:\/\/www.sonoraenequipo.com.mx\/storage\/2019\/02\/entregandoamblancias_opt.jpg\",\"width\":665,\"height\":400,\"caption\":\"DCIM100MEDIADJI_0043.JPG\"},{\"@type\":\"BreadcrumbList\",\"@id\":\"https:\/\/www.sonoraenequipo.com.mx\/llega-sonora-al-80-de-cobertura-en-ambulancias-claudia-pavlovich\/#breadcrumb\",\"itemListElement\":[{\"@type\":\"ListItem\",\"position\":1,\"name\":\"Portada\",\"item\":\"https:\/\/www.sonoraenequipo.com.mx\/\"},{\"@type\":\"ListItem\",\"position\":2,\"name\":\"Llega Sonora al 80% de cobertura en ambulancias: Claudia Pavlovich\"}]},{\"@type\":\"WebSite\",\"@id\":\"https:\/\/www.sonoraenequipo.com.mx\/#website\",\"url\":\"https:\/\/www.sonoraenequipo.com.mx\/\",\"name\":\"Sonora en Equipo.\",\"description\":\"Diario en l\u00ednea con Noticias desde Hermosillo, Sonora\",\"publisher\":{\"@id\":\"https:\/\/www.sonoraenequipo.com.mx\/#organization\"},\"potentialAction\":[{\"@type\":\"SearchAction\",\"target\":{\"@type\":\"EntryPoint\",\"urlTemplate\":\"https:\/\/www.sonoraenequipo.com.mx\/?s={search_term_string}\"},\"query-input\":{\"@type\":\"PropertyValueSpecification\",\"valueRequired\":true,\"valueName\":\"search_term_string\"}}],\"inLanguage\":\"es\"},{\"@type\":\"Organization\",\"@id\":\"https:\/\/www.sonoraenequipo.com.mx\/#organization\",\"name\":\"Sonoraenequipo.com.mx\",\"url\":\"https:\/\/www.sonoraenequipo.com.mx\/\",\"logo\":{\"@type\":\"ImageObject\",\"inLanguage\":\"es\",\"@id\":\"https:\/\/www.sonoraenequipo.com.mx\/#\/schema\/logo\/image\/\",\"url\":\"https:\/\/www.sonoraenequipo.com.mx\/storage\/2019\/01\/sonoraenequipo_opt.png\",\"contentUrl\":\"https:\/\/www.sonoraenequipo.com.mx\/storage\/2019\/01\/sonoraenequipo_opt.png\",\"width\":375,\"height\":125,\"caption\":\"Sonoraenequipo.com.mx\"},\"image\":{\"@id\":\"https:\/\/www.sonoraenequipo.com.mx\/#\/schema\/logo\/image\/\"},\"sameAs\":[\"https:\/\/www.facebook.com\/SonoraEE\/\",\"https:\/\/x.com\/sonoraenequipo\",\"https:\/\/www.youtube.com\/channel\/UC338nW-lPEYmJQs4ZABQ1SQ\"]},{\"@type\":\"Person\",\"@id\":\"https:\/\/www.sonoraenequipo.com.mx\/#\/schema\/person\/50102df0fb23a8fa9e8effad8fa81386\",\"name\":\"enequipo\",\"image\":{\"@type\":\"ImageObject\",\"inLanguage\":\"es\",\"@id\":\"https:\/\/www.sonoraenequipo.com.mx\/#\/schema\/person\/image\/\",\"url\":\"https:\/\/secure.gravatar.com\/avatar\/049821681b589dabc0bc20695993ccebb09f5b5d4d790cd9251b97faac7c652b?s=96&d=blank&r=g\",\"contentUrl\":\"https:\/\/secure.gravatar.com\/avatar\/049821681b589dabc0bc20695993ccebb09f5b5d4d790cd9251b97faac7c652b?s=96&d=blank&r=g\",\"caption\":\"enequipo\"},\"sameAs\":[\"https:\/\/www.facebook.com\/SonoraEE\"]}]}<\/script>\n ","yoast_head_json":{"title":"Sonora en Equipo. Llega Sonora al 80% de cobertura en ambulancias: Claudia Pavlovich Sonora","description":"HERMOSILLO, SONORA. MX. \u2014 Con la entrega de 20 ambulancias y 8 veh\u00edculos para la promoci\u00f3n y prevenci\u00f3n de enfermedades, Sonora pas\u00f3 de tener un 32% de En Sonora en Equipo publicamos toda la informaci\u00f3n de Sonora, M\u00e9xico y el Mundo de manera oportuna y busca que la libertad de expresi\u00f3n sea real. Visita nuestro medio informativo publicado desde Hermosillo, Sonora. %","robots":{"index":"index","follow":"follow","max-snippet":"max-snippet:-1","max-image-preview":"max-image-preview:large","max-video-preview":"max-video-preview:-1"},"canonical":"https:\/\/www.sonoraenequipo.com.mx\/llega-sonora-al-80-de-cobertura-en-ambulancias-claudia-pavlovich\/","og_locale":"es_ES","og_type":"article","og_title":"Sonora en Equipo. Llega Sonora al 80% de cobertura en ambulancias: Claudia Pavlovich Sonora","og_description":"HERMOSILLO, SONORA. MX. \u2014 Con la entrega de 20 ambulancias y 8 veh\u00edculos para la promoci\u00f3n y prevenci\u00f3n de enfermedades, Sonora pas\u00f3 de tener un 32% de En Sonora en Equipo publicamos toda la informaci\u00f3n de Sonora, M\u00e9xico y el Mundo de manera oportuna y busca que la libertad de expresi\u00f3n sea real. Visita nuestro medio informativo publicado desde Hermosillo, Sonora. %","og_url":"https:\/\/www.sonoraenequipo.com.mx\/llega-sonora-al-80-de-cobertura-en-ambulancias-claudia-pavlovich\/","og_site_name":"Sonora en Equipo.","article_publisher":"https:\/\/www.facebook.com\/SonoraEE\/","article_author":"https:\/\/www.facebook.com\/SonoraEE","article_published_time":"2019-02-07T04:27:50+00:00","og_image":[{"width":665,"height":400,"url":"https:\/\/www.sonoraenequipo.com.mx\/storage\/2019\/02\/entregandoamblancias_opt.jpg","type":"image\/jpeg"}],"author":"enequipo","twitter_card":"summary_large_image","twitter_creator":"@sonoraenequipo","twitter_site":"@sonoraenequipo","twitter_misc":{"Escrito por":"enequipo","Tiempo de lectura":"3 minutos"},"schema":{"@context":"https:\/\/schema.org","@graph":[{"@type":"Article","@id":"https:\/\/www.sonoraenequipo.com.mx\/llega-sonora-al-80-de-cobertura-en-ambulancias-claudia-pavlovich\/#article","isPartOf":{"@id":"https:\/\/www.sonoraenequipo.com.mx\/llega-sonora-al-80-de-cobertura-en-ambulancias-claudia-pavlovich\/"},"author":{"name":"enequipo","@id":"https:\/\/www.sonoraenequipo.com.mx\/#\/schema\/person\/50102df0fb23a8fa9e8effad8fa81386"},"headline":"Llega Sonora al 80% de cobertura en ambulancias: Claudia Pavlovich","datePublished":"2019-02-07T04:27:50+00:00","mainEntityOfPage":{"@id":"https:\/\/www.sonoraenequipo.com.mx\/llega-sonora-al-80-de-cobertura-en-ambulancias-claudia-pavlovich\/"},"wordCount":632,"commentCount":0,"publisher":{"@id":"https:\/\/www.sonoraenequipo.com.mx\/#organization"},"image":{"@id":"https:\/\/www.sonoraenequipo.com.mx\/llega-sonora-al-80-de-cobertura-en-ambulancias-claudia-pavlovich\/#primaryimage"},"thumbnailUrl":"https:\/\/www.sonoraenequipo.com.mx\/storage\/2019\/02\/entregandoamblancias_opt.jpg","articleSection":["Sonora"],"inLanguage":"es","potentialAction":[{"@type":"CommentAction","name":"Comment","target":["https:\/\/www.sonoraenequipo.com.mx\/llega-sonora-al-80-de-cobertura-en-ambulancias-claudia-pavlovich\/#respond"]}]},{"@type":"WebPage","@id":"https:\/\/www.sonoraenequipo.com.mx\/llega-sonora-al-80-de-cobertura-en-ambulancias-claudia-pavlovich\/","url":"https:\/\/www.sonoraenequipo.com.mx\/llega-sonora-al-80-de-cobertura-en-ambulancias-claudia-pavlovich\/","name":"Sonora en Equipo. Llega Sonora al 80% de cobertura en ambulancias: Claudia Pavlovich Sonora","isPartOf":{"@id":"https:\/\/www.sonoraenequipo.com.mx\/#website"},"primaryImageOfPage":{"@id":"https:\/\/www.sonoraenequipo.com.mx\/llega-sonora-al-80-de-cobertura-en-ambulancias-claudia-pavlovich\/#primaryimage"},"image":{"@id":"https:\/\/www.sonoraenequipo.com.mx\/llega-sonora-al-80-de-cobertura-en-ambulancias-claudia-pavlovich\/#primaryimage"},"thumbnailUrl":"https:\/\/www.sonoraenequipo.com.mx\/storage\/2019\/02\/entregandoamblancias_opt.jpg","datePublished":"2019-02-07T04:27:50+00:00","description":"HERMOSILLO, SONORA. MX. \u2014 Con la entrega de 20 ambulancias y 8 veh\u00edculos para la promoci\u00f3n y prevenci\u00f3n de enfermedades, Sonora pas\u00f3 de tener un 32% de En Sonora en Equipo publicamos toda la informaci\u00f3n de Sonora, M\u00e9xico y el Mundo de manera oportuna y busca que la libertad de expresi\u00f3n sea real. Visita nuestro medio informativo publicado desde Hermosillo, Sonora. %","breadcrumb":{"@id":"https:\/\/www.sonoraenequipo.com.mx\/llega-sonora-al-80-de-cobertura-en-ambulancias-claudia-pavlovich\/#breadcrumb"},"inLanguage":"es","potentialAction":[{"@type":"ReadAction","target":["https:\/\/www.sonoraenequipo.com.mx\/llega-sonora-al-80-de-cobertura-en-ambulancias-claudia-pavlovich\/"]}]},{"@type":"ImageObject","inLanguage":"es","@id":"https:\/\/www.sonoraenequipo.com.mx\/llega-sonora-al-80-de-cobertura-en-ambulancias-claudia-pavlovich\/#primaryimage","url":"https:\/\/www.sonoraenequipo.com.mx\/storage\/2019\/02\/entregandoamblancias_opt.jpg","contentUrl":"https:\/\/www.sonoraenequipo.com.mx\/storage\/2019\/02\/entregandoamblancias_opt.jpg","width":665,"height":400,"caption":"DCIM100MEDIADJI_0043.JPG"},{"@type":"BreadcrumbList","@id":"https:\/\/www.sonoraenequipo.com.mx\/llega-sonora-al-80-de-cobertura-en-ambulancias-claudia-pavlovich\/#breadcrumb","itemListElement":[{"@type":"ListItem","position":1,"name":"Portada","item":"https:\/\/www.sonoraenequipo.com.mx\/"},{"@type":"ListItem","position":2,"name":"Llega Sonora al 80% de cobertura en ambulancias: Claudia Pavlovich"}]},{"@type":"WebSite","@id":"https:\/\/www.sonoraenequipo.com.mx\/#website","url":"https:\/\/www.sonoraenequipo.com.mx\/","name":"Sonora en Equipo.","description":"Diario en l\u00ednea con Noticias desde Hermosillo, Sonora","publisher":{"@id":"https:\/\/www.sonoraenequipo.com.mx\/#organization"},"potentialAction":[{"@type":"SearchAction","target":{"@type":"EntryPoint","urlTemplate":"https:\/\/www.sonoraenequipo.com.mx\/?s={search_term_string}"},"query-input":{"@type":"PropertyValueSpecification","valueRequired":true,"valueName":"search_term_string"}}],"inLanguage":"es"},{"@type":"Organization","@id":"https:\/\/www.sonoraenequipo.com.mx\/#organization","name":"Sonoraenequipo.com.mx","url":"https:\/\/www.sonoraenequipo.com.mx\/","logo":{"@type":"ImageObject","inLanguage":"es","@id":"https:\/\/www.sonoraenequipo.com.mx\/#\/schema\/logo\/image\/","url":"https:\/\/www.sonoraenequipo.com.mx\/storage\/2019\/01\/sonoraenequipo_opt.png","contentUrl":"https:\/\/www.sonoraenequipo.com.mx\/storage\/2019\/01\/sonoraenequipo_opt.png","width":375,"height":125,"caption":"Sonoraenequipo.com.mx"},"image":{"@id":"https:\/\/www.sonoraenequipo.com.mx\/#\/schema\/logo\/image\/"},"sameAs":["https:\/\/www.facebook.com\/SonoraEE\/","https:\/\/x.com\/sonoraenequipo","https:\/\/www.youtube.com\/channel\/UC338nW-lPEYmJQs4ZABQ1SQ"]},{"@type":"Person","@id":"https:\/\/www.sonoraenequipo.com.mx\/#\/schema\/person\/50102df0fb23a8fa9e8effad8fa81386","name":"enequipo","image":{"@type":"ImageObject","inLanguage":"es","@id":"https:\/\/www.sonoraenequipo.com.mx\/#\/schema\/person\/image\/","url":"https:\/\/secure.gravatar.com\/avatar\/049821681b589dabc0bc20695993ccebb09f5b5d4d790cd9251b97faac7c652b?s=96&d=blank&r=g","contentUrl":"https:\/\/secure.gravatar.com\/avatar\/049821681b589dabc0bc20695993ccebb09f5b5d4d790cd9251b97faac7c652b?s=96&d=blank&r=g","caption":"enequipo"},"sameAs":["https:\/\/www.facebook.com\/SonoraEE"]}]}},"jetpack_featured_media_url":"https:\/\/www.sonoraenequipo.com.mx\/storage\/2019\/02\/entregandoamblancias_opt.jpg","_links":{"self":[{"href":"https:\/\/www.sonoraenequipo.com.mx\/api\/wp\/v2\/posts\/53615","targetHints":{"allow":["GET"]}}],"collection":[{"href":"https:\/\/www.sonoraenequipo.com.mx\/api\/wp\/v2\/posts"}],"about":[{"href":"https:\/\/www.sonoraenequipo.com.mx\/api\/wp\/v2\/types\/post"}],"author":[{"embeddable":true,"href":"https:\/\/www.sonoraenequipo.com.mx\/api\/wp\/v2\/users\/1"}],"replies":[{"embeddable":true,"href":"https:\/\/www.sonoraenequipo.com.mx\/api\/wp\/v2\/comments?post=53615"}],"version-history":[{"count":0,"href":"https:\/\/www.sonoraenequipo.com.mx\/api\/wp\/v2\/posts\/53615\/revisions"}],"wp:featuredmedia":[{"embeddable":true,"href":"https:\/\/www.sonoraenequipo.com.mx\/api\/wp\/v2\/media\/53616"}],"wp:attachment":[{"href":"https:\/\/www.sonoraenequipo.com.mx\/api\/wp\/v2\/media?parent=53615"}],"wp:term":[{"taxonomy":"category","embeddable":true,"href":"https:\/\/www.sonoraenequipo.com.mx\/api\/wp\/v2\/categories?post=53615"},{"taxonomy":"post_tag","embeddable":true,"href":"https:\/\/www.sonoraenequipo.com.mx\/api\/wp\/v2\/tags?post=53615"}],"curies":[{"name":"wp","href":"https:\/\/api.w.org\/{rel}","templated":true}]}}