{"id":53618,"date":"2019-02-06T22:30:10","date_gmt":"2019-02-07T05:30:10","guid":{"rendered":"http:\/\/www.sonoraenequipo.com.mx\/?p=53618"},"modified":"2019-02-06T21:56:29","modified_gmt":"2019-02-07T04:56:29","slug":"presenta-ism-protocolo-para-prevenir-hostigamiento-y-acoso-en-el-sector-privado","status":"publish","type":"post","link":"https:\/\/www.sonoraenequipo.com.mx\/presenta-ism-protocolo-para-prevenir-hostigamiento-y-acoso-en-el-sector-privado\/","title":{"rendered":"Presenta ISM Protocolo para Prevenir Hostigamiento y Acoso en el Sector Privado"},"content":{"rendered":"<p>HERMOSILLO, SONORA. MX. \u2014 Como una acci\u00f3n m\u00e1s del Gobierno de Sonora para prevenir, atender, sancionar y erradicar todo tipo de violencia contra las mujeres en diferentes espacios, el Instituto Sonorense de las Mujeres (ISM), present\u00f3 el Modelo de Protocolo de Actuaci\u00f3n para la Prevenci\u00f3n y Atenci\u00f3n a Personas Sujetas a Hostigamiento Sexual y Acoso Sexual en los Centros de Trabajo del Sector Privado, a dirigentes y representantes de c\u00e1maras empresariales, anunci\u00f3 Blanca Luz Salda\u00f1a L\u00f3pez.<\/p>\n<p> <\/p>\n<p>La coordinadora ejecutiva del ISM destac\u00f3 la importancia de brindar herramientas e informaci\u00f3n necesaria que faciliten la detecci\u00f3n de conductas como el hostigamiento y el acoso sexual, as\u00ed como una gu\u00eda de actuaci\u00f3n que permita hacer lo correcto en caso de vivir una situaci\u00f3n de este tipo.<\/p>\n<p>Acompa\u00f1ada del director general del Trabajo y Previsi\u00f3n Social, \u00c1ngel Cota Leyva, la titular del ISM dio la bienvenida a las y los representantes empresariales, de comercio y de industrias mineras, a quienes se present\u00f3 el proyecto para su aprobaci\u00f3n.<\/p>\n<p>Este modelo de Protocolo fue elaborado con perspectiva de g\u00e9nero y atendiendo los derechos humanos de las mujeres por profesionales del ISM, y en el se incluye una gu\u00eda de atenci\u00f3n en caso de denuncia, as\u00ed como la ruta cr\u00edtica a seguir para la atenci\u00f3n a posibles v\u00edctimas.<\/p>\n<p><em>\u201cEl Modelo de Protocolo de Actuaci\u00f3n para la Prevenci\u00f3n y Atenci\u00f3n a Personas Sujetas a Hostigamiento Sexual y Acoso Sexual en los Centros de Trabajo del Sector Privado fue creado como una herramienta para que cada empresa pueda hacer ajustes propios a sus necesidades, pero s\u00ed es muy importante la concientizaci\u00f3n y aceptaci\u00f3n de este tipo de documentos para que no se queden en eso y estos sean aplicados en los diferentes sectores\u201d,<\/em> se\u00f1al\u00f3 Salda\u00f1a L\u00f3pez.<\/p>\n<p>Destac\u00f3 que una de las prioridades de la gobernadora Claudia Pavlovich es garantizar la seguridad de todas y todos los sonorenses, por lo que todas las instituciones del estado se han involucrado para trabajar de manera transversal en esta lucha.<\/p>\n<p>Quienes asistieron a la presentaci\u00f3n de este modelo de Protocolo son: Arturo Fern\u00e1ndez D\u00edaz, presidente de Coparmex Sonora; Ana Mar\u00eda Arque Castellanos, presidenta de Coparmex Mujeres; Gabriel Zepeda V\u00e1squez, presidente de Canacintra; Karina Maldonado, presidenta de CMIC Sonora; Mirtha Alvarado Verdugo, presidenta de Canaco SERVyTUR Hermosillo; Margarita Bejarano Celaya, directora general del Cl\u00faster Minero de Sonora; y Virginia S\u00e1nchez Leyva, de CROC Sonora.<\/p>\n<p>Publicada 06\/02\/2019<\/p>\n","protected":false},"excerpt":{"rendered":"<p>HERMOSILLO, SONORA. MX. \u2014 Como una acci\u00f3n m\u00e1s del Gobierno de Sonora para prevenir, atender,&#8230;<\/p>\n","protected":false},"author":1,"featured_media":53619,"comment_status":"open","ping_status":"open","sticky":false,"template":"","format":"standard","meta":{"_monsterinsights_skip_tracking":false,"_monsterinsights_sitenote_active":false,"_monsterinsights_sitenote_note":"","_monsterinsights_sitenote_category":0,"footnotes":""},"categories":[22],"tags":[],"class_list":["post"],"yoast_head":" \n<title>Sonora en Equipo. Presenta ISM Protocolo para Prevenir Hostigamiento y Acoso en el Sector Privado Sonora<\/title>\n<meta name=\"description\" content=\"HERMOSILLO, SONORA. MX. \u2014 Como una acci\u00f3n m\u00e1s del Gobierno de Sonora para prevenir, atender, sancionar y erradicar todo tipo de violencia contra las En Sonora en Equipo publicamos toda la informaci\u00f3n de Sonora, M\u00e9xico y el Mundo de manera oportuna y busca que la libertad de expresi\u00f3n sea real. Visita nuestro medio informativo publicado desde Hermosillo, Sonora. %\" \/>\n<meta name=\"robots\" content=\"index, follow, max-snippet:-1, max-image-preview:large, max-video-preview:-1\" \/>\n<link rel=\"canonical\" href=\"https:\/\/www.sonoraenequipo.com.mx\/presenta-ism-protocolo-para-prevenir-hostigamiento-y-acoso-en-el-sector-privado\/\" \/>\n<meta property=\"og:locale\" content=\"es_ES\" \/>\n<meta property=\"og:type\" content=\"article\" \/>\n<meta property=\"og:title\" content=\"Sonora en Equipo. Presenta ISM Protocolo para Prevenir Hostigamiento y Acoso en el Sector Privado Sonora\" \/>\n<meta property=\"og:description\" content=\"HERMOSILLO, SONORA. MX. \u2014 Como una acci\u00f3n m\u00e1s del Gobierno de Sonora para prevenir, atender, sancionar y erradicar todo tipo de violencia contra las En Sonora en Equipo publicamos toda la informaci\u00f3n de Sonora, M\u00e9xico y el Mundo de manera oportuna y busca que la libertad de expresi\u00f3n sea real. Visita nuestro medio informativo publicado desde Hermosillo, Sonora. %\" \/>\n<meta property=\"og:url\" content=\"https:\/\/www.sonoraenequipo.com.mx\/presenta-ism-protocolo-para-prevenir-hostigamiento-y-acoso-en-el-sector-privado\/\" \/>\n<meta property=\"og:site_name\" content=\"Sonora en Equipo.\" \/>\n<meta property=\"article:publisher\" content=\"https:\/\/www.facebook.com\/SonoraEE\/\" \/>\n<meta property=\"article:author\" content=\"https:\/\/www.facebook.com\/SonoraEE\" \/>\n<meta property=\"article:published_time\" content=\"2019-02-07T05:30:10+00:00\" \/>\n<meta property=\"og:image\" content=\"https:\/\/www.sonoraenequipo.com.mx\/storage\/2019\/02\/ismjpg_opt.jpg\" \/>\n\t<meta property=\"og:image:width\" content=\"640\" \/>\n\t<meta property=\"og:image:height\" content=\"400\" \/>\n\t<meta property=\"og:image:type\" content=\"image\/jpeg\" \/>\n<meta name=\"author\" content=\"enequipo\" \/>\n<meta name=\"twitter:card\" content=\"summary_large_image\" \/>\n<meta name=\"twitter:creator\" content=\"@sonoraenequipo\" \/>\n<meta name=\"twitter:site\" content=\"@sonoraenequipo\" \/>\n<meta name=\"twitter:label1\" content=\"Escrito por\" \/>\n\t<meta name=\"twitter:data1\" content=\"enequipo\" \/>\n\t<meta name=\"twitter:label2\" content=\"Tiempo de lectura\" \/>\n\t<meta name=\"twitter:data2\" content=\"2 minutos\" \/>\n<script type=\"application\/ld+json\" class=\"yoast-schema-graph\">{\"@context\":\"https:\/\/schema.org\",\"@graph\":[{\"@type\":\"Article\",\"@id\":\"https:\/\/www.sonoraenequipo.com.mx\/presenta-ism-protocolo-para-prevenir-hostigamiento-y-acoso-en-el-sector-privado\/#article\",\"isPartOf\":{\"@id\":\"https:\/\/www.sonoraenequipo.com.mx\/presenta-ism-protocolo-para-prevenir-hostigamiento-y-acoso-en-el-sector-privado\/\"},\"author\":{\"name\":\"enequipo\",\"@id\":\"https:\/\/www.sonoraenequipo.com.mx\/#\/schema\/person\/50102df0fb23a8fa9e8effad8fa81386\"},\"headline\":\"Presenta ISM Protocolo para Prevenir Hostigamiento y Acoso en el Sector Privado\",\"datePublished\":\"2019-02-07T05:30:10+00:00\",\"mainEntityOfPage\":{\"@id\":\"https:\/\/www.sonoraenequipo.com.mx\/presenta-ism-protocolo-para-prevenir-hostigamiento-y-acoso-en-el-sector-privado\/\"},\"wordCount\":439,\"commentCount\":0,\"publisher\":{\"@id\":\"https:\/\/www.sonoraenequipo.com.mx\/#organization\"},\"image\":{\"@id\":\"https:\/\/www.sonoraenequipo.com.mx\/presenta-ism-protocolo-para-prevenir-hostigamiento-y-acoso-en-el-sector-privado\/#primaryimage\"},\"thumbnailUrl\":\"https:\/\/www.sonoraenequipo.com.mx\/storage\/2019\/02\/ismjpg_opt.jpg\",\"articleSection\":[\"Sonora\"],\"inLanguage\":\"es\",\"potentialAction\":[{\"@type\":\"CommentAction\",\"name\":\"Comment\",\"target\":[\"https:\/\/www.sonoraenequipo.com.mx\/presenta-ism-protocolo-para-prevenir-hostigamiento-y-acoso-en-el-sector-privado\/#respond\"]}]},{\"@type\":\"WebPage\",\"@id\":\"https:\/\/www.sonoraenequipo.com.mx\/presenta-ism-protocolo-para-prevenir-hostigamiento-y-acoso-en-el-sector-privado\/\",\"url\":\"https:\/\/www.sonoraenequipo.com.mx\/presenta-ism-protocolo-para-prevenir-hostigamiento-y-acoso-en-el-sector-privado\/\",\"name\":\"Sonora en Equipo. Presenta ISM Protocolo para Prevenir Hostigamiento y Acoso en el Sector Privado Sonora\",\"isPartOf\":{\"@id\":\"https:\/\/www.sonoraenequipo.com.mx\/#website\"},\"primaryImageOfPage\":{\"@id\":\"https:\/\/www.sonoraenequipo.com.mx\/presenta-ism-protocolo-para-prevenir-hostigamiento-y-acoso-en-el-sector-privado\/#primaryimage\"},\"image\":{\"@id\":\"https:\/\/www.sonoraenequipo.com.mx\/presenta-ism-protocolo-para-prevenir-hostigamiento-y-acoso-en-el-sector-privado\/#primaryimage\"},\"thumbnailUrl\":\"https:\/\/www.sonoraenequipo.com.mx\/storage\/2019\/02\/ismjpg_opt.jpg\",\"datePublished\":\"2019-02-07T05:30:10+00:00\",\"description\":\"HERMOSILLO, SONORA. MX. \u2014 Como una acci\u00f3n m\u00e1s del Gobierno de Sonora para prevenir, atender, sancionar y erradicar todo tipo de violencia contra las En Sonora en Equipo publicamos toda la informaci\u00f3n de Sonora, M\u00e9xico y el Mundo de manera oportuna y busca que la libertad de expresi\u00f3n sea real. Visita nuestro medio informativo publicado desde Hermosillo, Sonora. %\",\"breadcrumb\":{\"@id\":\"https:\/\/www.sonoraenequipo.com.mx\/presenta-ism-protocolo-para-prevenir-hostigamiento-y-acoso-en-el-sector-privado\/#breadcrumb\"},\"inLanguage\":\"es\",\"potentialAction\":[{\"@type\":\"ReadAction\",\"target\":[\"https:\/\/www.sonoraenequipo.com.mx\/presenta-ism-protocolo-para-prevenir-hostigamiento-y-acoso-en-el-sector-privado\/\"]}]},{\"@type\":\"ImageObject\",\"inLanguage\":\"es\",\"@id\":\"https:\/\/www.sonoraenequipo.com.mx\/presenta-ism-protocolo-para-prevenir-hostigamiento-y-acoso-en-el-sector-privado\/#primaryimage\",\"url\":\"https:\/\/www.sonoraenequipo.com.mx\/storage\/2019\/02\/ismjpg_opt.jpg\",\"contentUrl\":\"https:\/\/www.sonoraenequipo.com.mx\/storage\/2019\/02\/ismjpg_opt.jpg\",\"width\":640,\"height\":400},{\"@type\":\"BreadcrumbList\",\"@id\":\"https:\/\/www.sonoraenequipo.com.mx\/presenta-ism-protocolo-para-prevenir-hostigamiento-y-acoso-en-el-sector-privado\/#breadcrumb\",\"itemListElement\":[{\"@type\":\"ListItem\",\"position\":1,\"name\":\"Portada\",\"item\":\"https:\/\/www.sonoraenequipo.com.mx\/\"},{\"@type\":\"ListItem\",\"position\":2,\"name\":\"Presenta ISM Protocolo para Prevenir Hostigamiento y Acoso en el Sector Privado\"}]},{\"@type\":\"WebSite\",\"@id\":\"https:\/\/www.sonoraenequipo.com.mx\/#website\",\"url\":\"https:\/\/www.sonoraenequipo.com.mx\/\",\"name\":\"Sonora en Equipo.\",\"description\":\"Diario en l\u00ednea con Noticias desde Hermosillo, Sonora\",\"publisher\":{\"@id\":\"https:\/\/www.sonoraenequipo.com.mx\/#organization\"},\"potentialAction\":[{\"@type\":\"SearchAction\",\"target\":{\"@type\":\"EntryPoint\",\"urlTemplate\":\"https:\/\/www.sonoraenequipo.com.mx\/?s={search_term_string}\"},\"query-input\":{\"@type\":\"PropertyValueSpecification\",\"valueRequired\":true,\"valueName\":\"search_term_string\"}}],\"inLanguage\":\"es\"},{\"@type\":\"Organization\",\"@id\":\"https:\/\/www.sonoraenequipo.com.mx\/#organization\",\"name\":\"Sonoraenequipo.com.mx\",\"url\":\"https:\/\/www.sonoraenequipo.com.mx\/\",\"logo\":{\"@type\":\"ImageObject\",\"inLanguage\":\"es\",\"@id\":\"https:\/\/www.sonoraenequipo.com.mx\/#\/schema\/logo\/image\/\",\"url\":\"https:\/\/www.sonoraenequipo.com.mx\/storage\/2019\/01\/sonoraenequipo_opt.png\",\"contentUrl\":\"https:\/\/www.sonoraenequipo.com.mx\/storage\/2019\/01\/sonoraenequipo_opt.png\",\"width\":375,\"height\":125,\"caption\":\"Sonoraenequipo.com.mx\"},\"image\":{\"@id\":\"https:\/\/www.sonoraenequipo.com.mx\/#\/schema\/logo\/image\/\"},\"sameAs\":[\"https:\/\/www.facebook.com\/SonoraEE\/\",\"https:\/\/x.com\/sonoraenequipo\",\"https:\/\/www.youtube.com\/channel\/UC338nW-lPEYmJQs4ZABQ1SQ\"]},{\"@type\":\"Person\",\"@id\":\"https:\/\/www.sonoraenequipo.com.mx\/#\/schema\/person\/50102df0fb23a8fa9e8effad8fa81386\",\"name\":\"enequipo\",\"image\":{\"@type\":\"ImageObject\",\"inLanguage\":\"es\",\"@id\":\"https:\/\/www.sonoraenequipo.com.mx\/#\/schema\/person\/image\/\",\"url\":\"https:\/\/secure.gravatar.com\/avatar\/049821681b589dabc0bc20695993ccebb09f5b5d4d790cd9251b97faac7c652b?s=96&d=blank&r=g\",\"contentUrl\":\"https:\/\/secure.gravatar.com\/avatar\/049821681b589dabc0bc20695993ccebb09f5b5d4d790cd9251b97faac7c652b?s=96&d=blank&r=g\",\"caption\":\"enequipo\"},\"sameAs\":[\"https:\/\/www.facebook.com\/SonoraEE\"]}]}<\/script>\n ","yoast_head_json":{"title":"Sonora en Equipo. Presenta ISM Protocolo para Prevenir Hostigamiento y Acoso en el Sector Privado Sonora","description":"HERMOSILLO, SONORA. MX. \u2014 Como una acci\u00f3n m\u00e1s del Gobierno de Sonora para prevenir, atender, sancionar y erradicar todo tipo de violencia contra las En Sonora en Equipo publicamos toda la informaci\u00f3n de Sonora, M\u00e9xico y el Mundo de manera oportuna y busca que la libertad de expresi\u00f3n sea real. Visita nuestro medio informativo publicado desde Hermosillo, Sonora. %","robots":{"index":"index","follow":"follow","max-snippet":"max-snippet:-1","max-image-preview":"max-image-preview:large","max-video-preview":"max-video-preview:-1"},"canonical":"https:\/\/www.sonoraenequipo.com.mx\/presenta-ism-protocolo-para-prevenir-hostigamiento-y-acoso-en-el-sector-privado\/","og_locale":"es_ES","og_type":"article","og_title":"Sonora en Equipo. Presenta ISM Protocolo para Prevenir Hostigamiento y Acoso en el Sector Privado Sonora","og_description":"HERMOSILLO, SONORA. MX. \u2014 Como una acci\u00f3n m\u00e1s del Gobierno de Sonora para prevenir, atender, sancionar y erradicar todo tipo de violencia contra las En Sonora en Equipo publicamos toda la informaci\u00f3n de Sonora, M\u00e9xico y el Mundo de manera oportuna y busca que la libertad de expresi\u00f3n sea real. Visita nuestro medio informativo publicado desde Hermosillo, Sonora. %","og_url":"https:\/\/www.sonoraenequipo.com.mx\/presenta-ism-protocolo-para-prevenir-hostigamiento-y-acoso-en-el-sector-privado\/","og_site_name":"Sonora en Equipo.","article_publisher":"https:\/\/www.facebook.com\/SonoraEE\/","article_author":"https:\/\/www.facebook.com\/SonoraEE","article_published_time":"2019-02-07T05:30:10+00:00","og_image":[{"width":640,"height":400,"url":"https:\/\/www.sonoraenequipo.com.mx\/storage\/2019\/02\/ismjpg_opt.jpg","type":"image\/jpeg"}],"author":"enequipo","twitter_card":"summary_large_image","twitter_creator":"@sonoraenequipo","twitter_site":"@sonoraenequipo","twitter_misc":{"Escrito por":"enequipo","Tiempo de lectura":"2 minutos"},"schema":{"@context":"https:\/\/schema.org","@graph":[{"@type":"Article","@id":"https:\/\/www.sonoraenequipo.com.mx\/presenta-ism-protocolo-para-prevenir-hostigamiento-y-acoso-en-el-sector-privado\/#article","isPartOf":{"@id":"https:\/\/www.sonoraenequipo.com.mx\/presenta-ism-protocolo-para-prevenir-hostigamiento-y-acoso-en-el-sector-privado\/"},"author":{"name":"enequipo","@id":"https:\/\/www.sonoraenequipo.com.mx\/#\/schema\/person\/50102df0fb23a8fa9e8effad8fa81386"},"headline":"Presenta ISM Protocolo para Prevenir Hostigamiento y Acoso en el Sector Privado","datePublished":"2019-02-07T05:30:10+00:00","mainEntityOfPage":{"@id":"https:\/\/www.sonoraenequipo.com.mx\/presenta-ism-protocolo-para-prevenir-hostigamiento-y-acoso-en-el-sector-privado\/"},"wordCount":439,"commentCount":0,"publisher":{"@id":"https:\/\/www.sonoraenequipo.com.mx\/#organization"},"image":{"@id":"https:\/\/www.sonoraenequipo.com.mx\/presenta-ism-protocolo-para-prevenir-hostigamiento-y-acoso-en-el-sector-privado\/#primaryimage"},"thumbnailUrl":"https:\/\/www.sonoraenequipo.com.mx\/storage\/2019\/02\/ismjpg_opt.jpg","articleSection":["Sonora"],"inLanguage":"es","potentialAction":[{"@type":"CommentAction","name":"Comment","target":["https:\/\/www.sonoraenequipo.com.mx\/presenta-ism-protocolo-para-prevenir-hostigamiento-y-acoso-en-el-sector-privado\/#respond"]}]},{"@type":"WebPage","@id":"https:\/\/www.sonoraenequipo.com.mx\/presenta-ism-protocolo-para-prevenir-hostigamiento-y-acoso-en-el-sector-privado\/","url":"https:\/\/www.sonoraenequipo.com.mx\/presenta-ism-protocolo-para-prevenir-hostigamiento-y-acoso-en-el-sector-privado\/","name":"Sonora en Equipo. Presenta ISM Protocolo para Prevenir Hostigamiento y Acoso en el Sector Privado Sonora","isPartOf":{"@id":"https:\/\/www.sonoraenequipo.com.mx\/#website"},"primaryImageOfPage":{"@id":"https:\/\/www.sonoraenequipo.com.mx\/presenta-ism-protocolo-para-prevenir-hostigamiento-y-acoso-en-el-sector-privado\/#primaryimage"},"image":{"@id":"https:\/\/www.sonoraenequipo.com.mx\/presenta-ism-protocolo-para-prevenir-hostigamiento-y-acoso-en-el-sector-privado\/#primaryimage"},"thumbnailUrl":"https:\/\/www.sonoraenequipo.com.mx\/storage\/2019\/02\/ismjpg_opt.jpg","datePublished":"2019-02-07T05:30:10+00:00","description":"HERMOSILLO, SONORA. MX. \u2014 Como una acci\u00f3n m\u00e1s del Gobierno de Sonora para prevenir, atender, sancionar y erradicar todo tipo de violencia contra las En Sonora en Equipo publicamos toda la informaci\u00f3n de Sonora, M\u00e9xico y el Mundo de manera oportuna y busca que la libertad de expresi\u00f3n sea real. Visita nuestro medio informativo publicado desde Hermosillo, Sonora. %","breadcrumb":{"@id":"https:\/\/www.sonoraenequipo.com.mx\/presenta-ism-protocolo-para-prevenir-hostigamiento-y-acoso-en-el-sector-privado\/#breadcrumb"},"inLanguage":"es","potentialAction":[{"@type":"ReadAction","target":["https:\/\/www.sonoraenequipo.com.mx\/presenta-ism-protocolo-para-prevenir-hostigamiento-y-acoso-en-el-sector-privado\/"]}]},{"@type":"ImageObject","inLanguage":"es","@id":"https:\/\/www.sonoraenequipo.com.mx\/presenta-ism-protocolo-para-prevenir-hostigamiento-y-acoso-en-el-sector-privado\/#primaryimage","url":"https:\/\/www.sonoraenequipo.com.mx\/storage\/2019\/02\/ismjpg_opt.jpg","contentUrl":"https:\/\/www.sonoraenequipo.com.mx\/storage\/2019\/02\/ismjpg_opt.jpg","width":640,"height":400},{"@type":"BreadcrumbList","@id":"https:\/\/www.sonoraenequipo.com.mx\/presenta-ism-protocolo-para-prevenir-hostigamiento-y-acoso-en-el-sector-privado\/#breadcrumb","itemListElement":[{"@type":"ListItem","position":1,"name":"Portada","item":"https:\/\/www.sonoraenequipo.com.mx\/"},{"@type":"ListItem","position":2,"name":"Presenta ISM Protocolo para Prevenir Hostigamiento y Acoso en el Sector Privado"}]},{"@type":"WebSite","@id":"https:\/\/www.sonoraenequipo.com.mx\/#website","url":"https:\/\/www.sonoraenequipo.com.mx\/","name":"Sonora en Equipo.","description":"Diario en l\u00ednea con Noticias desde Hermosillo, Sonora","publisher":{"@id":"https:\/\/www.sonoraenequipo.com.mx\/#organization"},"potentialAction":[{"@type":"SearchAction","target":{"@type":"EntryPoint","urlTemplate":"https:\/\/www.sonoraenequipo.com.mx\/?s={search_term_string}"},"query-input":{"@type":"PropertyValueSpecification","valueRequired":true,"valueName":"search_term_string"}}],"inLanguage":"es"},{"@type":"Organization","@id":"https:\/\/www.sonoraenequipo.com.mx\/#organization","name":"Sonoraenequipo.com.mx","url":"https:\/\/www.sonoraenequipo.com.mx\/","logo":{"@type":"ImageObject","inLanguage":"es","@id":"https:\/\/www.sonoraenequipo.com.mx\/#\/schema\/logo\/image\/","url":"https:\/\/www.sonoraenequipo.com.mx\/storage\/2019\/01\/sonoraenequipo_opt.png","contentUrl":"https:\/\/www.sonoraenequipo.com.mx\/storage\/2019\/01\/sonoraenequipo_opt.png","width":375,"height":125,"caption":"Sonoraenequipo.com.mx"},"image":{"@id":"https:\/\/www.sonoraenequipo.com.mx\/#\/schema\/logo\/image\/"},"sameAs":["https:\/\/www.facebook.com\/SonoraEE\/","https:\/\/x.com\/sonoraenequipo","https:\/\/www.youtube.com\/channel\/UC338nW-lPEYmJQs4ZABQ1SQ"]},{"@type":"Person","@id":"https:\/\/www.sonoraenequipo.com.mx\/#\/schema\/person\/50102df0fb23a8fa9e8effad8fa81386","name":"enequipo","image":{"@type":"ImageObject","inLanguage":"es","@id":"https:\/\/www.sonoraenequipo.com.mx\/#\/schema\/person\/image\/","url":"https:\/\/secure.gravatar.com\/avatar\/049821681b589dabc0bc20695993ccebb09f5b5d4d790cd9251b97faac7c652b?s=96&d=blank&r=g","contentUrl":"https:\/\/secure.gravatar.com\/avatar\/049821681b589dabc0bc20695993ccebb09f5b5d4d790cd9251b97faac7c652b?s=96&d=blank&r=g","caption":"enequipo"},"sameAs":["https:\/\/www.facebook.com\/SonoraEE"]}]}},"jetpack_featured_media_url":"https:\/\/www.sonoraenequipo.com.mx\/storage\/2019\/02\/ismjpg_opt.jpg","_links":{"self":[{"href":"https:\/\/www.sonoraenequipo.com.mx\/api\/wp\/v2\/posts\/53618","targetHints":{"allow":["GET"]}}],"collection":[{"href":"https:\/\/www.sonoraenequipo.com.mx\/api\/wp\/v2\/posts"}],"about":[{"href":"https:\/\/www.sonoraenequipo.com.mx\/api\/wp\/v2\/types\/post"}],"author":[{"embeddable":true,"href":"https:\/\/www.sonoraenequipo.com.mx\/api\/wp\/v2\/users\/1"}],"replies":[{"embeddable":true,"href":"https:\/\/www.sonoraenequipo.com.mx\/api\/wp\/v2\/comments?post=53618"}],"version-history":[{"count":0,"href":"https:\/\/www.sonoraenequipo.com.mx\/api\/wp\/v2\/posts\/53618\/revisions"}],"wp:featuredmedia":[{"embeddable":true,"href":"https:\/\/www.sonoraenequipo.com.mx\/api\/wp\/v2\/media\/53619"}],"wp:attachment":[{"href":"https:\/\/www.sonoraenequipo.com.mx\/api\/wp\/v2\/media?parent=53618"}],"wp:term":[{"taxonomy":"category","embeddable":true,"href":"https:\/\/www.sonoraenequipo.com.mx\/api\/wp\/v2\/categories?post=53618"},{"taxonomy":"post_tag","embeddable":true,"href":"https:\/\/www.sonoraenequipo.com.mx\/api\/wp\/v2\/tags?post=53618"}],"curies":[{"name":"wp","href":"https:\/\/api.w.org\/{rel}","templated":true}]}}