{"id":53652,"date":"2019-02-07T20:50:57","date_gmt":"2019-02-08T03:50:57","guid":{"rendered":"http:\/\/www.sonoraenequipo.com.mx\/?p=53652"},"modified":"2019-02-07T21:23:59","modified_gmt":"2019-02-08T04:23:59","slug":"invita-cofetur-a-participar-en-la-ruta-de-la-onza-mtb-2019","status":"publish","type":"post","link":"https:\/\/www.sonoraenequipo.com.mx\/invita-cofetur-a-participar-en-la-ruta-de-la-onza-mtb-2019\/","title":{"rendered":"Invita Cofetur a participar en la Ruta de la Onza MTB 2019"},"content":{"rendered":"<p>HERMOSILLO, SONORA. MX. \u2014 Los eventos deportivos son un gran marco de promoci\u00f3n tur\u00edstica para Sonora y el Campeonato Estatal de Marat\u00f3n Ruta de la Onza MTB 2019 no es la excepci\u00f3n, asegur\u00f3 H\u00e9ctor Platt Maz\u00f3n, al invitar a participar en \u00e9ste, que se realizar\u00e1 el domingo 10 de febrero en San Miguel de Horcasitas. <\/p>\n<p>El subcoordinador de Operaciones de la Comisi\u00f3n del Fomento al Turismo (Cofetur) se\u00f1al\u00f3 que desde el inicio de la administraci\u00f3n, la gobernadora Claudia Pavlovich Arellano ha instruido a que el deporte y la promoci\u00f3n del turismo trabajen en coordinaci\u00f3n en eventos que benefician a los sonorenses como lo es la Ruta de la Onza MTB 2019.<\/p>\n<p>\u201cEs el domingo 10 de febrero, dada la cercan\u00eda con la ciudad queremos invitar a toda la ciudadan\u00eda a que nos acompa\u00f1e a que conozca este interesante deporte, que como todos ustedes saben la gobernadora ha sido de las principales impulsoras para que este tipo de eventos se lleven a cabo\u201d, afirm\u00f3.<\/p>\n<p>El evento, en el cual se recorrer\u00e1 una distancia de 54 kil\u00f3metros, es de gran relevancia para la entidad, subray\u00f3 Platt Maz\u00f3n, al albergar no \u00fanicamente competidores sonorenses, ya que se esperan participantes de los estados de Baja California Norte, Sinaloa y Nayarit.<\/p>\n<p>Adem\u00e1s, resalt\u00f3 que con la realizaci\u00f3n de este marat\u00f3n, los participantes y sus familias recorrer\u00e1n una parte del territorio sonorense y podr\u00e1n conocer y disfrutar una gran cantidad de los maravillosos destinos con los que cuenta Sonora.<\/p>\n<p>Por su parte, Roberto Arvizu, vicepresidente del club Jabal\u00eds MTB y organizador del evento, detall\u00f3 que el inicio de la quinta edici\u00f3n de esta carrera ser\u00e1 a partir de las 8:00 horas, tendr\u00e1n categor\u00edas para todas las edades, desde infantiles, expertos y veteranos, en ambas ramas, adem\u00e1s de contar con paseo urbano de 20 kil\u00f3metros.<\/p>\n<p>Mencion\u00f3 que las personas interesadas se podr\u00e1n inscribir a partir del s\u00e1bado, en la p\u00e1gina de Facebook: La cueva del Jabal\u00ed, el cual tendr\u00e1 un costo de 150 pesos, tanto para el marat\u00f3n como para el paseo urbano, y los ni\u00f1os podr\u00e1n competir de forma gratuita.<\/p>\n<p><em>\u201cTenemos premiaci\u00f3n en efectivo para las categor\u00edas expertos, se reparten 11 mil 200 pesos, entre Elite, Avanzados y Juveniles; a los Juveniles les damos un plus porque ellos son los que nos representan\u201d, <\/em>finaliz\u00f3.<\/p>\n<p>Publicada 07\/02\/2019 con info de<\/p>\n","protected":false},"excerpt":{"rendered":"<p>HERMOSILLO, SONORA. MX. \u2014 Los eventos deportivos son un gran marco de promoci\u00f3n tur\u00edstica para&#8230;<\/p>\n","protected":false},"author":1,"featured_media":53648,"comment_status":"open","ping_status":"open","sticky":false,"template":"","format":"standard","meta":{"_monsterinsights_skip_tracking":false,"_monsterinsights_sitenote_active":false,"_monsterinsights_sitenote_note":"","_monsterinsights_sitenote_category":0,"footnotes":""},"categories":[10],"tags":[],"class_list":["post"],"yoast_head":" \n<title>Sonora en Equipo. Invita Cofetur a participar en la Ruta de la Onza MTB 2019 Deportes<\/title>\n<meta name=\"description\" content=\"HERMOSILLO, SONORA. MX. \u2014 Los eventos deportivos son un gran marco de promoci\u00f3n tur\u00edstica para Sonora y el Campeonato Estatal de Marat\u00f3n Ruta de la Onza En Sonora en Equipo publicamos toda la informaci\u00f3n de Sonora, M\u00e9xico y el Mundo de manera oportuna y busca que la libertad de expresi\u00f3n sea real. Visita nuestro medio informativo publicado desde Hermosillo, Sonora. %\" \/>\n<meta name=\"robots\" content=\"index, follow, max-snippet:-1, max-image-preview:large, max-video-preview:-1\" \/>\n<link rel=\"canonical\" href=\"https:\/\/www.sonoraenequipo.com.mx\/invita-cofetur-a-participar-en-la-ruta-de-la-onza-mtb-2019\/\" \/>\n<meta property=\"og:locale\" content=\"es_ES\" \/>\n<meta property=\"og:type\" content=\"article\" \/>\n<meta property=\"og:title\" content=\"Sonora en Equipo. Invita Cofetur a participar en la Ruta de la Onza MTB 2019 Deportes\" \/>\n<meta property=\"og:description\" content=\"HERMOSILLO, SONORA. MX. \u2014 Los eventos deportivos son un gran marco de promoci\u00f3n tur\u00edstica para Sonora y el Campeonato Estatal de Marat\u00f3n Ruta de la Onza En Sonora en Equipo publicamos toda la informaci\u00f3n de Sonora, M\u00e9xico y el Mundo de manera oportuna y busca que la libertad de expresi\u00f3n sea real. Visita nuestro medio informativo publicado desde Hermosillo, Sonora. %\" \/>\n<meta property=\"og:url\" content=\"https:\/\/www.sonoraenequipo.com.mx\/invita-cofetur-a-participar-en-la-ruta-de-la-onza-mtb-2019\/\" \/>\n<meta property=\"og:site_name\" content=\"Sonora en Equipo.\" \/>\n<meta property=\"article:publisher\" content=\"https:\/\/www.facebook.com\/SonoraEE\/\" \/>\n<meta property=\"article:author\" content=\"https:\/\/www.facebook.com\/SonoraEE\" \/>\n<meta property=\"article:published_time\" content=\"2019-02-08T03:50:57+00:00\" \/>\n<meta property=\"article:modified_time\" content=\"2019-02-08T04:23:59+00:00\" \/>\n<meta property=\"og:image\" content=\"https:\/\/www.sonoraenequipo.com.mx\/storage\/2019\/02\/cofetur_opt.jpg\" \/>\n\t<meta property=\"og:image:width\" content=\"745\" \/>\n\t<meta property=\"og:image:height\" content=\"400\" \/>\n\t<meta property=\"og:image:type\" content=\"image\/jpeg\" \/>\n<meta name=\"author\" content=\"enequipo\" \/>\n<meta name=\"twitter:card\" content=\"summary_large_image\" \/>\n<meta name=\"twitter:creator\" content=\"@sonoraenequipo\" \/>\n<meta name=\"twitter:site\" content=\"@sonoraenequipo\" \/>\n<meta name=\"twitter:label1\" content=\"Escrito por\" \/>\n\t<meta name=\"twitter:data1\" content=\"enequipo\" \/>\n\t<meta name=\"twitter:label2\" content=\"Tiempo de lectura\" \/>\n\t<meta name=\"twitter:data2\" content=\"2 minutos\" \/>\n<script type=\"application\/ld+json\" class=\"yoast-schema-graph\">{\"@context\":\"https:\/\/schema.org\",\"@graph\":[{\"@type\":\"Article\",\"@id\":\"https:\/\/www.sonoraenequipo.com.mx\/invita-cofetur-a-participar-en-la-ruta-de-la-onza-mtb-2019\/#article\",\"isPartOf\":{\"@id\":\"https:\/\/www.sonoraenequipo.com.mx\/invita-cofetur-a-participar-en-la-ruta-de-la-onza-mtb-2019\/\"},\"author\":{\"name\":\"enequipo\",\"@id\":\"https:\/\/www.sonoraenequipo.com.mx\/#\/schema\/person\/50102df0fb23a8fa9e8effad8fa81386\"},\"headline\":\"Invita Cofetur a participar en la Ruta de la Onza MTB 2019\",\"datePublished\":\"2019-02-08T03:50:57+00:00\",\"dateModified\":\"2019-02-08T04:23:59+00:00\",\"mainEntityOfPage\":{\"@id\":\"https:\/\/www.sonoraenequipo.com.mx\/invita-cofetur-a-participar-en-la-ruta-de-la-onza-mtb-2019\/\"},\"wordCount\":417,\"commentCount\":0,\"publisher\":{\"@id\":\"https:\/\/www.sonoraenequipo.com.mx\/#organization\"},\"image\":{\"@id\":\"https:\/\/www.sonoraenequipo.com.mx\/invita-cofetur-a-participar-en-la-ruta-de-la-onza-mtb-2019\/#primaryimage\"},\"thumbnailUrl\":\"https:\/\/www.sonoraenequipo.com.mx\/storage\/2019\/02\/cofetur_opt.jpg\",\"articleSection\":[\"Deportes\"],\"inLanguage\":\"es\",\"potentialAction\":[{\"@type\":\"CommentAction\",\"name\":\"Comment\",\"target\":[\"https:\/\/www.sonoraenequipo.com.mx\/invita-cofetur-a-participar-en-la-ruta-de-la-onza-mtb-2019\/#respond\"]}]},{\"@type\":\"WebPage\",\"@id\":\"https:\/\/www.sonoraenequipo.com.mx\/invita-cofetur-a-participar-en-la-ruta-de-la-onza-mtb-2019\/\",\"url\":\"https:\/\/www.sonoraenequipo.com.mx\/invita-cofetur-a-participar-en-la-ruta-de-la-onza-mtb-2019\/\",\"name\":\"Sonora en Equipo. Invita Cofetur a participar en la Ruta de la Onza MTB 2019 Deportes\",\"isPartOf\":{\"@id\":\"https:\/\/www.sonoraenequipo.com.mx\/#website\"},\"primaryImageOfPage\":{\"@id\":\"https:\/\/www.sonoraenequipo.com.mx\/invita-cofetur-a-participar-en-la-ruta-de-la-onza-mtb-2019\/#primaryimage\"},\"image\":{\"@id\":\"https:\/\/www.sonoraenequipo.com.mx\/invita-cofetur-a-participar-en-la-ruta-de-la-onza-mtb-2019\/#primaryimage\"},\"thumbnailUrl\":\"https:\/\/www.sonoraenequipo.com.mx\/storage\/2019\/02\/cofetur_opt.jpg\",\"datePublished\":\"2019-02-08T03:50:57+00:00\",\"dateModified\":\"2019-02-08T04:23:59+00:00\",\"description\":\"HERMOSILLO, SONORA. MX. \u2014 Los eventos deportivos son un gran marco de promoci\u00f3n tur\u00edstica para Sonora y el Campeonato Estatal de Marat\u00f3n Ruta de la Onza En Sonora en Equipo publicamos toda la informaci\u00f3n de Sonora, M\u00e9xico y el Mundo de manera oportuna y busca que la libertad de expresi\u00f3n sea real. Visita nuestro medio informativo publicado desde Hermosillo, Sonora. %\",\"breadcrumb\":{\"@id\":\"https:\/\/www.sonoraenequipo.com.mx\/invita-cofetur-a-participar-en-la-ruta-de-la-onza-mtb-2019\/#breadcrumb\"},\"inLanguage\":\"es\",\"potentialAction\":[{\"@type\":\"ReadAction\",\"target\":[\"https:\/\/www.sonoraenequipo.com.mx\/invita-cofetur-a-participar-en-la-ruta-de-la-onza-mtb-2019\/\"]}]},{\"@type\":\"ImageObject\",\"inLanguage\":\"es\",\"@id\":\"https:\/\/www.sonoraenequipo.com.mx\/invita-cofetur-a-participar-en-la-ruta-de-la-onza-mtb-2019\/#primaryimage\",\"url\":\"https:\/\/www.sonoraenequipo.com.mx\/storage\/2019\/02\/cofetur_opt.jpg\",\"contentUrl\":\"https:\/\/www.sonoraenequipo.com.mx\/storage\/2019\/02\/cofetur_opt.jpg\",\"width\":745,\"height\":400},{\"@type\":\"BreadcrumbList\",\"@id\":\"https:\/\/www.sonoraenequipo.com.mx\/invita-cofetur-a-participar-en-la-ruta-de-la-onza-mtb-2019\/#breadcrumb\",\"itemListElement\":[{\"@type\":\"ListItem\",\"position\":1,\"name\":\"Portada\",\"item\":\"https:\/\/www.sonoraenequipo.com.mx\/\"},{\"@type\":\"ListItem\",\"position\":2,\"name\":\"Invita Cofetur a participar en la Ruta de la Onza MTB 2019\"}]},{\"@type\":\"WebSite\",\"@id\":\"https:\/\/www.sonoraenequipo.com.mx\/#website\",\"url\":\"https:\/\/www.sonoraenequipo.com.mx\/\",\"name\":\"Sonora en Equipo.\",\"description\":\"Diario en l\u00ednea con Noticias desde Hermosillo, Sonora\",\"publisher\":{\"@id\":\"https:\/\/www.sonoraenequipo.com.mx\/#organization\"},\"potentialAction\":[{\"@type\":\"SearchAction\",\"target\":{\"@type\":\"EntryPoint\",\"urlTemplate\":\"https:\/\/www.sonoraenequipo.com.mx\/?s={search_term_string}\"},\"query-input\":{\"@type\":\"PropertyValueSpecification\",\"valueRequired\":true,\"valueName\":\"search_term_string\"}}],\"inLanguage\":\"es\"},{\"@type\":\"Organization\",\"@id\":\"https:\/\/www.sonoraenequipo.com.mx\/#organization\",\"name\":\"Sonoraenequipo.com.mx\",\"url\":\"https:\/\/www.sonoraenequipo.com.mx\/\",\"logo\":{\"@type\":\"ImageObject\",\"inLanguage\":\"es\",\"@id\":\"https:\/\/www.sonoraenequipo.com.mx\/#\/schema\/logo\/image\/\",\"url\":\"https:\/\/www.sonoraenequipo.com.mx\/storage\/2019\/01\/sonoraenequipo_opt.png\",\"contentUrl\":\"https:\/\/www.sonoraenequipo.com.mx\/storage\/2019\/01\/sonoraenequipo_opt.png\",\"width\":375,\"height\":125,\"caption\":\"Sonoraenequipo.com.mx\"},\"image\":{\"@id\":\"https:\/\/www.sonoraenequipo.com.mx\/#\/schema\/logo\/image\/\"},\"sameAs\":[\"https:\/\/www.facebook.com\/SonoraEE\/\",\"https:\/\/x.com\/sonoraenequipo\",\"https:\/\/www.youtube.com\/channel\/UC338nW-lPEYmJQs4ZABQ1SQ\"]},{\"@type\":\"Person\",\"@id\":\"https:\/\/www.sonoraenequipo.com.mx\/#\/schema\/person\/50102df0fb23a8fa9e8effad8fa81386\",\"name\":\"enequipo\",\"image\":{\"@type\":\"ImageObject\",\"inLanguage\":\"es\",\"@id\":\"https:\/\/www.sonoraenequipo.com.mx\/#\/schema\/person\/image\/\",\"url\":\"https:\/\/secure.gravatar.com\/avatar\/049821681b589dabc0bc20695993ccebb09f5b5d4d790cd9251b97faac7c652b?s=96&d=blank&r=g\",\"contentUrl\":\"https:\/\/secure.gravatar.com\/avatar\/049821681b589dabc0bc20695993ccebb09f5b5d4d790cd9251b97faac7c652b?s=96&d=blank&r=g\",\"caption\":\"enequipo\"},\"sameAs\":[\"https:\/\/www.facebook.com\/SonoraEE\"]}]}<\/script>\n ","yoast_head_json":{"title":"Sonora en Equipo. Invita Cofetur a participar en la Ruta de la Onza MTB 2019 Deportes","description":"HERMOSILLO, SONORA. MX. \u2014 Los eventos deportivos son un gran marco de promoci\u00f3n tur\u00edstica para Sonora y el Campeonato Estatal de Marat\u00f3n Ruta de la Onza En Sonora en Equipo publicamos toda la informaci\u00f3n de Sonora, M\u00e9xico y el Mundo de manera oportuna y busca que la libertad de expresi\u00f3n sea real. Visita nuestro medio informativo publicado desde Hermosillo, Sonora. %","robots":{"index":"index","follow":"follow","max-snippet":"max-snippet:-1","max-image-preview":"max-image-preview:large","max-video-preview":"max-video-preview:-1"},"canonical":"https:\/\/www.sonoraenequipo.com.mx\/invita-cofetur-a-participar-en-la-ruta-de-la-onza-mtb-2019\/","og_locale":"es_ES","og_type":"article","og_title":"Sonora en Equipo. Invita Cofetur a participar en la Ruta de la Onza MTB 2019 Deportes","og_description":"HERMOSILLO, SONORA. MX. \u2014 Los eventos deportivos son un gran marco de promoci\u00f3n tur\u00edstica para Sonora y el Campeonato Estatal de Marat\u00f3n Ruta de la Onza En Sonora en Equipo publicamos toda la informaci\u00f3n de Sonora, M\u00e9xico y el Mundo de manera oportuna y busca que la libertad de expresi\u00f3n sea real. Visita nuestro medio informativo publicado desde Hermosillo, Sonora. %","og_url":"https:\/\/www.sonoraenequipo.com.mx\/invita-cofetur-a-participar-en-la-ruta-de-la-onza-mtb-2019\/","og_site_name":"Sonora en Equipo.","article_publisher":"https:\/\/www.facebook.com\/SonoraEE\/","article_author":"https:\/\/www.facebook.com\/SonoraEE","article_published_time":"2019-02-08T03:50:57+00:00","article_modified_time":"2019-02-08T04:23:59+00:00","og_image":[{"width":745,"height":400,"url":"https:\/\/www.sonoraenequipo.com.mx\/storage\/2019\/02\/cofetur_opt.jpg","type":"image\/jpeg"}],"author":"enequipo","twitter_card":"summary_large_image","twitter_creator":"@sonoraenequipo","twitter_site":"@sonoraenequipo","twitter_misc":{"Escrito por":"enequipo","Tiempo de lectura":"2 minutos"},"schema":{"@context":"https:\/\/schema.org","@graph":[{"@type":"Article","@id":"https:\/\/www.sonoraenequipo.com.mx\/invita-cofetur-a-participar-en-la-ruta-de-la-onza-mtb-2019\/#article","isPartOf":{"@id":"https:\/\/www.sonoraenequipo.com.mx\/invita-cofetur-a-participar-en-la-ruta-de-la-onza-mtb-2019\/"},"author":{"name":"enequipo","@id":"https:\/\/www.sonoraenequipo.com.mx\/#\/schema\/person\/50102df0fb23a8fa9e8effad8fa81386"},"headline":"Invita Cofetur a participar en la Ruta de la Onza MTB 2019","datePublished":"2019-02-08T03:50:57+00:00","dateModified":"2019-02-08T04:23:59+00:00","mainEntityOfPage":{"@id":"https:\/\/www.sonoraenequipo.com.mx\/invita-cofetur-a-participar-en-la-ruta-de-la-onza-mtb-2019\/"},"wordCount":417,"commentCount":0,"publisher":{"@id":"https:\/\/www.sonoraenequipo.com.mx\/#organization"},"image":{"@id":"https:\/\/www.sonoraenequipo.com.mx\/invita-cofetur-a-participar-en-la-ruta-de-la-onza-mtb-2019\/#primaryimage"},"thumbnailUrl":"https:\/\/www.sonoraenequipo.com.mx\/storage\/2019\/02\/cofetur_opt.jpg","articleSection":["Deportes"],"inLanguage":"es","potentialAction":[{"@type":"CommentAction","name":"Comment","target":["https:\/\/www.sonoraenequipo.com.mx\/invita-cofetur-a-participar-en-la-ruta-de-la-onza-mtb-2019\/#respond"]}]},{"@type":"WebPage","@id":"https:\/\/www.sonoraenequipo.com.mx\/invita-cofetur-a-participar-en-la-ruta-de-la-onza-mtb-2019\/","url":"https:\/\/www.sonoraenequipo.com.mx\/invita-cofetur-a-participar-en-la-ruta-de-la-onza-mtb-2019\/","name":"Sonora en Equipo. Invita Cofetur a participar en la Ruta de la Onza MTB 2019 Deportes","isPartOf":{"@id":"https:\/\/www.sonoraenequipo.com.mx\/#website"},"primaryImageOfPage":{"@id":"https:\/\/www.sonoraenequipo.com.mx\/invita-cofetur-a-participar-en-la-ruta-de-la-onza-mtb-2019\/#primaryimage"},"image":{"@id":"https:\/\/www.sonoraenequipo.com.mx\/invita-cofetur-a-participar-en-la-ruta-de-la-onza-mtb-2019\/#primaryimage"},"thumbnailUrl":"https:\/\/www.sonoraenequipo.com.mx\/storage\/2019\/02\/cofetur_opt.jpg","datePublished":"2019-02-08T03:50:57+00:00","dateModified":"2019-02-08T04:23:59+00:00","description":"HERMOSILLO, SONORA. MX. \u2014 Los eventos deportivos son un gran marco de promoci\u00f3n tur\u00edstica para Sonora y el Campeonato Estatal de Marat\u00f3n Ruta de la Onza En Sonora en Equipo publicamos toda la informaci\u00f3n de Sonora, M\u00e9xico y el Mundo de manera oportuna y busca que la libertad de expresi\u00f3n sea real. Visita nuestro medio informativo publicado desde Hermosillo, Sonora. %","breadcrumb":{"@id":"https:\/\/www.sonoraenequipo.com.mx\/invita-cofetur-a-participar-en-la-ruta-de-la-onza-mtb-2019\/#breadcrumb"},"inLanguage":"es","potentialAction":[{"@type":"ReadAction","target":["https:\/\/www.sonoraenequipo.com.mx\/invita-cofetur-a-participar-en-la-ruta-de-la-onza-mtb-2019\/"]}]},{"@type":"ImageObject","inLanguage":"es","@id":"https:\/\/www.sonoraenequipo.com.mx\/invita-cofetur-a-participar-en-la-ruta-de-la-onza-mtb-2019\/#primaryimage","url":"https:\/\/www.sonoraenequipo.com.mx\/storage\/2019\/02\/cofetur_opt.jpg","contentUrl":"https:\/\/www.sonoraenequipo.com.mx\/storage\/2019\/02\/cofetur_opt.jpg","width":745,"height":400},{"@type":"BreadcrumbList","@id":"https:\/\/www.sonoraenequipo.com.mx\/invita-cofetur-a-participar-en-la-ruta-de-la-onza-mtb-2019\/#breadcrumb","itemListElement":[{"@type":"ListItem","position":1,"name":"Portada","item":"https:\/\/www.sonoraenequipo.com.mx\/"},{"@type":"ListItem","position":2,"name":"Invita Cofetur a participar en la Ruta de la Onza MTB 2019"}]},{"@type":"WebSite","@id":"https:\/\/www.sonoraenequipo.com.mx\/#website","url":"https:\/\/www.sonoraenequipo.com.mx\/","name":"Sonora en Equipo.","description":"Diario en l\u00ednea con Noticias desde Hermosillo, Sonora","publisher":{"@id":"https:\/\/www.sonoraenequipo.com.mx\/#organization"},"potentialAction":[{"@type":"SearchAction","target":{"@type":"EntryPoint","urlTemplate":"https:\/\/www.sonoraenequipo.com.mx\/?s={search_term_string}"},"query-input":{"@type":"PropertyValueSpecification","valueRequired":true,"valueName":"search_term_string"}}],"inLanguage":"es"},{"@type":"Organization","@id":"https:\/\/www.sonoraenequipo.com.mx\/#organization","name":"Sonoraenequipo.com.mx","url":"https:\/\/www.sonoraenequipo.com.mx\/","logo":{"@type":"ImageObject","inLanguage":"es","@id":"https:\/\/www.sonoraenequipo.com.mx\/#\/schema\/logo\/image\/","url":"https:\/\/www.sonoraenequipo.com.mx\/storage\/2019\/01\/sonoraenequipo_opt.png","contentUrl":"https:\/\/www.sonoraenequipo.com.mx\/storage\/2019\/01\/sonoraenequipo_opt.png","width":375,"height":125,"caption":"Sonoraenequipo.com.mx"},"image":{"@id":"https:\/\/www.sonoraenequipo.com.mx\/#\/schema\/logo\/image\/"},"sameAs":["https:\/\/www.facebook.com\/SonoraEE\/","https:\/\/x.com\/sonoraenequipo","https:\/\/www.youtube.com\/channel\/UC338nW-lPEYmJQs4ZABQ1SQ"]},{"@type":"Person","@id":"https:\/\/www.sonoraenequipo.com.mx\/#\/schema\/person\/50102df0fb23a8fa9e8effad8fa81386","name":"enequipo","image":{"@type":"ImageObject","inLanguage":"es","@id":"https:\/\/www.sonoraenequipo.com.mx\/#\/schema\/person\/image\/","url":"https:\/\/secure.gravatar.com\/avatar\/049821681b589dabc0bc20695993ccebb09f5b5d4d790cd9251b97faac7c652b?s=96&d=blank&r=g","contentUrl":"https:\/\/secure.gravatar.com\/avatar\/049821681b589dabc0bc20695993ccebb09f5b5d4d790cd9251b97faac7c652b?s=96&d=blank&r=g","caption":"enequipo"},"sameAs":["https:\/\/www.facebook.com\/SonoraEE"]}]}},"jetpack_featured_media_url":"https:\/\/www.sonoraenequipo.com.mx\/storage\/2019\/02\/cofetur_opt.jpg","_links":{"self":[{"href":"https:\/\/www.sonoraenequipo.com.mx\/api\/wp\/v2\/posts\/53652","targetHints":{"allow":["GET"]}}],"collection":[{"href":"https:\/\/www.sonoraenequipo.com.mx\/api\/wp\/v2\/posts"}],"about":[{"href":"https:\/\/www.sonoraenequipo.com.mx\/api\/wp\/v2\/types\/post"}],"author":[{"embeddable":true,"href":"https:\/\/www.sonoraenequipo.com.mx\/api\/wp\/v2\/users\/1"}],"replies":[{"embeddable":true,"href":"https:\/\/www.sonoraenequipo.com.mx\/api\/wp\/v2\/comments?post=53652"}],"version-history":[{"count":0,"href":"https:\/\/www.sonoraenequipo.com.mx\/api\/wp\/v2\/posts\/53652\/revisions"}],"wp:featuredmedia":[{"embeddable":true,"href":"https:\/\/www.sonoraenequipo.com.mx\/api\/wp\/v2\/media\/53648"}],"wp:attachment":[{"href":"https:\/\/www.sonoraenequipo.com.mx\/api\/wp\/v2\/media?parent=53652"}],"wp:term":[{"taxonomy":"category","embeddable":true,"href":"https:\/\/www.sonoraenequipo.com.mx\/api\/wp\/v2\/categories?post=53652"},{"taxonomy":"post_tag","embeddable":true,"href":"https:\/\/www.sonoraenequipo.com.mx\/api\/wp\/v2\/tags?post=53652"}],"curies":[{"name":"wp","href":"https:\/\/api.w.org\/{rel}","templated":true}]}}