{"id":53698,"date":"2019-02-08T18:48:58","date_gmt":"2019-02-09T01:48:58","guid":{"rendered":"http:\/\/www.sonoraenequipo.com.mx\/?p=53698"},"modified":"2019-02-08T18:50:31","modified_gmt":"2019-02-09T01:50:31","slug":"arranca-gobierno-del-estado-proceso-para-transformar-el-servicio-del-transporte-urbano","status":"publish","type":"post","link":"https:\/\/www.sonoraenequipo.com.mx\/arranca-gobierno-del-estado-proceso-para-transformar-el-servicio-del-transporte-urbano\/","title":{"rendered":"Arranca Gobierno del Estado proceso para transformar el servicio del Transporte Urbano"},"content":{"rendered":"<p>HERMOSILLO, SONORA. MX. \u2014 Con la determinaci\u00f3n de garantizar un servicio digno y de calidad a los usuarios que a diario utilizan el transporte p\u00fablico en Hermosillo, el Gobierno del Estado inici\u00f3 el proceso de modernizaci\u00f3n y transformaci\u00f3n en la movilidad de los ciudadanos, inform\u00f3 Carlos Morales Buelna. <\/p>\n<p>En conferencia de prensa, el director general de Transporte en el Estado dio a conocer los t\u00e9rminos de la convocatoria que hoy se publica de manera abierta y transparente, para que se inscriban las personas f\u00edsicas o morales que garanticen las condiciones necesarias para lograr la modernizaci\u00f3n de este sistema.<\/p>\n<p>Mencion\u00f3 que la convocatoria tiene como antecedente el Dictamen T\u00e9cnico Socioecon\u00f3mico de Movilidad, el cual fue aprobado por los regidores en el Ayuntamiento de Hermosillo.<\/p>\n<p>Agreg\u00f3 que con ello se busca otorgar el servicio de movilidad en camiones nuevos, totalmente refrigerados, limpios, con un sistema de cobro moderno, con transparencia en los recursos, y con m\u00e1s unidades en circulaci\u00f3n para reducir tiempos de espera.<\/p>\n<p>Morales Buelna invit\u00f3 a los interesados en participar en el procedimiento de otorgamiento de la o las concesiones requeridas para implementar y operar un modelo de transporte \u00f3ptimo y eficiente en la capital sonorense, a que se registren en la convocatoria que ser\u00e1 publicada a partir del 12 de febrero en el Bolet\u00edn Oficial, y la cual estar\u00e1 disponible durante 15 d\u00edas h\u00e1biles.<\/p>\n<p><em>\u00abEstamos lanzando la convocatoria dirigida a las personas tanto f\u00edsicas y morales con experiencia, que cuenten con inter\u00e9s y capacidad legal, administrativa, t\u00e9cnica y financiera, para transformar el servicio y brindarle as\u00ed, el servicio de transporte que merece la ciudadan\u00eda y que est\u00e1 estipulado p<\/em>or <em>ley<\/em>\u00ab, indic\u00f3.<\/p>\n<p>El funcionario estatal detall\u00f3 que se evaluar\u00e1 el dise\u00f1o y propuesta tanto de sistemas de cobro con infraestructura tecnol\u00f3gica, establecimiento de un sistema de servicio que garantice la limpieza diaria y constante de los interiores y exteriores de las unidades, instalaci\u00f3n de aire acondicionado en todas las unidades que deber\u00e1n operar con los equipos encendidos y en correcto funcionamiento durante todo el periodo comprendido del 1 de mayo al 30 de septiembre de cada a\u00f1o, entre otras especificaciones.<br \/>\nEl director de Transporte tambi\u00e9n a\u00f1adi\u00f3 que en la convocatoria est\u00e1 establecido que las rutas de prestaci\u00f3n del servicio ser\u00e1n las que actualmente se encuentran definidas en el Plan Operativo de Servicio.<\/p>\n<p><em>\u201cLos participantes deber\u00e1n acreditar capacidad financiera para integrar de manera inmediata 50 unidades vehiculares nuevas a la operaci\u00f3n del servicio, presentando adem\u00e1s un programa de incorporaci\u00f3n de 200 unidades nuevas adicionales con definici\u00f3n de sus plazos de integraci\u00f3n al servicio, seg\u00fan el Plan Operativo\u201d,<\/em> expuso.<\/p>\n<p>Las solicitudes de inscripci\u00f3n a la convocatoria se deber\u00e1n presentar en d\u00edas h\u00e1biles, detall\u00f3, en horario de las 9:00 a 14:00 horas, en el domicilio de la Direcci\u00f3n General de Transporte de la Secretar\u00eda de Infraestructura y Desarrollo Urbano, ubicado en Centro de Gobierno del Estado, tercer piso ala norte.<\/p>\n<p>Ser\u00e1, dijo, la Direcci\u00f3n General de Transporte quien analizar\u00e1 las solicitudes de los interesados, verificando el cumplimiento de los requisitos de la convocatoria, de lo contrario, ser\u00e1n desechadas.<\/p>\n<p>Morales Buelna inform\u00f3 que una vez que la Direcci\u00f3n General de Transporte emita el dictamen previsto por el art\u00edculo 66 de la Ley de Transporte, se remitir\u00e1 \u00e9ste y sus documentos de apoyo a la titular del Poder Ejecutivo para su conocimiento y la decisi\u00f3n que corresponda, ser\u00e1 definitiva para todos los efectos legales.<\/p>\n<p>A\u00f1adi\u00f3 que de modo adicional a la publicaci\u00f3n que procede en los t\u00e9rminos del art\u00edculo 68 de la Ley de Transporte, la resoluci\u00f3n que se dicte sobre esta convocatoria se publicar\u00e1 igualmente en la p\u00e1gina electr\u00f3nica www.sidur.gob.mx de la Direcci\u00f3n General de Transporte, dentro de un t\u00e9rmino no mayor a dos d\u00edas h\u00e1biles posterior<\/p>\n<p>Publicada 08\/02\/2019 con info de<\/p>\n","protected":false},"excerpt":{"rendered":"<p>HERMOSILLO, SONORA. MX. \u2014 Con la determinaci\u00f3n de garantizar un servicio digno y de calidad&#8230;<\/p>\n","protected":false},"author":1,"featured_media":53695,"comment_status":"open","ping_status":"open","sticky":false,"template":"","format":"standard","meta":{"_monsterinsights_skip_tracking":false,"_monsterinsights_sitenote_active":false,"_monsterinsights_sitenote_note":"","_monsterinsights_sitenote_category":0,"footnotes":""},"categories":[22],"tags":[],"class_list":["post"],"yoast_head":" \n<title>Sonora en Equipo. Arranca Gobierno del Estado proceso para transformar el servicio del Transporte Urbano Sonora<\/title>\n<meta name=\"description\" content=\"HERMOSILLO, SONORA. MX. \u2014 Con la determinaci\u00f3n de garantizar un servicio digno y de calidad a los usuarios que a diario utilizan el transporte p\u00fablico en En Sonora en Equipo publicamos toda la informaci\u00f3n de Sonora, M\u00e9xico y el Mundo de manera oportuna y busca que la libertad de expresi\u00f3n sea real. Visita nuestro medio informativo publicado desde Hermosillo, Sonora. %\" \/>\n<meta name=\"robots\" content=\"index, follow, max-snippet:-1, max-image-preview:large, max-video-preview:-1\" \/>\n<link rel=\"canonical\" href=\"https:\/\/www.sonoraenequipo.com.mx\/arranca-gobierno-del-estado-proceso-para-transformar-el-servicio-del-transporte-urbano\/\" \/>\n<meta property=\"og:locale\" content=\"es_ES\" \/>\n<meta property=\"og:type\" content=\"article\" \/>\n<meta property=\"og:title\" content=\"Sonora en Equipo. Arranca Gobierno del Estado proceso para transformar el servicio del Transporte Urbano Sonora\" \/>\n<meta property=\"og:description\" content=\"HERMOSILLO, SONORA. MX. \u2014 Con la determinaci\u00f3n de garantizar un servicio digno y de calidad a los usuarios que a diario utilizan el transporte p\u00fablico en En Sonora en Equipo publicamos toda la informaci\u00f3n de Sonora, M\u00e9xico y el Mundo de manera oportuna y busca que la libertad de expresi\u00f3n sea real. Visita nuestro medio informativo publicado desde Hermosillo, Sonora. %\" \/>\n<meta property=\"og:url\" content=\"https:\/\/www.sonoraenequipo.com.mx\/arranca-gobierno-del-estado-proceso-para-transformar-el-servicio-del-transporte-urbano\/\" \/>\n<meta property=\"og:site_name\" content=\"Sonora en Equipo.\" \/>\n<meta property=\"article:publisher\" content=\"https:\/\/www.facebook.com\/SonoraEE\/\" \/>\n<meta property=\"article:author\" content=\"https:\/\/www.facebook.com\/SonoraEE\" \/>\n<meta property=\"article:published_time\" content=\"2019-02-09T01:48:58+00:00\" \/>\n<meta property=\"article:modified_time\" content=\"2019-02-09T01:50:31+00:00\" \/>\n<meta property=\"og:image\" content=\"https:\/\/www.sonoraenequipo.com.mx\/storage\/2019\/02\/dirtransporte_opt.jpg\" \/>\n\t<meta property=\"og:image:width\" content=\"557\" \/>\n\t<meta property=\"og:image:height\" content=\"371\" \/>\n\t<meta property=\"og:image:type\" content=\"image\/jpeg\" \/>\n<meta name=\"author\" content=\"enequipo\" \/>\n<meta name=\"twitter:card\" content=\"summary_large_image\" \/>\n<meta name=\"twitter:creator\" content=\"@sonoraenequipo\" \/>\n<meta name=\"twitter:site\" content=\"@sonoraenequipo\" \/>\n<meta name=\"twitter:label1\" content=\"Escrito por\" \/>\n\t<meta name=\"twitter:data1\" content=\"enequipo\" \/>\n\t<meta name=\"twitter:label2\" content=\"Tiempo de lectura\" \/>\n\t<meta name=\"twitter:data2\" content=\"3 minutos\" \/>\n<script type=\"application\/ld+json\" class=\"yoast-schema-graph\">{\"@context\":\"https:\/\/schema.org\",\"@graph\":[{\"@type\":\"Article\",\"@id\":\"https:\/\/www.sonoraenequipo.com.mx\/arranca-gobierno-del-estado-proceso-para-transformar-el-servicio-del-transporte-urbano\/#article\",\"isPartOf\":{\"@id\":\"https:\/\/www.sonoraenequipo.com.mx\/arranca-gobierno-del-estado-proceso-para-transformar-el-servicio-del-transporte-urbano\/\"},\"author\":{\"name\":\"enequipo\",\"@id\":\"https:\/\/www.sonoraenequipo.com.mx\/#\/schema\/person\/50102df0fb23a8fa9e8effad8fa81386\"},\"headline\":\"Arranca Gobierno del Estado proceso para transformar el servicio del Transporte Urbano\",\"datePublished\":\"2019-02-09T01:48:58+00:00\",\"dateModified\":\"2019-02-09T01:50:31+00:00\",\"mainEntityOfPage\":{\"@id\":\"https:\/\/www.sonoraenequipo.com.mx\/arranca-gobierno-del-estado-proceso-para-transformar-el-servicio-del-transporte-urbano\/\"},\"wordCount\":677,\"commentCount\":0,\"publisher\":{\"@id\":\"https:\/\/www.sonoraenequipo.com.mx\/#organization\"},\"image\":{\"@id\":\"https:\/\/www.sonoraenequipo.com.mx\/arranca-gobierno-del-estado-proceso-para-transformar-el-servicio-del-transporte-urbano\/#primaryimage\"},\"thumbnailUrl\":\"https:\/\/www.sonoraenequipo.com.mx\/storage\/2019\/02\/dirtransporte_opt.jpg\",\"articleSection\":[\"Sonora\"],\"inLanguage\":\"es\",\"potentialAction\":[{\"@type\":\"CommentAction\",\"name\":\"Comment\",\"target\":[\"https:\/\/www.sonoraenequipo.com.mx\/arranca-gobierno-del-estado-proceso-para-transformar-el-servicio-del-transporte-urbano\/#respond\"]}]},{\"@type\":\"WebPage\",\"@id\":\"https:\/\/www.sonoraenequipo.com.mx\/arranca-gobierno-del-estado-proceso-para-transformar-el-servicio-del-transporte-urbano\/\",\"url\":\"https:\/\/www.sonoraenequipo.com.mx\/arranca-gobierno-del-estado-proceso-para-transformar-el-servicio-del-transporte-urbano\/\",\"name\":\"Sonora en Equipo. Arranca Gobierno del Estado proceso para transformar el servicio del Transporte Urbano Sonora\",\"isPartOf\":{\"@id\":\"https:\/\/www.sonoraenequipo.com.mx\/#website\"},\"primaryImageOfPage\":{\"@id\":\"https:\/\/www.sonoraenequipo.com.mx\/arranca-gobierno-del-estado-proceso-para-transformar-el-servicio-del-transporte-urbano\/#primaryimage\"},\"image\":{\"@id\":\"https:\/\/www.sonoraenequipo.com.mx\/arranca-gobierno-del-estado-proceso-para-transformar-el-servicio-del-transporte-urbano\/#primaryimage\"},\"thumbnailUrl\":\"https:\/\/www.sonoraenequipo.com.mx\/storage\/2019\/02\/dirtransporte_opt.jpg\",\"datePublished\":\"2019-02-09T01:48:58+00:00\",\"dateModified\":\"2019-02-09T01:50:31+00:00\",\"description\":\"HERMOSILLO, SONORA. MX. \u2014 Con la determinaci\u00f3n de garantizar un servicio digno y de calidad a los usuarios que a diario utilizan el transporte p\u00fablico en En Sonora en Equipo publicamos toda la informaci\u00f3n de Sonora, M\u00e9xico y el Mundo de manera oportuna y busca que la libertad de expresi\u00f3n sea real. Visita nuestro medio informativo publicado desde Hermosillo, Sonora. %\",\"breadcrumb\":{\"@id\":\"https:\/\/www.sonoraenequipo.com.mx\/arranca-gobierno-del-estado-proceso-para-transformar-el-servicio-del-transporte-urbano\/#breadcrumb\"},\"inLanguage\":\"es\",\"potentialAction\":[{\"@type\":\"ReadAction\",\"target\":[\"https:\/\/www.sonoraenequipo.com.mx\/arranca-gobierno-del-estado-proceso-para-transformar-el-servicio-del-transporte-urbano\/\"]}]},{\"@type\":\"ImageObject\",\"inLanguage\":\"es\",\"@id\":\"https:\/\/www.sonoraenequipo.com.mx\/arranca-gobierno-del-estado-proceso-para-transformar-el-servicio-del-transporte-urbano\/#primaryimage\",\"url\":\"https:\/\/www.sonoraenequipo.com.mx\/storage\/2019\/02\/dirtransporte_opt.jpg\",\"contentUrl\":\"https:\/\/www.sonoraenequipo.com.mx\/storage\/2019\/02\/dirtransporte_opt.jpg\",\"width\":557,\"height\":371},{\"@type\":\"BreadcrumbList\",\"@id\":\"https:\/\/www.sonoraenequipo.com.mx\/arranca-gobierno-del-estado-proceso-para-transformar-el-servicio-del-transporte-urbano\/#breadcrumb\",\"itemListElement\":[{\"@type\":\"ListItem\",\"position\":1,\"name\":\"Portada\",\"item\":\"https:\/\/www.sonoraenequipo.com.mx\/\"},{\"@type\":\"ListItem\",\"position\":2,\"name\":\"Arranca Gobierno del Estado proceso para transformar el servicio del Transporte Urbano\"}]},{\"@type\":\"WebSite\",\"@id\":\"https:\/\/www.sonoraenequipo.com.mx\/#website\",\"url\":\"https:\/\/www.sonoraenequipo.com.mx\/\",\"name\":\"Sonora en Equipo.\",\"description\":\"Diario en l\u00ednea con Noticias desde Hermosillo, Sonora\",\"publisher\":{\"@id\":\"https:\/\/www.sonoraenequipo.com.mx\/#organization\"},\"potentialAction\":[{\"@type\":\"SearchAction\",\"target\":{\"@type\":\"EntryPoint\",\"urlTemplate\":\"https:\/\/www.sonoraenequipo.com.mx\/?s={search_term_string}\"},\"query-input\":{\"@type\":\"PropertyValueSpecification\",\"valueRequired\":true,\"valueName\":\"search_term_string\"}}],\"inLanguage\":\"es\"},{\"@type\":\"Organization\",\"@id\":\"https:\/\/www.sonoraenequipo.com.mx\/#organization\",\"name\":\"Sonoraenequipo.com.mx\",\"url\":\"https:\/\/www.sonoraenequipo.com.mx\/\",\"logo\":{\"@type\":\"ImageObject\",\"inLanguage\":\"es\",\"@id\":\"https:\/\/www.sonoraenequipo.com.mx\/#\/schema\/logo\/image\/\",\"url\":\"https:\/\/www.sonoraenequipo.com.mx\/storage\/2019\/01\/sonoraenequipo_opt.png\",\"contentUrl\":\"https:\/\/www.sonoraenequipo.com.mx\/storage\/2019\/01\/sonoraenequipo_opt.png\",\"width\":375,\"height\":125,\"caption\":\"Sonoraenequipo.com.mx\"},\"image\":{\"@id\":\"https:\/\/www.sonoraenequipo.com.mx\/#\/schema\/logo\/image\/\"},\"sameAs\":[\"https:\/\/www.facebook.com\/SonoraEE\/\",\"https:\/\/x.com\/sonoraenequipo\",\"https:\/\/www.youtube.com\/channel\/UC338nW-lPEYmJQs4ZABQ1SQ\"]},{\"@type\":\"Person\",\"@id\":\"https:\/\/www.sonoraenequipo.com.mx\/#\/schema\/person\/50102df0fb23a8fa9e8effad8fa81386\",\"name\":\"enequipo\",\"image\":{\"@type\":\"ImageObject\",\"inLanguage\":\"es\",\"@id\":\"https:\/\/www.sonoraenequipo.com.mx\/#\/schema\/person\/image\/\",\"url\":\"https:\/\/secure.gravatar.com\/avatar\/049821681b589dabc0bc20695993ccebb09f5b5d4d790cd9251b97faac7c652b?s=96&d=blank&r=g\",\"contentUrl\":\"https:\/\/secure.gravatar.com\/avatar\/049821681b589dabc0bc20695993ccebb09f5b5d4d790cd9251b97faac7c652b?s=96&d=blank&r=g\",\"caption\":\"enequipo\"},\"sameAs\":[\"https:\/\/www.facebook.com\/SonoraEE\"]}]}<\/script>\n ","yoast_head_json":{"title":"Sonora en Equipo. Arranca Gobierno del Estado proceso para transformar el servicio del Transporte Urbano Sonora","description":"HERMOSILLO, SONORA. MX. \u2014 Con la determinaci\u00f3n de garantizar un servicio digno y de calidad a los usuarios que a diario utilizan el transporte p\u00fablico en En Sonora en Equipo publicamos toda la informaci\u00f3n de Sonora, M\u00e9xico y el Mundo de manera oportuna y busca que la libertad de expresi\u00f3n sea real. Visita nuestro medio informativo publicado desde Hermosillo, Sonora. %","robots":{"index":"index","follow":"follow","max-snippet":"max-snippet:-1","max-image-preview":"max-image-preview:large","max-video-preview":"max-video-preview:-1"},"canonical":"https:\/\/www.sonoraenequipo.com.mx\/arranca-gobierno-del-estado-proceso-para-transformar-el-servicio-del-transporte-urbano\/","og_locale":"es_ES","og_type":"article","og_title":"Sonora en Equipo. Arranca Gobierno del Estado proceso para transformar el servicio del Transporte Urbano Sonora","og_description":"HERMOSILLO, SONORA. MX. \u2014 Con la determinaci\u00f3n de garantizar un servicio digno y de calidad a los usuarios que a diario utilizan el transporte p\u00fablico en En Sonora en Equipo publicamos toda la informaci\u00f3n de Sonora, M\u00e9xico y el Mundo de manera oportuna y busca que la libertad de expresi\u00f3n sea real. Visita nuestro medio informativo publicado desde Hermosillo, Sonora. %","og_url":"https:\/\/www.sonoraenequipo.com.mx\/arranca-gobierno-del-estado-proceso-para-transformar-el-servicio-del-transporte-urbano\/","og_site_name":"Sonora en Equipo.","article_publisher":"https:\/\/www.facebook.com\/SonoraEE\/","article_author":"https:\/\/www.facebook.com\/SonoraEE","article_published_time":"2019-02-09T01:48:58+00:00","article_modified_time":"2019-02-09T01:50:31+00:00","og_image":[{"width":557,"height":371,"url":"https:\/\/www.sonoraenequipo.com.mx\/storage\/2019\/02\/dirtransporte_opt.jpg","type":"image\/jpeg"}],"author":"enequipo","twitter_card":"summary_large_image","twitter_creator":"@sonoraenequipo","twitter_site":"@sonoraenequipo","twitter_misc":{"Escrito por":"enequipo","Tiempo de lectura":"3 minutos"},"schema":{"@context":"https:\/\/schema.org","@graph":[{"@type":"Article","@id":"https:\/\/www.sonoraenequipo.com.mx\/arranca-gobierno-del-estado-proceso-para-transformar-el-servicio-del-transporte-urbano\/#article","isPartOf":{"@id":"https:\/\/www.sonoraenequipo.com.mx\/arranca-gobierno-del-estado-proceso-para-transformar-el-servicio-del-transporte-urbano\/"},"author":{"name":"enequipo","@id":"https:\/\/www.sonoraenequipo.com.mx\/#\/schema\/person\/50102df0fb23a8fa9e8effad8fa81386"},"headline":"Arranca Gobierno del Estado proceso para transformar el servicio del Transporte Urbano","datePublished":"2019-02-09T01:48:58+00:00","dateModified":"2019-02-09T01:50:31+00:00","mainEntityOfPage":{"@id":"https:\/\/www.sonoraenequipo.com.mx\/arranca-gobierno-del-estado-proceso-para-transformar-el-servicio-del-transporte-urbano\/"},"wordCount":677,"commentCount":0,"publisher":{"@id":"https:\/\/www.sonoraenequipo.com.mx\/#organization"},"image":{"@id":"https:\/\/www.sonoraenequipo.com.mx\/arranca-gobierno-del-estado-proceso-para-transformar-el-servicio-del-transporte-urbano\/#primaryimage"},"thumbnailUrl":"https:\/\/www.sonoraenequipo.com.mx\/storage\/2019\/02\/dirtransporte_opt.jpg","articleSection":["Sonora"],"inLanguage":"es","potentialAction":[{"@type":"CommentAction","name":"Comment","target":["https:\/\/www.sonoraenequipo.com.mx\/arranca-gobierno-del-estado-proceso-para-transformar-el-servicio-del-transporte-urbano\/#respond"]}]},{"@type":"WebPage","@id":"https:\/\/www.sonoraenequipo.com.mx\/arranca-gobierno-del-estado-proceso-para-transformar-el-servicio-del-transporte-urbano\/","url":"https:\/\/www.sonoraenequipo.com.mx\/arranca-gobierno-del-estado-proceso-para-transformar-el-servicio-del-transporte-urbano\/","name":"Sonora en Equipo. Arranca Gobierno del Estado proceso para transformar el servicio del Transporte Urbano Sonora","isPartOf":{"@id":"https:\/\/www.sonoraenequipo.com.mx\/#website"},"primaryImageOfPage":{"@id":"https:\/\/www.sonoraenequipo.com.mx\/arranca-gobierno-del-estado-proceso-para-transformar-el-servicio-del-transporte-urbano\/#primaryimage"},"image":{"@id":"https:\/\/www.sonoraenequipo.com.mx\/arranca-gobierno-del-estado-proceso-para-transformar-el-servicio-del-transporte-urbano\/#primaryimage"},"thumbnailUrl":"https:\/\/www.sonoraenequipo.com.mx\/storage\/2019\/02\/dirtransporte_opt.jpg","datePublished":"2019-02-09T01:48:58+00:00","dateModified":"2019-02-09T01:50:31+00:00","description":"HERMOSILLO, SONORA. MX. \u2014 Con la determinaci\u00f3n de garantizar un servicio digno y de calidad a los usuarios que a diario utilizan el transporte p\u00fablico en En Sonora en Equipo publicamos toda la informaci\u00f3n de Sonora, M\u00e9xico y el Mundo de manera oportuna y busca que la libertad de expresi\u00f3n sea real. Visita nuestro medio informativo publicado desde Hermosillo, Sonora. %","breadcrumb":{"@id":"https:\/\/www.sonoraenequipo.com.mx\/arranca-gobierno-del-estado-proceso-para-transformar-el-servicio-del-transporte-urbano\/#breadcrumb"},"inLanguage":"es","potentialAction":[{"@type":"ReadAction","target":["https:\/\/www.sonoraenequipo.com.mx\/arranca-gobierno-del-estado-proceso-para-transformar-el-servicio-del-transporte-urbano\/"]}]},{"@type":"ImageObject","inLanguage":"es","@id":"https:\/\/www.sonoraenequipo.com.mx\/arranca-gobierno-del-estado-proceso-para-transformar-el-servicio-del-transporte-urbano\/#primaryimage","url":"https:\/\/www.sonoraenequipo.com.mx\/storage\/2019\/02\/dirtransporte_opt.jpg","contentUrl":"https:\/\/www.sonoraenequipo.com.mx\/storage\/2019\/02\/dirtransporte_opt.jpg","width":557,"height":371},{"@type":"BreadcrumbList","@id":"https:\/\/www.sonoraenequipo.com.mx\/arranca-gobierno-del-estado-proceso-para-transformar-el-servicio-del-transporte-urbano\/#breadcrumb","itemListElement":[{"@type":"ListItem","position":1,"name":"Portada","item":"https:\/\/www.sonoraenequipo.com.mx\/"},{"@type":"ListItem","position":2,"name":"Arranca Gobierno del Estado proceso para transformar el servicio del Transporte Urbano"}]},{"@type":"WebSite","@id":"https:\/\/www.sonoraenequipo.com.mx\/#website","url":"https:\/\/www.sonoraenequipo.com.mx\/","name":"Sonora en Equipo.","description":"Diario en l\u00ednea con Noticias desde Hermosillo, Sonora","publisher":{"@id":"https:\/\/www.sonoraenequipo.com.mx\/#organization"},"potentialAction":[{"@type":"SearchAction","target":{"@type":"EntryPoint","urlTemplate":"https:\/\/www.sonoraenequipo.com.mx\/?s={search_term_string}"},"query-input":{"@type":"PropertyValueSpecification","valueRequired":true,"valueName":"search_term_string"}}],"inLanguage":"es"},{"@type":"Organization","@id":"https:\/\/www.sonoraenequipo.com.mx\/#organization","name":"Sonoraenequipo.com.mx","url":"https:\/\/www.sonoraenequipo.com.mx\/","logo":{"@type":"ImageObject","inLanguage":"es","@id":"https:\/\/www.sonoraenequipo.com.mx\/#\/schema\/logo\/image\/","url":"https:\/\/www.sonoraenequipo.com.mx\/storage\/2019\/01\/sonoraenequipo_opt.png","contentUrl":"https:\/\/www.sonoraenequipo.com.mx\/storage\/2019\/01\/sonoraenequipo_opt.png","width":375,"height":125,"caption":"Sonoraenequipo.com.mx"},"image":{"@id":"https:\/\/www.sonoraenequipo.com.mx\/#\/schema\/logo\/image\/"},"sameAs":["https:\/\/www.facebook.com\/SonoraEE\/","https:\/\/x.com\/sonoraenequipo","https:\/\/www.youtube.com\/channel\/UC338nW-lPEYmJQs4ZABQ1SQ"]},{"@type":"Person","@id":"https:\/\/www.sonoraenequipo.com.mx\/#\/schema\/person\/50102df0fb23a8fa9e8effad8fa81386","name":"enequipo","image":{"@type":"ImageObject","inLanguage":"es","@id":"https:\/\/www.sonoraenequipo.com.mx\/#\/schema\/person\/image\/","url":"https:\/\/secure.gravatar.com\/avatar\/049821681b589dabc0bc20695993ccebb09f5b5d4d790cd9251b97faac7c652b?s=96&d=blank&r=g","contentUrl":"https:\/\/secure.gravatar.com\/avatar\/049821681b589dabc0bc20695993ccebb09f5b5d4d790cd9251b97faac7c652b?s=96&d=blank&r=g","caption":"enequipo"},"sameAs":["https:\/\/www.facebook.com\/SonoraEE"]}]}},"jetpack_featured_media_url":"https:\/\/www.sonoraenequipo.com.mx\/storage\/2019\/02\/dirtransporte_opt.jpg","_links":{"self":[{"href":"https:\/\/www.sonoraenequipo.com.mx\/api\/wp\/v2\/posts\/53698","targetHints":{"allow":["GET"]}}],"collection":[{"href":"https:\/\/www.sonoraenequipo.com.mx\/api\/wp\/v2\/posts"}],"about":[{"href":"https:\/\/www.sonoraenequipo.com.mx\/api\/wp\/v2\/types\/post"}],"author":[{"embeddable":true,"href":"https:\/\/www.sonoraenequipo.com.mx\/api\/wp\/v2\/users\/1"}],"replies":[{"embeddable":true,"href":"https:\/\/www.sonoraenequipo.com.mx\/api\/wp\/v2\/comments?post=53698"}],"version-history":[{"count":0,"href":"https:\/\/www.sonoraenequipo.com.mx\/api\/wp\/v2\/posts\/53698\/revisions"}],"wp:featuredmedia":[{"embeddable":true,"href":"https:\/\/www.sonoraenequipo.com.mx\/api\/wp\/v2\/media\/53695"}],"wp:attachment":[{"href":"https:\/\/www.sonoraenequipo.com.mx\/api\/wp\/v2\/media?parent=53698"}],"wp:term":[{"taxonomy":"category","embeddable":true,"href":"https:\/\/www.sonoraenequipo.com.mx\/api\/wp\/v2\/categories?post=53698"},{"taxonomy":"post_tag","embeddable":true,"href":"https:\/\/www.sonoraenequipo.com.mx\/api\/wp\/v2\/tags?post=53698"}],"curies":[{"name":"wp","href":"https:\/\/api.w.org\/{rel}","templated":true}]}}