{"id":53700,"date":"2019-02-08T16:25:02","date_gmt":"2019-02-08T23:25:02","guid":{"rendered":"http:\/\/www.sonoraenequipo.com.mx\/?p=53700"},"modified":"2019-02-08T18:59:40","modified_gmt":"2019-02-09T01:59:40","slug":"hay-confianza-en-la-nueva-forma-de-preinscripcion-escolar","status":"publish","type":"post","link":"https:\/\/www.sonoraenequipo.com.mx\/hay-confianza-en-la-nueva-forma-de-preinscripcion-escolar\/","title":{"rendered":"Hay confianza en la nueva forma de preinscripci\u00f3n escolar"},"content":{"rendered":"<p>HERMOSILLO, SONORA. MX. \u2014 A una semana de iniciado el proceso de Preinscripci\u00f3n en L\u00ednea, ya se encuentran preinscritos m\u00e1s de 97 mil nuevos estudiantes de primer ingreso a preescolar, primero de primaria y primero de secundaria, inform\u00f3 el secretario de Educaci\u00f3n y Cultura, SEC, V\u00edctor Guerrero Gonz\u00e1lez. <\/p>\n<p>Esa cifra, dijo, representa poco m\u00e1s del 67 por ciento de los alumnos que se estima cursar\u00e1n por primera vez sus estudios en preescolar, primero de primaria o primero de secundaria, durante el ciclo escolar 2019-2020.<\/p>\n<p>Guerrero Gonz\u00e1lez destac\u00f3 la participaci\u00f3n de padres de familia y tutores, quienes muestran, con esta alta participaci\u00f3n, su confianza en el portal www.yoremia.org, el cual agiliza el proceso de preinscripci\u00f3n y elimina filas y horas de espera para llenar formatos en las escuelas.<\/p>\n<p>Precis\u00f3 que al mediod\u00eda de este viernes 8 de febrero ya se encontraban preinscritos 97 mil 367 ni\u00f1as, ni\u00f1os y j\u00f3venes, de los cuales 26 mil 983 corresponden a preescolar; 33 mil 615 a primero de primaria y 36 mil 769 a primero de secundaria.<\/p>\n<p>El funcionario estatal agreg\u00f3 que dichas cifras representan un avance superior al 46 por ciento en el registro de la matr\u00edcula estimada en escuelas p\u00fablicas de nivel preescolar; arriba del 81 por ciento en primaria y del 76 por ciento en secundaria.<\/p>\n<p>Guerrero Gonz\u00e1lez exhort\u00f3 a quienes a\u00fan no preinscriben a sus hijos a no postergar este tr\u00e1mite, que ocupa entre 2 y 10 minutos realizar a trav\u00e9s de www.yoremia.org, una plataforma que opera las 24 horas del d\u00eda.<\/p>\n<p>El plazo de la Preinscripci\u00f3n en L\u00ednea, record\u00f3, concluye la medianoche del viernes 15 de febrero y para aclarar dudas o solicitar asistencia est\u00e1 disponible la L\u00ednea de la Educaci\u00f3n, (662) 2 89 76 01 al 05, de 8:00 a 19:00 horas, o a trav\u00e9s de redes sociales oficiales de la SEC.<\/p>\n<p>Publicada 08\/02\/2019 con info de Gobierno Estatal de Sonora)<\/p>\n","protected":false},"excerpt":{"rendered":"<p>HERMOSILLO, SONORA. MX. \u2014 A una semana de iniciado el proceso de Preinscripci\u00f3n en L\u00ednea,&#8230;<\/p>\n","protected":false},"author":1,"featured_media":53694,"comment_status":"open","ping_status":"open","sticky":false,"template":"","format":"standard","meta":{"_monsterinsights_skip_tracking":false,"_monsterinsights_sitenote_active":false,"_monsterinsights_sitenote_note":"","_monsterinsights_sitenote_category":0,"footnotes":""},"categories":[22],"tags":[],"class_list":["post"],"yoast_head":" \n<title>Sonora en Equipo. Hay confianza en la nueva forma de preinscripci\u00f3n escolar Sonora<\/title>\n<meta name=\"description\" content=\"HERMOSILLO, SONORA. MX. \u2014 A una semana de iniciado el proceso de Preinscripci\u00f3n en L\u00ednea, ya se encuentran preinscritos m\u00e1s de 97 mil nuevos estudiantes En Sonora en Equipo publicamos toda la informaci\u00f3n de Sonora, M\u00e9xico y el Mundo de manera oportuna y busca que la libertad de expresi\u00f3n sea real. Visita nuestro medio informativo publicado desde Hermosillo, Sonora. %\" \/>\n<meta name=\"robots\" content=\"index, follow, max-snippet:-1, max-image-preview:large, max-video-preview:-1\" \/>\n<link rel=\"canonical\" href=\"https:\/\/www.sonoraenequipo.com.mx\/hay-confianza-en-la-nueva-forma-de-preinscripcion-escolar\/\" \/>\n<meta property=\"og:locale\" content=\"es_ES\" \/>\n<meta property=\"og:type\" content=\"article\" \/>\n<meta property=\"og:title\" content=\"Sonora en Equipo. Hay confianza en la nueva forma de preinscripci\u00f3n escolar Sonora\" \/>\n<meta property=\"og:description\" content=\"HERMOSILLO, SONORA. MX. \u2014 A una semana de iniciado el proceso de Preinscripci\u00f3n en L\u00ednea, ya se encuentran preinscritos m\u00e1s de 97 mil nuevos estudiantes En Sonora en Equipo publicamos toda la informaci\u00f3n de Sonora, M\u00e9xico y el Mundo de manera oportuna y busca que la libertad de expresi\u00f3n sea real. Visita nuestro medio informativo publicado desde Hermosillo, Sonora. %\" \/>\n<meta property=\"og:url\" content=\"https:\/\/www.sonoraenequipo.com.mx\/hay-confianza-en-la-nueva-forma-de-preinscripcion-escolar\/\" \/>\n<meta property=\"og:site_name\" content=\"Sonora en Equipo.\" \/>\n<meta property=\"article:publisher\" content=\"https:\/\/www.facebook.com\/SonoraEE\/\" \/>\n<meta property=\"article:author\" content=\"https:\/\/www.facebook.com\/SonoraEE\" \/>\n<meta property=\"article:published_time\" content=\"2019-02-08T23:25:02+00:00\" \/>\n<meta property=\"article:modified_time\" content=\"2019-02-09T01:59:40+00:00\" \/>\n<meta property=\"og:image\" content=\"https:\/\/www.sonoraenequipo.com.mx\/storage\/2019\/02\/sec_opt.jpg\" \/>\n\t<meta property=\"og:image:width\" content=\"522\" \/>\n\t<meta property=\"og:image:height\" content=\"376\" \/>\n\t<meta property=\"og:image:type\" content=\"image\/jpeg\" \/>\n<meta name=\"author\" content=\"enequipo\" \/>\n<meta name=\"twitter:card\" content=\"summary_large_image\" \/>\n<meta name=\"twitter:creator\" content=\"@sonoraenequipo\" \/>\n<meta name=\"twitter:site\" content=\"@sonoraenequipo\" \/>\n<meta name=\"twitter:label1\" content=\"Escrito por\" \/>\n\t<meta name=\"twitter:data1\" content=\"enequipo\" \/>\n\t<meta name=\"twitter:label2\" content=\"Tiempo de lectura\" \/>\n\t<meta name=\"twitter:data2\" content=\"2 minutos\" \/>\n<script type=\"application\/ld+json\" class=\"yoast-schema-graph\">{\"@context\":\"https:\/\/schema.org\",\"@graph\":[{\"@type\":\"Article\",\"@id\":\"https:\/\/www.sonoraenequipo.com.mx\/hay-confianza-en-la-nueva-forma-de-preinscripcion-escolar\/#article\",\"isPartOf\":{\"@id\":\"https:\/\/www.sonoraenequipo.com.mx\/hay-confianza-en-la-nueva-forma-de-preinscripcion-escolar\/\"},\"author\":{\"name\":\"enequipo\",\"@id\":\"https:\/\/www.sonoraenequipo.com.mx\/#\/schema\/person\/50102df0fb23a8fa9e8effad8fa81386\"},\"headline\":\"Hay confianza en la nueva forma de preinscripci\u00f3n escolar\",\"datePublished\":\"2019-02-08T23:25:02+00:00\",\"dateModified\":\"2019-02-09T01:59:40+00:00\",\"mainEntityOfPage\":{\"@id\":\"https:\/\/www.sonoraenequipo.com.mx\/hay-confianza-en-la-nueva-forma-de-preinscripcion-escolar\/\"},\"wordCount\":326,\"commentCount\":0,\"publisher\":{\"@id\":\"https:\/\/www.sonoraenequipo.com.mx\/#organization\"},\"image\":{\"@id\":\"https:\/\/www.sonoraenequipo.com.mx\/hay-confianza-en-la-nueva-forma-de-preinscripcion-escolar\/#primaryimage\"},\"thumbnailUrl\":\"https:\/\/www.sonoraenequipo.com.mx\/storage\/2019\/02\/sec_opt.jpg\",\"articleSection\":[\"Sonora\"],\"inLanguage\":\"es\",\"potentialAction\":[{\"@type\":\"CommentAction\",\"name\":\"Comment\",\"target\":[\"https:\/\/www.sonoraenequipo.com.mx\/hay-confianza-en-la-nueva-forma-de-preinscripcion-escolar\/#respond\"]}]},{\"@type\":\"WebPage\",\"@id\":\"https:\/\/www.sonoraenequipo.com.mx\/hay-confianza-en-la-nueva-forma-de-preinscripcion-escolar\/\",\"url\":\"https:\/\/www.sonoraenequipo.com.mx\/hay-confianza-en-la-nueva-forma-de-preinscripcion-escolar\/\",\"name\":\"Sonora en Equipo. Hay confianza en la nueva forma de preinscripci\u00f3n escolar Sonora\",\"isPartOf\":{\"@id\":\"https:\/\/www.sonoraenequipo.com.mx\/#website\"},\"primaryImageOfPage\":{\"@id\":\"https:\/\/www.sonoraenequipo.com.mx\/hay-confianza-en-la-nueva-forma-de-preinscripcion-escolar\/#primaryimage\"},\"image\":{\"@id\":\"https:\/\/www.sonoraenequipo.com.mx\/hay-confianza-en-la-nueva-forma-de-preinscripcion-escolar\/#primaryimage\"},\"thumbnailUrl\":\"https:\/\/www.sonoraenequipo.com.mx\/storage\/2019\/02\/sec_opt.jpg\",\"datePublished\":\"2019-02-08T23:25:02+00:00\",\"dateModified\":\"2019-02-09T01:59:40+00:00\",\"description\":\"HERMOSILLO, SONORA. MX. \u2014 A una semana de iniciado el proceso de Preinscripci\u00f3n en L\u00ednea, ya se encuentran preinscritos m\u00e1s de 97 mil nuevos estudiantes En Sonora en Equipo publicamos toda la informaci\u00f3n de Sonora, M\u00e9xico y el Mundo de manera oportuna y busca que la libertad de expresi\u00f3n sea real. Visita nuestro medio informativo publicado desde Hermosillo, Sonora. %\",\"breadcrumb\":{\"@id\":\"https:\/\/www.sonoraenequipo.com.mx\/hay-confianza-en-la-nueva-forma-de-preinscripcion-escolar\/#breadcrumb\"},\"inLanguage\":\"es\",\"potentialAction\":[{\"@type\":\"ReadAction\",\"target\":[\"https:\/\/www.sonoraenequipo.com.mx\/hay-confianza-en-la-nueva-forma-de-preinscripcion-escolar\/\"]}]},{\"@type\":\"ImageObject\",\"inLanguage\":\"es\",\"@id\":\"https:\/\/www.sonoraenequipo.com.mx\/hay-confianza-en-la-nueva-forma-de-preinscripcion-escolar\/#primaryimage\",\"url\":\"https:\/\/www.sonoraenequipo.com.mx\/storage\/2019\/02\/sec_opt.jpg\",\"contentUrl\":\"https:\/\/www.sonoraenequipo.com.mx\/storage\/2019\/02\/sec_opt.jpg\",\"width\":522,\"height\":376},{\"@type\":\"BreadcrumbList\",\"@id\":\"https:\/\/www.sonoraenequipo.com.mx\/hay-confianza-en-la-nueva-forma-de-preinscripcion-escolar\/#breadcrumb\",\"itemListElement\":[{\"@type\":\"ListItem\",\"position\":1,\"name\":\"Portada\",\"item\":\"https:\/\/www.sonoraenequipo.com.mx\/\"},{\"@type\":\"ListItem\",\"position\":2,\"name\":\"Hay confianza en la nueva forma de preinscripci\u00f3n escolar\"}]},{\"@type\":\"WebSite\",\"@id\":\"https:\/\/www.sonoraenequipo.com.mx\/#website\",\"url\":\"https:\/\/www.sonoraenequipo.com.mx\/\",\"name\":\"Sonora en Equipo.\",\"description\":\"Diario en l\u00ednea con Noticias desde Hermosillo, Sonora\",\"publisher\":{\"@id\":\"https:\/\/www.sonoraenequipo.com.mx\/#organization\"},\"potentialAction\":[{\"@type\":\"SearchAction\",\"target\":{\"@type\":\"EntryPoint\",\"urlTemplate\":\"https:\/\/www.sonoraenequipo.com.mx\/?s={search_term_string}\"},\"query-input\":{\"@type\":\"PropertyValueSpecification\",\"valueRequired\":true,\"valueName\":\"search_term_string\"}}],\"inLanguage\":\"es\"},{\"@type\":\"Organization\",\"@id\":\"https:\/\/www.sonoraenequipo.com.mx\/#organization\",\"name\":\"Sonoraenequipo.com.mx\",\"url\":\"https:\/\/www.sonoraenequipo.com.mx\/\",\"logo\":{\"@type\":\"ImageObject\",\"inLanguage\":\"es\",\"@id\":\"https:\/\/www.sonoraenequipo.com.mx\/#\/schema\/logo\/image\/\",\"url\":\"https:\/\/www.sonoraenequipo.com.mx\/storage\/2019\/01\/sonoraenequipo_opt.png\",\"contentUrl\":\"https:\/\/www.sonoraenequipo.com.mx\/storage\/2019\/01\/sonoraenequipo_opt.png\",\"width\":375,\"height\":125,\"caption\":\"Sonoraenequipo.com.mx\"},\"image\":{\"@id\":\"https:\/\/www.sonoraenequipo.com.mx\/#\/schema\/logo\/image\/\"},\"sameAs\":[\"https:\/\/www.facebook.com\/SonoraEE\/\",\"https:\/\/x.com\/sonoraenequipo\",\"https:\/\/www.youtube.com\/channel\/UC338nW-lPEYmJQs4ZABQ1SQ\"]},{\"@type\":\"Person\",\"@id\":\"https:\/\/www.sonoraenequipo.com.mx\/#\/schema\/person\/50102df0fb23a8fa9e8effad8fa81386\",\"name\":\"enequipo\",\"image\":{\"@type\":\"ImageObject\",\"inLanguage\":\"es\",\"@id\":\"https:\/\/www.sonoraenequipo.com.mx\/#\/schema\/person\/image\/\",\"url\":\"https:\/\/secure.gravatar.com\/avatar\/049821681b589dabc0bc20695993ccebb09f5b5d4d790cd9251b97faac7c652b?s=96&d=blank&r=g\",\"contentUrl\":\"https:\/\/secure.gravatar.com\/avatar\/049821681b589dabc0bc20695993ccebb09f5b5d4d790cd9251b97faac7c652b?s=96&d=blank&r=g\",\"caption\":\"enequipo\"},\"sameAs\":[\"https:\/\/www.facebook.com\/SonoraEE\"]}]}<\/script>\n ","yoast_head_json":{"title":"Sonora en Equipo. Hay confianza en la nueva forma de preinscripci\u00f3n escolar Sonora","description":"HERMOSILLO, SONORA. MX. \u2014 A una semana de iniciado el proceso de Preinscripci\u00f3n en L\u00ednea, ya se encuentran preinscritos m\u00e1s de 97 mil nuevos estudiantes En Sonora en Equipo publicamos toda la informaci\u00f3n de Sonora, M\u00e9xico y el Mundo de manera oportuna y busca que la libertad de expresi\u00f3n sea real. Visita nuestro medio informativo publicado desde Hermosillo, Sonora. %","robots":{"index":"index","follow":"follow","max-snippet":"max-snippet:-1","max-image-preview":"max-image-preview:large","max-video-preview":"max-video-preview:-1"},"canonical":"https:\/\/www.sonoraenequipo.com.mx\/hay-confianza-en-la-nueva-forma-de-preinscripcion-escolar\/","og_locale":"es_ES","og_type":"article","og_title":"Sonora en Equipo. Hay confianza en la nueva forma de preinscripci\u00f3n escolar Sonora","og_description":"HERMOSILLO, SONORA. MX. \u2014 A una semana de iniciado el proceso de Preinscripci\u00f3n en L\u00ednea, ya se encuentran preinscritos m\u00e1s de 97 mil nuevos estudiantes En Sonora en Equipo publicamos toda la informaci\u00f3n de Sonora, M\u00e9xico y el Mundo de manera oportuna y busca que la libertad de expresi\u00f3n sea real. Visita nuestro medio informativo publicado desde Hermosillo, Sonora. %","og_url":"https:\/\/www.sonoraenequipo.com.mx\/hay-confianza-en-la-nueva-forma-de-preinscripcion-escolar\/","og_site_name":"Sonora en Equipo.","article_publisher":"https:\/\/www.facebook.com\/SonoraEE\/","article_author":"https:\/\/www.facebook.com\/SonoraEE","article_published_time":"2019-02-08T23:25:02+00:00","article_modified_time":"2019-02-09T01:59:40+00:00","og_image":[{"width":522,"height":376,"url":"https:\/\/www.sonoraenequipo.com.mx\/storage\/2019\/02\/sec_opt.jpg","type":"image\/jpeg"}],"author":"enequipo","twitter_card":"summary_large_image","twitter_creator":"@sonoraenequipo","twitter_site":"@sonoraenequipo","twitter_misc":{"Escrito por":"enequipo","Tiempo de lectura":"2 minutos"},"schema":{"@context":"https:\/\/schema.org","@graph":[{"@type":"Article","@id":"https:\/\/www.sonoraenequipo.com.mx\/hay-confianza-en-la-nueva-forma-de-preinscripcion-escolar\/#article","isPartOf":{"@id":"https:\/\/www.sonoraenequipo.com.mx\/hay-confianza-en-la-nueva-forma-de-preinscripcion-escolar\/"},"author":{"name":"enequipo","@id":"https:\/\/www.sonoraenequipo.com.mx\/#\/schema\/person\/50102df0fb23a8fa9e8effad8fa81386"},"headline":"Hay confianza en la nueva forma de preinscripci\u00f3n escolar","datePublished":"2019-02-08T23:25:02+00:00","dateModified":"2019-02-09T01:59:40+00:00","mainEntityOfPage":{"@id":"https:\/\/www.sonoraenequipo.com.mx\/hay-confianza-en-la-nueva-forma-de-preinscripcion-escolar\/"},"wordCount":326,"commentCount":0,"publisher":{"@id":"https:\/\/www.sonoraenequipo.com.mx\/#organization"},"image":{"@id":"https:\/\/www.sonoraenequipo.com.mx\/hay-confianza-en-la-nueva-forma-de-preinscripcion-escolar\/#primaryimage"},"thumbnailUrl":"https:\/\/www.sonoraenequipo.com.mx\/storage\/2019\/02\/sec_opt.jpg","articleSection":["Sonora"],"inLanguage":"es","potentialAction":[{"@type":"CommentAction","name":"Comment","target":["https:\/\/www.sonoraenequipo.com.mx\/hay-confianza-en-la-nueva-forma-de-preinscripcion-escolar\/#respond"]}]},{"@type":"WebPage","@id":"https:\/\/www.sonoraenequipo.com.mx\/hay-confianza-en-la-nueva-forma-de-preinscripcion-escolar\/","url":"https:\/\/www.sonoraenequipo.com.mx\/hay-confianza-en-la-nueva-forma-de-preinscripcion-escolar\/","name":"Sonora en Equipo. Hay confianza en la nueva forma de preinscripci\u00f3n escolar Sonora","isPartOf":{"@id":"https:\/\/www.sonoraenequipo.com.mx\/#website"},"primaryImageOfPage":{"@id":"https:\/\/www.sonoraenequipo.com.mx\/hay-confianza-en-la-nueva-forma-de-preinscripcion-escolar\/#primaryimage"},"image":{"@id":"https:\/\/www.sonoraenequipo.com.mx\/hay-confianza-en-la-nueva-forma-de-preinscripcion-escolar\/#primaryimage"},"thumbnailUrl":"https:\/\/www.sonoraenequipo.com.mx\/storage\/2019\/02\/sec_opt.jpg","datePublished":"2019-02-08T23:25:02+00:00","dateModified":"2019-02-09T01:59:40+00:00","description":"HERMOSILLO, SONORA. MX. \u2014 A una semana de iniciado el proceso de Preinscripci\u00f3n en L\u00ednea, ya se encuentran preinscritos m\u00e1s de 97 mil nuevos estudiantes En Sonora en Equipo publicamos toda la informaci\u00f3n de Sonora, M\u00e9xico y el Mundo de manera oportuna y busca que la libertad de expresi\u00f3n sea real. Visita nuestro medio informativo publicado desde Hermosillo, Sonora. %","breadcrumb":{"@id":"https:\/\/www.sonoraenequipo.com.mx\/hay-confianza-en-la-nueva-forma-de-preinscripcion-escolar\/#breadcrumb"},"inLanguage":"es","potentialAction":[{"@type":"ReadAction","target":["https:\/\/www.sonoraenequipo.com.mx\/hay-confianza-en-la-nueva-forma-de-preinscripcion-escolar\/"]}]},{"@type":"ImageObject","inLanguage":"es","@id":"https:\/\/www.sonoraenequipo.com.mx\/hay-confianza-en-la-nueva-forma-de-preinscripcion-escolar\/#primaryimage","url":"https:\/\/www.sonoraenequipo.com.mx\/storage\/2019\/02\/sec_opt.jpg","contentUrl":"https:\/\/www.sonoraenequipo.com.mx\/storage\/2019\/02\/sec_opt.jpg","width":522,"height":376},{"@type":"BreadcrumbList","@id":"https:\/\/www.sonoraenequipo.com.mx\/hay-confianza-en-la-nueva-forma-de-preinscripcion-escolar\/#breadcrumb","itemListElement":[{"@type":"ListItem","position":1,"name":"Portada","item":"https:\/\/www.sonoraenequipo.com.mx\/"},{"@type":"ListItem","position":2,"name":"Hay confianza en la nueva forma de preinscripci\u00f3n escolar"}]},{"@type":"WebSite","@id":"https:\/\/www.sonoraenequipo.com.mx\/#website","url":"https:\/\/www.sonoraenequipo.com.mx\/","name":"Sonora en Equipo.","description":"Diario en l\u00ednea con Noticias desde Hermosillo, Sonora","publisher":{"@id":"https:\/\/www.sonoraenequipo.com.mx\/#organization"},"potentialAction":[{"@type":"SearchAction","target":{"@type":"EntryPoint","urlTemplate":"https:\/\/www.sonoraenequipo.com.mx\/?s={search_term_string}"},"query-input":{"@type":"PropertyValueSpecification","valueRequired":true,"valueName":"search_term_string"}}],"inLanguage":"es"},{"@type":"Organization","@id":"https:\/\/www.sonoraenequipo.com.mx\/#organization","name":"Sonoraenequipo.com.mx","url":"https:\/\/www.sonoraenequipo.com.mx\/","logo":{"@type":"ImageObject","inLanguage":"es","@id":"https:\/\/www.sonoraenequipo.com.mx\/#\/schema\/logo\/image\/","url":"https:\/\/www.sonoraenequipo.com.mx\/storage\/2019\/01\/sonoraenequipo_opt.png","contentUrl":"https:\/\/www.sonoraenequipo.com.mx\/storage\/2019\/01\/sonoraenequipo_opt.png","width":375,"height":125,"caption":"Sonoraenequipo.com.mx"},"image":{"@id":"https:\/\/www.sonoraenequipo.com.mx\/#\/schema\/logo\/image\/"},"sameAs":["https:\/\/www.facebook.com\/SonoraEE\/","https:\/\/x.com\/sonoraenequipo","https:\/\/www.youtube.com\/channel\/UC338nW-lPEYmJQs4ZABQ1SQ"]},{"@type":"Person","@id":"https:\/\/www.sonoraenequipo.com.mx\/#\/schema\/person\/50102df0fb23a8fa9e8effad8fa81386","name":"enequipo","image":{"@type":"ImageObject","inLanguage":"es","@id":"https:\/\/www.sonoraenequipo.com.mx\/#\/schema\/person\/image\/","url":"https:\/\/secure.gravatar.com\/avatar\/049821681b589dabc0bc20695993ccebb09f5b5d4d790cd9251b97faac7c652b?s=96&d=blank&r=g","contentUrl":"https:\/\/secure.gravatar.com\/avatar\/049821681b589dabc0bc20695993ccebb09f5b5d4d790cd9251b97faac7c652b?s=96&d=blank&r=g","caption":"enequipo"},"sameAs":["https:\/\/www.facebook.com\/SonoraEE"]}]}},"jetpack_featured_media_url":"https:\/\/www.sonoraenequipo.com.mx\/storage\/2019\/02\/sec_opt.jpg","_links":{"self":[{"href":"https:\/\/www.sonoraenequipo.com.mx\/api\/wp\/v2\/posts\/53700","targetHints":{"allow":["GET"]}}],"collection":[{"href":"https:\/\/www.sonoraenequipo.com.mx\/api\/wp\/v2\/posts"}],"about":[{"href":"https:\/\/www.sonoraenequipo.com.mx\/api\/wp\/v2\/types\/post"}],"author":[{"embeddable":true,"href":"https:\/\/www.sonoraenequipo.com.mx\/api\/wp\/v2\/users\/1"}],"replies":[{"embeddable":true,"href":"https:\/\/www.sonoraenequipo.com.mx\/api\/wp\/v2\/comments?post=53700"}],"version-history":[{"count":0,"href":"https:\/\/www.sonoraenequipo.com.mx\/api\/wp\/v2\/posts\/53700\/revisions"}],"wp:featuredmedia":[{"embeddable":true,"href":"https:\/\/www.sonoraenequipo.com.mx\/api\/wp\/v2\/media\/53694"}],"wp:attachment":[{"href":"https:\/\/www.sonoraenequipo.com.mx\/api\/wp\/v2\/media?parent=53700"}],"wp:term":[{"taxonomy":"category","embeddable":true,"href":"https:\/\/www.sonoraenequipo.com.mx\/api\/wp\/v2\/categories?post=53700"},{"taxonomy":"post_tag","embeddable":true,"href":"https:\/\/www.sonoraenequipo.com.mx\/api\/wp\/v2\/tags?post=53700"}],"curies":[{"name":"wp","href":"https:\/\/api.w.org\/{rel}","templated":true}]}}