{"id":53890,"date":"2019-02-13T08:30:58","date_gmt":"2019-02-13T15:30:58","guid":{"rendered":"http:\/\/www.sonoraenequipo.com.mx\/?p=53890"},"modified":"2019-02-12T23:02:27","modified_gmt":"2019-02-13T06:02:27","slug":"la-seccion-28-del-snte-renueva-comite-ejecutivo","status":"publish","type":"post","link":"https:\/\/www.sonoraenequipo.com.mx\/la-seccion-28-del-snte-renueva-comite-ejecutivo\/","title":{"rendered":"La Secci\u00f3n 28 del SNTE renueva Comit\u00e9 Ejecutivo"},"content":{"rendered":"<p>HERMOSILLO, SONORA. MX. \u2014 Todo se encuentra listo para el proceso de renovaci\u00f3n de la secretar\u00eda general de la Secci\u00f3n 28 del Sindicato Nacional de Trabajadores de la Educaci\u00f3n (SNTE) en Sonora, cargo que ostenta actualmente como delegado especial el maestro; No\u00e9 Rodr\u00edguez Garc\u00eda. <\/p>\n<p>Cabe mencionar que los trabajos para la renovaci\u00f3n de la estructura del Comit\u00e9 Ejecutivo Seccional, se llevar\u00e1n a cabo durante los d\u00edas 14 y 15 de marzo, dentro del XXXIII Congreso Seccional Extraordinario en Hermosillo, Sonora.<\/p>\n<p>Como parte de la agenda establecida, y de acuerdo a la convocatoria, se tiene que durante el d\u00eda 14 de marzo, se desarrollen los trabajos relacionados a la ratificaci\u00f3n de los delegados seccionales que tendr\u00e1n la responsabilidad de participar en el proceso de elecci\u00f3n de los integrantes del nuevo comit\u00e9 ejecutivo.<\/p>\n<p>Para el d\u00eda 15 de marzo, una vez definida la integraci\u00f3n de la lista de delegados, se efectuar\u00e1 el proceso electivo, para designar a quien habr\u00e1 de encabezar la Secretar\u00eda General de la secci\u00f3n 28 del SNTE en la entidad por los pr\u00f3ximos 4 a\u00f1os a fin de representar a los maestros del sistema federalizado.<\/p>\n<p>Publicada 12\/02\/2019 Con informaci\u00f3n de Gabriel Benitez)<\/p>\n","protected":false},"excerpt":{"rendered":"<p>HERMOSILLO, SONORA. MX. \u2014 Todo se encuentra listo para el proceso de renovaci\u00f3n de la&#8230;<\/p>\n","protected":false},"author":1,"featured_media":53894,"comment_status":"open","ping_status":"open","sticky":false,"template":"","format":"standard","meta":{"_monsterinsights_skip_tracking":false,"_monsterinsights_sitenote_active":false,"_monsterinsights_sitenote_note":"","_monsterinsights_sitenote_category":0,"footnotes":""},"categories":[22],"tags":[],"class_list":["post"],"yoast_head":" \n<title>Sonora en Equipo. La Secci\u00f3n 28 del SNTE renueva Comit\u00e9 Ejecutivo Sonora<\/title>\n<meta name=\"description\" content=\"HERMOSILLO, SONORA. MX. \u2014 Todo se encuentra listo para el proceso de renovaci\u00f3n de la secretar\u00eda general de la Secci\u00f3n 28 del Sindicato Nacional de En Sonora en Equipo publicamos toda la informaci\u00f3n de Sonora, M\u00e9xico y el Mundo de manera oportuna y busca que la libertad de expresi\u00f3n sea real. Visita nuestro medio informativo publicado desde Hermosillo, Sonora. %\" \/>\n<meta name=\"robots\" content=\"index, follow, max-snippet:-1, max-image-preview:large, max-video-preview:-1\" \/>\n<link rel=\"canonical\" href=\"https:\/\/www.sonoraenequipo.com.mx\/la-seccion-28-del-snte-renueva-comite-ejecutivo\/\" \/>\n<meta property=\"og:locale\" content=\"es_ES\" \/>\n<meta property=\"og:type\" content=\"article\" \/>\n<meta property=\"og:title\" content=\"Sonora en Equipo. La Secci\u00f3n 28 del SNTE renueva Comit\u00e9 Ejecutivo Sonora\" \/>\n<meta property=\"og:description\" content=\"HERMOSILLO, SONORA. MX. \u2014 Todo se encuentra listo para el proceso de renovaci\u00f3n de la secretar\u00eda general de la Secci\u00f3n 28 del Sindicato Nacional de En Sonora en Equipo publicamos toda la informaci\u00f3n de Sonora, M\u00e9xico y el Mundo de manera oportuna y busca que la libertad de expresi\u00f3n sea real. Visita nuestro medio informativo publicado desde Hermosillo, Sonora. %\" \/>\n<meta property=\"og:url\" content=\"https:\/\/www.sonoraenequipo.com.mx\/la-seccion-28-del-snte-renueva-comite-ejecutivo\/\" \/>\n<meta property=\"og:site_name\" content=\"Sonora en Equipo.\" \/>\n<meta property=\"article:publisher\" content=\"https:\/\/www.facebook.com\/SonoraEE\/\" \/>\n<meta property=\"article:author\" content=\"https:\/\/www.facebook.com\/SonoraEE\" \/>\n<meta property=\"article:published_time\" content=\"2019-02-13T15:30:58+00:00\" \/>\n<meta property=\"og:image\" content=\"https:\/\/www.sonoraenequipo.com.mx\/storage\/2019\/02\/seccion_28_del_snte_en_marzo_nuevo_dirigente.jpg\" \/>\n\t<meta property=\"og:image:width\" content=\"1069\" \/>\n\t<meta property=\"og:image:height\" content=\"563\" \/>\n\t<meta property=\"og:image:type\" content=\"image\/jpeg\" \/>\n<meta name=\"author\" content=\"enequipo\" \/>\n<meta name=\"twitter:card\" content=\"summary_large_image\" \/>\n<meta name=\"twitter:creator\" content=\"@sonoraenequipo\" \/>\n<meta name=\"twitter:site\" content=\"@sonoraenequipo\" \/>\n<meta name=\"twitter:label1\" content=\"Escrito por\" \/>\n\t<meta name=\"twitter:data1\" content=\"enequipo\" \/>\n\t<meta name=\"twitter:label2\" content=\"Tiempo de lectura\" \/>\n\t<meta name=\"twitter:data2\" content=\"1 minuto\" \/>\n<script type=\"application\/ld+json\" class=\"yoast-schema-graph\">{\"@context\":\"https:\/\/schema.org\",\"@graph\":[{\"@type\":\"Article\",\"@id\":\"https:\/\/www.sonoraenequipo.com.mx\/la-seccion-28-del-snte-renueva-comite-ejecutivo\/#article\",\"isPartOf\":{\"@id\":\"https:\/\/www.sonoraenequipo.com.mx\/la-seccion-28-del-snte-renueva-comite-ejecutivo\/\"},\"author\":{\"name\":\"enequipo\",\"@id\":\"https:\/\/www.sonoraenequipo.com.mx\/#\/schema\/person\/50102df0fb23a8fa9e8effad8fa81386\"},\"headline\":\"La Secci\u00f3n 28 del SNTE renueva Comit\u00e9 Ejecutivo\",\"datePublished\":\"2019-02-13T15:30:58+00:00\",\"mainEntityOfPage\":{\"@id\":\"https:\/\/www.sonoraenequipo.com.mx\/la-seccion-28-del-snte-renueva-comite-ejecutivo\/\"},\"wordCount\":212,\"commentCount\":0,\"publisher\":{\"@id\":\"https:\/\/www.sonoraenequipo.com.mx\/#organization\"},\"image\":{\"@id\":\"https:\/\/www.sonoraenequipo.com.mx\/la-seccion-28-del-snte-renueva-comite-ejecutivo\/#primaryimage\"},\"thumbnailUrl\":\"https:\/\/www.sonoraenequipo.com.mx\/storage\/2019\/02\/seccion_28_del_snte_en_marzo_nuevo_dirigente.jpg\",\"articleSection\":[\"Sonora\"],\"inLanguage\":\"es\",\"potentialAction\":[{\"@type\":\"CommentAction\",\"name\":\"Comment\",\"target\":[\"https:\/\/www.sonoraenequipo.com.mx\/la-seccion-28-del-snte-renueva-comite-ejecutivo\/#respond\"]}]},{\"@type\":\"WebPage\",\"@id\":\"https:\/\/www.sonoraenequipo.com.mx\/la-seccion-28-del-snte-renueva-comite-ejecutivo\/\",\"url\":\"https:\/\/www.sonoraenequipo.com.mx\/la-seccion-28-del-snte-renueva-comite-ejecutivo\/\",\"name\":\"Sonora en Equipo. La Secci\u00f3n 28 del SNTE renueva Comit\u00e9 Ejecutivo Sonora\",\"isPartOf\":{\"@id\":\"https:\/\/www.sonoraenequipo.com.mx\/#website\"},\"primaryImageOfPage\":{\"@id\":\"https:\/\/www.sonoraenequipo.com.mx\/la-seccion-28-del-snte-renueva-comite-ejecutivo\/#primaryimage\"},\"image\":{\"@id\":\"https:\/\/www.sonoraenequipo.com.mx\/la-seccion-28-del-snte-renueva-comite-ejecutivo\/#primaryimage\"},\"thumbnailUrl\":\"https:\/\/www.sonoraenequipo.com.mx\/storage\/2019\/02\/seccion_28_del_snte_en_marzo_nuevo_dirigente.jpg\",\"datePublished\":\"2019-02-13T15:30:58+00:00\",\"description\":\"HERMOSILLO, SONORA. MX. \u2014 Todo se encuentra listo para el proceso de renovaci\u00f3n de la secretar\u00eda general de la Secci\u00f3n 28 del Sindicato Nacional de En Sonora en Equipo publicamos toda la informaci\u00f3n de Sonora, M\u00e9xico y el Mundo de manera oportuna y busca que la libertad de expresi\u00f3n sea real. Visita nuestro medio informativo publicado desde Hermosillo, Sonora. %\",\"breadcrumb\":{\"@id\":\"https:\/\/www.sonoraenequipo.com.mx\/la-seccion-28-del-snte-renueva-comite-ejecutivo\/#breadcrumb\"},\"inLanguage\":\"es\",\"potentialAction\":[{\"@type\":\"ReadAction\",\"target\":[\"https:\/\/www.sonoraenequipo.com.mx\/la-seccion-28-del-snte-renueva-comite-ejecutivo\/\"]}]},{\"@type\":\"ImageObject\",\"inLanguage\":\"es\",\"@id\":\"https:\/\/www.sonoraenequipo.com.mx\/la-seccion-28-del-snte-renueva-comite-ejecutivo\/#primaryimage\",\"url\":\"https:\/\/www.sonoraenequipo.com.mx\/storage\/2019\/02\/seccion_28_del_snte_en_marzo_nuevo_dirigente.jpg\",\"contentUrl\":\"https:\/\/www.sonoraenequipo.com.mx\/storage\/2019\/02\/seccion_28_del_snte_en_marzo_nuevo_dirigente.jpg\",\"width\":1069,\"height\":563},{\"@type\":\"BreadcrumbList\",\"@id\":\"https:\/\/www.sonoraenequipo.com.mx\/la-seccion-28-del-snte-renueva-comite-ejecutivo\/#breadcrumb\",\"itemListElement\":[{\"@type\":\"ListItem\",\"position\":1,\"name\":\"Portada\",\"item\":\"https:\/\/www.sonoraenequipo.com.mx\/\"},{\"@type\":\"ListItem\",\"position\":2,\"name\":\"La Secci\u00f3n 28 del SNTE renueva Comit\u00e9 Ejecutivo\"}]},{\"@type\":\"WebSite\",\"@id\":\"https:\/\/www.sonoraenequipo.com.mx\/#website\",\"url\":\"https:\/\/www.sonoraenequipo.com.mx\/\",\"name\":\"Sonora en Equipo.\",\"description\":\"Diario en l\u00ednea con Noticias desde Hermosillo, Sonora\",\"publisher\":{\"@id\":\"https:\/\/www.sonoraenequipo.com.mx\/#organization\"},\"potentialAction\":[{\"@type\":\"SearchAction\",\"target\":{\"@type\":\"EntryPoint\",\"urlTemplate\":\"https:\/\/www.sonoraenequipo.com.mx\/?s={search_term_string}\"},\"query-input\":{\"@type\":\"PropertyValueSpecification\",\"valueRequired\":true,\"valueName\":\"search_term_string\"}}],\"inLanguage\":\"es\"},{\"@type\":\"Organization\",\"@id\":\"https:\/\/www.sonoraenequipo.com.mx\/#organization\",\"name\":\"Sonoraenequipo.com.mx\",\"url\":\"https:\/\/www.sonoraenequipo.com.mx\/\",\"logo\":{\"@type\":\"ImageObject\",\"inLanguage\":\"es\",\"@id\":\"https:\/\/www.sonoraenequipo.com.mx\/#\/schema\/logo\/image\/\",\"url\":\"https:\/\/www.sonoraenequipo.com.mx\/storage\/2019\/01\/sonoraenequipo_opt.png\",\"contentUrl\":\"https:\/\/www.sonoraenequipo.com.mx\/storage\/2019\/01\/sonoraenequipo_opt.png\",\"width\":375,\"height\":125,\"caption\":\"Sonoraenequipo.com.mx\"},\"image\":{\"@id\":\"https:\/\/www.sonoraenequipo.com.mx\/#\/schema\/logo\/image\/\"},\"sameAs\":[\"https:\/\/www.facebook.com\/SonoraEE\/\",\"https:\/\/x.com\/sonoraenequipo\",\"https:\/\/www.youtube.com\/channel\/UC338nW-lPEYmJQs4ZABQ1SQ\"]},{\"@type\":\"Person\",\"@id\":\"https:\/\/www.sonoraenequipo.com.mx\/#\/schema\/person\/50102df0fb23a8fa9e8effad8fa81386\",\"name\":\"enequipo\",\"image\":{\"@type\":\"ImageObject\",\"inLanguage\":\"es\",\"@id\":\"https:\/\/www.sonoraenequipo.com.mx\/#\/schema\/person\/image\/\",\"url\":\"https:\/\/secure.gravatar.com\/avatar\/049821681b589dabc0bc20695993ccebb09f5b5d4d790cd9251b97faac7c652b?s=96&d=blank&r=g\",\"contentUrl\":\"https:\/\/secure.gravatar.com\/avatar\/049821681b589dabc0bc20695993ccebb09f5b5d4d790cd9251b97faac7c652b?s=96&d=blank&r=g\",\"caption\":\"enequipo\"},\"sameAs\":[\"https:\/\/www.facebook.com\/SonoraEE\"]}]}<\/script>\n ","yoast_head_json":{"title":"Sonora en Equipo. La Secci\u00f3n 28 del SNTE renueva Comit\u00e9 Ejecutivo Sonora","description":"HERMOSILLO, SONORA. MX. \u2014 Todo se encuentra listo para el proceso de renovaci\u00f3n de la secretar\u00eda general de la Secci\u00f3n 28 del Sindicato Nacional de En Sonora en Equipo publicamos toda la informaci\u00f3n de Sonora, M\u00e9xico y el Mundo de manera oportuna y busca que la libertad de expresi\u00f3n sea real. Visita nuestro medio informativo publicado desde Hermosillo, Sonora. %","robots":{"index":"index","follow":"follow","max-snippet":"max-snippet:-1","max-image-preview":"max-image-preview:large","max-video-preview":"max-video-preview:-1"},"canonical":"https:\/\/www.sonoraenequipo.com.mx\/la-seccion-28-del-snte-renueva-comite-ejecutivo\/","og_locale":"es_ES","og_type":"article","og_title":"Sonora en Equipo. La Secci\u00f3n 28 del SNTE renueva Comit\u00e9 Ejecutivo Sonora","og_description":"HERMOSILLO, SONORA. MX. \u2014 Todo se encuentra listo para el proceso de renovaci\u00f3n de la secretar\u00eda general de la Secci\u00f3n 28 del Sindicato Nacional de En Sonora en Equipo publicamos toda la informaci\u00f3n de Sonora, M\u00e9xico y el Mundo de manera oportuna y busca que la libertad de expresi\u00f3n sea real. Visita nuestro medio informativo publicado desde Hermosillo, Sonora. %","og_url":"https:\/\/www.sonoraenequipo.com.mx\/la-seccion-28-del-snte-renueva-comite-ejecutivo\/","og_site_name":"Sonora en Equipo.","article_publisher":"https:\/\/www.facebook.com\/SonoraEE\/","article_author":"https:\/\/www.facebook.com\/SonoraEE","article_published_time":"2019-02-13T15:30:58+00:00","og_image":[{"width":1069,"height":563,"url":"https:\/\/www.sonoraenequipo.com.mx\/storage\/2019\/02\/seccion_28_del_snte_en_marzo_nuevo_dirigente.jpg","type":"image\/jpeg"}],"author":"enequipo","twitter_card":"summary_large_image","twitter_creator":"@sonoraenequipo","twitter_site":"@sonoraenequipo","twitter_misc":{"Escrito por":"enequipo","Tiempo de lectura":"1 minuto"},"schema":{"@context":"https:\/\/schema.org","@graph":[{"@type":"Article","@id":"https:\/\/www.sonoraenequipo.com.mx\/la-seccion-28-del-snte-renueva-comite-ejecutivo\/#article","isPartOf":{"@id":"https:\/\/www.sonoraenequipo.com.mx\/la-seccion-28-del-snte-renueva-comite-ejecutivo\/"},"author":{"name":"enequipo","@id":"https:\/\/www.sonoraenequipo.com.mx\/#\/schema\/person\/50102df0fb23a8fa9e8effad8fa81386"},"headline":"La Secci\u00f3n 28 del SNTE renueva Comit\u00e9 Ejecutivo","datePublished":"2019-02-13T15:30:58+00:00","mainEntityOfPage":{"@id":"https:\/\/www.sonoraenequipo.com.mx\/la-seccion-28-del-snte-renueva-comite-ejecutivo\/"},"wordCount":212,"commentCount":0,"publisher":{"@id":"https:\/\/www.sonoraenequipo.com.mx\/#organization"},"image":{"@id":"https:\/\/www.sonoraenequipo.com.mx\/la-seccion-28-del-snte-renueva-comite-ejecutivo\/#primaryimage"},"thumbnailUrl":"https:\/\/www.sonoraenequipo.com.mx\/storage\/2019\/02\/seccion_28_del_snte_en_marzo_nuevo_dirigente.jpg","articleSection":["Sonora"],"inLanguage":"es","potentialAction":[{"@type":"CommentAction","name":"Comment","target":["https:\/\/www.sonoraenequipo.com.mx\/la-seccion-28-del-snte-renueva-comite-ejecutivo\/#respond"]}]},{"@type":"WebPage","@id":"https:\/\/www.sonoraenequipo.com.mx\/la-seccion-28-del-snte-renueva-comite-ejecutivo\/","url":"https:\/\/www.sonoraenequipo.com.mx\/la-seccion-28-del-snte-renueva-comite-ejecutivo\/","name":"Sonora en Equipo. La Secci\u00f3n 28 del SNTE renueva Comit\u00e9 Ejecutivo Sonora","isPartOf":{"@id":"https:\/\/www.sonoraenequipo.com.mx\/#website"},"primaryImageOfPage":{"@id":"https:\/\/www.sonoraenequipo.com.mx\/la-seccion-28-del-snte-renueva-comite-ejecutivo\/#primaryimage"},"image":{"@id":"https:\/\/www.sonoraenequipo.com.mx\/la-seccion-28-del-snte-renueva-comite-ejecutivo\/#primaryimage"},"thumbnailUrl":"https:\/\/www.sonoraenequipo.com.mx\/storage\/2019\/02\/seccion_28_del_snte_en_marzo_nuevo_dirigente.jpg","datePublished":"2019-02-13T15:30:58+00:00","description":"HERMOSILLO, SONORA. MX. \u2014 Todo se encuentra listo para el proceso de renovaci\u00f3n de la secretar\u00eda general de la Secci\u00f3n 28 del Sindicato Nacional de En Sonora en Equipo publicamos toda la informaci\u00f3n de Sonora, M\u00e9xico y el Mundo de manera oportuna y busca que la libertad de expresi\u00f3n sea real. Visita nuestro medio informativo publicado desde Hermosillo, Sonora. %","breadcrumb":{"@id":"https:\/\/www.sonoraenequipo.com.mx\/la-seccion-28-del-snte-renueva-comite-ejecutivo\/#breadcrumb"},"inLanguage":"es","potentialAction":[{"@type":"ReadAction","target":["https:\/\/www.sonoraenequipo.com.mx\/la-seccion-28-del-snte-renueva-comite-ejecutivo\/"]}]},{"@type":"ImageObject","inLanguage":"es","@id":"https:\/\/www.sonoraenequipo.com.mx\/la-seccion-28-del-snte-renueva-comite-ejecutivo\/#primaryimage","url":"https:\/\/www.sonoraenequipo.com.mx\/storage\/2019\/02\/seccion_28_del_snte_en_marzo_nuevo_dirigente.jpg","contentUrl":"https:\/\/www.sonoraenequipo.com.mx\/storage\/2019\/02\/seccion_28_del_snte_en_marzo_nuevo_dirigente.jpg","width":1069,"height":563},{"@type":"BreadcrumbList","@id":"https:\/\/www.sonoraenequipo.com.mx\/la-seccion-28-del-snte-renueva-comite-ejecutivo\/#breadcrumb","itemListElement":[{"@type":"ListItem","position":1,"name":"Portada","item":"https:\/\/www.sonoraenequipo.com.mx\/"},{"@type":"ListItem","position":2,"name":"La Secci\u00f3n 28 del SNTE renueva Comit\u00e9 Ejecutivo"}]},{"@type":"WebSite","@id":"https:\/\/www.sonoraenequipo.com.mx\/#website","url":"https:\/\/www.sonoraenequipo.com.mx\/","name":"Sonora en Equipo.","description":"Diario en l\u00ednea con Noticias desde Hermosillo, Sonora","publisher":{"@id":"https:\/\/www.sonoraenequipo.com.mx\/#organization"},"potentialAction":[{"@type":"SearchAction","target":{"@type":"EntryPoint","urlTemplate":"https:\/\/www.sonoraenequipo.com.mx\/?s={search_term_string}"},"query-input":{"@type":"PropertyValueSpecification","valueRequired":true,"valueName":"search_term_string"}}],"inLanguage":"es"},{"@type":"Organization","@id":"https:\/\/www.sonoraenequipo.com.mx\/#organization","name":"Sonoraenequipo.com.mx","url":"https:\/\/www.sonoraenequipo.com.mx\/","logo":{"@type":"ImageObject","inLanguage":"es","@id":"https:\/\/www.sonoraenequipo.com.mx\/#\/schema\/logo\/image\/","url":"https:\/\/www.sonoraenequipo.com.mx\/storage\/2019\/01\/sonoraenequipo_opt.png","contentUrl":"https:\/\/www.sonoraenequipo.com.mx\/storage\/2019\/01\/sonoraenequipo_opt.png","width":375,"height":125,"caption":"Sonoraenequipo.com.mx"},"image":{"@id":"https:\/\/www.sonoraenequipo.com.mx\/#\/schema\/logo\/image\/"},"sameAs":["https:\/\/www.facebook.com\/SonoraEE\/","https:\/\/x.com\/sonoraenequipo","https:\/\/www.youtube.com\/channel\/UC338nW-lPEYmJQs4ZABQ1SQ"]},{"@type":"Person","@id":"https:\/\/www.sonoraenequipo.com.mx\/#\/schema\/person\/50102df0fb23a8fa9e8effad8fa81386","name":"enequipo","image":{"@type":"ImageObject","inLanguage":"es","@id":"https:\/\/www.sonoraenequipo.com.mx\/#\/schema\/person\/image\/","url":"https:\/\/secure.gravatar.com\/avatar\/049821681b589dabc0bc20695993ccebb09f5b5d4d790cd9251b97faac7c652b?s=96&d=blank&r=g","contentUrl":"https:\/\/secure.gravatar.com\/avatar\/049821681b589dabc0bc20695993ccebb09f5b5d4d790cd9251b97faac7c652b?s=96&d=blank&r=g","caption":"enequipo"},"sameAs":["https:\/\/www.facebook.com\/SonoraEE"]}]}},"jetpack_featured_media_url":"https:\/\/www.sonoraenequipo.com.mx\/storage\/2019\/02\/seccion_28_del_snte_en_marzo_nuevo_dirigente.jpg","_links":{"self":[{"href":"https:\/\/www.sonoraenequipo.com.mx\/api\/wp\/v2\/posts\/53890","targetHints":{"allow":["GET"]}}],"collection":[{"href":"https:\/\/www.sonoraenequipo.com.mx\/api\/wp\/v2\/posts"}],"about":[{"href":"https:\/\/www.sonoraenequipo.com.mx\/api\/wp\/v2\/types\/post"}],"author":[{"embeddable":true,"href":"https:\/\/www.sonoraenequipo.com.mx\/api\/wp\/v2\/users\/1"}],"replies":[{"embeddable":true,"href":"https:\/\/www.sonoraenequipo.com.mx\/api\/wp\/v2\/comments?post=53890"}],"version-history":[{"count":0,"href":"https:\/\/www.sonoraenequipo.com.mx\/api\/wp\/v2\/posts\/53890\/revisions"}],"wp:featuredmedia":[{"embeddable":true,"href":"https:\/\/www.sonoraenequipo.com.mx\/api\/wp\/v2\/media\/53894"}],"wp:attachment":[{"href":"https:\/\/www.sonoraenequipo.com.mx\/api\/wp\/v2\/media?parent=53890"}],"wp:term":[{"taxonomy":"category","embeddable":true,"href":"https:\/\/www.sonoraenequipo.com.mx\/api\/wp\/v2\/categories?post=53890"},{"taxonomy":"post_tag","embeddable":true,"href":"https:\/\/www.sonoraenequipo.com.mx\/api\/wp\/v2\/tags?post=53890"}],"curies":[{"name":"wp","href":"https:\/\/api.w.org\/{rel}","templated":true}]}}