{"id":53903,"date":"2019-02-12T23:30:34","date_gmt":"2019-02-13T06:30:34","guid":{"rendered":"http:\/\/www.sonoraenequipo.com.mx\/?p=53903"},"modified":"2019-02-12T23:14:18","modified_gmt":"2019-02-13T06:14:18","slug":"la-justicia-les-llegara-fiscalia-de-eu","status":"publish","type":"post","link":"https:\/\/www.sonoraenequipo.com.mx\/la-justicia-les-llegara-fiscalia-de-eu\/","title":{"rendered":"\u00abLa justicia les llegar\u00e1\u00bb: Fiscal\u00eda de EU"},"content":{"rendered":"<p>NUEVA YORK, ESTADOS UNIDOS. \u2014 La culpabilidad del capo mexicano Joaqu\u00edn Guzm\u00e1n Loera es \u00abuna victoria\u00bb por mucho tiempo esperada para el pueblo de Estados Unidos, y para las familias que perdieron seres queridos por la droga, asegur\u00f3 este martes la Fiscal\u00eda federal tras conocerse la decisi\u00f3n del jurado, en su sexto d\u00eda de deliberaci\u00f3n. <\/p>\n<p><em>\u00abEste veredicto es una victoria para el pueblo estadounidense que ha sufrido tanto y por tanto tiempo, mientras Guzm\u00e1n hizo miles de millones vertiendo veneno en nuestra frontera sur. Este veredicto es una victoria para los mexicanos que han perdido m\u00e1s de 100 mil vidas en la violencia relacionada con las drogas\u201d<\/em>, dijo Richard Donoghue.<\/p>\n<p><em>\u00abEl reinado de sangre de Guzm\u00e1n Loera al frente del c\u00e1rtel de Sinaloa ha llegado a su fin y el mito de que no pod\u00eda ser llevado ante la justicia ha muerto\u00bb<\/em>, afirm\u00f3 durante una conferencia de prensa el fiscal para el distrito este de Nueva York donde se le juzg\u00f3, Richard Donoghue.<\/p>\n<p>El fiscal indic\u00f3 adem\u00e1s, en conferencia conjunta con otros fiscales, as\u00ed como la DEA y el FBI, que el capo mexicano \u00ab<em>ha sido responsabilizado por las toneladas de droga ilegal que trafic\u00f3 por m\u00e1s de dos d\u00e9cadas, los asesinatos que orden\u00f3 y cometi\u00f3 y los millones de d\u00f3lares que gan\u00f3 mientras caus\u00f3 incalculable dolor y sufrimiento\u00bb.<\/em><\/p>\n<p><em>\u00abEstar\u00e1 de por vida en prisi\u00f3n en un lugar donde no podr\u00e1 escapar, es una victoria para la gente de Estados Unidos que ha sufrido tanto por tantas drogas que \u00e9l ingres\u00f3. Es una victoria para cada familia que ha perdido a alg\u00fan integrante por las drogas. La guerra contra las drogas es un esfuerzo para salvar vidas, gracias a los fiscales de distrito del este y a todas a las autoridades que colaboraron\u00bb<\/em> agreg\u00f3.<\/p>\n<p>Un jurado popular hall\u00f3 culpable a Guzm\u00e1n Loera de los diez cargos por los que se le juzg\u00f3 relacionados con narcotr\u00e1fico, el principal de mantener una empresa criminal continuada, en un proceso judicial que comenz\u00f3 el pasado noviembre y culmin\u00f3 este martes con el veredicto contra el famoso mexicano.<\/p>\n<p>El jurado escuch\u00f3 durante el juicio 56 testimonios aportados por la Fiscal\u00eda de los que 14 fueron cooperantes, personas algunas de ellas muy cercanas a Guzm\u00e1n Loera, socios y exempleados presos en c\u00e1rceles en EU, que testificaron a cambio de una reducci\u00f3n de su sentencia.<\/p>\n<p><em>\u00abHay quienes dicen que la guerra de las drogas no merece la pena. Esa gente se equivoca\u00bb<\/em>, afirm\u00f3 el fiscal, quien destac\u00f3 que el veredicto es la culminaci\u00f3n del incansable trabajo de las agencias del orden dentro y fuera de EU<em> \u00aby les felicitamos\u00bb.<\/em><\/p>\n<p><em>\u00abEste es un mensaje para todos los narcotraficantes, no son intocables y la justicia les llegar\u00e1. No importa qui\u00e9n eres o cu\u00e1nto poder tengas, t\u00fa pagar\u00e1s por tus cr\u00edmenes porque nuestro deber es proteger a la poblaci\u00f3n\u00bb,<\/em> afirm\u00f3 durante la rueda de prensa que se realiz\u00f3 frente a la corte federal, bajo una nevada.<\/p>\n<p>Por su parte, el director del departamento estadounidense antidrogas (DEA) de Nueva York, Ray Donovan, afirm\u00f3 que no desistir\u00e1n de perseguir a los narcotraficantes.<\/p>\n<p>El fiscal general interino de EU, Matthew Whitaker, manifest\u00f3 su satisfacci\u00f3n en un comunicado por la convicci\u00f3n de quien dijo fue el principal l\u00edder del c\u00e1rtel de Sinaloa.<\/p>\n<p>Destac\u00f3 que, como fue claro para el jurado, la empresa multimillonaria de Guzm\u00e1n Loera fue responsable de inundar las calles de EU con coca\u00edna, as\u00ed como grandes cantidades de droga peligrosa como hero\u00edna y metanfetamina.<\/p>\n<p>La evidencia del juicio demostr\u00f3 abrumadoramente que los esfuerzos incesantes de Guzm\u00e1n Loera para expandir el control del c\u00e1rtel y consolidar su poder dejaron una estela de corrupci\u00f3n y violencia en comunidades tanto en M\u00e9xico como en EU\u00bb, dijo Whittaker.<\/p>\n<p>Publicada 12\/02\/2019 \/\/EFE)<\/p>\n","protected":false},"excerpt":{"rendered":"<p>NUEVA YORK, ESTADOS UNIDOS. \u2014 La culpabilidad del capo mexicano Joaqu\u00edn Guzm\u00e1n Loera es \u00abuna&#8230;<\/p>\n","protected":false},"author":1,"featured_media":53897,"comment_status":"open","ping_status":"open","sticky":false,"template":"","format":"standard","meta":{"_monsterinsights_skip_tracking":false,"_monsterinsights_sitenote_active":false,"_monsterinsights_sitenote_note":"","_monsterinsights_sitenote_category":0,"footnotes":""},"categories":[3],"tags":[],"class_list":["post"],"yoast_head":" \n<title>Sonora en Equipo. &quot;La justicia les llegar\u00e1&quot;: Fiscal\u00eda de EU MUNDO<\/title>\n<meta name=\"description\" content=\"NUEVA YORK, ESTADOS UNIDOS. \u2014 La culpabilidad del capo mexicano Joaqu\u00edn Guzm\u00e1n Loera es &quot;una victoria&quot; por mucho tiempo esperada para el pueblo de Estados En Sonora en Equipo publicamos toda la informaci\u00f3n de Sonora, M\u00e9xico y el Mundo de manera oportuna y busca que la libertad de expresi\u00f3n sea real. Visita nuestro medio informativo publicado desde Hermosillo, Sonora. %\" \/>\n<meta name=\"robots\" content=\"index, follow, max-snippet:-1, max-image-preview:large, max-video-preview:-1\" \/>\n<link rel=\"canonical\" href=\"https:\/\/www.sonoraenequipo.com.mx\/la-justicia-les-llegara-fiscalia-de-eu\/\" \/>\n<meta property=\"og:locale\" content=\"es_ES\" \/>\n<meta property=\"og:type\" content=\"article\" \/>\n<meta property=\"og:title\" content=\"Sonora en Equipo. &quot;La justicia les llegar\u00e1&quot;: Fiscal\u00eda de EU MUNDO\" \/>\n<meta property=\"og:description\" content=\"NUEVA YORK, ESTADOS UNIDOS. \u2014 La culpabilidad del capo mexicano Joaqu\u00edn Guzm\u00e1n Loera es &quot;una victoria&quot; por mucho tiempo esperada para el pueblo de Estados En Sonora en Equipo publicamos toda la informaci\u00f3n de Sonora, M\u00e9xico y el Mundo de manera oportuna y busca que la libertad de expresi\u00f3n sea real. Visita nuestro medio informativo publicado desde Hermosillo, Sonora. %\" \/>\n<meta property=\"og:url\" content=\"https:\/\/www.sonoraenequipo.com.mx\/la-justicia-les-llegara-fiscalia-de-eu\/\" \/>\n<meta property=\"og:site_name\" content=\"Sonora en Equipo.\" \/>\n<meta property=\"article:publisher\" content=\"https:\/\/www.facebook.com\/SonoraEE\/\" \/>\n<meta property=\"article:author\" content=\"https:\/\/www.facebook.com\/SonoraEE\" \/>\n<meta property=\"article:published_time\" content=\"2019-02-13T06:30:34+00:00\" \/>\n<meta property=\"og:image\" content=\"https:\/\/www.sonoraenequipo.com.mx\/storage\/2019\/02\/fiscal_opt1.jpg\" \/>\n\t<meta property=\"og:image:width\" content=\"600\" \/>\n\t<meta property=\"og:image:height\" content=\"316\" \/>\n\t<meta property=\"og:image:type\" content=\"image\/jpeg\" \/>\n<meta name=\"author\" content=\"enequipo\" \/>\n<meta name=\"twitter:card\" content=\"summary_large_image\" \/>\n<meta name=\"twitter:creator\" content=\"@sonoraenequipo\" \/>\n<meta name=\"twitter:site\" content=\"@sonoraenequipo\" \/>\n<meta name=\"twitter:label1\" content=\"Escrito por\" \/>\n\t<meta name=\"twitter:data1\" content=\"enequipo\" \/>\n\t<meta name=\"twitter:label2\" content=\"Tiempo de lectura\" \/>\n\t<meta name=\"twitter:data2\" content=\"3 minutos\" \/>\n<script type=\"application\/ld+json\" class=\"yoast-schema-graph\">{\"@context\":\"https:\/\/schema.org\",\"@graph\":[{\"@type\":\"Article\",\"@id\":\"https:\/\/www.sonoraenequipo.com.mx\/la-justicia-les-llegara-fiscalia-de-eu\/#article\",\"isPartOf\":{\"@id\":\"https:\/\/www.sonoraenequipo.com.mx\/la-justicia-les-llegara-fiscalia-de-eu\/\"},\"author\":{\"name\":\"enequipo\",\"@id\":\"https:\/\/www.sonoraenequipo.com.mx\/#\/schema\/person\/50102df0fb23a8fa9e8effad8fa81386\"},\"headline\":\"\u00abLa justicia les llegar\u00e1\u00bb: Fiscal\u00eda de EU\",\"datePublished\":\"2019-02-13T06:30:34+00:00\",\"mainEntityOfPage\":{\"@id\":\"https:\/\/www.sonoraenequipo.com.mx\/la-justicia-les-llegara-fiscalia-de-eu\/\"},\"wordCount\":660,\"commentCount\":0,\"publisher\":{\"@id\":\"https:\/\/www.sonoraenequipo.com.mx\/#organization\"},\"image\":{\"@id\":\"https:\/\/www.sonoraenequipo.com.mx\/la-justicia-les-llegara-fiscalia-de-eu\/#primaryimage\"},\"thumbnailUrl\":\"https:\/\/www.sonoraenequipo.com.mx\/storage\/2019\/02\/fiscal_opt1.jpg\",\"articleSection\":[\"MUNDO\"],\"inLanguage\":\"es\",\"potentialAction\":[{\"@type\":\"CommentAction\",\"name\":\"Comment\",\"target\":[\"https:\/\/www.sonoraenequipo.com.mx\/la-justicia-les-llegara-fiscalia-de-eu\/#respond\"]}]},{\"@type\":\"WebPage\",\"@id\":\"https:\/\/www.sonoraenequipo.com.mx\/la-justicia-les-llegara-fiscalia-de-eu\/\",\"url\":\"https:\/\/www.sonoraenequipo.com.mx\/la-justicia-les-llegara-fiscalia-de-eu\/\",\"name\":\"Sonora en Equipo. \\\"La justicia les llegar\u00e1\\\": Fiscal\u00eda de EU MUNDO\",\"isPartOf\":{\"@id\":\"https:\/\/www.sonoraenequipo.com.mx\/#website\"},\"primaryImageOfPage\":{\"@id\":\"https:\/\/www.sonoraenequipo.com.mx\/la-justicia-les-llegara-fiscalia-de-eu\/#primaryimage\"},\"image\":{\"@id\":\"https:\/\/www.sonoraenequipo.com.mx\/la-justicia-les-llegara-fiscalia-de-eu\/#primaryimage\"},\"thumbnailUrl\":\"https:\/\/www.sonoraenequipo.com.mx\/storage\/2019\/02\/fiscal_opt1.jpg\",\"datePublished\":\"2019-02-13T06:30:34+00:00\",\"description\":\"NUEVA YORK, ESTADOS UNIDOS. \u2014 La culpabilidad del capo mexicano Joaqu\u00edn Guzm\u00e1n Loera es \\\"una victoria\\\" por mucho tiempo esperada para el pueblo de Estados En Sonora en Equipo publicamos toda la informaci\u00f3n de Sonora, M\u00e9xico y el Mundo de manera oportuna y busca que la libertad de expresi\u00f3n sea real. Visita nuestro medio informativo publicado desde Hermosillo, Sonora. %\",\"breadcrumb\":{\"@id\":\"https:\/\/www.sonoraenequipo.com.mx\/la-justicia-les-llegara-fiscalia-de-eu\/#breadcrumb\"},\"inLanguage\":\"es\",\"potentialAction\":[{\"@type\":\"ReadAction\",\"target\":[\"https:\/\/www.sonoraenequipo.com.mx\/la-justicia-les-llegara-fiscalia-de-eu\/\"]}]},{\"@type\":\"ImageObject\",\"inLanguage\":\"es\",\"@id\":\"https:\/\/www.sonoraenequipo.com.mx\/la-justicia-les-llegara-fiscalia-de-eu\/#primaryimage\",\"url\":\"https:\/\/www.sonoraenequipo.com.mx\/storage\/2019\/02\/fiscal_opt1.jpg\",\"contentUrl\":\"https:\/\/www.sonoraenequipo.com.mx\/storage\/2019\/02\/fiscal_opt1.jpg\",\"width\":600,\"height\":316},{\"@type\":\"BreadcrumbList\",\"@id\":\"https:\/\/www.sonoraenequipo.com.mx\/la-justicia-les-llegara-fiscalia-de-eu\/#breadcrumb\",\"itemListElement\":[{\"@type\":\"ListItem\",\"position\":1,\"name\":\"Portada\",\"item\":\"https:\/\/www.sonoraenequipo.com.mx\/\"},{\"@type\":\"ListItem\",\"position\":2,\"name\":\"\u00abLa justicia les llegar\u00e1\u00bb: Fiscal\u00eda de EU\"}]},{\"@type\":\"WebSite\",\"@id\":\"https:\/\/www.sonoraenequipo.com.mx\/#website\",\"url\":\"https:\/\/www.sonoraenequipo.com.mx\/\",\"name\":\"Sonora en Equipo.\",\"description\":\"Diario en l\u00ednea con Noticias desde Hermosillo, Sonora\",\"publisher\":{\"@id\":\"https:\/\/www.sonoraenequipo.com.mx\/#organization\"},\"potentialAction\":[{\"@type\":\"SearchAction\",\"target\":{\"@type\":\"EntryPoint\",\"urlTemplate\":\"https:\/\/www.sonoraenequipo.com.mx\/?s={search_term_string}\"},\"query-input\":{\"@type\":\"PropertyValueSpecification\",\"valueRequired\":true,\"valueName\":\"search_term_string\"}}],\"inLanguage\":\"es\"},{\"@type\":\"Organization\",\"@id\":\"https:\/\/www.sonoraenequipo.com.mx\/#organization\",\"name\":\"Sonoraenequipo.com.mx\",\"url\":\"https:\/\/www.sonoraenequipo.com.mx\/\",\"logo\":{\"@type\":\"ImageObject\",\"inLanguage\":\"es\",\"@id\":\"https:\/\/www.sonoraenequipo.com.mx\/#\/schema\/logo\/image\/\",\"url\":\"https:\/\/www.sonoraenequipo.com.mx\/storage\/2019\/01\/sonoraenequipo_opt.png\",\"contentUrl\":\"https:\/\/www.sonoraenequipo.com.mx\/storage\/2019\/01\/sonoraenequipo_opt.png\",\"width\":375,\"height\":125,\"caption\":\"Sonoraenequipo.com.mx\"},\"image\":{\"@id\":\"https:\/\/www.sonoraenequipo.com.mx\/#\/schema\/logo\/image\/\"},\"sameAs\":[\"https:\/\/www.facebook.com\/SonoraEE\/\",\"https:\/\/x.com\/sonoraenequipo\",\"https:\/\/www.youtube.com\/channel\/UC338nW-lPEYmJQs4ZABQ1SQ\"]},{\"@type\":\"Person\",\"@id\":\"https:\/\/www.sonoraenequipo.com.mx\/#\/schema\/person\/50102df0fb23a8fa9e8effad8fa81386\",\"name\":\"enequipo\",\"image\":{\"@type\":\"ImageObject\",\"inLanguage\":\"es\",\"@id\":\"https:\/\/www.sonoraenequipo.com.mx\/#\/schema\/person\/image\/\",\"url\":\"https:\/\/secure.gravatar.com\/avatar\/049821681b589dabc0bc20695993ccebb09f5b5d4d790cd9251b97faac7c652b?s=96&d=blank&r=g\",\"contentUrl\":\"https:\/\/secure.gravatar.com\/avatar\/049821681b589dabc0bc20695993ccebb09f5b5d4d790cd9251b97faac7c652b?s=96&d=blank&r=g\",\"caption\":\"enequipo\"},\"sameAs\":[\"https:\/\/www.facebook.com\/SonoraEE\"]}]}<\/script>\n ","yoast_head_json":{"title":"Sonora en Equipo. \"La justicia les llegar\u00e1\": Fiscal\u00eda de EU MUNDO","description":"NUEVA YORK, ESTADOS UNIDOS. \u2014 La culpabilidad del capo mexicano Joaqu\u00edn Guzm\u00e1n Loera es \"una victoria\" por mucho tiempo esperada para el pueblo de Estados En Sonora en Equipo publicamos toda la informaci\u00f3n de Sonora, M\u00e9xico y el Mundo de manera oportuna y busca que la libertad de expresi\u00f3n sea real. Visita nuestro medio informativo publicado desde Hermosillo, Sonora. %","robots":{"index":"index","follow":"follow","max-snippet":"max-snippet:-1","max-image-preview":"max-image-preview:large","max-video-preview":"max-video-preview:-1"},"canonical":"https:\/\/www.sonoraenequipo.com.mx\/la-justicia-les-llegara-fiscalia-de-eu\/","og_locale":"es_ES","og_type":"article","og_title":"Sonora en Equipo. \"La justicia les llegar\u00e1\": Fiscal\u00eda de EU MUNDO","og_description":"NUEVA YORK, ESTADOS UNIDOS. \u2014 La culpabilidad del capo mexicano Joaqu\u00edn Guzm\u00e1n Loera es \"una victoria\" por mucho tiempo esperada para el pueblo de Estados En Sonora en Equipo publicamos toda la informaci\u00f3n de Sonora, M\u00e9xico y el Mundo de manera oportuna y busca que la libertad de expresi\u00f3n sea real. Visita nuestro medio informativo publicado desde Hermosillo, Sonora. %","og_url":"https:\/\/www.sonoraenequipo.com.mx\/la-justicia-les-llegara-fiscalia-de-eu\/","og_site_name":"Sonora en Equipo.","article_publisher":"https:\/\/www.facebook.com\/SonoraEE\/","article_author":"https:\/\/www.facebook.com\/SonoraEE","article_published_time":"2019-02-13T06:30:34+00:00","og_image":[{"width":600,"height":316,"url":"https:\/\/www.sonoraenequipo.com.mx\/storage\/2019\/02\/fiscal_opt1.jpg","type":"image\/jpeg"}],"author":"enequipo","twitter_card":"summary_large_image","twitter_creator":"@sonoraenequipo","twitter_site":"@sonoraenequipo","twitter_misc":{"Escrito por":"enequipo","Tiempo de lectura":"3 minutos"},"schema":{"@context":"https:\/\/schema.org","@graph":[{"@type":"Article","@id":"https:\/\/www.sonoraenequipo.com.mx\/la-justicia-les-llegara-fiscalia-de-eu\/#article","isPartOf":{"@id":"https:\/\/www.sonoraenequipo.com.mx\/la-justicia-les-llegara-fiscalia-de-eu\/"},"author":{"name":"enequipo","@id":"https:\/\/www.sonoraenequipo.com.mx\/#\/schema\/person\/50102df0fb23a8fa9e8effad8fa81386"},"headline":"\u00abLa justicia les llegar\u00e1\u00bb: Fiscal\u00eda de EU","datePublished":"2019-02-13T06:30:34+00:00","mainEntityOfPage":{"@id":"https:\/\/www.sonoraenequipo.com.mx\/la-justicia-les-llegara-fiscalia-de-eu\/"},"wordCount":660,"commentCount":0,"publisher":{"@id":"https:\/\/www.sonoraenequipo.com.mx\/#organization"},"image":{"@id":"https:\/\/www.sonoraenequipo.com.mx\/la-justicia-les-llegara-fiscalia-de-eu\/#primaryimage"},"thumbnailUrl":"https:\/\/www.sonoraenequipo.com.mx\/storage\/2019\/02\/fiscal_opt1.jpg","articleSection":["MUNDO"],"inLanguage":"es","potentialAction":[{"@type":"CommentAction","name":"Comment","target":["https:\/\/www.sonoraenequipo.com.mx\/la-justicia-les-llegara-fiscalia-de-eu\/#respond"]}]},{"@type":"WebPage","@id":"https:\/\/www.sonoraenequipo.com.mx\/la-justicia-les-llegara-fiscalia-de-eu\/","url":"https:\/\/www.sonoraenequipo.com.mx\/la-justicia-les-llegara-fiscalia-de-eu\/","name":"Sonora en Equipo. \"La justicia les llegar\u00e1\": Fiscal\u00eda de EU MUNDO","isPartOf":{"@id":"https:\/\/www.sonoraenequipo.com.mx\/#website"},"primaryImageOfPage":{"@id":"https:\/\/www.sonoraenequipo.com.mx\/la-justicia-les-llegara-fiscalia-de-eu\/#primaryimage"},"image":{"@id":"https:\/\/www.sonoraenequipo.com.mx\/la-justicia-les-llegara-fiscalia-de-eu\/#primaryimage"},"thumbnailUrl":"https:\/\/www.sonoraenequipo.com.mx\/storage\/2019\/02\/fiscal_opt1.jpg","datePublished":"2019-02-13T06:30:34+00:00","description":"NUEVA YORK, ESTADOS UNIDOS. \u2014 La culpabilidad del capo mexicano Joaqu\u00edn Guzm\u00e1n Loera es \"una victoria\" por mucho tiempo esperada para el pueblo de Estados En Sonora en Equipo publicamos toda la informaci\u00f3n de Sonora, M\u00e9xico y el Mundo de manera oportuna y busca que la libertad de expresi\u00f3n sea real. Visita nuestro medio informativo publicado desde Hermosillo, Sonora. %","breadcrumb":{"@id":"https:\/\/www.sonoraenequipo.com.mx\/la-justicia-les-llegara-fiscalia-de-eu\/#breadcrumb"},"inLanguage":"es","potentialAction":[{"@type":"ReadAction","target":["https:\/\/www.sonoraenequipo.com.mx\/la-justicia-les-llegara-fiscalia-de-eu\/"]}]},{"@type":"ImageObject","inLanguage":"es","@id":"https:\/\/www.sonoraenequipo.com.mx\/la-justicia-les-llegara-fiscalia-de-eu\/#primaryimage","url":"https:\/\/www.sonoraenequipo.com.mx\/storage\/2019\/02\/fiscal_opt1.jpg","contentUrl":"https:\/\/www.sonoraenequipo.com.mx\/storage\/2019\/02\/fiscal_opt1.jpg","width":600,"height":316},{"@type":"BreadcrumbList","@id":"https:\/\/www.sonoraenequipo.com.mx\/la-justicia-les-llegara-fiscalia-de-eu\/#breadcrumb","itemListElement":[{"@type":"ListItem","position":1,"name":"Portada","item":"https:\/\/www.sonoraenequipo.com.mx\/"},{"@type":"ListItem","position":2,"name":"\u00abLa justicia les llegar\u00e1\u00bb: Fiscal\u00eda de EU"}]},{"@type":"WebSite","@id":"https:\/\/www.sonoraenequipo.com.mx\/#website","url":"https:\/\/www.sonoraenequipo.com.mx\/","name":"Sonora en Equipo.","description":"Diario en l\u00ednea con Noticias desde Hermosillo, Sonora","publisher":{"@id":"https:\/\/www.sonoraenequipo.com.mx\/#organization"},"potentialAction":[{"@type":"SearchAction","target":{"@type":"EntryPoint","urlTemplate":"https:\/\/www.sonoraenequipo.com.mx\/?s={search_term_string}"},"query-input":{"@type":"PropertyValueSpecification","valueRequired":true,"valueName":"search_term_string"}}],"inLanguage":"es"},{"@type":"Organization","@id":"https:\/\/www.sonoraenequipo.com.mx\/#organization","name":"Sonoraenequipo.com.mx","url":"https:\/\/www.sonoraenequipo.com.mx\/","logo":{"@type":"ImageObject","inLanguage":"es","@id":"https:\/\/www.sonoraenequipo.com.mx\/#\/schema\/logo\/image\/","url":"https:\/\/www.sonoraenequipo.com.mx\/storage\/2019\/01\/sonoraenequipo_opt.png","contentUrl":"https:\/\/www.sonoraenequipo.com.mx\/storage\/2019\/01\/sonoraenequipo_opt.png","width":375,"height":125,"caption":"Sonoraenequipo.com.mx"},"image":{"@id":"https:\/\/www.sonoraenequipo.com.mx\/#\/schema\/logo\/image\/"},"sameAs":["https:\/\/www.facebook.com\/SonoraEE\/","https:\/\/x.com\/sonoraenequipo","https:\/\/www.youtube.com\/channel\/UC338nW-lPEYmJQs4ZABQ1SQ"]},{"@type":"Person","@id":"https:\/\/www.sonoraenequipo.com.mx\/#\/schema\/person\/50102df0fb23a8fa9e8effad8fa81386","name":"enequipo","image":{"@type":"ImageObject","inLanguage":"es","@id":"https:\/\/www.sonoraenequipo.com.mx\/#\/schema\/person\/image\/","url":"https:\/\/secure.gravatar.com\/avatar\/049821681b589dabc0bc20695993ccebb09f5b5d4d790cd9251b97faac7c652b?s=96&d=blank&r=g","contentUrl":"https:\/\/secure.gravatar.com\/avatar\/049821681b589dabc0bc20695993ccebb09f5b5d4d790cd9251b97faac7c652b?s=96&d=blank&r=g","caption":"enequipo"},"sameAs":["https:\/\/www.facebook.com\/SonoraEE"]}]}},"jetpack_featured_media_url":"https:\/\/www.sonoraenequipo.com.mx\/storage\/2019\/02\/fiscal_opt1.jpg","_links":{"self":[{"href":"https:\/\/www.sonoraenequipo.com.mx\/api\/wp\/v2\/posts\/53903","targetHints":{"allow":["GET"]}}],"collection":[{"href":"https:\/\/www.sonoraenequipo.com.mx\/api\/wp\/v2\/posts"}],"about":[{"href":"https:\/\/www.sonoraenequipo.com.mx\/api\/wp\/v2\/types\/post"}],"author":[{"embeddable":true,"href":"https:\/\/www.sonoraenequipo.com.mx\/api\/wp\/v2\/users\/1"}],"replies":[{"embeddable":true,"href":"https:\/\/www.sonoraenequipo.com.mx\/api\/wp\/v2\/comments?post=53903"}],"version-history":[{"count":0,"href":"https:\/\/www.sonoraenequipo.com.mx\/api\/wp\/v2\/posts\/53903\/revisions"}],"wp:featuredmedia":[{"embeddable":true,"href":"https:\/\/www.sonoraenequipo.com.mx\/api\/wp\/v2\/media\/53897"}],"wp:attachment":[{"href":"https:\/\/www.sonoraenequipo.com.mx\/api\/wp\/v2\/media?parent=53903"}],"wp:term":[{"taxonomy":"category","embeddable":true,"href":"https:\/\/www.sonoraenequipo.com.mx\/api\/wp\/v2\/categories?post=53903"},{"taxonomy":"post_tag","embeddable":true,"href":"https:\/\/www.sonoraenequipo.com.mx\/api\/wp\/v2\/tags?post=53903"}],"curies":[{"name":"wp","href":"https:\/\/api.w.org\/{rel}","templated":true}]}}