{"id":53905,"date":"2019-02-13T06:14:36","date_gmt":"2019-02-13T13:14:36","guid":{"rendered":"http:\/\/www.sonoraenequipo.com.mx\/?p=53905"},"modified":"2019-02-12T23:21:27","modified_gmt":"2019-02-13T06:21:27","slug":"hoy-no-habra-clases-en-9-planteles-de-navojoa-sigue-la-protesta-de-maestros-de-zona-escolar-21","status":"publish","type":"post","link":"https:\/\/www.sonoraenequipo.com.mx\/hoy-no-habra-clases-en-9-planteles-de-navojoa-sigue-la-protesta-de-maestros-de-zona-escolar-21\/","title":{"rendered":"Hoy no habr\u00e1 clases en 9 planteles de Navojoa. Sigue la protesta de maestros de Zona Escolar 21"},"content":{"rendered":"<p>NAVOJOA, SONORA. MX. \u2014 Un total de nueve planteles escolares de educaci\u00f3n b\u00e1sica fueron tomados este d\u00eda por maestros de la zona escolar n\u00famero 21, en protesta por que pretenden retirarlos de los turnos vespertinos, asegur\u00f3 el l\u00edder del SNTE, Crisp\u00edn Roberto Yocupicio Nolasco. <\/p>\n<p>La primera escuela donde se llev\u00f3 a cabo el cierre fue la primaria \u2018Moises Saenz\u2019, donde todo el turno matutito se qued\u00f3 sin clases, afectando adem\u00e1s a un promedio de unos mil alumnos por el cierre de los otros planteles de educaci\u00f3n b\u00e1sica.<\/p>\n<p>Las primarias que fueron cerradas son de Bacame, Guaymitas, Agiabampo, Rancho del Padre, Chihuahuita y las de la zona urbana de esta ciudad.<\/p>\n<p>La zona escolar n\u00famero 21 ya hab\u00eda hecho un llamado a las autoridades de la SEC si no se resolv\u00eda las asignaciones del turno vespertino, y al no recibir una respuesta positiva, tomaron los seis centros de estudio como protesta y como presi\u00f3n para que puedan resolver sus inconformidades<\/p>\n<p><em>\u00abSi todav\u00eda no se resuelve el asunto vamos a ir m\u00e1s all\u00e1 con estas protestas y ya otras zonas escolares se van a sumar al paro en solidaridad con la zona escolar 21, esto es un problema estatal\u201d<\/em>, dijo.<\/p>\n<p>Se\u00f1al\u00f3 tambi\u00e9n que algunas escuelas primarias no vienen como opci\u00f3n en la preinscripci\u00f3n, en el turno vespertino, lo que va a originar que vayan a saturar el turno vespertino con hasta 45 alumnos, lo que no ser\u00eda lo ideal para el aprendizaje de los maestros.<\/p>\n<p>Publicada 12\/02\/2019<\/p>\n","protected":false},"excerpt":{"rendered":"<p>NAVOJOA, SONORA. MX. \u2014 Un total de nueve planteles escolares de educaci\u00f3n b\u00e1sica fueron tomados&#8230;<\/p>\n","protected":false},"author":1,"featured_media":53898,"comment_status":"open","ping_status":"open","sticky":false,"template":"","format":"standard","meta":{"_monsterinsights_skip_tracking":false,"_monsterinsights_sitenote_active":false,"_monsterinsights_sitenote_note":"","_monsterinsights_sitenote_category":0,"footnotes":""},"categories":[4],"tags":[],"class_list":["post"],"yoast_head":" \n<title>Sonora en Equipo. Hoy no habr\u00e1 clases en 9 planteles de Navojoa. Sigue la protesta de maestros de Zona Escolar 21 Municipios<\/title>\n<meta name=\"description\" content=\"NAVOJOA, SONORA. MX. \u2014 Un total de nueve planteles escolares de educaci\u00f3n b\u00e1sica fueron tomados este d\u00eda por maestros de la zona escolar n\u00famero 21, en En Sonora en Equipo publicamos toda la informaci\u00f3n de Sonora, M\u00e9xico y el Mundo de manera oportuna y busca que la libertad de expresi\u00f3n sea real. Visita nuestro medio informativo publicado desde Hermosillo, Sonora. %\" \/>\n<meta name=\"robots\" content=\"index, follow, max-snippet:-1, max-image-preview:large, max-video-preview:-1\" \/>\n<link rel=\"canonical\" href=\"https:\/\/www.sonoraenequipo.com.mx\/hoy-no-habra-clases-en-9-planteles-de-navojoa-sigue-la-protesta-de-maestros-de-zona-escolar-21\/\" \/>\n<meta property=\"og:locale\" content=\"es_ES\" \/>\n<meta property=\"og:type\" content=\"article\" \/>\n<meta property=\"og:title\" content=\"Sonora en Equipo. Hoy no habr\u00e1 clases en 9 planteles de Navojoa. Sigue la protesta de maestros de Zona Escolar 21 Municipios\" \/>\n<meta property=\"og:description\" content=\"NAVOJOA, SONORA. MX. \u2014 Un total de nueve planteles escolares de educaci\u00f3n b\u00e1sica fueron tomados este d\u00eda por maestros de la zona escolar n\u00famero 21, en En Sonora en Equipo publicamos toda la informaci\u00f3n de Sonora, M\u00e9xico y el Mundo de manera oportuna y busca que la libertad de expresi\u00f3n sea real. Visita nuestro medio informativo publicado desde Hermosillo, Sonora. %\" \/>\n<meta property=\"og:url\" content=\"https:\/\/www.sonoraenequipo.com.mx\/hoy-no-habra-clases-en-9-planteles-de-navojoa-sigue-la-protesta-de-maestros-de-zona-escolar-21\/\" \/>\n<meta property=\"og:site_name\" content=\"Sonora en Equipo.\" \/>\n<meta property=\"article:publisher\" content=\"https:\/\/www.facebook.com\/SonoraEE\/\" \/>\n<meta property=\"article:author\" content=\"https:\/\/www.facebook.com\/SonoraEE\" \/>\n<meta property=\"article:published_time\" content=\"2019-02-13T13:14:36+00:00\" \/>\n<meta property=\"og:image\" content=\"https:\/\/www.sonoraenequipo.com.mx\/storage\/2019\/02\/escuela_2_opt1.jpg\" \/>\n\t<meta property=\"og:image:width\" content=\"600\" \/>\n\t<meta property=\"og:image:height\" content=\"316\" \/>\n\t<meta property=\"og:image:type\" content=\"image\/jpeg\" \/>\n<meta name=\"author\" content=\"enequipo\" \/>\n<meta name=\"twitter:card\" content=\"summary_large_image\" \/>\n<meta name=\"twitter:creator\" content=\"@sonoraenequipo\" \/>\n<meta name=\"twitter:site\" content=\"@sonoraenequipo\" \/>\n<meta name=\"twitter:label1\" content=\"Escrito por\" \/>\n\t<meta name=\"twitter:data1\" content=\"enequipo\" \/>\n\t<meta name=\"twitter:label2\" content=\"Tiempo de lectura\" \/>\n\t<meta name=\"twitter:data2\" content=\"1 minuto\" \/>\n<script type=\"application\/ld+json\" class=\"yoast-schema-graph\">{\"@context\":\"https:\/\/schema.org\",\"@graph\":[{\"@type\":\"Article\",\"@id\":\"https:\/\/www.sonoraenequipo.com.mx\/hoy-no-habra-clases-en-9-planteles-de-navojoa-sigue-la-protesta-de-maestros-de-zona-escolar-21\/#article\",\"isPartOf\":{\"@id\":\"https:\/\/www.sonoraenequipo.com.mx\/hoy-no-habra-clases-en-9-planteles-de-navojoa-sigue-la-protesta-de-maestros-de-zona-escolar-21\/\"},\"author\":{\"name\":\"enequipo\",\"@id\":\"https:\/\/www.sonoraenequipo.com.mx\/#\/schema\/person\/50102df0fb23a8fa9e8effad8fa81386\"},\"headline\":\"Hoy no habr\u00e1 clases en 9 planteles de Navojoa. Sigue la protesta de maestros de Zona Escolar 21\",\"datePublished\":\"2019-02-13T13:14:36+00:00\",\"mainEntityOfPage\":{\"@id\":\"https:\/\/www.sonoraenequipo.com.mx\/hoy-no-habra-clases-en-9-planteles-de-navojoa-sigue-la-protesta-de-maestros-de-zona-escolar-21\/\"},\"wordCount\":275,\"commentCount\":0,\"publisher\":{\"@id\":\"https:\/\/www.sonoraenequipo.com.mx\/#organization\"},\"image\":{\"@id\":\"https:\/\/www.sonoraenequipo.com.mx\/hoy-no-habra-clases-en-9-planteles-de-navojoa-sigue-la-protesta-de-maestros-de-zona-escolar-21\/#primaryimage\"},\"thumbnailUrl\":\"https:\/\/www.sonoraenequipo.com.mx\/storage\/2019\/02\/escuela_2_opt1.jpg\",\"articleSection\":[\"Municipios\"],\"inLanguage\":\"es\",\"potentialAction\":[{\"@type\":\"CommentAction\",\"name\":\"Comment\",\"target\":[\"https:\/\/www.sonoraenequipo.com.mx\/hoy-no-habra-clases-en-9-planteles-de-navojoa-sigue-la-protesta-de-maestros-de-zona-escolar-21\/#respond\"]}]},{\"@type\":\"WebPage\",\"@id\":\"https:\/\/www.sonoraenequipo.com.mx\/hoy-no-habra-clases-en-9-planteles-de-navojoa-sigue-la-protesta-de-maestros-de-zona-escolar-21\/\",\"url\":\"https:\/\/www.sonoraenequipo.com.mx\/hoy-no-habra-clases-en-9-planteles-de-navojoa-sigue-la-protesta-de-maestros-de-zona-escolar-21\/\",\"name\":\"Sonora en Equipo. Hoy no habr\u00e1 clases en 9 planteles de Navojoa. Sigue la protesta de maestros de Zona Escolar 21 Municipios\",\"isPartOf\":{\"@id\":\"https:\/\/www.sonoraenequipo.com.mx\/#website\"},\"primaryImageOfPage\":{\"@id\":\"https:\/\/www.sonoraenequipo.com.mx\/hoy-no-habra-clases-en-9-planteles-de-navojoa-sigue-la-protesta-de-maestros-de-zona-escolar-21\/#primaryimage\"},\"image\":{\"@id\":\"https:\/\/www.sonoraenequipo.com.mx\/hoy-no-habra-clases-en-9-planteles-de-navojoa-sigue-la-protesta-de-maestros-de-zona-escolar-21\/#primaryimage\"},\"thumbnailUrl\":\"https:\/\/www.sonoraenequipo.com.mx\/storage\/2019\/02\/escuela_2_opt1.jpg\",\"datePublished\":\"2019-02-13T13:14:36+00:00\",\"description\":\"NAVOJOA, SONORA. MX. \u2014 Un total de nueve planteles escolares de educaci\u00f3n b\u00e1sica fueron tomados este d\u00eda por maestros de la zona escolar n\u00famero 21, en En Sonora en Equipo publicamos toda la informaci\u00f3n de Sonora, M\u00e9xico y el Mundo de manera oportuna y busca que la libertad de expresi\u00f3n sea real. Visita nuestro medio informativo publicado desde Hermosillo, Sonora. %\",\"breadcrumb\":{\"@id\":\"https:\/\/www.sonoraenequipo.com.mx\/hoy-no-habra-clases-en-9-planteles-de-navojoa-sigue-la-protesta-de-maestros-de-zona-escolar-21\/#breadcrumb\"},\"inLanguage\":\"es\",\"potentialAction\":[{\"@type\":\"ReadAction\",\"target\":[\"https:\/\/www.sonoraenequipo.com.mx\/hoy-no-habra-clases-en-9-planteles-de-navojoa-sigue-la-protesta-de-maestros-de-zona-escolar-21\/\"]}]},{\"@type\":\"ImageObject\",\"inLanguage\":\"es\",\"@id\":\"https:\/\/www.sonoraenequipo.com.mx\/hoy-no-habra-clases-en-9-planteles-de-navojoa-sigue-la-protesta-de-maestros-de-zona-escolar-21\/#primaryimage\",\"url\":\"https:\/\/www.sonoraenequipo.com.mx\/storage\/2019\/02\/escuela_2_opt1.jpg\",\"contentUrl\":\"https:\/\/www.sonoraenequipo.com.mx\/storage\/2019\/02\/escuela_2_opt1.jpg\",\"width\":600,\"height\":316},{\"@type\":\"BreadcrumbList\",\"@id\":\"https:\/\/www.sonoraenequipo.com.mx\/hoy-no-habra-clases-en-9-planteles-de-navojoa-sigue-la-protesta-de-maestros-de-zona-escolar-21\/#breadcrumb\",\"itemListElement\":[{\"@type\":\"ListItem\",\"position\":1,\"name\":\"Portada\",\"item\":\"https:\/\/www.sonoraenequipo.com.mx\/\"},{\"@type\":\"ListItem\",\"position\":2,\"name\":\"Hoy no habr\u00e1 clases en 9 planteles de Navojoa. Sigue la protesta de maestros de Zona Escolar 21\"}]},{\"@type\":\"WebSite\",\"@id\":\"https:\/\/www.sonoraenequipo.com.mx\/#website\",\"url\":\"https:\/\/www.sonoraenequipo.com.mx\/\",\"name\":\"Sonora en Equipo.\",\"description\":\"Diario en l\u00ednea con Noticias desde Hermosillo, Sonora\",\"publisher\":{\"@id\":\"https:\/\/www.sonoraenequipo.com.mx\/#organization\"},\"potentialAction\":[{\"@type\":\"SearchAction\",\"target\":{\"@type\":\"EntryPoint\",\"urlTemplate\":\"https:\/\/www.sonoraenequipo.com.mx\/?s={search_term_string}\"},\"query-input\":{\"@type\":\"PropertyValueSpecification\",\"valueRequired\":true,\"valueName\":\"search_term_string\"}}],\"inLanguage\":\"es\"},{\"@type\":\"Organization\",\"@id\":\"https:\/\/www.sonoraenequipo.com.mx\/#organization\",\"name\":\"Sonoraenequipo.com.mx\",\"url\":\"https:\/\/www.sonoraenequipo.com.mx\/\",\"logo\":{\"@type\":\"ImageObject\",\"inLanguage\":\"es\",\"@id\":\"https:\/\/www.sonoraenequipo.com.mx\/#\/schema\/logo\/image\/\",\"url\":\"https:\/\/www.sonoraenequipo.com.mx\/storage\/2019\/01\/sonoraenequipo_opt.png\",\"contentUrl\":\"https:\/\/www.sonoraenequipo.com.mx\/storage\/2019\/01\/sonoraenequipo_opt.png\",\"width\":375,\"height\":125,\"caption\":\"Sonoraenequipo.com.mx\"},\"image\":{\"@id\":\"https:\/\/www.sonoraenequipo.com.mx\/#\/schema\/logo\/image\/\"},\"sameAs\":[\"https:\/\/www.facebook.com\/SonoraEE\/\",\"https:\/\/x.com\/sonoraenequipo\",\"https:\/\/www.youtube.com\/channel\/UC338nW-lPEYmJQs4ZABQ1SQ\"]},{\"@type\":\"Person\",\"@id\":\"https:\/\/www.sonoraenequipo.com.mx\/#\/schema\/person\/50102df0fb23a8fa9e8effad8fa81386\",\"name\":\"enequipo\",\"image\":{\"@type\":\"ImageObject\",\"inLanguage\":\"es\",\"@id\":\"https:\/\/www.sonoraenequipo.com.mx\/#\/schema\/person\/image\/\",\"url\":\"https:\/\/secure.gravatar.com\/avatar\/049821681b589dabc0bc20695993ccebb09f5b5d4d790cd9251b97faac7c652b?s=96&d=blank&r=g\",\"contentUrl\":\"https:\/\/secure.gravatar.com\/avatar\/049821681b589dabc0bc20695993ccebb09f5b5d4d790cd9251b97faac7c652b?s=96&d=blank&r=g\",\"caption\":\"enequipo\"},\"sameAs\":[\"https:\/\/www.facebook.com\/SonoraEE\"]}]}<\/script>\n ","yoast_head_json":{"title":"Sonora en Equipo. Hoy no habr\u00e1 clases en 9 planteles de Navojoa. Sigue la protesta de maestros de Zona Escolar 21 Municipios","description":"NAVOJOA, SONORA. MX. \u2014 Un total de nueve planteles escolares de educaci\u00f3n b\u00e1sica fueron tomados este d\u00eda por maestros de la zona escolar n\u00famero 21, en En Sonora en Equipo publicamos toda la informaci\u00f3n de Sonora, M\u00e9xico y el Mundo de manera oportuna y busca que la libertad de expresi\u00f3n sea real. Visita nuestro medio informativo publicado desde Hermosillo, Sonora. %","robots":{"index":"index","follow":"follow","max-snippet":"max-snippet:-1","max-image-preview":"max-image-preview:large","max-video-preview":"max-video-preview:-1"},"canonical":"https:\/\/www.sonoraenequipo.com.mx\/hoy-no-habra-clases-en-9-planteles-de-navojoa-sigue-la-protesta-de-maestros-de-zona-escolar-21\/","og_locale":"es_ES","og_type":"article","og_title":"Sonora en Equipo. Hoy no habr\u00e1 clases en 9 planteles de Navojoa. Sigue la protesta de maestros de Zona Escolar 21 Municipios","og_description":"NAVOJOA, SONORA. MX. \u2014 Un total de nueve planteles escolares de educaci\u00f3n b\u00e1sica fueron tomados este d\u00eda por maestros de la zona escolar n\u00famero 21, en En Sonora en Equipo publicamos toda la informaci\u00f3n de Sonora, M\u00e9xico y el Mundo de manera oportuna y busca que la libertad de expresi\u00f3n sea real. Visita nuestro medio informativo publicado desde Hermosillo, Sonora. %","og_url":"https:\/\/www.sonoraenequipo.com.mx\/hoy-no-habra-clases-en-9-planteles-de-navojoa-sigue-la-protesta-de-maestros-de-zona-escolar-21\/","og_site_name":"Sonora en Equipo.","article_publisher":"https:\/\/www.facebook.com\/SonoraEE\/","article_author":"https:\/\/www.facebook.com\/SonoraEE","article_published_time":"2019-02-13T13:14:36+00:00","og_image":[{"width":600,"height":316,"url":"https:\/\/www.sonoraenequipo.com.mx\/storage\/2019\/02\/escuela_2_opt1.jpg","type":"image\/jpeg"}],"author":"enequipo","twitter_card":"summary_large_image","twitter_creator":"@sonoraenequipo","twitter_site":"@sonoraenequipo","twitter_misc":{"Escrito por":"enequipo","Tiempo de lectura":"1 minuto"},"schema":{"@context":"https:\/\/schema.org","@graph":[{"@type":"Article","@id":"https:\/\/www.sonoraenequipo.com.mx\/hoy-no-habra-clases-en-9-planteles-de-navojoa-sigue-la-protesta-de-maestros-de-zona-escolar-21\/#article","isPartOf":{"@id":"https:\/\/www.sonoraenequipo.com.mx\/hoy-no-habra-clases-en-9-planteles-de-navojoa-sigue-la-protesta-de-maestros-de-zona-escolar-21\/"},"author":{"name":"enequipo","@id":"https:\/\/www.sonoraenequipo.com.mx\/#\/schema\/person\/50102df0fb23a8fa9e8effad8fa81386"},"headline":"Hoy no habr\u00e1 clases en 9 planteles de Navojoa. Sigue la protesta de maestros de Zona Escolar 21","datePublished":"2019-02-13T13:14:36+00:00","mainEntityOfPage":{"@id":"https:\/\/www.sonoraenequipo.com.mx\/hoy-no-habra-clases-en-9-planteles-de-navojoa-sigue-la-protesta-de-maestros-de-zona-escolar-21\/"},"wordCount":275,"commentCount":0,"publisher":{"@id":"https:\/\/www.sonoraenequipo.com.mx\/#organization"},"image":{"@id":"https:\/\/www.sonoraenequipo.com.mx\/hoy-no-habra-clases-en-9-planteles-de-navojoa-sigue-la-protesta-de-maestros-de-zona-escolar-21\/#primaryimage"},"thumbnailUrl":"https:\/\/www.sonoraenequipo.com.mx\/storage\/2019\/02\/escuela_2_opt1.jpg","articleSection":["Municipios"],"inLanguage":"es","potentialAction":[{"@type":"CommentAction","name":"Comment","target":["https:\/\/www.sonoraenequipo.com.mx\/hoy-no-habra-clases-en-9-planteles-de-navojoa-sigue-la-protesta-de-maestros-de-zona-escolar-21\/#respond"]}]},{"@type":"WebPage","@id":"https:\/\/www.sonoraenequipo.com.mx\/hoy-no-habra-clases-en-9-planteles-de-navojoa-sigue-la-protesta-de-maestros-de-zona-escolar-21\/","url":"https:\/\/www.sonoraenequipo.com.mx\/hoy-no-habra-clases-en-9-planteles-de-navojoa-sigue-la-protesta-de-maestros-de-zona-escolar-21\/","name":"Sonora en Equipo. Hoy no habr\u00e1 clases en 9 planteles de Navojoa. Sigue la protesta de maestros de Zona Escolar 21 Municipios","isPartOf":{"@id":"https:\/\/www.sonoraenequipo.com.mx\/#website"},"primaryImageOfPage":{"@id":"https:\/\/www.sonoraenequipo.com.mx\/hoy-no-habra-clases-en-9-planteles-de-navojoa-sigue-la-protesta-de-maestros-de-zona-escolar-21\/#primaryimage"},"image":{"@id":"https:\/\/www.sonoraenequipo.com.mx\/hoy-no-habra-clases-en-9-planteles-de-navojoa-sigue-la-protesta-de-maestros-de-zona-escolar-21\/#primaryimage"},"thumbnailUrl":"https:\/\/www.sonoraenequipo.com.mx\/storage\/2019\/02\/escuela_2_opt1.jpg","datePublished":"2019-02-13T13:14:36+00:00","description":"NAVOJOA, SONORA. MX. \u2014 Un total de nueve planteles escolares de educaci\u00f3n b\u00e1sica fueron tomados este d\u00eda por maestros de la zona escolar n\u00famero 21, en En Sonora en Equipo publicamos toda la informaci\u00f3n de Sonora, M\u00e9xico y el Mundo de manera oportuna y busca que la libertad de expresi\u00f3n sea real. Visita nuestro medio informativo publicado desde Hermosillo, Sonora. %","breadcrumb":{"@id":"https:\/\/www.sonoraenequipo.com.mx\/hoy-no-habra-clases-en-9-planteles-de-navojoa-sigue-la-protesta-de-maestros-de-zona-escolar-21\/#breadcrumb"},"inLanguage":"es","potentialAction":[{"@type":"ReadAction","target":["https:\/\/www.sonoraenequipo.com.mx\/hoy-no-habra-clases-en-9-planteles-de-navojoa-sigue-la-protesta-de-maestros-de-zona-escolar-21\/"]}]},{"@type":"ImageObject","inLanguage":"es","@id":"https:\/\/www.sonoraenequipo.com.mx\/hoy-no-habra-clases-en-9-planteles-de-navojoa-sigue-la-protesta-de-maestros-de-zona-escolar-21\/#primaryimage","url":"https:\/\/www.sonoraenequipo.com.mx\/storage\/2019\/02\/escuela_2_opt1.jpg","contentUrl":"https:\/\/www.sonoraenequipo.com.mx\/storage\/2019\/02\/escuela_2_opt1.jpg","width":600,"height":316},{"@type":"BreadcrumbList","@id":"https:\/\/www.sonoraenequipo.com.mx\/hoy-no-habra-clases-en-9-planteles-de-navojoa-sigue-la-protesta-de-maestros-de-zona-escolar-21\/#breadcrumb","itemListElement":[{"@type":"ListItem","position":1,"name":"Portada","item":"https:\/\/www.sonoraenequipo.com.mx\/"},{"@type":"ListItem","position":2,"name":"Hoy no habr\u00e1 clases en 9 planteles de Navojoa. Sigue la protesta de maestros de Zona Escolar 21"}]},{"@type":"WebSite","@id":"https:\/\/www.sonoraenequipo.com.mx\/#website","url":"https:\/\/www.sonoraenequipo.com.mx\/","name":"Sonora en Equipo.","description":"Diario en l\u00ednea con Noticias desde Hermosillo, Sonora","publisher":{"@id":"https:\/\/www.sonoraenequipo.com.mx\/#organization"},"potentialAction":[{"@type":"SearchAction","target":{"@type":"EntryPoint","urlTemplate":"https:\/\/www.sonoraenequipo.com.mx\/?s={search_term_string}"},"query-input":{"@type":"PropertyValueSpecification","valueRequired":true,"valueName":"search_term_string"}}],"inLanguage":"es"},{"@type":"Organization","@id":"https:\/\/www.sonoraenequipo.com.mx\/#organization","name":"Sonoraenequipo.com.mx","url":"https:\/\/www.sonoraenequipo.com.mx\/","logo":{"@type":"ImageObject","inLanguage":"es","@id":"https:\/\/www.sonoraenequipo.com.mx\/#\/schema\/logo\/image\/","url":"https:\/\/www.sonoraenequipo.com.mx\/storage\/2019\/01\/sonoraenequipo_opt.png","contentUrl":"https:\/\/www.sonoraenequipo.com.mx\/storage\/2019\/01\/sonoraenequipo_opt.png","width":375,"height":125,"caption":"Sonoraenequipo.com.mx"},"image":{"@id":"https:\/\/www.sonoraenequipo.com.mx\/#\/schema\/logo\/image\/"},"sameAs":["https:\/\/www.facebook.com\/SonoraEE\/","https:\/\/x.com\/sonoraenequipo","https:\/\/www.youtube.com\/channel\/UC338nW-lPEYmJQs4ZABQ1SQ"]},{"@type":"Person","@id":"https:\/\/www.sonoraenequipo.com.mx\/#\/schema\/person\/50102df0fb23a8fa9e8effad8fa81386","name":"enequipo","image":{"@type":"ImageObject","inLanguage":"es","@id":"https:\/\/www.sonoraenequipo.com.mx\/#\/schema\/person\/image\/","url":"https:\/\/secure.gravatar.com\/avatar\/049821681b589dabc0bc20695993ccebb09f5b5d4d790cd9251b97faac7c652b?s=96&d=blank&r=g","contentUrl":"https:\/\/secure.gravatar.com\/avatar\/049821681b589dabc0bc20695993ccebb09f5b5d4d790cd9251b97faac7c652b?s=96&d=blank&r=g","caption":"enequipo"},"sameAs":["https:\/\/www.facebook.com\/SonoraEE"]}]}},"jetpack_featured_media_url":"https:\/\/www.sonoraenequipo.com.mx\/storage\/2019\/02\/escuela_2_opt1.jpg","_links":{"self":[{"href":"https:\/\/www.sonoraenequipo.com.mx\/api\/wp\/v2\/posts\/53905","targetHints":{"allow":["GET"]}}],"collection":[{"href":"https:\/\/www.sonoraenequipo.com.mx\/api\/wp\/v2\/posts"}],"about":[{"href":"https:\/\/www.sonoraenequipo.com.mx\/api\/wp\/v2\/types\/post"}],"author":[{"embeddable":true,"href":"https:\/\/www.sonoraenequipo.com.mx\/api\/wp\/v2\/users\/1"}],"replies":[{"embeddable":true,"href":"https:\/\/www.sonoraenequipo.com.mx\/api\/wp\/v2\/comments?post=53905"}],"version-history":[{"count":0,"href":"https:\/\/www.sonoraenequipo.com.mx\/api\/wp\/v2\/posts\/53905\/revisions"}],"wp:featuredmedia":[{"embeddable":true,"href":"https:\/\/www.sonoraenequipo.com.mx\/api\/wp\/v2\/media\/53898"}],"wp:attachment":[{"href":"https:\/\/www.sonoraenequipo.com.mx\/api\/wp\/v2\/media?parent=53905"}],"wp:term":[{"taxonomy":"category","embeddable":true,"href":"https:\/\/www.sonoraenequipo.com.mx\/api\/wp\/v2\/categories?post=53905"},{"taxonomy":"post_tag","embeddable":true,"href":"https:\/\/www.sonoraenequipo.com.mx\/api\/wp\/v2\/tags?post=53905"}],"curies":[{"name":"wp","href":"https:\/\/api.w.org\/{rel}","templated":true}]}}