{"id":53925,"date":"2019-02-13T07:54:25","date_gmt":"2019-02-13T14:54:25","guid":{"rendered":"http:\/\/www.sonoraenequipo.com.mx\/?p=53925"},"modified":"2019-02-13T09:00:45","modified_gmt":"2019-02-13T16:00:45","slug":"reyes-heroles-quiere-demandar-al-presidente-de-mexico","status":"publish","type":"post","link":"https:\/\/www.sonoraenequipo.com.mx\/reyes-heroles-quiere-demandar-al-presidente-de-mexico\/","title":{"rendered":"Reyes Heroles quiere demandar al Presidente de M\u00e9xico"},"content":{"rendered":"<p>CIUDAD DE M\u00c9XICO. MX. \u2014 Jes\u00fas Reyes Heroles Gonz\u00e1lez Garza amenaz\u00f3 este martes con presentar una demanda civil por difamaci\u00f3n contra los se\u00f1alamientos hechos un d\u00eda antes por el presidente Andr\u00e9s Manuel L\u00f3pez Obrador y el director de la Comisi\u00f3n Federal de Electricidad (CFE), Manuel Bartlett. <\/p>\n<p>En la conferencia matutina del lunes pasado, Bartlett se\u00f1al\u00f3 a Reyes Heroles como exfuncionario del gobierno de Carlos Salinas de Gortari, lo cual es falso. Reyes Heroles fue durante tres a\u00f1os secretario de Energ\u00eda del gobierno de Ernesto Zedillo y otros tres a\u00f1os fue director de Pemex durante la administraci\u00f3n de Felipe Calder\u00f3n.<\/p>\n<p><em>\u00abEs grave que un funcionario de alta responsabilidad incurra en falsedad, causando da\u00f1o moral al difamado, lo que est\u00e1 penado por la ley. Me reservo el derecho a presentar la demanda civil correspondiente\u00bb,<\/em> dijo Reyes Heroles en una carta difundida a medios de comunicaci\u00f3n.<\/p>\n<p>La v\u00edspera, Bartlett afirm\u00f3 que Reyes Heroles hab\u00eda sido secretario de Energ\u00eda y director general de Pemex durante el sexenio salinista. Reyes Heroles form\u00f3 parte del gabinete de Zedillo entre enero de 1995 a octubre de 1997, y fue director de la paraestatal Petr\u00f3leos Mexicanos entre diciembre del 2006 y septiembre del 2009, durante el sexenio de Felipe Calder\u00f3n.<\/p>\n<p><em>\u00abDej\u00e9 el servicio p\u00fablico el 7 de septiembre de 2009, esto es, hace casi una d\u00e9cada. Durante m\u00e1s de un a\u00f1o no realic\u00e9 actividad profesional alguna relacionada con el sector energ\u00e9tico, en cumplimiento de los dispuesto en el art\u00edculo 9 de la Ley Federal de Responsabilidades Administrativas, vigente entonces. Por tanto no existe conflicto de inter\u00e9s entre mis actividades profesionales desde entonces, y siempre me he desempe\u00f1ado bajo los principios \u00e9ticos m\u00e1s rigurosos\u00bb<\/em>, agreg\u00f3 en su carta Reyes Heroles.<\/p>\n<p>Bartlett mencion\u00f3 a nueve exfuncionarios de los gobiernos anteriores del PAN y el PRI que trabajaron en el sector energ\u00e9tico y los responsabiliz\u00f3 del precario estado de las empresas productivas propiedad del Estado mexicano. L\u00f3pez Obrador, por su parte, consider\u00f3 que es inmoral que un funcionario salte a trabajar al sector privado una vez que termina su encargo p\u00fablico, y adelant\u00f3 su intenci\u00f3n de reformar la ley para que exista un periodo de 10 a\u00f1os antes de que un exservidor p\u00fablico pueda trabajar en la iniciativa privada.<\/p>\n<p>Reyes Heroles dijo en su misiva que las falsedades pronunciadas por Bartlett causan un agravio a su vida privada e imagen <em>\u00abpor esto, har\u00e9 v\u00e1lido mi derecho constitucional de r\u00e9plica consagrado en el art\u00edculo 6 de la Constituci\u00f3n\u00bb.<\/em><\/p>\n<p>El exdirector de Pemex consider\u00f3 que las imprecisiones y falsedades pueden tener efectos m\u00e1s graves que \u00fanicamente aquellos contra su persona.<em> \u00abPrueba que todos los mexicanos estamos expuestos al riesgo de difamaci\u00f3n y juicio medi\u00e1tico, que podr\u00eda quedar impune en caso de no se\u00f1alarse. No debe aceptarse eso como la nueva realidad para M\u00e9xico\u00bb.<\/em><\/p>\n<p>Reyes Heroles dijo que las<em> \u00abafirmaciones arrebatadas\u00bb<\/em> de Bartlett tambi\u00e9n ponen en riesgo la seguridad jur\u00eddica de las empresas que han invertido en M\u00e9xico. El lunes, el director de la CFE declar\u00f3 que AMLO va a invitar a las empresas que invirtieron en el pasado en M\u00e9xico a que inicien una revisi\u00f3n de sus contratos, y si no est\u00e1n de acuerdo ser\u00e1n demandadas.<\/p>\n<p><em>\u00abMientras no se cambie la Constituci\u00f3n, es ilegal intimidar a los particulares que l\u00edcitamente pueden participar en el sector energ\u00eda del pa\u00eds conforme a las leyes actuales\u00bb,<\/em> estableci\u00f3 Reyes Heroles en su carta.<\/p>\n<p>En su conferencia de prensa de este martes, donde no estuvo presente Manuel Bartlett, el presidente aclar\u00f3 que las empresas que invirtieron en el sector energ\u00e9tico no ser\u00edan demandadas, sino que su gobierno solo hizo un llamado a trabajar con \u00e9tica. <em>\u00abYo no voy a ponerme a pelear con las empresas, tienen muy buenos abogados\u00bb,<\/em> dijo el presidente .<\/p>\n<p>&nbsp;<\/p>\n<p>Publicada 13\/02\/2019 \/\/ Proceso )<\/p>\n","protected":false},"excerpt":{"rendered":"<p>CIUDAD DE M\u00c9XICO. MX. \u2014 Jes\u00fas Reyes Heroles Gonz\u00e1lez Garza amenaz\u00f3 este martes con presentar&#8230;<\/p>\n","protected":false},"author":1,"featured_media":53919,"comment_status":"open","ping_status":"open","sticky":false,"template":"","format":"standard","meta":{"_monsterinsights_skip_tracking":false,"_monsterinsights_sitenote_active":false,"_monsterinsights_sitenote_note":"","_monsterinsights_sitenote_category":0,"footnotes":""},"categories":[5],"tags":[],"class_list":["post"],"yoast_head":" \n<title>Sonora en Equipo. Reyes Heroles quiere demandar al Presidente de M\u00e9xico Rep\u00fablica<\/title>\n<meta name=\"description\" content=\"CIUDAD DE M\u00c9XICO. MX. \u2014 Jes\u00fas Reyes Heroles Gonz\u00e1lez Garza amenaz\u00f3 este martes con presentar una demanda civil por difamaci\u00f3n contra los se\u00f1alamientos En Sonora en Equipo publicamos toda la informaci\u00f3n de Sonora, M\u00e9xico y el Mundo de manera oportuna y busca que la libertad de expresi\u00f3n sea real. Visita nuestro medio informativo publicado desde Hermosillo, Sonora. %\" \/>\n<meta name=\"robots\" content=\"index, follow, max-snippet:-1, max-image-preview:large, max-video-preview:-1\" \/>\n<link rel=\"canonical\" href=\"https:\/\/www.sonoraenequipo.com.mx\/reyes-heroles-quiere-demandar-al-presidente-de-mexico\/\" \/>\n<meta property=\"og:locale\" content=\"es_ES\" \/>\n<meta property=\"og:type\" content=\"article\" \/>\n<meta property=\"og:title\" content=\"Sonora en Equipo. Reyes Heroles quiere demandar al Presidente de M\u00e9xico Rep\u00fablica\" \/>\n<meta property=\"og:description\" content=\"CIUDAD DE M\u00c9XICO. MX. \u2014 Jes\u00fas Reyes Heroles Gonz\u00e1lez Garza amenaz\u00f3 este martes con presentar una demanda civil por difamaci\u00f3n contra los se\u00f1alamientos En Sonora en Equipo publicamos toda la informaci\u00f3n de Sonora, M\u00e9xico y el Mundo de manera oportuna y busca que la libertad de expresi\u00f3n sea real. Visita nuestro medio informativo publicado desde Hermosillo, Sonora. %\" \/>\n<meta property=\"og:url\" content=\"https:\/\/www.sonoraenequipo.com.mx\/reyes-heroles-quiere-demandar-al-presidente-de-mexico\/\" \/>\n<meta property=\"og:site_name\" content=\"Sonora en Equipo.\" \/>\n<meta property=\"article:publisher\" content=\"https:\/\/www.facebook.com\/SonoraEE\/\" \/>\n<meta property=\"article:author\" content=\"https:\/\/www.facebook.com\/SonoraEE\" \/>\n<meta property=\"article:published_time\" content=\"2019-02-13T14:54:25+00:00\" \/>\n<meta property=\"article:modified_time\" content=\"2019-02-13T16:00:45+00:00\" \/>\n<meta property=\"og:image\" content=\"https:\/\/www.sonoraenequipo.com.mx\/storage\/2019\/02\/Jesus-Reyes-Heroles_opt.jpg\" \/>\n\t<meta property=\"og:image:width\" content=\"600\" \/>\n\t<meta property=\"og:image:height\" content=\"400\" \/>\n\t<meta property=\"og:image:type\" content=\"image\/jpeg\" \/>\n<meta name=\"author\" content=\"enequipo\" \/>\n<meta name=\"twitter:card\" content=\"summary_large_image\" \/>\n<meta name=\"twitter:creator\" content=\"@sonoraenequipo\" \/>\n<meta name=\"twitter:site\" content=\"@sonoraenequipo\" \/>\n<meta name=\"twitter:label1\" content=\"Escrito por\" \/>\n\t<meta name=\"twitter:data1\" content=\"enequipo\" \/>\n\t<meta name=\"twitter:label2\" content=\"Tiempo de lectura\" \/>\n\t<meta name=\"twitter:data2\" content=\"3 minutos\" \/>\n<script type=\"application\/ld+json\" class=\"yoast-schema-graph\">{\"@context\":\"https:\/\/schema.org\",\"@graph\":[{\"@type\":\"Article\",\"@id\":\"https:\/\/www.sonoraenequipo.com.mx\/reyes-heroles-quiere-demandar-al-presidente-de-mexico\/#article\",\"isPartOf\":{\"@id\":\"https:\/\/www.sonoraenequipo.com.mx\/reyes-heroles-quiere-demandar-al-presidente-de-mexico\/\"},\"author\":{\"name\":\"enequipo\",\"@id\":\"https:\/\/www.sonoraenequipo.com.mx\/#\/schema\/person\/50102df0fb23a8fa9e8effad8fa81386\"},\"headline\":\"Reyes Heroles quiere demandar al Presidente de M\u00e9xico\",\"datePublished\":\"2019-02-13T14:54:25+00:00\",\"dateModified\":\"2019-02-13T16:00:45+00:00\",\"mainEntityOfPage\":{\"@id\":\"https:\/\/www.sonoraenequipo.com.mx\/reyes-heroles-quiere-demandar-al-presidente-de-mexico\/\"},\"wordCount\":676,\"commentCount\":0,\"publisher\":{\"@id\":\"https:\/\/www.sonoraenequipo.com.mx\/#organization\"},\"image\":{\"@id\":\"https:\/\/www.sonoraenequipo.com.mx\/reyes-heroles-quiere-demandar-al-presidente-de-mexico\/#primaryimage\"},\"thumbnailUrl\":\"https:\/\/www.sonoraenequipo.com.mx\/storage\/2019\/02\/Jesus-Reyes-Heroles_opt.jpg\",\"articleSection\":[\"Rep\u00fablica\"],\"inLanguage\":\"es\",\"potentialAction\":[{\"@type\":\"CommentAction\",\"name\":\"Comment\",\"target\":[\"https:\/\/www.sonoraenequipo.com.mx\/reyes-heroles-quiere-demandar-al-presidente-de-mexico\/#respond\"]}]},{\"@type\":\"WebPage\",\"@id\":\"https:\/\/www.sonoraenequipo.com.mx\/reyes-heroles-quiere-demandar-al-presidente-de-mexico\/\",\"url\":\"https:\/\/www.sonoraenequipo.com.mx\/reyes-heroles-quiere-demandar-al-presidente-de-mexico\/\",\"name\":\"Sonora en Equipo. Reyes Heroles quiere demandar al Presidente de M\u00e9xico Rep\u00fablica\",\"isPartOf\":{\"@id\":\"https:\/\/www.sonoraenequipo.com.mx\/#website\"},\"primaryImageOfPage\":{\"@id\":\"https:\/\/www.sonoraenequipo.com.mx\/reyes-heroles-quiere-demandar-al-presidente-de-mexico\/#primaryimage\"},\"image\":{\"@id\":\"https:\/\/www.sonoraenequipo.com.mx\/reyes-heroles-quiere-demandar-al-presidente-de-mexico\/#primaryimage\"},\"thumbnailUrl\":\"https:\/\/www.sonoraenequipo.com.mx\/storage\/2019\/02\/Jesus-Reyes-Heroles_opt.jpg\",\"datePublished\":\"2019-02-13T14:54:25+00:00\",\"dateModified\":\"2019-02-13T16:00:45+00:00\",\"description\":\"CIUDAD DE M\u00c9XICO. MX. \u2014 Jes\u00fas Reyes Heroles Gonz\u00e1lez Garza amenaz\u00f3 este martes con presentar una demanda civil por difamaci\u00f3n contra los se\u00f1alamientos En Sonora en Equipo publicamos toda la informaci\u00f3n de Sonora, M\u00e9xico y el Mundo de manera oportuna y busca que la libertad de expresi\u00f3n sea real. Visita nuestro medio informativo publicado desde Hermosillo, Sonora. %\",\"breadcrumb\":{\"@id\":\"https:\/\/www.sonoraenequipo.com.mx\/reyes-heroles-quiere-demandar-al-presidente-de-mexico\/#breadcrumb\"},\"inLanguage\":\"es\",\"potentialAction\":[{\"@type\":\"ReadAction\",\"target\":[\"https:\/\/www.sonoraenequipo.com.mx\/reyes-heroles-quiere-demandar-al-presidente-de-mexico\/\"]}]},{\"@type\":\"ImageObject\",\"inLanguage\":\"es\",\"@id\":\"https:\/\/www.sonoraenequipo.com.mx\/reyes-heroles-quiere-demandar-al-presidente-de-mexico\/#primaryimage\",\"url\":\"https:\/\/www.sonoraenequipo.com.mx\/storage\/2019\/02\/Jesus-Reyes-Heroles_opt.jpg\",\"contentUrl\":\"https:\/\/www.sonoraenequipo.com.mx\/storage\/2019\/02\/Jesus-Reyes-Heroles_opt.jpg\",\"width\":600,\"height\":400},{\"@type\":\"BreadcrumbList\",\"@id\":\"https:\/\/www.sonoraenequipo.com.mx\/reyes-heroles-quiere-demandar-al-presidente-de-mexico\/#breadcrumb\",\"itemListElement\":[{\"@type\":\"ListItem\",\"position\":1,\"name\":\"Portada\",\"item\":\"https:\/\/www.sonoraenequipo.com.mx\/\"},{\"@type\":\"ListItem\",\"position\":2,\"name\":\"Reyes Heroles quiere demandar al Presidente de M\u00e9xico\"}]},{\"@type\":\"WebSite\",\"@id\":\"https:\/\/www.sonoraenequipo.com.mx\/#website\",\"url\":\"https:\/\/www.sonoraenequipo.com.mx\/\",\"name\":\"Sonora en Equipo.\",\"description\":\"Diario en l\u00ednea con Noticias desde Hermosillo, Sonora\",\"publisher\":{\"@id\":\"https:\/\/www.sonoraenequipo.com.mx\/#organization\"},\"potentialAction\":[{\"@type\":\"SearchAction\",\"target\":{\"@type\":\"EntryPoint\",\"urlTemplate\":\"https:\/\/www.sonoraenequipo.com.mx\/?s={search_term_string}\"},\"query-input\":{\"@type\":\"PropertyValueSpecification\",\"valueRequired\":true,\"valueName\":\"search_term_string\"}}],\"inLanguage\":\"es\"},{\"@type\":\"Organization\",\"@id\":\"https:\/\/www.sonoraenequipo.com.mx\/#organization\",\"name\":\"Sonoraenequipo.com.mx\",\"url\":\"https:\/\/www.sonoraenequipo.com.mx\/\",\"logo\":{\"@type\":\"ImageObject\",\"inLanguage\":\"es\",\"@id\":\"https:\/\/www.sonoraenequipo.com.mx\/#\/schema\/logo\/image\/\",\"url\":\"https:\/\/www.sonoraenequipo.com.mx\/storage\/2019\/01\/sonoraenequipo_opt.png\",\"contentUrl\":\"https:\/\/www.sonoraenequipo.com.mx\/storage\/2019\/01\/sonoraenequipo_opt.png\",\"width\":375,\"height\":125,\"caption\":\"Sonoraenequipo.com.mx\"},\"image\":{\"@id\":\"https:\/\/www.sonoraenequipo.com.mx\/#\/schema\/logo\/image\/\"},\"sameAs\":[\"https:\/\/www.facebook.com\/SonoraEE\/\",\"https:\/\/x.com\/sonoraenequipo\",\"https:\/\/www.youtube.com\/channel\/UC338nW-lPEYmJQs4ZABQ1SQ\"]},{\"@type\":\"Person\",\"@id\":\"https:\/\/www.sonoraenequipo.com.mx\/#\/schema\/person\/50102df0fb23a8fa9e8effad8fa81386\",\"name\":\"enequipo\",\"image\":{\"@type\":\"ImageObject\",\"inLanguage\":\"es\",\"@id\":\"https:\/\/www.sonoraenequipo.com.mx\/#\/schema\/person\/image\/\",\"url\":\"https:\/\/secure.gravatar.com\/avatar\/049821681b589dabc0bc20695993ccebb09f5b5d4d790cd9251b97faac7c652b?s=96&d=blank&r=g\",\"contentUrl\":\"https:\/\/secure.gravatar.com\/avatar\/049821681b589dabc0bc20695993ccebb09f5b5d4d790cd9251b97faac7c652b?s=96&d=blank&r=g\",\"caption\":\"enequipo\"},\"sameAs\":[\"https:\/\/www.facebook.com\/SonoraEE\"]}]}<\/script>\n ","yoast_head_json":{"title":"Sonora en Equipo. Reyes Heroles quiere demandar al Presidente de M\u00e9xico Rep\u00fablica","description":"CIUDAD DE M\u00c9XICO. MX. \u2014 Jes\u00fas Reyes Heroles Gonz\u00e1lez Garza amenaz\u00f3 este martes con presentar una demanda civil por difamaci\u00f3n contra los se\u00f1alamientos En Sonora en Equipo publicamos toda la informaci\u00f3n de Sonora, M\u00e9xico y el Mundo de manera oportuna y busca que la libertad de expresi\u00f3n sea real. Visita nuestro medio informativo publicado desde Hermosillo, Sonora. %","robots":{"index":"index","follow":"follow","max-snippet":"max-snippet:-1","max-image-preview":"max-image-preview:large","max-video-preview":"max-video-preview:-1"},"canonical":"https:\/\/www.sonoraenequipo.com.mx\/reyes-heroles-quiere-demandar-al-presidente-de-mexico\/","og_locale":"es_ES","og_type":"article","og_title":"Sonora en Equipo. Reyes Heroles quiere demandar al Presidente de M\u00e9xico Rep\u00fablica","og_description":"CIUDAD DE M\u00c9XICO. MX. \u2014 Jes\u00fas Reyes Heroles Gonz\u00e1lez Garza amenaz\u00f3 este martes con presentar una demanda civil por difamaci\u00f3n contra los se\u00f1alamientos En Sonora en Equipo publicamos toda la informaci\u00f3n de Sonora, M\u00e9xico y el Mundo de manera oportuna y busca que la libertad de expresi\u00f3n sea real. Visita nuestro medio informativo publicado desde Hermosillo, Sonora. %","og_url":"https:\/\/www.sonoraenequipo.com.mx\/reyes-heroles-quiere-demandar-al-presidente-de-mexico\/","og_site_name":"Sonora en Equipo.","article_publisher":"https:\/\/www.facebook.com\/SonoraEE\/","article_author":"https:\/\/www.facebook.com\/SonoraEE","article_published_time":"2019-02-13T14:54:25+00:00","article_modified_time":"2019-02-13T16:00:45+00:00","og_image":[{"width":600,"height":400,"url":"https:\/\/www.sonoraenequipo.com.mx\/storage\/2019\/02\/Jesus-Reyes-Heroles_opt.jpg","type":"image\/jpeg"}],"author":"enequipo","twitter_card":"summary_large_image","twitter_creator":"@sonoraenequipo","twitter_site":"@sonoraenequipo","twitter_misc":{"Escrito por":"enequipo","Tiempo de lectura":"3 minutos"},"schema":{"@context":"https:\/\/schema.org","@graph":[{"@type":"Article","@id":"https:\/\/www.sonoraenequipo.com.mx\/reyes-heroles-quiere-demandar-al-presidente-de-mexico\/#article","isPartOf":{"@id":"https:\/\/www.sonoraenequipo.com.mx\/reyes-heroles-quiere-demandar-al-presidente-de-mexico\/"},"author":{"name":"enequipo","@id":"https:\/\/www.sonoraenequipo.com.mx\/#\/schema\/person\/50102df0fb23a8fa9e8effad8fa81386"},"headline":"Reyes Heroles quiere demandar al Presidente de M\u00e9xico","datePublished":"2019-02-13T14:54:25+00:00","dateModified":"2019-02-13T16:00:45+00:00","mainEntityOfPage":{"@id":"https:\/\/www.sonoraenequipo.com.mx\/reyes-heroles-quiere-demandar-al-presidente-de-mexico\/"},"wordCount":676,"commentCount":0,"publisher":{"@id":"https:\/\/www.sonoraenequipo.com.mx\/#organization"},"image":{"@id":"https:\/\/www.sonoraenequipo.com.mx\/reyes-heroles-quiere-demandar-al-presidente-de-mexico\/#primaryimage"},"thumbnailUrl":"https:\/\/www.sonoraenequipo.com.mx\/storage\/2019\/02\/Jesus-Reyes-Heroles_opt.jpg","articleSection":["Rep\u00fablica"],"inLanguage":"es","potentialAction":[{"@type":"CommentAction","name":"Comment","target":["https:\/\/www.sonoraenequipo.com.mx\/reyes-heroles-quiere-demandar-al-presidente-de-mexico\/#respond"]}]},{"@type":"WebPage","@id":"https:\/\/www.sonoraenequipo.com.mx\/reyes-heroles-quiere-demandar-al-presidente-de-mexico\/","url":"https:\/\/www.sonoraenequipo.com.mx\/reyes-heroles-quiere-demandar-al-presidente-de-mexico\/","name":"Sonora en Equipo. Reyes Heroles quiere demandar al Presidente de M\u00e9xico Rep\u00fablica","isPartOf":{"@id":"https:\/\/www.sonoraenequipo.com.mx\/#website"},"primaryImageOfPage":{"@id":"https:\/\/www.sonoraenequipo.com.mx\/reyes-heroles-quiere-demandar-al-presidente-de-mexico\/#primaryimage"},"image":{"@id":"https:\/\/www.sonoraenequipo.com.mx\/reyes-heroles-quiere-demandar-al-presidente-de-mexico\/#primaryimage"},"thumbnailUrl":"https:\/\/www.sonoraenequipo.com.mx\/storage\/2019\/02\/Jesus-Reyes-Heroles_opt.jpg","datePublished":"2019-02-13T14:54:25+00:00","dateModified":"2019-02-13T16:00:45+00:00","description":"CIUDAD DE M\u00c9XICO. MX. \u2014 Jes\u00fas Reyes Heroles Gonz\u00e1lez Garza amenaz\u00f3 este martes con presentar una demanda civil por difamaci\u00f3n contra los se\u00f1alamientos En Sonora en Equipo publicamos toda la informaci\u00f3n de Sonora, M\u00e9xico y el Mundo de manera oportuna y busca que la libertad de expresi\u00f3n sea real. Visita nuestro medio informativo publicado desde Hermosillo, Sonora. %","breadcrumb":{"@id":"https:\/\/www.sonoraenequipo.com.mx\/reyes-heroles-quiere-demandar-al-presidente-de-mexico\/#breadcrumb"},"inLanguage":"es","potentialAction":[{"@type":"ReadAction","target":["https:\/\/www.sonoraenequipo.com.mx\/reyes-heroles-quiere-demandar-al-presidente-de-mexico\/"]}]},{"@type":"ImageObject","inLanguage":"es","@id":"https:\/\/www.sonoraenequipo.com.mx\/reyes-heroles-quiere-demandar-al-presidente-de-mexico\/#primaryimage","url":"https:\/\/www.sonoraenequipo.com.mx\/storage\/2019\/02\/Jesus-Reyes-Heroles_opt.jpg","contentUrl":"https:\/\/www.sonoraenequipo.com.mx\/storage\/2019\/02\/Jesus-Reyes-Heroles_opt.jpg","width":600,"height":400},{"@type":"BreadcrumbList","@id":"https:\/\/www.sonoraenequipo.com.mx\/reyes-heroles-quiere-demandar-al-presidente-de-mexico\/#breadcrumb","itemListElement":[{"@type":"ListItem","position":1,"name":"Portada","item":"https:\/\/www.sonoraenequipo.com.mx\/"},{"@type":"ListItem","position":2,"name":"Reyes Heroles quiere demandar al Presidente de M\u00e9xico"}]},{"@type":"WebSite","@id":"https:\/\/www.sonoraenequipo.com.mx\/#website","url":"https:\/\/www.sonoraenequipo.com.mx\/","name":"Sonora en Equipo.","description":"Diario en l\u00ednea con Noticias desde Hermosillo, Sonora","publisher":{"@id":"https:\/\/www.sonoraenequipo.com.mx\/#organization"},"potentialAction":[{"@type":"SearchAction","target":{"@type":"EntryPoint","urlTemplate":"https:\/\/www.sonoraenequipo.com.mx\/?s={search_term_string}"},"query-input":{"@type":"PropertyValueSpecification","valueRequired":true,"valueName":"search_term_string"}}],"inLanguage":"es"},{"@type":"Organization","@id":"https:\/\/www.sonoraenequipo.com.mx\/#organization","name":"Sonoraenequipo.com.mx","url":"https:\/\/www.sonoraenequipo.com.mx\/","logo":{"@type":"ImageObject","inLanguage":"es","@id":"https:\/\/www.sonoraenequipo.com.mx\/#\/schema\/logo\/image\/","url":"https:\/\/www.sonoraenequipo.com.mx\/storage\/2019\/01\/sonoraenequipo_opt.png","contentUrl":"https:\/\/www.sonoraenequipo.com.mx\/storage\/2019\/01\/sonoraenequipo_opt.png","width":375,"height":125,"caption":"Sonoraenequipo.com.mx"},"image":{"@id":"https:\/\/www.sonoraenequipo.com.mx\/#\/schema\/logo\/image\/"},"sameAs":["https:\/\/www.facebook.com\/SonoraEE\/","https:\/\/x.com\/sonoraenequipo","https:\/\/www.youtube.com\/channel\/UC338nW-lPEYmJQs4ZABQ1SQ"]},{"@type":"Person","@id":"https:\/\/www.sonoraenequipo.com.mx\/#\/schema\/person\/50102df0fb23a8fa9e8effad8fa81386","name":"enequipo","image":{"@type":"ImageObject","inLanguage":"es","@id":"https:\/\/www.sonoraenequipo.com.mx\/#\/schema\/person\/image\/","url":"https:\/\/secure.gravatar.com\/avatar\/049821681b589dabc0bc20695993ccebb09f5b5d4d790cd9251b97faac7c652b?s=96&d=blank&r=g","contentUrl":"https:\/\/secure.gravatar.com\/avatar\/049821681b589dabc0bc20695993ccebb09f5b5d4d790cd9251b97faac7c652b?s=96&d=blank&r=g","caption":"enequipo"},"sameAs":["https:\/\/www.facebook.com\/SonoraEE"]}]}},"jetpack_featured_media_url":"https:\/\/www.sonoraenequipo.com.mx\/storage\/2019\/02\/Jesus-Reyes-Heroles_opt.jpg","_links":{"self":[{"href":"https:\/\/www.sonoraenequipo.com.mx\/api\/wp\/v2\/posts\/53925","targetHints":{"allow":["GET"]}}],"collection":[{"href":"https:\/\/www.sonoraenequipo.com.mx\/api\/wp\/v2\/posts"}],"about":[{"href":"https:\/\/www.sonoraenequipo.com.mx\/api\/wp\/v2\/types\/post"}],"author":[{"embeddable":true,"href":"https:\/\/www.sonoraenequipo.com.mx\/api\/wp\/v2\/users\/1"}],"replies":[{"embeddable":true,"href":"https:\/\/www.sonoraenequipo.com.mx\/api\/wp\/v2\/comments?post=53925"}],"version-history":[{"count":0,"href":"https:\/\/www.sonoraenequipo.com.mx\/api\/wp\/v2\/posts\/53925\/revisions"}],"wp:featuredmedia":[{"embeddable":true,"href":"https:\/\/www.sonoraenequipo.com.mx\/api\/wp\/v2\/media\/53919"}],"wp:attachment":[{"href":"https:\/\/www.sonoraenequipo.com.mx\/api\/wp\/v2\/media?parent=53925"}],"wp:term":[{"taxonomy":"category","embeddable":true,"href":"https:\/\/www.sonoraenequipo.com.mx\/api\/wp\/v2\/categories?post=53925"},{"taxonomy":"post_tag","embeddable":true,"href":"https:\/\/www.sonoraenequipo.com.mx\/api\/wp\/v2\/tags?post=53925"}],"curies":[{"name":"wp","href":"https:\/\/api.w.org\/{rel}","templated":true}]}}