{"id":54411,"date":"2019-02-20T17:26:31","date_gmt":"2019-02-21T00:26:31","guid":{"rendered":"http:\/\/www.sonoraenequipo.com.mx\/?p=54411"},"modified":"2019-02-20T19:16:12","modified_gmt":"2019-02-21T02:16:12","slug":"asume-titular-de-coves-la-secretaria-de-las-comisiones-consultivas-regionales-de-infonavit-en-sonora","status":"publish","type":"post","link":"https:\/\/www.sonoraenequipo.com.mx\/asume-titular-de-coves-la-secretaria-de-las-comisiones-consultivas-regionales-de-infonavit-en-sonora\/","title":{"rendered":"Asume titular de Coves nueva funci\u00f3n en Infonavit Sonora"},"content":{"rendered":"<p>HERMOSILLO, SONORA.MX. \u2014 Para coordinar las acciones que dignifiquen la vivienda del sector trabajador en la entidad, Elia Sallard Hern\u00e1ndez fue nombrada secretaria de las Comisiones Consultivas Regionales (CCR) del Instituto del Fondo Nacional de la Vivienda para los Trabajadores (Infonavit), en Sonora. <\/p>\n<p>En sesi\u00f3n ordinaria de la asamblea de la CCR, la directora general de la Comisi\u00f3n de Vivienda del Estado de Sonora (Coves), fue aprobada de forma un\u00e1nime para presidir dichas comisiones en el periodo 2019-2020.<\/p>\n<p>La funcionaria estatal detall\u00f3 que la CCR en Sonora est\u00e1 integrada por tres sectores: el empresarial, que lo conforma Canadevi, Coparmex, CMIC, Canaco y Canacintra; el trabajador, por CTM y CROC; as\u00ed como el de gobierno, por Infonavit, Sedatu, Ayuntamiento de Hermosillo y Gobierno del Estado, en este caso a trav\u00e9s de Coves.<\/p>\n<p><em>\u201cLa gobernadora (Pavlovich) nos ha hecho la recomendaci\u00f3n de que vigilemos perfectamente todo lo relacionado con leyes, con normas, con todo lo que tenga que ver que la persona y que las familias tengan una vivienda digna\u201d,<\/em> afirm\u00f3.<\/p>\n<p>Con la participaci\u00f3n del Gobierno del Estado, a trav\u00e9s de la Coves, se\u00f1al\u00f3 Sallard Hern\u00e1ndez, se tiene la certeza de que se trabaja en la revisi\u00f3n de leyes y cambios a nivel federal, sean con el prop\u00f3sito de beneficiar a las familias sonorenses con una vivienda digna.<\/p>\n<p>La directora general de la Coves precis\u00f3 que la CCR contribuye al cumplimiento de los programas del Infonavit para que la clase trabajadora tenga mejores servicios en los procesos de adquisici\u00f3n de vivienda y de calidad en las obras que adquieren.<\/p>\n<p>Publicada 20\/02\/2019<\/p>\n","protected":false},"excerpt":{"rendered":"<p>HERMOSILLO, SONORA.MX. \u2014 Para coordinar las acciones que dignifiquen la vivienda del sector trabajador en&#8230;<\/p>\n","protected":false},"author":1,"featured_media":54417,"comment_status":"open","ping_status":"open","sticky":false,"template":"","format":"standard","meta":{"_monsterinsights_skip_tracking":false,"_monsterinsights_sitenote_active":false,"_monsterinsights_sitenote_note":"","_monsterinsights_sitenote_category":0,"footnotes":""},"categories":[22],"tags":[],"class_list":["post"],"yoast_head":" \n<title>Sonora en Equipo. Asume titular de Coves nueva funci\u00f3n en Infonavit Sonora Sonora<\/title>\n<meta name=\"description\" content=\"HERMOSILLO, SONORA.MX. \u2014 Para coordinar las acciones que dignifiquen la vivienda del sector trabajador en la entidad, Elia Sallard Hern\u00e1ndez fue nombrada En Sonora en Equipo publicamos toda la informaci\u00f3n de Sonora, M\u00e9xico y el Mundo de manera oportuna y busca que la libertad de expresi\u00f3n sea real. Visita nuestro medio informativo publicado desde Hermosillo, Sonora. %\" \/>\n<meta name=\"robots\" content=\"index, follow, max-snippet:-1, max-image-preview:large, max-video-preview:-1\" \/>\n<link rel=\"canonical\" href=\"https:\/\/www.sonoraenequipo.com.mx\/asume-titular-de-coves-la-secretaria-de-las-comisiones-consultivas-regionales-de-infonavit-en-sonora\/\" \/>\n<meta property=\"og:locale\" content=\"es_ES\" \/>\n<meta property=\"og:type\" content=\"article\" \/>\n<meta property=\"og:title\" content=\"Sonora en Equipo. Asume titular de Coves nueva funci\u00f3n en Infonavit Sonora Sonora\" \/>\n<meta property=\"og:description\" content=\"HERMOSILLO, SONORA.MX. \u2014 Para coordinar las acciones que dignifiquen la vivienda del sector trabajador en la entidad, Elia Sallard Hern\u00e1ndez fue nombrada En Sonora en Equipo publicamos toda la informaci\u00f3n de Sonora, M\u00e9xico y el Mundo de manera oportuna y busca que la libertad de expresi\u00f3n sea real. Visita nuestro medio informativo publicado desde Hermosillo, Sonora. %\" \/>\n<meta property=\"og:url\" content=\"https:\/\/www.sonoraenequipo.com.mx\/asume-titular-de-coves-la-secretaria-de-las-comisiones-consultivas-regionales-de-infonavit-en-sonora\/\" \/>\n<meta property=\"og:site_name\" content=\"Sonora en Equipo.\" \/>\n<meta property=\"article:publisher\" content=\"https:\/\/www.facebook.com\/SonoraEE\/\" \/>\n<meta property=\"article:author\" content=\"https:\/\/www.facebook.com\/SonoraEE\" \/>\n<meta property=\"article:published_time\" content=\"2019-02-21T00:26:31+00:00\" \/>\n<meta property=\"article:modified_time\" content=\"2019-02-21T02:16:12+00:00\" \/>\n<meta property=\"og:image\" content=\"https:\/\/www.sonoraenequipo.com.mx\/storage\/2019\/02\/coves-comisionesconsultivasdeinfonavit_opt.jpg\" \/>\n\t<meta property=\"og:image:width\" content=\"623\" \/>\n\t<meta property=\"og:image:height\" content=\"400\" \/>\n\t<meta property=\"og:image:type\" content=\"image\/jpeg\" \/>\n<meta name=\"author\" content=\"enequipo\" \/>\n<meta name=\"twitter:card\" content=\"summary_large_image\" \/>\n<meta name=\"twitter:creator\" content=\"@sonoraenequipo\" \/>\n<meta name=\"twitter:site\" content=\"@sonoraenequipo\" \/>\n<meta name=\"twitter:label1\" content=\"Escrito por\" \/>\n\t<meta name=\"twitter:data1\" content=\"enequipo\" \/>\n\t<meta name=\"twitter:label2\" content=\"Tiempo de lectura\" \/>\n\t<meta name=\"twitter:data2\" content=\"1 minuto\" \/>\n<script type=\"application\/ld+json\" class=\"yoast-schema-graph\">{\"@context\":\"https:\/\/schema.org\",\"@graph\":[{\"@type\":\"Article\",\"@id\":\"https:\/\/www.sonoraenequipo.com.mx\/asume-titular-de-coves-la-secretaria-de-las-comisiones-consultivas-regionales-de-infonavit-en-sonora\/#article\",\"isPartOf\":{\"@id\":\"https:\/\/www.sonoraenequipo.com.mx\/asume-titular-de-coves-la-secretaria-de-las-comisiones-consultivas-regionales-de-infonavit-en-sonora\/\"},\"author\":{\"name\":\"enequipo\",\"@id\":\"https:\/\/www.sonoraenequipo.com.mx\/#\/schema\/person\/50102df0fb23a8fa9e8effad8fa81386\"},\"headline\":\"Asume titular de Coves nueva funci\u00f3n en Infonavit Sonora\",\"datePublished\":\"2019-02-21T00:26:31+00:00\",\"dateModified\":\"2019-02-21T02:16:12+00:00\",\"mainEntityOfPage\":{\"@id\":\"https:\/\/www.sonoraenequipo.com.mx\/asume-titular-de-coves-la-secretaria-de-las-comisiones-consultivas-regionales-de-infonavit-en-sonora\/\"},\"wordCount\":281,\"commentCount\":0,\"publisher\":{\"@id\":\"https:\/\/www.sonoraenequipo.com.mx\/#organization\"},\"image\":{\"@id\":\"https:\/\/www.sonoraenequipo.com.mx\/asume-titular-de-coves-la-secretaria-de-las-comisiones-consultivas-regionales-de-infonavit-en-sonora\/#primaryimage\"},\"thumbnailUrl\":\"https:\/\/www.sonoraenequipo.com.mx\/storage\/2019\/02\/coves-comisionesconsultivasdeinfonavit_opt.jpg\",\"articleSection\":[\"Sonora\"],\"inLanguage\":\"es\",\"potentialAction\":[{\"@type\":\"CommentAction\",\"name\":\"Comment\",\"target\":[\"https:\/\/www.sonoraenequipo.com.mx\/asume-titular-de-coves-la-secretaria-de-las-comisiones-consultivas-regionales-de-infonavit-en-sonora\/#respond\"]}]},{\"@type\":\"WebPage\",\"@id\":\"https:\/\/www.sonoraenequipo.com.mx\/asume-titular-de-coves-la-secretaria-de-las-comisiones-consultivas-regionales-de-infonavit-en-sonora\/\",\"url\":\"https:\/\/www.sonoraenequipo.com.mx\/asume-titular-de-coves-la-secretaria-de-las-comisiones-consultivas-regionales-de-infonavit-en-sonora\/\",\"name\":\"Sonora en Equipo. Asume titular de Coves nueva funci\u00f3n en Infonavit Sonora Sonora\",\"isPartOf\":{\"@id\":\"https:\/\/www.sonoraenequipo.com.mx\/#website\"},\"primaryImageOfPage\":{\"@id\":\"https:\/\/www.sonoraenequipo.com.mx\/asume-titular-de-coves-la-secretaria-de-las-comisiones-consultivas-regionales-de-infonavit-en-sonora\/#primaryimage\"},\"image\":{\"@id\":\"https:\/\/www.sonoraenequipo.com.mx\/asume-titular-de-coves-la-secretaria-de-las-comisiones-consultivas-regionales-de-infonavit-en-sonora\/#primaryimage\"},\"thumbnailUrl\":\"https:\/\/www.sonoraenequipo.com.mx\/storage\/2019\/02\/coves-comisionesconsultivasdeinfonavit_opt.jpg\",\"datePublished\":\"2019-02-21T00:26:31+00:00\",\"dateModified\":\"2019-02-21T02:16:12+00:00\",\"description\":\"HERMOSILLO, SONORA.MX. \u2014 Para coordinar las acciones que dignifiquen la vivienda del sector trabajador en la entidad, Elia Sallard Hern\u00e1ndez fue nombrada En Sonora en Equipo publicamos toda la informaci\u00f3n de Sonora, M\u00e9xico y el Mundo de manera oportuna y busca que la libertad de expresi\u00f3n sea real. Visita nuestro medio informativo publicado desde Hermosillo, Sonora. %\",\"breadcrumb\":{\"@id\":\"https:\/\/www.sonoraenequipo.com.mx\/asume-titular-de-coves-la-secretaria-de-las-comisiones-consultivas-regionales-de-infonavit-en-sonora\/#breadcrumb\"},\"inLanguage\":\"es\",\"potentialAction\":[{\"@type\":\"ReadAction\",\"target\":[\"https:\/\/www.sonoraenequipo.com.mx\/asume-titular-de-coves-la-secretaria-de-las-comisiones-consultivas-regionales-de-infonavit-en-sonora\/\"]}]},{\"@type\":\"ImageObject\",\"inLanguage\":\"es\",\"@id\":\"https:\/\/www.sonoraenequipo.com.mx\/asume-titular-de-coves-la-secretaria-de-las-comisiones-consultivas-regionales-de-infonavit-en-sonora\/#primaryimage\",\"url\":\"https:\/\/www.sonoraenequipo.com.mx\/storage\/2019\/02\/coves-comisionesconsultivasdeinfonavit_opt.jpg\",\"contentUrl\":\"https:\/\/www.sonoraenequipo.com.mx\/storage\/2019\/02\/coves-comisionesconsultivasdeinfonavit_opt.jpg\",\"width\":623,\"height\":400},{\"@type\":\"BreadcrumbList\",\"@id\":\"https:\/\/www.sonoraenequipo.com.mx\/asume-titular-de-coves-la-secretaria-de-las-comisiones-consultivas-regionales-de-infonavit-en-sonora\/#breadcrumb\",\"itemListElement\":[{\"@type\":\"ListItem\",\"position\":1,\"name\":\"Portada\",\"item\":\"https:\/\/www.sonoraenequipo.com.mx\/\"},{\"@type\":\"ListItem\",\"position\":2,\"name\":\"Asume titular de Coves nueva funci\u00f3n en Infonavit Sonora\"}]},{\"@type\":\"WebSite\",\"@id\":\"https:\/\/www.sonoraenequipo.com.mx\/#website\",\"url\":\"https:\/\/www.sonoraenequipo.com.mx\/\",\"name\":\"Sonora en Equipo.\",\"description\":\"Diario en l\u00ednea con Noticias desde Hermosillo, Sonora\",\"publisher\":{\"@id\":\"https:\/\/www.sonoraenequipo.com.mx\/#organization\"},\"potentialAction\":[{\"@type\":\"SearchAction\",\"target\":{\"@type\":\"EntryPoint\",\"urlTemplate\":\"https:\/\/www.sonoraenequipo.com.mx\/?s={search_term_string}\"},\"query-input\":{\"@type\":\"PropertyValueSpecification\",\"valueRequired\":true,\"valueName\":\"search_term_string\"}}],\"inLanguage\":\"es\"},{\"@type\":\"Organization\",\"@id\":\"https:\/\/www.sonoraenequipo.com.mx\/#organization\",\"name\":\"Sonoraenequipo.com.mx\",\"url\":\"https:\/\/www.sonoraenequipo.com.mx\/\",\"logo\":{\"@type\":\"ImageObject\",\"inLanguage\":\"es\",\"@id\":\"https:\/\/www.sonoraenequipo.com.mx\/#\/schema\/logo\/image\/\",\"url\":\"https:\/\/www.sonoraenequipo.com.mx\/storage\/2019\/01\/sonoraenequipo_opt.png\",\"contentUrl\":\"https:\/\/www.sonoraenequipo.com.mx\/storage\/2019\/01\/sonoraenequipo_opt.png\",\"width\":375,\"height\":125,\"caption\":\"Sonoraenequipo.com.mx\"},\"image\":{\"@id\":\"https:\/\/www.sonoraenequipo.com.mx\/#\/schema\/logo\/image\/\"},\"sameAs\":[\"https:\/\/www.facebook.com\/SonoraEE\/\",\"https:\/\/x.com\/sonoraenequipo\",\"https:\/\/www.youtube.com\/channel\/UC338nW-lPEYmJQs4ZABQ1SQ\"]},{\"@type\":\"Person\",\"@id\":\"https:\/\/www.sonoraenequipo.com.mx\/#\/schema\/person\/50102df0fb23a8fa9e8effad8fa81386\",\"name\":\"enequipo\",\"image\":{\"@type\":\"ImageObject\",\"inLanguage\":\"es\",\"@id\":\"https:\/\/www.sonoraenequipo.com.mx\/#\/schema\/person\/image\/\",\"url\":\"https:\/\/secure.gravatar.com\/avatar\/049821681b589dabc0bc20695993ccebb09f5b5d4d790cd9251b97faac7c652b?s=96&d=blank&r=g\",\"contentUrl\":\"https:\/\/secure.gravatar.com\/avatar\/049821681b589dabc0bc20695993ccebb09f5b5d4d790cd9251b97faac7c652b?s=96&d=blank&r=g\",\"caption\":\"enequipo\"},\"sameAs\":[\"https:\/\/www.facebook.com\/SonoraEE\"]}]}<\/script>\n ","yoast_head_json":{"title":"Sonora en Equipo. Asume titular de Coves nueva funci\u00f3n en Infonavit Sonora Sonora","description":"HERMOSILLO, SONORA.MX. \u2014 Para coordinar las acciones que dignifiquen la vivienda del sector trabajador en la entidad, Elia Sallard Hern\u00e1ndez fue nombrada En Sonora en Equipo publicamos toda la informaci\u00f3n de Sonora, M\u00e9xico y el Mundo de manera oportuna y busca que la libertad de expresi\u00f3n sea real. Visita nuestro medio informativo publicado desde Hermosillo, Sonora. %","robots":{"index":"index","follow":"follow","max-snippet":"max-snippet:-1","max-image-preview":"max-image-preview:large","max-video-preview":"max-video-preview:-1"},"canonical":"https:\/\/www.sonoraenequipo.com.mx\/asume-titular-de-coves-la-secretaria-de-las-comisiones-consultivas-regionales-de-infonavit-en-sonora\/","og_locale":"es_ES","og_type":"article","og_title":"Sonora en Equipo. Asume titular de Coves nueva funci\u00f3n en Infonavit Sonora Sonora","og_description":"HERMOSILLO, SONORA.MX. \u2014 Para coordinar las acciones que dignifiquen la vivienda del sector trabajador en la entidad, Elia Sallard Hern\u00e1ndez fue nombrada En Sonora en Equipo publicamos toda la informaci\u00f3n de Sonora, M\u00e9xico y el Mundo de manera oportuna y busca que la libertad de expresi\u00f3n sea real. Visita nuestro medio informativo publicado desde Hermosillo, Sonora. %","og_url":"https:\/\/www.sonoraenequipo.com.mx\/asume-titular-de-coves-la-secretaria-de-las-comisiones-consultivas-regionales-de-infonavit-en-sonora\/","og_site_name":"Sonora en Equipo.","article_publisher":"https:\/\/www.facebook.com\/SonoraEE\/","article_author":"https:\/\/www.facebook.com\/SonoraEE","article_published_time":"2019-02-21T00:26:31+00:00","article_modified_time":"2019-02-21T02:16:12+00:00","og_image":[{"width":623,"height":400,"url":"https:\/\/www.sonoraenequipo.com.mx\/storage\/2019\/02\/coves-comisionesconsultivasdeinfonavit_opt.jpg","type":"image\/jpeg"}],"author":"enequipo","twitter_card":"summary_large_image","twitter_creator":"@sonoraenequipo","twitter_site":"@sonoraenequipo","twitter_misc":{"Escrito por":"enequipo","Tiempo de lectura":"1 minuto"},"schema":{"@context":"https:\/\/schema.org","@graph":[{"@type":"Article","@id":"https:\/\/www.sonoraenequipo.com.mx\/asume-titular-de-coves-la-secretaria-de-las-comisiones-consultivas-regionales-de-infonavit-en-sonora\/#article","isPartOf":{"@id":"https:\/\/www.sonoraenequipo.com.mx\/asume-titular-de-coves-la-secretaria-de-las-comisiones-consultivas-regionales-de-infonavit-en-sonora\/"},"author":{"name":"enequipo","@id":"https:\/\/www.sonoraenequipo.com.mx\/#\/schema\/person\/50102df0fb23a8fa9e8effad8fa81386"},"headline":"Asume titular de Coves nueva funci\u00f3n en Infonavit Sonora","datePublished":"2019-02-21T00:26:31+00:00","dateModified":"2019-02-21T02:16:12+00:00","mainEntityOfPage":{"@id":"https:\/\/www.sonoraenequipo.com.mx\/asume-titular-de-coves-la-secretaria-de-las-comisiones-consultivas-regionales-de-infonavit-en-sonora\/"},"wordCount":281,"commentCount":0,"publisher":{"@id":"https:\/\/www.sonoraenequipo.com.mx\/#organization"},"image":{"@id":"https:\/\/www.sonoraenequipo.com.mx\/asume-titular-de-coves-la-secretaria-de-las-comisiones-consultivas-regionales-de-infonavit-en-sonora\/#primaryimage"},"thumbnailUrl":"https:\/\/www.sonoraenequipo.com.mx\/storage\/2019\/02\/coves-comisionesconsultivasdeinfonavit_opt.jpg","articleSection":["Sonora"],"inLanguage":"es","potentialAction":[{"@type":"CommentAction","name":"Comment","target":["https:\/\/www.sonoraenequipo.com.mx\/asume-titular-de-coves-la-secretaria-de-las-comisiones-consultivas-regionales-de-infonavit-en-sonora\/#respond"]}]},{"@type":"WebPage","@id":"https:\/\/www.sonoraenequipo.com.mx\/asume-titular-de-coves-la-secretaria-de-las-comisiones-consultivas-regionales-de-infonavit-en-sonora\/","url":"https:\/\/www.sonoraenequipo.com.mx\/asume-titular-de-coves-la-secretaria-de-las-comisiones-consultivas-regionales-de-infonavit-en-sonora\/","name":"Sonora en Equipo. Asume titular de Coves nueva funci\u00f3n en Infonavit Sonora Sonora","isPartOf":{"@id":"https:\/\/www.sonoraenequipo.com.mx\/#website"},"primaryImageOfPage":{"@id":"https:\/\/www.sonoraenequipo.com.mx\/asume-titular-de-coves-la-secretaria-de-las-comisiones-consultivas-regionales-de-infonavit-en-sonora\/#primaryimage"},"image":{"@id":"https:\/\/www.sonoraenequipo.com.mx\/asume-titular-de-coves-la-secretaria-de-las-comisiones-consultivas-regionales-de-infonavit-en-sonora\/#primaryimage"},"thumbnailUrl":"https:\/\/www.sonoraenequipo.com.mx\/storage\/2019\/02\/coves-comisionesconsultivasdeinfonavit_opt.jpg","datePublished":"2019-02-21T00:26:31+00:00","dateModified":"2019-02-21T02:16:12+00:00","description":"HERMOSILLO, SONORA.MX. \u2014 Para coordinar las acciones que dignifiquen la vivienda del sector trabajador en la entidad, Elia Sallard Hern\u00e1ndez fue nombrada En Sonora en Equipo publicamos toda la informaci\u00f3n de Sonora, M\u00e9xico y el Mundo de manera oportuna y busca que la libertad de expresi\u00f3n sea real. Visita nuestro medio informativo publicado desde Hermosillo, Sonora. %","breadcrumb":{"@id":"https:\/\/www.sonoraenequipo.com.mx\/asume-titular-de-coves-la-secretaria-de-las-comisiones-consultivas-regionales-de-infonavit-en-sonora\/#breadcrumb"},"inLanguage":"es","potentialAction":[{"@type":"ReadAction","target":["https:\/\/www.sonoraenequipo.com.mx\/asume-titular-de-coves-la-secretaria-de-las-comisiones-consultivas-regionales-de-infonavit-en-sonora\/"]}]},{"@type":"ImageObject","inLanguage":"es","@id":"https:\/\/www.sonoraenequipo.com.mx\/asume-titular-de-coves-la-secretaria-de-las-comisiones-consultivas-regionales-de-infonavit-en-sonora\/#primaryimage","url":"https:\/\/www.sonoraenequipo.com.mx\/storage\/2019\/02\/coves-comisionesconsultivasdeinfonavit_opt.jpg","contentUrl":"https:\/\/www.sonoraenequipo.com.mx\/storage\/2019\/02\/coves-comisionesconsultivasdeinfonavit_opt.jpg","width":623,"height":400},{"@type":"BreadcrumbList","@id":"https:\/\/www.sonoraenequipo.com.mx\/asume-titular-de-coves-la-secretaria-de-las-comisiones-consultivas-regionales-de-infonavit-en-sonora\/#breadcrumb","itemListElement":[{"@type":"ListItem","position":1,"name":"Portada","item":"https:\/\/www.sonoraenequipo.com.mx\/"},{"@type":"ListItem","position":2,"name":"Asume titular de Coves nueva funci\u00f3n en Infonavit Sonora"}]},{"@type":"WebSite","@id":"https:\/\/www.sonoraenequipo.com.mx\/#website","url":"https:\/\/www.sonoraenequipo.com.mx\/","name":"Sonora en Equipo.","description":"Diario en l\u00ednea con Noticias desde Hermosillo, Sonora","publisher":{"@id":"https:\/\/www.sonoraenequipo.com.mx\/#organization"},"potentialAction":[{"@type":"SearchAction","target":{"@type":"EntryPoint","urlTemplate":"https:\/\/www.sonoraenequipo.com.mx\/?s={search_term_string}"},"query-input":{"@type":"PropertyValueSpecification","valueRequired":true,"valueName":"search_term_string"}}],"inLanguage":"es"},{"@type":"Organization","@id":"https:\/\/www.sonoraenequipo.com.mx\/#organization","name":"Sonoraenequipo.com.mx","url":"https:\/\/www.sonoraenequipo.com.mx\/","logo":{"@type":"ImageObject","inLanguage":"es","@id":"https:\/\/www.sonoraenequipo.com.mx\/#\/schema\/logo\/image\/","url":"https:\/\/www.sonoraenequipo.com.mx\/storage\/2019\/01\/sonoraenequipo_opt.png","contentUrl":"https:\/\/www.sonoraenequipo.com.mx\/storage\/2019\/01\/sonoraenequipo_opt.png","width":375,"height":125,"caption":"Sonoraenequipo.com.mx"},"image":{"@id":"https:\/\/www.sonoraenequipo.com.mx\/#\/schema\/logo\/image\/"},"sameAs":["https:\/\/www.facebook.com\/SonoraEE\/","https:\/\/x.com\/sonoraenequipo","https:\/\/www.youtube.com\/channel\/UC338nW-lPEYmJQs4ZABQ1SQ"]},{"@type":"Person","@id":"https:\/\/www.sonoraenequipo.com.mx\/#\/schema\/person\/50102df0fb23a8fa9e8effad8fa81386","name":"enequipo","image":{"@type":"ImageObject","inLanguage":"es","@id":"https:\/\/www.sonoraenequipo.com.mx\/#\/schema\/person\/image\/","url":"https:\/\/secure.gravatar.com\/avatar\/049821681b589dabc0bc20695993ccebb09f5b5d4d790cd9251b97faac7c652b?s=96&d=blank&r=g","contentUrl":"https:\/\/secure.gravatar.com\/avatar\/049821681b589dabc0bc20695993ccebb09f5b5d4d790cd9251b97faac7c652b?s=96&d=blank&r=g","caption":"enequipo"},"sameAs":["https:\/\/www.facebook.com\/SonoraEE"]}]}},"jetpack_featured_media_url":"https:\/\/www.sonoraenequipo.com.mx\/storage\/2019\/02\/coves-comisionesconsultivasdeinfonavit_opt.jpg","_links":{"self":[{"href":"https:\/\/www.sonoraenequipo.com.mx\/api\/wp\/v2\/posts\/54411","targetHints":{"allow":["GET"]}}],"collection":[{"href":"https:\/\/www.sonoraenequipo.com.mx\/api\/wp\/v2\/posts"}],"about":[{"href":"https:\/\/www.sonoraenequipo.com.mx\/api\/wp\/v2\/types\/post"}],"author":[{"embeddable":true,"href":"https:\/\/www.sonoraenequipo.com.mx\/api\/wp\/v2\/users\/1"}],"replies":[{"embeddable":true,"href":"https:\/\/www.sonoraenequipo.com.mx\/api\/wp\/v2\/comments?post=54411"}],"version-history":[{"count":0,"href":"https:\/\/www.sonoraenequipo.com.mx\/api\/wp\/v2\/posts\/54411\/revisions"}],"wp:featuredmedia":[{"embeddable":true,"href":"https:\/\/www.sonoraenequipo.com.mx\/api\/wp\/v2\/media\/54417"}],"wp:attachment":[{"href":"https:\/\/www.sonoraenequipo.com.mx\/api\/wp\/v2\/media?parent=54411"}],"wp:term":[{"taxonomy":"category","embeddable":true,"href":"https:\/\/www.sonoraenequipo.com.mx\/api\/wp\/v2\/categories?post=54411"},{"taxonomy":"post_tag","embeddable":true,"href":"https:\/\/www.sonoraenequipo.com.mx\/api\/wp\/v2\/tags?post=54411"}],"curies":[{"name":"wp","href":"https:\/\/api.w.org\/{rel}","templated":true}]}}