{"id":54429,"date":"2019-02-20T18:02:24","date_gmt":"2019-02-21T01:02:24","guid":{"rendered":"http:\/\/www.sonoraenequipo.com.mx\/?p=54429"},"modified":"2019-02-20T18:29:52","modified_gmt":"2019-02-21T01:29:52","slug":"continuara-jueves-y-viernes-inicio-de-clases-a-las-900-horas-en-educacion-basica-victor-guerrero","status":"publish","type":"post","link":"https:\/\/www.sonoraenequipo.com.mx\/continuara-jueves-y-viernes-inicio-de-clases-a-las-900-horas-en-educacion-basica-victor-guerrero\/","title":{"rendered":"Jueves y viernes tambi\u00e9n entrara a las 9:00 horas  educaci\u00f3n B\u00e1sica: V\u00edctor Guerrero"},"content":{"rendered":"<p>HERMOSILLO, SONORA. MX. \u2014 El horario de inicio de clases en educaci\u00f3n B\u00e1sica continuar\u00e1 a las 9 de la ma\u00f1ana los d\u00edas jueves 21 y viernes 22, en los 72 municipios del estado, por recomendaci\u00f3n de la Coordinaci\u00f3n Estatal de Protecci\u00f3n Civil (CEPC), inform\u00f3 el secretario de Educaci\u00f3n y Cultura, V\u00edctor Guerrero Gonz\u00e1lez. <\/p>\n<p>El funcionario estatal indic\u00f3 que la CEPC notific\u00f3 a la SEC sobre la llegada del Frente Fr\u00edo No. 40 que afectar\u00e1 a todo el territorio sonorense, por lo que se emiti\u00f3 dicha medida que aplica a escuelas p\u00fablicas y privadas de preescolar, primaria y secundaria.<\/p>\n<p>Guerrero Gonz\u00e1lez reiter\u00f3 el llamado a la comunidad escolar de tomar las medidas preventivas necesarias para descartar riesgos en la salud de estudiantes, maestros y personal de las escuelas.<\/p>\n<p>El secretario de Educaci\u00f3n y Cultura exhort\u00f3 a la poblaci\u00f3n a permanecer atentos a la informaci\u00f3n que generen las instancias oficiales, sobre cualquier medida relacionada con la modificaci\u00f3n al horario de clases y la prevenci\u00f3n de riesgos a la salud.<\/p>\n<p>Explic\u00f3 que la medida aplica para todo el Estado ya que de acuerdo con informaci\u00f3n del Servicio Meteorol\u00f3gico Nacional, los efectos de la onda g\u00e9lida se sentir\u00e1 en las regiones noroeste, norte, noreste, centro y oriente.<\/p>\n<p>V\u00edctor Guerrero Gonz\u00e1lez record\u00f3 que la CEPC mantiene una vigilancia permanente de las condiciones meteorol\u00f3gicas, en coordinaci\u00f3n con diversas instancias de los tres niveles de gobierno, para alertar a la poblaci\u00f3n en general y salvaguardar su integridad.<\/p>\n<p>En el caso de preparatoria y universidades, indic\u00f3, la determinaci\u00f3n de retrasar horario de inicio de clases corresponde a cada subsistema e instituci\u00f3n de educaci\u00f3n Superior, respectivamente.<\/p>\n<p>Publicada 20\/02\/2019<\/p>\n","protected":false},"excerpt":{"rendered":"<p>HERMOSILLO, SONORA. MX. \u2014 El horario de inicio de clases en educaci\u00f3n B\u00e1sica continuar\u00e1 a&#8230;<\/p>\n","protected":false},"author":1,"featured_media":54430,"comment_status":"open","ping_status":"open","sticky":false,"template":"","format":"standard","meta":{"_monsterinsights_skip_tracking":false,"_monsterinsights_sitenote_active":false,"_monsterinsights_sitenote_note":"","_monsterinsights_sitenote_category":0,"footnotes":""},"categories":[22],"tags":[],"class_list":["post"],"yoast_head":" \n<title>Sonora en Equipo. Jueves y viernes tambi\u00e9n entrara a las 9:00 horas educaci\u00f3n B\u00e1sica: V\u00edctor Guerrero Sonora<\/title>\n<meta name=\"description\" content=\"HERMOSILLO, SONORA. MX. \u2014 El horario de inicio de clases en educaci\u00f3n B\u00e1sica continuar\u00e1 a las 9 de la ma\u00f1ana los d\u00edas jueves 21 y viernes 22, en los 72 En Sonora en Equipo publicamos toda la informaci\u00f3n de Sonora, M\u00e9xico y el Mundo de manera oportuna y busca que la libertad de expresi\u00f3n sea real. Visita nuestro medio informativo publicado desde Hermosillo, Sonora. %\" \/>\n<meta name=\"robots\" content=\"index, follow, max-snippet:-1, max-image-preview:large, max-video-preview:-1\" \/>\n<link rel=\"canonical\" href=\"https:\/\/www.sonoraenequipo.com.mx\/continuara-jueves-y-viernes-inicio-de-clases-a-las-900-horas-en-educacion-basica-victor-guerrero\/\" \/>\n<meta property=\"og:locale\" content=\"es_ES\" \/>\n<meta property=\"og:type\" content=\"article\" \/>\n<meta property=\"og:title\" content=\"Sonora en Equipo. Jueves y viernes tambi\u00e9n entrara a las 9:00 horas educaci\u00f3n B\u00e1sica: V\u00edctor Guerrero Sonora\" \/>\n<meta property=\"og:description\" content=\"HERMOSILLO, SONORA. MX. \u2014 El horario de inicio de clases en educaci\u00f3n B\u00e1sica continuar\u00e1 a las 9 de la ma\u00f1ana los d\u00edas jueves 21 y viernes 22, en los 72 En Sonora en Equipo publicamos toda la informaci\u00f3n de Sonora, M\u00e9xico y el Mundo de manera oportuna y busca que la libertad de expresi\u00f3n sea real. Visita nuestro medio informativo publicado desde Hermosillo, Sonora. %\" \/>\n<meta property=\"og:url\" content=\"https:\/\/www.sonoraenequipo.com.mx\/continuara-jueves-y-viernes-inicio-de-clases-a-las-900-horas-en-educacion-basica-victor-guerrero\/\" \/>\n<meta property=\"og:site_name\" content=\"Sonora en Equipo.\" \/>\n<meta property=\"article:publisher\" content=\"https:\/\/www.facebook.com\/SonoraEE\/\" \/>\n<meta property=\"article:author\" content=\"https:\/\/www.facebook.com\/SonoraEE\" \/>\n<meta property=\"article:published_time\" content=\"2019-02-21T01:02:24+00:00\" \/>\n<meta property=\"article:modified_time\" content=\"2019-02-21T01:29:52+00:00\" \/>\n<meta property=\"og:image\" content=\"https:\/\/www.sonoraenequipo.com.mx\/storage\/2019\/02\/victorguerrero_opt2.jpg\" \/>\n\t<meta property=\"og:image:width\" content=\"570\" \/>\n\t<meta property=\"og:image:height\" content=\"400\" \/>\n\t<meta property=\"og:image:type\" content=\"image\/jpeg\" \/>\n<meta name=\"author\" content=\"enequipo\" \/>\n<meta name=\"twitter:card\" content=\"summary_large_image\" \/>\n<meta name=\"twitter:creator\" content=\"@sonoraenequipo\" \/>\n<meta name=\"twitter:site\" content=\"@sonoraenequipo\" \/>\n<meta name=\"twitter:label1\" content=\"Escrito por\" \/>\n\t<meta name=\"twitter:data1\" content=\"enequipo\" \/>\n\t<meta name=\"twitter:label2\" content=\"Tiempo de lectura\" \/>\n\t<meta name=\"twitter:data2\" content=\"1 minuto\" \/>\n<script type=\"application\/ld+json\" class=\"yoast-schema-graph\">{\"@context\":\"https:\/\/schema.org\",\"@graph\":[{\"@type\":\"Article\",\"@id\":\"https:\/\/www.sonoraenequipo.com.mx\/continuara-jueves-y-viernes-inicio-de-clases-a-las-900-horas-en-educacion-basica-victor-guerrero\/#article\",\"isPartOf\":{\"@id\":\"https:\/\/www.sonoraenequipo.com.mx\/continuara-jueves-y-viernes-inicio-de-clases-a-las-900-horas-en-educacion-basica-victor-guerrero\/\"},\"author\":{\"name\":\"enequipo\",\"@id\":\"https:\/\/www.sonoraenequipo.com.mx\/#\/schema\/person\/50102df0fb23a8fa9e8effad8fa81386\"},\"headline\":\"Jueves y viernes tambi\u00e9n entrara a las 9:00 horas educaci\u00f3n B\u00e1sica: V\u00edctor Guerrero\",\"datePublished\":\"2019-02-21T01:02:24+00:00\",\"dateModified\":\"2019-02-21T01:29:52+00:00\",\"mainEntityOfPage\":{\"@id\":\"https:\/\/www.sonoraenequipo.com.mx\/continuara-jueves-y-viernes-inicio-de-clases-a-las-900-horas-en-educacion-basica-victor-guerrero\/\"},\"wordCount\":307,\"commentCount\":0,\"publisher\":{\"@id\":\"https:\/\/www.sonoraenequipo.com.mx\/#organization\"},\"image\":{\"@id\":\"https:\/\/www.sonoraenequipo.com.mx\/continuara-jueves-y-viernes-inicio-de-clases-a-las-900-horas-en-educacion-basica-victor-guerrero\/#primaryimage\"},\"thumbnailUrl\":\"https:\/\/www.sonoraenequipo.com.mx\/storage\/2019\/02\/victorguerrero_opt2.jpg\",\"articleSection\":[\"Sonora\"],\"inLanguage\":\"es\",\"potentialAction\":[{\"@type\":\"CommentAction\",\"name\":\"Comment\",\"target\":[\"https:\/\/www.sonoraenequipo.com.mx\/continuara-jueves-y-viernes-inicio-de-clases-a-las-900-horas-en-educacion-basica-victor-guerrero\/#respond\"]}]},{\"@type\":\"WebPage\",\"@id\":\"https:\/\/www.sonoraenequipo.com.mx\/continuara-jueves-y-viernes-inicio-de-clases-a-las-900-horas-en-educacion-basica-victor-guerrero\/\",\"url\":\"https:\/\/www.sonoraenequipo.com.mx\/continuara-jueves-y-viernes-inicio-de-clases-a-las-900-horas-en-educacion-basica-victor-guerrero\/\",\"name\":\"Sonora en Equipo. Jueves y viernes tambi\u00e9n entrara a las 9:00 horas educaci\u00f3n B\u00e1sica: V\u00edctor Guerrero Sonora\",\"isPartOf\":{\"@id\":\"https:\/\/www.sonoraenequipo.com.mx\/#website\"},\"primaryImageOfPage\":{\"@id\":\"https:\/\/www.sonoraenequipo.com.mx\/continuara-jueves-y-viernes-inicio-de-clases-a-las-900-horas-en-educacion-basica-victor-guerrero\/#primaryimage\"},\"image\":{\"@id\":\"https:\/\/www.sonoraenequipo.com.mx\/continuara-jueves-y-viernes-inicio-de-clases-a-las-900-horas-en-educacion-basica-victor-guerrero\/#primaryimage\"},\"thumbnailUrl\":\"https:\/\/www.sonoraenequipo.com.mx\/storage\/2019\/02\/victorguerrero_opt2.jpg\",\"datePublished\":\"2019-02-21T01:02:24+00:00\",\"dateModified\":\"2019-02-21T01:29:52+00:00\",\"description\":\"HERMOSILLO, SONORA. MX. \u2014 El horario de inicio de clases en educaci\u00f3n B\u00e1sica continuar\u00e1 a las 9 de la ma\u00f1ana los d\u00edas jueves 21 y viernes 22, en los 72 En Sonora en Equipo publicamos toda la informaci\u00f3n de Sonora, M\u00e9xico y el Mundo de manera oportuna y busca que la libertad de expresi\u00f3n sea real. Visita nuestro medio informativo publicado desde Hermosillo, Sonora. %\",\"breadcrumb\":{\"@id\":\"https:\/\/www.sonoraenequipo.com.mx\/continuara-jueves-y-viernes-inicio-de-clases-a-las-900-horas-en-educacion-basica-victor-guerrero\/#breadcrumb\"},\"inLanguage\":\"es\",\"potentialAction\":[{\"@type\":\"ReadAction\",\"target\":[\"https:\/\/www.sonoraenequipo.com.mx\/continuara-jueves-y-viernes-inicio-de-clases-a-las-900-horas-en-educacion-basica-victor-guerrero\/\"]}]},{\"@type\":\"ImageObject\",\"inLanguage\":\"es\",\"@id\":\"https:\/\/www.sonoraenequipo.com.mx\/continuara-jueves-y-viernes-inicio-de-clases-a-las-900-horas-en-educacion-basica-victor-guerrero\/#primaryimage\",\"url\":\"https:\/\/www.sonoraenequipo.com.mx\/storage\/2019\/02\/victorguerrero_opt2.jpg\",\"contentUrl\":\"https:\/\/www.sonoraenequipo.com.mx\/storage\/2019\/02\/victorguerrero_opt2.jpg\",\"width\":570,\"height\":400},{\"@type\":\"BreadcrumbList\",\"@id\":\"https:\/\/www.sonoraenequipo.com.mx\/continuara-jueves-y-viernes-inicio-de-clases-a-las-900-horas-en-educacion-basica-victor-guerrero\/#breadcrumb\",\"itemListElement\":[{\"@type\":\"ListItem\",\"position\":1,\"name\":\"Portada\",\"item\":\"https:\/\/www.sonoraenequipo.com.mx\/\"},{\"@type\":\"ListItem\",\"position\":2,\"name\":\"Jueves y viernes tambi\u00e9n entrara a las 9:00 horas educaci\u00f3n B\u00e1sica: V\u00edctor Guerrero\"}]},{\"@type\":\"WebSite\",\"@id\":\"https:\/\/www.sonoraenequipo.com.mx\/#website\",\"url\":\"https:\/\/www.sonoraenequipo.com.mx\/\",\"name\":\"Sonora en Equipo.\",\"description\":\"Diario en l\u00ednea con Noticias desde Hermosillo, Sonora\",\"publisher\":{\"@id\":\"https:\/\/www.sonoraenequipo.com.mx\/#organization\"},\"potentialAction\":[{\"@type\":\"SearchAction\",\"target\":{\"@type\":\"EntryPoint\",\"urlTemplate\":\"https:\/\/www.sonoraenequipo.com.mx\/?s={search_term_string}\"},\"query-input\":{\"@type\":\"PropertyValueSpecification\",\"valueRequired\":true,\"valueName\":\"search_term_string\"}}],\"inLanguage\":\"es\"},{\"@type\":\"Organization\",\"@id\":\"https:\/\/www.sonoraenequipo.com.mx\/#organization\",\"name\":\"Sonoraenequipo.com.mx\",\"url\":\"https:\/\/www.sonoraenequipo.com.mx\/\",\"logo\":{\"@type\":\"ImageObject\",\"inLanguage\":\"es\",\"@id\":\"https:\/\/www.sonoraenequipo.com.mx\/#\/schema\/logo\/image\/\",\"url\":\"https:\/\/www.sonoraenequipo.com.mx\/storage\/2019\/01\/sonoraenequipo_opt.png\",\"contentUrl\":\"https:\/\/www.sonoraenequipo.com.mx\/storage\/2019\/01\/sonoraenequipo_opt.png\",\"width\":375,\"height\":125,\"caption\":\"Sonoraenequipo.com.mx\"},\"image\":{\"@id\":\"https:\/\/www.sonoraenequipo.com.mx\/#\/schema\/logo\/image\/\"},\"sameAs\":[\"https:\/\/www.facebook.com\/SonoraEE\/\",\"https:\/\/x.com\/sonoraenequipo\",\"https:\/\/www.youtube.com\/channel\/UC338nW-lPEYmJQs4ZABQ1SQ\"]},{\"@type\":\"Person\",\"@id\":\"https:\/\/www.sonoraenequipo.com.mx\/#\/schema\/person\/50102df0fb23a8fa9e8effad8fa81386\",\"name\":\"enequipo\",\"image\":{\"@type\":\"ImageObject\",\"inLanguage\":\"es\",\"@id\":\"https:\/\/www.sonoraenequipo.com.mx\/#\/schema\/person\/image\/\",\"url\":\"https:\/\/secure.gravatar.com\/avatar\/049821681b589dabc0bc20695993ccebb09f5b5d4d790cd9251b97faac7c652b?s=96&d=blank&r=g\",\"contentUrl\":\"https:\/\/secure.gravatar.com\/avatar\/049821681b589dabc0bc20695993ccebb09f5b5d4d790cd9251b97faac7c652b?s=96&d=blank&r=g\",\"caption\":\"enequipo\"},\"sameAs\":[\"https:\/\/www.facebook.com\/SonoraEE\"]}]}<\/script>\n ","yoast_head_json":{"title":"Sonora en Equipo. Jueves y viernes tambi\u00e9n entrara a las 9:00 horas educaci\u00f3n B\u00e1sica: V\u00edctor Guerrero Sonora","description":"HERMOSILLO, SONORA. MX. \u2014 El horario de inicio de clases en educaci\u00f3n B\u00e1sica continuar\u00e1 a las 9 de la ma\u00f1ana los d\u00edas jueves 21 y viernes 22, en los 72 En Sonora en Equipo publicamos toda la informaci\u00f3n de Sonora, M\u00e9xico y el Mundo de manera oportuna y busca que la libertad de expresi\u00f3n sea real. Visita nuestro medio informativo publicado desde Hermosillo, Sonora. %","robots":{"index":"index","follow":"follow","max-snippet":"max-snippet:-1","max-image-preview":"max-image-preview:large","max-video-preview":"max-video-preview:-1"},"canonical":"https:\/\/www.sonoraenequipo.com.mx\/continuara-jueves-y-viernes-inicio-de-clases-a-las-900-horas-en-educacion-basica-victor-guerrero\/","og_locale":"es_ES","og_type":"article","og_title":"Sonora en Equipo. Jueves y viernes tambi\u00e9n entrara a las 9:00 horas educaci\u00f3n B\u00e1sica: V\u00edctor Guerrero Sonora","og_description":"HERMOSILLO, SONORA. MX. \u2014 El horario de inicio de clases en educaci\u00f3n B\u00e1sica continuar\u00e1 a las 9 de la ma\u00f1ana los d\u00edas jueves 21 y viernes 22, en los 72 En Sonora en Equipo publicamos toda la informaci\u00f3n de Sonora, M\u00e9xico y el Mundo de manera oportuna y busca que la libertad de expresi\u00f3n sea real. Visita nuestro medio informativo publicado desde Hermosillo, Sonora. %","og_url":"https:\/\/www.sonoraenequipo.com.mx\/continuara-jueves-y-viernes-inicio-de-clases-a-las-900-horas-en-educacion-basica-victor-guerrero\/","og_site_name":"Sonora en Equipo.","article_publisher":"https:\/\/www.facebook.com\/SonoraEE\/","article_author":"https:\/\/www.facebook.com\/SonoraEE","article_published_time":"2019-02-21T01:02:24+00:00","article_modified_time":"2019-02-21T01:29:52+00:00","og_image":[{"width":570,"height":400,"url":"https:\/\/www.sonoraenequipo.com.mx\/storage\/2019\/02\/victorguerrero_opt2.jpg","type":"image\/jpeg"}],"author":"enequipo","twitter_card":"summary_large_image","twitter_creator":"@sonoraenequipo","twitter_site":"@sonoraenequipo","twitter_misc":{"Escrito por":"enequipo","Tiempo de lectura":"1 minuto"},"schema":{"@context":"https:\/\/schema.org","@graph":[{"@type":"Article","@id":"https:\/\/www.sonoraenequipo.com.mx\/continuara-jueves-y-viernes-inicio-de-clases-a-las-900-horas-en-educacion-basica-victor-guerrero\/#article","isPartOf":{"@id":"https:\/\/www.sonoraenequipo.com.mx\/continuara-jueves-y-viernes-inicio-de-clases-a-las-900-horas-en-educacion-basica-victor-guerrero\/"},"author":{"name":"enequipo","@id":"https:\/\/www.sonoraenequipo.com.mx\/#\/schema\/person\/50102df0fb23a8fa9e8effad8fa81386"},"headline":"Jueves y viernes tambi\u00e9n entrara a las 9:00 horas educaci\u00f3n B\u00e1sica: V\u00edctor Guerrero","datePublished":"2019-02-21T01:02:24+00:00","dateModified":"2019-02-21T01:29:52+00:00","mainEntityOfPage":{"@id":"https:\/\/www.sonoraenequipo.com.mx\/continuara-jueves-y-viernes-inicio-de-clases-a-las-900-horas-en-educacion-basica-victor-guerrero\/"},"wordCount":307,"commentCount":0,"publisher":{"@id":"https:\/\/www.sonoraenequipo.com.mx\/#organization"},"image":{"@id":"https:\/\/www.sonoraenequipo.com.mx\/continuara-jueves-y-viernes-inicio-de-clases-a-las-900-horas-en-educacion-basica-victor-guerrero\/#primaryimage"},"thumbnailUrl":"https:\/\/www.sonoraenequipo.com.mx\/storage\/2019\/02\/victorguerrero_opt2.jpg","articleSection":["Sonora"],"inLanguage":"es","potentialAction":[{"@type":"CommentAction","name":"Comment","target":["https:\/\/www.sonoraenequipo.com.mx\/continuara-jueves-y-viernes-inicio-de-clases-a-las-900-horas-en-educacion-basica-victor-guerrero\/#respond"]}]},{"@type":"WebPage","@id":"https:\/\/www.sonoraenequipo.com.mx\/continuara-jueves-y-viernes-inicio-de-clases-a-las-900-horas-en-educacion-basica-victor-guerrero\/","url":"https:\/\/www.sonoraenequipo.com.mx\/continuara-jueves-y-viernes-inicio-de-clases-a-las-900-horas-en-educacion-basica-victor-guerrero\/","name":"Sonora en Equipo. Jueves y viernes tambi\u00e9n entrara a las 9:00 horas educaci\u00f3n B\u00e1sica: V\u00edctor Guerrero Sonora","isPartOf":{"@id":"https:\/\/www.sonoraenequipo.com.mx\/#website"},"primaryImageOfPage":{"@id":"https:\/\/www.sonoraenequipo.com.mx\/continuara-jueves-y-viernes-inicio-de-clases-a-las-900-horas-en-educacion-basica-victor-guerrero\/#primaryimage"},"image":{"@id":"https:\/\/www.sonoraenequipo.com.mx\/continuara-jueves-y-viernes-inicio-de-clases-a-las-900-horas-en-educacion-basica-victor-guerrero\/#primaryimage"},"thumbnailUrl":"https:\/\/www.sonoraenequipo.com.mx\/storage\/2019\/02\/victorguerrero_opt2.jpg","datePublished":"2019-02-21T01:02:24+00:00","dateModified":"2019-02-21T01:29:52+00:00","description":"HERMOSILLO, SONORA. MX. \u2014 El horario de inicio de clases en educaci\u00f3n B\u00e1sica continuar\u00e1 a las 9 de la ma\u00f1ana los d\u00edas jueves 21 y viernes 22, en los 72 En Sonora en Equipo publicamos toda la informaci\u00f3n de Sonora, M\u00e9xico y el Mundo de manera oportuna y busca que la libertad de expresi\u00f3n sea real. Visita nuestro medio informativo publicado desde Hermosillo, Sonora. %","breadcrumb":{"@id":"https:\/\/www.sonoraenequipo.com.mx\/continuara-jueves-y-viernes-inicio-de-clases-a-las-900-horas-en-educacion-basica-victor-guerrero\/#breadcrumb"},"inLanguage":"es","potentialAction":[{"@type":"ReadAction","target":["https:\/\/www.sonoraenequipo.com.mx\/continuara-jueves-y-viernes-inicio-de-clases-a-las-900-horas-en-educacion-basica-victor-guerrero\/"]}]},{"@type":"ImageObject","inLanguage":"es","@id":"https:\/\/www.sonoraenequipo.com.mx\/continuara-jueves-y-viernes-inicio-de-clases-a-las-900-horas-en-educacion-basica-victor-guerrero\/#primaryimage","url":"https:\/\/www.sonoraenequipo.com.mx\/storage\/2019\/02\/victorguerrero_opt2.jpg","contentUrl":"https:\/\/www.sonoraenequipo.com.mx\/storage\/2019\/02\/victorguerrero_opt2.jpg","width":570,"height":400},{"@type":"BreadcrumbList","@id":"https:\/\/www.sonoraenequipo.com.mx\/continuara-jueves-y-viernes-inicio-de-clases-a-las-900-horas-en-educacion-basica-victor-guerrero\/#breadcrumb","itemListElement":[{"@type":"ListItem","position":1,"name":"Portada","item":"https:\/\/www.sonoraenequipo.com.mx\/"},{"@type":"ListItem","position":2,"name":"Jueves y viernes tambi\u00e9n entrara a las 9:00 horas educaci\u00f3n B\u00e1sica: V\u00edctor Guerrero"}]},{"@type":"WebSite","@id":"https:\/\/www.sonoraenequipo.com.mx\/#website","url":"https:\/\/www.sonoraenequipo.com.mx\/","name":"Sonora en Equipo.","description":"Diario en l\u00ednea con Noticias desde Hermosillo, Sonora","publisher":{"@id":"https:\/\/www.sonoraenequipo.com.mx\/#organization"},"potentialAction":[{"@type":"SearchAction","target":{"@type":"EntryPoint","urlTemplate":"https:\/\/www.sonoraenequipo.com.mx\/?s={search_term_string}"},"query-input":{"@type":"PropertyValueSpecification","valueRequired":true,"valueName":"search_term_string"}}],"inLanguage":"es"},{"@type":"Organization","@id":"https:\/\/www.sonoraenequipo.com.mx\/#organization","name":"Sonoraenequipo.com.mx","url":"https:\/\/www.sonoraenequipo.com.mx\/","logo":{"@type":"ImageObject","inLanguage":"es","@id":"https:\/\/www.sonoraenequipo.com.mx\/#\/schema\/logo\/image\/","url":"https:\/\/www.sonoraenequipo.com.mx\/storage\/2019\/01\/sonoraenequipo_opt.png","contentUrl":"https:\/\/www.sonoraenequipo.com.mx\/storage\/2019\/01\/sonoraenequipo_opt.png","width":375,"height":125,"caption":"Sonoraenequipo.com.mx"},"image":{"@id":"https:\/\/www.sonoraenequipo.com.mx\/#\/schema\/logo\/image\/"},"sameAs":["https:\/\/www.facebook.com\/SonoraEE\/","https:\/\/x.com\/sonoraenequipo","https:\/\/www.youtube.com\/channel\/UC338nW-lPEYmJQs4ZABQ1SQ"]},{"@type":"Person","@id":"https:\/\/www.sonoraenequipo.com.mx\/#\/schema\/person\/50102df0fb23a8fa9e8effad8fa81386","name":"enequipo","image":{"@type":"ImageObject","inLanguage":"es","@id":"https:\/\/www.sonoraenequipo.com.mx\/#\/schema\/person\/image\/","url":"https:\/\/secure.gravatar.com\/avatar\/049821681b589dabc0bc20695993ccebb09f5b5d4d790cd9251b97faac7c652b?s=96&d=blank&r=g","contentUrl":"https:\/\/secure.gravatar.com\/avatar\/049821681b589dabc0bc20695993ccebb09f5b5d4d790cd9251b97faac7c652b?s=96&d=blank&r=g","caption":"enequipo"},"sameAs":["https:\/\/www.facebook.com\/SonoraEE"]}]}},"jetpack_featured_media_url":"https:\/\/www.sonoraenequipo.com.mx\/storage\/2019\/02\/victorguerrero_opt2.jpg","_links":{"self":[{"href":"https:\/\/www.sonoraenequipo.com.mx\/api\/wp\/v2\/posts\/54429","targetHints":{"allow":["GET"]}}],"collection":[{"href":"https:\/\/www.sonoraenequipo.com.mx\/api\/wp\/v2\/posts"}],"about":[{"href":"https:\/\/www.sonoraenequipo.com.mx\/api\/wp\/v2\/types\/post"}],"author":[{"embeddable":true,"href":"https:\/\/www.sonoraenequipo.com.mx\/api\/wp\/v2\/users\/1"}],"replies":[{"embeddable":true,"href":"https:\/\/www.sonoraenequipo.com.mx\/api\/wp\/v2\/comments?post=54429"}],"version-history":[{"count":0,"href":"https:\/\/www.sonoraenequipo.com.mx\/api\/wp\/v2\/posts\/54429\/revisions"}],"wp:featuredmedia":[{"embeddable":true,"href":"https:\/\/www.sonoraenequipo.com.mx\/api\/wp\/v2\/media\/54430"}],"wp:attachment":[{"href":"https:\/\/www.sonoraenequipo.com.mx\/api\/wp\/v2\/media?parent=54429"}],"wp:term":[{"taxonomy":"category","embeddable":true,"href":"https:\/\/www.sonoraenequipo.com.mx\/api\/wp\/v2\/categories?post=54429"},{"taxonomy":"post_tag","embeddable":true,"href":"https:\/\/www.sonoraenequipo.com.mx\/api\/wp\/v2\/tags?post=54429"}],"curies":[{"name":"wp","href":"https:\/\/api.w.org\/{rel}","templated":true}]}}