{"id":54494,"date":"2019-02-21T19:10:03","date_gmt":"2019-02-22T02:10:03","guid":{"rendered":"http:\/\/www.sonoraenequipo.com.mx\/?p=54494"},"modified":"2019-02-21T20:14:32","modified_gmt":"2019-02-22T03:14:32","slug":"modernizar-el-transporte-publico-elevara-la-productividad-laboral-de-la-entidad","status":"publish","type":"post","link":"https:\/\/www.sonoraenequipo.com.mx\/modernizar-el-transporte-publico-elevara-la-productividad-laboral-de-la-entidad\/","title":{"rendered":"Modernizar el transporte p\u00fablico elevar\u00e1 la productividad laboral de la entidad"},"content":{"rendered":"<p>HERMOSILLO, SONORA. \u2014 El proyecto del Gobierno del Estado de transformar el sistema de transporte p\u00fablico en Hermosillo, contribuir\u00e1 al desarrollo econ\u00f3mico de la ciudad, asegur\u00f3 el secretario del Trabajo en Sonora, Horacio Valenzuela Ibarra. <\/p>\n<p><em>\u201cEs una decisi\u00f3n inteligente y valiente de nuestra gobernadora Claudia Pavlovich, Sonora actualmente destaca como una de las cuatro entidades del pa\u00eds con mayor crecimiento econ\u00f3mico y mejorar el sistema de transporte p\u00fablico coadyuvar\u00e1 a la productividad y competitividad del estado\u201d<\/em>, asegur\u00f3.<\/p>\n<p>El titular de la Secretar\u00eda del Trabajo celebr\u00f3 que se dejara atr\u00e1s el viejo modelo de explotaci\u00f3n sustituyendo al hombre-cami\u00f3n por un nuevo concepto de empresa, con experiencia en el ramo de movilidad urbana y mencion\u00f3 se integrar\u00e1n 375 unidades m\u00e1s y se reducir\u00e1 el 30 por ciento en tiempos de espera.<\/p>\n<p><em>\u201c<\/em><img loading=\"lazy\" decoding=\"async\" class=\"  x-left\" src=\"http:\/\/www.sonoraenequipo.com.mx\/storage\/2019\/02\/valenzuela-ibarra_opt1-301x452.jpg\" alt=\"\" width=\"342\" height=\"514\" \/><em>La ciudadan\u00eda merece un servicio de transporte digno, el clima en Hermosillo llega a ser de m\u00e1s de 50 grados cent\u00edgrados en verano, los tiempos de espera excesivos generan estr\u00e9s en los trabajadores, es importante que lleguen a tiempo y conserven sus bonos de productividad, ya sea de desempe\u00f1o, puntualidad, asistencia perfecta, cumplimiento de metas, y dem\u00e1s\u201d<\/em>, enfatiz\u00f3.<\/p>\n<p>Valenzuela Ibarra detall\u00f3 que la convocatoria lanzada por la Direcci\u00f3n General de Transporte es abierta y busca se asuma el reto de implementar un sistema integral de transporte con tecnolog\u00eda de punta, \u201ces el reclamo de la sociedad y la gran preocupaci\u00f3n del Gobierno del Estado\u201d, asegur\u00f3.<\/p>\n<p>Gabriel Zepeda V\u00e1zquez, presidente del Consejo Directivo de la C\u00e1mara Nacional de la Industria de Transformaci\u00f3n (Canacintra Hermosillo), coment\u00f3 que con el proyecto del Gobierno del Estado de modernizar el transporte p\u00fablico, aunado a la buena relaci\u00f3n existente entre instituciones de gobierno, empresas y trabajadores, se mantendr\u00e1 el ritmo de crecimiento econ\u00f3mico de Sonora por encima de la media nacional.<\/p>\n<p><em>\u201cComo Canacintra participamos en el Comit\u00e9 Municipal de Transporte P\u00fablico, tenemos voz, estamos integrados junto con la Uni\u00f3n de Usuarios, junto con concesionarios, junto con el Gobierno Municipal y claro, con el Gobierno Estatal, no cabe duda que este proyecto tendr\u00e1 impacto en la productividad, en la movilidad y en la seguridad de los trabajadores y de sus familias\u201d<\/em>, expuso.<\/p>\n<p>Zepeda V\u00e1zquez asegur\u00f3 que mantiene constantes reuniones con funcionarios del Gobierno del Estado, incluida la Secretar\u00eda del Trabajo y el resto de dependencias involucradas en el esfuerzo transversal de impulsar la productividad y competitividad de Sonora.<\/p>\n<p>Por su parte, Oscar Reydesel Flores Beltr\u00e1n, trabajador del restaurante \u201cLa Lupe\u201d y quien es usuario frecuente del transporte p\u00fablico en Hermosillo, reiter\u00f3 la necesidad de que existe de optimizar el servicio.<\/p>\n<p><em>\u201cNos hace falta demasiado, el transporte urbano es esencial para nosotros, yo por ejemplo, s\u00e9 que en este momento no puedo mantener un carro y el transporte privado sale muy caro, se me hace excelente que propongan mejorar el servicio de transporte p\u00fablico, necesitamos m\u00e1s unidades, yo notar\u00eda el cambio y la dem\u00e1s gente que en verdad lo necesita tambi\u00e9n\u201d,<\/em> expres\u00f3.<\/p>\n<p>Publicada 21\/02\/2019<\/p>\n","protected":false},"excerpt":{"rendered":"<p>HERMOSILLO, SONORA. \u2014 El proyecto del Gobierno del Estado de transformar el sistema de transporte&#8230;<\/p>\n","protected":false},"author":1,"featured_media":54495,"comment_status":"open","ping_status":"open","sticky":false,"template":"","format":"standard","meta":{"_monsterinsights_skip_tracking":false,"_monsterinsights_sitenote_active":false,"_monsterinsights_sitenote_note":"","_monsterinsights_sitenote_category":0,"footnotes":""},"categories":[22],"tags":[],"class_list":["post"],"yoast_head":" \n<title>Sonora en Equipo. Modernizar el transporte p\u00fablico elevar\u00e1 la productividad laboral de la entidad Sonora<\/title>\n<meta name=\"description\" content=\"HERMOSILLO, SONORA. \u2014 El proyecto del Gobierno del Estado de transformar el sistema de transporte p\u00fablico en Hermosillo, contribuir\u00e1 al desarrollo En Sonora en Equipo publicamos toda la informaci\u00f3n de Sonora, M\u00e9xico y el Mundo de manera oportuna y busca que la libertad de expresi\u00f3n sea real. Visita nuestro medio informativo publicado desde Hermosillo, Sonora. %\" \/>\n<meta name=\"robots\" content=\"index, follow, max-snippet:-1, max-image-preview:large, max-video-preview:-1\" \/>\n<link rel=\"canonical\" href=\"https:\/\/www.sonoraenequipo.com.mx\/modernizar-el-transporte-publico-elevara-la-productividad-laboral-de-la-entidad\/\" \/>\n<meta property=\"og:locale\" content=\"es_ES\" \/>\n<meta property=\"og:type\" content=\"article\" \/>\n<meta property=\"og:title\" content=\"Sonora en Equipo. Modernizar el transporte p\u00fablico elevar\u00e1 la productividad laboral de la entidad Sonora\" \/>\n<meta property=\"og:description\" content=\"HERMOSILLO, SONORA. \u2014 El proyecto del Gobierno del Estado de transformar el sistema de transporte p\u00fablico en Hermosillo, contribuir\u00e1 al desarrollo En Sonora en Equipo publicamos toda la informaci\u00f3n de Sonora, M\u00e9xico y el Mundo de manera oportuna y busca que la libertad de expresi\u00f3n sea real. Visita nuestro medio informativo publicado desde Hermosillo, Sonora. %\" \/>\n<meta property=\"og:url\" content=\"https:\/\/www.sonoraenequipo.com.mx\/modernizar-el-transporte-publico-elevara-la-productividad-laboral-de-la-entidad\/\" \/>\n<meta property=\"og:site_name\" content=\"Sonora en Equipo.\" \/>\n<meta property=\"article:publisher\" content=\"https:\/\/www.facebook.com\/SonoraEE\/\" \/>\n<meta property=\"article:author\" content=\"https:\/\/www.facebook.com\/SonoraEE\" \/>\n<meta property=\"article:published_time\" content=\"2019-02-22T02:10:03+00:00\" \/>\n<meta property=\"article:modified_time\" content=\"2019-02-22T03:14:32+00:00\" \/>\n<meta property=\"og:image\" content=\"https:\/\/www.sonoraenequipo.com.mx\/storage\/2019\/02\/Gabriel-Zepeda-V\u00e1zquez_opt.jpg\" \/>\n\t<meta property=\"og:image:width\" content=\"533\" \/>\n\t<meta property=\"og:image:height\" content=\"400\" \/>\n\t<meta property=\"og:image:type\" content=\"image\/jpeg\" \/>\n<meta name=\"author\" content=\"enequipo\" \/>\n<meta name=\"twitter:card\" content=\"summary_large_image\" \/>\n<meta name=\"twitter:creator\" content=\"@sonoraenequipo\" \/>\n<meta name=\"twitter:site\" content=\"@sonoraenequipo\" \/>\n<meta name=\"twitter:label1\" content=\"Escrito por\" \/>\n\t<meta name=\"twitter:data1\" content=\"enequipo\" \/>\n\t<meta name=\"twitter:label2\" content=\"Tiempo de lectura\" \/>\n\t<meta name=\"twitter:data2\" content=\"3 minutos\" \/>\n<script type=\"application\/ld+json\" class=\"yoast-schema-graph\">{\"@context\":\"https:\/\/schema.org\",\"@graph\":[{\"@type\":\"Article\",\"@id\":\"https:\/\/www.sonoraenequipo.com.mx\/modernizar-el-transporte-publico-elevara-la-productividad-laboral-de-la-entidad\/#article\",\"isPartOf\":{\"@id\":\"https:\/\/www.sonoraenequipo.com.mx\/modernizar-el-transporte-publico-elevara-la-productividad-laboral-de-la-entidad\/\"},\"author\":{\"name\":\"enequipo\",\"@id\":\"https:\/\/www.sonoraenequipo.com.mx\/#\/schema\/person\/50102df0fb23a8fa9e8effad8fa81386\"},\"headline\":\"Modernizar el transporte p\u00fablico elevar\u00e1 la productividad laboral de la entidad\",\"datePublished\":\"2019-02-22T02:10:03+00:00\",\"dateModified\":\"2019-02-22T03:14:32+00:00\",\"mainEntityOfPage\":{\"@id\":\"https:\/\/www.sonoraenequipo.com.mx\/modernizar-el-transporte-publico-elevara-la-productividad-laboral-de-la-entidad\/\"},\"wordCount\":530,\"commentCount\":0,\"publisher\":{\"@id\":\"https:\/\/www.sonoraenequipo.com.mx\/#organization\"},\"image\":{\"@id\":\"https:\/\/www.sonoraenequipo.com.mx\/modernizar-el-transporte-publico-elevara-la-productividad-laboral-de-la-entidad\/#primaryimage\"},\"thumbnailUrl\":\"https:\/\/www.sonoraenequipo.com.mx\/storage\/2019\/02\/Gabriel-Zepeda-V\u00e1zquez_opt.jpg\",\"articleSection\":[\"Sonora\"],\"inLanguage\":\"es\",\"potentialAction\":[{\"@type\":\"CommentAction\",\"name\":\"Comment\",\"target\":[\"https:\/\/www.sonoraenequipo.com.mx\/modernizar-el-transporte-publico-elevara-la-productividad-laboral-de-la-entidad\/#respond\"]}]},{\"@type\":\"WebPage\",\"@id\":\"https:\/\/www.sonoraenequipo.com.mx\/modernizar-el-transporte-publico-elevara-la-productividad-laboral-de-la-entidad\/\",\"url\":\"https:\/\/www.sonoraenequipo.com.mx\/modernizar-el-transporte-publico-elevara-la-productividad-laboral-de-la-entidad\/\",\"name\":\"Sonora en Equipo. Modernizar el transporte p\u00fablico elevar\u00e1 la productividad laboral de la entidad Sonora\",\"isPartOf\":{\"@id\":\"https:\/\/www.sonoraenequipo.com.mx\/#website\"},\"primaryImageOfPage\":{\"@id\":\"https:\/\/www.sonoraenequipo.com.mx\/modernizar-el-transporte-publico-elevara-la-productividad-laboral-de-la-entidad\/#primaryimage\"},\"image\":{\"@id\":\"https:\/\/www.sonoraenequipo.com.mx\/modernizar-el-transporte-publico-elevara-la-productividad-laboral-de-la-entidad\/#primaryimage\"},\"thumbnailUrl\":\"https:\/\/www.sonoraenequipo.com.mx\/storage\/2019\/02\/Gabriel-Zepeda-V\u00e1zquez_opt.jpg\",\"datePublished\":\"2019-02-22T02:10:03+00:00\",\"dateModified\":\"2019-02-22T03:14:32+00:00\",\"description\":\"HERMOSILLO, SONORA. \u2014 El proyecto del Gobierno del Estado de transformar el sistema de transporte p\u00fablico en Hermosillo, contribuir\u00e1 al desarrollo En Sonora en Equipo publicamos toda la informaci\u00f3n de Sonora, M\u00e9xico y el Mundo de manera oportuna y busca que la libertad de expresi\u00f3n sea real. Visita nuestro medio informativo publicado desde Hermosillo, Sonora. %\",\"breadcrumb\":{\"@id\":\"https:\/\/www.sonoraenequipo.com.mx\/modernizar-el-transporte-publico-elevara-la-productividad-laboral-de-la-entidad\/#breadcrumb\"},\"inLanguage\":\"es\",\"potentialAction\":[{\"@type\":\"ReadAction\",\"target\":[\"https:\/\/www.sonoraenequipo.com.mx\/modernizar-el-transporte-publico-elevara-la-productividad-laboral-de-la-entidad\/\"]}]},{\"@type\":\"ImageObject\",\"inLanguage\":\"es\",\"@id\":\"https:\/\/www.sonoraenequipo.com.mx\/modernizar-el-transporte-publico-elevara-la-productividad-laboral-de-la-entidad\/#primaryimage\",\"url\":\"https:\/\/www.sonoraenequipo.com.mx\/storage\/2019\/02\/Gabriel-Zepeda-V\u00e1zquez_opt.jpg\",\"contentUrl\":\"https:\/\/www.sonoraenequipo.com.mx\/storage\/2019\/02\/Gabriel-Zepeda-V\u00e1zquez_opt.jpg\",\"width\":533,\"height\":400},{\"@type\":\"BreadcrumbList\",\"@id\":\"https:\/\/www.sonoraenequipo.com.mx\/modernizar-el-transporte-publico-elevara-la-productividad-laboral-de-la-entidad\/#breadcrumb\",\"itemListElement\":[{\"@type\":\"ListItem\",\"position\":1,\"name\":\"Portada\",\"item\":\"https:\/\/www.sonoraenequipo.com.mx\/\"},{\"@type\":\"ListItem\",\"position\":2,\"name\":\"Modernizar el transporte p\u00fablico elevar\u00e1 la productividad laboral de la entidad\"}]},{\"@type\":\"WebSite\",\"@id\":\"https:\/\/www.sonoraenequipo.com.mx\/#website\",\"url\":\"https:\/\/www.sonoraenequipo.com.mx\/\",\"name\":\"Sonora en Equipo.\",\"description\":\"Diario en l\u00ednea con Noticias desde Hermosillo, Sonora\",\"publisher\":{\"@id\":\"https:\/\/www.sonoraenequipo.com.mx\/#organization\"},\"potentialAction\":[{\"@type\":\"SearchAction\",\"target\":{\"@type\":\"EntryPoint\",\"urlTemplate\":\"https:\/\/www.sonoraenequipo.com.mx\/?s={search_term_string}\"},\"query-input\":{\"@type\":\"PropertyValueSpecification\",\"valueRequired\":true,\"valueName\":\"search_term_string\"}}],\"inLanguage\":\"es\"},{\"@type\":\"Organization\",\"@id\":\"https:\/\/www.sonoraenequipo.com.mx\/#organization\",\"name\":\"Sonoraenequipo.com.mx\",\"url\":\"https:\/\/www.sonoraenequipo.com.mx\/\",\"logo\":{\"@type\":\"ImageObject\",\"inLanguage\":\"es\",\"@id\":\"https:\/\/www.sonoraenequipo.com.mx\/#\/schema\/logo\/image\/\",\"url\":\"https:\/\/www.sonoraenequipo.com.mx\/storage\/2019\/01\/sonoraenequipo_opt.png\",\"contentUrl\":\"https:\/\/www.sonoraenequipo.com.mx\/storage\/2019\/01\/sonoraenequipo_opt.png\",\"width\":375,\"height\":125,\"caption\":\"Sonoraenequipo.com.mx\"},\"image\":{\"@id\":\"https:\/\/www.sonoraenequipo.com.mx\/#\/schema\/logo\/image\/\"},\"sameAs\":[\"https:\/\/www.facebook.com\/SonoraEE\/\",\"https:\/\/x.com\/sonoraenequipo\",\"https:\/\/www.youtube.com\/channel\/UC338nW-lPEYmJQs4ZABQ1SQ\"]},{\"@type\":\"Person\",\"@id\":\"https:\/\/www.sonoraenequipo.com.mx\/#\/schema\/person\/50102df0fb23a8fa9e8effad8fa81386\",\"name\":\"enequipo\",\"image\":{\"@type\":\"ImageObject\",\"inLanguage\":\"es\",\"@id\":\"https:\/\/www.sonoraenequipo.com.mx\/#\/schema\/person\/image\/\",\"url\":\"https:\/\/secure.gravatar.com\/avatar\/049821681b589dabc0bc20695993ccebb09f5b5d4d790cd9251b97faac7c652b?s=96&d=blank&r=g\",\"contentUrl\":\"https:\/\/secure.gravatar.com\/avatar\/049821681b589dabc0bc20695993ccebb09f5b5d4d790cd9251b97faac7c652b?s=96&d=blank&r=g\",\"caption\":\"enequipo\"},\"sameAs\":[\"https:\/\/www.facebook.com\/SonoraEE\"]}]}<\/script>\n ","yoast_head_json":{"title":"Sonora en Equipo. Modernizar el transporte p\u00fablico elevar\u00e1 la productividad laboral de la entidad Sonora","description":"HERMOSILLO, SONORA. \u2014 El proyecto del Gobierno del Estado de transformar el sistema de transporte p\u00fablico en Hermosillo, contribuir\u00e1 al desarrollo En Sonora en Equipo publicamos toda la informaci\u00f3n de Sonora, M\u00e9xico y el Mundo de manera oportuna y busca que la libertad de expresi\u00f3n sea real. Visita nuestro medio informativo publicado desde Hermosillo, Sonora. %","robots":{"index":"index","follow":"follow","max-snippet":"max-snippet:-1","max-image-preview":"max-image-preview:large","max-video-preview":"max-video-preview:-1"},"canonical":"https:\/\/www.sonoraenequipo.com.mx\/modernizar-el-transporte-publico-elevara-la-productividad-laboral-de-la-entidad\/","og_locale":"es_ES","og_type":"article","og_title":"Sonora en Equipo. Modernizar el transporte p\u00fablico elevar\u00e1 la productividad laboral de la entidad Sonora","og_description":"HERMOSILLO, SONORA. \u2014 El proyecto del Gobierno del Estado de transformar el sistema de transporte p\u00fablico en Hermosillo, contribuir\u00e1 al desarrollo En Sonora en Equipo publicamos toda la informaci\u00f3n de Sonora, M\u00e9xico y el Mundo de manera oportuna y busca que la libertad de expresi\u00f3n sea real. Visita nuestro medio informativo publicado desde Hermosillo, Sonora. %","og_url":"https:\/\/www.sonoraenequipo.com.mx\/modernizar-el-transporte-publico-elevara-la-productividad-laboral-de-la-entidad\/","og_site_name":"Sonora en Equipo.","article_publisher":"https:\/\/www.facebook.com\/SonoraEE\/","article_author":"https:\/\/www.facebook.com\/SonoraEE","article_published_time":"2019-02-22T02:10:03+00:00","article_modified_time":"2019-02-22T03:14:32+00:00","og_image":[{"width":533,"height":400,"url":"https:\/\/www.sonoraenequipo.com.mx\/storage\/2019\/02\/Gabriel-Zepeda-V\u00e1zquez_opt.jpg","type":"image\/jpeg"}],"author":"enequipo","twitter_card":"summary_large_image","twitter_creator":"@sonoraenequipo","twitter_site":"@sonoraenequipo","twitter_misc":{"Escrito por":"enequipo","Tiempo de lectura":"3 minutos"},"schema":{"@context":"https:\/\/schema.org","@graph":[{"@type":"Article","@id":"https:\/\/www.sonoraenequipo.com.mx\/modernizar-el-transporte-publico-elevara-la-productividad-laboral-de-la-entidad\/#article","isPartOf":{"@id":"https:\/\/www.sonoraenequipo.com.mx\/modernizar-el-transporte-publico-elevara-la-productividad-laboral-de-la-entidad\/"},"author":{"name":"enequipo","@id":"https:\/\/www.sonoraenequipo.com.mx\/#\/schema\/person\/50102df0fb23a8fa9e8effad8fa81386"},"headline":"Modernizar el transporte p\u00fablico elevar\u00e1 la productividad laboral de la entidad","datePublished":"2019-02-22T02:10:03+00:00","dateModified":"2019-02-22T03:14:32+00:00","mainEntityOfPage":{"@id":"https:\/\/www.sonoraenequipo.com.mx\/modernizar-el-transporte-publico-elevara-la-productividad-laboral-de-la-entidad\/"},"wordCount":530,"commentCount":0,"publisher":{"@id":"https:\/\/www.sonoraenequipo.com.mx\/#organization"},"image":{"@id":"https:\/\/www.sonoraenequipo.com.mx\/modernizar-el-transporte-publico-elevara-la-productividad-laboral-de-la-entidad\/#primaryimage"},"thumbnailUrl":"https:\/\/www.sonoraenequipo.com.mx\/storage\/2019\/02\/Gabriel-Zepeda-V\u00e1zquez_opt.jpg","articleSection":["Sonora"],"inLanguage":"es","potentialAction":[{"@type":"CommentAction","name":"Comment","target":["https:\/\/www.sonoraenequipo.com.mx\/modernizar-el-transporte-publico-elevara-la-productividad-laboral-de-la-entidad\/#respond"]}]},{"@type":"WebPage","@id":"https:\/\/www.sonoraenequipo.com.mx\/modernizar-el-transporte-publico-elevara-la-productividad-laboral-de-la-entidad\/","url":"https:\/\/www.sonoraenequipo.com.mx\/modernizar-el-transporte-publico-elevara-la-productividad-laboral-de-la-entidad\/","name":"Sonora en Equipo. Modernizar el transporte p\u00fablico elevar\u00e1 la productividad laboral de la entidad Sonora","isPartOf":{"@id":"https:\/\/www.sonoraenequipo.com.mx\/#website"},"primaryImageOfPage":{"@id":"https:\/\/www.sonoraenequipo.com.mx\/modernizar-el-transporte-publico-elevara-la-productividad-laboral-de-la-entidad\/#primaryimage"},"image":{"@id":"https:\/\/www.sonoraenequipo.com.mx\/modernizar-el-transporte-publico-elevara-la-productividad-laboral-de-la-entidad\/#primaryimage"},"thumbnailUrl":"https:\/\/www.sonoraenequipo.com.mx\/storage\/2019\/02\/Gabriel-Zepeda-V\u00e1zquez_opt.jpg","datePublished":"2019-02-22T02:10:03+00:00","dateModified":"2019-02-22T03:14:32+00:00","description":"HERMOSILLO, SONORA. \u2014 El proyecto del Gobierno del Estado de transformar el sistema de transporte p\u00fablico en Hermosillo, contribuir\u00e1 al desarrollo En Sonora en Equipo publicamos toda la informaci\u00f3n de Sonora, M\u00e9xico y el Mundo de manera oportuna y busca que la libertad de expresi\u00f3n sea real. Visita nuestro medio informativo publicado desde Hermosillo, Sonora. %","breadcrumb":{"@id":"https:\/\/www.sonoraenequipo.com.mx\/modernizar-el-transporte-publico-elevara-la-productividad-laboral-de-la-entidad\/#breadcrumb"},"inLanguage":"es","potentialAction":[{"@type":"ReadAction","target":["https:\/\/www.sonoraenequipo.com.mx\/modernizar-el-transporte-publico-elevara-la-productividad-laboral-de-la-entidad\/"]}]},{"@type":"ImageObject","inLanguage":"es","@id":"https:\/\/www.sonoraenequipo.com.mx\/modernizar-el-transporte-publico-elevara-la-productividad-laboral-de-la-entidad\/#primaryimage","url":"https:\/\/www.sonoraenequipo.com.mx\/storage\/2019\/02\/Gabriel-Zepeda-V\u00e1zquez_opt.jpg","contentUrl":"https:\/\/www.sonoraenequipo.com.mx\/storage\/2019\/02\/Gabriel-Zepeda-V\u00e1zquez_opt.jpg","width":533,"height":400},{"@type":"BreadcrumbList","@id":"https:\/\/www.sonoraenequipo.com.mx\/modernizar-el-transporte-publico-elevara-la-productividad-laboral-de-la-entidad\/#breadcrumb","itemListElement":[{"@type":"ListItem","position":1,"name":"Portada","item":"https:\/\/www.sonoraenequipo.com.mx\/"},{"@type":"ListItem","position":2,"name":"Modernizar el transporte p\u00fablico elevar\u00e1 la productividad laboral de la entidad"}]},{"@type":"WebSite","@id":"https:\/\/www.sonoraenequipo.com.mx\/#website","url":"https:\/\/www.sonoraenequipo.com.mx\/","name":"Sonora en Equipo.","description":"Diario en l\u00ednea con Noticias desde Hermosillo, Sonora","publisher":{"@id":"https:\/\/www.sonoraenequipo.com.mx\/#organization"},"potentialAction":[{"@type":"SearchAction","target":{"@type":"EntryPoint","urlTemplate":"https:\/\/www.sonoraenequipo.com.mx\/?s={search_term_string}"},"query-input":{"@type":"PropertyValueSpecification","valueRequired":true,"valueName":"search_term_string"}}],"inLanguage":"es"},{"@type":"Organization","@id":"https:\/\/www.sonoraenequipo.com.mx\/#organization","name":"Sonoraenequipo.com.mx","url":"https:\/\/www.sonoraenequipo.com.mx\/","logo":{"@type":"ImageObject","inLanguage":"es","@id":"https:\/\/www.sonoraenequipo.com.mx\/#\/schema\/logo\/image\/","url":"https:\/\/www.sonoraenequipo.com.mx\/storage\/2019\/01\/sonoraenequipo_opt.png","contentUrl":"https:\/\/www.sonoraenequipo.com.mx\/storage\/2019\/01\/sonoraenequipo_opt.png","width":375,"height":125,"caption":"Sonoraenequipo.com.mx"},"image":{"@id":"https:\/\/www.sonoraenequipo.com.mx\/#\/schema\/logo\/image\/"},"sameAs":["https:\/\/www.facebook.com\/SonoraEE\/","https:\/\/x.com\/sonoraenequipo","https:\/\/www.youtube.com\/channel\/UC338nW-lPEYmJQs4ZABQ1SQ"]},{"@type":"Person","@id":"https:\/\/www.sonoraenequipo.com.mx\/#\/schema\/person\/50102df0fb23a8fa9e8effad8fa81386","name":"enequipo","image":{"@type":"ImageObject","inLanguage":"es","@id":"https:\/\/www.sonoraenequipo.com.mx\/#\/schema\/person\/image\/","url":"https:\/\/secure.gravatar.com\/avatar\/049821681b589dabc0bc20695993ccebb09f5b5d4d790cd9251b97faac7c652b?s=96&d=blank&r=g","contentUrl":"https:\/\/secure.gravatar.com\/avatar\/049821681b589dabc0bc20695993ccebb09f5b5d4d790cd9251b97faac7c652b?s=96&d=blank&r=g","caption":"enequipo"},"sameAs":["https:\/\/www.facebook.com\/SonoraEE"]}]}},"jetpack_featured_media_url":"https:\/\/www.sonoraenequipo.com.mx\/storage\/2019\/02\/Gabriel-Zepeda-V\u00e1zquez_opt.jpg","_links":{"self":[{"href":"https:\/\/www.sonoraenequipo.com.mx\/api\/wp\/v2\/posts\/54494","targetHints":{"allow":["GET"]}}],"collection":[{"href":"https:\/\/www.sonoraenequipo.com.mx\/api\/wp\/v2\/posts"}],"about":[{"href":"https:\/\/www.sonoraenequipo.com.mx\/api\/wp\/v2\/types\/post"}],"author":[{"embeddable":true,"href":"https:\/\/www.sonoraenequipo.com.mx\/api\/wp\/v2\/users\/1"}],"replies":[{"embeddable":true,"href":"https:\/\/www.sonoraenequipo.com.mx\/api\/wp\/v2\/comments?post=54494"}],"version-history":[{"count":0,"href":"https:\/\/www.sonoraenequipo.com.mx\/api\/wp\/v2\/posts\/54494\/revisions"}],"wp:featuredmedia":[{"embeddable":true,"href":"https:\/\/www.sonoraenequipo.com.mx\/api\/wp\/v2\/media\/54495"}],"wp:attachment":[{"href":"https:\/\/www.sonoraenequipo.com.mx\/api\/wp\/v2\/media?parent=54494"}],"wp:term":[{"taxonomy":"category","embeddable":true,"href":"https:\/\/www.sonoraenequipo.com.mx\/api\/wp\/v2\/categories?post=54494"},{"taxonomy":"post_tag","embeddable":true,"href":"https:\/\/www.sonoraenequipo.com.mx\/api\/wp\/v2\/tags?post=54494"}],"curies":[{"name":"wp","href":"https:\/\/api.w.org\/{rel}","templated":true}]}}