{"id":54498,"date":"2019-02-21T18:16:50","date_gmt":"2019-02-22T01:16:50","guid":{"rendered":"http:\/\/www.sonoraenequipo.com.mx\/?p=54498"},"modified":"2019-02-21T21:01:32","modified_gmt":"2019-02-22T04:01:32","slug":"fortaleceran-empoderamiento-economico-de-las-mujeres","status":"publish","type":"post","link":"https:\/\/www.sonoraenequipo.com.mx\/fortaleceran-empoderamiento-economico-de-las-mujeres\/","title":{"rendered":"Fortalecer\u00e1n empoderamiento econ\u00f3mico de las mujeres"},"content":{"rendered":"<p>NOGALES, SONORA. MX. \u2014 Con el objetivo de continuar fortaleciendo el empoderamiento econ\u00f3mico de la mujer, se firm\u00f3 un convenio entre el Instituto Sonorense de las Mujeres (ISM) y el Centro de Capacitaci\u00f3n para el Trabajo Industrial (Cecati) 118 con sede en Nogales. <\/p>\n<p>Blanca Luz Salda\u00f1a L\u00f3pez coordinadora ejecutiva del ISM, dijo que con dicho convenio el Cecati 118 est\u00e1 ofreciendo el 90 por ciento de la beca en el costo, lo que significa que las interesadas s\u00f3lo pagar\u00e1n cien pesos por el curso, apoyando en el empoderamiento econ\u00f3mico de las mujeres, a partir de la capacitaci\u00f3n y la educaci\u00f3n, como lo impulsa la gobernadora Claudia Pavlovich Arellano.<\/p>\n<p>\u201cEstamos muy agradecidas con el director del Cecati 118 de Nogales Eduardo L\u00f3pez Guaydac\u00e1n que representa al Gobierno Federal en este proceso a trav\u00e9s del cual se nos abren las puertas en el tema de la capacitaci\u00f3n y con quien ya ven\u00edamos trabajando en lo que respecta a la atenci\u00f3n de sus alumnos\u201c, expres\u00f3 Salda\u00f1a L\u00f3pez.<\/p>\n<p>Con esta capacitaci\u00f3n, precis\u00f3, se trabaja en el empoderamiento de las mujeres a trav\u00e9s de las acciones de transversalidad para ofrecer cursos en temas como mecatr\u00f3nica, electr\u00f3nica, costura, estilismo, inform\u00e1tica, refrigeraci\u00f3n y aire acondicionado.<\/p>\n<p><em>\u201cVamos a manejar temas que las mujeres de manera tradicional han desarrollado, pero tambi\u00e9n otros en los cuales las mujeres pueden tener \u00e1reas de oportunidad para incorporarse y que son indistintamente del g\u00e9nero\u201d<\/em>, explic\u00f3.<\/p>\n<p>Se busca, dijo, que las mujeres tomen conocimientos b\u00e1sicos necesarios para establecer sus propios negocios y generen sus ingresos familiares o bien se puedan contratar en diferentes industrias e incluso iniciar sus micro empresas.<\/p>\n<p><em>\u201cEl Cecati 118 ser\u00e1 parte fundamental para poder impulsar y desarrollar a las mujeres de Nogales y los alrededores, porque a trav\u00e9s de la coordinaci\u00f3n general se promover\u00e1n estas capacitaciones en Janos, Santa Cruz incluso bajarlas a \u00cdmuris y Magdalena\u201d<\/em>, coment\u00f3 Salda\u00f1a L\u00f3pez.<\/p>\n<p>Inform\u00f3 que en el convenio el Cecati 118 est\u00e1 dando el 90 por ciento de la beca en el costo, lo que cual significa que las interesadas s\u00f3lo pagar\u00e1n cien pesos por el curso.<\/p>\n<p><em>\u201cDefinitivamente se trata de un proceso en el que esta instituci\u00f3n nos est\u00e1 ofreciendo esta capacitaci\u00f3n que tiene una amplia rentabilidad social y a un bajo costo econ\u00f3mico\u201d,<\/em> dijo Salda\u00f1a L\u00f3pez.<\/p>\n<p>Por su parte L\u00f3pez Guaydac\u00e1n director del Cecati 118 dijo que la instituci\u00f3n a su cargo siempre se ha caracterizado por apoyar a la reconstrucci\u00f3n del tejido social y que est\u00e1 m\u00e1s que contento de poder trabajar en los programas que maneja el ISM y que siempre estar\u00e1n dispuestos a trabajar con \u00e9ste.<\/p>\n<p>Blanca Salda\u00f1a durante su visita a Nogales encabez\u00f3 otras actividades, como el arranque del Seminario para el Desarrollo Personal y Humano de Docentes y Administrativos en la Universidad Tecnol\u00f3gica de Nogales (UTN).<\/p>\n<p>En esa misma instituci\u00f3n con la que asegur\u00f3 Salda\u00f1a L\u00f3pez que han venido trabajando fuertemente, tambi\u00e9n se impartieron pl\u00e1ticas a estudiantes enfocadas a Violencia en el Noviazgo y el Uso Responsable de las Redes Sociales.<\/p>\n<p>La funcionaria estatal tambi\u00e9n durante un evento en las instalaciones del DIF Municipal en esta frontera present\u00f3 el Modelo de Protocolo para Prevenir y atender el Hostigamiento y Acoso Sexual en Instituciones P\u00fablicas y Privadas, de Educaci\u00f3n Media Superior y Superior y de la Administraci\u00f3n P\u00fablica.<\/p>\n<p>Publicada 21\/02\/2019<\/p>\n","protected":false},"excerpt":{"rendered":"<p>FIRMAN CONVENIO ISM y CECATI 118 DE NOGALES<\/p>\n","protected":false},"author":1,"featured_media":54499,"comment_status":"open","ping_status":"open","sticky":false,"template":"","format":"standard","meta":{"_monsterinsights_skip_tracking":false,"_monsterinsights_sitenote_active":false,"_monsterinsights_sitenote_note":"","_monsterinsights_sitenote_category":0,"footnotes":""},"categories":[22],"tags":[],"class_list":["post"],"yoast_head":" \n<title>Sonora en Equipo. Fortalecer\u00e1n empoderamiento econ\u00f3mico de las mujeres Sonora<\/title>\n<meta name=\"description\" content=\"FIRMAN CONVENIO ISM y CECATI 118 DE NOGALES En Sonora en Equipo publicamos toda la informaci\u00f3n de Sonora, M\u00e9xico y el Mundo de manera oportuna y busca que la libertad de expresi\u00f3n sea real. Visita nuestro medio informativo publicado desde Hermosillo, Sonora. %\" \/>\n<meta name=\"robots\" content=\"index, follow, max-snippet:-1, max-image-preview:large, max-video-preview:-1\" \/>\n<link rel=\"canonical\" href=\"https:\/\/www.sonoraenequipo.com.mx\/fortaleceran-empoderamiento-economico-de-las-mujeres\/\" \/>\n<meta property=\"og:locale\" content=\"es_ES\" \/>\n<meta property=\"og:type\" content=\"article\" \/>\n<meta property=\"og:title\" content=\"Sonora en Equipo. Fortalecer\u00e1n empoderamiento econ\u00f3mico de las mujeres Sonora\" \/>\n<meta property=\"og:description\" content=\"FIRMAN CONVENIO ISM y CECATI 118 DE NOGALES En Sonora en Equipo publicamos toda la informaci\u00f3n de Sonora, M\u00e9xico y el Mundo de manera oportuna y busca que la libertad de expresi\u00f3n sea real. Visita nuestro medio informativo publicado desde Hermosillo, Sonora. %\" \/>\n<meta property=\"og:url\" content=\"https:\/\/www.sonoraenequipo.com.mx\/fortaleceran-empoderamiento-economico-de-las-mujeres\/\" \/>\n<meta property=\"og:site_name\" content=\"Sonora en Equipo.\" \/>\n<meta property=\"article:publisher\" content=\"https:\/\/www.facebook.com\/SonoraEE\/\" \/>\n<meta property=\"article:author\" content=\"https:\/\/www.facebook.com\/SonoraEE\" \/>\n<meta property=\"article:published_time\" content=\"2019-02-22T01:16:50+00:00\" \/>\n<meta property=\"article:modified_time\" content=\"2019-02-22T04:01:32+00:00\" \/>\n<meta property=\"og:image\" content=\"https:\/\/www.sonoraenequipo.com.mx\/storage\/2019\/02\/convenioism-cecati118_opt.jpg\" \/>\n\t<meta property=\"og:image:width\" content=\"600\" \/>\n\t<meta property=\"og:image:height\" content=\"400\" \/>\n\t<meta property=\"og:image:type\" content=\"image\/jpeg\" \/>\n<meta name=\"author\" content=\"enequipo\" \/>\n<meta name=\"twitter:card\" content=\"summary_large_image\" \/>\n<meta name=\"twitter:creator\" content=\"@sonoraenequipo\" \/>\n<meta name=\"twitter:site\" content=\"@sonoraenequipo\" \/>\n<meta name=\"twitter:label1\" content=\"Escrito por\" \/>\n\t<meta name=\"twitter:data1\" content=\"enequipo\" \/>\n\t<meta name=\"twitter:label2\" content=\"Tiempo de lectura\" \/>\n\t<meta name=\"twitter:data2\" content=\"3 minutos\" \/>\n<script type=\"application\/ld+json\" class=\"yoast-schema-graph\">{\"@context\":\"https:\/\/schema.org\",\"@graph\":[{\"@type\":\"Article\",\"@id\":\"https:\/\/www.sonoraenequipo.com.mx\/fortaleceran-empoderamiento-economico-de-las-mujeres\/#article\",\"isPartOf\":{\"@id\":\"https:\/\/www.sonoraenequipo.com.mx\/fortaleceran-empoderamiento-economico-de-las-mujeres\/\"},\"author\":{\"name\":\"enequipo\",\"@id\":\"https:\/\/www.sonoraenequipo.com.mx\/#\/schema\/person\/50102df0fb23a8fa9e8effad8fa81386\"},\"headline\":\"Fortalecer\u00e1n empoderamiento econ\u00f3mico de las mujeres\",\"datePublished\":\"2019-02-22T01:16:50+00:00\",\"dateModified\":\"2019-02-22T04:01:32+00:00\",\"mainEntityOfPage\":{\"@id\":\"https:\/\/www.sonoraenequipo.com.mx\/fortaleceran-empoderamiento-economico-de-las-mujeres\/\"},\"wordCount\":596,\"commentCount\":0,\"publisher\":{\"@id\":\"https:\/\/www.sonoraenequipo.com.mx\/#organization\"},\"image\":{\"@id\":\"https:\/\/www.sonoraenequipo.com.mx\/fortaleceran-empoderamiento-economico-de-las-mujeres\/#primaryimage\"},\"thumbnailUrl\":\"https:\/\/www.sonoraenequipo.com.mx\/storage\/2019\/02\/convenioism-cecati118_opt.jpg\",\"articleSection\":[\"Sonora\"],\"inLanguage\":\"es\",\"potentialAction\":[{\"@type\":\"CommentAction\",\"name\":\"Comment\",\"target\":[\"https:\/\/www.sonoraenequipo.com.mx\/fortaleceran-empoderamiento-economico-de-las-mujeres\/#respond\"]}]},{\"@type\":\"WebPage\",\"@id\":\"https:\/\/www.sonoraenequipo.com.mx\/fortaleceran-empoderamiento-economico-de-las-mujeres\/\",\"url\":\"https:\/\/www.sonoraenequipo.com.mx\/fortaleceran-empoderamiento-economico-de-las-mujeres\/\",\"name\":\"Sonora en Equipo. Fortalecer\u00e1n empoderamiento econ\u00f3mico de las mujeres Sonora\",\"isPartOf\":{\"@id\":\"https:\/\/www.sonoraenequipo.com.mx\/#website\"},\"primaryImageOfPage\":{\"@id\":\"https:\/\/www.sonoraenequipo.com.mx\/fortaleceran-empoderamiento-economico-de-las-mujeres\/#primaryimage\"},\"image\":{\"@id\":\"https:\/\/www.sonoraenequipo.com.mx\/fortaleceran-empoderamiento-economico-de-las-mujeres\/#primaryimage\"},\"thumbnailUrl\":\"https:\/\/www.sonoraenequipo.com.mx\/storage\/2019\/02\/convenioism-cecati118_opt.jpg\",\"datePublished\":\"2019-02-22T01:16:50+00:00\",\"dateModified\":\"2019-02-22T04:01:32+00:00\",\"description\":\"FIRMAN CONVENIO ISM y CECATI 118 DE NOGALES En Sonora en Equipo publicamos toda la informaci\u00f3n de Sonora, M\u00e9xico y el Mundo de manera oportuna y busca que la libertad de expresi\u00f3n sea real. Visita nuestro medio informativo publicado desde Hermosillo, Sonora. %\",\"breadcrumb\":{\"@id\":\"https:\/\/www.sonoraenequipo.com.mx\/fortaleceran-empoderamiento-economico-de-las-mujeres\/#breadcrumb\"},\"inLanguage\":\"es\",\"potentialAction\":[{\"@type\":\"ReadAction\",\"target\":[\"https:\/\/www.sonoraenequipo.com.mx\/fortaleceran-empoderamiento-economico-de-las-mujeres\/\"]}]},{\"@type\":\"ImageObject\",\"inLanguage\":\"es\",\"@id\":\"https:\/\/www.sonoraenequipo.com.mx\/fortaleceran-empoderamiento-economico-de-las-mujeres\/#primaryimage\",\"url\":\"https:\/\/www.sonoraenequipo.com.mx\/storage\/2019\/02\/convenioism-cecati118_opt.jpg\",\"contentUrl\":\"https:\/\/www.sonoraenequipo.com.mx\/storage\/2019\/02\/convenioism-cecati118_opt.jpg\",\"width\":600,\"height\":400},{\"@type\":\"BreadcrumbList\",\"@id\":\"https:\/\/www.sonoraenequipo.com.mx\/fortaleceran-empoderamiento-economico-de-las-mujeres\/#breadcrumb\",\"itemListElement\":[{\"@type\":\"ListItem\",\"position\":1,\"name\":\"Portada\",\"item\":\"https:\/\/www.sonoraenequipo.com.mx\/\"},{\"@type\":\"ListItem\",\"position\":2,\"name\":\"Fortalecer\u00e1n empoderamiento econ\u00f3mico de las mujeres\"}]},{\"@type\":\"WebSite\",\"@id\":\"https:\/\/www.sonoraenequipo.com.mx\/#website\",\"url\":\"https:\/\/www.sonoraenequipo.com.mx\/\",\"name\":\"Sonora en Equipo.\",\"description\":\"Diario en l\u00ednea con Noticias desde Hermosillo, Sonora\",\"publisher\":{\"@id\":\"https:\/\/www.sonoraenequipo.com.mx\/#organization\"},\"potentialAction\":[{\"@type\":\"SearchAction\",\"target\":{\"@type\":\"EntryPoint\",\"urlTemplate\":\"https:\/\/www.sonoraenequipo.com.mx\/?s={search_term_string}\"},\"query-input\":{\"@type\":\"PropertyValueSpecification\",\"valueRequired\":true,\"valueName\":\"search_term_string\"}}],\"inLanguage\":\"es\"},{\"@type\":\"Organization\",\"@id\":\"https:\/\/www.sonoraenequipo.com.mx\/#organization\",\"name\":\"Sonoraenequipo.com.mx\",\"url\":\"https:\/\/www.sonoraenequipo.com.mx\/\",\"logo\":{\"@type\":\"ImageObject\",\"inLanguage\":\"es\",\"@id\":\"https:\/\/www.sonoraenequipo.com.mx\/#\/schema\/logo\/image\/\",\"url\":\"https:\/\/www.sonoraenequipo.com.mx\/storage\/2019\/01\/sonoraenequipo_opt.png\",\"contentUrl\":\"https:\/\/www.sonoraenequipo.com.mx\/storage\/2019\/01\/sonoraenequipo_opt.png\",\"width\":375,\"height\":125,\"caption\":\"Sonoraenequipo.com.mx\"},\"image\":{\"@id\":\"https:\/\/www.sonoraenequipo.com.mx\/#\/schema\/logo\/image\/\"},\"sameAs\":[\"https:\/\/www.facebook.com\/SonoraEE\/\",\"https:\/\/x.com\/sonoraenequipo\",\"https:\/\/www.youtube.com\/channel\/UC338nW-lPEYmJQs4ZABQ1SQ\"]},{\"@type\":\"Person\",\"@id\":\"https:\/\/www.sonoraenequipo.com.mx\/#\/schema\/person\/50102df0fb23a8fa9e8effad8fa81386\",\"name\":\"enequipo\",\"image\":{\"@type\":\"ImageObject\",\"inLanguage\":\"es\",\"@id\":\"https:\/\/www.sonoraenequipo.com.mx\/#\/schema\/person\/image\/\",\"url\":\"https:\/\/secure.gravatar.com\/avatar\/049821681b589dabc0bc20695993ccebb09f5b5d4d790cd9251b97faac7c652b?s=96&d=blank&r=g\",\"contentUrl\":\"https:\/\/secure.gravatar.com\/avatar\/049821681b589dabc0bc20695993ccebb09f5b5d4d790cd9251b97faac7c652b?s=96&d=blank&r=g\",\"caption\":\"enequipo\"},\"sameAs\":[\"https:\/\/www.facebook.com\/SonoraEE\"]}]}<\/script>\n ","yoast_head_json":{"title":"Sonora en Equipo. Fortalecer\u00e1n empoderamiento econ\u00f3mico de las mujeres Sonora","description":"FIRMAN CONVENIO ISM y CECATI 118 DE NOGALES En Sonora en Equipo publicamos toda la informaci\u00f3n de Sonora, M\u00e9xico y el Mundo de manera oportuna y busca que la libertad de expresi\u00f3n sea real. Visita nuestro medio informativo publicado desde Hermosillo, Sonora. %","robots":{"index":"index","follow":"follow","max-snippet":"max-snippet:-1","max-image-preview":"max-image-preview:large","max-video-preview":"max-video-preview:-1"},"canonical":"https:\/\/www.sonoraenequipo.com.mx\/fortaleceran-empoderamiento-economico-de-las-mujeres\/","og_locale":"es_ES","og_type":"article","og_title":"Sonora en Equipo. Fortalecer\u00e1n empoderamiento econ\u00f3mico de las mujeres Sonora","og_description":"FIRMAN CONVENIO ISM y CECATI 118 DE NOGALES En Sonora en Equipo publicamos toda la informaci\u00f3n de Sonora, M\u00e9xico y el Mundo de manera oportuna y busca que la libertad de expresi\u00f3n sea real. Visita nuestro medio informativo publicado desde Hermosillo, Sonora. %","og_url":"https:\/\/www.sonoraenequipo.com.mx\/fortaleceran-empoderamiento-economico-de-las-mujeres\/","og_site_name":"Sonora en Equipo.","article_publisher":"https:\/\/www.facebook.com\/SonoraEE\/","article_author":"https:\/\/www.facebook.com\/SonoraEE","article_published_time":"2019-02-22T01:16:50+00:00","article_modified_time":"2019-02-22T04:01:32+00:00","og_image":[{"width":600,"height":400,"url":"https:\/\/www.sonoraenequipo.com.mx\/storage\/2019\/02\/convenioism-cecati118_opt.jpg","type":"image\/jpeg"}],"author":"enequipo","twitter_card":"summary_large_image","twitter_creator":"@sonoraenequipo","twitter_site":"@sonoraenequipo","twitter_misc":{"Escrito por":"enequipo","Tiempo de lectura":"3 minutos"},"schema":{"@context":"https:\/\/schema.org","@graph":[{"@type":"Article","@id":"https:\/\/www.sonoraenequipo.com.mx\/fortaleceran-empoderamiento-economico-de-las-mujeres\/#article","isPartOf":{"@id":"https:\/\/www.sonoraenequipo.com.mx\/fortaleceran-empoderamiento-economico-de-las-mujeres\/"},"author":{"name":"enequipo","@id":"https:\/\/www.sonoraenequipo.com.mx\/#\/schema\/person\/50102df0fb23a8fa9e8effad8fa81386"},"headline":"Fortalecer\u00e1n empoderamiento econ\u00f3mico de las mujeres","datePublished":"2019-02-22T01:16:50+00:00","dateModified":"2019-02-22T04:01:32+00:00","mainEntityOfPage":{"@id":"https:\/\/www.sonoraenequipo.com.mx\/fortaleceran-empoderamiento-economico-de-las-mujeres\/"},"wordCount":596,"commentCount":0,"publisher":{"@id":"https:\/\/www.sonoraenequipo.com.mx\/#organization"},"image":{"@id":"https:\/\/www.sonoraenequipo.com.mx\/fortaleceran-empoderamiento-economico-de-las-mujeres\/#primaryimage"},"thumbnailUrl":"https:\/\/www.sonoraenequipo.com.mx\/storage\/2019\/02\/convenioism-cecati118_opt.jpg","articleSection":["Sonora"],"inLanguage":"es","potentialAction":[{"@type":"CommentAction","name":"Comment","target":["https:\/\/www.sonoraenequipo.com.mx\/fortaleceran-empoderamiento-economico-de-las-mujeres\/#respond"]}]},{"@type":"WebPage","@id":"https:\/\/www.sonoraenequipo.com.mx\/fortaleceran-empoderamiento-economico-de-las-mujeres\/","url":"https:\/\/www.sonoraenequipo.com.mx\/fortaleceran-empoderamiento-economico-de-las-mujeres\/","name":"Sonora en Equipo. Fortalecer\u00e1n empoderamiento econ\u00f3mico de las mujeres Sonora","isPartOf":{"@id":"https:\/\/www.sonoraenequipo.com.mx\/#website"},"primaryImageOfPage":{"@id":"https:\/\/www.sonoraenequipo.com.mx\/fortaleceran-empoderamiento-economico-de-las-mujeres\/#primaryimage"},"image":{"@id":"https:\/\/www.sonoraenequipo.com.mx\/fortaleceran-empoderamiento-economico-de-las-mujeres\/#primaryimage"},"thumbnailUrl":"https:\/\/www.sonoraenequipo.com.mx\/storage\/2019\/02\/convenioism-cecati118_opt.jpg","datePublished":"2019-02-22T01:16:50+00:00","dateModified":"2019-02-22T04:01:32+00:00","description":"FIRMAN CONVENIO ISM y CECATI 118 DE NOGALES En Sonora en Equipo publicamos toda la informaci\u00f3n de Sonora, M\u00e9xico y el Mundo de manera oportuna y busca que la libertad de expresi\u00f3n sea real. Visita nuestro medio informativo publicado desde Hermosillo, Sonora. %","breadcrumb":{"@id":"https:\/\/www.sonoraenequipo.com.mx\/fortaleceran-empoderamiento-economico-de-las-mujeres\/#breadcrumb"},"inLanguage":"es","potentialAction":[{"@type":"ReadAction","target":["https:\/\/www.sonoraenequipo.com.mx\/fortaleceran-empoderamiento-economico-de-las-mujeres\/"]}]},{"@type":"ImageObject","inLanguage":"es","@id":"https:\/\/www.sonoraenequipo.com.mx\/fortaleceran-empoderamiento-economico-de-las-mujeres\/#primaryimage","url":"https:\/\/www.sonoraenequipo.com.mx\/storage\/2019\/02\/convenioism-cecati118_opt.jpg","contentUrl":"https:\/\/www.sonoraenequipo.com.mx\/storage\/2019\/02\/convenioism-cecati118_opt.jpg","width":600,"height":400},{"@type":"BreadcrumbList","@id":"https:\/\/www.sonoraenequipo.com.mx\/fortaleceran-empoderamiento-economico-de-las-mujeres\/#breadcrumb","itemListElement":[{"@type":"ListItem","position":1,"name":"Portada","item":"https:\/\/www.sonoraenequipo.com.mx\/"},{"@type":"ListItem","position":2,"name":"Fortalecer\u00e1n empoderamiento econ\u00f3mico de las mujeres"}]},{"@type":"WebSite","@id":"https:\/\/www.sonoraenequipo.com.mx\/#website","url":"https:\/\/www.sonoraenequipo.com.mx\/","name":"Sonora en Equipo.","description":"Diario en l\u00ednea con Noticias desde Hermosillo, Sonora","publisher":{"@id":"https:\/\/www.sonoraenequipo.com.mx\/#organization"},"potentialAction":[{"@type":"SearchAction","target":{"@type":"EntryPoint","urlTemplate":"https:\/\/www.sonoraenequipo.com.mx\/?s={search_term_string}"},"query-input":{"@type":"PropertyValueSpecification","valueRequired":true,"valueName":"search_term_string"}}],"inLanguage":"es"},{"@type":"Organization","@id":"https:\/\/www.sonoraenequipo.com.mx\/#organization","name":"Sonoraenequipo.com.mx","url":"https:\/\/www.sonoraenequipo.com.mx\/","logo":{"@type":"ImageObject","inLanguage":"es","@id":"https:\/\/www.sonoraenequipo.com.mx\/#\/schema\/logo\/image\/","url":"https:\/\/www.sonoraenequipo.com.mx\/storage\/2019\/01\/sonoraenequipo_opt.png","contentUrl":"https:\/\/www.sonoraenequipo.com.mx\/storage\/2019\/01\/sonoraenequipo_opt.png","width":375,"height":125,"caption":"Sonoraenequipo.com.mx"},"image":{"@id":"https:\/\/www.sonoraenequipo.com.mx\/#\/schema\/logo\/image\/"},"sameAs":["https:\/\/www.facebook.com\/SonoraEE\/","https:\/\/x.com\/sonoraenequipo","https:\/\/www.youtube.com\/channel\/UC338nW-lPEYmJQs4ZABQ1SQ"]},{"@type":"Person","@id":"https:\/\/www.sonoraenequipo.com.mx\/#\/schema\/person\/50102df0fb23a8fa9e8effad8fa81386","name":"enequipo","image":{"@type":"ImageObject","inLanguage":"es","@id":"https:\/\/www.sonoraenequipo.com.mx\/#\/schema\/person\/image\/","url":"https:\/\/secure.gravatar.com\/avatar\/049821681b589dabc0bc20695993ccebb09f5b5d4d790cd9251b97faac7c652b?s=96&d=blank&r=g","contentUrl":"https:\/\/secure.gravatar.com\/avatar\/049821681b589dabc0bc20695993ccebb09f5b5d4d790cd9251b97faac7c652b?s=96&d=blank&r=g","caption":"enequipo"},"sameAs":["https:\/\/www.facebook.com\/SonoraEE"]}]}},"jetpack_featured_media_url":"https:\/\/www.sonoraenequipo.com.mx\/storage\/2019\/02\/convenioism-cecati118_opt.jpg","_links":{"self":[{"href":"https:\/\/www.sonoraenequipo.com.mx\/api\/wp\/v2\/posts\/54498","targetHints":{"allow":["GET"]}}],"collection":[{"href":"https:\/\/www.sonoraenequipo.com.mx\/api\/wp\/v2\/posts"}],"about":[{"href":"https:\/\/www.sonoraenequipo.com.mx\/api\/wp\/v2\/types\/post"}],"author":[{"embeddable":true,"href":"https:\/\/www.sonoraenequipo.com.mx\/api\/wp\/v2\/users\/1"}],"replies":[{"embeddable":true,"href":"https:\/\/www.sonoraenequipo.com.mx\/api\/wp\/v2\/comments?post=54498"}],"version-history":[{"count":0,"href":"https:\/\/www.sonoraenequipo.com.mx\/api\/wp\/v2\/posts\/54498\/revisions"}],"wp:featuredmedia":[{"embeddable":true,"href":"https:\/\/www.sonoraenequipo.com.mx\/api\/wp\/v2\/media\/54499"}],"wp:attachment":[{"href":"https:\/\/www.sonoraenequipo.com.mx\/api\/wp\/v2\/media?parent=54498"}],"wp:term":[{"taxonomy":"category","embeddable":true,"href":"https:\/\/www.sonoraenequipo.com.mx\/api\/wp\/v2\/categories?post=54498"},{"taxonomy":"post_tag","embeddable":true,"href":"https:\/\/www.sonoraenequipo.com.mx\/api\/wp\/v2\/tags?post=54498"}],"curies":[{"name":"wp","href":"https:\/\/api.w.org\/{rel}","templated":true}]}}