{"id":58398,"date":"2019-04-11T15:41:12","date_gmt":"2019-04-11T22:41:12","guid":{"rendered":"http:\/\/www.sonoraenequipo.com.mx\/?p=58398"},"modified":"2019-04-11T15:45:13","modified_gmt":"2019-04-11T22:45:13","slug":"presenta-gobierno-de-hermosillo-operativo-de-semana-santa-seguro-pasala-bien","status":"publish","type":"post","link":"https:\/\/www.sonoraenequipo.com.mx\/presenta-gobierno-de-hermosillo-operativo-de-semana-santa-seguro-pasala-bien\/","title":{"rendered":"Presenta gobierno de Hermosillo Operativo de Semana Santa \u201cSeguro \u00a1p\u00e1sala bien!\u201d"},"content":{"rendered":"<p>HERMOSILLO, SONORA.- Este d\u00eda se present\u00f3 el operativo correspondiente a la Semana Santa 2019 \u201cSeguro \u00a1p\u00e1sala bien!\u201d, en donde por instrucciones de la presidenta Celida L\u00f3pez, la Secretar\u00eda se encarg\u00f3 de coordinar a las diferentes dependencias del Ayuntamiento para ofrecer a los ciudadanos unas vacaciones tranquilas, limpias y seguras. <\/p>\n<p>Alfredo G\u00f3mez Sarabia, Secretario del Ayuntamiento, Luis Alberto Campa Lastra, comisario General de Seguridad P\u00fablica Municipal y Norberto Barraza Almaz\u00e1n, coordinador de Servicios P\u00fablicos Municipales, fueron los portavoces del anuncio de este operativo que se llevar\u00e1 a cabo del 17 al 21 de abril.<\/p>\n<p>G\u00f3mez Sarabia explic\u00f3 que la invitaci\u00f3n es, en general, a cumplir las normas de tr\u00e1nsito y convivencia; seguir las recomendaciones de Protecci\u00f3n Civil para dejar su casa segura y mantener limpio los lugares que visiten, tanto en la ciudad como las zonas rurales y playas.<\/p>\n<p>Destac\u00f3 que polic\u00edas, bomberos, Inspecci\u00f3n y Vigilancia, Protecci\u00f3n Civil, DIF, Cruz Roja, Instituto del Deporte y la Juventud, Servicios P\u00fablicos Municipales, Fomento Econ\u00f3mico y Turismo, IMCA, entre otras dependencias, estar\u00e1n unas coordinando actividades de esparcimiento y otras operativos para vigilar y salvaguardar tanto a los hermosillenses como a los turistas.<\/p>\n<p>Coment\u00f3 que en Bah\u00eda de Kino se instalar\u00e1n 3 puestos de socorro de la Cruz Roja, 7 ambulancias; 2 m\u00e9dicos de DIF Hermosillo; un \u00e1rea de apoyo por menores extraviados, habr\u00e1 operativo de inspecci\u00f3n y vigilancia, 33 Bomberos contar\u00e1n con 9 torres de vigilancia, con personal especializado para atender quemaduras de medusa y picaduras de mantarraya.<br \/>\nLuis Alberto Campa Lastra expuso que laborar\u00e1n 256 elementos, 151 preventivos y 105 de tr\u00e1nsito; estar\u00e1n destinadas 40 unidades, 30 preventivas y 10 de tr\u00e1nsito, as\u00ed como 45 motocicletas.<\/p>\n<p>Algunas de las tareas que tendr\u00e1n ser\u00e1n realizar operativos carrusel constantes en las carreteras y estar\u00e1n en m\u00f3dulos de auxilio en el kil\u00f3metro 10 a la carreta a Kino, donde el a\u00f1o pasado se registr\u00f3 un aforo de 31 mil 500 veh\u00edculos que salieron por ese punto.<\/p>\n<p>El siguiente m\u00f3dulo estar\u00e1 ubicado en el kil\u00f3metro 60 de dicha carretera, que es en Miguel Alem\u00e1n; otro estar\u00e1 en el llamado Pulpo Loco, antes de llegar a Bah\u00eda de Kino; uno m\u00e1s en el kil\u00f3metro 6 de la carretera a Ures, en el Tronconal; y otro en la carretera 26, en el Real del 14.<\/p>\n<p>Norberto Barraza Almaz\u00e1n, record\u00f3 que se suspende jueves, viernes y s\u00e1bado el servicio de recolecci\u00f3n, y que operar\u00e1n en el Centro de la ciudad, pero estar\u00e1n todos los d\u00edas y 24 horas los contenderos fijos en los puntos habituales.<\/p>\n<p>Dichos d\u00edas se dar\u00e1 servicio en el \u00e1rea rural Oriente, donde hay mucha afluencia de personas; y en Bah\u00eda de Kino operar\u00e1n 26 camiones recolectores, con 50 personas, tanto en inspecci\u00f3n como en limpieza; adem\u00e1s de 55 trabajadores de empleo temporal en las playas y 50 m\u00e1s en San Pedro.<\/p>\n<p>Colocar\u00e1n 150 contenedores de pl\u00e1stico con capacidad de mil 100 litros, sumados a los 180 que ya se ten\u00edan en operaci\u00f3n; en el \u00e1rea comercial habr\u00e1 otros de 30 metros c\u00fabicos, para tener la cobertura suficiente y mantener limpio el lugar.<\/p>\n<p>Asimismo, en la entrada a Bah\u00eda de Kino se entregar\u00e1n tr\u00edpticos para que los turistas conozcan los puntos donde estar\u00e1n ubicados los servicios y puestos de emergencia; a a los que este a\u00f1o se une el Troleb\u00fas, que ser\u00e1 gratuito y tendr\u00e1 salidas cada dos horas, desde las 8, desde Kino M\u00e1gico, con paradas a una cuadra del muelle, en el \u00e1rea de palapas y en Playa Esthela.<\/p>\n<p>Tambi\u00e9n se inform\u00f3 que se instalar\u00e1n m\u00e1s de 100 ba\u00f1os p\u00fablicos, distribuidos en dicho balneario y en el \u00e1rea rural, los cuales que ser\u00e1n gratuitos para comodidad de los vacacionistas.<\/p>\n<p>Se recuerda a la comunidad estar atentos a la informaci\u00f3n constante que se estar\u00e1 generando tanto en redes sociales del Ayuntamiento como en medios de comunicaci\u00f3n, as\u00ed como poner atenci\u00f3n a las recomendaciones en tr\u00edpticos que se entregar\u00e1n en los diferentes puntos estrat\u00e9gicos.<\/p>\n<p>El personal del Ayuntamiento de Hermosillo, encabezado por Celida L\u00f3pez C\u00e1rdenas, espera que la Semana Santa sea una experiencia familiar llena de buenos momentos, en donde la seguridad y sana diversi\u00f3n de todos ser\u00e1 una prioridad.<\/p>\n<p>Algunas actividades y acciones a realizar son:<\/p>\n<p>Inspecci\u00f3n y Vigilancia.- Se encargar\u00e1 de la emisi\u00f3n de permisos, supervisi\u00f3n e inspecci\u00f3n de eventos y espect\u00e1culos musicales; supervisi\u00f3n de locales y puestos, provisionales y establecidos; inspecci\u00f3n y regulaci\u00f3n de publicidad impresa (lonas, anuncios, vallas, pendones, etc.) adem\u00e1s de un m\u00f3dulo de informaci\u00f3n y atenci\u00f3n ciudadana de la dependencia.<br \/>\nProtecci\u00f3n Civil.- Difusi\u00f3n de medidas preventivas y de seguridad; Atender reportes por situaciones de riesgo y Supervisi\u00f3n de condiciones de seguridad en eventos.<\/p>\n<p>Fomento Econ\u00f3mico y Turismo.- Promoci\u00f3n y difusi\u00f3n de eventos en coordinaci\u00f3n con empresas y organismos tur\u00edsticos<br \/>\nDIF.- Instalar\u00e1 m\u00f3dulo con dos m\u00e9dicos ubicado junto el \u00e1rea de las palapas en Kino Nuevo.<br \/>\nProcuradur\u00eda Para la Defensa De la Ni\u00f1a, Ni\u00f1o, Adolescente y Adulto Mayor:<br \/>\n\u2022 Abogado de Jueves a Domingo<br \/>\n\u2022 Ubicado de planta<br \/>\n\u2022 Atenci\u00f3n a menores infractores y menores extraviados<br \/>\nServicios P\u00fablicos Municipales<br \/>\n\u2022 Se suspende la recolecci\u00f3n de basura en domicilios los d\u00edas jueves, viernes y s\u00e1bado, a excepci\u00f3n del centro de la ciudad de Hermosillo, principales vialidades y lugares en donde los fariseos realizan sus ceremonias (Coloso bajo, Ranchito, Revoluci\u00f3n y Hacienda la Flor)<br \/>\n\u2022 Recolecci\u00f3n:<br \/>\n&#8211; Playas: Bah\u00eda de Kino, el Colorado y el Choyudo.<br \/>\n&#8211; Zonas rurales: San Pedro, Molino de Camou, Tazajal y La Victoria<br \/>\n\u2022 Limpieza:<\/p>\n<p>&#8211; Playa y lugares que as\u00ed se requiera.<\/p>\n<p>&#8211; Ret\u00e9n ecol\u00f3gico (entrada de Kino, se les entregar\u00e1 una bolsa a turistas para que la entreguen de vuelta con la basura)<br \/>\n&#8211; Instalaci\u00f3n de 4 Petz (estructuras en forma de pez para depositar botellas de pl\u00e1stico y reciclar) donados por Geocycle, Oxxo y Arq. Gabriel Urqu\u00eddez Coppel<br \/>\n&#8211; Instalaci\u00f3n de 150 contenedores en la avenida Mar de Cort\u00e9s (Kino Nuevo)<br \/>\n&#8211; Instalaci\u00f3n de dos contenedores de 30 Mts. c\u00fabicos en Kino Pueblo y Kino Nuevo<br \/>\n&#8211; Instalaci\u00f3n en la playa de 80 tambos de 200 Lts. que fueron pintados por alumnos de Cobach e ITESM<\/p>\n<p>Instituto del Deporte y de la Juventud.-<\/p>\n<p>Actividades del 18 al 20 de abril:<br \/>\nEn el \u00e1rea de palapas. Horario: 10:00 a 16:00 Hrs.<br \/>\n&#8211; VOLEIBOL PLAYERO (Todas las categor\u00edas, varonil y femenil)<br \/>\n&#8211; FUTBOL (Todas las categor\u00edas, varonil y femenil<br \/>\n&#8211; JUEGO DE CUERDAS (Ni\u00f1os y ni\u00f1as, varonil y femenil)<br \/>\n&#8211; CARRERA DE SACOS (Ni\u00f1os y ni\u00f1as, varonil y femenil<br \/>\n&#8211; ACTIVIDADES DIVERSAS DE CONCURSOS (j\u00f3venes)<br \/>\nPlaya de Kino Nuevo. Horario 9:30 a 11:30 Hrs.<br \/>\n&#8211; PLOGGIN (Limpieza de playa) entre j\u00f3venes<br \/>\n* \u2022 Crucero de la entrada a Kino Viejo. Horario 11:30 a 13:30 Hrs.<br \/>\n&#8211; VOLANTEO con informaci\u00f3n de prevenci\u00f3n para j\u00f3venes<br \/>\nRECORRIDOS DEL TROLEB\u00daS EN KINO<br \/>\n\u2022 Viernes, s\u00e1bado y domingo de 10:00 a 18:00 Hrs. Los traslados ser\u00e1n entre Kino M\u00e1gico, muelle, palapas y Cerro Prieto.<br \/>\nBAILES POPULARES<br \/>\n\u2022 Escenario Tecate, 18 al 20 de abril<br \/>\n\u2022 Evento musical Esthela, 18 al 20 de abril<br \/>\nACTIVIDADES RECREATIVAS EN HERMOSILLO<br \/>\nIMCA:<br \/>\nLunes 15 al domingo 21<br \/>\n\u2022 Andador Cultural Zaragoza y Bicentenario, de 18:00 a 23:00 hrs<br \/>\nMartes 16<br \/>\n\u2022 Curso Bailes de Sal\u00f3n, 17 a 18 hrs, Plaza Hidalgo, martes 16<br \/>\n\u2022 TransformArte en Biblioteca P\u00fablica Municipal Beatriz Juvera, La Manga, 18 a 19 hrs<br \/>\nMi\u00e9rcoles 17<br \/>\n\u2022 Clase abierta de salsa, 19:00 a 20:30 hrs, Parque Copacabana, Col. Olivares.<br \/>\n\u2022 Semana Santa y Cuaresma Yaqui<br \/>\nHorarios: Mi\u00e9rcoles 17, 16:00 a 20:00 hrs; jueves 18, 7:00 a 23:00 hrs; viernes 19, 7:00 a 3:00 hrs; s\u00e1bado 20, 7:00 a 12:00 hrs; domingo 21, 13:00 hrs.<br \/>\nLugares:<br \/>\n\u2022 La revoluci\u00f3n: Avenida canal #45 y congreso del trabajo final sur.<br \/>\n\u2022 El Ranchito: Calle sanalona y De la Plaza en el antiguo pante\u00f3n de los yaquis.<br \/>\n\u2022 Coloso Alto: Calle nueva circunvalaci\u00f3n final norte<br \/>\n\u2022 Coloso Bajo: Calle nueva circunvalaci\u00f3n y arroyo, Plaza de los yaquis.<br \/>\n\u2022 La Matanza: Blvd. Paseo R\u00edo Sonora, Parque Bicentenario, Hacienda de la Flor.<br \/>\n\u2022 Amapolas: Calle \u00e1lamos s\/n y avenida cerezo final.<\/p>\n<p>Fecha de publicaci\u00f3n 11\/04\/2019<\/p>\n","protected":false},"excerpt":{"rendered":"<p>HERMOSILLO, SONORA.- Este d\u00eda se present\u00f3 el operativo correspondiente a la Semana Santa 2019 \u201cSeguro&#8230;<\/p>\n","protected":false},"author":178,"featured_media":58395,"comment_status":"open","ping_status":"open","sticky":false,"template":"","format":"standard","meta":{"_monsterinsights_skip_tracking":false,"_monsterinsights_sitenote_active":false,"_monsterinsights_sitenote_note":"","_monsterinsights_sitenote_category":0,"footnotes":""},"categories":[4],"tags":[687,1723],"class_list":["post"],"yoast_head":" \n<title>Sonora en Equipo. Presenta gobierno de Hermosillo Operativo de Semana Santa \u201cSeguro \u00a1p\u00e1sala bien!\u201d Municipios<\/title>\n<meta name=\"description\" content=\"HERMOSILLO, SONORA.- Este d\u00eda se present\u00f3 el operativo correspondiente a la Semana Santa 2019 \u201cSeguro \u00a1p\u00e1sala bien!\u201d, en donde por instrucciones de la En Sonora en Equipo publicamos toda la informaci\u00f3n de Sonora, M\u00e9xico y el Mundo de manera oportuna y busca que la libertad de expresi\u00f3n sea real. Visita nuestro medio informativo publicado desde Hermosillo, Sonora. %\" \/>\n<meta name=\"robots\" content=\"index, follow, max-snippet:-1, max-image-preview:large, max-video-preview:-1\" \/>\n<link rel=\"canonical\" href=\"https:\/\/www.sonoraenequipo.com.mx\/presenta-gobierno-de-hermosillo-operativo-de-semana-santa-seguro-pasala-bien\/\" \/>\n<meta property=\"og:locale\" content=\"es_ES\" \/>\n<meta property=\"og:type\" content=\"article\" \/>\n<meta property=\"og:title\" content=\"Sonora en Equipo. Presenta gobierno de Hermosillo Operativo de Semana Santa \u201cSeguro \u00a1p\u00e1sala bien!\u201d Municipios\" \/>\n<meta property=\"og:description\" content=\"HERMOSILLO, SONORA.- Este d\u00eda se present\u00f3 el operativo correspondiente a la Semana Santa 2019 \u201cSeguro \u00a1p\u00e1sala bien!\u201d, en donde por instrucciones de la En Sonora en Equipo publicamos toda la informaci\u00f3n de Sonora, M\u00e9xico y el Mundo de manera oportuna y busca que la libertad de expresi\u00f3n sea real. Visita nuestro medio informativo publicado desde Hermosillo, Sonora. %\" \/>\n<meta property=\"og:url\" content=\"https:\/\/www.sonoraenequipo.com.mx\/presenta-gobierno-de-hermosillo-operativo-de-semana-santa-seguro-pasala-bien\/\" \/>\n<meta property=\"og:site_name\" content=\"Sonora en Equipo.\" \/>\n<meta property=\"article:publisher\" content=\"https:\/\/www.facebook.com\/SonoraEE\/\" \/>\n<meta property=\"article:published_time\" content=\"2019-04-11T22:41:12+00:00\" \/>\n<meta property=\"article:modified_time\" content=\"2019-04-11T22:45:13+00:00\" \/>\n<meta property=\"og:image\" content=\"https:\/\/www.sonoraenequipo.com.mx\/storage\/2019\/04\/semanasanta_opt.jpg\" \/>\n\t<meta property=\"og:image:width\" content=\"600\" \/>\n\t<meta property=\"og:image:height\" content=\"400\" \/>\n\t<meta property=\"og:image:type\" content=\"image\/jpeg\" \/>\n<meta name=\"author\" content=\"enequipo\" \/>\n<meta name=\"twitter:card\" content=\"summary_large_image\" \/>\n<meta name=\"twitter:creator\" content=\"@sonoraenequipo\" \/>\n<meta name=\"twitter:site\" content=\"@sonoraenequipo\" \/>\n<meta name=\"twitter:label1\" content=\"Escrito por\" \/>\n\t<meta name=\"twitter:data1\" content=\"enequipo\" \/>\n\t<meta name=\"twitter:label2\" content=\"Tiempo de lectura\" \/>\n\t<meta name=\"twitter:data2\" content=\"7 minutos\" \/>\n<script type=\"application\/ld+json\" class=\"yoast-schema-graph\">{\"@context\":\"https:\/\/schema.org\",\"@graph\":[{\"@type\":\"Article\",\"@id\":\"https:\/\/www.sonoraenequipo.com.mx\/presenta-gobierno-de-hermosillo-operativo-de-semana-santa-seguro-pasala-bien\/#article\",\"isPartOf\":{\"@id\":\"https:\/\/www.sonoraenequipo.com.mx\/presenta-gobierno-de-hermosillo-operativo-de-semana-santa-seguro-pasala-bien\/\"},\"author\":{\"name\":\"enequipo\",\"@id\":\"https:\/\/www.sonoraenequipo.com.mx\/#\/schema\/person\/61a39de478a1763473ad55e8a95fddf6\"},\"headline\":\"Presenta gobierno de Hermosillo Operativo de Semana Santa \u201cSeguro \u00a1p\u00e1sala bien!\u201d\",\"datePublished\":\"2019-04-11T22:41:12+00:00\",\"dateModified\":\"2019-04-11T22:45:13+00:00\",\"mainEntityOfPage\":{\"@id\":\"https:\/\/www.sonoraenequipo.com.mx\/presenta-gobierno-de-hermosillo-operativo-de-semana-santa-seguro-pasala-bien\/\"},\"wordCount\":1390,\"commentCount\":0,\"publisher\":{\"@id\":\"https:\/\/www.sonoraenequipo.com.mx\/#organization\"},\"image\":{\"@id\":\"https:\/\/www.sonoraenequipo.com.mx\/presenta-gobierno-de-hermosillo-operativo-de-semana-santa-seguro-pasala-bien\/#primaryimage\"},\"thumbnailUrl\":\"https:\/\/www.sonoraenequipo.com.mx\/storage\/2019\/04\/semanasanta_opt.jpg\",\"keywords\":[\"Ayuntamiento de Hermosillo\",\"semana santa\"],\"articleSection\":[\"Municipios\"],\"inLanguage\":\"es\",\"potentialAction\":[{\"@type\":\"CommentAction\",\"name\":\"Comment\",\"target\":[\"https:\/\/www.sonoraenequipo.com.mx\/presenta-gobierno-de-hermosillo-operativo-de-semana-santa-seguro-pasala-bien\/#respond\"]}]},{\"@type\":\"WebPage\",\"@id\":\"https:\/\/www.sonoraenequipo.com.mx\/presenta-gobierno-de-hermosillo-operativo-de-semana-santa-seguro-pasala-bien\/\",\"url\":\"https:\/\/www.sonoraenequipo.com.mx\/presenta-gobierno-de-hermosillo-operativo-de-semana-santa-seguro-pasala-bien\/\",\"name\":\"Sonora en Equipo. Presenta gobierno de Hermosillo Operativo de Semana Santa \u201cSeguro \u00a1p\u00e1sala bien!\u201d Municipios\",\"isPartOf\":{\"@id\":\"https:\/\/www.sonoraenequipo.com.mx\/#website\"},\"primaryImageOfPage\":{\"@id\":\"https:\/\/www.sonoraenequipo.com.mx\/presenta-gobierno-de-hermosillo-operativo-de-semana-santa-seguro-pasala-bien\/#primaryimage\"},\"image\":{\"@id\":\"https:\/\/www.sonoraenequipo.com.mx\/presenta-gobierno-de-hermosillo-operativo-de-semana-santa-seguro-pasala-bien\/#primaryimage\"},\"thumbnailUrl\":\"https:\/\/www.sonoraenequipo.com.mx\/storage\/2019\/04\/semanasanta_opt.jpg\",\"datePublished\":\"2019-04-11T22:41:12+00:00\",\"dateModified\":\"2019-04-11T22:45:13+00:00\",\"description\":\"HERMOSILLO, SONORA.- Este d\u00eda se present\u00f3 el operativo correspondiente a la Semana Santa 2019 \u201cSeguro \u00a1p\u00e1sala bien!\u201d, en donde por instrucciones de la En Sonora en Equipo publicamos toda la informaci\u00f3n de Sonora, M\u00e9xico y el Mundo de manera oportuna y busca que la libertad de expresi\u00f3n sea real. Visita nuestro medio informativo publicado desde Hermosillo, Sonora. %\",\"breadcrumb\":{\"@id\":\"https:\/\/www.sonoraenequipo.com.mx\/presenta-gobierno-de-hermosillo-operativo-de-semana-santa-seguro-pasala-bien\/#breadcrumb\"},\"inLanguage\":\"es\",\"potentialAction\":[{\"@type\":\"ReadAction\",\"target\":[\"https:\/\/www.sonoraenequipo.com.mx\/presenta-gobierno-de-hermosillo-operativo-de-semana-santa-seguro-pasala-bien\/\"]}]},{\"@type\":\"ImageObject\",\"inLanguage\":\"es\",\"@id\":\"https:\/\/www.sonoraenequipo.com.mx\/presenta-gobierno-de-hermosillo-operativo-de-semana-santa-seguro-pasala-bien\/#primaryimage\",\"url\":\"https:\/\/www.sonoraenequipo.com.mx\/storage\/2019\/04\/semanasanta_opt.jpg\",\"contentUrl\":\"https:\/\/www.sonoraenequipo.com.mx\/storage\/2019\/04\/semanasanta_opt.jpg\",\"width\":600,\"height\":400},{\"@type\":\"BreadcrumbList\",\"@id\":\"https:\/\/www.sonoraenequipo.com.mx\/presenta-gobierno-de-hermosillo-operativo-de-semana-santa-seguro-pasala-bien\/#breadcrumb\",\"itemListElement\":[{\"@type\":\"ListItem\",\"position\":1,\"name\":\"Portada\",\"item\":\"https:\/\/www.sonoraenequipo.com.mx\/\"},{\"@type\":\"ListItem\",\"position\":2,\"name\":\"Presenta gobierno de Hermosillo Operativo de Semana Santa \u201cSeguro \u00a1p\u00e1sala bien!\u201d\"}]},{\"@type\":\"WebSite\",\"@id\":\"https:\/\/www.sonoraenequipo.com.mx\/#website\",\"url\":\"https:\/\/www.sonoraenequipo.com.mx\/\",\"name\":\"Sonora en Equipo.\",\"description\":\"Diario en l\u00ednea con Noticias desde Hermosillo, Sonora\",\"publisher\":{\"@id\":\"https:\/\/www.sonoraenequipo.com.mx\/#organization\"},\"potentialAction\":[{\"@type\":\"SearchAction\",\"target\":{\"@type\":\"EntryPoint\",\"urlTemplate\":\"https:\/\/www.sonoraenequipo.com.mx\/?s={search_term_string}\"},\"query-input\":{\"@type\":\"PropertyValueSpecification\",\"valueRequired\":true,\"valueName\":\"search_term_string\"}}],\"inLanguage\":\"es\"},{\"@type\":\"Organization\",\"@id\":\"https:\/\/www.sonoraenequipo.com.mx\/#organization\",\"name\":\"Sonoraenequipo.com.mx\",\"url\":\"https:\/\/www.sonoraenequipo.com.mx\/\",\"logo\":{\"@type\":\"ImageObject\",\"inLanguage\":\"es\",\"@id\":\"https:\/\/www.sonoraenequipo.com.mx\/#\/schema\/logo\/image\/\",\"url\":\"https:\/\/www.sonoraenequipo.com.mx\/storage\/2019\/01\/sonoraenequipo_opt.png\",\"contentUrl\":\"https:\/\/www.sonoraenequipo.com.mx\/storage\/2019\/01\/sonoraenequipo_opt.png\",\"width\":375,\"height\":125,\"caption\":\"Sonoraenequipo.com.mx\"},\"image\":{\"@id\":\"https:\/\/www.sonoraenequipo.com.mx\/#\/schema\/logo\/image\/\"},\"sameAs\":[\"https:\/\/www.facebook.com\/SonoraEE\/\",\"https:\/\/x.com\/sonoraenequipo\",\"https:\/\/www.youtube.com\/channel\/UC338nW-lPEYmJQs4ZABQ1SQ\"]},{\"@type\":\"Person\",\"@id\":\"https:\/\/www.sonoraenequipo.com.mx\/#\/schema\/person\/61a39de478a1763473ad55e8a95fddf6\",\"name\":\"enequipo\",\"image\":{\"@type\":\"ImageObject\",\"inLanguage\":\"es\",\"@id\":\"https:\/\/www.sonoraenequipo.com.mx\/#\/schema\/person\/image\/\",\"url\":\"https:\/\/secure.gravatar.com\/avatar\/e39bc3016d8af598aed3d770c9510dfc2795f37ea1733d99fcc6e97d2c3c9f5e?s=96&d=blank&r=g\",\"contentUrl\":\"https:\/\/secure.gravatar.com\/avatar\/e39bc3016d8af598aed3d770c9510dfc2795f37ea1733d99fcc6e97d2c3c9f5e?s=96&d=blank&r=g\",\"caption\":\"enequipo\"}}]}<\/script>\n ","yoast_head_json":{"title":"Sonora en Equipo. Presenta gobierno de Hermosillo Operativo de Semana Santa \u201cSeguro \u00a1p\u00e1sala bien!\u201d Municipios","description":"HERMOSILLO, SONORA.- Este d\u00eda se present\u00f3 el operativo correspondiente a la Semana Santa 2019 \u201cSeguro \u00a1p\u00e1sala bien!\u201d, en donde por instrucciones de la En Sonora en Equipo publicamos toda la informaci\u00f3n de Sonora, M\u00e9xico y el Mundo de manera oportuna y busca que la libertad de expresi\u00f3n sea real. Visita nuestro medio informativo publicado desde Hermosillo, Sonora. %","robots":{"index":"index","follow":"follow","max-snippet":"max-snippet:-1","max-image-preview":"max-image-preview:large","max-video-preview":"max-video-preview:-1"},"canonical":"https:\/\/www.sonoraenequipo.com.mx\/presenta-gobierno-de-hermosillo-operativo-de-semana-santa-seguro-pasala-bien\/","og_locale":"es_ES","og_type":"article","og_title":"Sonora en Equipo. Presenta gobierno de Hermosillo Operativo de Semana Santa \u201cSeguro \u00a1p\u00e1sala bien!\u201d Municipios","og_description":"HERMOSILLO, SONORA.- Este d\u00eda se present\u00f3 el operativo correspondiente a la Semana Santa 2019 \u201cSeguro \u00a1p\u00e1sala bien!\u201d, en donde por instrucciones de la En Sonora en Equipo publicamos toda la informaci\u00f3n de Sonora, M\u00e9xico y el Mundo de manera oportuna y busca que la libertad de expresi\u00f3n sea real. Visita nuestro medio informativo publicado desde Hermosillo, Sonora. %","og_url":"https:\/\/www.sonoraenequipo.com.mx\/presenta-gobierno-de-hermosillo-operativo-de-semana-santa-seguro-pasala-bien\/","og_site_name":"Sonora en Equipo.","article_publisher":"https:\/\/www.facebook.com\/SonoraEE\/","article_published_time":"2019-04-11T22:41:12+00:00","article_modified_time":"2019-04-11T22:45:13+00:00","og_image":[{"width":600,"height":400,"url":"https:\/\/www.sonoraenequipo.com.mx\/storage\/2019\/04\/semanasanta_opt.jpg","type":"image\/jpeg"}],"author":"enequipo","twitter_card":"summary_large_image","twitter_creator":"@sonoraenequipo","twitter_site":"@sonoraenequipo","twitter_misc":{"Escrito por":"enequipo","Tiempo de lectura":"7 minutos"},"schema":{"@context":"https:\/\/schema.org","@graph":[{"@type":"Article","@id":"https:\/\/www.sonoraenequipo.com.mx\/presenta-gobierno-de-hermosillo-operativo-de-semana-santa-seguro-pasala-bien\/#article","isPartOf":{"@id":"https:\/\/www.sonoraenequipo.com.mx\/presenta-gobierno-de-hermosillo-operativo-de-semana-santa-seguro-pasala-bien\/"},"author":{"name":"enequipo","@id":"https:\/\/www.sonoraenequipo.com.mx\/#\/schema\/person\/61a39de478a1763473ad55e8a95fddf6"},"headline":"Presenta gobierno de Hermosillo Operativo de Semana Santa \u201cSeguro \u00a1p\u00e1sala bien!\u201d","datePublished":"2019-04-11T22:41:12+00:00","dateModified":"2019-04-11T22:45:13+00:00","mainEntityOfPage":{"@id":"https:\/\/www.sonoraenequipo.com.mx\/presenta-gobierno-de-hermosillo-operativo-de-semana-santa-seguro-pasala-bien\/"},"wordCount":1390,"commentCount":0,"publisher":{"@id":"https:\/\/www.sonoraenequipo.com.mx\/#organization"},"image":{"@id":"https:\/\/www.sonoraenequipo.com.mx\/presenta-gobierno-de-hermosillo-operativo-de-semana-santa-seguro-pasala-bien\/#primaryimage"},"thumbnailUrl":"https:\/\/www.sonoraenequipo.com.mx\/storage\/2019\/04\/semanasanta_opt.jpg","keywords":["Ayuntamiento de Hermosillo","semana santa"],"articleSection":["Municipios"],"inLanguage":"es","potentialAction":[{"@type":"CommentAction","name":"Comment","target":["https:\/\/www.sonoraenequipo.com.mx\/presenta-gobierno-de-hermosillo-operativo-de-semana-santa-seguro-pasala-bien\/#respond"]}]},{"@type":"WebPage","@id":"https:\/\/www.sonoraenequipo.com.mx\/presenta-gobierno-de-hermosillo-operativo-de-semana-santa-seguro-pasala-bien\/","url":"https:\/\/www.sonoraenequipo.com.mx\/presenta-gobierno-de-hermosillo-operativo-de-semana-santa-seguro-pasala-bien\/","name":"Sonora en Equipo. Presenta gobierno de Hermosillo Operativo de Semana Santa \u201cSeguro \u00a1p\u00e1sala bien!\u201d Municipios","isPartOf":{"@id":"https:\/\/www.sonoraenequipo.com.mx\/#website"},"primaryImageOfPage":{"@id":"https:\/\/www.sonoraenequipo.com.mx\/presenta-gobierno-de-hermosillo-operativo-de-semana-santa-seguro-pasala-bien\/#primaryimage"},"image":{"@id":"https:\/\/www.sonoraenequipo.com.mx\/presenta-gobierno-de-hermosillo-operativo-de-semana-santa-seguro-pasala-bien\/#primaryimage"},"thumbnailUrl":"https:\/\/www.sonoraenequipo.com.mx\/storage\/2019\/04\/semanasanta_opt.jpg","datePublished":"2019-04-11T22:41:12+00:00","dateModified":"2019-04-11T22:45:13+00:00","description":"HERMOSILLO, SONORA.- Este d\u00eda se present\u00f3 el operativo correspondiente a la Semana Santa 2019 \u201cSeguro \u00a1p\u00e1sala bien!\u201d, en donde por instrucciones de la En Sonora en Equipo publicamos toda la informaci\u00f3n de Sonora, M\u00e9xico y el Mundo de manera oportuna y busca que la libertad de expresi\u00f3n sea real. Visita nuestro medio informativo publicado desde Hermosillo, Sonora. %","breadcrumb":{"@id":"https:\/\/www.sonoraenequipo.com.mx\/presenta-gobierno-de-hermosillo-operativo-de-semana-santa-seguro-pasala-bien\/#breadcrumb"},"inLanguage":"es","potentialAction":[{"@type":"ReadAction","target":["https:\/\/www.sonoraenequipo.com.mx\/presenta-gobierno-de-hermosillo-operativo-de-semana-santa-seguro-pasala-bien\/"]}]},{"@type":"ImageObject","inLanguage":"es","@id":"https:\/\/www.sonoraenequipo.com.mx\/presenta-gobierno-de-hermosillo-operativo-de-semana-santa-seguro-pasala-bien\/#primaryimage","url":"https:\/\/www.sonoraenequipo.com.mx\/storage\/2019\/04\/semanasanta_opt.jpg","contentUrl":"https:\/\/www.sonoraenequipo.com.mx\/storage\/2019\/04\/semanasanta_opt.jpg","width":600,"height":400},{"@type":"BreadcrumbList","@id":"https:\/\/www.sonoraenequipo.com.mx\/presenta-gobierno-de-hermosillo-operativo-de-semana-santa-seguro-pasala-bien\/#breadcrumb","itemListElement":[{"@type":"ListItem","position":1,"name":"Portada","item":"https:\/\/www.sonoraenequipo.com.mx\/"},{"@type":"ListItem","position":2,"name":"Presenta gobierno de Hermosillo Operativo de Semana Santa \u201cSeguro \u00a1p\u00e1sala bien!\u201d"}]},{"@type":"WebSite","@id":"https:\/\/www.sonoraenequipo.com.mx\/#website","url":"https:\/\/www.sonoraenequipo.com.mx\/","name":"Sonora en Equipo.","description":"Diario en l\u00ednea con Noticias desde Hermosillo, Sonora","publisher":{"@id":"https:\/\/www.sonoraenequipo.com.mx\/#organization"},"potentialAction":[{"@type":"SearchAction","target":{"@type":"EntryPoint","urlTemplate":"https:\/\/www.sonoraenequipo.com.mx\/?s={search_term_string}"},"query-input":{"@type":"PropertyValueSpecification","valueRequired":true,"valueName":"search_term_string"}}],"inLanguage":"es"},{"@type":"Organization","@id":"https:\/\/www.sonoraenequipo.com.mx\/#organization","name":"Sonoraenequipo.com.mx","url":"https:\/\/www.sonoraenequipo.com.mx\/","logo":{"@type":"ImageObject","inLanguage":"es","@id":"https:\/\/www.sonoraenequipo.com.mx\/#\/schema\/logo\/image\/","url":"https:\/\/www.sonoraenequipo.com.mx\/storage\/2019\/01\/sonoraenequipo_opt.png","contentUrl":"https:\/\/www.sonoraenequipo.com.mx\/storage\/2019\/01\/sonoraenequipo_opt.png","width":375,"height":125,"caption":"Sonoraenequipo.com.mx"},"image":{"@id":"https:\/\/www.sonoraenequipo.com.mx\/#\/schema\/logo\/image\/"},"sameAs":["https:\/\/www.facebook.com\/SonoraEE\/","https:\/\/x.com\/sonoraenequipo","https:\/\/www.youtube.com\/channel\/UC338nW-lPEYmJQs4ZABQ1SQ"]},{"@type":"Person","@id":"https:\/\/www.sonoraenequipo.com.mx\/#\/schema\/person\/61a39de478a1763473ad55e8a95fddf6","name":"enequipo","image":{"@type":"ImageObject","inLanguage":"es","@id":"https:\/\/www.sonoraenequipo.com.mx\/#\/schema\/person\/image\/","url":"https:\/\/secure.gravatar.com\/avatar\/e39bc3016d8af598aed3d770c9510dfc2795f37ea1733d99fcc6e97d2c3c9f5e?s=96&d=blank&r=g","contentUrl":"https:\/\/secure.gravatar.com\/avatar\/e39bc3016d8af598aed3d770c9510dfc2795f37ea1733d99fcc6e97d2c3c9f5e?s=96&d=blank&r=g","caption":"enequipo"}}]}},"jetpack_featured_media_url":"https:\/\/www.sonoraenequipo.com.mx\/storage\/2019\/04\/semanasanta_opt.jpg","_links":{"self":[{"href":"https:\/\/www.sonoraenequipo.com.mx\/api\/wp\/v2\/posts\/58398","targetHints":{"allow":["GET"]}}],"collection":[{"href":"https:\/\/www.sonoraenequipo.com.mx\/api\/wp\/v2\/posts"}],"about":[{"href":"https:\/\/www.sonoraenequipo.com.mx\/api\/wp\/v2\/types\/post"}],"author":[{"embeddable":true,"href":"https:\/\/www.sonoraenequipo.com.mx\/api\/wp\/v2\/users\/178"}],"replies":[{"embeddable":true,"href":"https:\/\/www.sonoraenequipo.com.mx\/api\/wp\/v2\/comments?post=58398"}],"version-history":[{"count":0,"href":"https:\/\/www.sonoraenequipo.com.mx\/api\/wp\/v2\/posts\/58398\/revisions"}],"wp:featuredmedia":[{"embeddable":true,"href":"https:\/\/www.sonoraenequipo.com.mx\/api\/wp\/v2\/media\/58395"}],"wp:attachment":[{"href":"https:\/\/www.sonoraenequipo.com.mx\/api\/wp\/v2\/media?parent=58398"}],"wp:term":[{"taxonomy":"category","embeddable":true,"href":"https:\/\/www.sonoraenequipo.com.mx\/api\/wp\/v2\/categories?post=58398"},{"taxonomy":"post_tag","embeddable":true,"href":"https:\/\/www.sonoraenequipo.com.mx\/api\/wp\/v2\/tags?post=58398"}],"curies":[{"name":"wp","href":"https:\/\/api.w.org\/{rel}","templated":true}]}}