{"id":58420,"date":"2019-04-11T18:59:18","date_gmt":"2019-04-12T01:59:18","guid":{"rendered":"http:\/\/www.sonoraenequipo.com.mx\/?p=58420"},"modified":"2019-04-12T10:05:06","modified_gmt":"2019-04-12T17:05:06","slug":"dictaminan-ampliar-ordenes-de-proteccion-a-mujeres-victimas-de-violencia","status":"publish","type":"post","link":"https:\/\/www.sonoraenequipo.com.mx\/dictaminan-ampliar-ordenes-de-proteccion-a-mujeres-victimas-de-violencia\/","title":{"rendered":"Dictaminan ampliar \u00f3rdenes de protecci\u00f3n a mujeres v\u00edctimas de violencia"},"content":{"rendered":"<p>HERMOSILLO,SONORA. MX. \u2014 Para ampliar la duraci\u00f3n m\u00e1xima de las \u00f3rdenes de protecci\u00f3n de emergencia, establecer mayores sanciones por desacato de dichas \u00f3rdenes y, adem\u00e1s, en el supuesto caso de negativa a brindar esa orden, la acci\u00f3n sea considerada violencia institucional, aprobaron este d\u00eda los diputados de la Comisi\u00f3n para la Igualdad de G\u00e9nero el proyecto de dictamen de reforma y adici\u00f3n a la Ley de Acceso de las Mujeres a una Vida Libre de Violencia. <\/p>\n<p>La diputada Mar\u00eda Alicia Gayt\u00e1n S\u00e1nchez presidenta de la citada Comisi\u00f3n, someti\u00f3 a consideraci\u00f3n el proyecto de dictamen del proyecto de Decreto mediante el cual se reforma y adiciona la Ley de Acceso de las Mujeres a una Vida Libre de Violencia, de iniciativa presentada por la diputada Yumiko Yerania Palomarez Herrera,<\/p>\n<p>La diputada Gayt\u00e1n S\u00e1nchez dio lectura al resumen del proyecto de iniciativa en el que detall\u00f3 que la modificaci\u00f3n al art\u00edculo 35 consiste en ampliar la duraci\u00f3n m\u00e1xima de las \u00f3rdenes de protecci\u00f3n de emergencia hasta un t\u00e9rmino de 60 d\u00edas, con una pr\u00f3rroga de hasta 30 d\u00edas m\u00e1s, con el fin de brindar mayor protecci\u00f3n de la integridad f\u00edsica de las mujeres.<\/p>\n<p>Explic\u00f3 que el art\u00edculo 36 BIS establece sanciones que consisten en el arresto hasta por 36 horas y una sanci\u00f3n econ\u00f3mica, que estriba en una multa que va de 100 a 150 Unidades de Medida y Actualizaci\u00f3n, para aquellas personas que caigan en desacato de las \u00f3rdenes de protecci\u00f3n de emergencia.<\/p>\n<p>En tanto, el art\u00edculo 40 BIS establece el supuesto para que, en caso de la negativa a brindar las \u00f3rdenes de protecci\u00f3n de emergencia y preventivas, dicha acci\u00f3n sea considerada violencia institucional, en los t\u00e9rminos de la Ley de Acceso de las Mujeres a una Vida Libre de Violencia.<\/p>\n<p>La diputada Palomarez Herrera, impulsora de la iniciativa, explic\u00f3 que se busca el cuidado integral de las mujeres y los menores para que, la violencia que puedan vivir en sus hogares, no se convierta en tragedia para la familia.<\/p>\n<p>En asuntos generales, la diputada Alejandra L\u00f3pez Noriega solicit\u00f3 llevar al an\u00e1lisis en el seno de la Comisi\u00f3n dictaminadora las iniciativas presentadas, a nombre propio, ante el Pleno de esta Soberan\u00eda, que modifica una serie de leyes y la Constituci\u00f3n local para garantizar al m\u00e1ximo la participaci\u00f3n igualitaria de las mujeres y hombres en las m\u00e1s altas esferas de gobierno y la Ley de Madres y Padres Jefes de Familia a fin de garantizar igualdad de oportunidades.<\/p>\n<p>En la reuni\u00f3n estuvieron presentes los diputados Carlos Navarrete Aguirre, Miroslava Luj\u00e1n L\u00f3pez y H\u00e9ctor Ra\u00fal Castelo Monta\u00f1o.<\/p>\n<p>El proyecto de dictamen aprobado ser\u00e1 enviado a la Comisi\u00f3n de R\u00e9gimen Interno y Concertaci\u00f3n Pol\u00edtica para que sea incluido en el orden del d\u00eda de una pr\u00f3xima sesi\u00f3n de Pleno.<\/p>\n<p>(Publicado el 12\/04\/2019)<\/p>\n","protected":false},"excerpt":{"rendered":"<p>HERMOSILLO,SONORA. MX. \u2014 Para ampliar la duraci\u00f3n m\u00e1xima de las \u00f3rdenes de protecci\u00f3n de emergencia,&#8230;<\/p>\n","protected":false},"author":1,"featured_media":58421,"comment_status":"open","ping_status":"open","sticky":false,"template":"","format":"standard","meta":{"_monsterinsights_skip_tracking":false,"_monsterinsights_sitenote_active":false,"_monsterinsights_sitenote_note":"","_monsterinsights_sitenote_category":0,"footnotes":""},"categories":[22],"tags":[],"class_list":["post"],"yoast_head":" \n<title>Sonora en Equipo. Dictaminan ampliar \u00f3rdenes de protecci\u00f3n a mujeres v\u00edctimas de violencia Sonora<\/title>\n<meta name=\"description\" content=\"HERMOSILLO,SONORA. MX. \u2014 Para ampliar la duraci\u00f3n m\u00e1xima de las \u00f3rdenes de protecci\u00f3n de emergencia, establecer mayores sanciones por desacato de dichas En Sonora en Equipo publicamos toda la informaci\u00f3n de Sonora, M\u00e9xico y el Mundo de manera oportuna y busca que la libertad de expresi\u00f3n sea real. Visita nuestro medio informativo publicado desde Hermosillo, Sonora. %\" \/>\n<meta name=\"robots\" content=\"index, follow, max-snippet:-1, max-image-preview:large, max-video-preview:-1\" \/>\n<link rel=\"canonical\" href=\"https:\/\/www.sonoraenequipo.com.mx\/dictaminan-ampliar-ordenes-de-proteccion-a-mujeres-victimas-de-violencia\/\" \/>\n<meta property=\"og:locale\" content=\"es_ES\" \/>\n<meta property=\"og:type\" content=\"article\" \/>\n<meta property=\"og:title\" content=\"Sonora en Equipo. Dictaminan ampliar \u00f3rdenes de protecci\u00f3n a mujeres v\u00edctimas de violencia Sonora\" \/>\n<meta property=\"og:description\" content=\"HERMOSILLO,SONORA. MX. \u2014 Para ampliar la duraci\u00f3n m\u00e1xima de las \u00f3rdenes de protecci\u00f3n de emergencia, establecer mayores sanciones por desacato de dichas En Sonora en Equipo publicamos toda la informaci\u00f3n de Sonora, M\u00e9xico y el Mundo de manera oportuna y busca que la libertad de expresi\u00f3n sea real. Visita nuestro medio informativo publicado desde Hermosillo, Sonora. %\" \/>\n<meta property=\"og:url\" content=\"https:\/\/www.sonoraenequipo.com.mx\/dictaminan-ampliar-ordenes-de-proteccion-a-mujeres-victimas-de-violencia\/\" \/>\n<meta property=\"og:site_name\" content=\"Sonora en Equipo.\" \/>\n<meta property=\"article:publisher\" content=\"https:\/\/www.facebook.com\/SonoraEE\/\" \/>\n<meta property=\"article:author\" content=\"https:\/\/www.facebook.com\/SonoraEE\" \/>\n<meta property=\"article:published_time\" content=\"2019-04-12T01:59:18+00:00\" \/>\n<meta property=\"article:modified_time\" content=\"2019-04-12T17:05:06+00:00\" \/>\n<meta property=\"og:image\" content=\"https:\/\/www.sonoraenequipo.com.mx\/storage\/2019\/04\/victimas_opt.jpg\" \/>\n\t<meta property=\"og:image:width\" content=\"600\" \/>\n\t<meta property=\"og:image:height\" content=\"400\" \/>\n\t<meta property=\"og:image:type\" content=\"image\/jpeg\" \/>\n<meta name=\"author\" content=\"enequipo\" \/>\n<meta name=\"twitter:card\" content=\"summary_large_image\" \/>\n<meta name=\"twitter:creator\" content=\"@sonoraenequipo\" \/>\n<meta name=\"twitter:site\" content=\"@sonoraenequipo\" \/>\n<meta name=\"twitter:label1\" content=\"Escrito por\" \/>\n\t<meta name=\"twitter:data1\" content=\"enequipo\" \/>\n\t<meta name=\"twitter:label2\" content=\"Tiempo de lectura\" \/>\n\t<meta name=\"twitter:data2\" content=\"3 minutos\" \/>\n<script type=\"application\/ld+json\" class=\"yoast-schema-graph\">{\"@context\":\"https:\/\/schema.org\",\"@graph\":[{\"@type\":\"Article\",\"@id\":\"https:\/\/www.sonoraenequipo.com.mx\/dictaminan-ampliar-ordenes-de-proteccion-a-mujeres-victimas-de-violencia\/#article\",\"isPartOf\":{\"@id\":\"https:\/\/www.sonoraenequipo.com.mx\/dictaminan-ampliar-ordenes-de-proteccion-a-mujeres-victimas-de-violencia\/\"},\"author\":{\"name\":\"enequipo\",\"@id\":\"https:\/\/www.sonoraenequipo.com.mx\/#\/schema\/person\/50102df0fb23a8fa9e8effad8fa81386\"},\"headline\":\"Dictaminan ampliar \u00f3rdenes de protecci\u00f3n a mujeres v\u00edctimas de violencia\",\"datePublished\":\"2019-04-12T01:59:18+00:00\",\"dateModified\":\"2019-04-12T17:05:06+00:00\",\"mainEntityOfPage\":{\"@id\":\"https:\/\/www.sonoraenequipo.com.mx\/dictaminan-ampliar-ordenes-de-proteccion-a-mujeres-victimas-de-violencia\/\"},\"wordCount\":520,\"commentCount\":0,\"publisher\":{\"@id\":\"https:\/\/www.sonoraenequipo.com.mx\/#organization\"},\"image\":{\"@id\":\"https:\/\/www.sonoraenequipo.com.mx\/dictaminan-ampliar-ordenes-de-proteccion-a-mujeres-victimas-de-violencia\/#primaryimage\"},\"thumbnailUrl\":\"https:\/\/www.sonoraenequipo.com.mx\/storage\/2019\/04\/victimas_opt.jpg\",\"articleSection\":[\"Sonora\"],\"inLanguage\":\"es\",\"potentialAction\":[{\"@type\":\"CommentAction\",\"name\":\"Comment\",\"target\":[\"https:\/\/www.sonoraenequipo.com.mx\/dictaminan-ampliar-ordenes-de-proteccion-a-mujeres-victimas-de-violencia\/#respond\"]}]},{\"@type\":\"WebPage\",\"@id\":\"https:\/\/www.sonoraenequipo.com.mx\/dictaminan-ampliar-ordenes-de-proteccion-a-mujeres-victimas-de-violencia\/\",\"url\":\"https:\/\/www.sonoraenequipo.com.mx\/dictaminan-ampliar-ordenes-de-proteccion-a-mujeres-victimas-de-violencia\/\",\"name\":\"Sonora en Equipo. Dictaminan ampliar \u00f3rdenes de protecci\u00f3n a mujeres v\u00edctimas de violencia Sonora\",\"isPartOf\":{\"@id\":\"https:\/\/www.sonoraenequipo.com.mx\/#website\"},\"primaryImageOfPage\":{\"@id\":\"https:\/\/www.sonoraenequipo.com.mx\/dictaminan-ampliar-ordenes-de-proteccion-a-mujeres-victimas-de-violencia\/#primaryimage\"},\"image\":{\"@id\":\"https:\/\/www.sonoraenequipo.com.mx\/dictaminan-ampliar-ordenes-de-proteccion-a-mujeres-victimas-de-violencia\/#primaryimage\"},\"thumbnailUrl\":\"https:\/\/www.sonoraenequipo.com.mx\/storage\/2019\/04\/victimas_opt.jpg\",\"datePublished\":\"2019-04-12T01:59:18+00:00\",\"dateModified\":\"2019-04-12T17:05:06+00:00\",\"description\":\"HERMOSILLO,SONORA. MX. \u2014 Para ampliar la duraci\u00f3n m\u00e1xima de las \u00f3rdenes de protecci\u00f3n de emergencia, establecer mayores sanciones por desacato de dichas En Sonora en Equipo publicamos toda la informaci\u00f3n de Sonora, M\u00e9xico y el Mundo de manera oportuna y busca que la libertad de expresi\u00f3n sea real. Visita nuestro medio informativo publicado desde Hermosillo, Sonora. %\",\"breadcrumb\":{\"@id\":\"https:\/\/www.sonoraenequipo.com.mx\/dictaminan-ampliar-ordenes-de-proteccion-a-mujeres-victimas-de-violencia\/#breadcrumb\"},\"inLanguage\":\"es\",\"potentialAction\":[{\"@type\":\"ReadAction\",\"target\":[\"https:\/\/www.sonoraenequipo.com.mx\/dictaminan-ampliar-ordenes-de-proteccion-a-mujeres-victimas-de-violencia\/\"]}]},{\"@type\":\"ImageObject\",\"inLanguage\":\"es\",\"@id\":\"https:\/\/www.sonoraenequipo.com.mx\/dictaminan-ampliar-ordenes-de-proteccion-a-mujeres-victimas-de-violencia\/#primaryimage\",\"url\":\"https:\/\/www.sonoraenequipo.com.mx\/storage\/2019\/04\/victimas_opt.jpg\",\"contentUrl\":\"https:\/\/www.sonoraenequipo.com.mx\/storage\/2019\/04\/victimas_opt.jpg\",\"width\":600,\"height\":400},{\"@type\":\"BreadcrumbList\",\"@id\":\"https:\/\/www.sonoraenequipo.com.mx\/dictaminan-ampliar-ordenes-de-proteccion-a-mujeres-victimas-de-violencia\/#breadcrumb\",\"itemListElement\":[{\"@type\":\"ListItem\",\"position\":1,\"name\":\"Portada\",\"item\":\"https:\/\/www.sonoraenequipo.com.mx\/\"},{\"@type\":\"ListItem\",\"position\":2,\"name\":\"Dictaminan ampliar \u00f3rdenes de protecci\u00f3n a mujeres v\u00edctimas de violencia\"}]},{\"@type\":\"WebSite\",\"@id\":\"https:\/\/www.sonoraenequipo.com.mx\/#website\",\"url\":\"https:\/\/www.sonoraenequipo.com.mx\/\",\"name\":\"Sonora en Equipo.\",\"description\":\"Diario en l\u00ednea con Noticias desde Hermosillo, Sonora\",\"publisher\":{\"@id\":\"https:\/\/www.sonoraenequipo.com.mx\/#organization\"},\"potentialAction\":[{\"@type\":\"SearchAction\",\"target\":{\"@type\":\"EntryPoint\",\"urlTemplate\":\"https:\/\/www.sonoraenequipo.com.mx\/?s={search_term_string}\"},\"query-input\":{\"@type\":\"PropertyValueSpecification\",\"valueRequired\":true,\"valueName\":\"search_term_string\"}}],\"inLanguage\":\"es\"},{\"@type\":\"Organization\",\"@id\":\"https:\/\/www.sonoraenequipo.com.mx\/#organization\",\"name\":\"Sonoraenequipo.com.mx\",\"url\":\"https:\/\/www.sonoraenequipo.com.mx\/\",\"logo\":{\"@type\":\"ImageObject\",\"inLanguage\":\"es\",\"@id\":\"https:\/\/www.sonoraenequipo.com.mx\/#\/schema\/logo\/image\/\",\"url\":\"https:\/\/www.sonoraenequipo.com.mx\/storage\/2019\/01\/sonoraenequipo_opt.png\",\"contentUrl\":\"https:\/\/www.sonoraenequipo.com.mx\/storage\/2019\/01\/sonoraenequipo_opt.png\",\"width\":375,\"height\":125,\"caption\":\"Sonoraenequipo.com.mx\"},\"image\":{\"@id\":\"https:\/\/www.sonoraenequipo.com.mx\/#\/schema\/logo\/image\/\"},\"sameAs\":[\"https:\/\/www.facebook.com\/SonoraEE\/\",\"https:\/\/x.com\/sonoraenequipo\",\"https:\/\/www.youtube.com\/channel\/UC338nW-lPEYmJQs4ZABQ1SQ\"]},{\"@type\":\"Person\",\"@id\":\"https:\/\/www.sonoraenequipo.com.mx\/#\/schema\/person\/50102df0fb23a8fa9e8effad8fa81386\",\"name\":\"enequipo\",\"image\":{\"@type\":\"ImageObject\",\"inLanguage\":\"es\",\"@id\":\"https:\/\/www.sonoraenequipo.com.mx\/#\/schema\/person\/image\/\",\"url\":\"https:\/\/secure.gravatar.com\/avatar\/049821681b589dabc0bc20695993ccebb09f5b5d4d790cd9251b97faac7c652b?s=96&d=blank&r=g\",\"contentUrl\":\"https:\/\/secure.gravatar.com\/avatar\/049821681b589dabc0bc20695993ccebb09f5b5d4d790cd9251b97faac7c652b?s=96&d=blank&r=g\",\"caption\":\"enequipo\"},\"sameAs\":[\"https:\/\/www.facebook.com\/SonoraEE\"]}]}<\/script>\n ","yoast_head_json":{"title":"Sonora en Equipo. Dictaminan ampliar \u00f3rdenes de protecci\u00f3n a mujeres v\u00edctimas de violencia Sonora","description":"HERMOSILLO,SONORA. MX. \u2014 Para ampliar la duraci\u00f3n m\u00e1xima de las \u00f3rdenes de protecci\u00f3n de emergencia, establecer mayores sanciones por desacato de dichas En Sonora en Equipo publicamos toda la informaci\u00f3n de Sonora, M\u00e9xico y el Mundo de manera oportuna y busca que la libertad de expresi\u00f3n sea real. Visita nuestro medio informativo publicado desde Hermosillo, Sonora. %","robots":{"index":"index","follow":"follow","max-snippet":"max-snippet:-1","max-image-preview":"max-image-preview:large","max-video-preview":"max-video-preview:-1"},"canonical":"https:\/\/www.sonoraenequipo.com.mx\/dictaminan-ampliar-ordenes-de-proteccion-a-mujeres-victimas-de-violencia\/","og_locale":"es_ES","og_type":"article","og_title":"Sonora en Equipo. Dictaminan ampliar \u00f3rdenes de protecci\u00f3n a mujeres v\u00edctimas de violencia Sonora","og_description":"HERMOSILLO,SONORA. MX. \u2014 Para ampliar la duraci\u00f3n m\u00e1xima de las \u00f3rdenes de protecci\u00f3n de emergencia, establecer mayores sanciones por desacato de dichas En Sonora en Equipo publicamos toda la informaci\u00f3n de Sonora, M\u00e9xico y el Mundo de manera oportuna y busca que la libertad de expresi\u00f3n sea real. Visita nuestro medio informativo publicado desde Hermosillo, Sonora. %","og_url":"https:\/\/www.sonoraenequipo.com.mx\/dictaminan-ampliar-ordenes-de-proteccion-a-mujeres-victimas-de-violencia\/","og_site_name":"Sonora en Equipo.","article_publisher":"https:\/\/www.facebook.com\/SonoraEE\/","article_author":"https:\/\/www.facebook.com\/SonoraEE","article_published_time":"2019-04-12T01:59:18+00:00","article_modified_time":"2019-04-12T17:05:06+00:00","og_image":[{"width":600,"height":400,"url":"https:\/\/www.sonoraenequipo.com.mx\/storage\/2019\/04\/victimas_opt.jpg","type":"image\/jpeg"}],"author":"enequipo","twitter_card":"summary_large_image","twitter_creator":"@sonoraenequipo","twitter_site":"@sonoraenequipo","twitter_misc":{"Escrito por":"enequipo","Tiempo de lectura":"3 minutos"},"schema":{"@context":"https:\/\/schema.org","@graph":[{"@type":"Article","@id":"https:\/\/www.sonoraenequipo.com.mx\/dictaminan-ampliar-ordenes-de-proteccion-a-mujeres-victimas-de-violencia\/#article","isPartOf":{"@id":"https:\/\/www.sonoraenequipo.com.mx\/dictaminan-ampliar-ordenes-de-proteccion-a-mujeres-victimas-de-violencia\/"},"author":{"name":"enequipo","@id":"https:\/\/www.sonoraenequipo.com.mx\/#\/schema\/person\/50102df0fb23a8fa9e8effad8fa81386"},"headline":"Dictaminan ampliar \u00f3rdenes de protecci\u00f3n a mujeres v\u00edctimas de violencia","datePublished":"2019-04-12T01:59:18+00:00","dateModified":"2019-04-12T17:05:06+00:00","mainEntityOfPage":{"@id":"https:\/\/www.sonoraenequipo.com.mx\/dictaminan-ampliar-ordenes-de-proteccion-a-mujeres-victimas-de-violencia\/"},"wordCount":520,"commentCount":0,"publisher":{"@id":"https:\/\/www.sonoraenequipo.com.mx\/#organization"},"image":{"@id":"https:\/\/www.sonoraenequipo.com.mx\/dictaminan-ampliar-ordenes-de-proteccion-a-mujeres-victimas-de-violencia\/#primaryimage"},"thumbnailUrl":"https:\/\/www.sonoraenequipo.com.mx\/storage\/2019\/04\/victimas_opt.jpg","articleSection":["Sonora"],"inLanguage":"es","potentialAction":[{"@type":"CommentAction","name":"Comment","target":["https:\/\/www.sonoraenequipo.com.mx\/dictaminan-ampliar-ordenes-de-proteccion-a-mujeres-victimas-de-violencia\/#respond"]}]},{"@type":"WebPage","@id":"https:\/\/www.sonoraenequipo.com.mx\/dictaminan-ampliar-ordenes-de-proteccion-a-mujeres-victimas-de-violencia\/","url":"https:\/\/www.sonoraenequipo.com.mx\/dictaminan-ampliar-ordenes-de-proteccion-a-mujeres-victimas-de-violencia\/","name":"Sonora en Equipo. Dictaminan ampliar \u00f3rdenes de protecci\u00f3n a mujeres v\u00edctimas de violencia Sonora","isPartOf":{"@id":"https:\/\/www.sonoraenequipo.com.mx\/#website"},"primaryImageOfPage":{"@id":"https:\/\/www.sonoraenequipo.com.mx\/dictaminan-ampliar-ordenes-de-proteccion-a-mujeres-victimas-de-violencia\/#primaryimage"},"image":{"@id":"https:\/\/www.sonoraenequipo.com.mx\/dictaminan-ampliar-ordenes-de-proteccion-a-mujeres-victimas-de-violencia\/#primaryimage"},"thumbnailUrl":"https:\/\/www.sonoraenequipo.com.mx\/storage\/2019\/04\/victimas_opt.jpg","datePublished":"2019-04-12T01:59:18+00:00","dateModified":"2019-04-12T17:05:06+00:00","description":"HERMOSILLO,SONORA. MX. \u2014 Para ampliar la duraci\u00f3n m\u00e1xima de las \u00f3rdenes de protecci\u00f3n de emergencia, establecer mayores sanciones por desacato de dichas En Sonora en Equipo publicamos toda la informaci\u00f3n de Sonora, M\u00e9xico y el Mundo de manera oportuna y busca que la libertad de expresi\u00f3n sea real. Visita nuestro medio informativo publicado desde Hermosillo, Sonora. %","breadcrumb":{"@id":"https:\/\/www.sonoraenequipo.com.mx\/dictaminan-ampliar-ordenes-de-proteccion-a-mujeres-victimas-de-violencia\/#breadcrumb"},"inLanguage":"es","potentialAction":[{"@type":"ReadAction","target":["https:\/\/www.sonoraenequipo.com.mx\/dictaminan-ampliar-ordenes-de-proteccion-a-mujeres-victimas-de-violencia\/"]}]},{"@type":"ImageObject","inLanguage":"es","@id":"https:\/\/www.sonoraenequipo.com.mx\/dictaminan-ampliar-ordenes-de-proteccion-a-mujeres-victimas-de-violencia\/#primaryimage","url":"https:\/\/www.sonoraenequipo.com.mx\/storage\/2019\/04\/victimas_opt.jpg","contentUrl":"https:\/\/www.sonoraenequipo.com.mx\/storage\/2019\/04\/victimas_opt.jpg","width":600,"height":400},{"@type":"BreadcrumbList","@id":"https:\/\/www.sonoraenequipo.com.mx\/dictaminan-ampliar-ordenes-de-proteccion-a-mujeres-victimas-de-violencia\/#breadcrumb","itemListElement":[{"@type":"ListItem","position":1,"name":"Portada","item":"https:\/\/www.sonoraenequipo.com.mx\/"},{"@type":"ListItem","position":2,"name":"Dictaminan ampliar \u00f3rdenes de protecci\u00f3n a mujeres v\u00edctimas de violencia"}]},{"@type":"WebSite","@id":"https:\/\/www.sonoraenequipo.com.mx\/#website","url":"https:\/\/www.sonoraenequipo.com.mx\/","name":"Sonora en Equipo.","description":"Diario en l\u00ednea con Noticias desde Hermosillo, Sonora","publisher":{"@id":"https:\/\/www.sonoraenequipo.com.mx\/#organization"},"potentialAction":[{"@type":"SearchAction","target":{"@type":"EntryPoint","urlTemplate":"https:\/\/www.sonoraenequipo.com.mx\/?s={search_term_string}"},"query-input":{"@type":"PropertyValueSpecification","valueRequired":true,"valueName":"search_term_string"}}],"inLanguage":"es"},{"@type":"Organization","@id":"https:\/\/www.sonoraenequipo.com.mx\/#organization","name":"Sonoraenequipo.com.mx","url":"https:\/\/www.sonoraenequipo.com.mx\/","logo":{"@type":"ImageObject","inLanguage":"es","@id":"https:\/\/www.sonoraenequipo.com.mx\/#\/schema\/logo\/image\/","url":"https:\/\/www.sonoraenequipo.com.mx\/storage\/2019\/01\/sonoraenequipo_opt.png","contentUrl":"https:\/\/www.sonoraenequipo.com.mx\/storage\/2019\/01\/sonoraenequipo_opt.png","width":375,"height":125,"caption":"Sonoraenequipo.com.mx"},"image":{"@id":"https:\/\/www.sonoraenequipo.com.mx\/#\/schema\/logo\/image\/"},"sameAs":["https:\/\/www.facebook.com\/SonoraEE\/","https:\/\/x.com\/sonoraenequipo","https:\/\/www.youtube.com\/channel\/UC338nW-lPEYmJQs4ZABQ1SQ"]},{"@type":"Person","@id":"https:\/\/www.sonoraenequipo.com.mx\/#\/schema\/person\/50102df0fb23a8fa9e8effad8fa81386","name":"enequipo","image":{"@type":"ImageObject","inLanguage":"es","@id":"https:\/\/www.sonoraenequipo.com.mx\/#\/schema\/person\/image\/","url":"https:\/\/secure.gravatar.com\/avatar\/049821681b589dabc0bc20695993ccebb09f5b5d4d790cd9251b97faac7c652b?s=96&d=blank&r=g","contentUrl":"https:\/\/secure.gravatar.com\/avatar\/049821681b589dabc0bc20695993ccebb09f5b5d4d790cd9251b97faac7c652b?s=96&d=blank&r=g","caption":"enequipo"},"sameAs":["https:\/\/www.facebook.com\/SonoraEE"]}]}},"jetpack_featured_media_url":"https:\/\/www.sonoraenequipo.com.mx\/storage\/2019\/04\/victimas_opt.jpg","_links":{"self":[{"href":"https:\/\/www.sonoraenequipo.com.mx\/api\/wp\/v2\/posts\/58420","targetHints":{"allow":["GET"]}}],"collection":[{"href":"https:\/\/www.sonoraenequipo.com.mx\/api\/wp\/v2\/posts"}],"about":[{"href":"https:\/\/www.sonoraenequipo.com.mx\/api\/wp\/v2\/types\/post"}],"author":[{"embeddable":true,"href":"https:\/\/www.sonoraenequipo.com.mx\/api\/wp\/v2\/users\/1"}],"replies":[{"embeddable":true,"href":"https:\/\/www.sonoraenequipo.com.mx\/api\/wp\/v2\/comments?post=58420"}],"version-history":[{"count":0,"href":"https:\/\/www.sonoraenequipo.com.mx\/api\/wp\/v2\/posts\/58420\/revisions"}],"wp:featuredmedia":[{"embeddable":true,"href":"https:\/\/www.sonoraenequipo.com.mx\/api\/wp\/v2\/media\/58421"}],"wp:attachment":[{"href":"https:\/\/www.sonoraenequipo.com.mx\/api\/wp\/v2\/media?parent=58420"}],"wp:term":[{"taxonomy":"category","embeddable":true,"href":"https:\/\/www.sonoraenequipo.com.mx\/api\/wp\/v2\/categories?post=58420"},{"taxonomy":"post_tag","embeddable":true,"href":"https:\/\/www.sonoraenequipo.com.mx\/api\/wp\/v2\/tags?post=58420"}],"curies":[{"name":"wp","href":"https:\/\/api.w.org\/{rel}","templated":true}]}}