{"id":58582,"date":"2019-04-15T10:07:32","date_gmt":"2019-04-15T17:07:32","guid":{"rendered":"http:\/\/www.sonoraenequipo.com.mx\/?p=58582"},"modified":"2019-04-15T10:49:58","modified_gmt":"2019-04-15T17:49:58","slug":"gobierno-de-maduro-bloquea-canal-aleman-de-tv","status":"publish","type":"post","link":"https:\/\/www.sonoraenequipo.com.mx\/gobierno-de-maduro-bloquea-canal-aleman-de-tv\/","title":{"rendered":"Gobierno de Maduro bloquea canal alem\u00e1n de tv"},"content":{"rendered":"<p>BERL\u00cdN ALEMANIA.- Las autoridades venezolanas ordenaron bloquear la se\u00f1al de la televisora alemana Deutsche Welle en espa\u00f1ol, confirm\u00f3 el domingo el medio de comunicaci\u00f3n.<\/p>\n<p> <br \/>\nLa Comisi\u00f3n Nacional de Telecomunicaciones (CONATEL) \u201cha eliminado la se\u00f1al de Deutsche Welle (DW) en espa\u00f1ol de la red de cable de ese pa\u00eds\u201d, indic\u00f3 la televisora alemana en un comunicado.<\/p>\n<p>El director general del canal, Peter Limbourg, llam\u00f3 a la administraci\u00f3n venezolana a \u201crestablecer la se\u00f1al del canal\u201d.<\/p>\n<p>Limbourg, citado en el comunicado, destac\u00f3 la atenci\u00f3n que ha tenido la cobertura period\u00edstica de DW en Venezuela, sobre todo con el programa que se emite a diario sobre la actualidad de ese pa\u00eds.<\/p>\n<p>\u201cVamos a hacer todo lo posible para que nuestros televidentes sigan siendo informados\u201d, agreg\u00f3 el director del canal.<br \/>\nCONATEL no ha emitido ninguna comunicaci\u00f3n oficial sobre el bloqueo de la se\u00f1al de Deutsche Welle.<br \/>\nDeutsche Welle se uni\u00f3 a una larga lista de medios extranjeros &#8212; entre ellos la se\u00f1al de la cadena estadounidense de CNN en espa\u00f1ol&#8211; que han salido del aire en Venezuela durante los m\u00e1s de seis a\u00f1os de mandato del presidente Nicol\u00e1s Maduro.<br \/>\nAlemania se cuenta entre m\u00e1s de 50 pa\u00edses que reconocen como presidente interino al l\u00edder opositor venezolano Juan Guaid\u00f3, quien se declar\u00f3 presidente encargado el 23 de enero argumentando que la reelecci\u00f3n de Maduro en mayo pasado para seis a\u00f1os m\u00e1s de gobierno fue fraudulenta.<\/p>\n<p>El 6 de marzo, el gobierno venezolano orden\u00f3 la expulsi\u00f3n del embajador de Alemania en Caracas, Daniel Kriener, quien fue declarada persona no grata por \u201crecurrentes actos de injerencia en los asuntos internos\u201d.<\/p>\n<p>La orden se produjo dos d\u00edas despu\u00e9s de que Kriener acudiera junto con otros diplom\u00e1ticos al aeropuerto internacional de Caracas para presenciar la llegada al pa\u00eds de Guaid\u00f3, el jefe de la Asamblea Nacional, tras una gira de m\u00e1s de una semana que realiz\u00f3 por Sudam\u00e9rica.<\/p>\n<p>Guaid\u00f3 busca presionar a Maduro para que ponga fin a su mandato, se instale un gobierno de transici\u00f3n y se realicen elecciones libres lo antes posible. Maduro, por su parte, alega que Guaid\u00f3 forma parte de un complot dirigido por Washington para derrocarlo.<\/p>\n<p>Fecha de publicaci\u00f3n 15\/04\/2019 (Voz de Am\u00e9rica)<\/p>\n","protected":false},"excerpt":{"rendered":"<p>BERL\u00cdN ALEMANIA.- Las autoridades venezolanas ordenaron bloquear la se\u00f1al de la televisora alemana Deutsche Welle&#8230;<\/p>\n","protected":false},"author":178,"featured_media":58583,"comment_status":"open","ping_status":"open","sticky":false,"template":"","format":"standard","meta":{"_monsterinsights_skip_tracking":false,"_monsterinsights_sitenote_active":false,"_monsterinsights_sitenote_note":"","_monsterinsights_sitenote_category":0,"footnotes":""},"categories":[3],"tags":[3000,2777],"class_list":["post"],"yoast_head":" \n<title>Sonora en Equipo. Gobierno de Maduro bloquea canal alem\u00e1n de tv MUNDO<\/title>\n<meta name=\"description\" content=\"BERL\u00cdN ALEMANIA.- Las autoridades venezolanas ordenaron bloquear la se\u00f1al de la televisora alemana Deutsche Welle en espa\u00f1ol, confirm\u00f3 el domingo el medio En Sonora en Equipo publicamos toda la informaci\u00f3n de Sonora, M\u00e9xico y el Mundo de manera oportuna y busca que la libertad de expresi\u00f3n sea real. Visita nuestro medio informativo publicado desde Hermosillo, Sonora. %\" \/>\n<meta name=\"robots\" content=\"index, follow, max-snippet:-1, max-image-preview:large, max-video-preview:-1\" \/>\n<link rel=\"canonical\" href=\"https:\/\/www.sonoraenequipo.com.mx\/gobierno-de-maduro-bloquea-canal-aleman-de-tv\/\" \/>\n<meta property=\"og:locale\" content=\"es_ES\" \/>\n<meta property=\"og:type\" content=\"article\" \/>\n<meta property=\"og:title\" content=\"Sonora en Equipo. Gobierno de Maduro bloquea canal alem\u00e1n de tv MUNDO\" \/>\n<meta property=\"og:description\" content=\"BERL\u00cdN ALEMANIA.- Las autoridades venezolanas ordenaron bloquear la se\u00f1al de la televisora alemana Deutsche Welle en espa\u00f1ol, confirm\u00f3 el domingo el medio En Sonora en Equipo publicamos toda la informaci\u00f3n de Sonora, M\u00e9xico y el Mundo de manera oportuna y busca que la libertad de expresi\u00f3n sea real. Visita nuestro medio informativo publicado desde Hermosillo, Sonora. %\" \/>\n<meta property=\"og:url\" content=\"https:\/\/www.sonoraenequipo.com.mx\/gobierno-de-maduro-bloquea-canal-aleman-de-tv\/\" \/>\n<meta property=\"og:site_name\" content=\"Sonora en Equipo.\" \/>\n<meta property=\"article:publisher\" content=\"https:\/\/www.facebook.com\/SonoraEE\/\" \/>\n<meta property=\"article:published_time\" content=\"2019-04-15T17:07:32+00:00\" \/>\n<meta property=\"article:modified_time\" content=\"2019-04-15T17:49:58+00:00\" \/>\n<meta property=\"og:image\" content=\"https:\/\/www.sonoraenequipo.com.mx\/storage\/2019\/04\/dw-e1555348022895.jpg\" \/>\n\t<meta property=\"og:image:width\" content=\"500\" \/>\n\t<meta property=\"og:image:height\" content=\"281\" \/>\n\t<meta property=\"og:image:type\" content=\"image\/jpeg\" \/>\n<meta name=\"author\" content=\"enequipo\" \/>\n<meta name=\"twitter:card\" content=\"summary_large_image\" \/>\n<meta name=\"twitter:creator\" content=\"@sonoraenequipo\" \/>\n<meta name=\"twitter:site\" content=\"@sonoraenequipo\" \/>\n<meta name=\"twitter:label1\" content=\"Escrito por\" \/>\n\t<meta name=\"twitter:data1\" content=\"enequipo\" \/>\n\t<meta name=\"twitter:label2\" content=\"Tiempo de lectura\" \/>\n\t<meta name=\"twitter:data2\" content=\"2 minutos\" \/>\n<script type=\"application\/ld+json\" class=\"yoast-schema-graph\">{\"@context\":\"https:\/\/schema.org\",\"@graph\":[{\"@type\":\"Article\",\"@id\":\"https:\/\/www.sonoraenequipo.com.mx\/gobierno-de-maduro-bloquea-canal-aleman-de-tv\/#article\",\"isPartOf\":{\"@id\":\"https:\/\/www.sonoraenequipo.com.mx\/gobierno-de-maduro-bloquea-canal-aleman-de-tv\/\"},\"author\":{\"name\":\"enequipo\",\"@id\":\"https:\/\/www.sonoraenequipo.com.mx\/#\/schema\/person\/61a39de478a1763473ad55e8a95fddf6\"},\"headline\":\"Gobierno de Maduro bloquea canal alem\u00e1n de tv\",\"datePublished\":\"2019-04-15T17:07:32+00:00\",\"dateModified\":\"2019-04-15T17:49:58+00:00\",\"mainEntityOfPage\":{\"@id\":\"https:\/\/www.sonoraenequipo.com.mx\/gobierno-de-maduro-bloquea-canal-aleman-de-tv\/\"},\"wordCount\":400,\"commentCount\":0,\"publisher\":{\"@id\":\"https:\/\/www.sonoraenequipo.com.mx\/#organization\"},\"image\":{\"@id\":\"https:\/\/www.sonoraenequipo.com.mx\/gobierno-de-maduro-bloquea-canal-aleman-de-tv\/#primaryimage\"},\"thumbnailUrl\":\"https:\/\/www.sonoraenequipo.com.mx\/storage\/2019\/04\/dw-e1555348022895.jpg\",\"keywords\":[\"maduro\",\"Venezuela\"],\"articleSection\":[\"MUNDO\"],\"inLanguage\":\"es\",\"potentialAction\":[{\"@type\":\"CommentAction\",\"name\":\"Comment\",\"target\":[\"https:\/\/www.sonoraenequipo.com.mx\/gobierno-de-maduro-bloquea-canal-aleman-de-tv\/#respond\"]}]},{\"@type\":\"WebPage\",\"@id\":\"https:\/\/www.sonoraenequipo.com.mx\/gobierno-de-maduro-bloquea-canal-aleman-de-tv\/\",\"url\":\"https:\/\/www.sonoraenequipo.com.mx\/gobierno-de-maduro-bloquea-canal-aleman-de-tv\/\",\"name\":\"Sonora en Equipo. Gobierno de Maduro bloquea canal alem\u00e1n de tv MUNDO\",\"isPartOf\":{\"@id\":\"https:\/\/www.sonoraenequipo.com.mx\/#website\"},\"primaryImageOfPage\":{\"@id\":\"https:\/\/www.sonoraenequipo.com.mx\/gobierno-de-maduro-bloquea-canal-aleman-de-tv\/#primaryimage\"},\"image\":{\"@id\":\"https:\/\/www.sonoraenequipo.com.mx\/gobierno-de-maduro-bloquea-canal-aleman-de-tv\/#primaryimage\"},\"thumbnailUrl\":\"https:\/\/www.sonoraenequipo.com.mx\/storage\/2019\/04\/dw-e1555348022895.jpg\",\"datePublished\":\"2019-04-15T17:07:32+00:00\",\"dateModified\":\"2019-04-15T17:49:58+00:00\",\"description\":\"BERL\u00cdN ALEMANIA.- Las autoridades venezolanas ordenaron bloquear la se\u00f1al de la televisora alemana Deutsche Welle en espa\u00f1ol, confirm\u00f3 el domingo el medio En Sonora en Equipo publicamos toda la informaci\u00f3n de Sonora, M\u00e9xico y el Mundo de manera oportuna y busca que la libertad de expresi\u00f3n sea real. Visita nuestro medio informativo publicado desde Hermosillo, Sonora. %\",\"breadcrumb\":{\"@id\":\"https:\/\/www.sonoraenequipo.com.mx\/gobierno-de-maduro-bloquea-canal-aleman-de-tv\/#breadcrumb\"},\"inLanguage\":\"es\",\"potentialAction\":[{\"@type\":\"ReadAction\",\"target\":[\"https:\/\/www.sonoraenequipo.com.mx\/gobierno-de-maduro-bloquea-canal-aleman-de-tv\/\"]}]},{\"@type\":\"ImageObject\",\"inLanguage\":\"es\",\"@id\":\"https:\/\/www.sonoraenequipo.com.mx\/gobierno-de-maduro-bloquea-canal-aleman-de-tv\/#primaryimage\",\"url\":\"https:\/\/www.sonoraenequipo.com.mx\/storage\/2019\/04\/dw-e1555348022895.jpg\",\"contentUrl\":\"https:\/\/www.sonoraenequipo.com.mx\/storage\/2019\/04\/dw-e1555348022895.jpg\",\"width\":500,\"height\":281},{\"@type\":\"BreadcrumbList\",\"@id\":\"https:\/\/www.sonoraenequipo.com.mx\/gobierno-de-maduro-bloquea-canal-aleman-de-tv\/#breadcrumb\",\"itemListElement\":[{\"@type\":\"ListItem\",\"position\":1,\"name\":\"Portada\",\"item\":\"https:\/\/www.sonoraenequipo.com.mx\/\"},{\"@type\":\"ListItem\",\"position\":2,\"name\":\"Gobierno de Maduro bloquea canal alem\u00e1n de tv\"}]},{\"@type\":\"WebSite\",\"@id\":\"https:\/\/www.sonoraenequipo.com.mx\/#website\",\"url\":\"https:\/\/www.sonoraenequipo.com.mx\/\",\"name\":\"Sonora en Equipo.\",\"description\":\"Diario en l\u00ednea con Noticias desde Hermosillo, Sonora\",\"publisher\":{\"@id\":\"https:\/\/www.sonoraenequipo.com.mx\/#organization\"},\"potentialAction\":[{\"@type\":\"SearchAction\",\"target\":{\"@type\":\"EntryPoint\",\"urlTemplate\":\"https:\/\/www.sonoraenequipo.com.mx\/?s={search_term_string}\"},\"query-input\":{\"@type\":\"PropertyValueSpecification\",\"valueRequired\":true,\"valueName\":\"search_term_string\"}}],\"inLanguage\":\"es\"},{\"@type\":\"Organization\",\"@id\":\"https:\/\/www.sonoraenequipo.com.mx\/#organization\",\"name\":\"Sonoraenequipo.com.mx\",\"url\":\"https:\/\/www.sonoraenequipo.com.mx\/\",\"logo\":{\"@type\":\"ImageObject\",\"inLanguage\":\"es\",\"@id\":\"https:\/\/www.sonoraenequipo.com.mx\/#\/schema\/logo\/image\/\",\"url\":\"https:\/\/www.sonoraenequipo.com.mx\/storage\/2019\/01\/sonoraenequipo_opt.png\",\"contentUrl\":\"https:\/\/www.sonoraenequipo.com.mx\/storage\/2019\/01\/sonoraenequipo_opt.png\",\"width\":375,\"height\":125,\"caption\":\"Sonoraenequipo.com.mx\"},\"image\":{\"@id\":\"https:\/\/www.sonoraenequipo.com.mx\/#\/schema\/logo\/image\/\"},\"sameAs\":[\"https:\/\/www.facebook.com\/SonoraEE\/\",\"https:\/\/x.com\/sonoraenequipo\",\"https:\/\/www.youtube.com\/channel\/UC338nW-lPEYmJQs4ZABQ1SQ\"]},{\"@type\":\"Person\",\"@id\":\"https:\/\/www.sonoraenequipo.com.mx\/#\/schema\/person\/61a39de478a1763473ad55e8a95fddf6\",\"name\":\"enequipo\",\"image\":{\"@type\":\"ImageObject\",\"inLanguage\":\"es\",\"@id\":\"https:\/\/www.sonoraenequipo.com.mx\/#\/schema\/person\/image\/\",\"url\":\"https:\/\/secure.gravatar.com\/avatar\/e39bc3016d8af598aed3d770c9510dfc2795f37ea1733d99fcc6e97d2c3c9f5e?s=96&d=blank&r=g\",\"contentUrl\":\"https:\/\/secure.gravatar.com\/avatar\/e39bc3016d8af598aed3d770c9510dfc2795f37ea1733d99fcc6e97d2c3c9f5e?s=96&d=blank&r=g\",\"caption\":\"enequipo\"}}]}<\/script>\n ","yoast_head_json":{"title":"Sonora en Equipo. Gobierno de Maduro bloquea canal alem\u00e1n de tv MUNDO","description":"BERL\u00cdN ALEMANIA.- Las autoridades venezolanas ordenaron bloquear la se\u00f1al de la televisora alemana Deutsche Welle en espa\u00f1ol, confirm\u00f3 el domingo el medio En Sonora en Equipo publicamos toda la informaci\u00f3n de Sonora, M\u00e9xico y el Mundo de manera oportuna y busca que la libertad de expresi\u00f3n sea real. Visita nuestro medio informativo publicado desde Hermosillo, Sonora. %","robots":{"index":"index","follow":"follow","max-snippet":"max-snippet:-1","max-image-preview":"max-image-preview:large","max-video-preview":"max-video-preview:-1"},"canonical":"https:\/\/www.sonoraenequipo.com.mx\/gobierno-de-maduro-bloquea-canal-aleman-de-tv\/","og_locale":"es_ES","og_type":"article","og_title":"Sonora en Equipo. Gobierno de Maduro bloquea canal alem\u00e1n de tv MUNDO","og_description":"BERL\u00cdN ALEMANIA.- Las autoridades venezolanas ordenaron bloquear la se\u00f1al de la televisora alemana Deutsche Welle en espa\u00f1ol, confirm\u00f3 el domingo el medio En Sonora en Equipo publicamos toda la informaci\u00f3n de Sonora, M\u00e9xico y el Mundo de manera oportuna y busca que la libertad de expresi\u00f3n sea real. Visita nuestro medio informativo publicado desde Hermosillo, Sonora. %","og_url":"https:\/\/www.sonoraenequipo.com.mx\/gobierno-de-maduro-bloquea-canal-aleman-de-tv\/","og_site_name":"Sonora en Equipo.","article_publisher":"https:\/\/www.facebook.com\/SonoraEE\/","article_published_time":"2019-04-15T17:07:32+00:00","article_modified_time":"2019-04-15T17:49:58+00:00","og_image":[{"width":500,"height":281,"url":"https:\/\/www.sonoraenequipo.com.mx\/storage\/2019\/04\/dw-e1555348022895.jpg","type":"image\/jpeg"}],"author":"enequipo","twitter_card":"summary_large_image","twitter_creator":"@sonoraenequipo","twitter_site":"@sonoraenequipo","twitter_misc":{"Escrito por":"enequipo","Tiempo de lectura":"2 minutos"},"schema":{"@context":"https:\/\/schema.org","@graph":[{"@type":"Article","@id":"https:\/\/www.sonoraenequipo.com.mx\/gobierno-de-maduro-bloquea-canal-aleman-de-tv\/#article","isPartOf":{"@id":"https:\/\/www.sonoraenequipo.com.mx\/gobierno-de-maduro-bloquea-canal-aleman-de-tv\/"},"author":{"name":"enequipo","@id":"https:\/\/www.sonoraenequipo.com.mx\/#\/schema\/person\/61a39de478a1763473ad55e8a95fddf6"},"headline":"Gobierno de Maduro bloquea canal alem\u00e1n de tv","datePublished":"2019-04-15T17:07:32+00:00","dateModified":"2019-04-15T17:49:58+00:00","mainEntityOfPage":{"@id":"https:\/\/www.sonoraenequipo.com.mx\/gobierno-de-maduro-bloquea-canal-aleman-de-tv\/"},"wordCount":400,"commentCount":0,"publisher":{"@id":"https:\/\/www.sonoraenequipo.com.mx\/#organization"},"image":{"@id":"https:\/\/www.sonoraenequipo.com.mx\/gobierno-de-maduro-bloquea-canal-aleman-de-tv\/#primaryimage"},"thumbnailUrl":"https:\/\/www.sonoraenequipo.com.mx\/storage\/2019\/04\/dw-e1555348022895.jpg","keywords":["maduro","Venezuela"],"articleSection":["MUNDO"],"inLanguage":"es","potentialAction":[{"@type":"CommentAction","name":"Comment","target":["https:\/\/www.sonoraenequipo.com.mx\/gobierno-de-maduro-bloquea-canal-aleman-de-tv\/#respond"]}]},{"@type":"WebPage","@id":"https:\/\/www.sonoraenequipo.com.mx\/gobierno-de-maduro-bloquea-canal-aleman-de-tv\/","url":"https:\/\/www.sonoraenequipo.com.mx\/gobierno-de-maduro-bloquea-canal-aleman-de-tv\/","name":"Sonora en Equipo. Gobierno de Maduro bloquea canal alem\u00e1n de tv MUNDO","isPartOf":{"@id":"https:\/\/www.sonoraenequipo.com.mx\/#website"},"primaryImageOfPage":{"@id":"https:\/\/www.sonoraenequipo.com.mx\/gobierno-de-maduro-bloquea-canal-aleman-de-tv\/#primaryimage"},"image":{"@id":"https:\/\/www.sonoraenequipo.com.mx\/gobierno-de-maduro-bloquea-canal-aleman-de-tv\/#primaryimage"},"thumbnailUrl":"https:\/\/www.sonoraenequipo.com.mx\/storage\/2019\/04\/dw-e1555348022895.jpg","datePublished":"2019-04-15T17:07:32+00:00","dateModified":"2019-04-15T17:49:58+00:00","description":"BERL\u00cdN ALEMANIA.- Las autoridades venezolanas ordenaron bloquear la se\u00f1al de la televisora alemana Deutsche Welle en espa\u00f1ol, confirm\u00f3 el domingo el medio En Sonora en Equipo publicamos toda la informaci\u00f3n de Sonora, M\u00e9xico y el Mundo de manera oportuna y busca que la libertad de expresi\u00f3n sea real. Visita nuestro medio informativo publicado desde Hermosillo, Sonora. %","breadcrumb":{"@id":"https:\/\/www.sonoraenequipo.com.mx\/gobierno-de-maduro-bloquea-canal-aleman-de-tv\/#breadcrumb"},"inLanguage":"es","potentialAction":[{"@type":"ReadAction","target":["https:\/\/www.sonoraenequipo.com.mx\/gobierno-de-maduro-bloquea-canal-aleman-de-tv\/"]}]},{"@type":"ImageObject","inLanguage":"es","@id":"https:\/\/www.sonoraenequipo.com.mx\/gobierno-de-maduro-bloquea-canal-aleman-de-tv\/#primaryimage","url":"https:\/\/www.sonoraenequipo.com.mx\/storage\/2019\/04\/dw-e1555348022895.jpg","contentUrl":"https:\/\/www.sonoraenequipo.com.mx\/storage\/2019\/04\/dw-e1555348022895.jpg","width":500,"height":281},{"@type":"BreadcrumbList","@id":"https:\/\/www.sonoraenequipo.com.mx\/gobierno-de-maduro-bloquea-canal-aleman-de-tv\/#breadcrumb","itemListElement":[{"@type":"ListItem","position":1,"name":"Portada","item":"https:\/\/www.sonoraenequipo.com.mx\/"},{"@type":"ListItem","position":2,"name":"Gobierno de Maduro bloquea canal alem\u00e1n de tv"}]},{"@type":"WebSite","@id":"https:\/\/www.sonoraenequipo.com.mx\/#website","url":"https:\/\/www.sonoraenequipo.com.mx\/","name":"Sonora en Equipo.","description":"Diario en l\u00ednea con Noticias desde Hermosillo, Sonora","publisher":{"@id":"https:\/\/www.sonoraenequipo.com.mx\/#organization"},"potentialAction":[{"@type":"SearchAction","target":{"@type":"EntryPoint","urlTemplate":"https:\/\/www.sonoraenequipo.com.mx\/?s={search_term_string}"},"query-input":{"@type":"PropertyValueSpecification","valueRequired":true,"valueName":"search_term_string"}}],"inLanguage":"es"},{"@type":"Organization","@id":"https:\/\/www.sonoraenequipo.com.mx\/#organization","name":"Sonoraenequipo.com.mx","url":"https:\/\/www.sonoraenequipo.com.mx\/","logo":{"@type":"ImageObject","inLanguage":"es","@id":"https:\/\/www.sonoraenequipo.com.mx\/#\/schema\/logo\/image\/","url":"https:\/\/www.sonoraenequipo.com.mx\/storage\/2019\/01\/sonoraenequipo_opt.png","contentUrl":"https:\/\/www.sonoraenequipo.com.mx\/storage\/2019\/01\/sonoraenequipo_opt.png","width":375,"height":125,"caption":"Sonoraenequipo.com.mx"},"image":{"@id":"https:\/\/www.sonoraenequipo.com.mx\/#\/schema\/logo\/image\/"},"sameAs":["https:\/\/www.facebook.com\/SonoraEE\/","https:\/\/x.com\/sonoraenequipo","https:\/\/www.youtube.com\/channel\/UC338nW-lPEYmJQs4ZABQ1SQ"]},{"@type":"Person","@id":"https:\/\/www.sonoraenequipo.com.mx\/#\/schema\/person\/61a39de478a1763473ad55e8a95fddf6","name":"enequipo","image":{"@type":"ImageObject","inLanguage":"es","@id":"https:\/\/www.sonoraenequipo.com.mx\/#\/schema\/person\/image\/","url":"https:\/\/secure.gravatar.com\/avatar\/e39bc3016d8af598aed3d770c9510dfc2795f37ea1733d99fcc6e97d2c3c9f5e?s=96&d=blank&r=g","contentUrl":"https:\/\/secure.gravatar.com\/avatar\/e39bc3016d8af598aed3d770c9510dfc2795f37ea1733d99fcc6e97d2c3c9f5e?s=96&d=blank&r=g","caption":"enequipo"}}]}},"jetpack_featured_media_url":"https:\/\/www.sonoraenequipo.com.mx\/storage\/2019\/04\/dw-e1555348022895.jpg","_links":{"self":[{"href":"https:\/\/www.sonoraenequipo.com.mx\/api\/wp\/v2\/posts\/58582","targetHints":{"allow":["GET"]}}],"collection":[{"href":"https:\/\/www.sonoraenequipo.com.mx\/api\/wp\/v2\/posts"}],"about":[{"href":"https:\/\/www.sonoraenequipo.com.mx\/api\/wp\/v2\/types\/post"}],"author":[{"embeddable":true,"href":"https:\/\/www.sonoraenequipo.com.mx\/api\/wp\/v2\/users\/178"}],"replies":[{"embeddable":true,"href":"https:\/\/www.sonoraenequipo.com.mx\/api\/wp\/v2\/comments?post=58582"}],"version-history":[{"count":0,"href":"https:\/\/www.sonoraenequipo.com.mx\/api\/wp\/v2\/posts\/58582\/revisions"}],"wp:featuredmedia":[{"embeddable":true,"href":"https:\/\/www.sonoraenequipo.com.mx\/api\/wp\/v2\/media\/58583"}],"wp:attachment":[{"href":"https:\/\/www.sonoraenequipo.com.mx\/api\/wp\/v2\/media?parent=58582"}],"wp:term":[{"taxonomy":"category","embeddable":true,"href":"https:\/\/www.sonoraenequipo.com.mx\/api\/wp\/v2\/categories?post=58582"},{"taxonomy":"post_tag","embeddable":true,"href":"https:\/\/www.sonoraenequipo.com.mx\/api\/wp\/v2\/tags?post=58582"}],"curies":[{"name":"wp","href":"https:\/\/api.w.org\/{rel}","templated":true}]}}