{"id":58596,"date":"2019-04-15T11:16:07","date_gmt":"2019-04-15T18:16:07","guid":{"rendered":"http:\/\/www.sonoraenequipo.com.mx\/?p=58596"},"modified":"2019-04-15T11:16:07","modified_gmt":"2019-04-15T18:16:07","slug":"encabeza-mexicano-en-nasa-proyecto-para-lanzar-un-cubsat-en-octubre","status":"publish","type":"post","link":"https:\/\/www.sonoraenequipo.com.mx\/encabeza-mexicano-en-nasa-proyecto-para-lanzar-un-cubsat-en-octubre\/","title":{"rendered":"Encabeza mexicano en NASA proyecto para lanzar un cubsat en octubre"},"content":{"rendered":"<p>CIUDAD DE M\u00c9XICO.- Encabeza mexicano en NASA proyecto para lanzar un cubsat en octubre<br \/>\nEl peque\u00f1o sat\u00e9lite estar\u00e1 en \u00f3rbita durante dos a\u00f1os y recabar\u00e1 fotos de ciudades para estudio del calentamiento urbano <\/p>\n<p>El mexicano Jaime S\u00e1nchez de la Vega, actual estudiante de la Universidad Estatal de Arizona (ASU), dirige la primera misi\u00f3n estudiantil financiada por la NASA que investigar\u00e1 el fen\u00f3meno del calentamiento urbano, mediante un sat\u00e9lite del tama\u00f1o de una barra de pan que lanzar\u00e1n este a\u00f1o.<\/p>\n<p><img loading=\"lazy\" decoding=\"async\" class=\"  x-left\" src=\"http:\/\/www.sonoraenequipo.com.mx\/storage\/2019\/04\/cubesat-359x452.png\" alt=\"\" width=\"281\" height=\"354\" \/>El mexicano present\u00f3 este proyecto ante cient\u00edficos en el Laboratorio de Propulsi\u00f3n JPL-NASA, un centro dedicado a la construcci\u00f3n y operaci\u00f3n de naves espaciales no tripuladas. Obtuvo una beca de 200 mil d\u00f3lares, monto con el que financiar\u00e1n el sat\u00e9lite \u00abThe Phoenix Cubesat\u00bb, que ser\u00e1 lanzado en octubre pr\u00f3ximo.<\/p>\n<p>\u00abEs la primera vez que a nivel universitario haremos un sat\u00e9lite tan peque\u00f1o para estudiar el calentamiento urbano desde el espacio\u00bb, apunt\u00f3 S\u00e1nchez de la Vega.<\/p>\n<p>\u00abThe Phoenix Cubesat\u00bb fue dise\u00f1ado y construido en su totalidad por estudiantes de ASU en Phoenix (Arizona) y ser\u00e1 lanzado a la Estaci\u00f3n Espacial Internacional, desde la cual se desplegar\u00e1 en la llamada \u00f3rbita terrestre baja.<\/p>\n<p>Durante la misi\u00f3n, el sat\u00e9lite capturar\u00e1 im\u00e1genes t\u00e9rmicas de ciudades de Estados Unidos y del resto del mundo desde una \u00d3rbita Terrestre Baja (LEO, por sus siglas en ingl\u00e9s), a trav\u00e9s de la detecci\u00f3n remota por rayos infrarrojos.<\/p>\n<p>\u00abSoy el \u00fanico estudiante con ciudadan\u00eda mexicana en el proyecto, soy el ingeniero principal de esta misi\u00f3n y es un honor representar a mi grupo y a todo el mundo en este proyecto que por vez primera se hace a nivel universitario.<\/p>\n<p>\u00abEstudios similares se han hecho por parte de la NASA, pero han costado millones de d\u00f3lares porque son sat\u00e9lites grandes, del tama\u00f1o de un cami\u00f3n. Es un peque\u00f1o sat\u00e9lite de gran impacto. Uno de sus beneficios es educacional, pues provee entrenamientos en la industria aeroespacial a estudiantes como yo\u00bb, explica el estudiante de 22 a\u00f1os.<\/p>\n<p>A medida que las ciudades crecen, el dise\u00f1o y la composici\u00f3n de los materiales de \u00e1reas urbanas producen lo que se llama el Efecto de la Isla de Calor Urbano (UHI, en ingl\u00e9s), un fen\u00f3meno por el que las estructuras de las ciudades aumentan la temperatura de la superficie.<\/p>\n<p>\u00abEl cemento y el asfalto tienden a retener el calor del sol y esto incrementa la temperatura de manera significativa. Es algo que queremos mitigar con el estudio y ver c\u00f3mo se desarrolla\u00bb, se\u00f1al\u00f3 el joven.<\/p>\n<p>S\u00e1nchez de la Vega se inscribi\u00f3 en un programa de intercambio acad\u00e9mico en Sonora por el que logr\u00f3 estudiar en la ASU, universidad en la que est\u00e1 por concluir las carreras de Ingeniera Aeroespacial e Ingenier\u00eda El\u00e9ctrica.<\/p>\n<p>El equipo de 30 estudiantes, que trabaja \u00abd\u00eda y noche\u00bb, se encuentra actualmente en la fase de dise\u00f1o \u00abcr\u00edtico\u00bb de la misi\u00f3n: Perfilan el software de vuelo y hacen pruebas a nivel de sistemas. El ensamblaje y las pruebas ambientales se realizar\u00e1n de mayo a junio.<\/p>\n<p>S\u00e1nchez de la Vega, que ha visitado la NASA en tres ocasiones, cumple con las tareas de ingenier\u00eda de sistemas, que incluyen el dise\u00f1o y la fabricaci\u00f3n de la estructura CubeSat.<\/p>\n<p>Fecha de publicaci\u00f3n 15\/04\/2019 (Agencia ID)<\/p>\n","protected":false},"excerpt":{"rendered":"<p>CIUDAD DE M\u00c9XICO.- Encabeza mexicano en NASA proyecto para lanzar un cubsat en octubre El&#8230;<\/p>\n","protected":false},"author":178,"featured_media":58610,"comment_status":"open","ping_status":"open","sticky":false,"template":"","format":"standard","meta":{"_monsterinsights_skip_tracking":false,"_monsterinsights_sitenote_active":false,"_monsterinsights_sitenote_note":"","_monsterinsights_sitenote_category":0,"footnotes":""},"categories":[2216],"tags":[],"class_list":["post"],"yoast_head":" \n<title>Sonora en Equipo. Encabeza mexicano en NASA proyecto para lanzar un cubsat en octubre Ciencia y Tecnolog\u00eda<\/title>\n<meta name=\"description\" content=\"CIUDAD DE M\u00c9XICO.- Encabeza mexicano en NASA proyecto para lanzar un cubsat en octubre El peque\u00f1o sat\u00e9lite estar\u00e1 en \u00f3rbita durante dos a\u00f1os y recabar\u00e1 En Sonora en Equipo publicamos toda la informaci\u00f3n de Sonora, M\u00e9xico y el Mundo de manera oportuna y busca que la libertad de expresi\u00f3n sea real. Visita nuestro medio informativo publicado desde Hermosillo, Sonora. %\" \/>\n<meta name=\"robots\" content=\"index, follow, max-snippet:-1, max-image-preview:large, max-video-preview:-1\" \/>\n<link rel=\"canonical\" href=\"https:\/\/www.sonoraenequipo.com.mx\/encabeza-mexicano-en-nasa-proyecto-para-lanzar-un-cubsat-en-octubre\/\" \/>\n<meta property=\"og:locale\" content=\"es_ES\" \/>\n<meta property=\"og:type\" content=\"article\" \/>\n<meta property=\"og:title\" content=\"Sonora en Equipo. Encabeza mexicano en NASA proyecto para lanzar un cubsat en octubre Ciencia y Tecnolog\u00eda\" \/>\n<meta property=\"og:description\" content=\"CIUDAD DE M\u00c9XICO.- Encabeza mexicano en NASA proyecto para lanzar un cubsat en octubre El peque\u00f1o sat\u00e9lite estar\u00e1 en \u00f3rbita durante dos a\u00f1os y recabar\u00e1 En Sonora en Equipo publicamos toda la informaci\u00f3n de Sonora, M\u00e9xico y el Mundo de manera oportuna y busca que la libertad de expresi\u00f3n sea real. Visita nuestro medio informativo publicado desde Hermosillo, Sonora. %\" \/>\n<meta property=\"og:url\" content=\"https:\/\/www.sonoraenequipo.com.mx\/encabeza-mexicano-en-nasa-proyecto-para-lanzar-un-cubsat-en-octubre\/\" \/>\n<meta property=\"og:site_name\" content=\"Sonora en Equipo.\" \/>\n<meta property=\"article:publisher\" content=\"https:\/\/www.facebook.com\/SonoraEE\/\" \/>\n<meta property=\"article:published_time\" content=\"2019-04-15T18:16:07+00:00\" \/>\n<meta property=\"og:image\" content=\"https:\/\/www.sonoraenequipo.com.mx\/storage\/2019\/04\/cubsat-e1555352040402.jpg\" \/>\n\t<meta property=\"og:image:width\" content=\"500\" \/>\n\t<meta property=\"og:image:height\" content=\"336\" \/>\n\t<meta property=\"og:image:type\" content=\"image\/jpeg\" \/>\n<meta name=\"author\" content=\"enequipo\" \/>\n<meta name=\"twitter:card\" content=\"summary_large_image\" \/>\n<meta name=\"twitter:creator\" content=\"@sonoraenequipo\" \/>\n<meta name=\"twitter:site\" content=\"@sonoraenequipo\" \/>\n<meta name=\"twitter:label1\" content=\"Escrito por\" \/>\n\t<meta name=\"twitter:data1\" content=\"enequipo\" \/>\n\t<meta name=\"twitter:label2\" content=\"Tiempo de lectura\" \/>\n\t<meta name=\"twitter:data2\" content=\"3 minutos\" \/>\n<script type=\"application\/ld+json\" class=\"yoast-schema-graph\">{\"@context\":\"https:\/\/schema.org\",\"@graph\":[{\"@type\":\"Article\",\"@id\":\"https:\/\/www.sonoraenequipo.com.mx\/encabeza-mexicano-en-nasa-proyecto-para-lanzar-un-cubsat-en-octubre\/#article\",\"isPartOf\":{\"@id\":\"https:\/\/www.sonoraenequipo.com.mx\/encabeza-mexicano-en-nasa-proyecto-para-lanzar-un-cubsat-en-octubre\/\"},\"author\":{\"name\":\"enequipo\",\"@id\":\"https:\/\/www.sonoraenequipo.com.mx\/#\/schema\/person\/61a39de478a1763473ad55e8a95fddf6\"},\"headline\":\"Encabeza mexicano en NASA proyecto para lanzar un cubsat en octubre\",\"datePublished\":\"2019-04-15T18:16:07+00:00\",\"mainEntityOfPage\":{\"@id\":\"https:\/\/www.sonoraenequipo.com.mx\/encabeza-mexicano-en-nasa-proyecto-para-lanzar-un-cubsat-en-octubre\/\"},\"wordCount\":598,\"commentCount\":0,\"publisher\":{\"@id\":\"https:\/\/www.sonoraenequipo.com.mx\/#organization\"},\"image\":{\"@id\":\"https:\/\/www.sonoraenequipo.com.mx\/encabeza-mexicano-en-nasa-proyecto-para-lanzar-un-cubsat-en-octubre\/#primaryimage\"},\"thumbnailUrl\":\"https:\/\/www.sonoraenequipo.com.mx\/storage\/2019\/04\/cubsat-e1555352040402.jpg\",\"articleSection\":[\"Ciencia y Tecnolog\u00eda\"],\"inLanguage\":\"es\",\"potentialAction\":[{\"@type\":\"CommentAction\",\"name\":\"Comment\",\"target\":[\"https:\/\/www.sonoraenequipo.com.mx\/encabeza-mexicano-en-nasa-proyecto-para-lanzar-un-cubsat-en-octubre\/#respond\"]}]},{\"@type\":\"WebPage\",\"@id\":\"https:\/\/www.sonoraenequipo.com.mx\/encabeza-mexicano-en-nasa-proyecto-para-lanzar-un-cubsat-en-octubre\/\",\"url\":\"https:\/\/www.sonoraenequipo.com.mx\/encabeza-mexicano-en-nasa-proyecto-para-lanzar-un-cubsat-en-octubre\/\",\"name\":\"Sonora en Equipo. Encabeza mexicano en NASA proyecto para lanzar un cubsat en octubre Ciencia y Tecnolog\u00eda\",\"isPartOf\":{\"@id\":\"https:\/\/www.sonoraenequipo.com.mx\/#website\"},\"primaryImageOfPage\":{\"@id\":\"https:\/\/www.sonoraenequipo.com.mx\/encabeza-mexicano-en-nasa-proyecto-para-lanzar-un-cubsat-en-octubre\/#primaryimage\"},\"image\":{\"@id\":\"https:\/\/www.sonoraenequipo.com.mx\/encabeza-mexicano-en-nasa-proyecto-para-lanzar-un-cubsat-en-octubre\/#primaryimage\"},\"thumbnailUrl\":\"https:\/\/www.sonoraenequipo.com.mx\/storage\/2019\/04\/cubsat-e1555352040402.jpg\",\"datePublished\":\"2019-04-15T18:16:07+00:00\",\"description\":\"CIUDAD DE M\u00c9XICO.- Encabeza mexicano en NASA proyecto para lanzar un cubsat en octubre El peque\u00f1o sat\u00e9lite estar\u00e1 en \u00f3rbita durante dos a\u00f1os y recabar\u00e1 En Sonora en Equipo publicamos toda la informaci\u00f3n de Sonora, M\u00e9xico y el Mundo de manera oportuna y busca que la libertad de expresi\u00f3n sea real. Visita nuestro medio informativo publicado desde Hermosillo, Sonora. %\",\"breadcrumb\":{\"@id\":\"https:\/\/www.sonoraenequipo.com.mx\/encabeza-mexicano-en-nasa-proyecto-para-lanzar-un-cubsat-en-octubre\/#breadcrumb\"},\"inLanguage\":\"es\",\"potentialAction\":[{\"@type\":\"ReadAction\",\"target\":[\"https:\/\/www.sonoraenequipo.com.mx\/encabeza-mexicano-en-nasa-proyecto-para-lanzar-un-cubsat-en-octubre\/\"]}]},{\"@type\":\"ImageObject\",\"inLanguage\":\"es\",\"@id\":\"https:\/\/www.sonoraenequipo.com.mx\/encabeza-mexicano-en-nasa-proyecto-para-lanzar-un-cubsat-en-octubre\/#primaryimage\",\"url\":\"https:\/\/www.sonoraenequipo.com.mx\/storage\/2019\/04\/cubsat-e1555352040402.jpg\",\"contentUrl\":\"https:\/\/www.sonoraenequipo.com.mx\/storage\/2019\/04\/cubsat-e1555352040402.jpg\",\"width\":500,\"height\":336},{\"@type\":\"BreadcrumbList\",\"@id\":\"https:\/\/www.sonoraenequipo.com.mx\/encabeza-mexicano-en-nasa-proyecto-para-lanzar-un-cubsat-en-octubre\/#breadcrumb\",\"itemListElement\":[{\"@type\":\"ListItem\",\"position\":1,\"name\":\"Portada\",\"item\":\"https:\/\/www.sonoraenequipo.com.mx\/\"},{\"@type\":\"ListItem\",\"position\":2,\"name\":\"Encabeza mexicano en NASA proyecto para lanzar un cubsat en octubre\"}]},{\"@type\":\"WebSite\",\"@id\":\"https:\/\/www.sonoraenequipo.com.mx\/#website\",\"url\":\"https:\/\/www.sonoraenequipo.com.mx\/\",\"name\":\"Sonora en Equipo.\",\"description\":\"Diario en l\u00ednea con Noticias desde Hermosillo, Sonora\",\"publisher\":{\"@id\":\"https:\/\/www.sonoraenequipo.com.mx\/#organization\"},\"potentialAction\":[{\"@type\":\"SearchAction\",\"target\":{\"@type\":\"EntryPoint\",\"urlTemplate\":\"https:\/\/www.sonoraenequipo.com.mx\/?s={search_term_string}\"},\"query-input\":{\"@type\":\"PropertyValueSpecification\",\"valueRequired\":true,\"valueName\":\"search_term_string\"}}],\"inLanguage\":\"es\"},{\"@type\":\"Organization\",\"@id\":\"https:\/\/www.sonoraenequipo.com.mx\/#organization\",\"name\":\"Sonoraenequipo.com.mx\",\"url\":\"https:\/\/www.sonoraenequipo.com.mx\/\",\"logo\":{\"@type\":\"ImageObject\",\"inLanguage\":\"es\",\"@id\":\"https:\/\/www.sonoraenequipo.com.mx\/#\/schema\/logo\/image\/\",\"url\":\"https:\/\/www.sonoraenequipo.com.mx\/storage\/2019\/01\/sonoraenequipo_opt.png\",\"contentUrl\":\"https:\/\/www.sonoraenequipo.com.mx\/storage\/2019\/01\/sonoraenequipo_opt.png\",\"width\":375,\"height\":125,\"caption\":\"Sonoraenequipo.com.mx\"},\"image\":{\"@id\":\"https:\/\/www.sonoraenequipo.com.mx\/#\/schema\/logo\/image\/\"},\"sameAs\":[\"https:\/\/www.facebook.com\/SonoraEE\/\",\"https:\/\/x.com\/sonoraenequipo\",\"https:\/\/www.youtube.com\/channel\/UC338nW-lPEYmJQs4ZABQ1SQ\"]},{\"@type\":\"Person\",\"@id\":\"https:\/\/www.sonoraenequipo.com.mx\/#\/schema\/person\/61a39de478a1763473ad55e8a95fddf6\",\"name\":\"enequipo\",\"image\":{\"@type\":\"ImageObject\",\"inLanguage\":\"es\",\"@id\":\"https:\/\/www.sonoraenequipo.com.mx\/#\/schema\/person\/image\/\",\"url\":\"https:\/\/secure.gravatar.com\/avatar\/e39bc3016d8af598aed3d770c9510dfc2795f37ea1733d99fcc6e97d2c3c9f5e?s=96&d=blank&r=g\",\"contentUrl\":\"https:\/\/secure.gravatar.com\/avatar\/e39bc3016d8af598aed3d770c9510dfc2795f37ea1733d99fcc6e97d2c3c9f5e?s=96&d=blank&r=g\",\"caption\":\"enequipo\"}}]}<\/script>\n ","yoast_head_json":{"title":"Sonora en Equipo. Encabeza mexicano en NASA proyecto para lanzar un cubsat en octubre Ciencia y Tecnolog\u00eda","description":"CIUDAD DE M\u00c9XICO.- Encabeza mexicano en NASA proyecto para lanzar un cubsat en octubre El peque\u00f1o sat\u00e9lite estar\u00e1 en \u00f3rbita durante dos a\u00f1os y recabar\u00e1 En Sonora en Equipo publicamos toda la informaci\u00f3n de Sonora, M\u00e9xico y el Mundo de manera oportuna y busca que la libertad de expresi\u00f3n sea real. Visita nuestro medio informativo publicado desde Hermosillo, Sonora. %","robots":{"index":"index","follow":"follow","max-snippet":"max-snippet:-1","max-image-preview":"max-image-preview:large","max-video-preview":"max-video-preview:-1"},"canonical":"https:\/\/www.sonoraenequipo.com.mx\/encabeza-mexicano-en-nasa-proyecto-para-lanzar-un-cubsat-en-octubre\/","og_locale":"es_ES","og_type":"article","og_title":"Sonora en Equipo. Encabeza mexicano en NASA proyecto para lanzar un cubsat en octubre Ciencia y Tecnolog\u00eda","og_description":"CIUDAD DE M\u00c9XICO.- Encabeza mexicano en NASA proyecto para lanzar un cubsat en octubre El peque\u00f1o sat\u00e9lite estar\u00e1 en \u00f3rbita durante dos a\u00f1os y recabar\u00e1 En Sonora en Equipo publicamos toda la informaci\u00f3n de Sonora, M\u00e9xico y el Mundo de manera oportuna y busca que la libertad de expresi\u00f3n sea real. Visita nuestro medio informativo publicado desde Hermosillo, Sonora. %","og_url":"https:\/\/www.sonoraenequipo.com.mx\/encabeza-mexicano-en-nasa-proyecto-para-lanzar-un-cubsat-en-octubre\/","og_site_name":"Sonora en Equipo.","article_publisher":"https:\/\/www.facebook.com\/SonoraEE\/","article_published_time":"2019-04-15T18:16:07+00:00","og_image":[{"width":500,"height":336,"url":"https:\/\/www.sonoraenequipo.com.mx\/storage\/2019\/04\/cubsat-e1555352040402.jpg","type":"image\/jpeg"}],"author":"enequipo","twitter_card":"summary_large_image","twitter_creator":"@sonoraenequipo","twitter_site":"@sonoraenequipo","twitter_misc":{"Escrito por":"enequipo","Tiempo de lectura":"3 minutos"},"schema":{"@context":"https:\/\/schema.org","@graph":[{"@type":"Article","@id":"https:\/\/www.sonoraenequipo.com.mx\/encabeza-mexicano-en-nasa-proyecto-para-lanzar-un-cubsat-en-octubre\/#article","isPartOf":{"@id":"https:\/\/www.sonoraenequipo.com.mx\/encabeza-mexicano-en-nasa-proyecto-para-lanzar-un-cubsat-en-octubre\/"},"author":{"name":"enequipo","@id":"https:\/\/www.sonoraenequipo.com.mx\/#\/schema\/person\/61a39de478a1763473ad55e8a95fddf6"},"headline":"Encabeza mexicano en NASA proyecto para lanzar un cubsat en octubre","datePublished":"2019-04-15T18:16:07+00:00","mainEntityOfPage":{"@id":"https:\/\/www.sonoraenequipo.com.mx\/encabeza-mexicano-en-nasa-proyecto-para-lanzar-un-cubsat-en-octubre\/"},"wordCount":598,"commentCount":0,"publisher":{"@id":"https:\/\/www.sonoraenequipo.com.mx\/#organization"},"image":{"@id":"https:\/\/www.sonoraenequipo.com.mx\/encabeza-mexicano-en-nasa-proyecto-para-lanzar-un-cubsat-en-octubre\/#primaryimage"},"thumbnailUrl":"https:\/\/www.sonoraenequipo.com.mx\/storage\/2019\/04\/cubsat-e1555352040402.jpg","articleSection":["Ciencia y Tecnolog\u00eda"],"inLanguage":"es","potentialAction":[{"@type":"CommentAction","name":"Comment","target":["https:\/\/www.sonoraenequipo.com.mx\/encabeza-mexicano-en-nasa-proyecto-para-lanzar-un-cubsat-en-octubre\/#respond"]}]},{"@type":"WebPage","@id":"https:\/\/www.sonoraenequipo.com.mx\/encabeza-mexicano-en-nasa-proyecto-para-lanzar-un-cubsat-en-octubre\/","url":"https:\/\/www.sonoraenequipo.com.mx\/encabeza-mexicano-en-nasa-proyecto-para-lanzar-un-cubsat-en-octubre\/","name":"Sonora en Equipo. Encabeza mexicano en NASA proyecto para lanzar un cubsat en octubre Ciencia y Tecnolog\u00eda","isPartOf":{"@id":"https:\/\/www.sonoraenequipo.com.mx\/#website"},"primaryImageOfPage":{"@id":"https:\/\/www.sonoraenequipo.com.mx\/encabeza-mexicano-en-nasa-proyecto-para-lanzar-un-cubsat-en-octubre\/#primaryimage"},"image":{"@id":"https:\/\/www.sonoraenequipo.com.mx\/encabeza-mexicano-en-nasa-proyecto-para-lanzar-un-cubsat-en-octubre\/#primaryimage"},"thumbnailUrl":"https:\/\/www.sonoraenequipo.com.mx\/storage\/2019\/04\/cubsat-e1555352040402.jpg","datePublished":"2019-04-15T18:16:07+00:00","description":"CIUDAD DE M\u00c9XICO.- Encabeza mexicano en NASA proyecto para lanzar un cubsat en octubre El peque\u00f1o sat\u00e9lite estar\u00e1 en \u00f3rbita durante dos a\u00f1os y recabar\u00e1 En Sonora en Equipo publicamos toda la informaci\u00f3n de Sonora, M\u00e9xico y el Mundo de manera oportuna y busca que la libertad de expresi\u00f3n sea real. Visita nuestro medio informativo publicado desde Hermosillo, Sonora. %","breadcrumb":{"@id":"https:\/\/www.sonoraenequipo.com.mx\/encabeza-mexicano-en-nasa-proyecto-para-lanzar-un-cubsat-en-octubre\/#breadcrumb"},"inLanguage":"es","potentialAction":[{"@type":"ReadAction","target":["https:\/\/www.sonoraenequipo.com.mx\/encabeza-mexicano-en-nasa-proyecto-para-lanzar-un-cubsat-en-octubre\/"]}]},{"@type":"ImageObject","inLanguage":"es","@id":"https:\/\/www.sonoraenequipo.com.mx\/encabeza-mexicano-en-nasa-proyecto-para-lanzar-un-cubsat-en-octubre\/#primaryimage","url":"https:\/\/www.sonoraenequipo.com.mx\/storage\/2019\/04\/cubsat-e1555352040402.jpg","contentUrl":"https:\/\/www.sonoraenequipo.com.mx\/storage\/2019\/04\/cubsat-e1555352040402.jpg","width":500,"height":336},{"@type":"BreadcrumbList","@id":"https:\/\/www.sonoraenequipo.com.mx\/encabeza-mexicano-en-nasa-proyecto-para-lanzar-un-cubsat-en-octubre\/#breadcrumb","itemListElement":[{"@type":"ListItem","position":1,"name":"Portada","item":"https:\/\/www.sonoraenequipo.com.mx\/"},{"@type":"ListItem","position":2,"name":"Encabeza mexicano en NASA proyecto para lanzar un cubsat en octubre"}]},{"@type":"WebSite","@id":"https:\/\/www.sonoraenequipo.com.mx\/#website","url":"https:\/\/www.sonoraenequipo.com.mx\/","name":"Sonora en Equipo.","description":"Diario en l\u00ednea con Noticias desde Hermosillo, Sonora","publisher":{"@id":"https:\/\/www.sonoraenequipo.com.mx\/#organization"},"potentialAction":[{"@type":"SearchAction","target":{"@type":"EntryPoint","urlTemplate":"https:\/\/www.sonoraenequipo.com.mx\/?s={search_term_string}"},"query-input":{"@type":"PropertyValueSpecification","valueRequired":true,"valueName":"search_term_string"}}],"inLanguage":"es"},{"@type":"Organization","@id":"https:\/\/www.sonoraenequipo.com.mx\/#organization","name":"Sonoraenequipo.com.mx","url":"https:\/\/www.sonoraenequipo.com.mx\/","logo":{"@type":"ImageObject","inLanguage":"es","@id":"https:\/\/www.sonoraenequipo.com.mx\/#\/schema\/logo\/image\/","url":"https:\/\/www.sonoraenequipo.com.mx\/storage\/2019\/01\/sonoraenequipo_opt.png","contentUrl":"https:\/\/www.sonoraenequipo.com.mx\/storage\/2019\/01\/sonoraenequipo_opt.png","width":375,"height":125,"caption":"Sonoraenequipo.com.mx"},"image":{"@id":"https:\/\/www.sonoraenequipo.com.mx\/#\/schema\/logo\/image\/"},"sameAs":["https:\/\/www.facebook.com\/SonoraEE\/","https:\/\/x.com\/sonoraenequipo","https:\/\/www.youtube.com\/channel\/UC338nW-lPEYmJQs4ZABQ1SQ"]},{"@type":"Person","@id":"https:\/\/www.sonoraenequipo.com.mx\/#\/schema\/person\/61a39de478a1763473ad55e8a95fddf6","name":"enequipo","image":{"@type":"ImageObject","inLanguage":"es","@id":"https:\/\/www.sonoraenequipo.com.mx\/#\/schema\/person\/image\/","url":"https:\/\/secure.gravatar.com\/avatar\/e39bc3016d8af598aed3d770c9510dfc2795f37ea1733d99fcc6e97d2c3c9f5e?s=96&d=blank&r=g","contentUrl":"https:\/\/secure.gravatar.com\/avatar\/e39bc3016d8af598aed3d770c9510dfc2795f37ea1733d99fcc6e97d2c3c9f5e?s=96&d=blank&r=g","caption":"enequipo"}}]}},"jetpack_featured_media_url":"https:\/\/www.sonoraenequipo.com.mx\/storage\/2019\/04\/cubsat-e1555352040402.jpg","_links":{"self":[{"href":"https:\/\/www.sonoraenequipo.com.mx\/api\/wp\/v2\/posts\/58596","targetHints":{"allow":["GET"]}}],"collection":[{"href":"https:\/\/www.sonoraenequipo.com.mx\/api\/wp\/v2\/posts"}],"about":[{"href":"https:\/\/www.sonoraenequipo.com.mx\/api\/wp\/v2\/types\/post"}],"author":[{"embeddable":true,"href":"https:\/\/www.sonoraenequipo.com.mx\/api\/wp\/v2\/users\/178"}],"replies":[{"embeddable":true,"href":"https:\/\/www.sonoraenequipo.com.mx\/api\/wp\/v2\/comments?post=58596"}],"version-history":[{"count":0,"href":"https:\/\/www.sonoraenequipo.com.mx\/api\/wp\/v2\/posts\/58596\/revisions"}],"wp:featuredmedia":[{"embeddable":true,"href":"https:\/\/www.sonoraenequipo.com.mx\/api\/wp\/v2\/media\/58610"}],"wp:attachment":[{"href":"https:\/\/www.sonoraenequipo.com.mx\/api\/wp\/v2\/media?parent=58596"}],"wp:term":[{"taxonomy":"category","embeddable":true,"href":"https:\/\/www.sonoraenequipo.com.mx\/api\/wp\/v2\/categories?post=58596"},{"taxonomy":"post_tag","embeddable":true,"href":"https:\/\/www.sonoraenequipo.com.mx\/api\/wp\/v2\/tags?post=58596"}],"curies":[{"name":"wp","href":"https:\/\/api.w.org\/{rel}","templated":true}]}}