{"id":58614,"date":"2019-04-15T11:50:41","date_gmt":"2019-04-15T18:50:41","guid":{"rendered":"http:\/\/www.sonoraenequipo.com.mx\/?p=58614"},"modified":"2019-04-15T12:05:53","modified_gmt":"2019-04-15T19:05:53","slug":"se-resquebraja-en-hidalgo-el-poder-de-sosa-castelan","status":"publish","type":"post","link":"https:\/\/www.sonoraenequipo.com.mx\/se-resquebraja-en-hidalgo-el-poder-de-sosa-castelan\/","title":{"rendered":"Se resquebraja en Hidalgo el poder de Sosa Castel\u00e1n"},"content":{"rendered":"<p>CIUDAD DE M\u00c9XICO.MX. \u2014 La decisi\u00f3n de dos jueces federales de negar sendos amparos definitivos a Gerardo Sosa Castel\u00e1n, presidente del patronato de la Universidad Aut\u00f3noma del Estado de Hidalgo (UAEH), y al rector de la instituci\u00f3n, Adolfo Pontigo Loyola, por el presunto lavado de 156 millones de d\u00f3lares de las arcas universitarias en una investigaci\u00f3n a cargo de la Unidad de Inteligencia Financiera (UIF), que dirige Santiago Nieto, representa la primera gran confrontaci\u00f3n entre seguidores de la misma causa pol\u00edtica en la era Morena en el gobierno. <\/p>\n<p>Adem\u00e1s pone en evidencia los costos iniciales de las alianzas y el pragmatismo electoral de ese partido en los comicios del a\u00f1o pasado.<\/p>\n<p>Sosa Castel\u00e1n, l\u00edder del Grupo Universidad \u2013que controla esa instituci\u00f3n desde hace casi 40 a\u00f1os, renunci\u00f3 al PRI en febrero de 2018.<\/p>\n<p>Meses antes a su dimisi\u00f3n entr\u00f3 en contacto con Morena y ofreci\u00f3 votos y recursos financieros. Entre otros, se reuni\u00f3 entonces con la presidenta del partido, Yeidckol Polevnsky; con el hoy coordinador de Programas Integrales de Desarrollo, Gabriel Garc\u00eda, y con Octavio Romero Oropeza, actual director de Petr\u00f3leos Mexicanos (Pemex). Y el 17 de febrero de 2018 lo hizo en Pachuca con el propio Andr\u00e9s Manuel L\u00f3pez Obrador.<\/p>\n<h3>Ganancia pol\u00edtica<\/h3>\n<p>Sus gestiones rindieron frutos. Aunque no obtuvo la posici\u00f3n senatorial que pretend\u00eda, s\u00ed consigui\u00f3 una gran tajada pol\u00edtica para sus incondicionales: nueve curules en el Congreso de Hidalgo y dos en el federal.<\/p>\n<p>Pasados los comicios, todo parec\u00eda favorecer el \u00edmpetu pol\u00edtico de Gerardo Sosa, cuya obsesi\u00f3n, lo saben todos, es ser gobernador de Hidalgo.<\/p>\n<p>Todav\u00eda en enero pasado celebraba, en reuniones con sus m\u00e1s cercanos, el triunfo para su causa desde la plataforma de Morena, al tiempo que alentaba los conflictos pol\u00edticos desde el propio Congreso con el gobierno estatal del pri\u00edsta Omar Fayad.<\/p>\n<p>Pero un mes despu\u00e9s, el 26 de febrero, nubes de tormenta aparecieron en el horizonte.<\/p>\n<p>La UIF revel\u00f3 haber recibido un reporte <em>\u00aben el que se alert\u00f3 de movimientos financieros inusuales en diferentes cuentas bancarias a nombre de una universidad estatal\u00bb<\/em> con dep\u00f3sitos y transferencias provenientes de m\u00e1s de 22 pa\u00edses.<\/p>\n<p>Aunque la cifra ha variado \u2013hasta ubicarla en 156 millones de d\u00f3lares\u2013, la oficina de Santiago Nieto, designado por L\u00f3pez Obrador desde la transici\u00f3n, inform\u00f3 que \u00ab<em>el centro educativo recibi\u00f3 alrededor de 150 millones de d\u00f3lares provenientes de cuentas bancarias ubicadas en Suiza\u00bb.<\/em> Ante eso, bloque\u00f3 esas cuentas, atendiendo<em> \u00abla petici\u00f3n de una agencia internacional que ha solicitado colaboraci\u00f3n al respecto\u00bb.<\/em><\/p>\n<p>Tres d\u00edas despu\u00e9s \u2013primero de marzo\u2013 se conoci\u00f3 que se trataba de la UAEH. Y Nieto Castillo, al confirmarlo, precis\u00f3 su obligaci\u00f3n de investigar el origen y destino de tales recursos, sin importar <em>\u00abqui\u00e9n sea, si es una persona cercana a Morena o a cualquier otro partido pol\u00edtico, (porque) no hay persecuci\u00f3n pol\u00edtica bajo ninguna circunstancia\u00bb.<\/em><\/p>\n<p>Al enterarse de la medida de la UIF, Pontigo demand\u00f3 la suspensi\u00f3n contra el embargo en el juzgado segundo de distrito en Pachuca. Ped\u00eda se le permitiera el libre manejo de las cuentas, \u00absiempre que no se encuentre demostrada la existencia de un cr\u00e9dito fiscal l\u00edquido y exigible\u00bb.<\/p>\n<p>Dicha petici\u00f3n le fue negada el pasado viernes 29 de marzo, aunque a\u00fan puede interponer un recurso de revisi\u00f3n ante un tribunal federal.<\/p>\n<p>Simult\u00e1neamente, en la Ciudad de M\u00e9xico Sosa Castel\u00e1n hab\u00eda interpuesto uno de los llamados<em> \u00abamparos buscadores\u00bb<\/em> para evitar ser privado de la libertad mientras se realizan las investigaciones de la UIF. La solicitud se present\u00f3 ante el juzgado decimoprimero de distrito de amparo en materia penal y le fue negada el 28 de marzo. Tambi\u00e9n tiene a\u00fan la posibilidad de impugnarla.<\/p>\n<p>Sin embargo, el 15 de marzo Sosa Castel\u00e1n tramit\u00f3 otro amparo ante un juzgado federal en Pachuca. Esto porque, seg\u00fan su escrito, tres personas identificadas como agentes de la Polic\u00eda Federal Ministerial intentaron detenerlo por la fuerza, el 8 de ese mes en la Ciudad de M\u00e9xico. Argument\u00f3 entonces temer por su integridad f\u00edsica y libertad, y que quienes intentaron detenerlo dijeron llevar una orden de aprehensi\u00f3n.<\/p>\n<p>M\u00e1s all\u00e1 de declararse ajeno a cualquier mal manejo de las finanzas universitarias, en una conferencia de prensa en San L\u00e1zaro el 7 de marzo \u2013organizada por diputados hidalguenses de su grupo pol\u00edtico\u2013 y en la comparecencia <em>\u00aba modo\u00bb<\/em> en el Congreso de Hidalgo (s\u00f3lo ante legisladores afines a su causa) el 22 de marzo, a Sosa Castel\u00e1n le ha interesado sobre todo esgrimir razones pol\u00edticas en la acci\u00f3n de la UIF.<\/p>\n<p>En el diario El Independiente, propiedad de la UAEH, el 2 de marzo su editorial asegura que la investigaci\u00f3n \u00abno es obra de la casualidad\u00bb y a\u00f1ade que \u00abun grupo pol\u00edtico poderoso est\u00e1 muy molesto\u00bbcon la universidad \u201cy con quienes han estado atr\u00e1s de su ascenso durante los \u00faltimos a\u00f1os.<\/p>\n<p><em>\u00ab\u00bfA qui\u00e9n le conviene detener el ascenso de la UAEH? \u00bfQui\u00e9n cree que va a obtener los puntos que pierda la universidad como si fuera una operaci\u00f3n aritm\u00e9tica simple? Quien est\u00e1 detr\u00e1s de esta estrategia, est\u00e1 calculando mal\u00bb,<\/em> sostiene la publicaci\u00f3n.<\/p>\n<p>A su vez, Pontigo, Sosa Castel\u00e1n y sus incondicionales no cesan de repetir que la acci\u00f3n de las autoridades es<em> \u00abguerra sucia\u00bb<\/em> y que ni un solo peso de las cuentas bloqueadas es <em>\u00abmal habido\u00bb<\/em> y que por tanto la UIF<em> \u00abcomete un error\u00bb.<\/em><\/p>\n<p>Sosa ha arg\u00fcido: <em>\u00abLa inversi\u00f3n se hizo en Credit Suisse; fue porque ofrec\u00eda mejor inter\u00e9s y buscamos ganar m\u00e1s recursos en esos fondos; la instituci\u00f3n bancaria tiene una banca de segundo piso y esa manda los recursos a su sede en Suiza. Pero cuando HSBC nos ofrece m\u00e1s inter\u00e9s, ordenamos que los recursos que estaban en Credit Suisse se trasladen a HSBC. En la UIF confundieron traslado de dinero con lavado&#8230;\u00bb<\/em><\/p>\n<h3>El feudo de Sosa<\/h3>\n<p>En Hidalgo, tierra legendaria de caciques, Gerardo Sosa act\u00faa sin contrapesos donde por antonomasia debiera respirarse libertad creativa, de pensamiento y asociaci\u00f3n: la universidad estatal.<\/p>\n<p>Presidente del patronato desde 2009, coron\u00f3 su pretensi\u00f3n de mantenerse como autoridad universitaria \u2013fue rector en el periodo 1991-1998\u2013 con las reformas a la Ley Org\u00e1nica de 2015.<\/p>\n<p>Ese \u00f3rgano se encarga del manejo y disposici\u00f3n de las finanzas universitarias, pero aqu\u00ed nadie duda que \u00e9l detenta adem\u00e1s el control de todo cuanto ocurre en la instituci\u00f3n.<\/p>\n<p>De ese modo, la UAEH tiene dos autoridades del mismo nivel: Adolfo Pontigo y Gerardo Sosa.<\/p>\n<p>Voceros de la UAEH as\u00ed lo precisan cuando excusan al rector de una solicitud de entrevista sobre la investigaci\u00f3n. Y aclaran: <em>\u00abeso corresponde s\u00f3lo al patronato\u00bb.<\/em><\/p>\n<p>El control de Gerardo Sosa sobre el Consejo Universitario y la Junta de Gobierno, m\u00e1ximas instancias en la instituci\u00f3n, donde participan tambi\u00e9n los sindicatos acad\u00e9mico y de trabajadores y empleados, as\u00ed como las representaciones estudiantiles, llevan a muchos a asegurar: <em>\u00abEn la universidad no se mueve una escoba si Sosa Castel\u00e1n no lo determina\u00bb.<\/em><\/p>\n<p>En 2015, el entonces gobernador Jos\u00e9 Francisco Olvera (2011-2016) y quien como Sosa tambi\u00e9n fue l\u00edder de la otrora poderosa Federaci\u00f3n de Estudiantes de la Universidad de Hidalgo, expidi\u00f3 las reformas a la Ley Org\u00e1nica universitaria donde se otorga rango de autoridad al patronato.<\/p>\n<p>Para afianzar la supremac\u00eda de ese \u00f3rgano en la instituci\u00f3n, sus cinco integrantes son designados por tiempo indefinido, de manera honoraria y sin <em>\u00abretribuci\u00f3n alguna\u00bb.<\/em><\/p>\n<p>Para allegarse recursos m\u00e1s all\u00e1 de los presupuestales, la UAEH tiene 21 empresas de diverso giro, todas ellas bajo control del patronato. Incluyen desde un peri\u00f3dico hasta un rancho productor de quesos kosher, gasolineras, centros comerciales, salones de fiesta, clubes deportivos y un hotel, entre otras.<\/p>\n<p>Hoy, el feudo de Sosa Castel\u00e1n en la universidad parece haber entrado en una pendiente irrefrenable, y precisamente desde el propio gobierno a cuyo partido estrat\u00e9gicamente se ali\u00f3 en el verano de 2018.<\/p>\n<p>Ahora resta por conocerse el resultado de las pesquisas de las autoridades hacendarias.<\/p>\n<p>(Publicado el 15\/04\/2019 \/Rosa Elvira Vargas )<\/p>\n","protected":false},"excerpt":{"rendered":"<p>CIUDAD DE M\u00c9XICO.MX. \u2014 La decisi\u00f3n de dos jueces federales de negar sendos amparos definitivos&#8230;<\/p>\n","protected":false},"author":1,"featured_media":58615,"comment_status":"open","ping_status":"open","sticky":false,"template":"","format":"standard","meta":{"_monsterinsights_skip_tracking":false,"_monsterinsights_sitenote_active":false,"_monsterinsights_sitenote_note":"","_monsterinsights_sitenote_category":0,"footnotes":""},"categories":[5],"tags":[],"class_list":["post"],"yoast_head":" \n<title>Sonora en Equipo. Se resquebraja en Hidalgo el poder de Sosa Castel\u00e1n Rep\u00fablica<\/title>\n<meta name=\"description\" content=\"CIUDAD DE M\u00c9XICO.MX. \u2014 La decisi\u00f3n de dos jueces federales de negar sendos amparos definitivos a Gerardo Sosa Castel\u00e1n, presidente del patronato de la En Sonora en Equipo publicamos toda la informaci\u00f3n de Sonora, M\u00e9xico y el Mundo de manera oportuna y busca que la libertad de expresi\u00f3n sea real. Visita nuestro medio informativo publicado desde Hermosillo, Sonora. %\" \/>\n<meta name=\"robots\" content=\"index, follow, max-snippet:-1, max-image-preview:large, max-video-preview:-1\" \/>\n<link rel=\"canonical\" href=\"https:\/\/www.sonoraenequipo.com.mx\/se-resquebraja-en-hidalgo-el-poder-de-sosa-castelan\/\" \/>\n<meta property=\"og:locale\" content=\"es_ES\" \/>\n<meta property=\"og:type\" content=\"article\" \/>\n<meta property=\"og:title\" content=\"Sonora en Equipo. Se resquebraja en Hidalgo el poder de Sosa Castel\u00e1n Rep\u00fablica\" \/>\n<meta property=\"og:description\" content=\"CIUDAD DE M\u00c9XICO.MX. \u2014 La decisi\u00f3n de dos jueces federales de negar sendos amparos definitivos a Gerardo Sosa Castel\u00e1n, presidente del patronato de la En Sonora en Equipo publicamos toda la informaci\u00f3n de Sonora, M\u00e9xico y el Mundo de manera oportuna y busca que la libertad de expresi\u00f3n sea real. Visita nuestro medio informativo publicado desde Hermosillo, Sonora. %\" \/>\n<meta property=\"og:url\" content=\"https:\/\/www.sonoraenequipo.com.mx\/se-resquebraja-en-hidalgo-el-poder-de-sosa-castelan\/\" \/>\n<meta property=\"og:site_name\" content=\"Sonora en Equipo.\" \/>\n<meta property=\"article:publisher\" content=\"https:\/\/www.facebook.com\/SonoraEE\/\" \/>\n<meta property=\"article:author\" content=\"https:\/\/www.facebook.com\/SonoraEE\" \/>\n<meta property=\"article:published_time\" content=\"2019-04-15T18:50:41+00:00\" \/>\n<meta property=\"article:modified_time\" content=\"2019-04-15T19:05:53+00:00\" \/>\n<meta property=\"og:image\" content=\"https:\/\/www.sonoraenequipo.com.mx\/storage\/2019\/04\/Sosa_opt.jpg\" \/>\n\t<meta property=\"og:image:width\" content=\"750\" \/>\n\t<meta property=\"og:image:height\" content=\"500\" \/>\n\t<meta property=\"og:image:type\" content=\"image\/jpeg\" \/>\n<meta name=\"author\" content=\"enequipo\" \/>\n<meta name=\"twitter:card\" content=\"summary_large_image\" \/>\n<meta name=\"twitter:creator\" content=\"@sonoraenequipo\" \/>\n<meta name=\"twitter:site\" content=\"@sonoraenequipo\" \/>\n<meta name=\"twitter:label1\" content=\"Escrito por\" \/>\n\t<meta name=\"twitter:data1\" content=\"enequipo\" \/>\n\t<meta name=\"twitter:label2\" content=\"Tiempo de lectura\" \/>\n\t<meta name=\"twitter:data2\" content=\"7 minutos\" \/>\n<script type=\"application\/ld+json\" class=\"yoast-schema-graph\">{\"@context\":\"https:\/\/schema.org\",\"@graph\":[{\"@type\":\"Article\",\"@id\":\"https:\/\/www.sonoraenequipo.com.mx\/se-resquebraja-en-hidalgo-el-poder-de-sosa-castelan\/#article\",\"isPartOf\":{\"@id\":\"https:\/\/www.sonoraenequipo.com.mx\/se-resquebraja-en-hidalgo-el-poder-de-sosa-castelan\/\"},\"author\":{\"name\":\"enequipo\",\"@id\":\"https:\/\/www.sonoraenequipo.com.mx\/#\/schema\/person\/50102df0fb23a8fa9e8effad8fa81386\"},\"headline\":\"Se resquebraja en Hidalgo el poder de Sosa Castel\u00e1n\",\"datePublished\":\"2019-04-15T18:50:41+00:00\",\"dateModified\":\"2019-04-15T19:05:53+00:00\",\"mainEntityOfPage\":{\"@id\":\"https:\/\/www.sonoraenequipo.com.mx\/se-resquebraja-en-hidalgo-el-poder-de-sosa-castelan\/\"},\"wordCount\":1401,\"commentCount\":0,\"publisher\":{\"@id\":\"https:\/\/www.sonoraenequipo.com.mx\/#organization\"},\"image\":{\"@id\":\"https:\/\/www.sonoraenequipo.com.mx\/se-resquebraja-en-hidalgo-el-poder-de-sosa-castelan\/#primaryimage\"},\"thumbnailUrl\":\"https:\/\/www.sonoraenequipo.com.mx\/storage\/2019\/04\/Sosa_opt.jpg\",\"articleSection\":[\"Rep\u00fablica\"],\"inLanguage\":\"es\",\"potentialAction\":[{\"@type\":\"CommentAction\",\"name\":\"Comment\",\"target\":[\"https:\/\/www.sonoraenequipo.com.mx\/se-resquebraja-en-hidalgo-el-poder-de-sosa-castelan\/#respond\"]}]},{\"@type\":\"WebPage\",\"@id\":\"https:\/\/www.sonoraenequipo.com.mx\/se-resquebraja-en-hidalgo-el-poder-de-sosa-castelan\/\",\"url\":\"https:\/\/www.sonoraenequipo.com.mx\/se-resquebraja-en-hidalgo-el-poder-de-sosa-castelan\/\",\"name\":\"Sonora en Equipo. Se resquebraja en Hidalgo el poder de Sosa Castel\u00e1n Rep\u00fablica\",\"isPartOf\":{\"@id\":\"https:\/\/www.sonoraenequipo.com.mx\/#website\"},\"primaryImageOfPage\":{\"@id\":\"https:\/\/www.sonoraenequipo.com.mx\/se-resquebraja-en-hidalgo-el-poder-de-sosa-castelan\/#primaryimage\"},\"image\":{\"@id\":\"https:\/\/www.sonoraenequipo.com.mx\/se-resquebraja-en-hidalgo-el-poder-de-sosa-castelan\/#primaryimage\"},\"thumbnailUrl\":\"https:\/\/www.sonoraenequipo.com.mx\/storage\/2019\/04\/Sosa_opt.jpg\",\"datePublished\":\"2019-04-15T18:50:41+00:00\",\"dateModified\":\"2019-04-15T19:05:53+00:00\",\"description\":\"CIUDAD DE M\u00c9XICO.MX. \u2014 La decisi\u00f3n de dos jueces federales de negar sendos amparos definitivos a Gerardo Sosa Castel\u00e1n, presidente del patronato de la En Sonora en Equipo publicamos toda la informaci\u00f3n de Sonora, M\u00e9xico y el Mundo de manera oportuna y busca que la libertad de expresi\u00f3n sea real. Visita nuestro medio informativo publicado desde Hermosillo, Sonora. %\",\"breadcrumb\":{\"@id\":\"https:\/\/www.sonoraenequipo.com.mx\/se-resquebraja-en-hidalgo-el-poder-de-sosa-castelan\/#breadcrumb\"},\"inLanguage\":\"es\",\"potentialAction\":[{\"@type\":\"ReadAction\",\"target\":[\"https:\/\/www.sonoraenequipo.com.mx\/se-resquebraja-en-hidalgo-el-poder-de-sosa-castelan\/\"]}]},{\"@type\":\"ImageObject\",\"inLanguage\":\"es\",\"@id\":\"https:\/\/www.sonoraenequipo.com.mx\/se-resquebraja-en-hidalgo-el-poder-de-sosa-castelan\/#primaryimage\",\"url\":\"https:\/\/www.sonoraenequipo.com.mx\/storage\/2019\/04\/Sosa_opt.jpg\",\"contentUrl\":\"https:\/\/www.sonoraenequipo.com.mx\/storage\/2019\/04\/Sosa_opt.jpg\",\"width\":750,\"height\":500},{\"@type\":\"BreadcrumbList\",\"@id\":\"https:\/\/www.sonoraenequipo.com.mx\/se-resquebraja-en-hidalgo-el-poder-de-sosa-castelan\/#breadcrumb\",\"itemListElement\":[{\"@type\":\"ListItem\",\"position\":1,\"name\":\"Portada\",\"item\":\"https:\/\/www.sonoraenequipo.com.mx\/\"},{\"@type\":\"ListItem\",\"position\":2,\"name\":\"Se resquebraja en Hidalgo el poder de Sosa Castel\u00e1n\"}]},{\"@type\":\"WebSite\",\"@id\":\"https:\/\/www.sonoraenequipo.com.mx\/#website\",\"url\":\"https:\/\/www.sonoraenequipo.com.mx\/\",\"name\":\"Sonora en Equipo.\",\"description\":\"Diario en l\u00ednea con Noticias desde Hermosillo, Sonora\",\"publisher\":{\"@id\":\"https:\/\/www.sonoraenequipo.com.mx\/#organization\"},\"potentialAction\":[{\"@type\":\"SearchAction\",\"target\":{\"@type\":\"EntryPoint\",\"urlTemplate\":\"https:\/\/www.sonoraenequipo.com.mx\/?s={search_term_string}\"},\"query-input\":{\"@type\":\"PropertyValueSpecification\",\"valueRequired\":true,\"valueName\":\"search_term_string\"}}],\"inLanguage\":\"es\"},{\"@type\":\"Organization\",\"@id\":\"https:\/\/www.sonoraenequipo.com.mx\/#organization\",\"name\":\"Sonoraenequipo.com.mx\",\"url\":\"https:\/\/www.sonoraenequipo.com.mx\/\",\"logo\":{\"@type\":\"ImageObject\",\"inLanguage\":\"es\",\"@id\":\"https:\/\/www.sonoraenequipo.com.mx\/#\/schema\/logo\/image\/\",\"url\":\"https:\/\/www.sonoraenequipo.com.mx\/storage\/2019\/01\/sonoraenequipo_opt.png\",\"contentUrl\":\"https:\/\/www.sonoraenequipo.com.mx\/storage\/2019\/01\/sonoraenequipo_opt.png\",\"width\":375,\"height\":125,\"caption\":\"Sonoraenequipo.com.mx\"},\"image\":{\"@id\":\"https:\/\/www.sonoraenequipo.com.mx\/#\/schema\/logo\/image\/\"},\"sameAs\":[\"https:\/\/www.facebook.com\/SonoraEE\/\",\"https:\/\/x.com\/sonoraenequipo\",\"https:\/\/www.youtube.com\/channel\/UC338nW-lPEYmJQs4ZABQ1SQ\"]},{\"@type\":\"Person\",\"@id\":\"https:\/\/www.sonoraenequipo.com.mx\/#\/schema\/person\/50102df0fb23a8fa9e8effad8fa81386\",\"name\":\"enequipo\",\"image\":{\"@type\":\"ImageObject\",\"inLanguage\":\"es\",\"@id\":\"https:\/\/www.sonoraenequipo.com.mx\/#\/schema\/person\/image\/\",\"url\":\"https:\/\/secure.gravatar.com\/avatar\/049821681b589dabc0bc20695993ccebb09f5b5d4d790cd9251b97faac7c652b?s=96&d=blank&r=g\",\"contentUrl\":\"https:\/\/secure.gravatar.com\/avatar\/049821681b589dabc0bc20695993ccebb09f5b5d4d790cd9251b97faac7c652b?s=96&d=blank&r=g\",\"caption\":\"enequipo\"},\"sameAs\":[\"https:\/\/www.facebook.com\/SonoraEE\"]}]}<\/script>\n ","yoast_head_json":{"title":"Sonora en Equipo. Se resquebraja en Hidalgo el poder de Sosa Castel\u00e1n Rep\u00fablica","description":"CIUDAD DE M\u00c9XICO.MX. \u2014 La decisi\u00f3n de dos jueces federales de negar sendos amparos definitivos a Gerardo Sosa Castel\u00e1n, presidente del patronato de la En Sonora en Equipo publicamos toda la informaci\u00f3n de Sonora, M\u00e9xico y el Mundo de manera oportuna y busca que la libertad de expresi\u00f3n sea real. Visita nuestro medio informativo publicado desde Hermosillo, Sonora. %","robots":{"index":"index","follow":"follow","max-snippet":"max-snippet:-1","max-image-preview":"max-image-preview:large","max-video-preview":"max-video-preview:-1"},"canonical":"https:\/\/www.sonoraenequipo.com.mx\/se-resquebraja-en-hidalgo-el-poder-de-sosa-castelan\/","og_locale":"es_ES","og_type":"article","og_title":"Sonora en Equipo. Se resquebraja en Hidalgo el poder de Sosa Castel\u00e1n Rep\u00fablica","og_description":"CIUDAD DE M\u00c9XICO.MX. \u2014 La decisi\u00f3n de dos jueces federales de negar sendos amparos definitivos a Gerardo Sosa Castel\u00e1n, presidente del patronato de la En Sonora en Equipo publicamos toda la informaci\u00f3n de Sonora, M\u00e9xico y el Mundo de manera oportuna y busca que la libertad de expresi\u00f3n sea real. Visita nuestro medio informativo publicado desde Hermosillo, Sonora. %","og_url":"https:\/\/www.sonoraenequipo.com.mx\/se-resquebraja-en-hidalgo-el-poder-de-sosa-castelan\/","og_site_name":"Sonora en Equipo.","article_publisher":"https:\/\/www.facebook.com\/SonoraEE\/","article_author":"https:\/\/www.facebook.com\/SonoraEE","article_published_time":"2019-04-15T18:50:41+00:00","article_modified_time":"2019-04-15T19:05:53+00:00","og_image":[{"width":750,"height":500,"url":"https:\/\/www.sonoraenequipo.com.mx\/storage\/2019\/04\/Sosa_opt.jpg","type":"image\/jpeg"}],"author":"enequipo","twitter_card":"summary_large_image","twitter_creator":"@sonoraenequipo","twitter_site":"@sonoraenequipo","twitter_misc":{"Escrito por":"enequipo","Tiempo de lectura":"7 minutos"},"schema":{"@context":"https:\/\/schema.org","@graph":[{"@type":"Article","@id":"https:\/\/www.sonoraenequipo.com.mx\/se-resquebraja-en-hidalgo-el-poder-de-sosa-castelan\/#article","isPartOf":{"@id":"https:\/\/www.sonoraenequipo.com.mx\/se-resquebraja-en-hidalgo-el-poder-de-sosa-castelan\/"},"author":{"name":"enequipo","@id":"https:\/\/www.sonoraenequipo.com.mx\/#\/schema\/person\/50102df0fb23a8fa9e8effad8fa81386"},"headline":"Se resquebraja en Hidalgo el poder de Sosa Castel\u00e1n","datePublished":"2019-04-15T18:50:41+00:00","dateModified":"2019-04-15T19:05:53+00:00","mainEntityOfPage":{"@id":"https:\/\/www.sonoraenequipo.com.mx\/se-resquebraja-en-hidalgo-el-poder-de-sosa-castelan\/"},"wordCount":1401,"commentCount":0,"publisher":{"@id":"https:\/\/www.sonoraenequipo.com.mx\/#organization"},"image":{"@id":"https:\/\/www.sonoraenequipo.com.mx\/se-resquebraja-en-hidalgo-el-poder-de-sosa-castelan\/#primaryimage"},"thumbnailUrl":"https:\/\/www.sonoraenequipo.com.mx\/storage\/2019\/04\/Sosa_opt.jpg","articleSection":["Rep\u00fablica"],"inLanguage":"es","potentialAction":[{"@type":"CommentAction","name":"Comment","target":["https:\/\/www.sonoraenequipo.com.mx\/se-resquebraja-en-hidalgo-el-poder-de-sosa-castelan\/#respond"]}]},{"@type":"WebPage","@id":"https:\/\/www.sonoraenequipo.com.mx\/se-resquebraja-en-hidalgo-el-poder-de-sosa-castelan\/","url":"https:\/\/www.sonoraenequipo.com.mx\/se-resquebraja-en-hidalgo-el-poder-de-sosa-castelan\/","name":"Sonora en Equipo. Se resquebraja en Hidalgo el poder de Sosa Castel\u00e1n Rep\u00fablica","isPartOf":{"@id":"https:\/\/www.sonoraenequipo.com.mx\/#website"},"primaryImageOfPage":{"@id":"https:\/\/www.sonoraenequipo.com.mx\/se-resquebraja-en-hidalgo-el-poder-de-sosa-castelan\/#primaryimage"},"image":{"@id":"https:\/\/www.sonoraenequipo.com.mx\/se-resquebraja-en-hidalgo-el-poder-de-sosa-castelan\/#primaryimage"},"thumbnailUrl":"https:\/\/www.sonoraenequipo.com.mx\/storage\/2019\/04\/Sosa_opt.jpg","datePublished":"2019-04-15T18:50:41+00:00","dateModified":"2019-04-15T19:05:53+00:00","description":"CIUDAD DE M\u00c9XICO.MX. \u2014 La decisi\u00f3n de dos jueces federales de negar sendos amparos definitivos a Gerardo Sosa Castel\u00e1n, presidente del patronato de la En Sonora en Equipo publicamos toda la informaci\u00f3n de Sonora, M\u00e9xico y el Mundo de manera oportuna y busca que la libertad de expresi\u00f3n sea real. Visita nuestro medio informativo publicado desde Hermosillo, Sonora. %","breadcrumb":{"@id":"https:\/\/www.sonoraenequipo.com.mx\/se-resquebraja-en-hidalgo-el-poder-de-sosa-castelan\/#breadcrumb"},"inLanguage":"es","potentialAction":[{"@type":"ReadAction","target":["https:\/\/www.sonoraenequipo.com.mx\/se-resquebraja-en-hidalgo-el-poder-de-sosa-castelan\/"]}]},{"@type":"ImageObject","inLanguage":"es","@id":"https:\/\/www.sonoraenequipo.com.mx\/se-resquebraja-en-hidalgo-el-poder-de-sosa-castelan\/#primaryimage","url":"https:\/\/www.sonoraenequipo.com.mx\/storage\/2019\/04\/Sosa_opt.jpg","contentUrl":"https:\/\/www.sonoraenequipo.com.mx\/storage\/2019\/04\/Sosa_opt.jpg","width":750,"height":500},{"@type":"BreadcrumbList","@id":"https:\/\/www.sonoraenequipo.com.mx\/se-resquebraja-en-hidalgo-el-poder-de-sosa-castelan\/#breadcrumb","itemListElement":[{"@type":"ListItem","position":1,"name":"Portada","item":"https:\/\/www.sonoraenequipo.com.mx\/"},{"@type":"ListItem","position":2,"name":"Se resquebraja en Hidalgo el poder de Sosa Castel\u00e1n"}]},{"@type":"WebSite","@id":"https:\/\/www.sonoraenequipo.com.mx\/#website","url":"https:\/\/www.sonoraenequipo.com.mx\/","name":"Sonora en Equipo.","description":"Diario en l\u00ednea con Noticias desde Hermosillo, Sonora","publisher":{"@id":"https:\/\/www.sonoraenequipo.com.mx\/#organization"},"potentialAction":[{"@type":"SearchAction","target":{"@type":"EntryPoint","urlTemplate":"https:\/\/www.sonoraenequipo.com.mx\/?s={search_term_string}"},"query-input":{"@type":"PropertyValueSpecification","valueRequired":true,"valueName":"search_term_string"}}],"inLanguage":"es"},{"@type":"Organization","@id":"https:\/\/www.sonoraenequipo.com.mx\/#organization","name":"Sonoraenequipo.com.mx","url":"https:\/\/www.sonoraenequipo.com.mx\/","logo":{"@type":"ImageObject","inLanguage":"es","@id":"https:\/\/www.sonoraenequipo.com.mx\/#\/schema\/logo\/image\/","url":"https:\/\/www.sonoraenequipo.com.mx\/storage\/2019\/01\/sonoraenequipo_opt.png","contentUrl":"https:\/\/www.sonoraenequipo.com.mx\/storage\/2019\/01\/sonoraenequipo_opt.png","width":375,"height":125,"caption":"Sonoraenequipo.com.mx"},"image":{"@id":"https:\/\/www.sonoraenequipo.com.mx\/#\/schema\/logo\/image\/"},"sameAs":["https:\/\/www.facebook.com\/SonoraEE\/","https:\/\/x.com\/sonoraenequipo","https:\/\/www.youtube.com\/channel\/UC338nW-lPEYmJQs4ZABQ1SQ"]},{"@type":"Person","@id":"https:\/\/www.sonoraenequipo.com.mx\/#\/schema\/person\/50102df0fb23a8fa9e8effad8fa81386","name":"enequipo","image":{"@type":"ImageObject","inLanguage":"es","@id":"https:\/\/www.sonoraenequipo.com.mx\/#\/schema\/person\/image\/","url":"https:\/\/secure.gravatar.com\/avatar\/049821681b589dabc0bc20695993ccebb09f5b5d4d790cd9251b97faac7c652b?s=96&d=blank&r=g","contentUrl":"https:\/\/secure.gravatar.com\/avatar\/049821681b589dabc0bc20695993ccebb09f5b5d4d790cd9251b97faac7c652b?s=96&d=blank&r=g","caption":"enequipo"},"sameAs":["https:\/\/www.facebook.com\/SonoraEE"]}]}},"jetpack_featured_media_url":"https:\/\/www.sonoraenequipo.com.mx\/storage\/2019\/04\/Sosa_opt.jpg","_links":{"self":[{"href":"https:\/\/www.sonoraenequipo.com.mx\/api\/wp\/v2\/posts\/58614","targetHints":{"allow":["GET"]}}],"collection":[{"href":"https:\/\/www.sonoraenequipo.com.mx\/api\/wp\/v2\/posts"}],"about":[{"href":"https:\/\/www.sonoraenequipo.com.mx\/api\/wp\/v2\/types\/post"}],"author":[{"embeddable":true,"href":"https:\/\/www.sonoraenequipo.com.mx\/api\/wp\/v2\/users\/1"}],"replies":[{"embeddable":true,"href":"https:\/\/www.sonoraenequipo.com.mx\/api\/wp\/v2\/comments?post=58614"}],"version-history":[{"count":0,"href":"https:\/\/www.sonoraenequipo.com.mx\/api\/wp\/v2\/posts\/58614\/revisions"}],"wp:featuredmedia":[{"embeddable":true,"href":"https:\/\/www.sonoraenequipo.com.mx\/api\/wp\/v2\/media\/58615"}],"wp:attachment":[{"href":"https:\/\/www.sonoraenequipo.com.mx\/api\/wp\/v2\/media?parent=58614"}],"wp:term":[{"taxonomy":"category","embeddable":true,"href":"https:\/\/www.sonoraenequipo.com.mx\/api\/wp\/v2\/categories?post=58614"},{"taxonomy":"post_tag","embeddable":true,"href":"https:\/\/www.sonoraenequipo.com.mx\/api\/wp\/v2\/tags?post=58614"}],"curies":[{"name":"wp","href":"https:\/\/api.w.org\/{rel}","templated":true}]}}