{"id":58625,"date":"2019-04-15T12:18:10","date_gmt":"2019-04-15T19:18:10","guid":{"rendered":"http:\/\/www.sonoraenequipo.com.mx\/?p=58625"},"modified":"2019-04-15T12:18:10","modified_gmt":"2019-04-15T19:18:10","slug":"nuevo-frente-frio-afectara-a-sonoracna","status":"publish","type":"post","link":"https:\/\/www.sonoraenequipo.com.mx\/nuevo-frente-frio-afectara-a-sonoracna\/","title":{"rendered":"Nuevo frente fr\u00edo afectar\u00e1 a Sonora:CNA"},"content":{"rendered":"<p>HERMOSILLO, SONORA.- Para el d\u00eda de ma\u00f1ana se prev\u00e9 la llegada a Sonora de una vaguada y un frente fr\u00edo por la tarde, lo que generar\u00e1 nublados, especialmente en el noroeste y norte de Sonora, donde provocar\u00e1n precipitaciones dispersas y ligeras. Adem\u00e1s provocar\u00e1 viento en rachas fuertes y descenso de temperatura, informa el Organismo de Cuenca Noroeste (OCNO) de la Comisi\u00f3n Nacional del Agua (Conagua). <br \/>\nDurante el d\u00eda de hoy, Circulaci\u00f3n anticicl\u00f3nica en Chihuahua y una vaguada al oeste de Baja California favorecer\u00e1n flujo del suroeste en Sonora, por lo que se prev\u00e9 propagaci\u00f3n de nublados y tiempo ventoso, pero no se prev\u00e9n lluvias. En el d\u00eda se esperan temperaturas cercanas a 35\u00b0C en los valles del centro, sur y oriente. En las sierras m\u00e1s elevadas de la regi\u00f3n, se esperan temperaturas menores de 5\u00b0C por la ma\u00f1ana.<\/p>\n<p>De acuerdo al aviso meteorol\u00f3gico de la Conagua, para el pr\u00f3ximo mi\u00e9rcoles se prev\u00e9 que una baja presi\u00f3n que se ubica en Arizona y el frente fr\u00edo extendi\u00e9ndose por Sonora, provocar\u00e1n nublados al norte, noreste y oriento del Estado. Se esperan lluvias escasas, posiblemente acompa\u00f1adas con actividad el\u00e9ctrica y viento fuerte.<br \/>\nPara el jueves pr\u00f3ximo es posible la recuperaci\u00f3n r\u00e1pida de las temperaturas, previ\u00e9ndose algunas temperaturas m\u00e1ximas cercanas a 35\u00b0C en los valles del centro, sur y oriente. En las sierras m\u00e1s elevadas a\u00fan hay posibilidad de heladas por la ma\u00f1ana.<\/p>\n<p>Las temperaturas m\u00e1s altas de las \u00faltimas 24 horas, en grados Celsius, fueron de 37.0 en El Or\u00e9gano II, 36.7 en presa Plutarco E. Calles, 36.5 en San Bernardo, 36.0 en presas El Molinito y \u00c1lvaro Obreg\u00f3n. En tanto las temperaturas m\u00ednimas fueron de -2.0 en Y\u00e9cora y Yepachic, -2.1 en Basaseachic, -0.4 en Tem\u00f3sachic, -0.1 en Gu\u00e1poca, 0.0 en Aribabi y presa Abraham Gonz\u00e1lez.<\/p>\n","protected":false},"excerpt":{"rendered":"<p>HERMOSILLO, SONORA.- Para el d\u00eda de ma\u00f1ana se prev\u00e9 la llegada a Sonora de una&#8230;<\/p>\n","protected":false},"author":178,"featured_media":58626,"comment_status":"open","ping_status":"open","sticky":false,"template":"","format":"standard","meta":{"_monsterinsights_skip_tracking":false,"_monsterinsights_sitenote_active":false,"_monsterinsights_sitenote_note":"","_monsterinsights_sitenote_category":0,"footnotes":""},"categories":[22],"tags":[2978,15],"class_list":["post"],"yoast_head":" \n<title>Sonora en Equipo. Nuevo frente fr\u00edo afectar\u00e1 a Sonora:CNA Sonora<\/title>\n<meta name=\"description\" content=\"HERMOSILLO, SONORA.- Para el d\u00eda de ma\u00f1ana se prev\u00e9 la llegada a Sonora de una vaguada y un frente fr\u00edo por la tarde, lo que generar\u00e1 nublados, En Sonora en Equipo publicamos toda la informaci\u00f3n de Sonora, M\u00e9xico y el Mundo de manera oportuna y busca que la libertad de expresi\u00f3n sea real. Visita nuestro medio informativo publicado desde Hermosillo, Sonora. %\" \/>\n<meta name=\"robots\" content=\"index, follow, max-snippet:-1, max-image-preview:large, max-video-preview:-1\" \/>\n<link rel=\"canonical\" href=\"https:\/\/www.sonoraenequipo.com.mx\/nuevo-frente-frio-afectara-a-sonoracna\/\" \/>\n<meta property=\"og:locale\" content=\"es_ES\" \/>\n<meta property=\"og:type\" content=\"article\" \/>\n<meta property=\"og:title\" content=\"Sonora en Equipo. Nuevo frente fr\u00edo afectar\u00e1 a Sonora:CNA Sonora\" \/>\n<meta property=\"og:description\" content=\"HERMOSILLO, SONORA.- Para el d\u00eda de ma\u00f1ana se prev\u00e9 la llegada a Sonora de una vaguada y un frente fr\u00edo por la tarde, lo que generar\u00e1 nublados, En Sonora en Equipo publicamos toda la informaci\u00f3n de Sonora, M\u00e9xico y el Mundo de manera oportuna y busca que la libertad de expresi\u00f3n sea real. Visita nuestro medio informativo publicado desde Hermosillo, Sonora. %\" \/>\n<meta property=\"og:url\" content=\"https:\/\/www.sonoraenequipo.com.mx\/nuevo-frente-frio-afectara-a-sonoracna\/\" \/>\n<meta property=\"og:site_name\" content=\"Sonora en Equipo.\" \/>\n<meta property=\"article:publisher\" content=\"https:\/\/www.facebook.com\/SonoraEE\/\" \/>\n<meta property=\"article:published_time\" content=\"2019-04-15T19:18:10+00:00\" \/>\n<meta property=\"og:image\" content=\"https:\/\/www.sonoraenequipo.com.mx\/storage\/2019\/04\/FRENTE.jpg\" \/>\n\t<meta property=\"og:image:width\" content=\"500\" \/>\n\t<meta property=\"og:image:height\" content=\"375\" \/>\n\t<meta property=\"og:image:type\" content=\"image\/jpeg\" \/>\n<meta name=\"author\" content=\"enequipo\" \/>\n<meta name=\"twitter:card\" content=\"summary_large_image\" \/>\n<meta name=\"twitter:creator\" content=\"@sonoraenequipo\" \/>\n<meta name=\"twitter:site\" content=\"@sonoraenequipo\" \/>\n<meta name=\"twitter:label1\" content=\"Escrito por\" \/>\n\t<meta name=\"twitter:data1\" content=\"enequipo\" \/>\n\t<meta name=\"twitter:label2\" content=\"Tiempo de lectura\" \/>\n\t<meta name=\"twitter:data2\" content=\"2 minutos\" \/>\n<script type=\"application\/ld+json\" class=\"yoast-schema-graph\">{\"@context\":\"https:\/\/schema.org\",\"@graph\":[{\"@type\":\"Article\",\"@id\":\"https:\/\/www.sonoraenequipo.com.mx\/nuevo-frente-frio-afectara-a-sonoracna\/#article\",\"isPartOf\":{\"@id\":\"https:\/\/www.sonoraenequipo.com.mx\/nuevo-frente-frio-afectara-a-sonoracna\/\"},\"author\":{\"name\":\"enequipo\",\"@id\":\"https:\/\/www.sonoraenequipo.com.mx\/#\/schema\/person\/61a39de478a1763473ad55e8a95fddf6\"},\"headline\":\"Nuevo frente fr\u00edo afectar\u00e1 a Sonora:CNA\",\"datePublished\":\"2019-04-15T19:18:10+00:00\",\"mainEntityOfPage\":{\"@id\":\"https:\/\/www.sonoraenequipo.com.mx\/nuevo-frente-frio-afectara-a-sonoracna\/\"},\"wordCount\":338,\"commentCount\":0,\"publisher\":{\"@id\":\"https:\/\/www.sonoraenequipo.com.mx\/#organization\"},\"image\":{\"@id\":\"https:\/\/www.sonoraenequipo.com.mx\/nuevo-frente-frio-afectara-a-sonoracna\/#primaryimage\"},\"thumbnailUrl\":\"https:\/\/www.sonoraenequipo.com.mx\/storage\/2019\/04\/FRENTE.jpg\",\"keywords\":[\"clima\",\"Sonora\"],\"articleSection\":[\"Sonora\"],\"inLanguage\":\"es\",\"potentialAction\":[{\"@type\":\"CommentAction\",\"name\":\"Comment\",\"target\":[\"https:\/\/www.sonoraenequipo.com.mx\/nuevo-frente-frio-afectara-a-sonoracna\/#respond\"]}]},{\"@type\":\"WebPage\",\"@id\":\"https:\/\/www.sonoraenequipo.com.mx\/nuevo-frente-frio-afectara-a-sonoracna\/\",\"url\":\"https:\/\/www.sonoraenequipo.com.mx\/nuevo-frente-frio-afectara-a-sonoracna\/\",\"name\":\"Sonora en Equipo. Nuevo frente fr\u00edo afectar\u00e1 a Sonora:CNA Sonora\",\"isPartOf\":{\"@id\":\"https:\/\/www.sonoraenequipo.com.mx\/#website\"},\"primaryImageOfPage\":{\"@id\":\"https:\/\/www.sonoraenequipo.com.mx\/nuevo-frente-frio-afectara-a-sonoracna\/#primaryimage\"},\"image\":{\"@id\":\"https:\/\/www.sonoraenequipo.com.mx\/nuevo-frente-frio-afectara-a-sonoracna\/#primaryimage\"},\"thumbnailUrl\":\"https:\/\/www.sonoraenequipo.com.mx\/storage\/2019\/04\/FRENTE.jpg\",\"datePublished\":\"2019-04-15T19:18:10+00:00\",\"description\":\"HERMOSILLO, SONORA.- Para el d\u00eda de ma\u00f1ana se prev\u00e9 la llegada a Sonora de una vaguada y un frente fr\u00edo por la tarde, lo que generar\u00e1 nublados, En Sonora en Equipo publicamos toda la informaci\u00f3n de Sonora, M\u00e9xico y el Mundo de manera oportuna y busca que la libertad de expresi\u00f3n sea real. Visita nuestro medio informativo publicado desde Hermosillo, Sonora. %\",\"breadcrumb\":{\"@id\":\"https:\/\/www.sonoraenequipo.com.mx\/nuevo-frente-frio-afectara-a-sonoracna\/#breadcrumb\"},\"inLanguage\":\"es\",\"potentialAction\":[{\"@type\":\"ReadAction\",\"target\":[\"https:\/\/www.sonoraenequipo.com.mx\/nuevo-frente-frio-afectara-a-sonoracna\/\"]}]},{\"@type\":\"ImageObject\",\"inLanguage\":\"es\",\"@id\":\"https:\/\/www.sonoraenequipo.com.mx\/nuevo-frente-frio-afectara-a-sonoracna\/#primaryimage\",\"url\":\"https:\/\/www.sonoraenequipo.com.mx\/storage\/2019\/04\/FRENTE.jpg\",\"contentUrl\":\"https:\/\/www.sonoraenequipo.com.mx\/storage\/2019\/04\/FRENTE.jpg\",\"width\":500,\"height\":375},{\"@type\":\"BreadcrumbList\",\"@id\":\"https:\/\/www.sonoraenequipo.com.mx\/nuevo-frente-frio-afectara-a-sonoracna\/#breadcrumb\",\"itemListElement\":[{\"@type\":\"ListItem\",\"position\":1,\"name\":\"Portada\",\"item\":\"https:\/\/www.sonoraenequipo.com.mx\/\"},{\"@type\":\"ListItem\",\"position\":2,\"name\":\"Nuevo frente fr\u00edo afectar\u00e1 a Sonora:CNA\"}]},{\"@type\":\"WebSite\",\"@id\":\"https:\/\/www.sonoraenequipo.com.mx\/#website\",\"url\":\"https:\/\/www.sonoraenequipo.com.mx\/\",\"name\":\"Sonora en Equipo.\",\"description\":\"Diario en l\u00ednea con Noticias desde Hermosillo, Sonora\",\"publisher\":{\"@id\":\"https:\/\/www.sonoraenequipo.com.mx\/#organization\"},\"potentialAction\":[{\"@type\":\"SearchAction\",\"target\":{\"@type\":\"EntryPoint\",\"urlTemplate\":\"https:\/\/www.sonoraenequipo.com.mx\/?s={search_term_string}\"},\"query-input\":{\"@type\":\"PropertyValueSpecification\",\"valueRequired\":true,\"valueName\":\"search_term_string\"}}],\"inLanguage\":\"es\"},{\"@type\":\"Organization\",\"@id\":\"https:\/\/www.sonoraenequipo.com.mx\/#organization\",\"name\":\"Sonoraenequipo.com.mx\",\"url\":\"https:\/\/www.sonoraenequipo.com.mx\/\",\"logo\":{\"@type\":\"ImageObject\",\"inLanguage\":\"es\",\"@id\":\"https:\/\/www.sonoraenequipo.com.mx\/#\/schema\/logo\/image\/\",\"url\":\"https:\/\/www.sonoraenequipo.com.mx\/storage\/2019\/01\/sonoraenequipo_opt.png\",\"contentUrl\":\"https:\/\/www.sonoraenequipo.com.mx\/storage\/2019\/01\/sonoraenequipo_opt.png\",\"width\":375,\"height\":125,\"caption\":\"Sonoraenequipo.com.mx\"},\"image\":{\"@id\":\"https:\/\/www.sonoraenequipo.com.mx\/#\/schema\/logo\/image\/\"},\"sameAs\":[\"https:\/\/www.facebook.com\/SonoraEE\/\",\"https:\/\/x.com\/sonoraenequipo\",\"https:\/\/www.youtube.com\/channel\/UC338nW-lPEYmJQs4ZABQ1SQ\"]},{\"@type\":\"Person\",\"@id\":\"https:\/\/www.sonoraenequipo.com.mx\/#\/schema\/person\/61a39de478a1763473ad55e8a95fddf6\",\"name\":\"enequipo\",\"image\":{\"@type\":\"ImageObject\",\"inLanguage\":\"es\",\"@id\":\"https:\/\/www.sonoraenequipo.com.mx\/#\/schema\/person\/image\/\",\"url\":\"https:\/\/secure.gravatar.com\/avatar\/e39bc3016d8af598aed3d770c9510dfc2795f37ea1733d99fcc6e97d2c3c9f5e?s=96&d=blank&r=g\",\"contentUrl\":\"https:\/\/secure.gravatar.com\/avatar\/e39bc3016d8af598aed3d770c9510dfc2795f37ea1733d99fcc6e97d2c3c9f5e?s=96&d=blank&r=g\",\"caption\":\"enequipo\"}}]}<\/script>\n ","yoast_head_json":{"title":"Sonora en Equipo. Nuevo frente fr\u00edo afectar\u00e1 a Sonora:CNA Sonora","description":"HERMOSILLO, SONORA.- Para el d\u00eda de ma\u00f1ana se prev\u00e9 la llegada a Sonora de una vaguada y un frente fr\u00edo por la tarde, lo que generar\u00e1 nublados, En Sonora en Equipo publicamos toda la informaci\u00f3n de Sonora, M\u00e9xico y el Mundo de manera oportuna y busca que la libertad de expresi\u00f3n sea real. Visita nuestro medio informativo publicado desde Hermosillo, Sonora. %","robots":{"index":"index","follow":"follow","max-snippet":"max-snippet:-1","max-image-preview":"max-image-preview:large","max-video-preview":"max-video-preview:-1"},"canonical":"https:\/\/www.sonoraenequipo.com.mx\/nuevo-frente-frio-afectara-a-sonoracna\/","og_locale":"es_ES","og_type":"article","og_title":"Sonora en Equipo. Nuevo frente fr\u00edo afectar\u00e1 a Sonora:CNA Sonora","og_description":"HERMOSILLO, SONORA.- Para el d\u00eda de ma\u00f1ana se prev\u00e9 la llegada a Sonora de una vaguada y un frente fr\u00edo por la tarde, lo que generar\u00e1 nublados, En Sonora en Equipo publicamos toda la informaci\u00f3n de Sonora, M\u00e9xico y el Mundo de manera oportuna y busca que la libertad de expresi\u00f3n sea real. Visita nuestro medio informativo publicado desde Hermosillo, Sonora. %","og_url":"https:\/\/www.sonoraenequipo.com.mx\/nuevo-frente-frio-afectara-a-sonoracna\/","og_site_name":"Sonora en Equipo.","article_publisher":"https:\/\/www.facebook.com\/SonoraEE\/","article_published_time":"2019-04-15T19:18:10+00:00","og_image":[{"width":500,"height":375,"url":"https:\/\/www.sonoraenequipo.com.mx\/storage\/2019\/04\/FRENTE.jpg","type":"image\/jpeg"}],"author":"enequipo","twitter_card":"summary_large_image","twitter_creator":"@sonoraenequipo","twitter_site":"@sonoraenequipo","twitter_misc":{"Escrito por":"enequipo","Tiempo de lectura":"2 minutos"},"schema":{"@context":"https:\/\/schema.org","@graph":[{"@type":"Article","@id":"https:\/\/www.sonoraenequipo.com.mx\/nuevo-frente-frio-afectara-a-sonoracna\/#article","isPartOf":{"@id":"https:\/\/www.sonoraenequipo.com.mx\/nuevo-frente-frio-afectara-a-sonoracna\/"},"author":{"name":"enequipo","@id":"https:\/\/www.sonoraenequipo.com.mx\/#\/schema\/person\/61a39de478a1763473ad55e8a95fddf6"},"headline":"Nuevo frente fr\u00edo afectar\u00e1 a Sonora:CNA","datePublished":"2019-04-15T19:18:10+00:00","mainEntityOfPage":{"@id":"https:\/\/www.sonoraenequipo.com.mx\/nuevo-frente-frio-afectara-a-sonoracna\/"},"wordCount":338,"commentCount":0,"publisher":{"@id":"https:\/\/www.sonoraenequipo.com.mx\/#organization"},"image":{"@id":"https:\/\/www.sonoraenequipo.com.mx\/nuevo-frente-frio-afectara-a-sonoracna\/#primaryimage"},"thumbnailUrl":"https:\/\/www.sonoraenequipo.com.mx\/storage\/2019\/04\/FRENTE.jpg","keywords":["clima","Sonora"],"articleSection":["Sonora"],"inLanguage":"es","potentialAction":[{"@type":"CommentAction","name":"Comment","target":["https:\/\/www.sonoraenequipo.com.mx\/nuevo-frente-frio-afectara-a-sonoracna\/#respond"]}]},{"@type":"WebPage","@id":"https:\/\/www.sonoraenequipo.com.mx\/nuevo-frente-frio-afectara-a-sonoracna\/","url":"https:\/\/www.sonoraenequipo.com.mx\/nuevo-frente-frio-afectara-a-sonoracna\/","name":"Sonora en Equipo. Nuevo frente fr\u00edo afectar\u00e1 a Sonora:CNA Sonora","isPartOf":{"@id":"https:\/\/www.sonoraenequipo.com.mx\/#website"},"primaryImageOfPage":{"@id":"https:\/\/www.sonoraenequipo.com.mx\/nuevo-frente-frio-afectara-a-sonoracna\/#primaryimage"},"image":{"@id":"https:\/\/www.sonoraenequipo.com.mx\/nuevo-frente-frio-afectara-a-sonoracna\/#primaryimage"},"thumbnailUrl":"https:\/\/www.sonoraenequipo.com.mx\/storage\/2019\/04\/FRENTE.jpg","datePublished":"2019-04-15T19:18:10+00:00","description":"HERMOSILLO, SONORA.- Para el d\u00eda de ma\u00f1ana se prev\u00e9 la llegada a Sonora de una vaguada y un frente fr\u00edo por la tarde, lo que generar\u00e1 nublados, En Sonora en Equipo publicamos toda la informaci\u00f3n de Sonora, M\u00e9xico y el Mundo de manera oportuna y busca que la libertad de expresi\u00f3n sea real. Visita nuestro medio informativo publicado desde Hermosillo, Sonora. %","breadcrumb":{"@id":"https:\/\/www.sonoraenequipo.com.mx\/nuevo-frente-frio-afectara-a-sonoracna\/#breadcrumb"},"inLanguage":"es","potentialAction":[{"@type":"ReadAction","target":["https:\/\/www.sonoraenequipo.com.mx\/nuevo-frente-frio-afectara-a-sonoracna\/"]}]},{"@type":"ImageObject","inLanguage":"es","@id":"https:\/\/www.sonoraenequipo.com.mx\/nuevo-frente-frio-afectara-a-sonoracna\/#primaryimage","url":"https:\/\/www.sonoraenequipo.com.mx\/storage\/2019\/04\/FRENTE.jpg","contentUrl":"https:\/\/www.sonoraenequipo.com.mx\/storage\/2019\/04\/FRENTE.jpg","width":500,"height":375},{"@type":"BreadcrumbList","@id":"https:\/\/www.sonoraenequipo.com.mx\/nuevo-frente-frio-afectara-a-sonoracna\/#breadcrumb","itemListElement":[{"@type":"ListItem","position":1,"name":"Portada","item":"https:\/\/www.sonoraenequipo.com.mx\/"},{"@type":"ListItem","position":2,"name":"Nuevo frente fr\u00edo afectar\u00e1 a Sonora:CNA"}]},{"@type":"WebSite","@id":"https:\/\/www.sonoraenequipo.com.mx\/#website","url":"https:\/\/www.sonoraenequipo.com.mx\/","name":"Sonora en Equipo.","description":"Diario en l\u00ednea con Noticias desde Hermosillo, Sonora","publisher":{"@id":"https:\/\/www.sonoraenequipo.com.mx\/#organization"},"potentialAction":[{"@type":"SearchAction","target":{"@type":"EntryPoint","urlTemplate":"https:\/\/www.sonoraenequipo.com.mx\/?s={search_term_string}"},"query-input":{"@type":"PropertyValueSpecification","valueRequired":true,"valueName":"search_term_string"}}],"inLanguage":"es"},{"@type":"Organization","@id":"https:\/\/www.sonoraenequipo.com.mx\/#organization","name":"Sonoraenequipo.com.mx","url":"https:\/\/www.sonoraenequipo.com.mx\/","logo":{"@type":"ImageObject","inLanguage":"es","@id":"https:\/\/www.sonoraenequipo.com.mx\/#\/schema\/logo\/image\/","url":"https:\/\/www.sonoraenequipo.com.mx\/storage\/2019\/01\/sonoraenequipo_opt.png","contentUrl":"https:\/\/www.sonoraenequipo.com.mx\/storage\/2019\/01\/sonoraenequipo_opt.png","width":375,"height":125,"caption":"Sonoraenequipo.com.mx"},"image":{"@id":"https:\/\/www.sonoraenequipo.com.mx\/#\/schema\/logo\/image\/"},"sameAs":["https:\/\/www.facebook.com\/SonoraEE\/","https:\/\/x.com\/sonoraenequipo","https:\/\/www.youtube.com\/channel\/UC338nW-lPEYmJQs4ZABQ1SQ"]},{"@type":"Person","@id":"https:\/\/www.sonoraenequipo.com.mx\/#\/schema\/person\/61a39de478a1763473ad55e8a95fddf6","name":"enequipo","image":{"@type":"ImageObject","inLanguage":"es","@id":"https:\/\/www.sonoraenequipo.com.mx\/#\/schema\/person\/image\/","url":"https:\/\/secure.gravatar.com\/avatar\/e39bc3016d8af598aed3d770c9510dfc2795f37ea1733d99fcc6e97d2c3c9f5e?s=96&d=blank&r=g","contentUrl":"https:\/\/secure.gravatar.com\/avatar\/e39bc3016d8af598aed3d770c9510dfc2795f37ea1733d99fcc6e97d2c3c9f5e?s=96&d=blank&r=g","caption":"enequipo"}}]}},"jetpack_featured_media_url":"https:\/\/www.sonoraenequipo.com.mx\/storage\/2019\/04\/FRENTE.jpg","_links":{"self":[{"href":"https:\/\/www.sonoraenequipo.com.mx\/api\/wp\/v2\/posts\/58625","targetHints":{"allow":["GET"]}}],"collection":[{"href":"https:\/\/www.sonoraenequipo.com.mx\/api\/wp\/v2\/posts"}],"about":[{"href":"https:\/\/www.sonoraenequipo.com.mx\/api\/wp\/v2\/types\/post"}],"author":[{"embeddable":true,"href":"https:\/\/www.sonoraenequipo.com.mx\/api\/wp\/v2\/users\/178"}],"replies":[{"embeddable":true,"href":"https:\/\/www.sonoraenequipo.com.mx\/api\/wp\/v2\/comments?post=58625"}],"version-history":[{"count":0,"href":"https:\/\/www.sonoraenequipo.com.mx\/api\/wp\/v2\/posts\/58625\/revisions"}],"wp:featuredmedia":[{"embeddable":true,"href":"https:\/\/www.sonoraenequipo.com.mx\/api\/wp\/v2\/media\/58626"}],"wp:attachment":[{"href":"https:\/\/www.sonoraenequipo.com.mx\/api\/wp\/v2\/media?parent=58625"}],"wp:term":[{"taxonomy":"category","embeddable":true,"href":"https:\/\/www.sonoraenequipo.com.mx\/api\/wp\/v2\/categories?post=58625"},{"taxonomy":"post_tag","embeddable":true,"href":"https:\/\/www.sonoraenequipo.com.mx\/api\/wp\/v2\/tags?post=58625"}],"curies":[{"name":"wp","href":"https:\/\/api.w.org\/{rel}","templated":true}]}}