{"id":58628,"date":"2019-04-15T12:55:38","date_gmt":"2019-04-15T19:55:38","guid":{"rendered":"http:\/\/www.sonoraenequipo.com.mx\/?p=58628"},"modified":"2019-04-15T12:56:36","modified_gmt":"2019-04-15T19:56:36","slug":"58628","status":"publish","type":"post","link":"https:\/\/www.sonoraenequipo.com.mx\/58628\/","title":{"rendered":"Las \u00e1reas naturales protegidas federales preparadas para recibir turismo responsable en semana santa"},"content":{"rendered":"<p>Las \u00e1reas naturales protegidas federales preparadas para recibir turismo responsable en semana santa<br \/>\nCIUDAD DE M\u00c9XICO.- En esta temporada vacacional de Semana Santa, la Comisi\u00f3n Nacional de \u00c1reas Naturales Protegidas (CONANP), da a conocer las medidas de seguridad y atenci\u00f3n al turismo nacional e internacional, que visite las \u00c1reas Naturales Protegidas (ANP) federales, as\u00ed como las recomendaciones que deber\u00e1n seguir para asegurar la pr\u00e1ctica de un turismo ambiental y socialmente responsable. <\/p>\n<p>La atenci\u00f3n a visitantes estar\u00e1 a cargo del personal de la CONANP, el cual se encuentra capacitado para orientarlos a que disfruten de las ANP, participen en su conservaci\u00f3n y protecci\u00f3n de la Naturaleza.<\/p>\n<p><img loading=\"lazy\" decoding=\"async\" class=\"size-medium  x-left\" src=\"http:\/\/www.sonoraenequipo.com.mx\/storage\/2019\/04\/mapa-296x452.jpg\" alt=\"\" width=\"296\" height=\"452\" \/>En su visita a las ANP, los visitantes deben informarse del c\u00f3digo de conducta y las recomendaciones que hay en cada sitio, entre las cuales figuran el no extraer flora y fauna de la zona, utilizar el servicio de gu\u00edas privados y\/o prestadores de servicios comunitarios autorizados, pagar la cuota de acceso, caminar \u00fanicamente por los senderos establecidos, evitar prender fogatas, a menos que existan sitios autorizados para este fin, y apagarlas perfectamente antes de retirarse, as\u00ed como llevarse la basura generada en su estancia.<\/p>\n<p>El ingreso deber\u00e1 ser solo por los puestos de control autorizados donde se realizar\u00e1 el registro correspondiente. Tambi\u00e9n es importante recordar que no se puede acceder con mascotas, manteniendo en todo momento actitudes de respeto a los guardaparques, adem\u00e1s de hacer buen uso de la infraestructura y los servicios tur\u00edsticos asociados.<br \/>\nExisten diversas ANP con vocaci\u00f3n tur\u00edstica en las que se puede realizar diferentes actividades, incluyendo ciclismo de monta\u00f1a, descenso en r\u00edos, senderismo interpretativo, campamento, buceo, snorkel, kayak y monta\u00f1ismo, entre otras muchas. Te invitamos a seguir las redes sociales de CONANP para informarte de d\u00f3nde puedes desarrollar todas estas actividades.<\/p>\n<p>Una forma de cubrir tu cuota de acceso a las diferentes ANP federales es con la compra del Pasaporte de la Conservaci\u00f3n, por medio del cual puedes visitar las ANP, cuantas veces quieras a lo largo de un a\u00f1o por un pago \u00fanico de $ 371.91 pesos, o bien, mediante la compra del brazalete que es v\u00e1lido para una \u00fanica entrada.<\/p>\n<p>Contribuye a la conservaci\u00f3n comprando tu Pasaporte de la Conservaci\u00f3n en las oficinas de las \u00c1reas Naturales Protegidas que visites o adqui\u00e9relo ingresando al sitio web https:\/\/www.gob.mx\/conanp<\/p>\n<p>Fecha de publicaci\u00f3n15\/04\/2019<\/p>\n","protected":false},"excerpt":{"rendered":"<p>Las \u00e1reas naturales protegidas federales preparadas para recibir turismo responsable en semana santa CIUDAD DE&#8230;<\/p>\n","protected":false},"author":178,"featured_media":58629,"comment_status":"open","ping_status":"open","sticky":false,"template":"","format":"standard","meta":{"_monsterinsights_skip_tracking":false,"_monsterinsights_sitenote_active":false,"_monsterinsights_sitenote_note":"","_monsterinsights_sitenote_category":0,"footnotes":""},"categories":[5],"tags":[1625,1723],"class_list":["post"],"yoast_head":" \n<title>Sonora en Equipo. Las \u00e1reas naturales protegidas federales preparadas para recibir turismo responsable en semana santa Rep\u00fablica<\/title>\n<meta name=\"description\" content=\"Las \u00e1reas naturales protegidas federales preparadas para recibir turismo responsable en semana santa CIUDAD DE M\u00c9XICO.- En esta temporada vacacional de En Sonora en Equipo publicamos toda la informaci\u00f3n de Sonora, M\u00e9xico y el Mundo de manera oportuna y busca que la libertad de expresi\u00f3n sea real. Visita nuestro medio informativo publicado desde Hermosillo, Sonora. %\" \/>\n<meta name=\"robots\" content=\"index, follow, max-snippet:-1, max-image-preview:large, max-video-preview:-1\" \/>\n<link rel=\"canonical\" href=\"https:\/\/www.sonoraenequipo.com.mx\/58628\/\" \/>\n<meta property=\"og:locale\" content=\"es_ES\" \/>\n<meta property=\"og:type\" content=\"article\" \/>\n<meta property=\"og:title\" content=\"Sonora en Equipo. Las \u00e1reas naturales protegidas federales preparadas para recibir turismo responsable en semana santa Rep\u00fablica\" \/>\n<meta property=\"og:description\" content=\"Las \u00e1reas naturales protegidas federales preparadas para recibir turismo responsable en semana santa CIUDAD DE M\u00c9XICO.- En esta temporada vacacional de En Sonora en Equipo publicamos toda la informaci\u00f3n de Sonora, M\u00e9xico y el Mundo de manera oportuna y busca que la libertad de expresi\u00f3n sea real. Visita nuestro medio informativo publicado desde Hermosillo, Sonora. %\" \/>\n<meta property=\"og:url\" content=\"https:\/\/www.sonoraenequipo.com.mx\/58628\/\" \/>\n<meta property=\"og:site_name\" content=\"Sonora en Equipo.\" \/>\n<meta property=\"article:publisher\" content=\"https:\/\/www.facebook.com\/SonoraEE\/\" \/>\n<meta property=\"article:published_time\" content=\"2019-04-15T19:55:38+00:00\" \/>\n<meta property=\"article:modified_time\" content=\"2019-04-15T19:56:36+00:00\" \/>\n<meta property=\"og:image\" content=\"https:\/\/www.sonoraenequipo.com.mx\/storage\/2019\/04\/los-cabos.jpg\" \/>\n\t<meta property=\"og:image:width\" content=\"452\" \/>\n\t<meta property=\"og:image:height\" content=\"301\" \/>\n\t<meta property=\"og:image:type\" content=\"image\/jpeg\" \/>\n<meta name=\"author\" content=\"enequipo\" \/>\n<meta name=\"twitter:card\" content=\"summary_large_image\" \/>\n<meta name=\"twitter:creator\" content=\"@sonoraenequipo\" \/>\n<meta name=\"twitter:site\" content=\"@sonoraenequipo\" \/>\n<meta name=\"twitter:label1\" content=\"Escrito por\" \/>\n\t<meta name=\"twitter:data1\" content=\"enequipo\" \/>\n\t<meta name=\"twitter:label2\" content=\"Tiempo de lectura\" \/>\n\t<meta name=\"twitter:data2\" content=\"2 minutos\" \/>\n<script type=\"application\/ld+json\" class=\"yoast-schema-graph\">{\"@context\":\"https:\/\/schema.org\",\"@graph\":[{\"@type\":\"Article\",\"@id\":\"https:\/\/www.sonoraenequipo.com.mx\/58628\/#article\",\"isPartOf\":{\"@id\":\"https:\/\/www.sonoraenequipo.com.mx\/58628\/\"},\"author\":{\"name\":\"enequipo\",\"@id\":\"https:\/\/www.sonoraenequipo.com.mx\/#\/schema\/person\/61a39de478a1763473ad55e8a95fddf6\"},\"headline\":\"Las \u00e1reas naturales protegidas federales preparadas para recibir turismo responsable en semana santa\",\"datePublished\":\"2019-04-15T19:55:38+00:00\",\"dateModified\":\"2019-04-15T19:56:36+00:00\",\"mainEntityOfPage\":{\"@id\":\"https:\/\/www.sonoraenequipo.com.mx\/58628\/\"},\"wordCount\":425,\"commentCount\":0,\"publisher\":{\"@id\":\"https:\/\/www.sonoraenequipo.com.mx\/#organization\"},\"image\":{\"@id\":\"https:\/\/www.sonoraenequipo.com.mx\/58628\/#primaryimage\"},\"thumbnailUrl\":\"https:\/\/www.sonoraenequipo.com.mx\/storage\/2019\/04\/los-cabos.jpg\",\"keywords\":[\"Ecolog\u00eda M\u00e9xico\",\"semana santa\"],\"articleSection\":[\"Rep\u00fablica\"],\"inLanguage\":\"es\",\"potentialAction\":[{\"@type\":\"CommentAction\",\"name\":\"Comment\",\"target\":[\"https:\/\/www.sonoraenequipo.com.mx\/58628\/#respond\"]}]},{\"@type\":\"WebPage\",\"@id\":\"https:\/\/www.sonoraenequipo.com.mx\/58628\/\",\"url\":\"https:\/\/www.sonoraenequipo.com.mx\/58628\/\",\"name\":\"Sonora en Equipo. Las \u00e1reas naturales protegidas federales preparadas para recibir turismo responsable en semana santa Rep\u00fablica\",\"isPartOf\":{\"@id\":\"https:\/\/www.sonoraenequipo.com.mx\/#website\"},\"primaryImageOfPage\":{\"@id\":\"https:\/\/www.sonoraenequipo.com.mx\/58628\/#primaryimage\"},\"image\":{\"@id\":\"https:\/\/www.sonoraenequipo.com.mx\/58628\/#primaryimage\"},\"thumbnailUrl\":\"https:\/\/www.sonoraenequipo.com.mx\/storage\/2019\/04\/los-cabos.jpg\",\"datePublished\":\"2019-04-15T19:55:38+00:00\",\"dateModified\":\"2019-04-15T19:56:36+00:00\",\"description\":\"Las \u00e1reas naturales protegidas federales preparadas para recibir turismo responsable en semana santa CIUDAD DE M\u00c9XICO.- En esta temporada vacacional de En Sonora en Equipo publicamos toda la informaci\u00f3n de Sonora, M\u00e9xico y el Mundo de manera oportuna y busca que la libertad de expresi\u00f3n sea real. Visita nuestro medio informativo publicado desde Hermosillo, Sonora. %\",\"breadcrumb\":{\"@id\":\"https:\/\/www.sonoraenequipo.com.mx\/58628\/#breadcrumb\"},\"inLanguage\":\"es\",\"potentialAction\":[{\"@type\":\"ReadAction\",\"target\":[\"https:\/\/www.sonoraenequipo.com.mx\/58628\/\"]}]},{\"@type\":\"ImageObject\",\"inLanguage\":\"es\",\"@id\":\"https:\/\/www.sonoraenequipo.com.mx\/58628\/#primaryimage\",\"url\":\"https:\/\/www.sonoraenequipo.com.mx\/storage\/2019\/04\/los-cabos.jpg\",\"contentUrl\":\"https:\/\/www.sonoraenequipo.com.mx\/storage\/2019\/04\/los-cabos.jpg\",\"width\":452,\"height\":301},{\"@type\":\"BreadcrumbList\",\"@id\":\"https:\/\/www.sonoraenequipo.com.mx\/58628\/#breadcrumb\",\"itemListElement\":[{\"@type\":\"ListItem\",\"position\":1,\"name\":\"Portada\",\"item\":\"https:\/\/www.sonoraenequipo.com.mx\/\"},{\"@type\":\"ListItem\",\"position\":2,\"name\":\"Las \u00e1reas naturales protegidas federales preparadas para recibir turismo responsable en semana santa\"}]},{\"@type\":\"WebSite\",\"@id\":\"https:\/\/www.sonoraenequipo.com.mx\/#website\",\"url\":\"https:\/\/www.sonoraenequipo.com.mx\/\",\"name\":\"Sonora en Equipo.\",\"description\":\"Diario en l\u00ednea con Noticias desde Hermosillo, Sonora\",\"publisher\":{\"@id\":\"https:\/\/www.sonoraenequipo.com.mx\/#organization\"},\"potentialAction\":[{\"@type\":\"SearchAction\",\"target\":{\"@type\":\"EntryPoint\",\"urlTemplate\":\"https:\/\/www.sonoraenequipo.com.mx\/?s={search_term_string}\"},\"query-input\":{\"@type\":\"PropertyValueSpecification\",\"valueRequired\":true,\"valueName\":\"search_term_string\"}}],\"inLanguage\":\"es\"},{\"@type\":\"Organization\",\"@id\":\"https:\/\/www.sonoraenequipo.com.mx\/#organization\",\"name\":\"Sonoraenequipo.com.mx\",\"url\":\"https:\/\/www.sonoraenequipo.com.mx\/\",\"logo\":{\"@type\":\"ImageObject\",\"inLanguage\":\"es\",\"@id\":\"https:\/\/www.sonoraenequipo.com.mx\/#\/schema\/logo\/image\/\",\"url\":\"https:\/\/www.sonoraenequipo.com.mx\/storage\/2019\/01\/sonoraenequipo_opt.png\",\"contentUrl\":\"https:\/\/www.sonoraenequipo.com.mx\/storage\/2019\/01\/sonoraenequipo_opt.png\",\"width\":375,\"height\":125,\"caption\":\"Sonoraenequipo.com.mx\"},\"image\":{\"@id\":\"https:\/\/www.sonoraenequipo.com.mx\/#\/schema\/logo\/image\/\"},\"sameAs\":[\"https:\/\/www.facebook.com\/SonoraEE\/\",\"https:\/\/x.com\/sonoraenequipo\",\"https:\/\/www.youtube.com\/channel\/UC338nW-lPEYmJQs4ZABQ1SQ\"]},{\"@type\":\"Person\",\"@id\":\"https:\/\/www.sonoraenequipo.com.mx\/#\/schema\/person\/61a39de478a1763473ad55e8a95fddf6\",\"name\":\"enequipo\",\"image\":{\"@type\":\"ImageObject\",\"inLanguage\":\"es\",\"@id\":\"https:\/\/www.sonoraenequipo.com.mx\/#\/schema\/person\/image\/\",\"url\":\"https:\/\/secure.gravatar.com\/avatar\/e39bc3016d8af598aed3d770c9510dfc2795f37ea1733d99fcc6e97d2c3c9f5e?s=96&d=blank&r=g\",\"contentUrl\":\"https:\/\/secure.gravatar.com\/avatar\/e39bc3016d8af598aed3d770c9510dfc2795f37ea1733d99fcc6e97d2c3c9f5e?s=96&d=blank&r=g\",\"caption\":\"enequipo\"}}]}<\/script>\n ","yoast_head_json":{"title":"Sonora en Equipo. Las \u00e1reas naturales protegidas federales preparadas para recibir turismo responsable en semana santa Rep\u00fablica","description":"Las \u00e1reas naturales protegidas federales preparadas para recibir turismo responsable en semana santa CIUDAD DE M\u00c9XICO.- En esta temporada vacacional de En Sonora en Equipo publicamos toda la informaci\u00f3n de Sonora, M\u00e9xico y el Mundo de manera oportuna y busca que la libertad de expresi\u00f3n sea real. Visita nuestro medio informativo publicado desde Hermosillo, Sonora. %","robots":{"index":"index","follow":"follow","max-snippet":"max-snippet:-1","max-image-preview":"max-image-preview:large","max-video-preview":"max-video-preview:-1"},"canonical":"https:\/\/www.sonoraenequipo.com.mx\/58628\/","og_locale":"es_ES","og_type":"article","og_title":"Sonora en Equipo. Las \u00e1reas naturales protegidas federales preparadas para recibir turismo responsable en semana santa Rep\u00fablica","og_description":"Las \u00e1reas naturales protegidas federales preparadas para recibir turismo responsable en semana santa CIUDAD DE M\u00c9XICO.- En esta temporada vacacional de En Sonora en Equipo publicamos toda la informaci\u00f3n de Sonora, M\u00e9xico y el Mundo de manera oportuna y busca que la libertad de expresi\u00f3n sea real. Visita nuestro medio informativo publicado desde Hermosillo, Sonora. %","og_url":"https:\/\/www.sonoraenequipo.com.mx\/58628\/","og_site_name":"Sonora en Equipo.","article_publisher":"https:\/\/www.facebook.com\/SonoraEE\/","article_published_time":"2019-04-15T19:55:38+00:00","article_modified_time":"2019-04-15T19:56:36+00:00","og_image":[{"width":452,"height":301,"url":"https:\/\/www.sonoraenequipo.com.mx\/storage\/2019\/04\/los-cabos.jpg","type":"image\/jpeg"}],"author":"enequipo","twitter_card":"summary_large_image","twitter_creator":"@sonoraenequipo","twitter_site":"@sonoraenequipo","twitter_misc":{"Escrito por":"enequipo","Tiempo de lectura":"2 minutos"},"schema":{"@context":"https:\/\/schema.org","@graph":[{"@type":"Article","@id":"https:\/\/www.sonoraenequipo.com.mx\/58628\/#article","isPartOf":{"@id":"https:\/\/www.sonoraenequipo.com.mx\/58628\/"},"author":{"name":"enequipo","@id":"https:\/\/www.sonoraenequipo.com.mx\/#\/schema\/person\/61a39de478a1763473ad55e8a95fddf6"},"headline":"Las \u00e1reas naturales protegidas federales preparadas para recibir turismo responsable en semana santa","datePublished":"2019-04-15T19:55:38+00:00","dateModified":"2019-04-15T19:56:36+00:00","mainEntityOfPage":{"@id":"https:\/\/www.sonoraenequipo.com.mx\/58628\/"},"wordCount":425,"commentCount":0,"publisher":{"@id":"https:\/\/www.sonoraenequipo.com.mx\/#organization"},"image":{"@id":"https:\/\/www.sonoraenequipo.com.mx\/58628\/#primaryimage"},"thumbnailUrl":"https:\/\/www.sonoraenequipo.com.mx\/storage\/2019\/04\/los-cabos.jpg","keywords":["Ecolog\u00eda M\u00e9xico","semana santa"],"articleSection":["Rep\u00fablica"],"inLanguage":"es","potentialAction":[{"@type":"CommentAction","name":"Comment","target":["https:\/\/www.sonoraenequipo.com.mx\/58628\/#respond"]}]},{"@type":"WebPage","@id":"https:\/\/www.sonoraenequipo.com.mx\/58628\/","url":"https:\/\/www.sonoraenequipo.com.mx\/58628\/","name":"Sonora en Equipo. Las \u00e1reas naturales protegidas federales preparadas para recibir turismo responsable en semana santa Rep\u00fablica","isPartOf":{"@id":"https:\/\/www.sonoraenequipo.com.mx\/#website"},"primaryImageOfPage":{"@id":"https:\/\/www.sonoraenequipo.com.mx\/58628\/#primaryimage"},"image":{"@id":"https:\/\/www.sonoraenequipo.com.mx\/58628\/#primaryimage"},"thumbnailUrl":"https:\/\/www.sonoraenequipo.com.mx\/storage\/2019\/04\/los-cabos.jpg","datePublished":"2019-04-15T19:55:38+00:00","dateModified":"2019-04-15T19:56:36+00:00","description":"Las \u00e1reas naturales protegidas federales preparadas para recibir turismo responsable en semana santa CIUDAD DE M\u00c9XICO.- En esta temporada vacacional de En Sonora en Equipo publicamos toda la informaci\u00f3n de Sonora, M\u00e9xico y el Mundo de manera oportuna y busca que la libertad de expresi\u00f3n sea real. Visita nuestro medio informativo publicado desde Hermosillo, Sonora. %","breadcrumb":{"@id":"https:\/\/www.sonoraenequipo.com.mx\/58628\/#breadcrumb"},"inLanguage":"es","potentialAction":[{"@type":"ReadAction","target":["https:\/\/www.sonoraenequipo.com.mx\/58628\/"]}]},{"@type":"ImageObject","inLanguage":"es","@id":"https:\/\/www.sonoraenequipo.com.mx\/58628\/#primaryimage","url":"https:\/\/www.sonoraenequipo.com.mx\/storage\/2019\/04\/los-cabos.jpg","contentUrl":"https:\/\/www.sonoraenequipo.com.mx\/storage\/2019\/04\/los-cabos.jpg","width":452,"height":301},{"@type":"BreadcrumbList","@id":"https:\/\/www.sonoraenequipo.com.mx\/58628\/#breadcrumb","itemListElement":[{"@type":"ListItem","position":1,"name":"Portada","item":"https:\/\/www.sonoraenequipo.com.mx\/"},{"@type":"ListItem","position":2,"name":"Las \u00e1reas naturales protegidas federales preparadas para recibir turismo responsable en semana santa"}]},{"@type":"WebSite","@id":"https:\/\/www.sonoraenequipo.com.mx\/#website","url":"https:\/\/www.sonoraenequipo.com.mx\/","name":"Sonora en Equipo.","description":"Diario en l\u00ednea con Noticias desde Hermosillo, Sonora","publisher":{"@id":"https:\/\/www.sonoraenequipo.com.mx\/#organization"},"potentialAction":[{"@type":"SearchAction","target":{"@type":"EntryPoint","urlTemplate":"https:\/\/www.sonoraenequipo.com.mx\/?s={search_term_string}"},"query-input":{"@type":"PropertyValueSpecification","valueRequired":true,"valueName":"search_term_string"}}],"inLanguage":"es"},{"@type":"Organization","@id":"https:\/\/www.sonoraenequipo.com.mx\/#organization","name":"Sonoraenequipo.com.mx","url":"https:\/\/www.sonoraenequipo.com.mx\/","logo":{"@type":"ImageObject","inLanguage":"es","@id":"https:\/\/www.sonoraenequipo.com.mx\/#\/schema\/logo\/image\/","url":"https:\/\/www.sonoraenequipo.com.mx\/storage\/2019\/01\/sonoraenequipo_opt.png","contentUrl":"https:\/\/www.sonoraenequipo.com.mx\/storage\/2019\/01\/sonoraenequipo_opt.png","width":375,"height":125,"caption":"Sonoraenequipo.com.mx"},"image":{"@id":"https:\/\/www.sonoraenequipo.com.mx\/#\/schema\/logo\/image\/"},"sameAs":["https:\/\/www.facebook.com\/SonoraEE\/","https:\/\/x.com\/sonoraenequipo","https:\/\/www.youtube.com\/channel\/UC338nW-lPEYmJQs4ZABQ1SQ"]},{"@type":"Person","@id":"https:\/\/www.sonoraenequipo.com.mx\/#\/schema\/person\/61a39de478a1763473ad55e8a95fddf6","name":"enequipo","image":{"@type":"ImageObject","inLanguage":"es","@id":"https:\/\/www.sonoraenequipo.com.mx\/#\/schema\/person\/image\/","url":"https:\/\/secure.gravatar.com\/avatar\/e39bc3016d8af598aed3d770c9510dfc2795f37ea1733d99fcc6e97d2c3c9f5e?s=96&d=blank&r=g","contentUrl":"https:\/\/secure.gravatar.com\/avatar\/e39bc3016d8af598aed3d770c9510dfc2795f37ea1733d99fcc6e97d2c3c9f5e?s=96&d=blank&r=g","caption":"enequipo"}}]}},"jetpack_featured_media_url":"https:\/\/www.sonoraenequipo.com.mx\/storage\/2019\/04\/los-cabos.jpg","_links":{"self":[{"href":"https:\/\/www.sonoraenequipo.com.mx\/api\/wp\/v2\/posts\/58628","targetHints":{"allow":["GET"]}}],"collection":[{"href":"https:\/\/www.sonoraenequipo.com.mx\/api\/wp\/v2\/posts"}],"about":[{"href":"https:\/\/www.sonoraenequipo.com.mx\/api\/wp\/v2\/types\/post"}],"author":[{"embeddable":true,"href":"https:\/\/www.sonoraenequipo.com.mx\/api\/wp\/v2\/users\/178"}],"replies":[{"embeddable":true,"href":"https:\/\/www.sonoraenequipo.com.mx\/api\/wp\/v2\/comments?post=58628"}],"version-history":[{"count":0,"href":"https:\/\/www.sonoraenequipo.com.mx\/api\/wp\/v2\/posts\/58628\/revisions"}],"wp:featuredmedia":[{"embeddable":true,"href":"https:\/\/www.sonoraenequipo.com.mx\/api\/wp\/v2\/media\/58629"}],"wp:attachment":[{"href":"https:\/\/www.sonoraenequipo.com.mx\/api\/wp\/v2\/media?parent=58628"}],"wp:term":[{"taxonomy":"category","embeddable":true,"href":"https:\/\/www.sonoraenequipo.com.mx\/api\/wp\/v2\/categories?post=58628"},{"taxonomy":"post_tag","embeddable":true,"href":"https:\/\/www.sonoraenequipo.com.mx\/api\/wp\/v2\/tags?post=58628"}],"curies":[{"name":"wp","href":"https:\/\/api.w.org\/{rel}","templated":true}]}}