{"id":58640,"date":"2019-04-15T14:32:26","date_gmt":"2019-04-15T21:32:26","guid":{"rendered":"http:\/\/www.sonoraenequipo.com.mx\/?p=58640"},"modified":"2019-04-15T14:32:26","modified_gmt":"2019-04-15T21:32:26","slug":"agua-de-hermosillo-prepara-distribucion-equitativa-del-liquido-durante-el-verano","status":"publish","type":"post","link":"https:\/\/www.sonoraenequipo.com.mx\/agua-de-hermosillo-prepara-distribucion-equitativa-del-liquido-durante-el-verano\/","title":{"rendered":"Agua de Hermosillo prepara distribuci\u00f3n equitativa del l\u00edquido durante el verano"},"content":{"rendered":"<p>HERMOSILLO, SONORA.- El organismo operador Agua de Hermosillo realiza las interconexiones y calibraciones de los sectores hidrom\u00e9tricos que se necesitan para garantizar un nivel de presi\u00f3n similar en todas las tomas domiciliarias de la ciudad durante el verano, explic\u00f3 Jes\u00fas Gilberto Carrillo Rojas, Gerente de Distribuci\u00f3n y Redes de la entidad municipal. <br \/>\nEl funcionario revel\u00f3 que debido a estos procesos t\u00e9cnicos, con que el organismo se prepara para el incremento de la demanda propio del calor, en algunos sectores los usuarios han experimentado suspensi\u00f3n de servicio o baja de presi\u00f3n, los cuales han sido temporales y no son motivo para alarma.<\/p>\n<p>Detall\u00f3 que la red de distribuci\u00f3n de la ciudad est\u00e1 dividida en 113 sectores hidrom\u00e9tricos, los cuales permiten maniobrar a fin de que el agua llegue con el mismo nivel de presi\u00f3n a todas las tomas, independientemente de si se encuentran en zonas altas o bajas.<\/p>\n<p>\u201cLa ciudad tiene una topograf\u00eda accidentada, con desniveles fuertes, si el agua la solt\u00e1semos de manera arbitraria pues se ir\u00eda siempre a las partes bajas y en las altas estar\u00edan siempre con problemas de servicio\u201d, expuso.<br \/>\nPidi\u00f3 a los hermosillenses poner de su parte d\u00e1ndoles a sus tinacos el servicio que requieran y utilizando este recurso de manera responsable, con la confianza de que Aguah cuenta con el l\u00edquido suficiente con el cual cubrir la demanda y hace lo necesario para distribuirla equitativamente.<\/p>\n<p>Anunci\u00f3 que este martes a partir de las 8:00 horas se har\u00e1n trabajos de interconexi\u00f3n de la red en el cruce de las calles M\u00fasaro y Capomo, en la colonia Nuevo Hermosillo, lo que implica cierre de v\u00e1lvulas que se traducir\u00e1n en baja de presi\u00f3n a incluso suspensi\u00f3n de servicio, por lo que pidi\u00f3 a las familias de la zona tomas las previsiones necesarias.<\/p>\n<p>Fecha de publicaci\u00f3n 15\/04\/2019<\/p>\n","protected":false},"excerpt":{"rendered":"<p>HERMOSILLO, SONORA.- El organismo operador Agua de Hermosillo realiza las interconexiones y calibraciones de los&#8230;<\/p>\n","protected":false},"author":178,"featured_media":58643,"comment_status":"open","ping_status":"open","sticky":false,"template":"","format":"standard","meta":{"_monsterinsights_skip_tracking":false,"_monsterinsights_sitenote_active":false,"_monsterinsights_sitenote_note":"","_monsterinsights_sitenote_category":0,"footnotes":""},"categories":[4],"tags":[181,35],"class_list":["post"],"yoast_head":" \n<title>Sonora en Equipo. Agua de Hermosillo prepara distribuci\u00f3n equitativa del l\u00edquido durante el verano Municipios<\/title>\n<meta name=\"description\" content=\"HERMOSILLO, SONORA.- El organismo operador Agua de Hermosillo realiza las interconexiones y calibraciones de los sectores hidrom\u00e9tricos que se necesitan En Sonora en Equipo publicamos toda la informaci\u00f3n de Sonora, M\u00e9xico y el Mundo de manera oportuna y busca que la libertad de expresi\u00f3n sea real. Visita nuestro medio informativo publicado desde Hermosillo, Sonora. %\" \/>\n<meta name=\"robots\" content=\"index, follow, max-snippet:-1, max-image-preview:large, max-video-preview:-1\" \/>\n<link rel=\"canonical\" href=\"https:\/\/www.sonoraenequipo.com.mx\/agua-de-hermosillo-prepara-distribucion-equitativa-del-liquido-durante-el-verano\/\" \/>\n<meta property=\"og:locale\" content=\"es_ES\" \/>\n<meta property=\"og:type\" content=\"article\" \/>\n<meta property=\"og:title\" content=\"Sonora en Equipo. Agua de Hermosillo prepara distribuci\u00f3n equitativa del l\u00edquido durante el verano Municipios\" \/>\n<meta property=\"og:description\" content=\"HERMOSILLO, SONORA.- El organismo operador Agua de Hermosillo realiza las interconexiones y calibraciones de los sectores hidrom\u00e9tricos que se necesitan En Sonora en Equipo publicamos toda la informaci\u00f3n de Sonora, M\u00e9xico y el Mundo de manera oportuna y busca que la libertad de expresi\u00f3n sea real. Visita nuestro medio informativo publicado desde Hermosillo, Sonora. %\" \/>\n<meta property=\"og:url\" content=\"https:\/\/www.sonoraenequipo.com.mx\/agua-de-hermosillo-prepara-distribucion-equitativa-del-liquido-durante-el-verano\/\" \/>\n<meta property=\"og:site_name\" content=\"Sonora en Equipo.\" \/>\n<meta property=\"article:publisher\" content=\"https:\/\/www.facebook.com\/SonoraEE\/\" \/>\n<meta property=\"article:published_time\" content=\"2019-04-15T21:32:26+00:00\" \/>\n<meta property=\"og:image\" content=\"https:\/\/www.sonoraenequipo.com.mx\/storage\/2019\/04\/LLAVE-e1555363911715.jpg\" \/>\n\t<meta property=\"og:image:width\" content=\"500\" \/>\n\t<meta property=\"og:image:height\" content=\"333\" \/>\n\t<meta property=\"og:image:type\" content=\"image\/jpeg\" \/>\n<meta name=\"author\" content=\"enequipo\" \/>\n<meta name=\"twitter:card\" content=\"summary_large_image\" \/>\n<meta name=\"twitter:creator\" content=\"@sonoraenequipo\" \/>\n<meta name=\"twitter:site\" content=\"@sonoraenequipo\" \/>\n<meta name=\"twitter:label1\" content=\"Escrito por\" \/>\n\t<meta name=\"twitter:data1\" content=\"enequipo\" \/>\n\t<meta name=\"twitter:label2\" content=\"Tiempo de lectura\" \/>\n\t<meta name=\"twitter:data2\" content=\"2 minutos\" \/>\n<script type=\"application\/ld+json\" class=\"yoast-schema-graph\">{\"@context\":\"https:\/\/schema.org\",\"@graph\":[{\"@type\":\"Article\",\"@id\":\"https:\/\/www.sonoraenequipo.com.mx\/agua-de-hermosillo-prepara-distribucion-equitativa-del-liquido-durante-el-verano\/#article\",\"isPartOf\":{\"@id\":\"https:\/\/www.sonoraenequipo.com.mx\/agua-de-hermosillo-prepara-distribucion-equitativa-del-liquido-durante-el-verano\/\"},\"author\":{\"name\":\"enequipo\",\"@id\":\"https:\/\/www.sonoraenequipo.com.mx\/#\/schema\/person\/61a39de478a1763473ad55e8a95fddf6\"},\"headline\":\"Agua de Hermosillo prepara distribuci\u00f3n equitativa del l\u00edquido durante el verano\",\"datePublished\":\"2019-04-15T21:32:26+00:00\",\"mainEntityOfPage\":{\"@id\":\"https:\/\/www.sonoraenequipo.com.mx\/agua-de-hermosillo-prepara-distribucion-equitativa-del-liquido-durante-el-verano\/\"},\"wordCount\":333,\"commentCount\":0,\"publisher\":{\"@id\":\"https:\/\/www.sonoraenequipo.com.mx\/#organization\"},\"image\":{\"@id\":\"https:\/\/www.sonoraenequipo.com.mx\/agua-de-hermosillo-prepara-distribucion-equitativa-del-liquido-durante-el-verano\/#primaryimage\"},\"thumbnailUrl\":\"https:\/\/www.sonoraenequipo.com.mx\/storage\/2019\/04\/LLAVE-e1555363911715.jpg\",\"keywords\":[\"Agua\",\"hermosillo\"],\"articleSection\":[\"Municipios\"],\"inLanguage\":\"es\",\"potentialAction\":[{\"@type\":\"CommentAction\",\"name\":\"Comment\",\"target\":[\"https:\/\/www.sonoraenequipo.com.mx\/agua-de-hermosillo-prepara-distribucion-equitativa-del-liquido-durante-el-verano\/#respond\"]}]},{\"@type\":\"WebPage\",\"@id\":\"https:\/\/www.sonoraenequipo.com.mx\/agua-de-hermosillo-prepara-distribucion-equitativa-del-liquido-durante-el-verano\/\",\"url\":\"https:\/\/www.sonoraenequipo.com.mx\/agua-de-hermosillo-prepara-distribucion-equitativa-del-liquido-durante-el-verano\/\",\"name\":\"Sonora en Equipo. Agua de Hermosillo prepara distribuci\u00f3n equitativa del l\u00edquido durante el verano Municipios\",\"isPartOf\":{\"@id\":\"https:\/\/www.sonoraenequipo.com.mx\/#website\"},\"primaryImageOfPage\":{\"@id\":\"https:\/\/www.sonoraenequipo.com.mx\/agua-de-hermosillo-prepara-distribucion-equitativa-del-liquido-durante-el-verano\/#primaryimage\"},\"image\":{\"@id\":\"https:\/\/www.sonoraenequipo.com.mx\/agua-de-hermosillo-prepara-distribucion-equitativa-del-liquido-durante-el-verano\/#primaryimage\"},\"thumbnailUrl\":\"https:\/\/www.sonoraenequipo.com.mx\/storage\/2019\/04\/LLAVE-e1555363911715.jpg\",\"datePublished\":\"2019-04-15T21:32:26+00:00\",\"description\":\"HERMOSILLO, SONORA.- El organismo operador Agua de Hermosillo realiza las interconexiones y calibraciones de los sectores hidrom\u00e9tricos que se necesitan En Sonora en Equipo publicamos toda la informaci\u00f3n de Sonora, M\u00e9xico y el Mundo de manera oportuna y busca que la libertad de expresi\u00f3n sea real. Visita nuestro medio informativo publicado desde Hermosillo, Sonora. %\",\"breadcrumb\":{\"@id\":\"https:\/\/www.sonoraenequipo.com.mx\/agua-de-hermosillo-prepara-distribucion-equitativa-del-liquido-durante-el-verano\/#breadcrumb\"},\"inLanguage\":\"es\",\"potentialAction\":[{\"@type\":\"ReadAction\",\"target\":[\"https:\/\/www.sonoraenequipo.com.mx\/agua-de-hermosillo-prepara-distribucion-equitativa-del-liquido-durante-el-verano\/\"]}]},{\"@type\":\"ImageObject\",\"inLanguage\":\"es\",\"@id\":\"https:\/\/www.sonoraenequipo.com.mx\/agua-de-hermosillo-prepara-distribucion-equitativa-del-liquido-durante-el-verano\/#primaryimage\",\"url\":\"https:\/\/www.sonoraenequipo.com.mx\/storage\/2019\/04\/LLAVE-e1555363911715.jpg\",\"contentUrl\":\"https:\/\/www.sonoraenequipo.com.mx\/storage\/2019\/04\/LLAVE-e1555363911715.jpg\",\"width\":500,\"height\":333,\"caption\":\"Imagen para ilustrar\"},{\"@type\":\"BreadcrumbList\",\"@id\":\"https:\/\/www.sonoraenequipo.com.mx\/agua-de-hermosillo-prepara-distribucion-equitativa-del-liquido-durante-el-verano\/#breadcrumb\",\"itemListElement\":[{\"@type\":\"ListItem\",\"position\":1,\"name\":\"Portada\",\"item\":\"https:\/\/www.sonoraenequipo.com.mx\/\"},{\"@type\":\"ListItem\",\"position\":2,\"name\":\"Agua de Hermosillo prepara distribuci\u00f3n equitativa del l\u00edquido durante el verano\"}]},{\"@type\":\"WebSite\",\"@id\":\"https:\/\/www.sonoraenequipo.com.mx\/#website\",\"url\":\"https:\/\/www.sonoraenequipo.com.mx\/\",\"name\":\"Sonora en Equipo.\",\"description\":\"Diario en l\u00ednea con Noticias desde Hermosillo, Sonora\",\"publisher\":{\"@id\":\"https:\/\/www.sonoraenequipo.com.mx\/#organization\"},\"potentialAction\":[{\"@type\":\"SearchAction\",\"target\":{\"@type\":\"EntryPoint\",\"urlTemplate\":\"https:\/\/www.sonoraenequipo.com.mx\/?s={search_term_string}\"},\"query-input\":{\"@type\":\"PropertyValueSpecification\",\"valueRequired\":true,\"valueName\":\"search_term_string\"}}],\"inLanguage\":\"es\"},{\"@type\":\"Organization\",\"@id\":\"https:\/\/www.sonoraenequipo.com.mx\/#organization\",\"name\":\"Sonoraenequipo.com.mx\",\"url\":\"https:\/\/www.sonoraenequipo.com.mx\/\",\"logo\":{\"@type\":\"ImageObject\",\"inLanguage\":\"es\",\"@id\":\"https:\/\/www.sonoraenequipo.com.mx\/#\/schema\/logo\/image\/\",\"url\":\"https:\/\/www.sonoraenequipo.com.mx\/storage\/2019\/01\/sonoraenequipo_opt.png\",\"contentUrl\":\"https:\/\/www.sonoraenequipo.com.mx\/storage\/2019\/01\/sonoraenequipo_opt.png\",\"width\":375,\"height\":125,\"caption\":\"Sonoraenequipo.com.mx\"},\"image\":{\"@id\":\"https:\/\/www.sonoraenequipo.com.mx\/#\/schema\/logo\/image\/\"},\"sameAs\":[\"https:\/\/www.facebook.com\/SonoraEE\/\",\"https:\/\/x.com\/sonoraenequipo\",\"https:\/\/www.youtube.com\/channel\/UC338nW-lPEYmJQs4ZABQ1SQ\"]},{\"@type\":\"Person\",\"@id\":\"https:\/\/www.sonoraenequipo.com.mx\/#\/schema\/person\/61a39de478a1763473ad55e8a95fddf6\",\"name\":\"enequipo\",\"image\":{\"@type\":\"ImageObject\",\"inLanguage\":\"es\",\"@id\":\"https:\/\/www.sonoraenequipo.com.mx\/#\/schema\/person\/image\/\",\"url\":\"https:\/\/secure.gravatar.com\/avatar\/e39bc3016d8af598aed3d770c9510dfc2795f37ea1733d99fcc6e97d2c3c9f5e?s=96&d=blank&r=g\",\"contentUrl\":\"https:\/\/secure.gravatar.com\/avatar\/e39bc3016d8af598aed3d770c9510dfc2795f37ea1733d99fcc6e97d2c3c9f5e?s=96&d=blank&r=g\",\"caption\":\"enequipo\"}}]}<\/script>\n ","yoast_head_json":{"title":"Sonora en Equipo. Agua de Hermosillo prepara distribuci\u00f3n equitativa del l\u00edquido durante el verano Municipios","description":"HERMOSILLO, SONORA.- El organismo operador Agua de Hermosillo realiza las interconexiones y calibraciones de los sectores hidrom\u00e9tricos que se necesitan En Sonora en Equipo publicamos toda la informaci\u00f3n de Sonora, M\u00e9xico y el Mundo de manera oportuna y busca que la libertad de expresi\u00f3n sea real. Visita nuestro medio informativo publicado desde Hermosillo, Sonora. %","robots":{"index":"index","follow":"follow","max-snippet":"max-snippet:-1","max-image-preview":"max-image-preview:large","max-video-preview":"max-video-preview:-1"},"canonical":"https:\/\/www.sonoraenequipo.com.mx\/agua-de-hermosillo-prepara-distribucion-equitativa-del-liquido-durante-el-verano\/","og_locale":"es_ES","og_type":"article","og_title":"Sonora en Equipo. Agua de Hermosillo prepara distribuci\u00f3n equitativa del l\u00edquido durante el verano Municipios","og_description":"HERMOSILLO, SONORA.- El organismo operador Agua de Hermosillo realiza las interconexiones y calibraciones de los sectores hidrom\u00e9tricos que se necesitan En Sonora en Equipo publicamos toda la informaci\u00f3n de Sonora, M\u00e9xico y el Mundo de manera oportuna y busca que la libertad de expresi\u00f3n sea real. Visita nuestro medio informativo publicado desde Hermosillo, Sonora. %","og_url":"https:\/\/www.sonoraenequipo.com.mx\/agua-de-hermosillo-prepara-distribucion-equitativa-del-liquido-durante-el-verano\/","og_site_name":"Sonora en Equipo.","article_publisher":"https:\/\/www.facebook.com\/SonoraEE\/","article_published_time":"2019-04-15T21:32:26+00:00","og_image":[{"width":500,"height":333,"url":"https:\/\/www.sonoraenequipo.com.mx\/storage\/2019\/04\/LLAVE-e1555363911715.jpg","type":"image\/jpeg"}],"author":"enequipo","twitter_card":"summary_large_image","twitter_creator":"@sonoraenequipo","twitter_site":"@sonoraenequipo","twitter_misc":{"Escrito por":"enequipo","Tiempo de lectura":"2 minutos"},"schema":{"@context":"https:\/\/schema.org","@graph":[{"@type":"Article","@id":"https:\/\/www.sonoraenequipo.com.mx\/agua-de-hermosillo-prepara-distribucion-equitativa-del-liquido-durante-el-verano\/#article","isPartOf":{"@id":"https:\/\/www.sonoraenequipo.com.mx\/agua-de-hermosillo-prepara-distribucion-equitativa-del-liquido-durante-el-verano\/"},"author":{"name":"enequipo","@id":"https:\/\/www.sonoraenequipo.com.mx\/#\/schema\/person\/61a39de478a1763473ad55e8a95fddf6"},"headline":"Agua de Hermosillo prepara distribuci\u00f3n equitativa del l\u00edquido durante el verano","datePublished":"2019-04-15T21:32:26+00:00","mainEntityOfPage":{"@id":"https:\/\/www.sonoraenequipo.com.mx\/agua-de-hermosillo-prepara-distribucion-equitativa-del-liquido-durante-el-verano\/"},"wordCount":333,"commentCount":0,"publisher":{"@id":"https:\/\/www.sonoraenequipo.com.mx\/#organization"},"image":{"@id":"https:\/\/www.sonoraenequipo.com.mx\/agua-de-hermosillo-prepara-distribucion-equitativa-del-liquido-durante-el-verano\/#primaryimage"},"thumbnailUrl":"https:\/\/www.sonoraenequipo.com.mx\/storage\/2019\/04\/LLAVE-e1555363911715.jpg","keywords":["Agua","hermosillo"],"articleSection":["Municipios"],"inLanguage":"es","potentialAction":[{"@type":"CommentAction","name":"Comment","target":["https:\/\/www.sonoraenequipo.com.mx\/agua-de-hermosillo-prepara-distribucion-equitativa-del-liquido-durante-el-verano\/#respond"]}]},{"@type":"WebPage","@id":"https:\/\/www.sonoraenequipo.com.mx\/agua-de-hermosillo-prepara-distribucion-equitativa-del-liquido-durante-el-verano\/","url":"https:\/\/www.sonoraenequipo.com.mx\/agua-de-hermosillo-prepara-distribucion-equitativa-del-liquido-durante-el-verano\/","name":"Sonora en Equipo. Agua de Hermosillo prepara distribuci\u00f3n equitativa del l\u00edquido durante el verano Municipios","isPartOf":{"@id":"https:\/\/www.sonoraenequipo.com.mx\/#website"},"primaryImageOfPage":{"@id":"https:\/\/www.sonoraenequipo.com.mx\/agua-de-hermosillo-prepara-distribucion-equitativa-del-liquido-durante-el-verano\/#primaryimage"},"image":{"@id":"https:\/\/www.sonoraenequipo.com.mx\/agua-de-hermosillo-prepara-distribucion-equitativa-del-liquido-durante-el-verano\/#primaryimage"},"thumbnailUrl":"https:\/\/www.sonoraenequipo.com.mx\/storage\/2019\/04\/LLAVE-e1555363911715.jpg","datePublished":"2019-04-15T21:32:26+00:00","description":"HERMOSILLO, SONORA.- El organismo operador Agua de Hermosillo realiza las interconexiones y calibraciones de los sectores hidrom\u00e9tricos que se necesitan En Sonora en Equipo publicamos toda la informaci\u00f3n de Sonora, M\u00e9xico y el Mundo de manera oportuna y busca que la libertad de expresi\u00f3n sea real. Visita nuestro medio informativo publicado desde Hermosillo, Sonora. %","breadcrumb":{"@id":"https:\/\/www.sonoraenequipo.com.mx\/agua-de-hermosillo-prepara-distribucion-equitativa-del-liquido-durante-el-verano\/#breadcrumb"},"inLanguage":"es","potentialAction":[{"@type":"ReadAction","target":["https:\/\/www.sonoraenequipo.com.mx\/agua-de-hermosillo-prepara-distribucion-equitativa-del-liquido-durante-el-verano\/"]}]},{"@type":"ImageObject","inLanguage":"es","@id":"https:\/\/www.sonoraenequipo.com.mx\/agua-de-hermosillo-prepara-distribucion-equitativa-del-liquido-durante-el-verano\/#primaryimage","url":"https:\/\/www.sonoraenequipo.com.mx\/storage\/2019\/04\/LLAVE-e1555363911715.jpg","contentUrl":"https:\/\/www.sonoraenequipo.com.mx\/storage\/2019\/04\/LLAVE-e1555363911715.jpg","width":500,"height":333,"caption":"Imagen para ilustrar"},{"@type":"BreadcrumbList","@id":"https:\/\/www.sonoraenequipo.com.mx\/agua-de-hermosillo-prepara-distribucion-equitativa-del-liquido-durante-el-verano\/#breadcrumb","itemListElement":[{"@type":"ListItem","position":1,"name":"Portada","item":"https:\/\/www.sonoraenequipo.com.mx\/"},{"@type":"ListItem","position":2,"name":"Agua de Hermosillo prepara distribuci\u00f3n equitativa del l\u00edquido durante el verano"}]},{"@type":"WebSite","@id":"https:\/\/www.sonoraenequipo.com.mx\/#website","url":"https:\/\/www.sonoraenequipo.com.mx\/","name":"Sonora en Equipo.","description":"Diario en l\u00ednea con Noticias desde Hermosillo, Sonora","publisher":{"@id":"https:\/\/www.sonoraenequipo.com.mx\/#organization"},"potentialAction":[{"@type":"SearchAction","target":{"@type":"EntryPoint","urlTemplate":"https:\/\/www.sonoraenequipo.com.mx\/?s={search_term_string}"},"query-input":{"@type":"PropertyValueSpecification","valueRequired":true,"valueName":"search_term_string"}}],"inLanguage":"es"},{"@type":"Organization","@id":"https:\/\/www.sonoraenequipo.com.mx\/#organization","name":"Sonoraenequipo.com.mx","url":"https:\/\/www.sonoraenequipo.com.mx\/","logo":{"@type":"ImageObject","inLanguage":"es","@id":"https:\/\/www.sonoraenequipo.com.mx\/#\/schema\/logo\/image\/","url":"https:\/\/www.sonoraenequipo.com.mx\/storage\/2019\/01\/sonoraenequipo_opt.png","contentUrl":"https:\/\/www.sonoraenequipo.com.mx\/storage\/2019\/01\/sonoraenequipo_opt.png","width":375,"height":125,"caption":"Sonoraenequipo.com.mx"},"image":{"@id":"https:\/\/www.sonoraenequipo.com.mx\/#\/schema\/logo\/image\/"},"sameAs":["https:\/\/www.facebook.com\/SonoraEE\/","https:\/\/x.com\/sonoraenequipo","https:\/\/www.youtube.com\/channel\/UC338nW-lPEYmJQs4ZABQ1SQ"]},{"@type":"Person","@id":"https:\/\/www.sonoraenequipo.com.mx\/#\/schema\/person\/61a39de478a1763473ad55e8a95fddf6","name":"enequipo","image":{"@type":"ImageObject","inLanguage":"es","@id":"https:\/\/www.sonoraenequipo.com.mx\/#\/schema\/person\/image\/","url":"https:\/\/secure.gravatar.com\/avatar\/e39bc3016d8af598aed3d770c9510dfc2795f37ea1733d99fcc6e97d2c3c9f5e?s=96&d=blank&r=g","contentUrl":"https:\/\/secure.gravatar.com\/avatar\/e39bc3016d8af598aed3d770c9510dfc2795f37ea1733d99fcc6e97d2c3c9f5e?s=96&d=blank&r=g","caption":"enequipo"}}]}},"jetpack_featured_media_url":"https:\/\/www.sonoraenequipo.com.mx\/storage\/2019\/04\/LLAVE-e1555363911715.jpg","_links":{"self":[{"href":"https:\/\/www.sonoraenequipo.com.mx\/api\/wp\/v2\/posts\/58640","targetHints":{"allow":["GET"]}}],"collection":[{"href":"https:\/\/www.sonoraenequipo.com.mx\/api\/wp\/v2\/posts"}],"about":[{"href":"https:\/\/www.sonoraenequipo.com.mx\/api\/wp\/v2\/types\/post"}],"author":[{"embeddable":true,"href":"https:\/\/www.sonoraenequipo.com.mx\/api\/wp\/v2\/users\/178"}],"replies":[{"embeddable":true,"href":"https:\/\/www.sonoraenequipo.com.mx\/api\/wp\/v2\/comments?post=58640"}],"version-history":[{"count":0,"href":"https:\/\/www.sonoraenequipo.com.mx\/api\/wp\/v2\/posts\/58640\/revisions"}],"wp:featuredmedia":[{"embeddable":true,"href":"https:\/\/www.sonoraenequipo.com.mx\/api\/wp\/v2\/media\/58643"}],"wp:attachment":[{"href":"https:\/\/www.sonoraenequipo.com.mx\/api\/wp\/v2\/media?parent=58640"}],"wp:term":[{"taxonomy":"category","embeddable":true,"href":"https:\/\/www.sonoraenequipo.com.mx\/api\/wp\/v2\/categories?post=58640"},{"taxonomy":"post_tag","embeddable":true,"href":"https:\/\/www.sonoraenequipo.com.mx\/api\/wp\/v2\/tags?post=58640"}],"curies":[{"name":"wp","href":"https:\/\/api.w.org\/{rel}","templated":true}]}}