{"id":58665,"date":"2019-04-16T10:55:41","date_gmt":"2019-04-16T17:55:41","guid":{"rendered":"http:\/\/www.sonoraenequipo.com.mx\/?p=58665"},"modified":"2019-04-17T05:57:12","modified_gmt":"2019-04-17T12:57:12","slug":"se-salvan-del-fuego-en-notre-dame-dos-invaluables-reliquias","status":"publish","type":"post","link":"https:\/\/www.sonoraenequipo.com.mx\/se-salvan-del-fuego-en-notre-dame-dos-invaluables-reliquias\/","title":{"rendered":"Se salvan del fuego en Notre Dame dos invaluables reliquias"},"content":{"rendered":"<p>Los destrozos causados por el incendio que este lunes se declar\u00f3 en lo alto de la catedral de Notre Dame, aunque cuantiosos, finalmente no fueron tan desmesurados como se lleg\u00f3 a temer. Entre los m\u00e1s preciados tesoros que all\u00ed se conservan, se encuentran la Corona de Espinas de Jesucristo y la T\u00fanica de San Luis. Ambos se salvaron informaron medios locales. <br \/>\nLo confirm\u00f3 el rector-arcipreste de Notre Dame, Patrick Chauvet: estos dos objetos religiosos sobrevivieron al incendio. El primero de ellos, la reliquia de la Corona de Espinas, corresponde a la corona que los soldados romanos colocaron a Jes\u00fas de Nazaret en la cabeza durante su crucifixi\u00f3n para burlarse de que se hubiera proclamado rey de los jud\u00edos.<\/p>\n<p>El otro objeto que se consigui\u00f3 rescatar es la T\u00fanica de San Luis, un jub\u00f3n que supuestamente perteneci\u00f3 al rey Luis IX (1214-1270), \u00faltimo monarca europeo que se embarc\u00f3 en una cruzada para recuperar Jerusal\u00e9n.<br \/>\nHoras despu\u00e9s de que se declarase el incendio en Notre Dame, los bomberos llegaron a temer que el balance de da\u00f1os fuera de mayores proporciones. No fue hasta ya entrada la noche cuando se pudo determinar que la estructura de la Catedral ser\u00eda capaz de sobrevivir a este episodio.<\/p>\n<p><img loading=\"lazy\" decoding=\"async\" class=\" x-left\" src=\"http:\/\/www.sonoraenequipo.com.mx\/storage\/2019\/04\/TUNICA-486x452.jpg\" alt=\"\" width=\"346\" height=\"322\">El secretario de Estado de Interior franc\u00e9s, Laurent Nu\u00f1ez, fue quien confirm\u00f3 este hecho, agradeciendo el trabajo de los bomberos que consiguieron limitar los da\u00f1os. \u201cLa estructura ha sido salvada y preservada en su totalidad\u201d, asever\u00f3 Nu\u00f1ez, responsable de los bomberos que trabajan en la extinci\u00f3n. En cambio, ha confirmado que dos tercios de la cubierta han quedado totalmente destruidos, incluida la emblem\u00e1tica aguja de la catedral.<br \/>\nSin embargo, la mala noticia fue que uno de los bomberos que trabajaban en la extinci\u00f3n del fuego ha resultado herido de gravedad.<\/p>\n<p><em><strong>Macron: \u201cLo reconstruiremos todos juntos\u201d<\/strong><\/em><\/p>\n<p>El presidente franc\u00e9s, Emmanuel Macron, desplazado a la Catedral, asegur\u00f3 que \u201ces nuestra historia y est\u00e1 ardiendo. Pero quiero tener unas palabras de esperanza con ustedes: la reconstruiremos todos juntos\u201d.<\/p>\n<p>\u201cHemos evitado lo peor aunque la lucha contra el fuego a\u00fan no ha terminado\u201d, afirm\u00f3 Macron.<\/p>\n<p>En relaci\u00f3n a las causas del incendio, en principio se ha abierto una investigaci\u00f3n en base a la hip\u00f3tesis de la \u201cdestrucci\u00f3n involuntaria\u201d. Eso s\u00ed, esta posibilidad de que el incendio se produjera de forma accidental \u201cllama la atenci\u00f3n de los investigadores\u201d, que intentar\u00e1n discernir las causas de la tragedia, han se\u00f1alado fuentes cercanas.<\/p>\n<p>Fecha de publicaci\u00f3n 16\/04\/2019<\/p>\n","protected":false},"excerpt":{"rendered":"<p>Los destrozos causados por el incendio que este lunes se declar\u00f3 en lo alto de&#8230;<\/p>\n","protected":false},"author":178,"featured_media":58671,"comment_status":"open","ping_status":"open","sticky":false,"template":"","format":"standard","meta":{"_monsterinsights_skip_tracking":false,"_monsterinsights_sitenote_active":false,"_monsterinsights_sitenote_note":"","_monsterinsights_sitenote_category":0,"footnotes":""},"categories":[3],"tags":[],"class_list":["post"],"yoast_head":" \n<title>Sonora en Equipo. Se salvan del fuego en Notre Dame dos invaluables reliquias MUNDO<\/title>\n<meta name=\"description\" content=\"Los destrozos causados por el incendio que este lunes se declar\u00f3 en lo alto de la catedral de Notre Dame, aunque cuantiosos, finalmente no fueron tan En Sonora en Equipo publicamos toda la informaci\u00f3n de Sonora, M\u00e9xico y el Mundo de manera oportuna y busca que la libertad de expresi\u00f3n sea real. Visita nuestro medio informativo publicado desde Hermosillo, Sonora. %\" \/>\n<meta name=\"robots\" content=\"index, follow, max-snippet:-1, max-image-preview:large, max-video-preview:-1\" \/>\n<link rel=\"canonical\" href=\"https:\/\/www.sonoraenequipo.com.mx\/se-salvan-del-fuego-en-notre-dame-dos-invaluables-reliquias\/\" \/>\n<meta property=\"og:locale\" content=\"es_ES\" \/>\n<meta property=\"og:type\" content=\"article\" \/>\n<meta property=\"og:title\" content=\"Sonora en Equipo. Se salvan del fuego en Notre Dame dos invaluables reliquias MUNDO\" \/>\n<meta property=\"og:description\" content=\"Los destrozos causados por el incendio que este lunes se declar\u00f3 en lo alto de la catedral de Notre Dame, aunque cuantiosos, finalmente no fueron tan En Sonora en Equipo publicamos toda la informaci\u00f3n de Sonora, M\u00e9xico y el Mundo de manera oportuna y busca que la libertad de expresi\u00f3n sea real. Visita nuestro medio informativo publicado desde Hermosillo, Sonora. %\" \/>\n<meta property=\"og:url\" content=\"https:\/\/www.sonoraenequipo.com.mx\/se-salvan-del-fuego-en-notre-dame-dos-invaluables-reliquias\/\" \/>\n<meta property=\"og:site_name\" content=\"Sonora en Equipo.\" \/>\n<meta property=\"article:publisher\" content=\"https:\/\/www.facebook.com\/SonoraEE\/\" \/>\n<meta property=\"article:published_time\" content=\"2019-04-16T17:55:41+00:00\" \/>\n<meta property=\"article:modified_time\" content=\"2019-04-17T12:57:12+00:00\" \/>\n<meta property=\"og:image\" content=\"https:\/\/www.sonoraenequipo.com.mx\/storage\/2019\/04\/corona.jpg\" \/>\n\t<meta property=\"og:image:width\" content=\"500\" \/>\n\t<meta property=\"og:image:height\" content=\"333\" \/>\n\t<meta property=\"og:image:type\" content=\"image\/jpeg\" \/>\n<meta name=\"author\" content=\"enequipo\" \/>\n<meta name=\"twitter:card\" content=\"summary_large_image\" \/>\n<meta name=\"twitter:creator\" content=\"@sonoraenequipo\" \/>\n<meta name=\"twitter:site\" content=\"@sonoraenequipo\" \/>\n<meta name=\"twitter:label1\" content=\"Escrito por\" \/>\n\t<meta name=\"twitter:data1\" content=\"enequipo\" \/>\n\t<meta name=\"twitter:label2\" content=\"Tiempo de lectura\" \/>\n\t<meta name=\"twitter:data2\" content=\"2 minutos\" \/>\n<script type=\"application\/ld+json\" class=\"yoast-schema-graph\">{\"@context\":\"https:\/\/schema.org\",\"@graph\":[{\"@type\":\"Article\",\"@id\":\"https:\/\/www.sonoraenequipo.com.mx\/se-salvan-del-fuego-en-notre-dame-dos-invaluables-reliquias\/#article\",\"isPartOf\":{\"@id\":\"https:\/\/www.sonoraenequipo.com.mx\/se-salvan-del-fuego-en-notre-dame-dos-invaluables-reliquias\/\"},\"author\":{\"name\":\"enequipo\",\"@id\":\"https:\/\/www.sonoraenequipo.com.mx\/#\/schema\/person\/61a39de478a1763473ad55e8a95fddf6\"},\"headline\":\"Se salvan del fuego en Notre Dame dos invaluables reliquias\",\"datePublished\":\"2019-04-16T17:55:41+00:00\",\"dateModified\":\"2019-04-17T12:57:12+00:00\",\"mainEntityOfPage\":{\"@id\":\"https:\/\/www.sonoraenequipo.com.mx\/se-salvan-del-fuego-en-notre-dame-dos-invaluables-reliquias\/\"},\"wordCount\":438,\"commentCount\":0,\"publisher\":{\"@id\":\"https:\/\/www.sonoraenequipo.com.mx\/#organization\"},\"image\":{\"@id\":\"https:\/\/www.sonoraenequipo.com.mx\/se-salvan-del-fuego-en-notre-dame-dos-invaluables-reliquias\/#primaryimage\"},\"thumbnailUrl\":\"https:\/\/www.sonoraenequipo.com.mx\/storage\/2019\/04\/corona.jpg\",\"articleSection\":[\"MUNDO\"],\"inLanguage\":\"es\",\"potentialAction\":[{\"@type\":\"CommentAction\",\"name\":\"Comment\",\"target\":[\"https:\/\/www.sonoraenequipo.com.mx\/se-salvan-del-fuego-en-notre-dame-dos-invaluables-reliquias\/#respond\"]}]},{\"@type\":\"WebPage\",\"@id\":\"https:\/\/www.sonoraenequipo.com.mx\/se-salvan-del-fuego-en-notre-dame-dos-invaluables-reliquias\/\",\"url\":\"https:\/\/www.sonoraenequipo.com.mx\/se-salvan-del-fuego-en-notre-dame-dos-invaluables-reliquias\/\",\"name\":\"Sonora en Equipo. Se salvan del fuego en Notre Dame dos invaluables reliquias MUNDO\",\"isPartOf\":{\"@id\":\"https:\/\/www.sonoraenequipo.com.mx\/#website\"},\"primaryImageOfPage\":{\"@id\":\"https:\/\/www.sonoraenequipo.com.mx\/se-salvan-del-fuego-en-notre-dame-dos-invaluables-reliquias\/#primaryimage\"},\"image\":{\"@id\":\"https:\/\/www.sonoraenequipo.com.mx\/se-salvan-del-fuego-en-notre-dame-dos-invaluables-reliquias\/#primaryimage\"},\"thumbnailUrl\":\"https:\/\/www.sonoraenequipo.com.mx\/storage\/2019\/04\/corona.jpg\",\"datePublished\":\"2019-04-16T17:55:41+00:00\",\"dateModified\":\"2019-04-17T12:57:12+00:00\",\"description\":\"Los destrozos causados por el incendio que este lunes se declar\u00f3 en lo alto de la catedral de Notre Dame, aunque cuantiosos, finalmente no fueron tan En Sonora en Equipo publicamos toda la informaci\u00f3n de Sonora, M\u00e9xico y el Mundo de manera oportuna y busca que la libertad de expresi\u00f3n sea real. Visita nuestro medio informativo publicado desde Hermosillo, Sonora. %\",\"breadcrumb\":{\"@id\":\"https:\/\/www.sonoraenequipo.com.mx\/se-salvan-del-fuego-en-notre-dame-dos-invaluables-reliquias\/#breadcrumb\"},\"inLanguage\":\"es\",\"potentialAction\":[{\"@type\":\"ReadAction\",\"target\":[\"https:\/\/www.sonoraenequipo.com.mx\/se-salvan-del-fuego-en-notre-dame-dos-invaluables-reliquias\/\"]}]},{\"@type\":\"ImageObject\",\"inLanguage\":\"es\",\"@id\":\"https:\/\/www.sonoraenequipo.com.mx\/se-salvan-del-fuego-en-notre-dame-dos-invaluables-reliquias\/#primaryimage\",\"url\":\"https:\/\/www.sonoraenequipo.com.mx\/storage\/2019\/04\/corona.jpg\",\"contentUrl\":\"https:\/\/www.sonoraenequipo.com.mx\/storage\/2019\/04\/corona.jpg\",\"width\":500,\"height\":333,\"caption\":\"(FILES) In this file photo taken on April 14, 2017 shows a priest wiping the Crown of Thorns, a relic of the passion of Christ- at the Notre-Dame Cathedral in Paris. - A colossal fire swept through the famed Notre-Dame Cathedral in central Paris on April 15, 2019, causing a spire to collapse and threatening to destroy the entire masterpiece and its precious artworks. The fire, which began in the early evening, sent flames and huge clouds of grey smoke billowing into the Paris sky as stunned Parisians and tourists watched on in sheer horror. (Photo by Philippe Lopez \/ AFP)\"},{\"@type\":\"BreadcrumbList\",\"@id\":\"https:\/\/www.sonoraenequipo.com.mx\/se-salvan-del-fuego-en-notre-dame-dos-invaluables-reliquias\/#breadcrumb\",\"itemListElement\":[{\"@type\":\"ListItem\",\"position\":1,\"name\":\"Portada\",\"item\":\"https:\/\/www.sonoraenequipo.com.mx\/\"},{\"@type\":\"ListItem\",\"position\":2,\"name\":\"Se salvan del fuego en Notre Dame dos invaluables reliquias\"}]},{\"@type\":\"WebSite\",\"@id\":\"https:\/\/www.sonoraenequipo.com.mx\/#website\",\"url\":\"https:\/\/www.sonoraenequipo.com.mx\/\",\"name\":\"Sonora en Equipo.\",\"description\":\"Diario en l\u00ednea con Noticias desde Hermosillo, Sonora\",\"publisher\":{\"@id\":\"https:\/\/www.sonoraenequipo.com.mx\/#organization\"},\"potentialAction\":[{\"@type\":\"SearchAction\",\"target\":{\"@type\":\"EntryPoint\",\"urlTemplate\":\"https:\/\/www.sonoraenequipo.com.mx\/?s={search_term_string}\"},\"query-input\":{\"@type\":\"PropertyValueSpecification\",\"valueRequired\":true,\"valueName\":\"search_term_string\"}}],\"inLanguage\":\"es\"},{\"@type\":\"Organization\",\"@id\":\"https:\/\/www.sonoraenequipo.com.mx\/#organization\",\"name\":\"Sonoraenequipo.com.mx\",\"url\":\"https:\/\/www.sonoraenequipo.com.mx\/\",\"logo\":{\"@type\":\"ImageObject\",\"inLanguage\":\"es\",\"@id\":\"https:\/\/www.sonoraenequipo.com.mx\/#\/schema\/logo\/image\/\",\"url\":\"https:\/\/www.sonoraenequipo.com.mx\/storage\/2019\/01\/sonoraenequipo_opt.png\",\"contentUrl\":\"https:\/\/www.sonoraenequipo.com.mx\/storage\/2019\/01\/sonoraenequipo_opt.png\",\"width\":375,\"height\":125,\"caption\":\"Sonoraenequipo.com.mx\"},\"image\":{\"@id\":\"https:\/\/www.sonoraenequipo.com.mx\/#\/schema\/logo\/image\/\"},\"sameAs\":[\"https:\/\/www.facebook.com\/SonoraEE\/\",\"https:\/\/x.com\/sonoraenequipo\",\"https:\/\/www.youtube.com\/channel\/UC338nW-lPEYmJQs4ZABQ1SQ\"]},{\"@type\":\"Person\",\"@id\":\"https:\/\/www.sonoraenequipo.com.mx\/#\/schema\/person\/61a39de478a1763473ad55e8a95fddf6\",\"name\":\"enequipo\",\"image\":{\"@type\":\"ImageObject\",\"inLanguage\":\"es\",\"@id\":\"https:\/\/www.sonoraenequipo.com.mx\/#\/schema\/person\/image\/\",\"url\":\"https:\/\/secure.gravatar.com\/avatar\/e39bc3016d8af598aed3d770c9510dfc2795f37ea1733d99fcc6e97d2c3c9f5e?s=96&d=blank&r=g\",\"contentUrl\":\"https:\/\/secure.gravatar.com\/avatar\/e39bc3016d8af598aed3d770c9510dfc2795f37ea1733d99fcc6e97d2c3c9f5e?s=96&d=blank&r=g\",\"caption\":\"enequipo\"}}]}<\/script>\n ","yoast_head_json":{"title":"Sonora en Equipo. Se salvan del fuego en Notre Dame dos invaluables reliquias MUNDO","description":"Los destrozos causados por el incendio que este lunes se declar\u00f3 en lo alto de la catedral de Notre Dame, aunque cuantiosos, finalmente no fueron tan En Sonora en Equipo publicamos toda la informaci\u00f3n de Sonora, M\u00e9xico y el Mundo de manera oportuna y busca que la libertad de expresi\u00f3n sea real. Visita nuestro medio informativo publicado desde Hermosillo, Sonora. %","robots":{"index":"index","follow":"follow","max-snippet":"max-snippet:-1","max-image-preview":"max-image-preview:large","max-video-preview":"max-video-preview:-1"},"canonical":"https:\/\/www.sonoraenequipo.com.mx\/se-salvan-del-fuego-en-notre-dame-dos-invaluables-reliquias\/","og_locale":"es_ES","og_type":"article","og_title":"Sonora en Equipo. Se salvan del fuego en Notre Dame dos invaluables reliquias MUNDO","og_description":"Los destrozos causados por el incendio que este lunes se declar\u00f3 en lo alto de la catedral de Notre Dame, aunque cuantiosos, finalmente no fueron tan En Sonora en Equipo publicamos toda la informaci\u00f3n de Sonora, M\u00e9xico y el Mundo de manera oportuna y busca que la libertad de expresi\u00f3n sea real. Visita nuestro medio informativo publicado desde Hermosillo, Sonora. %","og_url":"https:\/\/www.sonoraenequipo.com.mx\/se-salvan-del-fuego-en-notre-dame-dos-invaluables-reliquias\/","og_site_name":"Sonora en Equipo.","article_publisher":"https:\/\/www.facebook.com\/SonoraEE\/","article_published_time":"2019-04-16T17:55:41+00:00","article_modified_time":"2019-04-17T12:57:12+00:00","og_image":[{"width":500,"height":333,"url":"https:\/\/www.sonoraenequipo.com.mx\/storage\/2019\/04\/corona.jpg","type":"image\/jpeg"}],"author":"enequipo","twitter_card":"summary_large_image","twitter_creator":"@sonoraenequipo","twitter_site":"@sonoraenequipo","twitter_misc":{"Escrito por":"enequipo","Tiempo de lectura":"2 minutos"},"schema":{"@context":"https:\/\/schema.org","@graph":[{"@type":"Article","@id":"https:\/\/www.sonoraenequipo.com.mx\/se-salvan-del-fuego-en-notre-dame-dos-invaluables-reliquias\/#article","isPartOf":{"@id":"https:\/\/www.sonoraenequipo.com.mx\/se-salvan-del-fuego-en-notre-dame-dos-invaluables-reliquias\/"},"author":{"name":"enequipo","@id":"https:\/\/www.sonoraenequipo.com.mx\/#\/schema\/person\/61a39de478a1763473ad55e8a95fddf6"},"headline":"Se salvan del fuego en Notre Dame dos invaluables reliquias","datePublished":"2019-04-16T17:55:41+00:00","dateModified":"2019-04-17T12:57:12+00:00","mainEntityOfPage":{"@id":"https:\/\/www.sonoraenequipo.com.mx\/se-salvan-del-fuego-en-notre-dame-dos-invaluables-reliquias\/"},"wordCount":438,"commentCount":0,"publisher":{"@id":"https:\/\/www.sonoraenequipo.com.mx\/#organization"},"image":{"@id":"https:\/\/www.sonoraenequipo.com.mx\/se-salvan-del-fuego-en-notre-dame-dos-invaluables-reliquias\/#primaryimage"},"thumbnailUrl":"https:\/\/www.sonoraenequipo.com.mx\/storage\/2019\/04\/corona.jpg","articleSection":["MUNDO"],"inLanguage":"es","potentialAction":[{"@type":"CommentAction","name":"Comment","target":["https:\/\/www.sonoraenequipo.com.mx\/se-salvan-del-fuego-en-notre-dame-dos-invaluables-reliquias\/#respond"]}]},{"@type":"WebPage","@id":"https:\/\/www.sonoraenequipo.com.mx\/se-salvan-del-fuego-en-notre-dame-dos-invaluables-reliquias\/","url":"https:\/\/www.sonoraenequipo.com.mx\/se-salvan-del-fuego-en-notre-dame-dos-invaluables-reliquias\/","name":"Sonora en Equipo. Se salvan del fuego en Notre Dame dos invaluables reliquias MUNDO","isPartOf":{"@id":"https:\/\/www.sonoraenequipo.com.mx\/#website"},"primaryImageOfPage":{"@id":"https:\/\/www.sonoraenequipo.com.mx\/se-salvan-del-fuego-en-notre-dame-dos-invaluables-reliquias\/#primaryimage"},"image":{"@id":"https:\/\/www.sonoraenequipo.com.mx\/se-salvan-del-fuego-en-notre-dame-dos-invaluables-reliquias\/#primaryimage"},"thumbnailUrl":"https:\/\/www.sonoraenequipo.com.mx\/storage\/2019\/04\/corona.jpg","datePublished":"2019-04-16T17:55:41+00:00","dateModified":"2019-04-17T12:57:12+00:00","description":"Los destrozos causados por el incendio que este lunes se declar\u00f3 en lo alto de la catedral de Notre Dame, aunque cuantiosos, finalmente no fueron tan En Sonora en Equipo publicamos toda la informaci\u00f3n de Sonora, M\u00e9xico y el Mundo de manera oportuna y busca que la libertad de expresi\u00f3n sea real. Visita nuestro medio informativo publicado desde Hermosillo, Sonora. %","breadcrumb":{"@id":"https:\/\/www.sonoraenequipo.com.mx\/se-salvan-del-fuego-en-notre-dame-dos-invaluables-reliquias\/#breadcrumb"},"inLanguage":"es","potentialAction":[{"@type":"ReadAction","target":["https:\/\/www.sonoraenequipo.com.mx\/se-salvan-del-fuego-en-notre-dame-dos-invaluables-reliquias\/"]}]},{"@type":"ImageObject","inLanguage":"es","@id":"https:\/\/www.sonoraenequipo.com.mx\/se-salvan-del-fuego-en-notre-dame-dos-invaluables-reliquias\/#primaryimage","url":"https:\/\/www.sonoraenequipo.com.mx\/storage\/2019\/04\/corona.jpg","contentUrl":"https:\/\/www.sonoraenequipo.com.mx\/storage\/2019\/04\/corona.jpg","width":500,"height":333,"caption":"(FILES) In this file photo taken on April 14, 2017 shows a priest wiping the Crown of Thorns, a relic of the passion of Christ- at the Notre-Dame Cathedral in Paris. - A colossal fire swept through the famed Notre-Dame Cathedral in central Paris on April 15, 2019, causing a spire to collapse and threatening to destroy the entire masterpiece and its precious artworks. The fire, which began in the early evening, sent flames and huge clouds of grey smoke billowing into the Paris sky as stunned Parisians and tourists watched on in sheer horror. (Photo by Philippe Lopez \/ AFP)"},{"@type":"BreadcrumbList","@id":"https:\/\/www.sonoraenequipo.com.mx\/se-salvan-del-fuego-en-notre-dame-dos-invaluables-reliquias\/#breadcrumb","itemListElement":[{"@type":"ListItem","position":1,"name":"Portada","item":"https:\/\/www.sonoraenequipo.com.mx\/"},{"@type":"ListItem","position":2,"name":"Se salvan del fuego en Notre Dame dos invaluables reliquias"}]},{"@type":"WebSite","@id":"https:\/\/www.sonoraenequipo.com.mx\/#website","url":"https:\/\/www.sonoraenequipo.com.mx\/","name":"Sonora en Equipo.","description":"Diario en l\u00ednea con Noticias desde Hermosillo, Sonora","publisher":{"@id":"https:\/\/www.sonoraenequipo.com.mx\/#organization"},"potentialAction":[{"@type":"SearchAction","target":{"@type":"EntryPoint","urlTemplate":"https:\/\/www.sonoraenequipo.com.mx\/?s={search_term_string}"},"query-input":{"@type":"PropertyValueSpecification","valueRequired":true,"valueName":"search_term_string"}}],"inLanguage":"es"},{"@type":"Organization","@id":"https:\/\/www.sonoraenequipo.com.mx\/#organization","name":"Sonoraenequipo.com.mx","url":"https:\/\/www.sonoraenequipo.com.mx\/","logo":{"@type":"ImageObject","inLanguage":"es","@id":"https:\/\/www.sonoraenequipo.com.mx\/#\/schema\/logo\/image\/","url":"https:\/\/www.sonoraenequipo.com.mx\/storage\/2019\/01\/sonoraenequipo_opt.png","contentUrl":"https:\/\/www.sonoraenequipo.com.mx\/storage\/2019\/01\/sonoraenequipo_opt.png","width":375,"height":125,"caption":"Sonoraenequipo.com.mx"},"image":{"@id":"https:\/\/www.sonoraenequipo.com.mx\/#\/schema\/logo\/image\/"},"sameAs":["https:\/\/www.facebook.com\/SonoraEE\/","https:\/\/x.com\/sonoraenequipo","https:\/\/www.youtube.com\/channel\/UC338nW-lPEYmJQs4ZABQ1SQ"]},{"@type":"Person","@id":"https:\/\/www.sonoraenequipo.com.mx\/#\/schema\/person\/61a39de478a1763473ad55e8a95fddf6","name":"enequipo","image":{"@type":"ImageObject","inLanguage":"es","@id":"https:\/\/www.sonoraenequipo.com.mx\/#\/schema\/person\/image\/","url":"https:\/\/secure.gravatar.com\/avatar\/e39bc3016d8af598aed3d770c9510dfc2795f37ea1733d99fcc6e97d2c3c9f5e?s=96&d=blank&r=g","contentUrl":"https:\/\/secure.gravatar.com\/avatar\/e39bc3016d8af598aed3d770c9510dfc2795f37ea1733d99fcc6e97d2c3c9f5e?s=96&d=blank&r=g","caption":"enequipo"}}]}},"jetpack_featured_media_url":"https:\/\/www.sonoraenequipo.com.mx\/storage\/2019\/04\/corona.jpg","_links":{"self":[{"href":"https:\/\/www.sonoraenequipo.com.mx\/api\/wp\/v2\/posts\/58665","targetHints":{"allow":["GET"]}}],"collection":[{"href":"https:\/\/www.sonoraenequipo.com.mx\/api\/wp\/v2\/posts"}],"about":[{"href":"https:\/\/www.sonoraenequipo.com.mx\/api\/wp\/v2\/types\/post"}],"author":[{"embeddable":true,"href":"https:\/\/www.sonoraenequipo.com.mx\/api\/wp\/v2\/users\/178"}],"replies":[{"embeddable":true,"href":"https:\/\/www.sonoraenequipo.com.mx\/api\/wp\/v2\/comments?post=58665"}],"version-history":[{"count":0,"href":"https:\/\/www.sonoraenequipo.com.mx\/api\/wp\/v2\/posts\/58665\/revisions"}],"wp:featuredmedia":[{"embeddable":true,"href":"https:\/\/www.sonoraenequipo.com.mx\/api\/wp\/v2\/media\/58671"}],"wp:attachment":[{"href":"https:\/\/www.sonoraenequipo.com.mx\/api\/wp\/v2\/media?parent=58665"}],"wp:term":[{"taxonomy":"category","embeddable":true,"href":"https:\/\/www.sonoraenequipo.com.mx\/api\/wp\/v2\/categories?post=58665"},{"taxonomy":"post_tag","embeddable":true,"href":"https:\/\/www.sonoraenequipo.com.mx\/api\/wp\/v2\/tags?post=58665"}],"curies":[{"name":"wp","href":"https:\/\/api.w.org\/{rel}","templated":true}]}}