{"id":58666,"date":"2019-04-16T10:22:16","date_gmt":"2019-04-16T17:22:16","guid":{"rendered":"http:\/\/www.sonoraenequipo.com.mx\/?p=58666"},"modified":"2019-04-17T05:59:18","modified_gmt":"2019-04-17T12:59:18","slug":"peruano-demanda-a-empresa-alemana-por-cambio-climatico","status":"publish","type":"post","link":"https:\/\/www.sonoraenequipo.com.mx\/peruano-demanda-a-empresa-alemana-por-cambio-climatico\/","title":{"rendered":"Peruano demanda a empresa alemana por cambio clim\u00e1tico"},"content":{"rendered":"<p>Luciano Lliuya, el peruano que demanda a una empresa alemana por el cambio clim\u00e1tico. Las comunidades de la Cordillera Blanca en el pa\u00eds andino viven temerosas de las avalanchas e inundaciones que est\u00e1 provocando la desglaciaci\u00f3n relacionada con el cambio clim\u00e1tico. <\/p>\n<p>En las \u00faltimas dos d\u00e9cadas, por ejemplo, la cantidad de agua en la laguna de Palcacocha, cerca de Huaraz, ha aumentado en 3400 por ciento., inform\u00f3 hoy el diario Ney York Times.<\/p>\n<p>Lliuya, vecino de la laguna, ha presentado una demanda en una corte alemana contra la mayor empresa energ\u00e9tica de ese pa\u00eds exigiendo una compensaci\u00f3n de 19 mil d\u00f3lares por los gastos de contener las inundaciones.<\/p>\n<p>La suya forma parte de una nueva ola de demandas civiles que intentan que las empresas de combustibles f\u00f3siles paguen por la devastaci\u00f3n clim\u00e1tica.<\/p>\n<p>La historia de Lliuya sirve para ilustrar las dificultades legales y las estrategias de los abogados que arguyen que quienes resulten m\u00e1s responsables del calentamiento global deben pagar por los da\u00f1os.<\/p>\n<p>Fecha de publicaci\u00f3n 16\/04\/2019<\/p>\n","protected":false},"excerpt":{"rendered":"<p>Luciano Lliuya, el peruano que demanda a una empresa alemana por el cambio clim\u00e1tico. Las&#8230;<\/p>\n","protected":false},"author":178,"featured_media":58667,"comment_status":"open","ping_status":"open","sticky":false,"template":"","format":"standard","meta":{"_monsterinsights_skip_tracking":false,"_monsterinsights_sitenote_active":false,"_monsterinsights_sitenote_note":"","_monsterinsights_sitenote_category":0,"footnotes":""},"categories":[3],"tags":[1537],"class_list":["post"],"yoast_head":" \n<title>Sonora en Equipo. Peruano demanda a empresa alemana por cambio clim\u00e1tico MUNDO<\/title>\n<meta name=\"description\" content=\"Luciano Lliuya, el peruano que demanda a una empresa alemana por el cambio clim\u00e1tico. Las comunidades de la Cordillera Blanca en el pa\u00eds andino viven En Sonora en Equipo publicamos toda la informaci\u00f3n de Sonora, M\u00e9xico y el Mundo de manera oportuna y busca que la libertad de expresi\u00f3n sea real. Visita nuestro medio informativo publicado desde Hermosillo, Sonora. %\" \/>\n<meta name=\"robots\" content=\"index, follow, max-snippet:-1, max-image-preview:large, max-video-preview:-1\" \/>\n<link rel=\"canonical\" href=\"https:\/\/www.sonoraenequipo.com.mx\/peruano-demanda-a-empresa-alemana-por-cambio-climatico\/\" \/>\n<meta property=\"og:locale\" content=\"es_ES\" \/>\n<meta property=\"og:type\" content=\"article\" \/>\n<meta property=\"og:title\" content=\"Sonora en Equipo. Peruano demanda a empresa alemana por cambio clim\u00e1tico MUNDO\" \/>\n<meta property=\"og:description\" content=\"Luciano Lliuya, el peruano que demanda a una empresa alemana por el cambio clim\u00e1tico. Las comunidades de la Cordillera Blanca en el pa\u00eds andino viven En Sonora en Equipo publicamos toda la informaci\u00f3n de Sonora, M\u00e9xico y el Mundo de manera oportuna y busca que la libertad de expresi\u00f3n sea real. Visita nuestro medio informativo publicado desde Hermosillo, Sonora. %\" \/>\n<meta property=\"og:url\" content=\"https:\/\/www.sonoraenequipo.com.mx\/peruano-demanda-a-empresa-alemana-por-cambio-climatico\/\" \/>\n<meta property=\"og:site_name\" content=\"Sonora en Equipo.\" \/>\n<meta property=\"article:publisher\" content=\"https:\/\/www.facebook.com\/SonoraEE\/\" \/>\n<meta property=\"article:published_time\" content=\"2019-04-16T17:22:16+00:00\" \/>\n<meta property=\"article:modified_time\" content=\"2019-04-17T12:59:18+00:00\" \/>\n<meta property=\"og:image\" content=\"https:\/\/www.sonoraenequipo.com.mx\/storage\/2019\/04\/peru.jpg\" \/>\n\t<meta property=\"og:image:width\" content=\"500\" \/>\n\t<meta property=\"og:image:height\" content=\"380\" \/>\n\t<meta property=\"og:image:type\" content=\"image\/jpeg\" \/>\n<meta name=\"author\" content=\"enequipo\" \/>\n<meta name=\"twitter:card\" content=\"summary_large_image\" \/>\n<meta name=\"twitter:creator\" content=\"@sonoraenequipo\" \/>\n<meta name=\"twitter:site\" content=\"@sonoraenequipo\" \/>\n<meta name=\"twitter:label1\" content=\"Escrito por\" \/>\n\t<meta name=\"twitter:data1\" content=\"enequipo\" \/>\n\t<meta name=\"twitter:label2\" content=\"Tiempo de lectura\" \/>\n\t<meta name=\"twitter:data2\" content=\"1 minuto\" \/>\n<script type=\"application\/ld+json\" class=\"yoast-schema-graph\">{\"@context\":\"https:\/\/schema.org\",\"@graph\":[{\"@type\":\"Article\",\"@id\":\"https:\/\/www.sonoraenequipo.com.mx\/peruano-demanda-a-empresa-alemana-por-cambio-climatico\/#article\",\"isPartOf\":{\"@id\":\"https:\/\/www.sonoraenequipo.com.mx\/peruano-demanda-a-empresa-alemana-por-cambio-climatico\/\"},\"author\":{\"name\":\"enequipo\",\"@id\":\"https:\/\/www.sonoraenequipo.com.mx\/#\/schema\/person\/61a39de478a1763473ad55e8a95fddf6\"},\"headline\":\"Peruano demanda a empresa alemana por cambio clim\u00e1tico\",\"datePublished\":\"2019-04-16T17:22:16+00:00\",\"dateModified\":\"2019-04-17T12:59:18+00:00\",\"mainEntityOfPage\":{\"@id\":\"https:\/\/www.sonoraenequipo.com.mx\/peruano-demanda-a-empresa-alemana-por-cambio-climatico\/\"},\"wordCount\":188,\"commentCount\":0,\"publisher\":{\"@id\":\"https:\/\/www.sonoraenequipo.com.mx\/#organization\"},\"image\":{\"@id\":\"https:\/\/www.sonoraenequipo.com.mx\/peruano-demanda-a-empresa-alemana-por-cambio-climatico\/#primaryimage\"},\"thumbnailUrl\":\"https:\/\/www.sonoraenequipo.com.mx\/storage\/2019\/04\/peru.jpg\",\"keywords\":[\"CAMBIO CLIM\u00c1TICO\"],\"articleSection\":[\"MUNDO\"],\"inLanguage\":\"es\",\"potentialAction\":[{\"@type\":\"CommentAction\",\"name\":\"Comment\",\"target\":[\"https:\/\/www.sonoraenequipo.com.mx\/peruano-demanda-a-empresa-alemana-por-cambio-climatico\/#respond\"]}]},{\"@type\":\"WebPage\",\"@id\":\"https:\/\/www.sonoraenequipo.com.mx\/peruano-demanda-a-empresa-alemana-por-cambio-climatico\/\",\"url\":\"https:\/\/www.sonoraenequipo.com.mx\/peruano-demanda-a-empresa-alemana-por-cambio-climatico\/\",\"name\":\"Sonora en Equipo. Peruano demanda a empresa alemana por cambio clim\u00e1tico MUNDO\",\"isPartOf\":{\"@id\":\"https:\/\/www.sonoraenequipo.com.mx\/#website\"},\"primaryImageOfPage\":{\"@id\":\"https:\/\/www.sonoraenequipo.com.mx\/peruano-demanda-a-empresa-alemana-por-cambio-climatico\/#primaryimage\"},\"image\":{\"@id\":\"https:\/\/www.sonoraenequipo.com.mx\/peruano-demanda-a-empresa-alemana-por-cambio-climatico\/#primaryimage\"},\"thumbnailUrl\":\"https:\/\/www.sonoraenequipo.com.mx\/storage\/2019\/04\/peru.jpg\",\"datePublished\":\"2019-04-16T17:22:16+00:00\",\"dateModified\":\"2019-04-17T12:59:18+00:00\",\"description\":\"Luciano Lliuya, el peruano que demanda a una empresa alemana por el cambio clim\u00e1tico. Las comunidades de la Cordillera Blanca en el pa\u00eds andino viven En Sonora en Equipo publicamos toda la informaci\u00f3n de Sonora, M\u00e9xico y el Mundo de manera oportuna y busca que la libertad de expresi\u00f3n sea real. Visita nuestro medio informativo publicado desde Hermosillo, Sonora. %\",\"breadcrumb\":{\"@id\":\"https:\/\/www.sonoraenequipo.com.mx\/peruano-demanda-a-empresa-alemana-por-cambio-climatico\/#breadcrumb\"},\"inLanguage\":\"es\",\"potentialAction\":[{\"@type\":\"ReadAction\",\"target\":[\"https:\/\/www.sonoraenequipo.com.mx\/peruano-demanda-a-empresa-alemana-por-cambio-climatico\/\"]}]},{\"@type\":\"ImageObject\",\"inLanguage\":\"es\",\"@id\":\"https:\/\/www.sonoraenequipo.com.mx\/peruano-demanda-a-empresa-alemana-por-cambio-climatico\/#primaryimage\",\"url\":\"https:\/\/www.sonoraenequipo.com.mx\/storage\/2019\/04\/peru.jpg\",\"contentUrl\":\"https:\/\/www.sonoraenequipo.com.mx\/storage\/2019\/04\/peru.jpg\",\"width\":500,\"height\":380},{\"@type\":\"BreadcrumbList\",\"@id\":\"https:\/\/www.sonoraenequipo.com.mx\/peruano-demanda-a-empresa-alemana-por-cambio-climatico\/#breadcrumb\",\"itemListElement\":[{\"@type\":\"ListItem\",\"position\":1,\"name\":\"Portada\",\"item\":\"https:\/\/www.sonoraenequipo.com.mx\/\"},{\"@type\":\"ListItem\",\"position\":2,\"name\":\"Peruano demanda a empresa alemana por cambio clim\u00e1tico\"}]},{\"@type\":\"WebSite\",\"@id\":\"https:\/\/www.sonoraenequipo.com.mx\/#website\",\"url\":\"https:\/\/www.sonoraenequipo.com.mx\/\",\"name\":\"Sonora en Equipo.\",\"description\":\"Diario en l\u00ednea con Noticias desde Hermosillo, Sonora\",\"publisher\":{\"@id\":\"https:\/\/www.sonoraenequipo.com.mx\/#organization\"},\"potentialAction\":[{\"@type\":\"SearchAction\",\"target\":{\"@type\":\"EntryPoint\",\"urlTemplate\":\"https:\/\/www.sonoraenequipo.com.mx\/?s={search_term_string}\"},\"query-input\":{\"@type\":\"PropertyValueSpecification\",\"valueRequired\":true,\"valueName\":\"search_term_string\"}}],\"inLanguage\":\"es\"},{\"@type\":\"Organization\",\"@id\":\"https:\/\/www.sonoraenequipo.com.mx\/#organization\",\"name\":\"Sonoraenequipo.com.mx\",\"url\":\"https:\/\/www.sonoraenequipo.com.mx\/\",\"logo\":{\"@type\":\"ImageObject\",\"inLanguage\":\"es\",\"@id\":\"https:\/\/www.sonoraenequipo.com.mx\/#\/schema\/logo\/image\/\",\"url\":\"https:\/\/www.sonoraenequipo.com.mx\/storage\/2019\/01\/sonoraenequipo_opt.png\",\"contentUrl\":\"https:\/\/www.sonoraenequipo.com.mx\/storage\/2019\/01\/sonoraenequipo_opt.png\",\"width\":375,\"height\":125,\"caption\":\"Sonoraenequipo.com.mx\"},\"image\":{\"@id\":\"https:\/\/www.sonoraenequipo.com.mx\/#\/schema\/logo\/image\/\"},\"sameAs\":[\"https:\/\/www.facebook.com\/SonoraEE\/\",\"https:\/\/x.com\/sonoraenequipo\",\"https:\/\/www.youtube.com\/channel\/UC338nW-lPEYmJQs4ZABQ1SQ\"]},{\"@type\":\"Person\",\"@id\":\"https:\/\/www.sonoraenequipo.com.mx\/#\/schema\/person\/61a39de478a1763473ad55e8a95fddf6\",\"name\":\"enequipo\",\"image\":{\"@type\":\"ImageObject\",\"inLanguage\":\"es\",\"@id\":\"https:\/\/www.sonoraenequipo.com.mx\/#\/schema\/person\/image\/\",\"url\":\"https:\/\/secure.gravatar.com\/avatar\/e39bc3016d8af598aed3d770c9510dfc2795f37ea1733d99fcc6e97d2c3c9f5e?s=96&d=blank&r=g\",\"contentUrl\":\"https:\/\/secure.gravatar.com\/avatar\/e39bc3016d8af598aed3d770c9510dfc2795f37ea1733d99fcc6e97d2c3c9f5e?s=96&d=blank&r=g\",\"caption\":\"enequipo\"}}]}<\/script>\n ","yoast_head_json":{"title":"Sonora en Equipo. Peruano demanda a empresa alemana por cambio clim\u00e1tico MUNDO","description":"Luciano Lliuya, el peruano que demanda a una empresa alemana por el cambio clim\u00e1tico. Las comunidades de la Cordillera Blanca en el pa\u00eds andino viven En Sonora en Equipo publicamos toda la informaci\u00f3n de Sonora, M\u00e9xico y el Mundo de manera oportuna y busca que la libertad de expresi\u00f3n sea real. Visita nuestro medio informativo publicado desde Hermosillo, Sonora. %","robots":{"index":"index","follow":"follow","max-snippet":"max-snippet:-1","max-image-preview":"max-image-preview:large","max-video-preview":"max-video-preview:-1"},"canonical":"https:\/\/www.sonoraenequipo.com.mx\/peruano-demanda-a-empresa-alemana-por-cambio-climatico\/","og_locale":"es_ES","og_type":"article","og_title":"Sonora en Equipo. Peruano demanda a empresa alemana por cambio clim\u00e1tico MUNDO","og_description":"Luciano Lliuya, el peruano que demanda a una empresa alemana por el cambio clim\u00e1tico. Las comunidades de la Cordillera Blanca en el pa\u00eds andino viven En Sonora en Equipo publicamos toda la informaci\u00f3n de Sonora, M\u00e9xico y el Mundo de manera oportuna y busca que la libertad de expresi\u00f3n sea real. Visita nuestro medio informativo publicado desde Hermosillo, Sonora. %","og_url":"https:\/\/www.sonoraenequipo.com.mx\/peruano-demanda-a-empresa-alemana-por-cambio-climatico\/","og_site_name":"Sonora en Equipo.","article_publisher":"https:\/\/www.facebook.com\/SonoraEE\/","article_published_time":"2019-04-16T17:22:16+00:00","article_modified_time":"2019-04-17T12:59:18+00:00","og_image":[{"width":500,"height":380,"url":"https:\/\/www.sonoraenequipo.com.mx\/storage\/2019\/04\/peru.jpg","type":"image\/jpeg"}],"author":"enequipo","twitter_card":"summary_large_image","twitter_creator":"@sonoraenequipo","twitter_site":"@sonoraenequipo","twitter_misc":{"Escrito por":"enequipo","Tiempo de lectura":"1 minuto"},"schema":{"@context":"https:\/\/schema.org","@graph":[{"@type":"Article","@id":"https:\/\/www.sonoraenequipo.com.mx\/peruano-demanda-a-empresa-alemana-por-cambio-climatico\/#article","isPartOf":{"@id":"https:\/\/www.sonoraenequipo.com.mx\/peruano-demanda-a-empresa-alemana-por-cambio-climatico\/"},"author":{"name":"enequipo","@id":"https:\/\/www.sonoraenequipo.com.mx\/#\/schema\/person\/61a39de478a1763473ad55e8a95fddf6"},"headline":"Peruano demanda a empresa alemana por cambio clim\u00e1tico","datePublished":"2019-04-16T17:22:16+00:00","dateModified":"2019-04-17T12:59:18+00:00","mainEntityOfPage":{"@id":"https:\/\/www.sonoraenequipo.com.mx\/peruano-demanda-a-empresa-alemana-por-cambio-climatico\/"},"wordCount":188,"commentCount":0,"publisher":{"@id":"https:\/\/www.sonoraenequipo.com.mx\/#organization"},"image":{"@id":"https:\/\/www.sonoraenequipo.com.mx\/peruano-demanda-a-empresa-alemana-por-cambio-climatico\/#primaryimage"},"thumbnailUrl":"https:\/\/www.sonoraenequipo.com.mx\/storage\/2019\/04\/peru.jpg","keywords":["CAMBIO CLIM\u00c1TICO"],"articleSection":["MUNDO"],"inLanguage":"es","potentialAction":[{"@type":"CommentAction","name":"Comment","target":["https:\/\/www.sonoraenequipo.com.mx\/peruano-demanda-a-empresa-alemana-por-cambio-climatico\/#respond"]}]},{"@type":"WebPage","@id":"https:\/\/www.sonoraenequipo.com.mx\/peruano-demanda-a-empresa-alemana-por-cambio-climatico\/","url":"https:\/\/www.sonoraenequipo.com.mx\/peruano-demanda-a-empresa-alemana-por-cambio-climatico\/","name":"Sonora en Equipo. Peruano demanda a empresa alemana por cambio clim\u00e1tico MUNDO","isPartOf":{"@id":"https:\/\/www.sonoraenequipo.com.mx\/#website"},"primaryImageOfPage":{"@id":"https:\/\/www.sonoraenequipo.com.mx\/peruano-demanda-a-empresa-alemana-por-cambio-climatico\/#primaryimage"},"image":{"@id":"https:\/\/www.sonoraenequipo.com.mx\/peruano-demanda-a-empresa-alemana-por-cambio-climatico\/#primaryimage"},"thumbnailUrl":"https:\/\/www.sonoraenequipo.com.mx\/storage\/2019\/04\/peru.jpg","datePublished":"2019-04-16T17:22:16+00:00","dateModified":"2019-04-17T12:59:18+00:00","description":"Luciano Lliuya, el peruano que demanda a una empresa alemana por el cambio clim\u00e1tico. Las comunidades de la Cordillera Blanca en el pa\u00eds andino viven En Sonora en Equipo publicamos toda la informaci\u00f3n de Sonora, M\u00e9xico y el Mundo de manera oportuna y busca que la libertad de expresi\u00f3n sea real. Visita nuestro medio informativo publicado desde Hermosillo, Sonora. %","breadcrumb":{"@id":"https:\/\/www.sonoraenequipo.com.mx\/peruano-demanda-a-empresa-alemana-por-cambio-climatico\/#breadcrumb"},"inLanguage":"es","potentialAction":[{"@type":"ReadAction","target":["https:\/\/www.sonoraenequipo.com.mx\/peruano-demanda-a-empresa-alemana-por-cambio-climatico\/"]}]},{"@type":"ImageObject","inLanguage":"es","@id":"https:\/\/www.sonoraenequipo.com.mx\/peruano-demanda-a-empresa-alemana-por-cambio-climatico\/#primaryimage","url":"https:\/\/www.sonoraenequipo.com.mx\/storage\/2019\/04\/peru.jpg","contentUrl":"https:\/\/www.sonoraenequipo.com.mx\/storage\/2019\/04\/peru.jpg","width":500,"height":380},{"@type":"BreadcrumbList","@id":"https:\/\/www.sonoraenequipo.com.mx\/peruano-demanda-a-empresa-alemana-por-cambio-climatico\/#breadcrumb","itemListElement":[{"@type":"ListItem","position":1,"name":"Portada","item":"https:\/\/www.sonoraenequipo.com.mx\/"},{"@type":"ListItem","position":2,"name":"Peruano demanda a empresa alemana por cambio clim\u00e1tico"}]},{"@type":"WebSite","@id":"https:\/\/www.sonoraenequipo.com.mx\/#website","url":"https:\/\/www.sonoraenequipo.com.mx\/","name":"Sonora en Equipo.","description":"Diario en l\u00ednea con Noticias desde Hermosillo, Sonora","publisher":{"@id":"https:\/\/www.sonoraenequipo.com.mx\/#organization"},"potentialAction":[{"@type":"SearchAction","target":{"@type":"EntryPoint","urlTemplate":"https:\/\/www.sonoraenequipo.com.mx\/?s={search_term_string}"},"query-input":{"@type":"PropertyValueSpecification","valueRequired":true,"valueName":"search_term_string"}}],"inLanguage":"es"},{"@type":"Organization","@id":"https:\/\/www.sonoraenequipo.com.mx\/#organization","name":"Sonoraenequipo.com.mx","url":"https:\/\/www.sonoraenequipo.com.mx\/","logo":{"@type":"ImageObject","inLanguage":"es","@id":"https:\/\/www.sonoraenequipo.com.mx\/#\/schema\/logo\/image\/","url":"https:\/\/www.sonoraenequipo.com.mx\/storage\/2019\/01\/sonoraenequipo_opt.png","contentUrl":"https:\/\/www.sonoraenequipo.com.mx\/storage\/2019\/01\/sonoraenequipo_opt.png","width":375,"height":125,"caption":"Sonoraenequipo.com.mx"},"image":{"@id":"https:\/\/www.sonoraenequipo.com.mx\/#\/schema\/logo\/image\/"},"sameAs":["https:\/\/www.facebook.com\/SonoraEE\/","https:\/\/x.com\/sonoraenequipo","https:\/\/www.youtube.com\/channel\/UC338nW-lPEYmJQs4ZABQ1SQ"]},{"@type":"Person","@id":"https:\/\/www.sonoraenequipo.com.mx\/#\/schema\/person\/61a39de478a1763473ad55e8a95fddf6","name":"enequipo","image":{"@type":"ImageObject","inLanguage":"es","@id":"https:\/\/www.sonoraenequipo.com.mx\/#\/schema\/person\/image\/","url":"https:\/\/secure.gravatar.com\/avatar\/e39bc3016d8af598aed3d770c9510dfc2795f37ea1733d99fcc6e97d2c3c9f5e?s=96&d=blank&r=g","contentUrl":"https:\/\/secure.gravatar.com\/avatar\/e39bc3016d8af598aed3d770c9510dfc2795f37ea1733d99fcc6e97d2c3c9f5e?s=96&d=blank&r=g","caption":"enequipo"}}]}},"jetpack_featured_media_url":"https:\/\/www.sonoraenequipo.com.mx\/storage\/2019\/04\/peru.jpg","_links":{"self":[{"href":"https:\/\/www.sonoraenequipo.com.mx\/api\/wp\/v2\/posts\/58666","targetHints":{"allow":["GET"]}}],"collection":[{"href":"https:\/\/www.sonoraenequipo.com.mx\/api\/wp\/v2\/posts"}],"about":[{"href":"https:\/\/www.sonoraenequipo.com.mx\/api\/wp\/v2\/types\/post"}],"author":[{"embeddable":true,"href":"https:\/\/www.sonoraenequipo.com.mx\/api\/wp\/v2\/users\/178"}],"replies":[{"embeddable":true,"href":"https:\/\/www.sonoraenequipo.com.mx\/api\/wp\/v2\/comments?post=58666"}],"version-history":[{"count":0,"href":"https:\/\/www.sonoraenequipo.com.mx\/api\/wp\/v2\/posts\/58666\/revisions"}],"wp:featuredmedia":[{"embeddable":true,"href":"https:\/\/www.sonoraenequipo.com.mx\/api\/wp\/v2\/media\/58667"}],"wp:attachment":[{"href":"https:\/\/www.sonoraenequipo.com.mx\/api\/wp\/v2\/media?parent=58666"}],"wp:term":[{"taxonomy":"category","embeddable":true,"href":"https:\/\/www.sonoraenequipo.com.mx\/api\/wp\/v2\/categories?post=58666"},{"taxonomy":"post_tag","embeddable":true,"href":"https:\/\/www.sonoraenequipo.com.mx\/api\/wp\/v2\/tags?post=58666"}],"curies":[{"name":"wp","href":"https:\/\/api.w.org\/{rel}","templated":true}]}}