{"id":58669,"date":"2019-04-16T11:16:01","date_gmt":"2019-04-16T18:16:01","guid":{"rendered":"http:\/\/www.sonoraenequipo.com.mx\/?p=58669"},"modified":"2019-04-17T06:05:50","modified_gmt":"2019-04-17T13:05:50","slug":"58669","status":"publish","type":"post","link":"https:\/\/www.sonoraenequipo.com.mx\/58669\/","title":{"rendered":"Protecci\u00f3n Civil llama a extremar precauciones por posible frente fr\u00edo"},"content":{"rendered":"<p>HERMOSILLO, SONORA.- La Secretar\u00eda de Gobierno a trav\u00e9s de la Coordinaci\u00f3n Estatal de Protecci\u00f3n Civil (CEPC), inform\u00f3 que de acuerdo con la informaci\u00f3n de los Servicios Meteorol\u00f3gicos de M\u00e9xico y los Estados Unidos, se espera que, por el noroeste de Sonora, ingrese este martes un nuevo frente fr\u00edo d\u00e9bil, posible No. 52, ocasionando ligero descenso de temperaturas. <br \/>\nProbablemente se combine con la corriente en chorro, previ\u00e9ndose que \u00e9stas condiciones generen lloviznas dispersas e intermitentes, con rachas fuertes de viento en las regiones norte y noreste, de martes a mi\u00e9rcoles, as\u00ed como ligero descenso de temperaturas durante los d\u00edas de mi\u00e9rcoles a jueves en dichas regiones.<\/p>\n<p>Por lo anterior, la CEPC de com\u00fan acuerdo con la Coordinaci\u00f3n Nacional de Protecci\u00f3n Civil y la Comisi\u00f3n Nacional del Agua, emiten aviso Meteorol\u00f3gico, para las regiones, norte y noreste, con especial atenci\u00f3n para los municipios de Santa Ana, \u00cdmuris, Magdalena, Nogales, Santa Cruz, Cananea, Bacoachi, Fronteras, Naco, Agua Prieta, Bacerac y Bavispe.<\/p>\n<p>Dichos sistemas continuar\u00e1n manteniendo un ambiente fr\u00edo sobre las regiones, norte y noreste de la entidad.<\/p>\n<p>Con la informaci\u00f3n actual, durante los d\u00edas de mi\u00e9rcoles a jueves, se espera que las temperaturas de -1 a 2 cent\u00edgrados o menores podr\u00edan registrarse en las regiones fronteriza con Arizona y zonas serrana del Estado, en los municipios de la frontera con Chihuahua, se espera que se registren temperaturas m\u00ednimas hasta de -2 a 4 cent\u00edgrados; en los municipios de la regi\u00f3n central de 8 a 14 cent\u00edgrados, en la regi\u00f3n noroeste de 10 a 16 cent\u00edgrados y en el sur de 10 a 14 cent\u00edgrados.<\/p>\n<p>Por lo que se exhorta a la poblaci\u00f3n a extremar los cuidados con el uso de los equipos de gas L.P., braseros, anafres en el interior de los domicilios y coment\u00f3 que en caso de cualquier incidente solicitar apoyo a su Unidad Municipal de Protecci\u00f3n Civil.<\/p>\n<p>Ante este escenario de vientos fuertes y posible ambiente muy fr\u00edo, la CEPC, llama a la poblaci\u00f3n en general, principalmente a quienes habitan regiones consideradas de alto riesgo, para que extremen precauciones y atiendan las siguientes recomendaciones, adicionales a las que dispongan las autoridades locales:<\/p>\n<p>1. Permanecer informados a trav\u00e9s de los medios de comunicaci\u00f3n sobre las condiciones meteorol\u00f3gicas dominantes en sus lugares de residencia o de los sitios que pretenda visitar.<\/p>\n<p>2. Considerar la necesidad de tener disponible ropa abrigadora, cobertores o cobijas y combustibles suficientes.<\/p>\n<p>3. Conocer la ubicaci\u00f3n de refugios temporales y acudir a ellos en caso necesario o de acuerdo a las indicaciones de Protecci\u00f3n Civil.<\/p>\n<p>4. Consumir verduras y frutas ricas en vitaminas \u00abA\u00bb y \u00abC\u00bb.<\/p>\n<p>5. Colaborar con las autoridades, reportando la ubicaci\u00f3n de personas en alto riesgo.<\/p>\n<p>6. Vestir ropa apropiada a esta temporada invernal, con especial atenci\u00f3n a ni\u00f1os y personas de la tercera edad.<\/p>\n<p>7. Evitar la exposici\u00f3n a bajas temperaturas durante per\u00edodos prolongados.<\/p>\n<p>8. Ante condiciones de lluvia, nieve o niebla mantenerse seco, pues la humedad enfr\u00eda el cuerpo r\u00e1pidamente.<\/p>\n<p>9. Conservar adecuada temperatura en el interior de su vivienda.<\/p>\n<p>10. Procurar especial cuidado con personas de la tercera edad, ni\u00f1os y enfermos, sectores altamente vulnerables a los efectos de esta temporada.<\/p>\n<p>11. Acudir a su unidad de salud o consultar a su m\u00e9dico, en caso de alguna afectaci\u00f3n por fr\u00edo o padecimiento de alguna enfermedad.<\/p>\n<p>12. Si va a salir de un lugar caliente cubrirse boca y nariz para evitar respirar el aire fr\u00edo, ya que cambios bruscos de temperatura afectan el sistema respiratorio.<\/p>\n<p>13. Evitar la concentraci\u00f3n de mon\u00f3xido de carbono en lugares cerrados para no sufrir intoxicaci\u00f3n o posibles quemaduras al usar anafres y calentadores.<\/p>\n<p>14. Atender se\u00f1alamientos de tr\u00e1nsito al conducir en zonas de niebla y nieve, asegur\u00e1ndose de tener en buenas condiciones su veh\u00edculo.<\/p>\n<p>15. Establecer medidas de protecci\u00f3n para la ganader\u00eda y la agricultura en zonas rurales.<\/p>\n<p>As\u00ed mismo, se informa que, para cualquier eventualidad, estar\u00e1n a disposici\u00f3n de la poblaci\u00f3n, las 24 horas, los tel\u00e9fonos de emergencia de su comunidad (9-1-1), as\u00ed como los n\u00fameros gratuitos 01-800-277-22-22 y 119 telcel, del Centro Estatal de Comunicaciones de la Coordinaci\u00f3n Estatal de Protecci\u00f3n Civil.<\/p>\n<p>Fecha de publicaci\u00f3n 16\/04\/2019<\/p>\n","protected":false},"excerpt":{"rendered":"<p>HERMOSILLO, SONORA.- La Secretar\u00eda de Gobierno a trav\u00e9s de la Coordinaci\u00f3n Estatal de Protecci\u00f3n Civil&#8230;<\/p>\n","protected":false},"author":178,"featured_media":31072,"comment_status":"open","ping_status":"open","sticky":false,"template":"","format":"standard","meta":{"_monsterinsights_skip_tracking":false,"_monsterinsights_sitenote_active":false,"_monsterinsights_sitenote_note":"","_monsterinsights_sitenote_category":0,"footnotes":""},"categories":[22],"tags":[2978,15],"class_list":["post"],"yoast_head":" \n<title>Sonora en Equipo. Protecci\u00f3n Civil llama a extremar precauciones por posible frente fr\u00edo Sonora<\/title>\n<meta name=\"description\" content=\"HERMOSILLO, SONORA.- La Secretar\u00eda de Gobierno a trav\u00e9s de la Coordinaci\u00f3n Estatal de Protecci\u00f3n Civil (CEPC), inform\u00f3 que de acuerdo con la informaci\u00f3n En Sonora en Equipo publicamos toda la informaci\u00f3n de Sonora, M\u00e9xico y el Mundo de manera oportuna y busca que la libertad de expresi\u00f3n sea real. Visita nuestro medio informativo publicado desde Hermosillo, Sonora. %\" \/>\n<meta name=\"robots\" content=\"index, follow, max-snippet:-1, max-image-preview:large, max-video-preview:-1\" \/>\n<link rel=\"canonical\" href=\"https:\/\/www.sonoraenequipo.com.mx\/58669\/\" \/>\n<meta property=\"og:locale\" content=\"es_ES\" \/>\n<meta property=\"og:type\" content=\"article\" \/>\n<meta property=\"og:title\" content=\"Sonora en Equipo. Protecci\u00f3n Civil llama a extremar precauciones por posible frente fr\u00edo Sonora\" \/>\n<meta property=\"og:description\" content=\"HERMOSILLO, SONORA.- La Secretar\u00eda de Gobierno a trav\u00e9s de la Coordinaci\u00f3n Estatal de Protecci\u00f3n Civil (CEPC), inform\u00f3 que de acuerdo con la informaci\u00f3n En Sonora en Equipo publicamos toda la informaci\u00f3n de Sonora, M\u00e9xico y el Mundo de manera oportuna y busca que la libertad de expresi\u00f3n sea real. Visita nuestro medio informativo publicado desde Hermosillo, Sonora. %\" \/>\n<meta property=\"og:url\" content=\"https:\/\/www.sonoraenequipo.com.mx\/58669\/\" \/>\n<meta property=\"og:site_name\" content=\"Sonora en Equipo.\" \/>\n<meta property=\"article:publisher\" content=\"https:\/\/www.facebook.com\/SonoraEE\/\" \/>\n<meta property=\"article:published_time\" content=\"2019-04-16T18:16:01+00:00\" \/>\n<meta property=\"article:modified_time\" content=\"2019-04-17T13:05:50+00:00\" \/>\n<meta property=\"og:image\" content=\"https:\/\/www.sonoraenequipo.com.mx\/storage\/2018\/01\/frio_opt.jpg\" \/>\n\t<meta property=\"og:image:width\" content=\"650\" \/>\n\t<meta property=\"og:image:height\" content=\"450\" \/>\n\t<meta property=\"og:image:type\" content=\"image\/jpeg\" \/>\n<meta name=\"author\" content=\"enequipo\" \/>\n<meta name=\"twitter:card\" content=\"summary_large_image\" \/>\n<meta name=\"twitter:creator\" content=\"@sonoraenequipo\" \/>\n<meta name=\"twitter:site\" content=\"@sonoraenequipo\" \/>\n<meta name=\"twitter:label1\" content=\"Escrito por\" \/>\n\t<meta name=\"twitter:data1\" content=\"enequipo\" \/>\n\t<meta name=\"twitter:label2\" content=\"Tiempo de lectura\" \/>\n\t<meta name=\"twitter:data2\" content=\"4 minutos\" \/>\n<script type=\"application\/ld+json\" class=\"yoast-schema-graph\">{\"@context\":\"https:\/\/schema.org\",\"@graph\":[{\"@type\":\"Article\",\"@id\":\"https:\/\/www.sonoraenequipo.com.mx\/58669\/#article\",\"isPartOf\":{\"@id\":\"https:\/\/www.sonoraenequipo.com.mx\/58669\/\"},\"author\":{\"name\":\"enequipo\",\"@id\":\"https:\/\/www.sonoraenequipo.com.mx\/#\/schema\/person\/61a39de478a1763473ad55e8a95fddf6\"},\"headline\":\"Protecci\u00f3n Civil llama a extremar precauciones por posible frente fr\u00edo\",\"datePublished\":\"2019-04-16T18:16:01+00:00\",\"dateModified\":\"2019-04-17T13:05:50+00:00\",\"mainEntityOfPage\":{\"@id\":\"https:\/\/www.sonoraenequipo.com.mx\/58669\/\"},\"wordCount\":742,\"commentCount\":0,\"publisher\":{\"@id\":\"https:\/\/www.sonoraenequipo.com.mx\/#organization\"},\"image\":{\"@id\":\"https:\/\/www.sonoraenequipo.com.mx\/58669\/#primaryimage\"},\"thumbnailUrl\":\"https:\/\/www.sonoraenequipo.com.mx\/storage\/2018\/01\/frio_opt.jpg\",\"keywords\":[\"clima\",\"Sonora\"],\"articleSection\":[\"Sonora\"],\"inLanguage\":\"es\",\"potentialAction\":[{\"@type\":\"CommentAction\",\"name\":\"Comment\",\"target\":[\"https:\/\/www.sonoraenequipo.com.mx\/58669\/#respond\"]}]},{\"@type\":\"WebPage\",\"@id\":\"https:\/\/www.sonoraenequipo.com.mx\/58669\/\",\"url\":\"https:\/\/www.sonoraenequipo.com.mx\/58669\/\",\"name\":\"Sonora en Equipo. Protecci\u00f3n Civil llama a extremar precauciones por posible frente fr\u00edo Sonora\",\"isPartOf\":{\"@id\":\"https:\/\/www.sonoraenequipo.com.mx\/#website\"},\"primaryImageOfPage\":{\"@id\":\"https:\/\/www.sonoraenequipo.com.mx\/58669\/#primaryimage\"},\"image\":{\"@id\":\"https:\/\/www.sonoraenequipo.com.mx\/58669\/#primaryimage\"},\"thumbnailUrl\":\"https:\/\/www.sonoraenequipo.com.mx\/storage\/2018\/01\/frio_opt.jpg\",\"datePublished\":\"2019-04-16T18:16:01+00:00\",\"dateModified\":\"2019-04-17T13:05:50+00:00\",\"description\":\"HERMOSILLO, SONORA.- La Secretar\u00eda de Gobierno a trav\u00e9s de la Coordinaci\u00f3n Estatal de Protecci\u00f3n Civil (CEPC), inform\u00f3 que de acuerdo con la informaci\u00f3n En Sonora en Equipo publicamos toda la informaci\u00f3n de Sonora, M\u00e9xico y el Mundo de manera oportuna y busca que la libertad de expresi\u00f3n sea real. Visita nuestro medio informativo publicado desde Hermosillo, Sonora. %\",\"breadcrumb\":{\"@id\":\"https:\/\/www.sonoraenequipo.com.mx\/58669\/#breadcrumb\"},\"inLanguage\":\"es\",\"potentialAction\":[{\"@type\":\"ReadAction\",\"target\":[\"https:\/\/www.sonoraenequipo.com.mx\/58669\/\"]}]},{\"@type\":\"ImageObject\",\"inLanguage\":\"es\",\"@id\":\"https:\/\/www.sonoraenequipo.com.mx\/58669\/#primaryimage\",\"url\":\"https:\/\/www.sonoraenequipo.com.mx\/storage\/2018\/01\/frio_opt.jpg\",\"contentUrl\":\"https:\/\/www.sonoraenequipo.com.mx\/storage\/2018\/01\/frio_opt.jpg\",\"width\":650,\"height\":450},{\"@type\":\"BreadcrumbList\",\"@id\":\"https:\/\/www.sonoraenequipo.com.mx\/58669\/#breadcrumb\",\"itemListElement\":[{\"@type\":\"ListItem\",\"position\":1,\"name\":\"Portada\",\"item\":\"https:\/\/www.sonoraenequipo.com.mx\/\"},{\"@type\":\"ListItem\",\"position\":2,\"name\":\"Protecci\u00f3n Civil llama a extremar precauciones por posible frente fr\u00edo\"}]},{\"@type\":\"WebSite\",\"@id\":\"https:\/\/www.sonoraenequipo.com.mx\/#website\",\"url\":\"https:\/\/www.sonoraenequipo.com.mx\/\",\"name\":\"Sonora en Equipo.\",\"description\":\"Diario en l\u00ednea con Noticias desde Hermosillo, Sonora\",\"publisher\":{\"@id\":\"https:\/\/www.sonoraenequipo.com.mx\/#organization\"},\"potentialAction\":[{\"@type\":\"SearchAction\",\"target\":{\"@type\":\"EntryPoint\",\"urlTemplate\":\"https:\/\/www.sonoraenequipo.com.mx\/?s={search_term_string}\"},\"query-input\":{\"@type\":\"PropertyValueSpecification\",\"valueRequired\":true,\"valueName\":\"search_term_string\"}}],\"inLanguage\":\"es\"},{\"@type\":\"Organization\",\"@id\":\"https:\/\/www.sonoraenequipo.com.mx\/#organization\",\"name\":\"Sonoraenequipo.com.mx\",\"url\":\"https:\/\/www.sonoraenequipo.com.mx\/\",\"logo\":{\"@type\":\"ImageObject\",\"inLanguage\":\"es\",\"@id\":\"https:\/\/www.sonoraenequipo.com.mx\/#\/schema\/logo\/image\/\",\"url\":\"https:\/\/www.sonoraenequipo.com.mx\/storage\/2019\/01\/sonoraenequipo_opt.png\",\"contentUrl\":\"https:\/\/www.sonoraenequipo.com.mx\/storage\/2019\/01\/sonoraenequipo_opt.png\",\"width\":375,\"height\":125,\"caption\":\"Sonoraenequipo.com.mx\"},\"image\":{\"@id\":\"https:\/\/www.sonoraenequipo.com.mx\/#\/schema\/logo\/image\/\"},\"sameAs\":[\"https:\/\/www.facebook.com\/SonoraEE\/\",\"https:\/\/x.com\/sonoraenequipo\",\"https:\/\/www.youtube.com\/channel\/UC338nW-lPEYmJQs4ZABQ1SQ\"]},{\"@type\":\"Person\",\"@id\":\"https:\/\/www.sonoraenequipo.com.mx\/#\/schema\/person\/61a39de478a1763473ad55e8a95fddf6\",\"name\":\"enequipo\",\"image\":{\"@type\":\"ImageObject\",\"inLanguage\":\"es\",\"@id\":\"https:\/\/www.sonoraenequipo.com.mx\/#\/schema\/person\/image\/\",\"url\":\"https:\/\/secure.gravatar.com\/avatar\/e39bc3016d8af598aed3d770c9510dfc2795f37ea1733d99fcc6e97d2c3c9f5e?s=96&d=blank&r=g\",\"contentUrl\":\"https:\/\/secure.gravatar.com\/avatar\/e39bc3016d8af598aed3d770c9510dfc2795f37ea1733d99fcc6e97d2c3c9f5e?s=96&d=blank&r=g\",\"caption\":\"enequipo\"}}]}<\/script>\n ","yoast_head_json":{"title":"Sonora en Equipo. Protecci\u00f3n Civil llama a extremar precauciones por posible frente fr\u00edo Sonora","description":"HERMOSILLO, SONORA.- La Secretar\u00eda de Gobierno a trav\u00e9s de la Coordinaci\u00f3n Estatal de Protecci\u00f3n Civil (CEPC), inform\u00f3 que de acuerdo con la informaci\u00f3n En Sonora en Equipo publicamos toda la informaci\u00f3n de Sonora, M\u00e9xico y el Mundo de manera oportuna y busca que la libertad de expresi\u00f3n sea real. Visita nuestro medio informativo publicado desde Hermosillo, Sonora. %","robots":{"index":"index","follow":"follow","max-snippet":"max-snippet:-1","max-image-preview":"max-image-preview:large","max-video-preview":"max-video-preview:-1"},"canonical":"https:\/\/www.sonoraenequipo.com.mx\/58669\/","og_locale":"es_ES","og_type":"article","og_title":"Sonora en Equipo. Protecci\u00f3n Civil llama a extremar precauciones por posible frente fr\u00edo Sonora","og_description":"HERMOSILLO, SONORA.- La Secretar\u00eda de Gobierno a trav\u00e9s de la Coordinaci\u00f3n Estatal de Protecci\u00f3n Civil (CEPC), inform\u00f3 que de acuerdo con la informaci\u00f3n En Sonora en Equipo publicamos toda la informaci\u00f3n de Sonora, M\u00e9xico y el Mundo de manera oportuna y busca que la libertad de expresi\u00f3n sea real. Visita nuestro medio informativo publicado desde Hermosillo, Sonora. %","og_url":"https:\/\/www.sonoraenequipo.com.mx\/58669\/","og_site_name":"Sonora en Equipo.","article_publisher":"https:\/\/www.facebook.com\/SonoraEE\/","article_published_time":"2019-04-16T18:16:01+00:00","article_modified_time":"2019-04-17T13:05:50+00:00","og_image":[{"width":650,"height":450,"url":"https:\/\/www.sonoraenequipo.com.mx\/storage\/2018\/01\/frio_opt.jpg","type":"image\/jpeg"}],"author":"enequipo","twitter_card":"summary_large_image","twitter_creator":"@sonoraenequipo","twitter_site":"@sonoraenequipo","twitter_misc":{"Escrito por":"enequipo","Tiempo de lectura":"4 minutos"},"schema":{"@context":"https:\/\/schema.org","@graph":[{"@type":"Article","@id":"https:\/\/www.sonoraenequipo.com.mx\/58669\/#article","isPartOf":{"@id":"https:\/\/www.sonoraenequipo.com.mx\/58669\/"},"author":{"name":"enequipo","@id":"https:\/\/www.sonoraenequipo.com.mx\/#\/schema\/person\/61a39de478a1763473ad55e8a95fddf6"},"headline":"Protecci\u00f3n Civil llama a extremar precauciones por posible frente fr\u00edo","datePublished":"2019-04-16T18:16:01+00:00","dateModified":"2019-04-17T13:05:50+00:00","mainEntityOfPage":{"@id":"https:\/\/www.sonoraenequipo.com.mx\/58669\/"},"wordCount":742,"commentCount":0,"publisher":{"@id":"https:\/\/www.sonoraenequipo.com.mx\/#organization"},"image":{"@id":"https:\/\/www.sonoraenequipo.com.mx\/58669\/#primaryimage"},"thumbnailUrl":"https:\/\/www.sonoraenequipo.com.mx\/storage\/2018\/01\/frio_opt.jpg","keywords":["clima","Sonora"],"articleSection":["Sonora"],"inLanguage":"es","potentialAction":[{"@type":"CommentAction","name":"Comment","target":["https:\/\/www.sonoraenequipo.com.mx\/58669\/#respond"]}]},{"@type":"WebPage","@id":"https:\/\/www.sonoraenequipo.com.mx\/58669\/","url":"https:\/\/www.sonoraenequipo.com.mx\/58669\/","name":"Sonora en Equipo. Protecci\u00f3n Civil llama a extremar precauciones por posible frente fr\u00edo Sonora","isPartOf":{"@id":"https:\/\/www.sonoraenequipo.com.mx\/#website"},"primaryImageOfPage":{"@id":"https:\/\/www.sonoraenequipo.com.mx\/58669\/#primaryimage"},"image":{"@id":"https:\/\/www.sonoraenequipo.com.mx\/58669\/#primaryimage"},"thumbnailUrl":"https:\/\/www.sonoraenequipo.com.mx\/storage\/2018\/01\/frio_opt.jpg","datePublished":"2019-04-16T18:16:01+00:00","dateModified":"2019-04-17T13:05:50+00:00","description":"HERMOSILLO, SONORA.- La Secretar\u00eda de Gobierno a trav\u00e9s de la Coordinaci\u00f3n Estatal de Protecci\u00f3n Civil (CEPC), inform\u00f3 que de acuerdo con la informaci\u00f3n En Sonora en Equipo publicamos toda la informaci\u00f3n de Sonora, M\u00e9xico y el Mundo de manera oportuna y busca que la libertad de expresi\u00f3n sea real. Visita nuestro medio informativo publicado desde Hermosillo, Sonora. %","breadcrumb":{"@id":"https:\/\/www.sonoraenequipo.com.mx\/58669\/#breadcrumb"},"inLanguage":"es","potentialAction":[{"@type":"ReadAction","target":["https:\/\/www.sonoraenequipo.com.mx\/58669\/"]}]},{"@type":"ImageObject","inLanguage":"es","@id":"https:\/\/www.sonoraenequipo.com.mx\/58669\/#primaryimage","url":"https:\/\/www.sonoraenequipo.com.mx\/storage\/2018\/01\/frio_opt.jpg","contentUrl":"https:\/\/www.sonoraenequipo.com.mx\/storage\/2018\/01\/frio_opt.jpg","width":650,"height":450},{"@type":"BreadcrumbList","@id":"https:\/\/www.sonoraenequipo.com.mx\/58669\/#breadcrumb","itemListElement":[{"@type":"ListItem","position":1,"name":"Portada","item":"https:\/\/www.sonoraenequipo.com.mx\/"},{"@type":"ListItem","position":2,"name":"Protecci\u00f3n Civil llama a extremar precauciones por posible frente fr\u00edo"}]},{"@type":"WebSite","@id":"https:\/\/www.sonoraenequipo.com.mx\/#website","url":"https:\/\/www.sonoraenequipo.com.mx\/","name":"Sonora en Equipo.","description":"Diario en l\u00ednea con Noticias desde Hermosillo, Sonora","publisher":{"@id":"https:\/\/www.sonoraenequipo.com.mx\/#organization"},"potentialAction":[{"@type":"SearchAction","target":{"@type":"EntryPoint","urlTemplate":"https:\/\/www.sonoraenequipo.com.mx\/?s={search_term_string}"},"query-input":{"@type":"PropertyValueSpecification","valueRequired":true,"valueName":"search_term_string"}}],"inLanguage":"es"},{"@type":"Organization","@id":"https:\/\/www.sonoraenequipo.com.mx\/#organization","name":"Sonoraenequipo.com.mx","url":"https:\/\/www.sonoraenequipo.com.mx\/","logo":{"@type":"ImageObject","inLanguage":"es","@id":"https:\/\/www.sonoraenequipo.com.mx\/#\/schema\/logo\/image\/","url":"https:\/\/www.sonoraenequipo.com.mx\/storage\/2019\/01\/sonoraenequipo_opt.png","contentUrl":"https:\/\/www.sonoraenequipo.com.mx\/storage\/2019\/01\/sonoraenequipo_opt.png","width":375,"height":125,"caption":"Sonoraenequipo.com.mx"},"image":{"@id":"https:\/\/www.sonoraenequipo.com.mx\/#\/schema\/logo\/image\/"},"sameAs":["https:\/\/www.facebook.com\/SonoraEE\/","https:\/\/x.com\/sonoraenequipo","https:\/\/www.youtube.com\/channel\/UC338nW-lPEYmJQs4ZABQ1SQ"]},{"@type":"Person","@id":"https:\/\/www.sonoraenequipo.com.mx\/#\/schema\/person\/61a39de478a1763473ad55e8a95fddf6","name":"enequipo","image":{"@type":"ImageObject","inLanguage":"es","@id":"https:\/\/www.sonoraenequipo.com.mx\/#\/schema\/person\/image\/","url":"https:\/\/secure.gravatar.com\/avatar\/e39bc3016d8af598aed3d770c9510dfc2795f37ea1733d99fcc6e97d2c3c9f5e?s=96&d=blank&r=g","contentUrl":"https:\/\/secure.gravatar.com\/avatar\/e39bc3016d8af598aed3d770c9510dfc2795f37ea1733d99fcc6e97d2c3c9f5e?s=96&d=blank&r=g","caption":"enequipo"}}]}},"jetpack_featured_media_url":"https:\/\/www.sonoraenequipo.com.mx\/storage\/2018\/01\/frio_opt.jpg","_links":{"self":[{"href":"https:\/\/www.sonoraenequipo.com.mx\/api\/wp\/v2\/posts\/58669","targetHints":{"allow":["GET"]}}],"collection":[{"href":"https:\/\/www.sonoraenequipo.com.mx\/api\/wp\/v2\/posts"}],"about":[{"href":"https:\/\/www.sonoraenequipo.com.mx\/api\/wp\/v2\/types\/post"}],"author":[{"embeddable":true,"href":"https:\/\/www.sonoraenequipo.com.mx\/api\/wp\/v2\/users\/178"}],"replies":[{"embeddable":true,"href":"https:\/\/www.sonoraenequipo.com.mx\/api\/wp\/v2\/comments?post=58669"}],"version-history":[{"count":0,"href":"https:\/\/www.sonoraenequipo.com.mx\/api\/wp\/v2\/posts\/58669\/revisions"}],"wp:featuredmedia":[{"embeddable":true,"href":"https:\/\/www.sonoraenequipo.com.mx\/api\/wp\/v2\/media\/31072"}],"wp:attachment":[{"href":"https:\/\/www.sonoraenequipo.com.mx\/api\/wp\/v2\/media?parent=58669"}],"wp:term":[{"taxonomy":"category","embeddable":true,"href":"https:\/\/www.sonoraenequipo.com.mx\/api\/wp\/v2\/categories?post=58669"},{"taxonomy":"post_tag","embeddable":true,"href":"https:\/\/www.sonoraenequipo.com.mx\/api\/wp\/v2\/tags?post=58669"}],"curies":[{"name":"wp","href":"https:\/\/api.w.org\/{rel}","templated":true}]}}