{"id":58682,"date":"2019-04-16T11:43:47","date_gmt":"2019-04-16T18:43:47","guid":{"rendered":"http:\/\/www.sonoraenequipo.com.mx\/?p=58682"},"modified":"2019-04-17T06:08:01","modified_gmt":"2019-04-17T13:08:01","slug":"enrique-clausen-entrega-obra-de-pavimentacion-en-san-pedro-de-la-cueva","status":"publish","type":"post","link":"https:\/\/www.sonoraenequipo.com.mx\/enrique-clausen-entrega-obra-de-pavimentacion-en-san-pedro-de-la-cueva\/","title":{"rendered":"Enrique Clausen entrega obra de pavimentaci\u00f3n en San Pedro de la Cueva\u00a0"},"content":{"rendered":"<p>SAN PEDRO DE LA CUEVA, SONORA.- Como un gran beneficio para la salud de los habitantes de San Pedro de la Cueva calific\u00f3 el secretario de Salud, Enrique Clausen Iberri, la obra de pavimentaci\u00f3n que ayudar\u00e1 a disminuir enfermedades ocasionadas por el polvo.  <br \/>\nEn representaci\u00f3n de la gobernadora Claudia Pavlovich Arellano, manifest\u00f3 que con esta acci\u00f3n las familias de San Pedro de la Cueva cuentan ahora con pavimentaci\u00f3n en la calle Jos\u00e9 Mar\u00eda Morelos, con un \u00e1rea de 2 mil 224 metros cuadros de concreto hidr\u00e1ulico, trabajos de infraestructura, terracer\u00eda, pavimentaci\u00f3n y se\u00f1alizaci\u00f3n, a cargo del Gobierno del Estado, a trav\u00e9s de la Secretar\u00eda de Infraestructura y Desarrollo Urbano.<\/p>\n<p>\u0093Es importante para nosotros la cuesti\u00f3n de la pavimentaci\u00f3n de las calles, explic\u00f3porque tiene que ver con una buena salud y a nosotros nos da mucho gusto presenciar eventos como \u00e9ste, ya que la pavimentaci\u00f3n va muy de la mano con los aspectos de salud.<\/p>\n<p>Acompa\u00f1ado por la presidenta municipal de San Pedro de la Cueva, Edna Yhav\u00e9 Rubal Encinas, Clausen Iberri entreg\u00f3 ayer la obra ante los habitantes de la localidad, donde resalt\u00f3 el trabajo realizado por el Gobierno del Estado en beneficio de la comunidad.<\/p>\n<p>\u0093Me da mucho gusto,-dijo- que muy pronto vendr\u00e1n las cuadrillas de Cecop y de la Secretar\u00eda de Salud porque queremos dejar muy bonito el Centro de Salud, pero sobre todo queremos tener el equipamiento necesario para cualquier emergencia y la ambulancia necesaria para hacer los traslados\u0094.<\/p>\n<p>En lo que va de la actual administraci\u00f3n, record\u00f3, se han realizado m\u00e1s de 4 mil 300 obras, entre las que se encuentran la rehabilitaci\u00f3n del Hospital de Moctezuma, la construcci\u00f3n del Hospital General de Magdalena, que ya se encuentra funcionando y dar\u00e1 servicio al menos a siete municipios.<\/p>\n<p>La construcci\u00f3n en Hermosillo del nuevo Hospital General de Especialidades que estar\u00e1 terminado y funcionando el pr\u00f3ximo a\u00f1o.<\/p>\n<p>Adem\u00e1s de las 23 ambulancias que se han entregado a distintos municipios para fortalecer la atenci\u00f3n m\u00e9dica y traslados que se brindan en las localidades m\u00e1s alejadas de la entidad.<\/p>\n<p>Presentes: Jaime Ibarra Gonz\u00e1lez, jefe de la Jurisdicci\u00f3n Sanitaria N\u00famero 1; Miguel Gaspar Boj\u00f3rquez, vocal ejecutivo del Centro Estatal de Desarrollo Municipal (Cedemun); y Rita Silva Noriega, en representaci\u00f3n de los vecinos beneficiados.<\/p>\n<p>Fecha de publicaci\u00f3n 16\/04\/2019<\/p>\n","protected":false},"excerpt":{"rendered":"<p>SAN PEDRO DE LA CUEVA, SONORA.- Como un gran beneficio para la salud de los&#8230;<\/p>\n","protected":false},"author":178,"featured_media":58683,"comment_status":"open","ping_status":"open","sticky":false,"template":"","format":"standard","meta":{"_monsterinsights_skip_tracking":false,"_monsterinsights_sitenote_active":false,"_monsterinsights_sitenote_note":"","_monsterinsights_sitenote_category":0,"footnotes":""},"categories":[4],"tags":[74,15],"class_list":["post"],"yoast_head":" \n<title>Sonora en Equipo. Enrique Clausen entrega obra de pavimentaci\u00f3n en San Pedro de la Cueva\u00a0 Municipios<\/title>\n<meta name=\"description\" content=\"SAN PEDRO DE LA CUEVA, SONORA.- Como un gran beneficio para la salud de los habitantes de San Pedro de la Cueva calific\u00f3 el secretario de Salud, Enrique En Sonora en Equipo publicamos toda la informaci\u00f3n de Sonora, M\u00e9xico y el Mundo de manera oportuna y busca que la libertad de expresi\u00f3n sea real. Visita nuestro medio informativo publicado desde Hermosillo, Sonora. %\" \/>\n<meta name=\"robots\" content=\"index, follow, max-snippet:-1, max-image-preview:large, max-video-preview:-1\" \/>\n<link rel=\"canonical\" href=\"https:\/\/www.sonoraenequipo.com.mx\/enrique-clausen-entrega-obra-de-pavimentacion-en-san-pedro-de-la-cueva\/\" \/>\n<meta property=\"og:locale\" content=\"es_ES\" \/>\n<meta property=\"og:type\" content=\"article\" \/>\n<meta property=\"og:title\" content=\"Sonora en Equipo. Enrique Clausen entrega obra de pavimentaci\u00f3n en San Pedro de la Cueva\u00a0 Municipios\" \/>\n<meta property=\"og:description\" content=\"SAN PEDRO DE LA CUEVA, SONORA.- Como un gran beneficio para la salud de los habitantes de San Pedro de la Cueva calific\u00f3 el secretario de Salud, Enrique En Sonora en Equipo publicamos toda la informaci\u00f3n de Sonora, M\u00e9xico y el Mundo de manera oportuna y busca que la libertad de expresi\u00f3n sea real. Visita nuestro medio informativo publicado desde Hermosillo, Sonora. %\" \/>\n<meta property=\"og:url\" content=\"https:\/\/www.sonoraenequipo.com.mx\/enrique-clausen-entrega-obra-de-pavimentacion-en-san-pedro-de-la-cueva\/\" \/>\n<meta property=\"og:site_name\" content=\"Sonora en Equipo.\" \/>\n<meta property=\"article:publisher\" content=\"https:\/\/www.facebook.com\/SonoraEE\/\" \/>\n<meta property=\"article:published_time\" content=\"2019-04-16T18:43:47+00:00\" \/>\n<meta property=\"article:modified_time\" content=\"2019-04-17T13:08:01+00:00\" \/>\n<meta property=\"og:image\" content=\"https:\/\/www.sonoraenequipo.com.mx\/storage\/2019\/04\/gobson-e1555440179954.jpg\" \/>\n\t<meta property=\"og:image:width\" content=\"500\" \/>\n\t<meta property=\"og:image:height\" content=\"331\" \/>\n\t<meta property=\"og:image:type\" content=\"image\/jpeg\" \/>\n<meta name=\"author\" content=\"enequipo\" \/>\n<meta name=\"twitter:card\" content=\"summary_large_image\" \/>\n<meta name=\"twitter:creator\" content=\"@sonoraenequipo\" \/>\n<meta name=\"twitter:site\" content=\"@sonoraenequipo\" \/>\n<meta name=\"twitter:label1\" content=\"Escrito por\" \/>\n\t<meta name=\"twitter:data1\" content=\"enequipo\" \/>\n\t<meta name=\"twitter:label2\" content=\"Tiempo de lectura\" \/>\n\t<meta name=\"twitter:data2\" content=\"2 minutos\" \/>\n<script type=\"application\/ld+json\" class=\"yoast-schema-graph\">{\"@context\":\"https:\/\/schema.org\",\"@graph\":[{\"@type\":\"Article\",\"@id\":\"https:\/\/www.sonoraenequipo.com.mx\/enrique-clausen-entrega-obra-de-pavimentacion-en-san-pedro-de-la-cueva\/#article\",\"isPartOf\":{\"@id\":\"https:\/\/www.sonoraenequipo.com.mx\/enrique-clausen-entrega-obra-de-pavimentacion-en-san-pedro-de-la-cueva\/\"},\"author\":{\"name\":\"enequipo\",\"@id\":\"https:\/\/www.sonoraenequipo.com.mx\/#\/schema\/person\/61a39de478a1763473ad55e8a95fddf6\"},\"headline\":\"Enrique Clausen entrega obra de pavimentaci\u00f3n en San Pedro de la Cueva\u00a0\",\"datePublished\":\"2019-04-16T18:43:47+00:00\",\"dateModified\":\"2019-04-17T13:08:01+00:00\",\"mainEntityOfPage\":{\"@id\":\"https:\/\/www.sonoraenequipo.com.mx\/enrique-clausen-entrega-obra-de-pavimentacion-en-san-pedro-de-la-cueva\/\"},\"wordCount\":420,\"commentCount\":0,\"publisher\":{\"@id\":\"https:\/\/www.sonoraenequipo.com.mx\/#organization\"},\"image\":{\"@id\":\"https:\/\/www.sonoraenequipo.com.mx\/enrique-clausen-entrega-obra-de-pavimentacion-en-san-pedro-de-la-cueva\/#primaryimage\"},\"thumbnailUrl\":\"https:\/\/www.sonoraenequipo.com.mx\/storage\/2019\/04\/gobson-e1555440179954.jpg\",\"keywords\":[\"salud\",\"Sonora\"],\"articleSection\":[\"Municipios\"],\"inLanguage\":\"es\",\"potentialAction\":[{\"@type\":\"CommentAction\",\"name\":\"Comment\",\"target\":[\"https:\/\/www.sonoraenequipo.com.mx\/enrique-clausen-entrega-obra-de-pavimentacion-en-san-pedro-de-la-cueva\/#respond\"]}]},{\"@type\":\"WebPage\",\"@id\":\"https:\/\/www.sonoraenequipo.com.mx\/enrique-clausen-entrega-obra-de-pavimentacion-en-san-pedro-de-la-cueva\/\",\"url\":\"https:\/\/www.sonoraenequipo.com.mx\/enrique-clausen-entrega-obra-de-pavimentacion-en-san-pedro-de-la-cueva\/\",\"name\":\"Sonora en Equipo. Enrique Clausen entrega obra de pavimentaci\u00f3n en San Pedro de la Cueva\u00a0 Municipios\",\"isPartOf\":{\"@id\":\"https:\/\/www.sonoraenequipo.com.mx\/#website\"},\"primaryImageOfPage\":{\"@id\":\"https:\/\/www.sonoraenequipo.com.mx\/enrique-clausen-entrega-obra-de-pavimentacion-en-san-pedro-de-la-cueva\/#primaryimage\"},\"image\":{\"@id\":\"https:\/\/www.sonoraenequipo.com.mx\/enrique-clausen-entrega-obra-de-pavimentacion-en-san-pedro-de-la-cueva\/#primaryimage\"},\"thumbnailUrl\":\"https:\/\/www.sonoraenequipo.com.mx\/storage\/2019\/04\/gobson-e1555440179954.jpg\",\"datePublished\":\"2019-04-16T18:43:47+00:00\",\"dateModified\":\"2019-04-17T13:08:01+00:00\",\"description\":\"SAN PEDRO DE LA CUEVA, SONORA.- Como un gran beneficio para la salud de los habitantes de San Pedro de la Cueva calific\u00f3 el secretario de Salud, Enrique En Sonora en Equipo publicamos toda la informaci\u00f3n de Sonora, M\u00e9xico y el Mundo de manera oportuna y busca que la libertad de expresi\u00f3n sea real. Visita nuestro medio informativo publicado desde Hermosillo, Sonora. %\",\"breadcrumb\":{\"@id\":\"https:\/\/www.sonoraenequipo.com.mx\/enrique-clausen-entrega-obra-de-pavimentacion-en-san-pedro-de-la-cueva\/#breadcrumb\"},\"inLanguage\":\"es\",\"potentialAction\":[{\"@type\":\"ReadAction\",\"target\":[\"https:\/\/www.sonoraenequipo.com.mx\/enrique-clausen-entrega-obra-de-pavimentacion-en-san-pedro-de-la-cueva\/\"]}]},{\"@type\":\"ImageObject\",\"inLanguage\":\"es\",\"@id\":\"https:\/\/www.sonoraenequipo.com.mx\/enrique-clausen-entrega-obra-de-pavimentacion-en-san-pedro-de-la-cueva\/#primaryimage\",\"url\":\"https:\/\/www.sonoraenequipo.com.mx\/storage\/2019\/04\/gobson-e1555440179954.jpg\",\"contentUrl\":\"https:\/\/www.sonoraenequipo.com.mx\/storage\/2019\/04\/gobson-e1555440179954.jpg\",\"width\":500,\"height\":331},{\"@type\":\"BreadcrumbList\",\"@id\":\"https:\/\/www.sonoraenequipo.com.mx\/enrique-clausen-entrega-obra-de-pavimentacion-en-san-pedro-de-la-cueva\/#breadcrumb\",\"itemListElement\":[{\"@type\":\"ListItem\",\"position\":1,\"name\":\"Portada\",\"item\":\"https:\/\/www.sonoraenequipo.com.mx\/\"},{\"@type\":\"ListItem\",\"position\":2,\"name\":\"Enrique Clausen entrega obra de pavimentaci\u00f3n en San Pedro de la Cueva\u00a0\"}]},{\"@type\":\"WebSite\",\"@id\":\"https:\/\/www.sonoraenequipo.com.mx\/#website\",\"url\":\"https:\/\/www.sonoraenequipo.com.mx\/\",\"name\":\"Sonora en Equipo.\",\"description\":\"Diario en l\u00ednea con Noticias desde Hermosillo, Sonora\",\"publisher\":{\"@id\":\"https:\/\/www.sonoraenequipo.com.mx\/#organization\"},\"potentialAction\":[{\"@type\":\"SearchAction\",\"target\":{\"@type\":\"EntryPoint\",\"urlTemplate\":\"https:\/\/www.sonoraenequipo.com.mx\/?s={search_term_string}\"},\"query-input\":{\"@type\":\"PropertyValueSpecification\",\"valueRequired\":true,\"valueName\":\"search_term_string\"}}],\"inLanguage\":\"es\"},{\"@type\":\"Organization\",\"@id\":\"https:\/\/www.sonoraenequipo.com.mx\/#organization\",\"name\":\"Sonoraenequipo.com.mx\",\"url\":\"https:\/\/www.sonoraenequipo.com.mx\/\",\"logo\":{\"@type\":\"ImageObject\",\"inLanguage\":\"es\",\"@id\":\"https:\/\/www.sonoraenequipo.com.mx\/#\/schema\/logo\/image\/\",\"url\":\"https:\/\/www.sonoraenequipo.com.mx\/storage\/2019\/01\/sonoraenequipo_opt.png\",\"contentUrl\":\"https:\/\/www.sonoraenequipo.com.mx\/storage\/2019\/01\/sonoraenequipo_opt.png\",\"width\":375,\"height\":125,\"caption\":\"Sonoraenequipo.com.mx\"},\"image\":{\"@id\":\"https:\/\/www.sonoraenequipo.com.mx\/#\/schema\/logo\/image\/\"},\"sameAs\":[\"https:\/\/www.facebook.com\/SonoraEE\/\",\"https:\/\/x.com\/sonoraenequipo\",\"https:\/\/www.youtube.com\/channel\/UC338nW-lPEYmJQs4ZABQ1SQ\"]},{\"@type\":\"Person\",\"@id\":\"https:\/\/www.sonoraenequipo.com.mx\/#\/schema\/person\/61a39de478a1763473ad55e8a95fddf6\",\"name\":\"enequipo\",\"image\":{\"@type\":\"ImageObject\",\"inLanguage\":\"es\",\"@id\":\"https:\/\/www.sonoraenequipo.com.mx\/#\/schema\/person\/image\/\",\"url\":\"https:\/\/secure.gravatar.com\/avatar\/e39bc3016d8af598aed3d770c9510dfc2795f37ea1733d99fcc6e97d2c3c9f5e?s=96&d=blank&r=g\",\"contentUrl\":\"https:\/\/secure.gravatar.com\/avatar\/e39bc3016d8af598aed3d770c9510dfc2795f37ea1733d99fcc6e97d2c3c9f5e?s=96&d=blank&r=g\",\"caption\":\"enequipo\"}}]}<\/script>\n ","yoast_head_json":{"title":"Sonora en Equipo. Enrique Clausen entrega obra de pavimentaci\u00f3n en San Pedro de la Cueva\u00a0 Municipios","description":"SAN PEDRO DE LA CUEVA, SONORA.- Como un gran beneficio para la salud de los habitantes de San Pedro de la Cueva calific\u00f3 el secretario de Salud, Enrique En Sonora en Equipo publicamos toda la informaci\u00f3n de Sonora, M\u00e9xico y el Mundo de manera oportuna y busca que la libertad de expresi\u00f3n sea real. Visita nuestro medio informativo publicado desde Hermosillo, Sonora. %","robots":{"index":"index","follow":"follow","max-snippet":"max-snippet:-1","max-image-preview":"max-image-preview:large","max-video-preview":"max-video-preview:-1"},"canonical":"https:\/\/www.sonoraenequipo.com.mx\/enrique-clausen-entrega-obra-de-pavimentacion-en-san-pedro-de-la-cueva\/","og_locale":"es_ES","og_type":"article","og_title":"Sonora en Equipo. Enrique Clausen entrega obra de pavimentaci\u00f3n en San Pedro de la Cueva\u00a0 Municipios","og_description":"SAN PEDRO DE LA CUEVA, SONORA.- Como un gran beneficio para la salud de los habitantes de San Pedro de la Cueva calific\u00f3 el secretario de Salud, Enrique En Sonora en Equipo publicamos toda la informaci\u00f3n de Sonora, M\u00e9xico y el Mundo de manera oportuna y busca que la libertad de expresi\u00f3n sea real. Visita nuestro medio informativo publicado desde Hermosillo, Sonora. %","og_url":"https:\/\/www.sonoraenequipo.com.mx\/enrique-clausen-entrega-obra-de-pavimentacion-en-san-pedro-de-la-cueva\/","og_site_name":"Sonora en Equipo.","article_publisher":"https:\/\/www.facebook.com\/SonoraEE\/","article_published_time":"2019-04-16T18:43:47+00:00","article_modified_time":"2019-04-17T13:08:01+00:00","og_image":[{"width":500,"height":331,"url":"https:\/\/www.sonoraenequipo.com.mx\/storage\/2019\/04\/gobson-e1555440179954.jpg","type":"image\/jpeg"}],"author":"enequipo","twitter_card":"summary_large_image","twitter_creator":"@sonoraenequipo","twitter_site":"@sonoraenequipo","twitter_misc":{"Escrito por":"enequipo","Tiempo de lectura":"2 minutos"},"schema":{"@context":"https:\/\/schema.org","@graph":[{"@type":"Article","@id":"https:\/\/www.sonoraenequipo.com.mx\/enrique-clausen-entrega-obra-de-pavimentacion-en-san-pedro-de-la-cueva\/#article","isPartOf":{"@id":"https:\/\/www.sonoraenequipo.com.mx\/enrique-clausen-entrega-obra-de-pavimentacion-en-san-pedro-de-la-cueva\/"},"author":{"name":"enequipo","@id":"https:\/\/www.sonoraenequipo.com.mx\/#\/schema\/person\/61a39de478a1763473ad55e8a95fddf6"},"headline":"Enrique Clausen entrega obra de pavimentaci\u00f3n en San Pedro de la Cueva\u00a0","datePublished":"2019-04-16T18:43:47+00:00","dateModified":"2019-04-17T13:08:01+00:00","mainEntityOfPage":{"@id":"https:\/\/www.sonoraenequipo.com.mx\/enrique-clausen-entrega-obra-de-pavimentacion-en-san-pedro-de-la-cueva\/"},"wordCount":420,"commentCount":0,"publisher":{"@id":"https:\/\/www.sonoraenequipo.com.mx\/#organization"},"image":{"@id":"https:\/\/www.sonoraenequipo.com.mx\/enrique-clausen-entrega-obra-de-pavimentacion-en-san-pedro-de-la-cueva\/#primaryimage"},"thumbnailUrl":"https:\/\/www.sonoraenequipo.com.mx\/storage\/2019\/04\/gobson-e1555440179954.jpg","keywords":["salud","Sonora"],"articleSection":["Municipios"],"inLanguage":"es","potentialAction":[{"@type":"CommentAction","name":"Comment","target":["https:\/\/www.sonoraenequipo.com.mx\/enrique-clausen-entrega-obra-de-pavimentacion-en-san-pedro-de-la-cueva\/#respond"]}]},{"@type":"WebPage","@id":"https:\/\/www.sonoraenequipo.com.mx\/enrique-clausen-entrega-obra-de-pavimentacion-en-san-pedro-de-la-cueva\/","url":"https:\/\/www.sonoraenequipo.com.mx\/enrique-clausen-entrega-obra-de-pavimentacion-en-san-pedro-de-la-cueva\/","name":"Sonora en Equipo. Enrique Clausen entrega obra de pavimentaci\u00f3n en San Pedro de la Cueva\u00a0 Municipios","isPartOf":{"@id":"https:\/\/www.sonoraenequipo.com.mx\/#website"},"primaryImageOfPage":{"@id":"https:\/\/www.sonoraenequipo.com.mx\/enrique-clausen-entrega-obra-de-pavimentacion-en-san-pedro-de-la-cueva\/#primaryimage"},"image":{"@id":"https:\/\/www.sonoraenequipo.com.mx\/enrique-clausen-entrega-obra-de-pavimentacion-en-san-pedro-de-la-cueva\/#primaryimage"},"thumbnailUrl":"https:\/\/www.sonoraenequipo.com.mx\/storage\/2019\/04\/gobson-e1555440179954.jpg","datePublished":"2019-04-16T18:43:47+00:00","dateModified":"2019-04-17T13:08:01+00:00","description":"SAN PEDRO DE LA CUEVA, SONORA.- Como un gran beneficio para la salud de los habitantes de San Pedro de la Cueva calific\u00f3 el secretario de Salud, Enrique En Sonora en Equipo publicamos toda la informaci\u00f3n de Sonora, M\u00e9xico y el Mundo de manera oportuna y busca que la libertad de expresi\u00f3n sea real. Visita nuestro medio informativo publicado desde Hermosillo, Sonora. %","breadcrumb":{"@id":"https:\/\/www.sonoraenequipo.com.mx\/enrique-clausen-entrega-obra-de-pavimentacion-en-san-pedro-de-la-cueva\/#breadcrumb"},"inLanguage":"es","potentialAction":[{"@type":"ReadAction","target":["https:\/\/www.sonoraenequipo.com.mx\/enrique-clausen-entrega-obra-de-pavimentacion-en-san-pedro-de-la-cueva\/"]}]},{"@type":"ImageObject","inLanguage":"es","@id":"https:\/\/www.sonoraenequipo.com.mx\/enrique-clausen-entrega-obra-de-pavimentacion-en-san-pedro-de-la-cueva\/#primaryimage","url":"https:\/\/www.sonoraenequipo.com.mx\/storage\/2019\/04\/gobson-e1555440179954.jpg","contentUrl":"https:\/\/www.sonoraenequipo.com.mx\/storage\/2019\/04\/gobson-e1555440179954.jpg","width":500,"height":331},{"@type":"BreadcrumbList","@id":"https:\/\/www.sonoraenequipo.com.mx\/enrique-clausen-entrega-obra-de-pavimentacion-en-san-pedro-de-la-cueva\/#breadcrumb","itemListElement":[{"@type":"ListItem","position":1,"name":"Portada","item":"https:\/\/www.sonoraenequipo.com.mx\/"},{"@type":"ListItem","position":2,"name":"Enrique Clausen entrega obra de pavimentaci\u00f3n en San Pedro de la Cueva\u00a0"}]},{"@type":"WebSite","@id":"https:\/\/www.sonoraenequipo.com.mx\/#website","url":"https:\/\/www.sonoraenequipo.com.mx\/","name":"Sonora en Equipo.","description":"Diario en l\u00ednea con Noticias desde Hermosillo, Sonora","publisher":{"@id":"https:\/\/www.sonoraenequipo.com.mx\/#organization"},"potentialAction":[{"@type":"SearchAction","target":{"@type":"EntryPoint","urlTemplate":"https:\/\/www.sonoraenequipo.com.mx\/?s={search_term_string}"},"query-input":{"@type":"PropertyValueSpecification","valueRequired":true,"valueName":"search_term_string"}}],"inLanguage":"es"},{"@type":"Organization","@id":"https:\/\/www.sonoraenequipo.com.mx\/#organization","name":"Sonoraenequipo.com.mx","url":"https:\/\/www.sonoraenequipo.com.mx\/","logo":{"@type":"ImageObject","inLanguage":"es","@id":"https:\/\/www.sonoraenequipo.com.mx\/#\/schema\/logo\/image\/","url":"https:\/\/www.sonoraenequipo.com.mx\/storage\/2019\/01\/sonoraenequipo_opt.png","contentUrl":"https:\/\/www.sonoraenequipo.com.mx\/storage\/2019\/01\/sonoraenequipo_opt.png","width":375,"height":125,"caption":"Sonoraenequipo.com.mx"},"image":{"@id":"https:\/\/www.sonoraenequipo.com.mx\/#\/schema\/logo\/image\/"},"sameAs":["https:\/\/www.facebook.com\/SonoraEE\/","https:\/\/x.com\/sonoraenequipo","https:\/\/www.youtube.com\/channel\/UC338nW-lPEYmJQs4ZABQ1SQ"]},{"@type":"Person","@id":"https:\/\/www.sonoraenequipo.com.mx\/#\/schema\/person\/61a39de478a1763473ad55e8a95fddf6","name":"enequipo","image":{"@type":"ImageObject","inLanguage":"es","@id":"https:\/\/www.sonoraenequipo.com.mx\/#\/schema\/person\/image\/","url":"https:\/\/secure.gravatar.com\/avatar\/e39bc3016d8af598aed3d770c9510dfc2795f37ea1733d99fcc6e97d2c3c9f5e?s=96&d=blank&r=g","contentUrl":"https:\/\/secure.gravatar.com\/avatar\/e39bc3016d8af598aed3d770c9510dfc2795f37ea1733d99fcc6e97d2c3c9f5e?s=96&d=blank&r=g","caption":"enequipo"}}]}},"jetpack_featured_media_url":"https:\/\/www.sonoraenequipo.com.mx\/storage\/2019\/04\/gobson-e1555440179954.jpg","_links":{"self":[{"href":"https:\/\/www.sonoraenequipo.com.mx\/api\/wp\/v2\/posts\/58682","targetHints":{"allow":["GET"]}}],"collection":[{"href":"https:\/\/www.sonoraenequipo.com.mx\/api\/wp\/v2\/posts"}],"about":[{"href":"https:\/\/www.sonoraenequipo.com.mx\/api\/wp\/v2\/types\/post"}],"author":[{"embeddable":true,"href":"https:\/\/www.sonoraenequipo.com.mx\/api\/wp\/v2\/users\/178"}],"replies":[{"embeddable":true,"href":"https:\/\/www.sonoraenequipo.com.mx\/api\/wp\/v2\/comments?post=58682"}],"version-history":[{"count":0,"href":"https:\/\/www.sonoraenequipo.com.mx\/api\/wp\/v2\/posts\/58682\/revisions"}],"wp:featuredmedia":[{"embeddable":true,"href":"https:\/\/www.sonoraenequipo.com.mx\/api\/wp\/v2\/media\/58683"}],"wp:attachment":[{"href":"https:\/\/www.sonoraenequipo.com.mx\/api\/wp\/v2\/media?parent=58682"}],"wp:term":[{"taxonomy":"category","embeddable":true,"href":"https:\/\/www.sonoraenequipo.com.mx\/api\/wp\/v2\/categories?post=58682"},{"taxonomy":"post_tag","embeddable":true,"href":"https:\/\/www.sonoraenequipo.com.mx\/api\/wp\/v2\/tags?post=58682"}],"curies":[{"name":"wp","href":"https:\/\/api.w.org\/{rel}","templated":true}]}}