{"id":60105,"date":"2019-05-12T14:10:49","date_gmt":"2019-05-12T21:10:49","guid":{"rendered":"http:\/\/www.sonoraenequipo.com.mx\/?p=60105"},"modified":"2019-05-13T05:45:51","modified_gmt":"2019-05-13T12:45:51","slug":"detienen-a-duena-del-fatidico-colegio-rebsamen","status":"publish","type":"post","link":"https:\/\/www.sonoraenequipo.com.mx\/detienen-a-duena-del-fatidico-colegio-rebsamen\/","title":{"rendered":"Garc\u00eda Villegas tendr\u00e1 un juicio justo; Claudia Sheinbaum"},"content":{"rendered":"<p>CIUDAD DE M\u00c9XICO.-M\u00f3nica Garc\u00eda Villegas, la due\u00f1a de una escuela privada donde murieron 19 ni\u00f1os y 7 adultos, aplastados por toneladas de escombros tras el terremoto de 7,2 grados del 19 de septiembre de 2017, fue encarcelada luego de haber permanecido fugitiva durante m\u00e1s de un a\u00f1o y medio, seg\u00fan inform\u00f3 hoy la cadena de noticias ANSA.<\/p>\n<p> <br \/>\nM\u00f3nica Garc\u00eda enfrenta acusaciones por \u00abhomicidio imprudencial e irregularidades en los permisos de construcci\u00f3n\u00bb de la escuela R\u00e9bsamen, ubicada al sur de la capital mexicana, luego de que la mujer orden\u00f3 construir un piso m\u00e1s en uno de los edificios del complejo escolar que se vino abajo.<\/p>\n<p>La fiscal de la capital, Ernestina Godoy, se\u00f1al\u00f3 que la oficina a su cargo recibi\u00f3 una denuncia ciudadana a trav\u00e9s de un correo electr\u00f3nico indicando su paradero, en un restaurante de la avenida Tlalpan, zona sur de la ciudad y que la mujer no opuso resistencia a la polic\u00eda al ser detenida.<\/p>\n<p>Sin embargo, de acuerdo con su abogado, Javier Coello, en realidad se entreg\u00f3 ayer a la justicia luego de entablar negociaciones con un alto funcionario de la intendencia capitalina y un diputado local, cuyos nombres no fueron revelados.<\/p>\n<p>La due\u00f1a de la escuela es la protagonista del peor episodio de la tragedia ocurrida por el sismo, que dej\u00f3 alrededor de 400 muertos y provoc\u00f3 la ca\u00edda de unos 40 edificios.<\/p>\n<p>Adem\u00e1s, sac\u00f3 a la luz serias violaciones a las normas de construcci\u00f3n y una ola de corrupci\u00f3n en el \u00e1mbito inmobiliario del Distrito Federal, hoy Ciudad de M\u00e9xico.<\/p>\n<p>El gobierno detuvo a diversos responsables de obra por estos derrumbes, atribuidos en buena medida a negligencia y sobornos a funcionarios p\u00fablicos para aprobar proyectos de edificaci\u00f3n de casas y edificios y no tanto al poder destructivo del fen\u00f3meno natural.<\/p>\n<p>La fiscal\u00eda de la ciudad hab\u00eda ofrecido una recompensa de 5 millones de pesos(unos US$100 mil) por informaciones que condujeran a la detenci\u00f3n de \u00abMiss M\u00f3nica\u00bb, como se la conoc\u00eda.<\/p>\n<p>\u00abDesde que publicamos el acuerdo en el que se ofrec\u00eda la recompensa, la ciudadan\u00eda comenz\u00f3 a participar\u00bb, se\u00f1al\u00f3 Godoy.<\/p>\n<p>Seg\u00fan versiones de prensa, al menos medio centenar de denuncias fueron hechas indicando d\u00f3nde se escond\u00eda.<\/p>\n<p>La jefa de gobierno de la ciudad, Claudia Sheinbaum, prometi\u00f3 que Garc\u00eda \u00abtendr\u00e1 un juicio justo\u00bb y dijo que \u00abes un tema fundamental que se haga justicia\u00bb sobre el caso, a la vez que se\u00f1al\u00f3 que se mantuvo siempre \u00abcerca de los padres y las madres\u00bb de las v\u00edctimas.<\/p>\n<p>Seg\u00fan su abogado, la due\u00f1a del R\u00e9bsamen ya \u00abestaba cansada\u00bb de ocultarse pero se declar\u00f3 inocente de los cargos que se lSe imputan.<\/p>\n<p>Luego de ser encarcelada, los padres de las v\u00edctimas agradecieron el apoyo de ciudadanos y autoridades para hacer justicia.<\/p>\n<p>El caso tuvo impacto nacional e internacional y acapar\u00f3 los reflectores de los medios en medio de la tragedia posterior al sismo, pues muchos de los cuerpos de los peque\u00f1os tardaron varios d\u00edas en ser extra\u00eddos de entre las ruinas del edificio.<\/p>\n<p>\u00abAgradezco a todos su apoyo y fraternidad por las llamadas y mensajes de aliento\u00bb y a la sociedad que \u00abha sido solidaria con nosotros, los padres del Colegio R\u00e9bsamen. Faltan m\u00e1s\u00bb, escribi\u00f3 Alejandro Jurado, pap\u00e1 de Paola, una de las ni\u00f1as fallecidas, a trav\u00e9s de las redes sociales.<\/p>\n<p>Seg\u00fan los peritajes, al edificio que se vino abajo se le hab\u00eda a\u00f1adido un cuarto nivel para construir una vivienda que ocupaba la directora, construida supuestamente sin permisos.<\/p>\n<p>La funcionaria de la escuela dijo ser una v\u00edctima m\u00e1s de la tragedia, pero los padres de los ni\u00f1os fallecidos y heridos negaron que eso sea cierto.<\/p>\n<p>Al contrario, se\u00f1alaron que es \u00abuna presunta responsable y tiene que dar la cara ante las autoridades\u00bb, por lo que dijeron que esperaban verla sentada en el banquillo de los acusados para saber realmente qu\u00e9 sucedi\u00f3, despu\u00e9s de haber conocido opiniones de peritos y los testimonios de los involucrados.<\/p>\n<p>\u00abLo que se requiere es precisar las causas que generaron el derrumbe del edificio, saber en detalle qu\u00e9 fue lo que sucedi\u00f3 despu\u00e9s de saber las opiniones de peritos, testimonios y la informaci\u00f3n que hay al respecto\u00bb, dijo Francisco Riquelme, abogado de los padres.<\/p>\n<p>\u00abNosotros estamos d\u00eda a d\u00eda luchando para que no quede impune este crimen. La impunidad es un mal, un c\u00e1ncer de nuestra sociedad que debemos erradicar\u00bb, dijo Ad\u00e1n Blanquel, l padre de otra de las v\u00edctimas.<\/p>\n<p>Fecha de publicaci\u00f3n 12\/05\/2019<\/p>\n","protected":false},"excerpt":{"rendered":"<p>CIUDAD DE M\u00c9XICO.-M\u00f3nica Garc\u00eda Villegas, la due\u00f1a de una escuela privada donde murieron 19 ni\u00f1os&#8230;<\/p>\n","protected":false},"author":178,"featured_media":59439,"comment_status":"open","ping_status":"open","sticky":false,"template":"","format":"standard","meta":{"_monsterinsights_skip_tracking":false,"_monsterinsights_sitenote_active":false,"_monsterinsights_sitenote_note":"","_monsterinsights_sitenote_category":0,"footnotes":""},"categories":[5],"tags":[3056,2440],"class_list":["post"],"yoast_head":" \n<title>Sonora en Equipo. Garc\u00eda Villegas tendr\u00e1 un juicio justo; Claudia Sheinbaum Rep\u00fablica<\/title>\n<meta name=\"description\" content=\"CIUDAD DE M\u00c9XICO.-M\u00f3nica Garc\u00eda Villegas, la due\u00f1a de una escuela privada donde murieron 19 ni\u00f1os y 7 adultos, aplastados por toneladas de escombros tras En Sonora en Equipo publicamos toda la informaci\u00f3n de Sonora, M\u00e9xico y el Mundo de manera oportuna y busca que la libertad de expresi\u00f3n sea real. Visita nuestro medio informativo publicado desde Hermosillo, Sonora. %\" \/>\n<meta name=\"robots\" content=\"index, follow, max-snippet:-1, max-image-preview:large, max-video-preview:-1\" \/>\n<link rel=\"canonical\" href=\"https:\/\/www.sonoraenequipo.com.mx\/detienen-a-duena-del-fatidico-colegio-rebsamen\/\" \/>\n<meta property=\"og:locale\" content=\"es_ES\" \/>\n<meta property=\"og:type\" content=\"article\" \/>\n<meta property=\"og:title\" content=\"Sonora en Equipo. Garc\u00eda Villegas tendr\u00e1 un juicio justo; Claudia Sheinbaum Rep\u00fablica\" \/>\n<meta property=\"og:description\" content=\"CIUDAD DE M\u00c9XICO.-M\u00f3nica Garc\u00eda Villegas, la due\u00f1a de una escuela privada donde murieron 19 ni\u00f1os y 7 adultos, aplastados por toneladas de escombros tras En Sonora en Equipo publicamos toda la informaci\u00f3n de Sonora, M\u00e9xico y el Mundo de manera oportuna y busca que la libertad de expresi\u00f3n sea real. Visita nuestro medio informativo publicado desde Hermosillo, Sonora. %\" \/>\n<meta property=\"og:url\" content=\"https:\/\/www.sonoraenequipo.com.mx\/detienen-a-duena-del-fatidico-colegio-rebsamen\/\" \/>\n<meta property=\"og:site_name\" content=\"Sonora en Equipo.\" \/>\n<meta property=\"article:publisher\" content=\"https:\/\/www.facebook.com\/SonoraEE\/\" \/>\n<meta property=\"article:published_time\" content=\"2019-05-12T21:10:49+00:00\" \/>\n<meta property=\"article:modified_time\" content=\"2019-05-13T12:45:51+00:00\" \/>\n<meta property=\"og:image\" content=\"https:\/\/www.sonoraenequipo.com.mx\/storage\/2019\/05\/colegiorebsamen_escombros_opt.jpg\" \/>\n\t<meta property=\"og:image:width\" content=\"694\" \/>\n\t<meta property=\"og:image:height\" content=\"400\" \/>\n\t<meta property=\"og:image:type\" content=\"image\/jpeg\" \/>\n<meta name=\"author\" content=\"enequipo\" \/>\n<meta name=\"twitter:card\" content=\"summary_large_image\" \/>\n<meta name=\"twitter:creator\" content=\"@sonoraenequipo\" \/>\n<meta name=\"twitter:site\" content=\"@sonoraenequipo\" \/>\n<meta name=\"twitter:label1\" content=\"Escrito por\" \/>\n\t<meta name=\"twitter:data1\" content=\"enequipo\" \/>\n\t<meta name=\"twitter:label2\" content=\"Tiempo de lectura\" \/>\n\t<meta name=\"twitter:data2\" content=\"4 minutos\" \/>\n<script type=\"application\/ld+json\" class=\"yoast-schema-graph\">{\"@context\":\"https:\/\/schema.org\",\"@graph\":[{\"@type\":\"Article\",\"@id\":\"https:\/\/www.sonoraenequipo.com.mx\/detienen-a-duena-del-fatidico-colegio-rebsamen\/#article\",\"isPartOf\":{\"@id\":\"https:\/\/www.sonoraenequipo.com.mx\/detienen-a-duena-del-fatidico-colegio-rebsamen\/\"},\"author\":{\"name\":\"enequipo\",\"@id\":\"https:\/\/www.sonoraenequipo.com.mx\/#\/schema\/person\/61a39de478a1763473ad55e8a95fddf6\"},\"headline\":\"Garc\u00eda Villegas tendr\u00e1 un juicio justo; Claudia Sheinbaum\",\"datePublished\":\"2019-05-12T21:10:49+00:00\",\"dateModified\":\"2019-05-13T12:45:51+00:00\",\"mainEntityOfPage\":{\"@id\":\"https:\/\/www.sonoraenequipo.com.mx\/detienen-a-duena-del-fatidico-colegio-rebsamen\/\"},\"wordCount\":797,\"commentCount\":0,\"publisher\":{\"@id\":\"https:\/\/www.sonoraenequipo.com.mx\/#organization\"},\"image\":{\"@id\":\"https:\/\/www.sonoraenequipo.com.mx\/detienen-a-duena-del-fatidico-colegio-rebsamen\/#primaryimage\"},\"thumbnailUrl\":\"https:\/\/www.sonoraenequipo.com.mx\/storage\/2019\/05\/colegiorebsamen_escombros_opt.jpg\",\"keywords\":[\"colegio\",\"Colegio R\u00e9bsamen\"],\"articleSection\":[\"Rep\u00fablica\"],\"inLanguage\":\"es\",\"potentialAction\":[{\"@type\":\"CommentAction\",\"name\":\"Comment\",\"target\":[\"https:\/\/www.sonoraenequipo.com.mx\/detienen-a-duena-del-fatidico-colegio-rebsamen\/#respond\"]}]},{\"@type\":\"WebPage\",\"@id\":\"https:\/\/www.sonoraenequipo.com.mx\/detienen-a-duena-del-fatidico-colegio-rebsamen\/\",\"url\":\"https:\/\/www.sonoraenequipo.com.mx\/detienen-a-duena-del-fatidico-colegio-rebsamen\/\",\"name\":\"Sonora en Equipo. Garc\u00eda Villegas tendr\u00e1 un juicio justo; Claudia Sheinbaum Rep\u00fablica\",\"isPartOf\":{\"@id\":\"https:\/\/www.sonoraenequipo.com.mx\/#website\"},\"primaryImageOfPage\":{\"@id\":\"https:\/\/www.sonoraenequipo.com.mx\/detienen-a-duena-del-fatidico-colegio-rebsamen\/#primaryimage\"},\"image\":{\"@id\":\"https:\/\/www.sonoraenequipo.com.mx\/detienen-a-duena-del-fatidico-colegio-rebsamen\/#primaryimage\"},\"thumbnailUrl\":\"https:\/\/www.sonoraenequipo.com.mx\/storage\/2019\/05\/colegiorebsamen_escombros_opt.jpg\",\"datePublished\":\"2019-05-12T21:10:49+00:00\",\"dateModified\":\"2019-05-13T12:45:51+00:00\",\"description\":\"CIUDAD DE M\u00c9XICO.-M\u00f3nica Garc\u00eda Villegas, la due\u00f1a de una escuela privada donde murieron 19 ni\u00f1os y 7 adultos, aplastados por toneladas de escombros tras En Sonora en Equipo publicamos toda la informaci\u00f3n de Sonora, M\u00e9xico y el Mundo de manera oportuna y busca que la libertad de expresi\u00f3n sea real. Visita nuestro medio informativo publicado desde Hermosillo, Sonora. %\",\"breadcrumb\":{\"@id\":\"https:\/\/www.sonoraenequipo.com.mx\/detienen-a-duena-del-fatidico-colegio-rebsamen\/#breadcrumb\"},\"inLanguage\":\"es\",\"potentialAction\":[{\"@type\":\"ReadAction\",\"target\":[\"https:\/\/www.sonoraenequipo.com.mx\/detienen-a-duena-del-fatidico-colegio-rebsamen\/\"]}]},{\"@type\":\"ImageObject\",\"inLanguage\":\"es\",\"@id\":\"https:\/\/www.sonoraenequipo.com.mx\/detienen-a-duena-del-fatidico-colegio-rebsamen\/#primaryimage\",\"url\":\"https:\/\/www.sonoraenequipo.com.mx\/storage\/2019\/05\/colegiorebsamen_escombros_opt.jpg\",\"contentUrl\":\"https:\/\/www.sonoraenequipo.com.mx\/storage\/2019\/05\/colegiorebsamen_escombros_opt.jpg\",\"width\":694,\"height\":400},{\"@type\":\"BreadcrumbList\",\"@id\":\"https:\/\/www.sonoraenequipo.com.mx\/detienen-a-duena-del-fatidico-colegio-rebsamen\/#breadcrumb\",\"itemListElement\":[{\"@type\":\"ListItem\",\"position\":1,\"name\":\"Portada\",\"item\":\"https:\/\/www.sonoraenequipo.com.mx\/\"},{\"@type\":\"ListItem\",\"position\":2,\"name\":\"Garc\u00eda Villegas tendr\u00e1 un juicio justo; Claudia Sheinbaum\"}]},{\"@type\":\"WebSite\",\"@id\":\"https:\/\/www.sonoraenequipo.com.mx\/#website\",\"url\":\"https:\/\/www.sonoraenequipo.com.mx\/\",\"name\":\"Sonora en Equipo.\",\"description\":\"Diario en l\u00ednea con Noticias desde Hermosillo, Sonora\",\"publisher\":{\"@id\":\"https:\/\/www.sonoraenequipo.com.mx\/#organization\"},\"potentialAction\":[{\"@type\":\"SearchAction\",\"target\":{\"@type\":\"EntryPoint\",\"urlTemplate\":\"https:\/\/www.sonoraenequipo.com.mx\/?s={search_term_string}\"},\"query-input\":{\"@type\":\"PropertyValueSpecification\",\"valueRequired\":true,\"valueName\":\"search_term_string\"}}],\"inLanguage\":\"es\"},{\"@type\":\"Organization\",\"@id\":\"https:\/\/www.sonoraenequipo.com.mx\/#organization\",\"name\":\"Sonoraenequipo.com.mx\",\"url\":\"https:\/\/www.sonoraenequipo.com.mx\/\",\"logo\":{\"@type\":\"ImageObject\",\"inLanguage\":\"es\",\"@id\":\"https:\/\/www.sonoraenequipo.com.mx\/#\/schema\/logo\/image\/\",\"url\":\"https:\/\/www.sonoraenequipo.com.mx\/storage\/2019\/01\/sonoraenequipo_opt.png\",\"contentUrl\":\"https:\/\/www.sonoraenequipo.com.mx\/storage\/2019\/01\/sonoraenequipo_opt.png\",\"width\":375,\"height\":125,\"caption\":\"Sonoraenequipo.com.mx\"},\"image\":{\"@id\":\"https:\/\/www.sonoraenequipo.com.mx\/#\/schema\/logo\/image\/\"},\"sameAs\":[\"https:\/\/www.facebook.com\/SonoraEE\/\",\"https:\/\/x.com\/sonoraenequipo\",\"https:\/\/www.youtube.com\/channel\/UC338nW-lPEYmJQs4ZABQ1SQ\"]},{\"@type\":\"Person\",\"@id\":\"https:\/\/www.sonoraenequipo.com.mx\/#\/schema\/person\/61a39de478a1763473ad55e8a95fddf6\",\"name\":\"enequipo\",\"image\":{\"@type\":\"ImageObject\",\"inLanguage\":\"es\",\"@id\":\"https:\/\/www.sonoraenequipo.com.mx\/#\/schema\/person\/image\/\",\"url\":\"https:\/\/secure.gravatar.com\/avatar\/e39bc3016d8af598aed3d770c9510dfc2795f37ea1733d99fcc6e97d2c3c9f5e?s=96&d=blank&r=g\",\"contentUrl\":\"https:\/\/secure.gravatar.com\/avatar\/e39bc3016d8af598aed3d770c9510dfc2795f37ea1733d99fcc6e97d2c3c9f5e?s=96&d=blank&r=g\",\"caption\":\"enequipo\"}}]}<\/script>\n ","yoast_head_json":{"title":"Sonora en Equipo. Garc\u00eda Villegas tendr\u00e1 un juicio justo; Claudia Sheinbaum Rep\u00fablica","description":"CIUDAD DE M\u00c9XICO.-M\u00f3nica Garc\u00eda Villegas, la due\u00f1a de una escuela privada donde murieron 19 ni\u00f1os y 7 adultos, aplastados por toneladas de escombros tras En Sonora en Equipo publicamos toda la informaci\u00f3n de Sonora, M\u00e9xico y el Mundo de manera oportuna y busca que la libertad de expresi\u00f3n sea real. Visita nuestro medio informativo publicado desde Hermosillo, Sonora. %","robots":{"index":"index","follow":"follow","max-snippet":"max-snippet:-1","max-image-preview":"max-image-preview:large","max-video-preview":"max-video-preview:-1"},"canonical":"https:\/\/www.sonoraenequipo.com.mx\/detienen-a-duena-del-fatidico-colegio-rebsamen\/","og_locale":"es_ES","og_type":"article","og_title":"Sonora en Equipo. Garc\u00eda Villegas tendr\u00e1 un juicio justo; Claudia Sheinbaum Rep\u00fablica","og_description":"CIUDAD DE M\u00c9XICO.-M\u00f3nica Garc\u00eda Villegas, la due\u00f1a de una escuela privada donde murieron 19 ni\u00f1os y 7 adultos, aplastados por toneladas de escombros tras En Sonora en Equipo publicamos toda la informaci\u00f3n de Sonora, M\u00e9xico y el Mundo de manera oportuna y busca que la libertad de expresi\u00f3n sea real. Visita nuestro medio informativo publicado desde Hermosillo, Sonora. %","og_url":"https:\/\/www.sonoraenequipo.com.mx\/detienen-a-duena-del-fatidico-colegio-rebsamen\/","og_site_name":"Sonora en Equipo.","article_publisher":"https:\/\/www.facebook.com\/SonoraEE\/","article_published_time":"2019-05-12T21:10:49+00:00","article_modified_time":"2019-05-13T12:45:51+00:00","og_image":[{"width":694,"height":400,"url":"https:\/\/www.sonoraenequipo.com.mx\/storage\/2019\/05\/colegiorebsamen_escombros_opt.jpg","type":"image\/jpeg"}],"author":"enequipo","twitter_card":"summary_large_image","twitter_creator":"@sonoraenequipo","twitter_site":"@sonoraenequipo","twitter_misc":{"Escrito por":"enequipo","Tiempo de lectura":"4 minutos"},"schema":{"@context":"https:\/\/schema.org","@graph":[{"@type":"Article","@id":"https:\/\/www.sonoraenequipo.com.mx\/detienen-a-duena-del-fatidico-colegio-rebsamen\/#article","isPartOf":{"@id":"https:\/\/www.sonoraenequipo.com.mx\/detienen-a-duena-del-fatidico-colegio-rebsamen\/"},"author":{"name":"enequipo","@id":"https:\/\/www.sonoraenequipo.com.mx\/#\/schema\/person\/61a39de478a1763473ad55e8a95fddf6"},"headline":"Garc\u00eda Villegas tendr\u00e1 un juicio justo; Claudia Sheinbaum","datePublished":"2019-05-12T21:10:49+00:00","dateModified":"2019-05-13T12:45:51+00:00","mainEntityOfPage":{"@id":"https:\/\/www.sonoraenequipo.com.mx\/detienen-a-duena-del-fatidico-colegio-rebsamen\/"},"wordCount":797,"commentCount":0,"publisher":{"@id":"https:\/\/www.sonoraenequipo.com.mx\/#organization"},"image":{"@id":"https:\/\/www.sonoraenequipo.com.mx\/detienen-a-duena-del-fatidico-colegio-rebsamen\/#primaryimage"},"thumbnailUrl":"https:\/\/www.sonoraenequipo.com.mx\/storage\/2019\/05\/colegiorebsamen_escombros_opt.jpg","keywords":["colegio","Colegio R\u00e9bsamen"],"articleSection":["Rep\u00fablica"],"inLanguage":"es","potentialAction":[{"@type":"CommentAction","name":"Comment","target":["https:\/\/www.sonoraenequipo.com.mx\/detienen-a-duena-del-fatidico-colegio-rebsamen\/#respond"]}]},{"@type":"WebPage","@id":"https:\/\/www.sonoraenequipo.com.mx\/detienen-a-duena-del-fatidico-colegio-rebsamen\/","url":"https:\/\/www.sonoraenequipo.com.mx\/detienen-a-duena-del-fatidico-colegio-rebsamen\/","name":"Sonora en Equipo. Garc\u00eda Villegas tendr\u00e1 un juicio justo; Claudia Sheinbaum Rep\u00fablica","isPartOf":{"@id":"https:\/\/www.sonoraenequipo.com.mx\/#website"},"primaryImageOfPage":{"@id":"https:\/\/www.sonoraenequipo.com.mx\/detienen-a-duena-del-fatidico-colegio-rebsamen\/#primaryimage"},"image":{"@id":"https:\/\/www.sonoraenequipo.com.mx\/detienen-a-duena-del-fatidico-colegio-rebsamen\/#primaryimage"},"thumbnailUrl":"https:\/\/www.sonoraenequipo.com.mx\/storage\/2019\/05\/colegiorebsamen_escombros_opt.jpg","datePublished":"2019-05-12T21:10:49+00:00","dateModified":"2019-05-13T12:45:51+00:00","description":"CIUDAD DE M\u00c9XICO.-M\u00f3nica Garc\u00eda Villegas, la due\u00f1a de una escuela privada donde murieron 19 ni\u00f1os y 7 adultos, aplastados por toneladas de escombros tras En Sonora en Equipo publicamos toda la informaci\u00f3n de Sonora, M\u00e9xico y el Mundo de manera oportuna y busca que la libertad de expresi\u00f3n sea real. Visita nuestro medio informativo publicado desde Hermosillo, Sonora. %","breadcrumb":{"@id":"https:\/\/www.sonoraenequipo.com.mx\/detienen-a-duena-del-fatidico-colegio-rebsamen\/#breadcrumb"},"inLanguage":"es","potentialAction":[{"@type":"ReadAction","target":["https:\/\/www.sonoraenequipo.com.mx\/detienen-a-duena-del-fatidico-colegio-rebsamen\/"]}]},{"@type":"ImageObject","inLanguage":"es","@id":"https:\/\/www.sonoraenequipo.com.mx\/detienen-a-duena-del-fatidico-colegio-rebsamen\/#primaryimage","url":"https:\/\/www.sonoraenequipo.com.mx\/storage\/2019\/05\/colegiorebsamen_escombros_opt.jpg","contentUrl":"https:\/\/www.sonoraenequipo.com.mx\/storage\/2019\/05\/colegiorebsamen_escombros_opt.jpg","width":694,"height":400},{"@type":"BreadcrumbList","@id":"https:\/\/www.sonoraenequipo.com.mx\/detienen-a-duena-del-fatidico-colegio-rebsamen\/#breadcrumb","itemListElement":[{"@type":"ListItem","position":1,"name":"Portada","item":"https:\/\/www.sonoraenequipo.com.mx\/"},{"@type":"ListItem","position":2,"name":"Garc\u00eda Villegas tendr\u00e1 un juicio justo; Claudia Sheinbaum"}]},{"@type":"WebSite","@id":"https:\/\/www.sonoraenequipo.com.mx\/#website","url":"https:\/\/www.sonoraenequipo.com.mx\/","name":"Sonora en Equipo.","description":"Diario en l\u00ednea con Noticias desde Hermosillo, Sonora","publisher":{"@id":"https:\/\/www.sonoraenequipo.com.mx\/#organization"},"potentialAction":[{"@type":"SearchAction","target":{"@type":"EntryPoint","urlTemplate":"https:\/\/www.sonoraenequipo.com.mx\/?s={search_term_string}"},"query-input":{"@type":"PropertyValueSpecification","valueRequired":true,"valueName":"search_term_string"}}],"inLanguage":"es"},{"@type":"Organization","@id":"https:\/\/www.sonoraenequipo.com.mx\/#organization","name":"Sonoraenequipo.com.mx","url":"https:\/\/www.sonoraenequipo.com.mx\/","logo":{"@type":"ImageObject","inLanguage":"es","@id":"https:\/\/www.sonoraenequipo.com.mx\/#\/schema\/logo\/image\/","url":"https:\/\/www.sonoraenequipo.com.mx\/storage\/2019\/01\/sonoraenequipo_opt.png","contentUrl":"https:\/\/www.sonoraenequipo.com.mx\/storage\/2019\/01\/sonoraenequipo_opt.png","width":375,"height":125,"caption":"Sonoraenequipo.com.mx"},"image":{"@id":"https:\/\/www.sonoraenequipo.com.mx\/#\/schema\/logo\/image\/"},"sameAs":["https:\/\/www.facebook.com\/SonoraEE\/","https:\/\/x.com\/sonoraenequipo","https:\/\/www.youtube.com\/channel\/UC338nW-lPEYmJQs4ZABQ1SQ"]},{"@type":"Person","@id":"https:\/\/www.sonoraenequipo.com.mx\/#\/schema\/person\/61a39de478a1763473ad55e8a95fddf6","name":"enequipo","image":{"@type":"ImageObject","inLanguage":"es","@id":"https:\/\/www.sonoraenequipo.com.mx\/#\/schema\/person\/image\/","url":"https:\/\/secure.gravatar.com\/avatar\/e39bc3016d8af598aed3d770c9510dfc2795f37ea1733d99fcc6e97d2c3c9f5e?s=96&d=blank&r=g","contentUrl":"https:\/\/secure.gravatar.com\/avatar\/e39bc3016d8af598aed3d770c9510dfc2795f37ea1733d99fcc6e97d2c3c9f5e?s=96&d=blank&r=g","caption":"enequipo"}}]}},"jetpack_featured_media_url":"https:\/\/www.sonoraenequipo.com.mx\/storage\/2019\/05\/colegiorebsamen_escombros_opt.jpg","_links":{"self":[{"href":"https:\/\/www.sonoraenequipo.com.mx\/api\/wp\/v2\/posts\/60105","targetHints":{"allow":["GET"]}}],"collection":[{"href":"https:\/\/www.sonoraenequipo.com.mx\/api\/wp\/v2\/posts"}],"about":[{"href":"https:\/\/www.sonoraenequipo.com.mx\/api\/wp\/v2\/types\/post"}],"author":[{"embeddable":true,"href":"https:\/\/www.sonoraenequipo.com.mx\/api\/wp\/v2\/users\/178"}],"replies":[{"embeddable":true,"href":"https:\/\/www.sonoraenequipo.com.mx\/api\/wp\/v2\/comments?post=60105"}],"version-history":[{"count":0,"href":"https:\/\/www.sonoraenequipo.com.mx\/api\/wp\/v2\/posts\/60105\/revisions"}],"wp:featuredmedia":[{"embeddable":true,"href":"https:\/\/www.sonoraenequipo.com.mx\/api\/wp\/v2\/media\/59439"}],"wp:attachment":[{"href":"https:\/\/www.sonoraenequipo.com.mx\/api\/wp\/v2\/media?parent=60105"}],"wp:term":[{"taxonomy":"category","embeddable":true,"href":"https:\/\/www.sonoraenequipo.com.mx\/api\/wp\/v2\/categories?post=60105"},{"taxonomy":"post_tag","embeddable":true,"href":"https:\/\/www.sonoraenequipo.com.mx\/api\/wp\/v2\/tags?post=60105"}],"curies":[{"name":"wp","href":"https:\/\/api.w.org\/{rel}","templated":true}]}}