{"id":60107,"date":"2019-05-12T16:17:50","date_gmt":"2019-05-12T23:17:50","guid":{"rendered":"http:\/\/www.sonoraenequipo.com.mx\/?p=60107"},"modified":"2019-05-12T16:17:50","modified_gmt":"2019-05-12T23:17:50","slug":"realizan-en-hermosillo-primera-edicion-de-la-exposicion-reciclarte","status":"publish","type":"post","link":"https:\/\/www.sonoraenequipo.com.mx\/realizan-en-hermosillo-primera-edicion-de-la-exposicion-reciclarte\/","title":{"rendered":"Realizan en Hermosillo primera edici\u00f3n de la exposici\u00f3n ReciclARTE"},"content":{"rendered":"<p>&nbsp;<\/p>\n<p>HERMOSILLO, SONORA.- Una tarde muy colorida se llev\u00f3 a cabo ayer en la primera edici\u00f3n de la exposici\u00f3n ReciclARTE, evento dentro del programa Hermosillo Recicla que impulsa Servicios P\u00fablicos Municipales, con el objetivo de crear conciencia en el beneficio de reutilizar las cosas. <\/p>\n<p>El evento se llev\u00f3 a cabo en Quinta de Anza, junto al Parque Madero, donde los asistentes pudieron acceso totalmente gratuito para observar y dialogar con los m\u00e1s de 10 exponentes locales que ah\u00ed mostraron sus piezas.<\/p>\n<p><img loading=\"lazy\" decoding=\"async\" class=\" x-left\" src=\"http:\/\/www.sonoraenequipo.com.mx\/storage\/2019\/05\/HMO120519b-600x400.jpg\" alt=\"\" width=\"481\" height=\"320\" \/>Norberto Barraza Almaz\u00e1n, titular de la dependencia municipal, coment\u00f3 que buscan impulsar a las personas que tienen el talento para darle un uso productivo y art\u00edstico a los materiales que com\u00fanmente se desechan. \u201cEllos nos ayudan a expresar que no todo es basura\u201d, afirm\u00f3.<\/p>\n<p>El funcionario reiter\u00f3 que Hermosillo es una ciudad con casi un mill\u00f3n de habitantes, por lo que produce todo tipo de deshechos que pueden ser \u00fatiles. \u201cLa palabra reciclar o reusar va a ser muy com\u00fan. Esto es una muestra de c\u00f3mo se pueden hacer cosas de materiales que aparentemente estaban destinados a la basura\u201d, coment\u00f3.<\/p>\n<p>Aar\u00f3n Monta\u00f1o Duarte, responsable de Hermosillo Recicla destac\u00f3 que el evento fue para conmemorar el D\u00eda Internacional del Reciclaje el 17 de mayo. \u201cActualmente estamos trabajando en hacer esta exposici\u00f3n m\u00e1s grande y con la participaci\u00f3n de m\u00e1s artistas el pr\u00f3ximo 17 de este mes en la Plaza Zaragoza\u201d, inform\u00f3.<\/p>\n<p>Los asistentes observaron con curiosidad las esculturas hechas a base de metales reciclados, instrumentos musicales en desuso convertidos en l\u00e1mparas, puertas transformadas en lienzos coloridos y otras piezas llenas de arte.<\/p>\n<p>Bloques ecol\u00f3gicos<\/p>\n<p>En la exposici\u00f3n de ReciclARTE se encontraron talentosos artistas como el se\u00f1or Arturo Enciso Medina, qui\u00e9n con restos de lo que com\u00fanmente conocemos como \u201chielo seco\u201d o \u201cunicel\u201d, cemento y un poco de arena cre\u00f3 los bloques ecol\u00f3gicos.<\/p>\n<p>\u201cEstos tienen la medida est\u00e1ndar de un ladrillo y tienen la ventaja de ser aislantes y t\u00e9rmicos\u201d, asegur\u00f3.<\/p>\n<p>Enciso Medina platic\u00f3 que su proyecto inici\u00f3 porque al ser \u00e9l de profesi\u00f3n alba\u00f1il, en una ocasi\u00f3n un cliente le pidi\u00f3 un block aislante. \u201cFue as\u00ed como naci\u00f3 la idea y actualmente yo los estoy utilizando para una ampliaci\u00f3n de mi casa\u201d, asegur\u00f3.<\/p>\n<p>Fecha de publicaci\u00f3n 12\/05\/2019<\/p>\n","protected":false},"excerpt":{"rendered":"<p>&nbsp; HERMOSILLO, SONORA.- Una tarde muy colorida se llev\u00f3 a cabo ayer en la primera&#8230;<\/p>\n","protected":false},"author":178,"featured_media":0,"comment_status":"open","ping_status":"open","sticky":false,"template":"","format":"standard","meta":{"_monsterinsights_skip_tracking":false,"_monsterinsights_sitenote_active":false,"_monsterinsights_sitenote_note":"","_monsterinsights_sitenote_category":0,"footnotes":""},"categories":[4],"tags":[3057,3058],"class_list":["post"],"yoast_head":" \n<title>Sonora en Equipo. Realizan en Hermosillo primera edici\u00f3n de la exposici\u00f3n ReciclARTE Municipios<\/title>\n<meta name=\"description\" content=\"&nbsp; HERMOSILLO, SONORA.- Una tarde muy colorida se llev\u00f3 a cabo ayer en la primera edici\u00f3n de la exposici\u00f3n ReciclARTE, evento dentro del programa En Sonora en Equipo publicamos toda la informaci\u00f3n de Sonora, M\u00e9xico y el Mundo de manera oportuna y busca que la libertad de expresi\u00f3n sea real. Visita nuestro medio informativo publicado desde Hermosillo, Sonora. %\" \/>\n<meta name=\"robots\" content=\"index, follow, max-snippet:-1, max-image-preview:large, max-video-preview:-1\" \/>\n<link rel=\"canonical\" href=\"https:\/\/www.sonoraenequipo.com.mx\/realizan-en-hermosillo-primera-edicion-de-la-exposicion-reciclarte\/\" \/>\n<meta property=\"og:locale\" content=\"es_ES\" \/>\n<meta property=\"og:type\" content=\"article\" \/>\n<meta property=\"og:title\" content=\"Sonora en Equipo. Realizan en Hermosillo primera edici\u00f3n de la exposici\u00f3n ReciclARTE Municipios\" \/>\n<meta property=\"og:description\" content=\"&nbsp; HERMOSILLO, SONORA.- Una tarde muy colorida se llev\u00f3 a cabo ayer en la primera edici\u00f3n de la exposici\u00f3n ReciclARTE, evento dentro del programa En Sonora en Equipo publicamos toda la informaci\u00f3n de Sonora, M\u00e9xico y el Mundo de manera oportuna y busca que la libertad de expresi\u00f3n sea real. Visita nuestro medio informativo publicado desde Hermosillo, Sonora. %\" \/>\n<meta property=\"og:url\" content=\"https:\/\/www.sonoraenequipo.com.mx\/realizan-en-hermosillo-primera-edicion-de-la-exposicion-reciclarte\/\" \/>\n<meta property=\"og:site_name\" content=\"Sonora en Equipo.\" \/>\n<meta property=\"article:publisher\" content=\"https:\/\/www.facebook.com\/SonoraEE\/\" \/>\n<meta property=\"article:published_time\" content=\"2019-05-12T23:17:50+00:00\" \/>\n<meta property=\"og:image\" content=\"http:\/\/www.sonoraenequipo.com.mx\/storage\/2019\/05\/HMO120519b-600x400.jpg\" \/>\n<meta name=\"author\" content=\"enequipo\" \/>\n<meta name=\"twitter:card\" content=\"summary_large_image\" \/>\n<meta name=\"twitter:creator\" content=\"@sonoraenequipo\" \/>\n<meta name=\"twitter:site\" content=\"@sonoraenequipo\" \/>\n<meta name=\"twitter:label1\" content=\"Escrito por\" \/>\n\t<meta name=\"twitter:data1\" content=\"enequipo\" \/>\n\t<meta name=\"twitter:label2\" content=\"Tiempo de lectura\" \/>\n\t<meta name=\"twitter:data2\" content=\"2 minutos\" \/>\n<script type=\"application\/ld+json\" class=\"yoast-schema-graph\">{\"@context\":\"https:\/\/schema.org\",\"@graph\":[{\"@type\":\"Article\",\"@id\":\"https:\/\/www.sonoraenequipo.com.mx\/realizan-en-hermosillo-primera-edicion-de-la-exposicion-reciclarte\/#article\",\"isPartOf\":{\"@id\":\"https:\/\/www.sonoraenequipo.com.mx\/realizan-en-hermosillo-primera-edicion-de-la-exposicion-reciclarte\/\"},\"author\":{\"name\":\"enequipo\",\"@id\":\"https:\/\/www.sonoraenequipo.com.mx\/#\/schema\/person\/61a39de478a1763473ad55e8a95fddf6\"},\"headline\":\"Realizan en Hermosillo primera edici\u00f3n de la exposici\u00f3n ReciclARTE\",\"datePublished\":\"2019-05-12T23:17:50+00:00\",\"mainEntityOfPage\":{\"@id\":\"https:\/\/www.sonoraenequipo.com.mx\/realizan-en-hermosillo-primera-edicion-de-la-exposicion-reciclarte\/\"},\"wordCount\":407,\"commentCount\":0,\"publisher\":{\"@id\":\"https:\/\/www.sonoraenequipo.com.mx\/#organization\"},\"image\":{\"@id\":\"https:\/\/www.sonoraenequipo.com.mx\/realizan-en-hermosillo-primera-edicion-de-la-exposicion-reciclarte\/#primaryimage\"},\"thumbnailUrl\":\"http:\/\/www.sonoraenequipo.com.mx\/storage\/2019\/05\/HMO120519b-600x400.jpg\",\"keywords\":[\"exposici\u00f3n\",\"reciclarte\"],\"articleSection\":[\"Municipios\"],\"inLanguage\":\"es\",\"potentialAction\":[{\"@type\":\"CommentAction\",\"name\":\"Comment\",\"target\":[\"https:\/\/www.sonoraenequipo.com.mx\/realizan-en-hermosillo-primera-edicion-de-la-exposicion-reciclarte\/#respond\"]}]},{\"@type\":\"WebPage\",\"@id\":\"https:\/\/www.sonoraenequipo.com.mx\/realizan-en-hermosillo-primera-edicion-de-la-exposicion-reciclarte\/\",\"url\":\"https:\/\/www.sonoraenequipo.com.mx\/realizan-en-hermosillo-primera-edicion-de-la-exposicion-reciclarte\/\",\"name\":\"Sonora en Equipo. Realizan en Hermosillo primera edici\u00f3n de la exposici\u00f3n ReciclARTE Municipios\",\"isPartOf\":{\"@id\":\"https:\/\/www.sonoraenequipo.com.mx\/#website\"},\"primaryImageOfPage\":{\"@id\":\"https:\/\/www.sonoraenequipo.com.mx\/realizan-en-hermosillo-primera-edicion-de-la-exposicion-reciclarte\/#primaryimage\"},\"image\":{\"@id\":\"https:\/\/www.sonoraenequipo.com.mx\/realizan-en-hermosillo-primera-edicion-de-la-exposicion-reciclarte\/#primaryimage\"},\"thumbnailUrl\":\"http:\/\/www.sonoraenequipo.com.mx\/storage\/2019\/05\/HMO120519b-600x400.jpg\",\"datePublished\":\"2019-05-12T23:17:50+00:00\",\"description\":\"&nbsp; HERMOSILLO, SONORA.- Una tarde muy colorida se llev\u00f3 a cabo ayer en la primera edici\u00f3n de la exposici\u00f3n ReciclARTE, evento dentro del programa En Sonora en Equipo publicamos toda la informaci\u00f3n de Sonora, M\u00e9xico y el Mundo de manera oportuna y busca que la libertad de expresi\u00f3n sea real. Visita nuestro medio informativo publicado desde Hermosillo, Sonora. %\",\"breadcrumb\":{\"@id\":\"https:\/\/www.sonoraenequipo.com.mx\/realizan-en-hermosillo-primera-edicion-de-la-exposicion-reciclarte\/#breadcrumb\"},\"inLanguage\":\"es\",\"potentialAction\":[{\"@type\":\"ReadAction\",\"target\":[\"https:\/\/www.sonoraenequipo.com.mx\/realizan-en-hermosillo-primera-edicion-de-la-exposicion-reciclarte\/\"]}]},{\"@type\":\"ImageObject\",\"inLanguage\":\"es\",\"@id\":\"https:\/\/www.sonoraenequipo.com.mx\/realizan-en-hermosillo-primera-edicion-de-la-exposicion-reciclarte\/#primaryimage\",\"url\":\"http:\/\/www.sonoraenequipo.com.mx\/storage\/2019\/05\/HMO120519b-600x400.jpg\",\"contentUrl\":\"http:\/\/www.sonoraenequipo.com.mx\/storage\/2019\/05\/HMO120519b-600x400.jpg\"},{\"@type\":\"BreadcrumbList\",\"@id\":\"https:\/\/www.sonoraenequipo.com.mx\/realizan-en-hermosillo-primera-edicion-de-la-exposicion-reciclarte\/#breadcrumb\",\"itemListElement\":[{\"@type\":\"ListItem\",\"position\":1,\"name\":\"Portada\",\"item\":\"https:\/\/www.sonoraenequipo.com.mx\/\"},{\"@type\":\"ListItem\",\"position\":2,\"name\":\"Realizan en Hermosillo primera edici\u00f3n de la exposici\u00f3n ReciclARTE\"}]},{\"@type\":\"WebSite\",\"@id\":\"https:\/\/www.sonoraenequipo.com.mx\/#website\",\"url\":\"https:\/\/www.sonoraenequipo.com.mx\/\",\"name\":\"Sonora en Equipo.\",\"description\":\"Diario en l\u00ednea con Noticias desde Hermosillo, Sonora\",\"publisher\":{\"@id\":\"https:\/\/www.sonoraenequipo.com.mx\/#organization\"},\"potentialAction\":[{\"@type\":\"SearchAction\",\"target\":{\"@type\":\"EntryPoint\",\"urlTemplate\":\"https:\/\/www.sonoraenequipo.com.mx\/?s={search_term_string}\"},\"query-input\":{\"@type\":\"PropertyValueSpecification\",\"valueRequired\":true,\"valueName\":\"search_term_string\"}}],\"inLanguage\":\"es\"},{\"@type\":\"Organization\",\"@id\":\"https:\/\/www.sonoraenequipo.com.mx\/#organization\",\"name\":\"Sonoraenequipo.com.mx\",\"url\":\"https:\/\/www.sonoraenequipo.com.mx\/\",\"logo\":{\"@type\":\"ImageObject\",\"inLanguage\":\"es\",\"@id\":\"https:\/\/www.sonoraenequipo.com.mx\/#\/schema\/logo\/image\/\",\"url\":\"https:\/\/www.sonoraenequipo.com.mx\/storage\/2019\/01\/sonoraenequipo_opt.png\",\"contentUrl\":\"https:\/\/www.sonoraenequipo.com.mx\/storage\/2019\/01\/sonoraenequipo_opt.png\",\"width\":375,\"height\":125,\"caption\":\"Sonoraenequipo.com.mx\"},\"image\":{\"@id\":\"https:\/\/www.sonoraenequipo.com.mx\/#\/schema\/logo\/image\/\"},\"sameAs\":[\"https:\/\/www.facebook.com\/SonoraEE\/\",\"https:\/\/x.com\/sonoraenequipo\",\"https:\/\/www.youtube.com\/channel\/UC338nW-lPEYmJQs4ZABQ1SQ\"]},{\"@type\":\"Person\",\"@id\":\"https:\/\/www.sonoraenequipo.com.mx\/#\/schema\/person\/61a39de478a1763473ad55e8a95fddf6\",\"name\":\"enequipo\",\"image\":{\"@type\":\"ImageObject\",\"inLanguage\":\"es\",\"@id\":\"https:\/\/www.sonoraenequipo.com.mx\/#\/schema\/person\/image\/\",\"url\":\"https:\/\/secure.gravatar.com\/avatar\/e39bc3016d8af598aed3d770c9510dfc2795f37ea1733d99fcc6e97d2c3c9f5e?s=96&d=blank&r=g\",\"contentUrl\":\"https:\/\/secure.gravatar.com\/avatar\/e39bc3016d8af598aed3d770c9510dfc2795f37ea1733d99fcc6e97d2c3c9f5e?s=96&d=blank&r=g\",\"caption\":\"enequipo\"}}]}<\/script>\n ","yoast_head_json":{"title":"Sonora en Equipo. Realizan en Hermosillo primera edici\u00f3n de la exposici\u00f3n ReciclARTE Municipios","description":"&nbsp; HERMOSILLO, SONORA.- Una tarde muy colorida se llev\u00f3 a cabo ayer en la primera edici\u00f3n de la exposici\u00f3n ReciclARTE, evento dentro del programa En Sonora en Equipo publicamos toda la informaci\u00f3n de Sonora, M\u00e9xico y el Mundo de manera oportuna y busca que la libertad de expresi\u00f3n sea real. Visita nuestro medio informativo publicado desde Hermosillo, Sonora. %","robots":{"index":"index","follow":"follow","max-snippet":"max-snippet:-1","max-image-preview":"max-image-preview:large","max-video-preview":"max-video-preview:-1"},"canonical":"https:\/\/www.sonoraenequipo.com.mx\/realizan-en-hermosillo-primera-edicion-de-la-exposicion-reciclarte\/","og_locale":"es_ES","og_type":"article","og_title":"Sonora en Equipo. Realizan en Hermosillo primera edici\u00f3n de la exposici\u00f3n ReciclARTE Municipios","og_description":"&nbsp; HERMOSILLO, SONORA.- Una tarde muy colorida se llev\u00f3 a cabo ayer en la primera edici\u00f3n de la exposici\u00f3n ReciclARTE, evento dentro del programa En Sonora en Equipo publicamos toda la informaci\u00f3n de Sonora, M\u00e9xico y el Mundo de manera oportuna y busca que la libertad de expresi\u00f3n sea real. Visita nuestro medio informativo publicado desde Hermosillo, Sonora. %","og_url":"https:\/\/www.sonoraenequipo.com.mx\/realizan-en-hermosillo-primera-edicion-de-la-exposicion-reciclarte\/","og_site_name":"Sonora en Equipo.","article_publisher":"https:\/\/www.facebook.com\/SonoraEE\/","article_published_time":"2019-05-12T23:17:50+00:00","og_image":[{"url":"http:\/\/www.sonoraenequipo.com.mx\/storage\/2019\/05\/HMO120519b-600x400.jpg","type":"","width":"","height":""}],"author":"enequipo","twitter_card":"summary_large_image","twitter_creator":"@sonoraenequipo","twitter_site":"@sonoraenequipo","twitter_misc":{"Escrito por":"enequipo","Tiempo de lectura":"2 minutos"},"schema":{"@context":"https:\/\/schema.org","@graph":[{"@type":"Article","@id":"https:\/\/www.sonoraenequipo.com.mx\/realizan-en-hermosillo-primera-edicion-de-la-exposicion-reciclarte\/#article","isPartOf":{"@id":"https:\/\/www.sonoraenequipo.com.mx\/realizan-en-hermosillo-primera-edicion-de-la-exposicion-reciclarte\/"},"author":{"name":"enequipo","@id":"https:\/\/www.sonoraenequipo.com.mx\/#\/schema\/person\/61a39de478a1763473ad55e8a95fddf6"},"headline":"Realizan en Hermosillo primera edici\u00f3n de la exposici\u00f3n ReciclARTE","datePublished":"2019-05-12T23:17:50+00:00","mainEntityOfPage":{"@id":"https:\/\/www.sonoraenequipo.com.mx\/realizan-en-hermosillo-primera-edicion-de-la-exposicion-reciclarte\/"},"wordCount":407,"commentCount":0,"publisher":{"@id":"https:\/\/www.sonoraenequipo.com.mx\/#organization"},"image":{"@id":"https:\/\/www.sonoraenequipo.com.mx\/realizan-en-hermosillo-primera-edicion-de-la-exposicion-reciclarte\/#primaryimage"},"thumbnailUrl":"http:\/\/www.sonoraenequipo.com.mx\/storage\/2019\/05\/HMO120519b-600x400.jpg","keywords":["exposici\u00f3n","reciclarte"],"articleSection":["Municipios"],"inLanguage":"es","potentialAction":[{"@type":"CommentAction","name":"Comment","target":["https:\/\/www.sonoraenequipo.com.mx\/realizan-en-hermosillo-primera-edicion-de-la-exposicion-reciclarte\/#respond"]}]},{"@type":"WebPage","@id":"https:\/\/www.sonoraenequipo.com.mx\/realizan-en-hermosillo-primera-edicion-de-la-exposicion-reciclarte\/","url":"https:\/\/www.sonoraenequipo.com.mx\/realizan-en-hermosillo-primera-edicion-de-la-exposicion-reciclarte\/","name":"Sonora en Equipo. Realizan en Hermosillo primera edici\u00f3n de la exposici\u00f3n ReciclARTE Municipios","isPartOf":{"@id":"https:\/\/www.sonoraenequipo.com.mx\/#website"},"primaryImageOfPage":{"@id":"https:\/\/www.sonoraenequipo.com.mx\/realizan-en-hermosillo-primera-edicion-de-la-exposicion-reciclarte\/#primaryimage"},"image":{"@id":"https:\/\/www.sonoraenequipo.com.mx\/realizan-en-hermosillo-primera-edicion-de-la-exposicion-reciclarte\/#primaryimage"},"thumbnailUrl":"http:\/\/www.sonoraenequipo.com.mx\/storage\/2019\/05\/HMO120519b-600x400.jpg","datePublished":"2019-05-12T23:17:50+00:00","description":"&nbsp; HERMOSILLO, SONORA.- Una tarde muy colorida se llev\u00f3 a cabo ayer en la primera edici\u00f3n de la exposici\u00f3n ReciclARTE, evento dentro del programa En Sonora en Equipo publicamos toda la informaci\u00f3n de Sonora, M\u00e9xico y el Mundo de manera oportuna y busca que la libertad de expresi\u00f3n sea real. Visita nuestro medio informativo publicado desde Hermosillo, Sonora. %","breadcrumb":{"@id":"https:\/\/www.sonoraenequipo.com.mx\/realizan-en-hermosillo-primera-edicion-de-la-exposicion-reciclarte\/#breadcrumb"},"inLanguage":"es","potentialAction":[{"@type":"ReadAction","target":["https:\/\/www.sonoraenequipo.com.mx\/realizan-en-hermosillo-primera-edicion-de-la-exposicion-reciclarte\/"]}]},{"@type":"ImageObject","inLanguage":"es","@id":"https:\/\/www.sonoraenequipo.com.mx\/realizan-en-hermosillo-primera-edicion-de-la-exposicion-reciclarte\/#primaryimage","url":"http:\/\/www.sonoraenequipo.com.mx\/storage\/2019\/05\/HMO120519b-600x400.jpg","contentUrl":"http:\/\/www.sonoraenequipo.com.mx\/storage\/2019\/05\/HMO120519b-600x400.jpg"},{"@type":"BreadcrumbList","@id":"https:\/\/www.sonoraenequipo.com.mx\/realizan-en-hermosillo-primera-edicion-de-la-exposicion-reciclarte\/#breadcrumb","itemListElement":[{"@type":"ListItem","position":1,"name":"Portada","item":"https:\/\/www.sonoraenequipo.com.mx\/"},{"@type":"ListItem","position":2,"name":"Realizan en Hermosillo primera edici\u00f3n de la exposici\u00f3n ReciclARTE"}]},{"@type":"WebSite","@id":"https:\/\/www.sonoraenequipo.com.mx\/#website","url":"https:\/\/www.sonoraenequipo.com.mx\/","name":"Sonora en Equipo.","description":"Diario en l\u00ednea con Noticias desde Hermosillo, Sonora","publisher":{"@id":"https:\/\/www.sonoraenequipo.com.mx\/#organization"},"potentialAction":[{"@type":"SearchAction","target":{"@type":"EntryPoint","urlTemplate":"https:\/\/www.sonoraenequipo.com.mx\/?s={search_term_string}"},"query-input":{"@type":"PropertyValueSpecification","valueRequired":true,"valueName":"search_term_string"}}],"inLanguage":"es"},{"@type":"Organization","@id":"https:\/\/www.sonoraenequipo.com.mx\/#organization","name":"Sonoraenequipo.com.mx","url":"https:\/\/www.sonoraenequipo.com.mx\/","logo":{"@type":"ImageObject","inLanguage":"es","@id":"https:\/\/www.sonoraenequipo.com.mx\/#\/schema\/logo\/image\/","url":"https:\/\/www.sonoraenequipo.com.mx\/storage\/2019\/01\/sonoraenequipo_opt.png","contentUrl":"https:\/\/www.sonoraenequipo.com.mx\/storage\/2019\/01\/sonoraenequipo_opt.png","width":375,"height":125,"caption":"Sonoraenequipo.com.mx"},"image":{"@id":"https:\/\/www.sonoraenequipo.com.mx\/#\/schema\/logo\/image\/"},"sameAs":["https:\/\/www.facebook.com\/SonoraEE\/","https:\/\/x.com\/sonoraenequipo","https:\/\/www.youtube.com\/channel\/UC338nW-lPEYmJQs4ZABQ1SQ"]},{"@type":"Person","@id":"https:\/\/www.sonoraenequipo.com.mx\/#\/schema\/person\/61a39de478a1763473ad55e8a95fddf6","name":"enequipo","image":{"@type":"ImageObject","inLanguage":"es","@id":"https:\/\/www.sonoraenequipo.com.mx\/#\/schema\/person\/image\/","url":"https:\/\/secure.gravatar.com\/avatar\/e39bc3016d8af598aed3d770c9510dfc2795f37ea1733d99fcc6e97d2c3c9f5e?s=96&d=blank&r=g","contentUrl":"https:\/\/secure.gravatar.com\/avatar\/e39bc3016d8af598aed3d770c9510dfc2795f37ea1733d99fcc6e97d2c3c9f5e?s=96&d=blank&r=g","caption":"enequipo"}}]}},"jetpack_featured_media_url":"","_links":{"self":[{"href":"https:\/\/www.sonoraenequipo.com.mx\/api\/wp\/v2\/posts\/60107","targetHints":{"allow":["GET"]}}],"collection":[{"href":"https:\/\/www.sonoraenequipo.com.mx\/api\/wp\/v2\/posts"}],"about":[{"href":"https:\/\/www.sonoraenequipo.com.mx\/api\/wp\/v2\/types\/post"}],"author":[{"embeddable":true,"href":"https:\/\/www.sonoraenequipo.com.mx\/api\/wp\/v2\/users\/178"}],"replies":[{"embeddable":true,"href":"https:\/\/www.sonoraenequipo.com.mx\/api\/wp\/v2\/comments?post=60107"}],"version-history":[{"count":0,"href":"https:\/\/www.sonoraenequipo.com.mx\/api\/wp\/v2\/posts\/60107\/revisions"}],"wp:attachment":[{"href":"https:\/\/www.sonoraenequipo.com.mx\/api\/wp\/v2\/media?parent=60107"}],"wp:term":[{"taxonomy":"category","embeddable":true,"href":"https:\/\/www.sonoraenequipo.com.mx\/api\/wp\/v2\/categories?post=60107"},{"taxonomy":"post_tag","embeddable":true,"href":"https:\/\/www.sonoraenequipo.com.mx\/api\/wp\/v2\/tags?post=60107"}],"curies":[{"name":"wp","href":"https:\/\/api.w.org\/{rel}","templated":true}]}}