{"id":60115,"date":"2019-05-12T20:06:48","date_gmt":"2019-05-13T03:06:48","guid":{"rendered":"http:\/\/www.sonoraenequipo.com.mx\/?p=60115"},"modified":"2019-05-12T20:06:48","modified_gmt":"2019-05-13T03:06:48","slug":"temen-por-retrazos-en-cruces-fronterizos-estados-unidos-canada","status":"publish","type":"post","link":"https:\/\/www.sonoraenequipo.com.mx\/temen-por-retrazos-en-cruces-fronterizos-estados-unidos-canada\/","title":{"rendered":"Temen por retrazos en cruces fronterizos Estados Unidos Canad\u00e1"},"content":{"rendered":"<p>ONTARIO CANAD\u00c1.- Las agencias a cargo de la protecci\u00f3n fronteriza entre Estados Unidos y Canad\u00e1 temen enormes retrasos en los tr\u00e1mites debido a que muchos agentes est\u00e1n siendo transferidos a la frontera sur. <\/p>\n<p>El cambio ocurre justo en el ajetreado inicio de la temporada de turismo de verano, lo que preocupa a quienes a lo largo de la frontera norte dependen del comercio transfronterizo.<\/p>\n<p>La Oficina de Aduanas y Protecci\u00f3n Fronteriza de Estados Unidos dijo que 731 agentes de la frontera norte est\u00e1n en proceso de ser enviados a la frontera con M\u00e9xico, donde ayudar\u00e1n a colegas a lidiar con el arribo de familias y ni\u00f1os no acompa\u00f1ados que vienen de Centroam\u00e9rica.<\/p>\n<p>Esto sucede mientras los negocios se preparan para la temporada de verano, cuando decenas de miles de turistas canadienses reaniman las econom\u00edas en los estados fronterizos y en otros lugares dentro de Estados Unidos. Dado que la seguridad fronteriza entre Estados Unidos y Canad\u00e1 se increment\u00f3 poco despu\u00e9s de los ataques del 11 de septiembre de 2001, ahora funcionarios locales y estatales temen que el endurecimiento de las medidas pueda afectar el comercio y el libre flujo de personas de un lado a otro a lo largo de la frontera de 5.525 millas (8.891 kil\u00f3metros).<\/p>\n<p>Garry Douglas, de la C\u00e1mara de Comercio North Country en Plattsburgh, Nueva York, dijo que el comercio con Canad\u00e1 es la \u00abfuerza motriz m\u00e1s grande\u00bb en la econom\u00eda regional y que se necesitaron a\u00f1os para obtener niveles adecuados de personal en la frontera norte, por donde cruzan diariamente unas 400.000 personas y 1.600 millones de d\u00f3lares en bienes.<\/p>\n<p>En un correo electr\u00f3nico, dijo que todav\u00eda no hab\u00eda visto ning\u00fan problema, pero advirti\u00f3 que la temporada alta de viajes comienza el fin de semana feriado del D\u00eda de la Victoria en Canad\u00e1, del 18 al 20 de mayo.<\/p>\n<p>Fecha de publicaci\u00f3n 12\/05\/2019 (Voz de Am\u00e9rica)<\/p>\n","protected":false},"excerpt":{"rendered":"<p>ONTARIO CANAD\u00c1.- Las agencias a cargo de la protecci\u00f3n fronteriza entre Estados Unidos y Canad\u00e1&#8230;<\/p>\n","protected":false},"author":178,"featured_media":60116,"comment_status":"open","ping_status":"open","sticky":false,"template":"","format":"standard","meta":{"_monsterinsights_skip_tracking":false,"_monsterinsights_sitenote_active":false,"_monsterinsights_sitenote_note":"","_monsterinsights_sitenote_category":0,"footnotes":""},"categories":[3],"tags":[1557,150],"class_list":["post"],"yoast_head":" \n<title>Sonora en Equipo. Temen por retrazos en cruces fronterizos Estados Unidos Canad\u00e1 MUNDO<\/title>\n<meta name=\"description\" content=\"ONTARIO CANAD\u00c1.- Las agencias a cargo de la protecci\u00f3n fronteriza entre Estados Unidos y Canad\u00e1 temen enormes retrasos en los tr\u00e1mites debido a que muchos En Sonora en Equipo publicamos toda la informaci\u00f3n de Sonora, M\u00e9xico y el Mundo de manera oportuna y busca que la libertad de expresi\u00f3n sea real. Visita nuestro medio informativo publicado desde Hermosillo, Sonora. %\" \/>\n<meta name=\"robots\" content=\"index, follow, max-snippet:-1, max-image-preview:large, max-video-preview:-1\" \/>\n<link rel=\"canonical\" href=\"https:\/\/www.sonoraenequipo.com.mx\/temen-por-retrazos-en-cruces-fronterizos-estados-unidos-canada\/\" \/>\n<meta property=\"og:locale\" content=\"es_ES\" \/>\n<meta property=\"og:type\" content=\"article\" \/>\n<meta property=\"og:title\" content=\"Sonora en Equipo. Temen por retrazos en cruces fronterizos Estados Unidos Canad\u00e1 MUNDO\" \/>\n<meta property=\"og:description\" content=\"ONTARIO CANAD\u00c1.- Las agencias a cargo de la protecci\u00f3n fronteriza entre Estados Unidos y Canad\u00e1 temen enormes retrasos en los tr\u00e1mites debido a que muchos En Sonora en Equipo publicamos toda la informaci\u00f3n de Sonora, M\u00e9xico y el Mundo de manera oportuna y busca que la libertad de expresi\u00f3n sea real. Visita nuestro medio informativo publicado desde Hermosillo, Sonora. %\" \/>\n<meta property=\"og:url\" content=\"https:\/\/www.sonoraenequipo.com.mx\/temen-por-retrazos-en-cruces-fronterizos-estados-unidos-canada\/\" \/>\n<meta property=\"og:site_name\" content=\"Sonora en Equipo.\" \/>\n<meta property=\"article:publisher\" content=\"https:\/\/www.facebook.com\/SonoraEE\/\" \/>\n<meta property=\"article:published_time\" content=\"2019-05-13T03:06:48+00:00\" \/>\n<meta property=\"og:image\" content=\"https:\/\/www.sonoraenequipo.com.mx\/storage\/2019\/05\/front-eu-can.jpg\" \/>\n\t<meta property=\"og:image:width\" content=\"500\" \/>\n\t<meta property=\"og:image:height\" content=\"281\" \/>\n\t<meta property=\"og:image:type\" content=\"image\/jpeg\" \/>\n<meta name=\"author\" content=\"enequipo\" \/>\n<meta name=\"twitter:card\" content=\"summary_large_image\" \/>\n<meta name=\"twitter:creator\" content=\"@sonoraenequipo\" \/>\n<meta name=\"twitter:site\" content=\"@sonoraenequipo\" \/>\n<meta name=\"twitter:label1\" content=\"Escrito por\" \/>\n\t<meta name=\"twitter:data1\" content=\"enequipo\" \/>\n\t<meta name=\"twitter:label2\" content=\"Tiempo de lectura\" \/>\n\t<meta name=\"twitter:data2\" content=\"2 minutos\" \/>\n<script type=\"application\/ld+json\" class=\"yoast-schema-graph\">{\"@context\":\"https:\/\/schema.org\",\"@graph\":[{\"@type\":\"Article\",\"@id\":\"https:\/\/www.sonoraenequipo.com.mx\/temen-por-retrazos-en-cruces-fronterizos-estados-unidos-canada\/#article\",\"isPartOf\":{\"@id\":\"https:\/\/www.sonoraenequipo.com.mx\/temen-por-retrazos-en-cruces-fronterizos-estados-unidos-canada\/\"},\"author\":{\"name\":\"enequipo\",\"@id\":\"https:\/\/www.sonoraenequipo.com.mx\/#\/schema\/person\/61a39de478a1763473ad55e8a95fddf6\"},\"headline\":\"Temen por retrazos en cruces fronterizos Estados Unidos Canad\u00e1\",\"datePublished\":\"2019-05-13T03:06:48+00:00\",\"mainEntityOfPage\":{\"@id\":\"https:\/\/www.sonoraenequipo.com.mx\/temen-por-retrazos-en-cruces-fronterizos-estados-unidos-canada\/\"},\"wordCount\":336,\"commentCount\":0,\"publisher\":{\"@id\":\"https:\/\/www.sonoraenequipo.com.mx\/#organization\"},\"image\":{\"@id\":\"https:\/\/www.sonoraenequipo.com.mx\/temen-por-retrazos-en-cruces-fronterizos-estados-unidos-canada\/#primaryimage\"},\"thumbnailUrl\":\"https:\/\/www.sonoraenequipo.com.mx\/storage\/2019\/05\/front-eu-can.jpg\",\"keywords\":[\"CANAD\u00c1\",\"estados unidos\"],\"articleSection\":[\"MUNDO\"],\"inLanguage\":\"es\",\"potentialAction\":[{\"@type\":\"CommentAction\",\"name\":\"Comment\",\"target\":[\"https:\/\/www.sonoraenequipo.com.mx\/temen-por-retrazos-en-cruces-fronterizos-estados-unidos-canada\/#respond\"]}]},{\"@type\":\"WebPage\",\"@id\":\"https:\/\/www.sonoraenequipo.com.mx\/temen-por-retrazos-en-cruces-fronterizos-estados-unidos-canada\/\",\"url\":\"https:\/\/www.sonoraenequipo.com.mx\/temen-por-retrazos-en-cruces-fronterizos-estados-unidos-canada\/\",\"name\":\"Sonora en Equipo. Temen por retrazos en cruces fronterizos Estados Unidos Canad\u00e1 MUNDO\",\"isPartOf\":{\"@id\":\"https:\/\/www.sonoraenequipo.com.mx\/#website\"},\"primaryImageOfPage\":{\"@id\":\"https:\/\/www.sonoraenequipo.com.mx\/temen-por-retrazos-en-cruces-fronterizos-estados-unidos-canada\/#primaryimage\"},\"image\":{\"@id\":\"https:\/\/www.sonoraenequipo.com.mx\/temen-por-retrazos-en-cruces-fronterizos-estados-unidos-canada\/#primaryimage\"},\"thumbnailUrl\":\"https:\/\/www.sonoraenequipo.com.mx\/storage\/2019\/05\/front-eu-can.jpg\",\"datePublished\":\"2019-05-13T03:06:48+00:00\",\"description\":\"ONTARIO CANAD\u00c1.- Las agencias a cargo de la protecci\u00f3n fronteriza entre Estados Unidos y Canad\u00e1 temen enormes retrasos en los tr\u00e1mites debido a que muchos En Sonora en Equipo publicamos toda la informaci\u00f3n de Sonora, M\u00e9xico y el Mundo de manera oportuna y busca que la libertad de expresi\u00f3n sea real. Visita nuestro medio informativo publicado desde Hermosillo, Sonora. %\",\"breadcrumb\":{\"@id\":\"https:\/\/www.sonoraenequipo.com.mx\/temen-por-retrazos-en-cruces-fronterizos-estados-unidos-canada\/#breadcrumb\"},\"inLanguage\":\"es\",\"potentialAction\":[{\"@type\":\"ReadAction\",\"target\":[\"https:\/\/www.sonoraenequipo.com.mx\/temen-por-retrazos-en-cruces-fronterizos-estados-unidos-canada\/\"]}]},{\"@type\":\"ImageObject\",\"inLanguage\":\"es\",\"@id\":\"https:\/\/www.sonoraenequipo.com.mx\/temen-por-retrazos-en-cruces-fronterizos-estados-unidos-canada\/#primaryimage\",\"url\":\"https:\/\/www.sonoraenequipo.com.mx\/storage\/2019\/05\/front-eu-can.jpg\",\"contentUrl\":\"https:\/\/www.sonoraenequipo.com.mx\/storage\/2019\/05\/front-eu-can.jpg\",\"width\":500,\"height\":281},{\"@type\":\"BreadcrumbList\",\"@id\":\"https:\/\/www.sonoraenequipo.com.mx\/temen-por-retrazos-en-cruces-fronterizos-estados-unidos-canada\/#breadcrumb\",\"itemListElement\":[{\"@type\":\"ListItem\",\"position\":1,\"name\":\"Portada\",\"item\":\"https:\/\/www.sonoraenequipo.com.mx\/\"},{\"@type\":\"ListItem\",\"position\":2,\"name\":\"Temen por retrazos en cruces fronterizos Estados Unidos Canad\u00e1\"}]},{\"@type\":\"WebSite\",\"@id\":\"https:\/\/www.sonoraenequipo.com.mx\/#website\",\"url\":\"https:\/\/www.sonoraenequipo.com.mx\/\",\"name\":\"Sonora en Equipo.\",\"description\":\"Diario en l\u00ednea con Noticias desde Hermosillo, Sonora\",\"publisher\":{\"@id\":\"https:\/\/www.sonoraenequipo.com.mx\/#organization\"},\"potentialAction\":[{\"@type\":\"SearchAction\",\"target\":{\"@type\":\"EntryPoint\",\"urlTemplate\":\"https:\/\/www.sonoraenequipo.com.mx\/?s={search_term_string}\"},\"query-input\":{\"@type\":\"PropertyValueSpecification\",\"valueRequired\":true,\"valueName\":\"search_term_string\"}}],\"inLanguage\":\"es\"},{\"@type\":\"Organization\",\"@id\":\"https:\/\/www.sonoraenequipo.com.mx\/#organization\",\"name\":\"Sonoraenequipo.com.mx\",\"url\":\"https:\/\/www.sonoraenequipo.com.mx\/\",\"logo\":{\"@type\":\"ImageObject\",\"inLanguage\":\"es\",\"@id\":\"https:\/\/www.sonoraenequipo.com.mx\/#\/schema\/logo\/image\/\",\"url\":\"https:\/\/www.sonoraenequipo.com.mx\/storage\/2019\/01\/sonoraenequipo_opt.png\",\"contentUrl\":\"https:\/\/www.sonoraenequipo.com.mx\/storage\/2019\/01\/sonoraenequipo_opt.png\",\"width\":375,\"height\":125,\"caption\":\"Sonoraenequipo.com.mx\"},\"image\":{\"@id\":\"https:\/\/www.sonoraenequipo.com.mx\/#\/schema\/logo\/image\/\"},\"sameAs\":[\"https:\/\/www.facebook.com\/SonoraEE\/\",\"https:\/\/x.com\/sonoraenequipo\",\"https:\/\/www.youtube.com\/channel\/UC338nW-lPEYmJQs4ZABQ1SQ\"]},{\"@type\":\"Person\",\"@id\":\"https:\/\/www.sonoraenequipo.com.mx\/#\/schema\/person\/61a39de478a1763473ad55e8a95fddf6\",\"name\":\"enequipo\",\"image\":{\"@type\":\"ImageObject\",\"inLanguage\":\"es\",\"@id\":\"https:\/\/www.sonoraenequipo.com.mx\/#\/schema\/person\/image\/\",\"url\":\"https:\/\/secure.gravatar.com\/avatar\/e39bc3016d8af598aed3d770c9510dfc2795f37ea1733d99fcc6e97d2c3c9f5e?s=96&d=blank&r=g\",\"contentUrl\":\"https:\/\/secure.gravatar.com\/avatar\/e39bc3016d8af598aed3d770c9510dfc2795f37ea1733d99fcc6e97d2c3c9f5e?s=96&d=blank&r=g\",\"caption\":\"enequipo\"}}]}<\/script>\n ","yoast_head_json":{"title":"Sonora en Equipo. Temen por retrazos en cruces fronterizos Estados Unidos Canad\u00e1 MUNDO","description":"ONTARIO CANAD\u00c1.- Las agencias a cargo de la protecci\u00f3n fronteriza entre Estados Unidos y Canad\u00e1 temen enormes retrasos en los tr\u00e1mites debido a que muchos En Sonora en Equipo publicamos toda la informaci\u00f3n de Sonora, M\u00e9xico y el Mundo de manera oportuna y busca que la libertad de expresi\u00f3n sea real. Visita nuestro medio informativo publicado desde Hermosillo, Sonora. %","robots":{"index":"index","follow":"follow","max-snippet":"max-snippet:-1","max-image-preview":"max-image-preview:large","max-video-preview":"max-video-preview:-1"},"canonical":"https:\/\/www.sonoraenequipo.com.mx\/temen-por-retrazos-en-cruces-fronterizos-estados-unidos-canada\/","og_locale":"es_ES","og_type":"article","og_title":"Sonora en Equipo. Temen por retrazos en cruces fronterizos Estados Unidos Canad\u00e1 MUNDO","og_description":"ONTARIO CANAD\u00c1.- Las agencias a cargo de la protecci\u00f3n fronteriza entre Estados Unidos y Canad\u00e1 temen enormes retrasos en los tr\u00e1mites debido a que muchos En Sonora en Equipo publicamos toda la informaci\u00f3n de Sonora, M\u00e9xico y el Mundo de manera oportuna y busca que la libertad de expresi\u00f3n sea real. Visita nuestro medio informativo publicado desde Hermosillo, Sonora. %","og_url":"https:\/\/www.sonoraenequipo.com.mx\/temen-por-retrazos-en-cruces-fronterizos-estados-unidos-canada\/","og_site_name":"Sonora en Equipo.","article_publisher":"https:\/\/www.facebook.com\/SonoraEE\/","article_published_time":"2019-05-13T03:06:48+00:00","og_image":[{"width":500,"height":281,"url":"https:\/\/www.sonoraenequipo.com.mx\/storage\/2019\/05\/front-eu-can.jpg","type":"image\/jpeg"}],"author":"enequipo","twitter_card":"summary_large_image","twitter_creator":"@sonoraenequipo","twitter_site":"@sonoraenequipo","twitter_misc":{"Escrito por":"enequipo","Tiempo de lectura":"2 minutos"},"schema":{"@context":"https:\/\/schema.org","@graph":[{"@type":"Article","@id":"https:\/\/www.sonoraenequipo.com.mx\/temen-por-retrazos-en-cruces-fronterizos-estados-unidos-canada\/#article","isPartOf":{"@id":"https:\/\/www.sonoraenequipo.com.mx\/temen-por-retrazos-en-cruces-fronterizos-estados-unidos-canada\/"},"author":{"name":"enequipo","@id":"https:\/\/www.sonoraenequipo.com.mx\/#\/schema\/person\/61a39de478a1763473ad55e8a95fddf6"},"headline":"Temen por retrazos en cruces fronterizos Estados Unidos Canad\u00e1","datePublished":"2019-05-13T03:06:48+00:00","mainEntityOfPage":{"@id":"https:\/\/www.sonoraenequipo.com.mx\/temen-por-retrazos-en-cruces-fronterizos-estados-unidos-canada\/"},"wordCount":336,"commentCount":0,"publisher":{"@id":"https:\/\/www.sonoraenequipo.com.mx\/#organization"},"image":{"@id":"https:\/\/www.sonoraenequipo.com.mx\/temen-por-retrazos-en-cruces-fronterizos-estados-unidos-canada\/#primaryimage"},"thumbnailUrl":"https:\/\/www.sonoraenequipo.com.mx\/storage\/2019\/05\/front-eu-can.jpg","keywords":["CANAD\u00c1","estados unidos"],"articleSection":["MUNDO"],"inLanguage":"es","potentialAction":[{"@type":"CommentAction","name":"Comment","target":["https:\/\/www.sonoraenequipo.com.mx\/temen-por-retrazos-en-cruces-fronterizos-estados-unidos-canada\/#respond"]}]},{"@type":"WebPage","@id":"https:\/\/www.sonoraenequipo.com.mx\/temen-por-retrazos-en-cruces-fronterizos-estados-unidos-canada\/","url":"https:\/\/www.sonoraenequipo.com.mx\/temen-por-retrazos-en-cruces-fronterizos-estados-unidos-canada\/","name":"Sonora en Equipo. Temen por retrazos en cruces fronterizos Estados Unidos Canad\u00e1 MUNDO","isPartOf":{"@id":"https:\/\/www.sonoraenequipo.com.mx\/#website"},"primaryImageOfPage":{"@id":"https:\/\/www.sonoraenequipo.com.mx\/temen-por-retrazos-en-cruces-fronterizos-estados-unidos-canada\/#primaryimage"},"image":{"@id":"https:\/\/www.sonoraenequipo.com.mx\/temen-por-retrazos-en-cruces-fronterizos-estados-unidos-canada\/#primaryimage"},"thumbnailUrl":"https:\/\/www.sonoraenequipo.com.mx\/storage\/2019\/05\/front-eu-can.jpg","datePublished":"2019-05-13T03:06:48+00:00","description":"ONTARIO CANAD\u00c1.- Las agencias a cargo de la protecci\u00f3n fronteriza entre Estados Unidos y Canad\u00e1 temen enormes retrasos en los tr\u00e1mites debido a que muchos En Sonora en Equipo publicamos toda la informaci\u00f3n de Sonora, M\u00e9xico y el Mundo de manera oportuna y busca que la libertad de expresi\u00f3n sea real. Visita nuestro medio informativo publicado desde Hermosillo, Sonora. %","breadcrumb":{"@id":"https:\/\/www.sonoraenequipo.com.mx\/temen-por-retrazos-en-cruces-fronterizos-estados-unidos-canada\/#breadcrumb"},"inLanguage":"es","potentialAction":[{"@type":"ReadAction","target":["https:\/\/www.sonoraenequipo.com.mx\/temen-por-retrazos-en-cruces-fronterizos-estados-unidos-canada\/"]}]},{"@type":"ImageObject","inLanguage":"es","@id":"https:\/\/www.sonoraenequipo.com.mx\/temen-por-retrazos-en-cruces-fronterizos-estados-unidos-canada\/#primaryimage","url":"https:\/\/www.sonoraenequipo.com.mx\/storage\/2019\/05\/front-eu-can.jpg","contentUrl":"https:\/\/www.sonoraenequipo.com.mx\/storage\/2019\/05\/front-eu-can.jpg","width":500,"height":281},{"@type":"BreadcrumbList","@id":"https:\/\/www.sonoraenequipo.com.mx\/temen-por-retrazos-en-cruces-fronterizos-estados-unidos-canada\/#breadcrumb","itemListElement":[{"@type":"ListItem","position":1,"name":"Portada","item":"https:\/\/www.sonoraenequipo.com.mx\/"},{"@type":"ListItem","position":2,"name":"Temen por retrazos en cruces fronterizos Estados Unidos Canad\u00e1"}]},{"@type":"WebSite","@id":"https:\/\/www.sonoraenequipo.com.mx\/#website","url":"https:\/\/www.sonoraenequipo.com.mx\/","name":"Sonora en Equipo.","description":"Diario en l\u00ednea con Noticias desde Hermosillo, Sonora","publisher":{"@id":"https:\/\/www.sonoraenequipo.com.mx\/#organization"},"potentialAction":[{"@type":"SearchAction","target":{"@type":"EntryPoint","urlTemplate":"https:\/\/www.sonoraenequipo.com.mx\/?s={search_term_string}"},"query-input":{"@type":"PropertyValueSpecification","valueRequired":true,"valueName":"search_term_string"}}],"inLanguage":"es"},{"@type":"Organization","@id":"https:\/\/www.sonoraenequipo.com.mx\/#organization","name":"Sonoraenequipo.com.mx","url":"https:\/\/www.sonoraenequipo.com.mx\/","logo":{"@type":"ImageObject","inLanguage":"es","@id":"https:\/\/www.sonoraenequipo.com.mx\/#\/schema\/logo\/image\/","url":"https:\/\/www.sonoraenequipo.com.mx\/storage\/2019\/01\/sonoraenequipo_opt.png","contentUrl":"https:\/\/www.sonoraenequipo.com.mx\/storage\/2019\/01\/sonoraenequipo_opt.png","width":375,"height":125,"caption":"Sonoraenequipo.com.mx"},"image":{"@id":"https:\/\/www.sonoraenequipo.com.mx\/#\/schema\/logo\/image\/"},"sameAs":["https:\/\/www.facebook.com\/SonoraEE\/","https:\/\/x.com\/sonoraenequipo","https:\/\/www.youtube.com\/channel\/UC338nW-lPEYmJQs4ZABQ1SQ"]},{"@type":"Person","@id":"https:\/\/www.sonoraenequipo.com.mx\/#\/schema\/person\/61a39de478a1763473ad55e8a95fddf6","name":"enequipo","image":{"@type":"ImageObject","inLanguage":"es","@id":"https:\/\/www.sonoraenequipo.com.mx\/#\/schema\/person\/image\/","url":"https:\/\/secure.gravatar.com\/avatar\/e39bc3016d8af598aed3d770c9510dfc2795f37ea1733d99fcc6e97d2c3c9f5e?s=96&d=blank&r=g","contentUrl":"https:\/\/secure.gravatar.com\/avatar\/e39bc3016d8af598aed3d770c9510dfc2795f37ea1733d99fcc6e97d2c3c9f5e?s=96&d=blank&r=g","caption":"enequipo"}}]}},"jetpack_featured_media_url":"https:\/\/www.sonoraenequipo.com.mx\/storage\/2019\/05\/front-eu-can.jpg","_links":{"self":[{"href":"https:\/\/www.sonoraenequipo.com.mx\/api\/wp\/v2\/posts\/60115","targetHints":{"allow":["GET"]}}],"collection":[{"href":"https:\/\/www.sonoraenequipo.com.mx\/api\/wp\/v2\/posts"}],"about":[{"href":"https:\/\/www.sonoraenequipo.com.mx\/api\/wp\/v2\/types\/post"}],"author":[{"embeddable":true,"href":"https:\/\/www.sonoraenequipo.com.mx\/api\/wp\/v2\/users\/178"}],"replies":[{"embeddable":true,"href":"https:\/\/www.sonoraenequipo.com.mx\/api\/wp\/v2\/comments?post=60115"}],"version-history":[{"count":0,"href":"https:\/\/www.sonoraenequipo.com.mx\/api\/wp\/v2\/posts\/60115\/revisions"}],"wp:featuredmedia":[{"embeddable":true,"href":"https:\/\/www.sonoraenequipo.com.mx\/api\/wp\/v2\/media\/60116"}],"wp:attachment":[{"href":"https:\/\/www.sonoraenequipo.com.mx\/api\/wp\/v2\/media?parent=60115"}],"wp:term":[{"taxonomy":"category","embeddable":true,"href":"https:\/\/www.sonoraenequipo.com.mx\/api\/wp\/v2\/categories?post=60115"},{"taxonomy":"post_tag","embeddable":true,"href":"https:\/\/www.sonoraenequipo.com.mx\/api\/wp\/v2\/tags?post=60115"}],"curies":[{"name":"wp","href":"https:\/\/api.w.org\/{rel}","templated":true}]}}