{"id":60136,"date":"2019-05-13T06:53:21","date_gmt":"2019-05-13T13:53:21","guid":{"rendered":"http:\/\/www.sonoraenequipo.com.mx\/?p=60136"},"modified":"2019-05-13T06:55:25","modified_gmt":"2019-05-13T13:55:25","slug":"general-venezolano-convoca-a-un-levantamiento-militar","status":"publish","type":"post","link":"https:\/\/www.sonoraenequipo.com.mx\/general-venezolano-convoca-a-un-levantamiento-militar\/","title":{"rendered":"General venezolano convoca a un levantamiento militar"},"content":{"rendered":"<p>CARACAS, VENEZUELA. \u2014 Un general venezolano llam\u00f3 a las fuerzas armadas a darle la espalda al gobierno del presidente Nicol\u00e1s Maduro, que ha resistido movilizaciones de opositores y el desconocimiento de decenas de naciones que cuestionan su legitimidad. <\/p>\n<p>Ram\u00f3n Rangel, quien se identific\u00f3 como general de Divisi\u00f3n de la escuela de Aviaci\u00f3n Militar, acus\u00f3 al gobierno venezolano de estar siendo controlado por una<em> \u201cdictadura castrocomunista\u201d<\/em> desde Cuba.<\/p>\n<p>De acuerdo con una fuente cercana a las fuerzas castrenses, Rangel es un militar activo que huy\u00f3 el mes pasado a Colombia. Seg\u00fan Roc\u00edo San Miguel, especialista en temas militares, fue compa\u00f1ero de promoci\u00f3n del comandante general de la Aviaci\u00f3n.<\/p>\n<p><em>\u201cEs hora de levantarnos, es hora de luchar contra este \u2018castrocomunismo\u2019 es hora de que la fuerza armada nacional tome conciencia\u201d,<\/em> agreg\u00f3.<\/p>\n<p>El gobierno de Maduro enfrenta protestas y movilizaciones de la oposici\u00f3n, la m\u00e1s reciente en abril, y sanciones de Estados Unidos y de pa\u00edses europeos despu\u00e9s de que el mandatario ganara una reelecci\u00f3n el a\u00f1o pasado en cuestionados comicios que sus cr\u00edticos aseguran no respetaron garant\u00edas democr\u00e1ticas.<\/p>\n<p>A pesar su baja popularidad y de la profunda crisis econ\u00f3mica y escasez que ha llevado a millones de venezolanos a emigrar, Maduro controla las instituciones y la c\u00fapula militar.<\/p>\n<p>Juan Guaid\u00f3, l\u00edder opositor que encabeza el Congreso, se proclam\u00f3 presidente encargado citando a la Constituci\u00f3n despu\u00e9s de desconocer el mandato de Maduro, ganando el apoyo de Washington y de muchos pa\u00edses m\u00e1s de Am\u00e9rica y Europa.<\/p>\n<p>El 30 de abril, Guaid\u00f3 acompa\u00f1ado de legisladores, algunos militares y cientos de seguidores, llam\u00f3 a las fuerzas armadas a desconocer a Maduro, sin lograr un quiebre en el oficialismo pese a haber ofrecido amnist\u00edas a quienes se sumen al movimiento.<\/p>\n<p>El gobierno consider\u00f3 la movilizaci\u00f3n un intento de golpe de Estado. M\u00e1s tarde, la m\u00e1xima corte de justicia orden\u00f3 investigar a 10 diputados por conspiraci\u00f3n y d\u00edas despu\u00e9s fue arrestado el vicepresidente de la Asamblea Nacional, Edgar Zambrano.<\/p>\n<p><em>\u00abLe hago un llamado a la Fuerza Armada Nacional Bolivariana para que se apegue al art\u00edculo 328. No sigamos diciendo \u2018leales siempre, traidores nunca\u2019, porque estamos siendo traidores, traidores a una Constituci\u00f3n nacional (\u2026) no debemos estar siendo serviles a una persona, o parcialidad pol\u00edtica\u201d<\/em>, dijo.<\/p>\n<p>Al contrario que otros oficiales, Rangel, que dijo haber sido parte del movimiento insurgente de Hugo Ch\u00e1vez -mentor pol\u00edtico y antecesor de Maduro-, no apoy\u00f3 expl\u00edcitamente a Guaid\u00f3.<\/p>\n<p>(Publicado el 13\/05\/2019 \/<\/p>\n","protected":false},"excerpt":{"rendered":"<p>CARACAS, VENEZUELA. \u2014 Un general venezolano llam\u00f3 a las fuerzas armadas a darle la espalda&#8230;<\/p>\n","protected":false},"author":1,"featured_media":60137,"comment_status":"open","ping_status":"open","sticky":false,"template":"","format":"standard","meta":{"_monsterinsights_skip_tracking":false,"_monsterinsights_sitenote_active":false,"_monsterinsights_sitenote_note":"","_monsterinsights_sitenote_category":0,"footnotes":""},"categories":[3],"tags":[],"class_list":["post"],"yoast_head":" \n<title>Sonora en Equipo. General venezolano convoca a un levantamiento militar MUNDO<\/title>\n<meta name=\"description\" content=\"CARACAS, VENEZUELA. \u2014 Un general venezolano llam\u00f3 a las fuerzas armadas a darle la espalda al gobierno del presidente Nicol\u00e1s Maduro, que ha resistido En Sonora en Equipo publicamos toda la informaci\u00f3n de Sonora, M\u00e9xico y el Mundo de manera oportuna y busca que la libertad de expresi\u00f3n sea real. Visita nuestro medio informativo publicado desde Hermosillo, Sonora. %\" \/>\n<meta name=\"robots\" content=\"index, follow, max-snippet:-1, max-image-preview:large, max-video-preview:-1\" \/>\n<link rel=\"canonical\" href=\"https:\/\/www.sonoraenequipo.com.mx\/general-venezolano-convoca-a-un-levantamiento-militar\/\" \/>\n<meta property=\"og:locale\" content=\"es_ES\" \/>\n<meta property=\"og:type\" content=\"article\" \/>\n<meta property=\"og:title\" content=\"Sonora en Equipo. General venezolano convoca a un levantamiento militar MUNDO\" \/>\n<meta property=\"og:description\" content=\"CARACAS, VENEZUELA. \u2014 Un general venezolano llam\u00f3 a las fuerzas armadas a darle la espalda al gobierno del presidente Nicol\u00e1s Maduro, que ha resistido En Sonora en Equipo publicamos toda la informaci\u00f3n de Sonora, M\u00e9xico y el Mundo de manera oportuna y busca que la libertad de expresi\u00f3n sea real. Visita nuestro medio informativo publicado desde Hermosillo, Sonora. %\" \/>\n<meta property=\"og:url\" content=\"https:\/\/www.sonoraenequipo.com.mx\/general-venezolano-convoca-a-un-levantamiento-militar\/\" \/>\n<meta property=\"og:site_name\" content=\"Sonora en Equipo.\" \/>\n<meta property=\"article:publisher\" content=\"https:\/\/www.facebook.com\/SonoraEE\/\" \/>\n<meta property=\"article:author\" content=\"https:\/\/www.facebook.com\/SonoraEE\" \/>\n<meta property=\"article:published_time\" content=\"2019-05-13T13:53:21+00:00\" \/>\n<meta property=\"article:modified_time\" content=\"2019-05-13T13:55:25+00:00\" \/>\n<meta property=\"og:image\" content=\"https:\/\/www.sonoraenequipo.com.mx\/storage\/2019\/05\/venezuela_opt.jpg\" \/>\n\t<meta property=\"og:image:width\" content=\"711\" \/>\n\t<meta property=\"og:image:height\" content=\"400\" \/>\n\t<meta property=\"og:image:type\" content=\"image\/jpeg\" \/>\n<meta name=\"author\" content=\"enequipo\" \/>\n<meta name=\"twitter:card\" content=\"summary_large_image\" \/>\n<meta name=\"twitter:creator\" content=\"@sonoraenequipo\" \/>\n<meta name=\"twitter:site\" content=\"@sonoraenequipo\" \/>\n<meta name=\"twitter:label1\" content=\"Escrito por\" \/>\n\t<meta name=\"twitter:data1\" content=\"enequipo\" \/>\n\t<meta name=\"twitter:label2\" content=\"Tiempo de lectura\" \/>\n\t<meta name=\"twitter:data2\" content=\"2 minutos\" \/>\n<script type=\"application\/ld+json\" class=\"yoast-schema-graph\">{\"@context\":\"https:\/\/schema.org\",\"@graph\":[{\"@type\":\"Article\",\"@id\":\"https:\/\/www.sonoraenequipo.com.mx\/general-venezolano-convoca-a-un-levantamiento-militar\/#article\",\"isPartOf\":{\"@id\":\"https:\/\/www.sonoraenequipo.com.mx\/general-venezolano-convoca-a-un-levantamiento-militar\/\"},\"author\":{\"name\":\"enequipo\",\"@id\":\"https:\/\/www.sonoraenequipo.com.mx\/#\/schema\/person\/50102df0fb23a8fa9e8effad8fa81386\"},\"headline\":\"General venezolano convoca a un levantamiento militar\",\"datePublished\":\"2019-05-13T13:53:21+00:00\",\"dateModified\":\"2019-05-13T13:55:25+00:00\",\"mainEntityOfPage\":{\"@id\":\"https:\/\/www.sonoraenequipo.com.mx\/general-venezolano-convoca-a-un-levantamiento-militar\/\"},\"wordCount\":440,\"commentCount\":0,\"publisher\":{\"@id\":\"https:\/\/www.sonoraenequipo.com.mx\/#organization\"},\"image\":{\"@id\":\"https:\/\/www.sonoraenequipo.com.mx\/general-venezolano-convoca-a-un-levantamiento-militar\/#primaryimage\"},\"thumbnailUrl\":\"https:\/\/www.sonoraenequipo.com.mx\/storage\/2019\/05\/venezuela_opt.jpg\",\"articleSection\":[\"MUNDO\"],\"inLanguage\":\"es\",\"potentialAction\":[{\"@type\":\"CommentAction\",\"name\":\"Comment\",\"target\":[\"https:\/\/www.sonoraenequipo.com.mx\/general-venezolano-convoca-a-un-levantamiento-militar\/#respond\"]}]},{\"@type\":\"WebPage\",\"@id\":\"https:\/\/www.sonoraenequipo.com.mx\/general-venezolano-convoca-a-un-levantamiento-militar\/\",\"url\":\"https:\/\/www.sonoraenequipo.com.mx\/general-venezolano-convoca-a-un-levantamiento-militar\/\",\"name\":\"Sonora en Equipo. General venezolano convoca a un levantamiento militar MUNDO\",\"isPartOf\":{\"@id\":\"https:\/\/www.sonoraenequipo.com.mx\/#website\"},\"primaryImageOfPage\":{\"@id\":\"https:\/\/www.sonoraenequipo.com.mx\/general-venezolano-convoca-a-un-levantamiento-militar\/#primaryimage\"},\"image\":{\"@id\":\"https:\/\/www.sonoraenequipo.com.mx\/general-venezolano-convoca-a-un-levantamiento-militar\/#primaryimage\"},\"thumbnailUrl\":\"https:\/\/www.sonoraenequipo.com.mx\/storage\/2019\/05\/venezuela_opt.jpg\",\"datePublished\":\"2019-05-13T13:53:21+00:00\",\"dateModified\":\"2019-05-13T13:55:25+00:00\",\"description\":\"CARACAS, VENEZUELA. \u2014 Un general venezolano llam\u00f3 a las fuerzas armadas a darle la espalda al gobierno del presidente Nicol\u00e1s Maduro, que ha resistido En Sonora en Equipo publicamos toda la informaci\u00f3n de Sonora, M\u00e9xico y el Mundo de manera oportuna y busca que la libertad de expresi\u00f3n sea real. Visita nuestro medio informativo publicado desde Hermosillo, Sonora. %\",\"breadcrumb\":{\"@id\":\"https:\/\/www.sonoraenequipo.com.mx\/general-venezolano-convoca-a-un-levantamiento-militar\/#breadcrumb\"},\"inLanguage\":\"es\",\"potentialAction\":[{\"@type\":\"ReadAction\",\"target\":[\"https:\/\/www.sonoraenequipo.com.mx\/general-venezolano-convoca-a-un-levantamiento-militar\/\"]}]},{\"@type\":\"ImageObject\",\"inLanguage\":\"es\",\"@id\":\"https:\/\/www.sonoraenequipo.com.mx\/general-venezolano-convoca-a-un-levantamiento-militar\/#primaryimage\",\"url\":\"https:\/\/www.sonoraenequipo.com.mx\/storage\/2019\/05\/venezuela_opt.jpg\",\"contentUrl\":\"https:\/\/www.sonoraenequipo.com.mx\/storage\/2019\/05\/venezuela_opt.jpg\",\"width\":711,\"height\":400},{\"@type\":\"BreadcrumbList\",\"@id\":\"https:\/\/www.sonoraenequipo.com.mx\/general-venezolano-convoca-a-un-levantamiento-militar\/#breadcrumb\",\"itemListElement\":[{\"@type\":\"ListItem\",\"position\":1,\"name\":\"Portada\",\"item\":\"https:\/\/www.sonoraenequipo.com.mx\/\"},{\"@type\":\"ListItem\",\"position\":2,\"name\":\"General venezolano convoca a un levantamiento militar\"}]},{\"@type\":\"WebSite\",\"@id\":\"https:\/\/www.sonoraenequipo.com.mx\/#website\",\"url\":\"https:\/\/www.sonoraenequipo.com.mx\/\",\"name\":\"Sonora en Equipo.\",\"description\":\"Diario en l\u00ednea con Noticias desde Hermosillo, Sonora\",\"publisher\":{\"@id\":\"https:\/\/www.sonoraenequipo.com.mx\/#organization\"},\"potentialAction\":[{\"@type\":\"SearchAction\",\"target\":{\"@type\":\"EntryPoint\",\"urlTemplate\":\"https:\/\/www.sonoraenequipo.com.mx\/?s={search_term_string}\"},\"query-input\":{\"@type\":\"PropertyValueSpecification\",\"valueRequired\":true,\"valueName\":\"search_term_string\"}}],\"inLanguage\":\"es\"},{\"@type\":\"Organization\",\"@id\":\"https:\/\/www.sonoraenequipo.com.mx\/#organization\",\"name\":\"Sonoraenequipo.com.mx\",\"url\":\"https:\/\/www.sonoraenequipo.com.mx\/\",\"logo\":{\"@type\":\"ImageObject\",\"inLanguage\":\"es\",\"@id\":\"https:\/\/www.sonoraenequipo.com.mx\/#\/schema\/logo\/image\/\",\"url\":\"https:\/\/www.sonoraenequipo.com.mx\/storage\/2019\/01\/sonoraenequipo_opt.png\",\"contentUrl\":\"https:\/\/www.sonoraenequipo.com.mx\/storage\/2019\/01\/sonoraenequipo_opt.png\",\"width\":375,\"height\":125,\"caption\":\"Sonoraenequipo.com.mx\"},\"image\":{\"@id\":\"https:\/\/www.sonoraenequipo.com.mx\/#\/schema\/logo\/image\/\"},\"sameAs\":[\"https:\/\/www.facebook.com\/SonoraEE\/\",\"https:\/\/x.com\/sonoraenequipo\",\"https:\/\/www.youtube.com\/channel\/UC338nW-lPEYmJQs4ZABQ1SQ\"]},{\"@type\":\"Person\",\"@id\":\"https:\/\/www.sonoraenequipo.com.mx\/#\/schema\/person\/50102df0fb23a8fa9e8effad8fa81386\",\"name\":\"enequipo\",\"image\":{\"@type\":\"ImageObject\",\"inLanguage\":\"es\",\"@id\":\"https:\/\/www.sonoraenequipo.com.mx\/#\/schema\/person\/image\/\",\"url\":\"https:\/\/secure.gravatar.com\/avatar\/049821681b589dabc0bc20695993ccebb09f5b5d4d790cd9251b97faac7c652b?s=96&d=blank&r=g\",\"contentUrl\":\"https:\/\/secure.gravatar.com\/avatar\/049821681b589dabc0bc20695993ccebb09f5b5d4d790cd9251b97faac7c652b?s=96&d=blank&r=g\",\"caption\":\"enequipo\"},\"sameAs\":[\"https:\/\/www.facebook.com\/SonoraEE\"]}]}<\/script>\n ","yoast_head_json":{"title":"Sonora en Equipo. General venezolano convoca a un levantamiento militar MUNDO","description":"CARACAS, VENEZUELA. \u2014 Un general venezolano llam\u00f3 a las fuerzas armadas a darle la espalda al gobierno del presidente Nicol\u00e1s Maduro, que ha resistido En Sonora en Equipo publicamos toda la informaci\u00f3n de Sonora, M\u00e9xico y el Mundo de manera oportuna y busca que la libertad de expresi\u00f3n sea real. Visita nuestro medio informativo publicado desde Hermosillo, Sonora. %","robots":{"index":"index","follow":"follow","max-snippet":"max-snippet:-1","max-image-preview":"max-image-preview:large","max-video-preview":"max-video-preview:-1"},"canonical":"https:\/\/www.sonoraenequipo.com.mx\/general-venezolano-convoca-a-un-levantamiento-militar\/","og_locale":"es_ES","og_type":"article","og_title":"Sonora en Equipo. General venezolano convoca a un levantamiento militar MUNDO","og_description":"CARACAS, VENEZUELA. \u2014 Un general venezolano llam\u00f3 a las fuerzas armadas a darle la espalda al gobierno del presidente Nicol\u00e1s Maduro, que ha resistido En Sonora en Equipo publicamos toda la informaci\u00f3n de Sonora, M\u00e9xico y el Mundo de manera oportuna y busca que la libertad de expresi\u00f3n sea real. Visita nuestro medio informativo publicado desde Hermosillo, Sonora. %","og_url":"https:\/\/www.sonoraenequipo.com.mx\/general-venezolano-convoca-a-un-levantamiento-militar\/","og_site_name":"Sonora en Equipo.","article_publisher":"https:\/\/www.facebook.com\/SonoraEE\/","article_author":"https:\/\/www.facebook.com\/SonoraEE","article_published_time":"2019-05-13T13:53:21+00:00","article_modified_time":"2019-05-13T13:55:25+00:00","og_image":[{"width":711,"height":400,"url":"https:\/\/www.sonoraenequipo.com.mx\/storage\/2019\/05\/venezuela_opt.jpg","type":"image\/jpeg"}],"author":"enequipo","twitter_card":"summary_large_image","twitter_creator":"@sonoraenequipo","twitter_site":"@sonoraenequipo","twitter_misc":{"Escrito por":"enequipo","Tiempo de lectura":"2 minutos"},"schema":{"@context":"https:\/\/schema.org","@graph":[{"@type":"Article","@id":"https:\/\/www.sonoraenequipo.com.mx\/general-venezolano-convoca-a-un-levantamiento-militar\/#article","isPartOf":{"@id":"https:\/\/www.sonoraenequipo.com.mx\/general-venezolano-convoca-a-un-levantamiento-militar\/"},"author":{"name":"enequipo","@id":"https:\/\/www.sonoraenequipo.com.mx\/#\/schema\/person\/50102df0fb23a8fa9e8effad8fa81386"},"headline":"General venezolano convoca a un levantamiento militar","datePublished":"2019-05-13T13:53:21+00:00","dateModified":"2019-05-13T13:55:25+00:00","mainEntityOfPage":{"@id":"https:\/\/www.sonoraenequipo.com.mx\/general-venezolano-convoca-a-un-levantamiento-militar\/"},"wordCount":440,"commentCount":0,"publisher":{"@id":"https:\/\/www.sonoraenequipo.com.mx\/#organization"},"image":{"@id":"https:\/\/www.sonoraenequipo.com.mx\/general-venezolano-convoca-a-un-levantamiento-militar\/#primaryimage"},"thumbnailUrl":"https:\/\/www.sonoraenequipo.com.mx\/storage\/2019\/05\/venezuela_opt.jpg","articleSection":["MUNDO"],"inLanguage":"es","potentialAction":[{"@type":"CommentAction","name":"Comment","target":["https:\/\/www.sonoraenequipo.com.mx\/general-venezolano-convoca-a-un-levantamiento-militar\/#respond"]}]},{"@type":"WebPage","@id":"https:\/\/www.sonoraenequipo.com.mx\/general-venezolano-convoca-a-un-levantamiento-militar\/","url":"https:\/\/www.sonoraenequipo.com.mx\/general-venezolano-convoca-a-un-levantamiento-militar\/","name":"Sonora en Equipo. General venezolano convoca a un levantamiento militar MUNDO","isPartOf":{"@id":"https:\/\/www.sonoraenequipo.com.mx\/#website"},"primaryImageOfPage":{"@id":"https:\/\/www.sonoraenequipo.com.mx\/general-venezolano-convoca-a-un-levantamiento-militar\/#primaryimage"},"image":{"@id":"https:\/\/www.sonoraenequipo.com.mx\/general-venezolano-convoca-a-un-levantamiento-militar\/#primaryimage"},"thumbnailUrl":"https:\/\/www.sonoraenequipo.com.mx\/storage\/2019\/05\/venezuela_opt.jpg","datePublished":"2019-05-13T13:53:21+00:00","dateModified":"2019-05-13T13:55:25+00:00","description":"CARACAS, VENEZUELA. \u2014 Un general venezolano llam\u00f3 a las fuerzas armadas a darle la espalda al gobierno del presidente Nicol\u00e1s Maduro, que ha resistido En Sonora en Equipo publicamos toda la informaci\u00f3n de Sonora, M\u00e9xico y el Mundo de manera oportuna y busca que la libertad de expresi\u00f3n sea real. Visita nuestro medio informativo publicado desde Hermosillo, Sonora. %","breadcrumb":{"@id":"https:\/\/www.sonoraenequipo.com.mx\/general-venezolano-convoca-a-un-levantamiento-militar\/#breadcrumb"},"inLanguage":"es","potentialAction":[{"@type":"ReadAction","target":["https:\/\/www.sonoraenequipo.com.mx\/general-venezolano-convoca-a-un-levantamiento-militar\/"]}]},{"@type":"ImageObject","inLanguage":"es","@id":"https:\/\/www.sonoraenequipo.com.mx\/general-venezolano-convoca-a-un-levantamiento-militar\/#primaryimage","url":"https:\/\/www.sonoraenequipo.com.mx\/storage\/2019\/05\/venezuela_opt.jpg","contentUrl":"https:\/\/www.sonoraenequipo.com.mx\/storage\/2019\/05\/venezuela_opt.jpg","width":711,"height":400},{"@type":"BreadcrumbList","@id":"https:\/\/www.sonoraenequipo.com.mx\/general-venezolano-convoca-a-un-levantamiento-militar\/#breadcrumb","itemListElement":[{"@type":"ListItem","position":1,"name":"Portada","item":"https:\/\/www.sonoraenequipo.com.mx\/"},{"@type":"ListItem","position":2,"name":"General venezolano convoca a un levantamiento militar"}]},{"@type":"WebSite","@id":"https:\/\/www.sonoraenequipo.com.mx\/#website","url":"https:\/\/www.sonoraenequipo.com.mx\/","name":"Sonora en Equipo.","description":"Diario en l\u00ednea con Noticias desde Hermosillo, Sonora","publisher":{"@id":"https:\/\/www.sonoraenequipo.com.mx\/#organization"},"potentialAction":[{"@type":"SearchAction","target":{"@type":"EntryPoint","urlTemplate":"https:\/\/www.sonoraenequipo.com.mx\/?s={search_term_string}"},"query-input":{"@type":"PropertyValueSpecification","valueRequired":true,"valueName":"search_term_string"}}],"inLanguage":"es"},{"@type":"Organization","@id":"https:\/\/www.sonoraenequipo.com.mx\/#organization","name":"Sonoraenequipo.com.mx","url":"https:\/\/www.sonoraenequipo.com.mx\/","logo":{"@type":"ImageObject","inLanguage":"es","@id":"https:\/\/www.sonoraenequipo.com.mx\/#\/schema\/logo\/image\/","url":"https:\/\/www.sonoraenequipo.com.mx\/storage\/2019\/01\/sonoraenequipo_opt.png","contentUrl":"https:\/\/www.sonoraenequipo.com.mx\/storage\/2019\/01\/sonoraenequipo_opt.png","width":375,"height":125,"caption":"Sonoraenequipo.com.mx"},"image":{"@id":"https:\/\/www.sonoraenequipo.com.mx\/#\/schema\/logo\/image\/"},"sameAs":["https:\/\/www.facebook.com\/SonoraEE\/","https:\/\/x.com\/sonoraenequipo","https:\/\/www.youtube.com\/channel\/UC338nW-lPEYmJQs4ZABQ1SQ"]},{"@type":"Person","@id":"https:\/\/www.sonoraenequipo.com.mx\/#\/schema\/person\/50102df0fb23a8fa9e8effad8fa81386","name":"enequipo","image":{"@type":"ImageObject","inLanguage":"es","@id":"https:\/\/www.sonoraenequipo.com.mx\/#\/schema\/person\/image\/","url":"https:\/\/secure.gravatar.com\/avatar\/049821681b589dabc0bc20695993ccebb09f5b5d4d790cd9251b97faac7c652b?s=96&d=blank&r=g","contentUrl":"https:\/\/secure.gravatar.com\/avatar\/049821681b589dabc0bc20695993ccebb09f5b5d4d790cd9251b97faac7c652b?s=96&d=blank&r=g","caption":"enequipo"},"sameAs":["https:\/\/www.facebook.com\/SonoraEE"]}]}},"jetpack_featured_media_url":"https:\/\/www.sonoraenequipo.com.mx\/storage\/2019\/05\/venezuela_opt.jpg","_links":{"self":[{"href":"https:\/\/www.sonoraenequipo.com.mx\/api\/wp\/v2\/posts\/60136","targetHints":{"allow":["GET"]}}],"collection":[{"href":"https:\/\/www.sonoraenequipo.com.mx\/api\/wp\/v2\/posts"}],"about":[{"href":"https:\/\/www.sonoraenequipo.com.mx\/api\/wp\/v2\/types\/post"}],"author":[{"embeddable":true,"href":"https:\/\/www.sonoraenequipo.com.mx\/api\/wp\/v2\/users\/1"}],"replies":[{"embeddable":true,"href":"https:\/\/www.sonoraenequipo.com.mx\/api\/wp\/v2\/comments?post=60136"}],"version-history":[{"count":0,"href":"https:\/\/www.sonoraenequipo.com.mx\/api\/wp\/v2\/posts\/60136\/revisions"}],"wp:featuredmedia":[{"embeddable":true,"href":"https:\/\/www.sonoraenequipo.com.mx\/api\/wp\/v2\/media\/60137"}],"wp:attachment":[{"href":"https:\/\/www.sonoraenequipo.com.mx\/api\/wp\/v2\/media?parent=60136"}],"wp:term":[{"taxonomy":"category","embeddable":true,"href":"https:\/\/www.sonoraenequipo.com.mx\/api\/wp\/v2\/categories?post=60136"},{"taxonomy":"post_tag","embeddable":true,"href":"https:\/\/www.sonoraenequipo.com.mx\/api\/wp\/v2\/tags?post=60136"}],"curies":[{"name":"wp","href":"https:\/\/api.w.org\/{rel}","templated":true}]}}