{"id":60152,"date":"2019-05-13T15:20:07","date_gmt":"2019-05-13T22:20:07","guid":{"rendered":"http:\/\/www.sonoraenequipo.com.mx\/?p=60152"},"modified":"2019-05-13T17:10:11","modified_gmt":"2019-05-14T00:10:11","slug":"inicia-regularizacion-de-4-de-las-colonias-mas-antiguas-de-hermosillo","status":"publish","type":"post","link":"https:\/\/www.sonoraenequipo.com.mx\/inicia-regularizacion-de-4-de-las-colonias-mas-antiguas-de-hermosillo\/","title":{"rendered":"Inicia regularizaci\u00f3n de 4 de las colonias m\u00e1s antiguas de Hermosillo"},"content":{"rendered":"<p>HERMOSILLO, SONORA.- <em>\u201cEstamos para servirles, con un gran compromiso social y una transformaci\u00f3n que nos obliga a dar lo mejor de nosotros mismos\u201d,<\/em> afirm\u00f3 la alcaldesa Celida L\u00f3pez C\u00e1rdenas al anunciar a las familias de El Ranchito, El Mariachi, Coloso Alto y Coloso Bajo, que en unos meses tendr\u00e1n por fin los t\u00edtulos de propiedad de sus hogares. <\/p>\n<p>La Presidenta Municipal de Hermosillo formaliz\u00f3 junto con Jos\u00e9 Alfonso Iracheta Carroll, Director General del Instituto Nacional del Suelo Sustentable (INSUS), el convenio de colaboraci\u00f3n con que iniciaron los trabajos t\u00e9cnicos previos a la emisi\u00f3n del t\u00edtulo de propiedad que beneficiar\u00e1 a 2 mil familias posesionarias de las 4 colonias referidas.<\/p>\n<p>Atestiguaron el acto formal M\u00f3nica Palacios, Delegada de INSUS en Sonora; Petra Santos Ortiz, Representante de SEDATU en Sonora; Alfredo G\u00f3mez Sarabia, Secretario del Ayuntamiento; Ferm\u00edn Gonz\u00e1lez Gaxiola, S\u00edndico Municipal y la se\u00f1ora Mar\u00eda Jes\u00fas Dom\u00ednguez, representante de los beneficiados.<\/p>\n<p>La mun\u00edcipe capitalina destac\u00f3 la trascendencia de la ocasi\u00f3n, por tratarse del primer municipio del pa\u00eds en recibir el apoyo para este concepto por parte de INSUS, lo que incluye un subsidio que har\u00e1 que el tr\u00e1mite sea pr\u00e1cticamente gratuito para las familias que llevan a\u00f1os, e incluso d\u00e9cadas, sin certeza jur\u00eddica de la propiedad.<\/p>\n<p>Confi\u00f3 en que en unos meses todos los beneficiados estar\u00e1n celebrando junto con las autoridades de los 3 niveles de gobierno la entrega de los t\u00edtulos de propiedad a sus respectivos due\u00f1os.<\/p>\n<p>El S\u00edndico Municipal de Hermosillo precis\u00f3 que El Ranchito, El Mariachi, Coloso Alto y Coloso Bajo conforman un primer paquete de colonias donde arrancaron los trabajos t\u00e9cnicos y hay otras 9 previstas para una segunda fase.<\/p>\n<p>El titular de INSUS present\u00f3 a los integrantes de la cuadrilla t\u00e9cnica que en los pr\u00f3ximos d\u00edas estar\u00e1n realizando casa por casa los levantamientos topogr\u00e1ficos, as\u00ed como el personal que se coordinar\u00e1 con Sindicatura Municipal para culminar en tiempo r\u00e9cord los procedimientos t\u00e9cnicos y legales necesarios para la emisi\u00f3n de los t\u00edtulos de propiedad.<\/p>\n<p>\u201cEste es el primer trabajo t\u00e9cnico que hace la nueva administraci\u00f3n del Gobierno Federal y del INSUS en todo el pa\u00eds, es decir, la cuadrilla est\u00e1 saliendo por primera vez a Hermosillo\u201d, revel\u00f3 el funcionario federal.<\/p>\n<p>Fecha de publicaci\u00f3n 13\/05\/2019<\/p>\n","protected":false},"excerpt":{"rendered":"<p>HERMOSILLO, SONORA.- \u201cEstamos para servirles, con un gran compromiso social y una transformaci\u00f3n que nos&#8230;<\/p>\n","protected":false},"author":178,"featured_media":60153,"comment_status":"open","ping_status":"open","sticky":false,"template":"","format":"standard","meta":{"_monsterinsights_skip_tracking":false,"_monsterinsights_sitenote_active":false,"_monsterinsights_sitenote_note":"","_monsterinsights_sitenote_category":0,"footnotes":""},"categories":[4],"tags":[],"class_list":["post"],"yoast_head":" \n<title>Sonora en Equipo. Inicia regularizaci\u00f3n de 4 de las colonias m\u00e1s antiguas de Hermosillo Municipios<\/title>\n<meta name=\"description\" content=\"HERMOSILLO, SONORA.- \u201cEstamos para servirles, con un gran compromiso social y una transformaci\u00f3n que nos obliga a dar lo mejor de nosotros mismos\u201d, afirm\u00f3 En Sonora en Equipo publicamos toda la informaci\u00f3n de Sonora, M\u00e9xico y el Mundo de manera oportuna y busca que la libertad de expresi\u00f3n sea real. Visita nuestro medio informativo publicado desde Hermosillo, Sonora. %\" \/>\n<meta name=\"robots\" content=\"index, follow, max-snippet:-1, max-image-preview:large, max-video-preview:-1\" \/>\n<link rel=\"canonical\" href=\"https:\/\/www.sonoraenequipo.com.mx\/inicia-regularizacion-de-4-de-las-colonias-mas-antiguas-de-hermosillo\/\" \/>\n<meta property=\"og:locale\" content=\"es_ES\" \/>\n<meta property=\"og:type\" content=\"article\" \/>\n<meta property=\"og:title\" content=\"Sonora en Equipo. Inicia regularizaci\u00f3n de 4 de las colonias m\u00e1s antiguas de Hermosillo Municipios\" \/>\n<meta property=\"og:description\" content=\"HERMOSILLO, SONORA.- \u201cEstamos para servirles, con un gran compromiso social y una transformaci\u00f3n que nos obliga a dar lo mejor de nosotros mismos\u201d, afirm\u00f3 En Sonora en Equipo publicamos toda la informaci\u00f3n de Sonora, M\u00e9xico y el Mundo de manera oportuna y busca que la libertad de expresi\u00f3n sea real. Visita nuestro medio informativo publicado desde Hermosillo, Sonora. %\" \/>\n<meta property=\"og:url\" content=\"https:\/\/www.sonoraenequipo.com.mx\/inicia-regularizacion-de-4-de-las-colonias-mas-antiguas-de-hermosillo\/\" \/>\n<meta property=\"og:site_name\" content=\"Sonora en Equipo.\" \/>\n<meta property=\"article:publisher\" content=\"https:\/\/www.facebook.com\/SonoraEE\/\" \/>\n<meta property=\"article:published_time\" content=\"2019-05-13T22:20:07+00:00\" \/>\n<meta property=\"article:modified_time\" content=\"2019-05-14T00:10:11+00:00\" \/>\n<meta property=\"og:image\" content=\"https:\/\/www.sonoraenequipo.com.mx\/storage\/2019\/05\/HMO130519.jpg\" \/>\n\t<meta property=\"og:image:width\" content=\"500\" \/>\n\t<meta property=\"og:image:height\" content=\"333\" \/>\n\t<meta property=\"og:image:type\" content=\"image\/jpeg\" \/>\n<meta name=\"author\" content=\"enequipo\" \/>\n<meta name=\"twitter:card\" content=\"summary_large_image\" \/>\n<meta name=\"twitter:creator\" content=\"@sonoraenequipo\" \/>\n<meta name=\"twitter:site\" content=\"@sonoraenequipo\" \/>\n<meta name=\"twitter:label1\" content=\"Escrito por\" \/>\n\t<meta name=\"twitter:data1\" content=\"enequipo\" \/>\n\t<meta name=\"twitter:label2\" content=\"Tiempo de lectura\" \/>\n\t<meta name=\"twitter:data2\" content=\"2 minutos\" \/>\n<script type=\"application\/ld+json\" class=\"yoast-schema-graph\">{\"@context\":\"https:\/\/schema.org\",\"@graph\":[{\"@type\":\"Article\",\"@id\":\"https:\/\/www.sonoraenequipo.com.mx\/inicia-regularizacion-de-4-de-las-colonias-mas-antiguas-de-hermosillo\/#article\",\"isPartOf\":{\"@id\":\"https:\/\/www.sonoraenequipo.com.mx\/inicia-regularizacion-de-4-de-las-colonias-mas-antiguas-de-hermosillo\/\"},\"author\":{\"name\":\"enequipo\",\"@id\":\"https:\/\/www.sonoraenequipo.com.mx\/#\/schema\/person\/61a39de478a1763473ad55e8a95fddf6\"},\"headline\":\"Inicia regularizaci\u00f3n de 4 de las colonias m\u00e1s antiguas de Hermosillo\",\"datePublished\":\"2019-05-13T22:20:07+00:00\",\"dateModified\":\"2019-05-14T00:10:11+00:00\",\"mainEntityOfPage\":{\"@id\":\"https:\/\/www.sonoraenequipo.com.mx\/inicia-regularizacion-de-4-de-las-colonias-mas-antiguas-de-hermosillo\/\"},\"wordCount\":418,\"commentCount\":0,\"publisher\":{\"@id\":\"https:\/\/www.sonoraenequipo.com.mx\/#organization\"},\"image\":{\"@id\":\"https:\/\/www.sonoraenequipo.com.mx\/inicia-regularizacion-de-4-de-las-colonias-mas-antiguas-de-hermosillo\/#primaryimage\"},\"thumbnailUrl\":\"https:\/\/www.sonoraenequipo.com.mx\/storage\/2019\/05\/HMO130519.jpg\",\"articleSection\":[\"Municipios\"],\"inLanguage\":\"es\",\"potentialAction\":[{\"@type\":\"CommentAction\",\"name\":\"Comment\",\"target\":[\"https:\/\/www.sonoraenequipo.com.mx\/inicia-regularizacion-de-4-de-las-colonias-mas-antiguas-de-hermosillo\/#respond\"]}]},{\"@type\":\"WebPage\",\"@id\":\"https:\/\/www.sonoraenequipo.com.mx\/inicia-regularizacion-de-4-de-las-colonias-mas-antiguas-de-hermosillo\/\",\"url\":\"https:\/\/www.sonoraenequipo.com.mx\/inicia-regularizacion-de-4-de-las-colonias-mas-antiguas-de-hermosillo\/\",\"name\":\"Sonora en Equipo. Inicia regularizaci\u00f3n de 4 de las colonias m\u00e1s antiguas de Hermosillo Municipios\",\"isPartOf\":{\"@id\":\"https:\/\/www.sonoraenequipo.com.mx\/#website\"},\"primaryImageOfPage\":{\"@id\":\"https:\/\/www.sonoraenequipo.com.mx\/inicia-regularizacion-de-4-de-las-colonias-mas-antiguas-de-hermosillo\/#primaryimage\"},\"image\":{\"@id\":\"https:\/\/www.sonoraenequipo.com.mx\/inicia-regularizacion-de-4-de-las-colonias-mas-antiguas-de-hermosillo\/#primaryimage\"},\"thumbnailUrl\":\"https:\/\/www.sonoraenequipo.com.mx\/storage\/2019\/05\/HMO130519.jpg\",\"datePublished\":\"2019-05-13T22:20:07+00:00\",\"dateModified\":\"2019-05-14T00:10:11+00:00\",\"description\":\"HERMOSILLO, SONORA.- \u201cEstamos para servirles, con un gran compromiso social y una transformaci\u00f3n que nos obliga a dar lo mejor de nosotros mismos\u201d, afirm\u00f3 En Sonora en Equipo publicamos toda la informaci\u00f3n de Sonora, M\u00e9xico y el Mundo de manera oportuna y busca que la libertad de expresi\u00f3n sea real. Visita nuestro medio informativo publicado desde Hermosillo, Sonora. %\",\"breadcrumb\":{\"@id\":\"https:\/\/www.sonoraenequipo.com.mx\/inicia-regularizacion-de-4-de-las-colonias-mas-antiguas-de-hermosillo\/#breadcrumb\"},\"inLanguage\":\"es\",\"potentialAction\":[{\"@type\":\"ReadAction\",\"target\":[\"https:\/\/www.sonoraenequipo.com.mx\/inicia-regularizacion-de-4-de-las-colonias-mas-antiguas-de-hermosillo\/\"]}]},{\"@type\":\"ImageObject\",\"inLanguage\":\"es\",\"@id\":\"https:\/\/www.sonoraenequipo.com.mx\/inicia-regularizacion-de-4-de-las-colonias-mas-antiguas-de-hermosillo\/#primaryimage\",\"url\":\"https:\/\/www.sonoraenequipo.com.mx\/storage\/2019\/05\/HMO130519.jpg\",\"contentUrl\":\"https:\/\/www.sonoraenequipo.com.mx\/storage\/2019\/05\/HMO130519.jpg\",\"width\":500,\"height\":333},{\"@type\":\"BreadcrumbList\",\"@id\":\"https:\/\/www.sonoraenequipo.com.mx\/inicia-regularizacion-de-4-de-las-colonias-mas-antiguas-de-hermosillo\/#breadcrumb\",\"itemListElement\":[{\"@type\":\"ListItem\",\"position\":1,\"name\":\"Portada\",\"item\":\"https:\/\/www.sonoraenequipo.com.mx\/\"},{\"@type\":\"ListItem\",\"position\":2,\"name\":\"Inicia regularizaci\u00f3n de 4 de las colonias m\u00e1s antiguas de Hermosillo\"}]},{\"@type\":\"WebSite\",\"@id\":\"https:\/\/www.sonoraenequipo.com.mx\/#website\",\"url\":\"https:\/\/www.sonoraenequipo.com.mx\/\",\"name\":\"Sonora en Equipo.\",\"description\":\"Diario en l\u00ednea con Noticias desde Hermosillo, Sonora\",\"publisher\":{\"@id\":\"https:\/\/www.sonoraenequipo.com.mx\/#organization\"},\"potentialAction\":[{\"@type\":\"SearchAction\",\"target\":{\"@type\":\"EntryPoint\",\"urlTemplate\":\"https:\/\/www.sonoraenequipo.com.mx\/?s={search_term_string}\"},\"query-input\":{\"@type\":\"PropertyValueSpecification\",\"valueRequired\":true,\"valueName\":\"search_term_string\"}}],\"inLanguage\":\"es\"},{\"@type\":\"Organization\",\"@id\":\"https:\/\/www.sonoraenequipo.com.mx\/#organization\",\"name\":\"Sonoraenequipo.com.mx\",\"url\":\"https:\/\/www.sonoraenequipo.com.mx\/\",\"logo\":{\"@type\":\"ImageObject\",\"inLanguage\":\"es\",\"@id\":\"https:\/\/www.sonoraenequipo.com.mx\/#\/schema\/logo\/image\/\",\"url\":\"https:\/\/www.sonoraenequipo.com.mx\/storage\/2019\/01\/sonoraenequipo_opt.png\",\"contentUrl\":\"https:\/\/www.sonoraenequipo.com.mx\/storage\/2019\/01\/sonoraenequipo_opt.png\",\"width\":375,\"height\":125,\"caption\":\"Sonoraenequipo.com.mx\"},\"image\":{\"@id\":\"https:\/\/www.sonoraenequipo.com.mx\/#\/schema\/logo\/image\/\"},\"sameAs\":[\"https:\/\/www.facebook.com\/SonoraEE\/\",\"https:\/\/x.com\/sonoraenequipo\",\"https:\/\/www.youtube.com\/channel\/UC338nW-lPEYmJQs4ZABQ1SQ\"]},{\"@type\":\"Person\",\"@id\":\"https:\/\/www.sonoraenequipo.com.mx\/#\/schema\/person\/61a39de478a1763473ad55e8a95fddf6\",\"name\":\"enequipo\",\"image\":{\"@type\":\"ImageObject\",\"inLanguage\":\"es\",\"@id\":\"https:\/\/www.sonoraenequipo.com.mx\/#\/schema\/person\/image\/\",\"url\":\"https:\/\/secure.gravatar.com\/avatar\/e39bc3016d8af598aed3d770c9510dfc2795f37ea1733d99fcc6e97d2c3c9f5e?s=96&d=blank&r=g\",\"contentUrl\":\"https:\/\/secure.gravatar.com\/avatar\/e39bc3016d8af598aed3d770c9510dfc2795f37ea1733d99fcc6e97d2c3c9f5e?s=96&d=blank&r=g\",\"caption\":\"enequipo\"}}]}<\/script>\n ","yoast_head_json":{"title":"Sonora en Equipo. Inicia regularizaci\u00f3n de 4 de las colonias m\u00e1s antiguas de Hermosillo Municipios","description":"HERMOSILLO, SONORA.- \u201cEstamos para servirles, con un gran compromiso social y una transformaci\u00f3n que nos obliga a dar lo mejor de nosotros mismos\u201d, afirm\u00f3 En Sonora en Equipo publicamos toda la informaci\u00f3n de Sonora, M\u00e9xico y el Mundo de manera oportuna y busca que la libertad de expresi\u00f3n sea real. Visita nuestro medio informativo publicado desde Hermosillo, Sonora. %","robots":{"index":"index","follow":"follow","max-snippet":"max-snippet:-1","max-image-preview":"max-image-preview:large","max-video-preview":"max-video-preview:-1"},"canonical":"https:\/\/www.sonoraenequipo.com.mx\/inicia-regularizacion-de-4-de-las-colonias-mas-antiguas-de-hermosillo\/","og_locale":"es_ES","og_type":"article","og_title":"Sonora en Equipo. Inicia regularizaci\u00f3n de 4 de las colonias m\u00e1s antiguas de Hermosillo Municipios","og_description":"HERMOSILLO, SONORA.- \u201cEstamos para servirles, con un gran compromiso social y una transformaci\u00f3n que nos obliga a dar lo mejor de nosotros mismos\u201d, afirm\u00f3 En Sonora en Equipo publicamos toda la informaci\u00f3n de Sonora, M\u00e9xico y el Mundo de manera oportuna y busca que la libertad de expresi\u00f3n sea real. Visita nuestro medio informativo publicado desde Hermosillo, Sonora. %","og_url":"https:\/\/www.sonoraenequipo.com.mx\/inicia-regularizacion-de-4-de-las-colonias-mas-antiguas-de-hermosillo\/","og_site_name":"Sonora en Equipo.","article_publisher":"https:\/\/www.facebook.com\/SonoraEE\/","article_published_time":"2019-05-13T22:20:07+00:00","article_modified_time":"2019-05-14T00:10:11+00:00","og_image":[{"width":500,"height":333,"url":"https:\/\/www.sonoraenequipo.com.mx\/storage\/2019\/05\/HMO130519.jpg","type":"image\/jpeg"}],"author":"enequipo","twitter_card":"summary_large_image","twitter_creator":"@sonoraenequipo","twitter_site":"@sonoraenequipo","twitter_misc":{"Escrito por":"enequipo","Tiempo de lectura":"2 minutos"},"schema":{"@context":"https:\/\/schema.org","@graph":[{"@type":"Article","@id":"https:\/\/www.sonoraenequipo.com.mx\/inicia-regularizacion-de-4-de-las-colonias-mas-antiguas-de-hermosillo\/#article","isPartOf":{"@id":"https:\/\/www.sonoraenequipo.com.mx\/inicia-regularizacion-de-4-de-las-colonias-mas-antiguas-de-hermosillo\/"},"author":{"name":"enequipo","@id":"https:\/\/www.sonoraenequipo.com.mx\/#\/schema\/person\/61a39de478a1763473ad55e8a95fddf6"},"headline":"Inicia regularizaci\u00f3n de 4 de las colonias m\u00e1s antiguas de Hermosillo","datePublished":"2019-05-13T22:20:07+00:00","dateModified":"2019-05-14T00:10:11+00:00","mainEntityOfPage":{"@id":"https:\/\/www.sonoraenequipo.com.mx\/inicia-regularizacion-de-4-de-las-colonias-mas-antiguas-de-hermosillo\/"},"wordCount":418,"commentCount":0,"publisher":{"@id":"https:\/\/www.sonoraenequipo.com.mx\/#organization"},"image":{"@id":"https:\/\/www.sonoraenequipo.com.mx\/inicia-regularizacion-de-4-de-las-colonias-mas-antiguas-de-hermosillo\/#primaryimage"},"thumbnailUrl":"https:\/\/www.sonoraenequipo.com.mx\/storage\/2019\/05\/HMO130519.jpg","articleSection":["Municipios"],"inLanguage":"es","potentialAction":[{"@type":"CommentAction","name":"Comment","target":["https:\/\/www.sonoraenequipo.com.mx\/inicia-regularizacion-de-4-de-las-colonias-mas-antiguas-de-hermosillo\/#respond"]}]},{"@type":"WebPage","@id":"https:\/\/www.sonoraenequipo.com.mx\/inicia-regularizacion-de-4-de-las-colonias-mas-antiguas-de-hermosillo\/","url":"https:\/\/www.sonoraenequipo.com.mx\/inicia-regularizacion-de-4-de-las-colonias-mas-antiguas-de-hermosillo\/","name":"Sonora en Equipo. Inicia regularizaci\u00f3n de 4 de las colonias m\u00e1s antiguas de Hermosillo Municipios","isPartOf":{"@id":"https:\/\/www.sonoraenequipo.com.mx\/#website"},"primaryImageOfPage":{"@id":"https:\/\/www.sonoraenequipo.com.mx\/inicia-regularizacion-de-4-de-las-colonias-mas-antiguas-de-hermosillo\/#primaryimage"},"image":{"@id":"https:\/\/www.sonoraenequipo.com.mx\/inicia-regularizacion-de-4-de-las-colonias-mas-antiguas-de-hermosillo\/#primaryimage"},"thumbnailUrl":"https:\/\/www.sonoraenequipo.com.mx\/storage\/2019\/05\/HMO130519.jpg","datePublished":"2019-05-13T22:20:07+00:00","dateModified":"2019-05-14T00:10:11+00:00","description":"HERMOSILLO, SONORA.- \u201cEstamos para servirles, con un gran compromiso social y una transformaci\u00f3n que nos obliga a dar lo mejor de nosotros mismos\u201d, afirm\u00f3 En Sonora en Equipo publicamos toda la informaci\u00f3n de Sonora, M\u00e9xico y el Mundo de manera oportuna y busca que la libertad de expresi\u00f3n sea real. Visita nuestro medio informativo publicado desde Hermosillo, Sonora. %","breadcrumb":{"@id":"https:\/\/www.sonoraenequipo.com.mx\/inicia-regularizacion-de-4-de-las-colonias-mas-antiguas-de-hermosillo\/#breadcrumb"},"inLanguage":"es","potentialAction":[{"@type":"ReadAction","target":["https:\/\/www.sonoraenequipo.com.mx\/inicia-regularizacion-de-4-de-las-colonias-mas-antiguas-de-hermosillo\/"]}]},{"@type":"ImageObject","inLanguage":"es","@id":"https:\/\/www.sonoraenequipo.com.mx\/inicia-regularizacion-de-4-de-las-colonias-mas-antiguas-de-hermosillo\/#primaryimage","url":"https:\/\/www.sonoraenequipo.com.mx\/storage\/2019\/05\/HMO130519.jpg","contentUrl":"https:\/\/www.sonoraenequipo.com.mx\/storage\/2019\/05\/HMO130519.jpg","width":500,"height":333},{"@type":"BreadcrumbList","@id":"https:\/\/www.sonoraenequipo.com.mx\/inicia-regularizacion-de-4-de-las-colonias-mas-antiguas-de-hermosillo\/#breadcrumb","itemListElement":[{"@type":"ListItem","position":1,"name":"Portada","item":"https:\/\/www.sonoraenequipo.com.mx\/"},{"@type":"ListItem","position":2,"name":"Inicia regularizaci\u00f3n de 4 de las colonias m\u00e1s antiguas de Hermosillo"}]},{"@type":"WebSite","@id":"https:\/\/www.sonoraenequipo.com.mx\/#website","url":"https:\/\/www.sonoraenequipo.com.mx\/","name":"Sonora en Equipo.","description":"Diario en l\u00ednea con Noticias desde Hermosillo, Sonora","publisher":{"@id":"https:\/\/www.sonoraenequipo.com.mx\/#organization"},"potentialAction":[{"@type":"SearchAction","target":{"@type":"EntryPoint","urlTemplate":"https:\/\/www.sonoraenequipo.com.mx\/?s={search_term_string}"},"query-input":{"@type":"PropertyValueSpecification","valueRequired":true,"valueName":"search_term_string"}}],"inLanguage":"es"},{"@type":"Organization","@id":"https:\/\/www.sonoraenequipo.com.mx\/#organization","name":"Sonoraenequipo.com.mx","url":"https:\/\/www.sonoraenequipo.com.mx\/","logo":{"@type":"ImageObject","inLanguage":"es","@id":"https:\/\/www.sonoraenequipo.com.mx\/#\/schema\/logo\/image\/","url":"https:\/\/www.sonoraenequipo.com.mx\/storage\/2019\/01\/sonoraenequipo_opt.png","contentUrl":"https:\/\/www.sonoraenequipo.com.mx\/storage\/2019\/01\/sonoraenequipo_opt.png","width":375,"height":125,"caption":"Sonoraenequipo.com.mx"},"image":{"@id":"https:\/\/www.sonoraenequipo.com.mx\/#\/schema\/logo\/image\/"},"sameAs":["https:\/\/www.facebook.com\/SonoraEE\/","https:\/\/x.com\/sonoraenequipo","https:\/\/www.youtube.com\/channel\/UC338nW-lPEYmJQs4ZABQ1SQ"]},{"@type":"Person","@id":"https:\/\/www.sonoraenequipo.com.mx\/#\/schema\/person\/61a39de478a1763473ad55e8a95fddf6","name":"enequipo","image":{"@type":"ImageObject","inLanguage":"es","@id":"https:\/\/www.sonoraenequipo.com.mx\/#\/schema\/person\/image\/","url":"https:\/\/secure.gravatar.com\/avatar\/e39bc3016d8af598aed3d770c9510dfc2795f37ea1733d99fcc6e97d2c3c9f5e?s=96&d=blank&r=g","contentUrl":"https:\/\/secure.gravatar.com\/avatar\/e39bc3016d8af598aed3d770c9510dfc2795f37ea1733d99fcc6e97d2c3c9f5e?s=96&d=blank&r=g","caption":"enequipo"}}]}},"jetpack_featured_media_url":"https:\/\/www.sonoraenequipo.com.mx\/storage\/2019\/05\/HMO130519.jpg","_links":{"self":[{"href":"https:\/\/www.sonoraenequipo.com.mx\/api\/wp\/v2\/posts\/60152","targetHints":{"allow":["GET"]}}],"collection":[{"href":"https:\/\/www.sonoraenequipo.com.mx\/api\/wp\/v2\/posts"}],"about":[{"href":"https:\/\/www.sonoraenequipo.com.mx\/api\/wp\/v2\/types\/post"}],"author":[{"embeddable":true,"href":"https:\/\/www.sonoraenequipo.com.mx\/api\/wp\/v2\/users\/178"}],"replies":[{"embeddable":true,"href":"https:\/\/www.sonoraenequipo.com.mx\/api\/wp\/v2\/comments?post=60152"}],"version-history":[{"count":0,"href":"https:\/\/www.sonoraenequipo.com.mx\/api\/wp\/v2\/posts\/60152\/revisions"}],"wp:featuredmedia":[{"embeddable":true,"href":"https:\/\/www.sonoraenequipo.com.mx\/api\/wp\/v2\/media\/60153"}],"wp:attachment":[{"href":"https:\/\/www.sonoraenequipo.com.mx\/api\/wp\/v2\/media?parent=60152"}],"wp:term":[{"taxonomy":"category","embeddable":true,"href":"https:\/\/www.sonoraenequipo.com.mx\/api\/wp\/v2\/categories?post=60152"},{"taxonomy":"post_tag","embeddable":true,"href":"https:\/\/www.sonoraenequipo.com.mx\/api\/wp\/v2\/tags?post=60152"}],"curies":[{"name":"wp","href":"https:\/\/api.w.org\/{rel}","templated":true}]}}